{"id":8192,"date":"2023-12-11T01:03:21","date_gmt":"2023-12-11T04:03:21","guid":{"rendered":"https:\/\/apuntesdesanluis.com\/?p=8192"},"modified":"2023-12-11T01:05:50","modified_gmt":"2023-12-11T04:05:50","slug":"poggi-removio-funcionarios-de-la-gestion-anterior-y-nombro-otros-propios","status":"publish","type":"post","link":"https:\/\/apuntesdesanluis.com\/index.php\/2023\/12\/11\/poggi-removio-funcionarios-de-la-gestion-anterior-y-nombro-otros-propios\/","title":{"rendered":"POGGI REMOVI\u00d3 FUNCIONARIOS DE LA GESTI\u00d3N ANTERIOR Y NOMBR\u00d3 OTROS PROPIOS"},"content":{"rendered":"<h3>Se trata de personal que estaba dentro del organigrama y otros agentes fuera de escala de alta jerarqu\u00eda, inform\u00f3 escuetamente la Agencia de Noticias San Luis.<\/h3>\n<h3>Sin dar mayores precisiones, la noticia que se difundi\u00f3 agrega que \u201cel gobernador de la provincia dej\u00f3 sin efecto todos los cargos que se ven\u00edan desempe\u00f1ando hasta el momento de su asunci\u00f3n. Eso incluye a los funcionarios que se encontraban dentro del organigrama y a una cantidad muy importante de funcionarios fuera de escala, con jerarqu\u00eda de ministros, jefes de programa, subprograma y \u00e1reas que se encontraban cobrando sueldos de la administraci\u00f3n p\u00fablica provincial\u201d.<\/h3>\n<h3>Tras la toma de juramento a sus ministros, el gobernador Claudio Poggi mantuvo su primera reuni\u00f3n de gabinete, aproximadamente a las 15:00 h, ocasi\u00f3n en la que les adelant\u00f3 algunas decisiones y distribuy\u00f3 instrucciones a cada uno.<\/h3>\n<h3>Ante la carencia de un proceso de transici\u00f3n ordenada, les habr\u00eda solicitado a cada uno que se presenten en sus lugares de trabajo, dialoguen con los empleados y recaben toda la informaci\u00f3n posible, para luego elevarle a m\u00e1s tardar en una semana, un \u201cinforme de situaci\u00f3n\u201d.<\/h3>\n<h3><strong>NUEVAS DESIGNACIONES<\/strong><\/h3>\n<h3>Por otro lado, se inform\u00f3 oficialmente que el gobernador Claudio Poggi firm\u00f3 el decreto de designaci\u00f3n de <strong>Pablo Alejandro Vieytes<\/strong> como nuevo jefe de la Polic\u00eda de San Luis y de <strong>Karina Lorena Mantelli<\/strong> como titular del Servicio Penitenciario Provincial.<\/h3>\n<h3>Fue precisamente durante la reuni\u00f3n de gabinete que encabez\u00f3 en la tarde de este domingo, minutos despu\u00e9s de tomar juramento a los nuevos ministros y secretarios. De esta manera, el primer mandatario ya puso en funciones a las autoridades que eligi\u00f3 para estas dos \u00e1reas sensibles que tienen que ver con la seguridad.<\/h3>\n<h3>Vieytes, que tiene el rango de Comisario General, ocup\u00f3 entre otros cargos dentro de la fuerza el de titular de la Comisar\u00eda Primera de San Luis, luego fue subjefe del Departamento Judicial y Director general de Asuntos Internos. Actualmente tambi\u00e9n se desempe\u00f1a como tesorero del C\u00edrculo de Oficiales de la Polic\u00eda provincial.<\/h3>\n<h3>Mantelli, por su parte, es abogada y particip\u00f3 en esa condici\u00f3n en varios juicios resonantes que se llevaron a cabo en San Luis en los \u00faltimos a\u00f1os.<\/h3>\n<h3>Adem\u00e1s de estas designaciones, y aunque a\u00fan no se ha dado a conocer oficialmente, <span style=\"color: #000000;\"><strong>Apuntes de San Luis<\/strong><\/span> pudo confirmar de una fuente inobjetable que el ex diputado provincial y ex presidente de la Convenci\u00f3n Radical, el <strong>Dr. Roberto Pagano<\/strong>, ser\u00eda nombrado en las pr\u00f3ximas horas como Director de Asuntos Jur\u00eddicos del Ministerio de Hacienda e Infraestructura P\u00fablica, que encabeza N\u00e9stor Ord\u00f3\u00f1ez.<\/h3>\n<p>&nbsp;<\/p>\n<p>&nbsp;<\/p>\n<p>&nbsp;<\/p>\n","protected":false},"excerpt":{"rendered":"<p>Se trata de personal que estaba dentro del organigrama y otros agentes fuera de escala&#8230;<\/p>\n","protected":false},"author":1,"featured_media":8193,"comment_status":"closed","ping_status":"closed","sticky":false,"template":"","format":"standard","meta":{"footnotes":""},"categories":[6],"tags":[],"class_list":["post-8192","post","type-post","status-publish","format-standard","has-post-thumbnail","hentry","category-ciudad-provincia"],"yoast_head":"<!-- This site is optimized with the Yoast SEO plugin v26.1.1 - https:\/\/yoast.com\/wordpress\/plugins\/seo\/ -->\n<title>POGGI REMOVI\u00d3 FUNCIONARIOS DE LA GESTI\u00d3N ANTERIOR Y NOMBR\u00d3 OTROS PROPIOS - Apuntes de San Luis<\/title>\n<meta name=\"robots\" content=\"index, follow, max-snippet:-1, max-image-preview:large, max-video-preview:-1\" \/>\n<link rel=\"canonical\" href=\"https:\/\/apuntesdesanluis.com\/index.php\/2023\/12\/11\/poggi-removio-funcionarios-de-la-gestion-anterior-y-nombro-otros-propios\/\" \/>\n<meta property=\"og:locale\" content=\"es_ES\" \/>\n<meta property=\"og:type\" content=\"article\" \/>\n<meta property=\"og:title\" content=\"POGGI REMOVI\u00d3 FUNCIONARIOS DE LA GESTI\u00d3N ANTERIOR Y NOMBR\u00d3 OTROS PROPIOS - Apuntes de San Luis\" \/>\n<meta property=\"og:description\" content=\"Se trata de personal que estaba dentro del organigrama y otros agentes fuera de escala...\" \/>\n<meta property=\"og:url\" content=\"https:\/\/apuntesdesanluis.com\/index.php\/2023\/12\/11\/poggi-removio-funcionarios-de-la-gestion-anterior-y-nombro-otros-propios\/\" \/>\n<meta property=\"og:site_name\" content=\"Apuntes de San Luis\" \/>\n<meta property=\"article:published_time\" content=\"2023-12-11T04:03:21+00:00\" \/>\n<meta property=\"article:modified_time\" content=\"2023-12-11T04:05:50+00:00\" \/>\n<meta property=\"og:image\" content=\"https:\/\/apuntesdesanluis.com\/wp-content\/uploads\/2023\/12\/gabinete.png\" \/>\n\t<meta property=\"og:image:width\" content=\"838\" \/>\n\t<meta property=\"og:image:height\" content=\"490\" \/>\n\t<meta property=\"og:image:type\" content=\"image\/png\" \/>\n<meta name=\"author\" content=\"apuntesdesanluis.com\" \/>\n<meta name=\"twitter:card\" content=\"summary_large_image\" \/>\n<meta name=\"twitter:label1\" content=\"Escrito por\" \/>\n\t<meta name=\"twitter:data1\" content=\"apuntesdesanluis.com\" \/>\n\t<meta name=\"twitter:label2\" content=\"Tiempo de lectura\" \/>\n\t<meta name=\"twitter:data2\" content=\"2 minutos\" \/>\n<script type=\"application\/ld+json\" class=\"yoast-schema-graph\">{\"@context\":\"https:\/\/schema.org\",\"@graph\":[{\"@type\":\"Article\",\"@id\":\"https:\/\/apuntesdesanluis.com\/index.php\/2023\/12\/11\/poggi-removio-funcionarios-de-la-gestion-anterior-y-nombro-otros-propios\/#article\",\"isPartOf\":{\"@id\":\"https:\/\/apuntesdesanluis.com\/index.php\/2023\/12\/11\/poggi-removio-funcionarios-de-la-gestion-anterior-y-nombro-otros-propios\/\"},\"author\":{\"name\":\"apuntesdesanluis.com\",\"@id\":\"https:\/\/apuntesdesanluis.com\/#\/schema\/person\/b55151d52296fcce64d1a72538a70b90\"},\"headline\":\"POGGI REMOVI\u00d3 FUNCIONARIOS DE LA GESTI\u00d3N ANTERIOR Y NOMBR\u00d3 OTROS PROPIOS\",\"datePublished\":\"2023-12-11T04:03:21+00:00\",\"dateModified\":\"2023-12-11T04:05:50+00:00\",\"mainEntityOfPage\":{\"@id\":\"https:\/\/apuntesdesanluis.com\/index.php\/2023\/12\/11\/poggi-removio-funcionarios-de-la-gestion-anterior-y-nombro-otros-propios\/\"},\"wordCount\":467,\"publisher\":{\"@id\":\"https:\/\/apuntesdesanluis.com\/#\/schema\/person\/b55151d52296fcce64d1a72538a70b90\"},\"image\":{\"@id\":\"https:\/\/apuntesdesanluis.com\/index.php\/2023\/12\/11\/poggi-removio-funcionarios-de-la-gestion-anterior-y-nombro-otros-propios\/#primaryimage\"},\"thumbnailUrl\":\"https:\/\/apuntesdesanluis.com\/wp-content\/uploads\/2023\/12\/gabinete.png\",\"articleSection\":[\"Ciudad\/Provincia\"],\"inLanguage\":\"es-AR\"},{\"@type\":\"WebPage\",\"@id\":\"https:\/\/apuntesdesanluis.com\/index.php\/2023\/12\/11\/poggi-removio-funcionarios-de-la-gestion-anterior-y-nombro-otros-propios\/\",\"url\":\"https:\/\/apuntesdesanluis.com\/index.php\/2023\/12\/11\/poggi-removio-funcionarios-de-la-gestion-anterior-y-nombro-otros-propios\/\",\"name\":\"POGGI REMOVI\u00d3 FUNCIONARIOS DE LA GESTI\u00d3N ANTERIOR Y NOMBR\u00d3 OTROS PROPIOS - Apuntes de San Luis\",\"isPartOf\":{\"@id\":\"https:\/\/apuntesdesanluis.com\/#website\"},\"primaryImageOfPage\":{\"@id\":\"https:\/\/apuntesdesanluis.com\/index.php\/2023\/12\/11\/poggi-removio-funcionarios-de-la-gestion-anterior-y-nombro-otros-propios\/#primaryimage\"},\"image\":{\"@id\":\"https:\/\/apuntesdesanluis.com\/index.php\/2023\/12\/11\/poggi-removio-funcionarios-de-la-gestion-anterior-y-nombro-otros-propios\/#primaryimage\"},\"thumbnailUrl\":\"https:\/\/apuntesdesanluis.com\/wp-content\/uploads\/2023\/12\/gabinete.png\",\"datePublished\":\"2023-12-11T04:03:21+00:00\",\"dateModified\":\"2023-12-11T04:05:50+00:00\",\"breadcrumb\":{\"@id\":\"https:\/\/apuntesdesanluis.com\/index.php\/2023\/12\/11\/poggi-removio-funcionarios-de-la-gestion-anterior-y-nombro-otros-propios\/#breadcrumb\"},\"inLanguage\":\"es-AR\",\"potentialAction\":[{\"@type\":\"ReadAction\",\"target\":[\"https:\/\/apuntesdesanluis.com\/index.php\/2023\/12\/11\/poggi-removio-funcionarios-de-la-gestion-anterior-y-nombro-otros-propios\/\"]}]},{\"@type\":\"ImageObject\",\"inLanguage\":\"es-AR\",\"@id\":\"https:\/\/apuntesdesanluis.com\/index.php\/2023\/12\/11\/poggi-removio-funcionarios-de-la-gestion-anterior-y-nombro-otros-propios\/#primaryimage\",\"url\":\"https:\/\/apuntesdesanluis.com\/wp-content\/uploads\/2023\/12\/gabinete.png\",\"contentUrl\":\"https:\/\/apuntesdesanluis.com\/wp-content\/uploads\/2023\/12\/gabinete.png\",\"width\":838,\"height\":490},{\"@type\":\"BreadcrumbList\",\"@id\":\"https:\/\/apuntesdesanluis.com\/index.php\/2023\/12\/11\/poggi-removio-funcionarios-de-la-gestion-anterior-y-nombro-otros-propios\/#breadcrumb\",\"itemListElement\":[{\"@type\":\"ListItem\",\"position\":1,\"name\":\"Inicio\",\"item\":\"https:\/\/apuntesdesanluis.com\/\"},{\"@type\":\"ListItem\",\"position\":2,\"name\":\"POGGI REMOVI\u00d3 FUNCIONARIOS DE LA GESTI\u00d3N ANTERIOR Y NOMBR\u00d3 OTROS PROPIOS\"}]},{\"@type\":\"WebSite\",\"@id\":\"https:\/\/apuntesdesanluis.com\/#website\",\"url\":\"https:\/\/apuntesdesanluis.com\/\",\"name\":\"Apuntes de San Luis\",\"description\":\"\",\"publisher\":{\"@id\":\"https:\/\/apuntesdesanluis.com\/#\/schema\/person\/b55151d52296fcce64d1a72538a70b90\"},\"potentialAction\":[{\"@type\":\"SearchAction\",\"target\":{\"@type\":\"EntryPoint\",\"urlTemplate\":\"https:\/\/apuntesdesanluis.com\/?s={search_term_string}\"},\"query-input\":{\"@type\":\"PropertyValueSpecification\",\"valueRequired\":true,\"valueName\":\"search_term_string\"}}],\"inLanguage\":\"es-AR\"},{\"@type\":[\"Person\",\"Organization\"],\"@id\":\"https:\/\/apuntesdesanluis.com\/#\/schema\/person\/b55151d52296fcce64d1a72538a70b90\",\"name\":\"apuntesdesanluis.com\",\"image\":{\"@type\":\"ImageObject\",\"inLanguage\":\"es-AR\",\"@id\":\"https:\/\/apuntesdesanluis.com\/#\/schema\/person\/image\/\",\"url\":\"https:\/\/apuntesdesanluis.com\/wp-content\/uploads\/2023\/07\/cropped-apuntesdesanluis.png\",\"contentUrl\":\"https:\/\/apuntesdesanluis.com\/wp-content\/uploads\/2023\/07\/cropped-apuntesdesanluis.png\",\"width\":450,\"height\":112,\"caption\":\"apuntesdesanluis.com\"},\"logo\":{\"@id\":\"https:\/\/apuntesdesanluis.com\/#\/schema\/person\/image\/\"},\"sameAs\":[\"https:\/\/apuntesdesanluis.com\"],\"url\":\"https:\/\/apuntesdesanluis.com\/index.php\/author\/apuntesdesanluis-com\/\"}]}<\/script>\n<!-- \/ Yoast SEO plugin. -->","yoast_head_json":{"title":"POGGI REMOVI\u00d3 FUNCIONARIOS DE LA GESTI\u00d3N ANTERIOR Y NOMBR\u00d3 OTROS PROPIOS - Apuntes de San Luis","robots":{"index":"index","follow":"follow","max-snippet":"max-snippet:-1","max-image-preview":"max-image-preview:large","max-video-preview":"max-video-preview:-1"},"canonical":"https:\/\/apuntesdesanluis.com\/index.php\/2023\/12\/11\/poggi-removio-funcionarios-de-la-gestion-anterior-y-nombro-otros-propios\/","og_locale":"es_ES","og_type":"article","og_title":"POGGI REMOVI\u00d3 FUNCIONARIOS DE LA GESTI\u00d3N ANTERIOR Y NOMBR\u00d3 OTROS PROPIOS - Apuntes de San Luis","og_description":"Se trata de personal que estaba dentro del organigrama y otros agentes fuera de escala...","og_url":"https:\/\/apuntesdesanluis.com\/index.php\/2023\/12\/11\/poggi-removio-funcionarios-de-la-gestion-anterior-y-nombro-otros-propios\/","og_site_name":"Apuntes de San Luis","article_published_time":"2023-12-11T04:03:21+00:00","article_modified_time":"2023-12-11T04:05:50+00:00","og_image":[{"width":838,"height":490,"url":"https:\/\/apuntesdesanluis.com\/wp-content\/uploads\/2023\/12\/gabinete.png","type":"image\/png"}],"author":"apuntesdesanluis.com","twitter_card":"summary_large_image","twitter_misc":{"Escrito por":"apuntesdesanluis.com","Tiempo de lectura":"2 minutos"},"schema":{"@context":"https:\/\/schema.org","@graph":[{"@type":"Article","@id":"https:\/\/apuntesdesanluis.com\/index.php\/2023\/12\/11\/poggi-removio-funcionarios-de-la-gestion-anterior-y-nombro-otros-propios\/#article","isPartOf":{"@id":"https:\/\/apuntesdesanluis.com\/index.php\/2023\/12\/11\/poggi-removio-funcionarios-de-la-gestion-anterior-y-nombro-otros-propios\/"},"author":{"name":"apuntesdesanluis.com","@id":"https:\/\/apuntesdesanluis.com\/#\/schema\/person\/b55151d52296fcce64d1a72538a70b90"},"headline":"POGGI REMOVI\u00d3 FUNCIONARIOS DE LA GESTI\u00d3N ANTERIOR Y NOMBR\u00d3 OTROS PROPIOS","datePublished":"2023-12-11T04:03:21+00:00","dateModified":"2023-12-11T04:05:50+00:00","mainEntityOfPage":{"@id":"https:\/\/apuntesdesanluis.com\/index.php\/2023\/12\/11\/poggi-removio-funcionarios-de-la-gestion-anterior-y-nombro-otros-propios\/"},"wordCount":467,"publisher":{"@id":"https:\/\/apuntesdesanluis.com\/#\/schema\/person\/b55151d52296fcce64d1a72538a70b90"},"image":{"@id":"https:\/\/apuntesdesanluis.com\/index.php\/2023\/12\/11\/poggi-removio-funcionarios-de-la-gestion-anterior-y-nombro-otros-propios\/#primaryimage"},"thumbnailUrl":"https:\/\/apuntesdesanluis.com\/wp-content\/uploads\/2023\/12\/gabinete.png","articleSection":["Ciudad\/Provincia"],"inLanguage":"es-AR"},{"@type":"WebPage","@id":"https:\/\/apuntesdesanluis.com\/index.php\/2023\/12\/11\/poggi-removio-funcionarios-de-la-gestion-anterior-y-nombro-otros-propios\/","url":"https:\/\/apuntesdesanluis.com\/index.php\/2023\/12\/11\/poggi-removio-funcionarios-de-la-gestion-anterior-y-nombro-otros-propios\/","name":"POGGI REMOVI\u00d3 FUNCIONARIOS DE LA GESTI\u00d3N ANTERIOR Y NOMBR\u00d3 OTROS PROPIOS - Apuntes de San Luis","isPartOf":{"@id":"https:\/\/apuntesdesanluis.com\/#website"},"primaryImageOfPage":{"@id":"https:\/\/apuntesdesanluis.com\/index.php\/2023\/12\/11\/poggi-removio-funcionarios-de-la-gestion-anterior-y-nombro-otros-propios\/#primaryimage"},"image":{"@id":"https:\/\/apuntesdesanluis.com\/index.php\/2023\/12\/11\/poggi-removio-funcionarios-de-la-gestion-anterior-y-nombro-otros-propios\/#primaryimage"},"thumbnailUrl":"https:\/\/apuntesdesanluis.com\/wp-content\/uploads\/2023\/12\/gabinete.png","datePublished":"2023-12-11T04:03:21+00:00","dateModified":"2023-12-11T04:05:50+00:00","breadcrumb":{"@id":"https:\/\/apuntesdesanluis.com\/index.php\/2023\/12\/11\/poggi-removio-funcionarios-de-la-gestion-anterior-y-nombro-otros-propios\/#breadcrumb"},"inLanguage":"es-AR","potentialAction":[{"@type":"ReadAction","target":["https:\/\/apuntesdesanluis.com\/index.php\/2023\/12\/11\/poggi-removio-funcionarios-de-la-gestion-anterior-y-nombro-otros-propios\/"]}]},{"@type":"ImageObject","inLanguage":"es-AR","@id":"https:\/\/apuntesdesanluis.com\/index.php\/2023\/12\/11\/poggi-removio-funcionarios-de-la-gestion-anterior-y-nombro-otros-propios\/#primaryimage","url":"https:\/\/apuntesdesanluis.com\/wp-content\/uploads\/2023\/12\/gabinete.png","contentUrl":"https:\/\/apuntesdesanluis.com\/wp-content\/uploads\/2023\/12\/gabinete.png","width":838,"height":490},{"@type":"BreadcrumbList","@id":"https:\/\/apuntesdesanluis.com\/index.php\/2023\/12\/11\/poggi-removio-funcionarios-de-la-gestion-anterior-y-nombro-otros-propios\/#breadcrumb","itemListElement":[{"@type":"ListItem","position":1,"name":"Inicio","item":"https:\/\/apuntesdesanluis.com\/"},{"@type":"ListItem","position":2,"name":"POGGI REMOVI\u00d3 FUNCIONARIOS DE LA GESTI\u00d3N ANTERIOR Y NOMBR\u00d3 OTROS PROPIOS"}]},{"@type":"WebSite","@id":"https:\/\/apuntesdesanluis.com\/#website","url":"https:\/\/apuntesdesanluis.com\/","name":"Apuntes de San Luis","description":"","publisher":{"@id":"https:\/\/apuntesdesanluis.com\/#\/schema\/person\/b55151d52296fcce64d1a72538a70b90"},"potentialAction":[{"@type":"SearchAction","target":{"@type":"EntryPoint","urlTemplate":"https:\/\/apuntesdesanluis.com\/?s={search_term_string}"},"query-input":{"@type":"PropertyValueSpecification","valueRequired":true,"valueName":"search_term_string"}}],"inLanguage":"es-AR"},{"@type":["Person","Organization"],"@id":"https:\/\/apuntesdesanluis.com\/#\/schema\/person\/b55151d52296fcce64d1a72538a70b90","name":"apuntesdesanluis.com","image":{"@type":"ImageObject","inLanguage":"es-AR","@id":"https:\/\/apuntesdesanluis.com\/#\/schema\/person\/image\/","url":"https:\/\/apuntesdesanluis.com\/wp-content\/uploads\/2023\/07\/cropped-apuntesdesanluis.png","contentUrl":"https:\/\/apuntesdesanluis.com\/wp-content\/uploads\/2023\/07\/cropped-apuntesdesanluis.png","width":450,"height":112,"caption":"apuntesdesanluis.com"},"logo":{"@id":"https:\/\/apuntesdesanluis.com\/#\/schema\/person\/image\/"},"sameAs":["https:\/\/apuntesdesanluis.com"],"url":"https:\/\/apuntesdesanluis.com\/index.php\/author\/apuntesdesanluis-com\/"}]}},"featured_image_urls":{"full":["https:\/\/apuntesdesanluis.com\/wp-content\/uploads\/2023\/12\/gabinete.png",838,490,false],"thumbnail":["https:\/\/apuntesdesanluis.com\/wp-content\/uploads\/2023\/12\/gabinete-150x150.png",150,150,true],"medium":["https:\/\/apuntesdesanluis.com\/wp-content\/uploads\/2023\/12\/gabinete-300x175.png",300,175,true],"medium_large":["https:\/\/apuntesdesanluis.com\/wp-content\/uploads\/2023\/12\/gabinete-768x449.png",640,374,true],"large":["https:\/\/apuntesdesanluis.com\/wp-content\/uploads\/2023\/12\/gabinete.png",640,374,false],"1536x1536":["https:\/\/apuntesdesanluis.com\/wp-content\/uploads\/2023\/12\/gabinete.png",838,490,false],"2048x2048":["https:\/\/apuntesdesanluis.com\/wp-content\/uploads\/2023\/12\/gabinete.png",838,490,false],"newsever-slider-full":["https:\/\/apuntesdesanluis.com\/wp-content\/uploads\/2023\/12\/gabinete.png",838,490,false],"newsever-featured":["https:\/\/apuntesdesanluis.com\/wp-content\/uploads\/2023\/12\/gabinete.png",838,490,false],"newsever-medium":["https:\/\/apuntesdesanluis.com\/wp-content\/uploads\/2023\/12\/gabinete-720x475.png",720,475,true]},"author_info":{"display_name":"apuntesdesanluis.com","author_link":"https:\/\/apuntesdesanluis.com\/index.php\/author\/apuntesdesanluis-com\/"},"category_info":"<a href=\"https:\/\/apuntesdesanluis.com\/index.php\/category\/ciudad-provincia\/\" rel=\"category tag\">Ciudad\/Provincia<\/a>","tag_info":"Ciudad\/Provincia","comment_count":"0","_links":{"self":[{"href":"https:\/\/apuntesdesanluis.com\/index.php\/wp-json\/wp\/v2\/posts\/8192","targetHints":{"allow":["GET"]}}],"collection":[{"href":"https:\/\/apuntesdesanluis.com\/index.php\/wp-json\/wp\/v2\/posts"}],"about":[{"href":"https:\/\/apuntesdesanluis.com\/index.php\/wp-json\/wp\/v2\/types\/post"}],"author":[{"embeddable":true,"href":"https:\/\/apuntesdesanluis.com\/index.php\/wp-json\/wp\/v2\/users\/1"}],"replies":[{"embeddable":true,"href":"https:\/\/apuntesdesanluis.com\/index.php\/wp-json\/wp\/v2\/comments?post=8192"}],"version-history":[{"count":3,"href":"https:\/\/apuntesdesanluis.com\/index.php\/wp-json\/wp\/v2\/posts\/8192\/revisions"}],"predecessor-version":[{"id":8196,"href":"https:\/\/apuntesdesanluis.com\/index.php\/wp-json\/wp\/v2\/posts\/8192\/revisions\/8196"}],"wp:featuredmedia":[{"embeddable":true,"href":"https:\/\/apuntesdesanluis.com\/index.php\/wp-json\/wp\/v2\/media\/8193"}],"wp:attachment":[{"href":"https:\/\/apuntesdesanluis.com\/index.php\/wp-json\/wp\/v2\/media?parent=8192"}],"wp:term":[{"taxonomy":"category","embeddable":true,"href":"https:\/\/apuntesdesanluis.com\/index.php\/wp-json\/wp\/v2\/categories?post=8192"},{"taxonomy":"post_tag","embeddable":true,"href":"https:\/\/apuntesdesanluis.com\/index.php\/wp-json\/wp\/v2\/tags?post=8192"}],"curies":[{"name":"wp","href":"https:\/\/api.w.org\/{rel}","templated":true}]}}