{"id":8203,"date":"2023-12-12T14:10:46","date_gmt":"2023-12-12T17:10:46","guid":{"rendered":"https:\/\/apuntesdesanluis.com\/?p=8203"},"modified":"2023-12-12T14:10:46","modified_gmt":"2023-12-12T17:10:46","slug":"siguen-apareciendo-algunos-muertos-que-dejo-la-gestion-anterior-y-renuncio-mones-ruiz-a-su-cargo","status":"publish","type":"post","link":"https:\/\/apuntesdesanluis.com\/index.php\/2023\/12\/12\/siguen-apareciendo-algunos-muertos-que-dejo-la-gestion-anterior-y-renuncio-mones-ruiz-a-su-cargo\/","title":{"rendered":"SIGUEN APARECIENDO \u201cALGUNOS MUERTOS\u201d QUE DEJ\u00d3 LA GESTI\u00d3N ANTERIOR Y RENUNCI\u00d3 MONES RUIZ A SU CARGO"},"content":{"rendered":"<h3><strong>Claudio Poggi<\/strong> y la Secretaria general de la gobernaci\u00f3n, <strong>Romina Carbonell<\/strong>, mantuvieron un encuentro con <strong>N\u00e9stor Ord\u00f3\u00f1ez<\/strong>, el ministro de Hacienda y Obra P\u00fablica, quien inform\u00f3 sobre la dif\u00edcil situaci\u00f3n financiera que dej\u00f3 la administraci\u00f3n saliente. El jueves que viene, el gobernador le contar\u00e1 a la comunidad el delicado estado de las cuentas provinciales. Por otro lado, se supo que renunci\u00f3 al cargo de Asesor legal del Senado el ex vicegobernador <strong>Eduardo Mones Ruiz<\/strong>.<\/h3>\n<h3>Ante la nula transici\u00f3n entre la administraci\u00f3n que finaliz\u00f3 el pasado 9 de diciembre con la actual, y en l\u00ednea con el compromiso asumido ante la Asamblea Legislativa, en la que el gobernador Claudio Poggi expres\u00f3 que tanto \u00e9l como su equipo iban a realizar \u201cla transici\u00f3n con los mismos empleados p\u00fablicos, quienes me ayudar\u00e1n a conocer el estado de situaci\u00f3n de la administraci\u00f3n\u201d, el primer mandatario provincial mantuvo una reuni\u00f3n de trabajo junto a la Secretaria general de la gobernaci\u00f3n, Romina Carbonell, y el ministro de Hacienda y Obra P\u00fablica, N\u00e9stor Ordo\u00f1ez y funcionarios del \u00e1rea econ\u00f3mica.<\/h3>\n<p><img fetchpriority=\"high\" decoding=\"async\" class=\"wp-image-8205 aligncenter\" src=\"https:\/\/apuntesdesanluis.com\/wp-content\/uploads\/2023\/12\/poggi-y-carbonell-300x161.png\" alt=\"\" width=\"682\" height=\"366\" srcset=\"https:\/\/apuntesdesanluis.com\/wp-content\/uploads\/2023\/12\/poggi-y-carbonell-300x161.png 300w, https:\/\/apuntesdesanluis.com\/wp-content\/uploads\/2023\/12\/poggi-y-carbonell.png 600w\" sizes=\"(max-width: 682px) 100vw, 682px\" \/><\/p>\n<h3>Durante el encuentro pudieron tomar conocimiento de la grandiosa cantidad de compromisos firmados por la gesti\u00f3n anterior, antes del 10 de diciembre, y de los perjuicios que este accionar produce al estado actual de la administraci\u00f3n provincial.<\/h3>\n<h3>Estos encuentros de trabajo continuar\u00e1n a lo largo de la jornada, en la que se incluir\u00e1 a otras \u00e1reas de gobierno, con el objeto de poder analizar el estado de la administraci\u00f3n recibida y brindar el jueves pr\u00f3ximo un informe claro y contundente a la comunidad, tal como lo inform\u00f3 el propio gobernador.<\/h3>\n<h3><strong>ENDEIZA PAS\u00d3 LA MOTOSIERRA EN EL SENADO<\/strong><\/h3>\n<h3>En l\u00ednea con lo anunciado por el gobernador Claudio Poggi en el acto de asunci\u00f3n, dej\u00f3 sin efecto varios nombramientos pol\u00edticos que hab\u00eda hecho la administraci\u00f3n saliente para complicar a la nueva gesti\u00f3n. Se trata de personas que hab\u00edan quedado en la C\u00e1mara Alta sin necesidad ni operatividad funcional.<\/h3>\n<h3>El vicegobernador <strong>Ricardo Endeiza<\/strong>, en el marco de las pol\u00edticas de austeridad que emprende la provincia, dej\u00f3 sin efecto el nombramiento de 18 funcionarios de la C\u00e1mara de Senadores que se encontraban, sin necesidad ni operatividad funcional, enmarcados en la normativa que creaba 53 cargos de \u201cdirectores de comisi\u00f3n\u201d en la Legislatura.<\/h3>\n<p><img decoding=\"async\" class=\"wp-image-8206 aligncenter\" src=\"https:\/\/apuntesdesanluis.com\/wp-content\/uploads\/2023\/12\/endeiza-1-300x183.png\" alt=\"\" width=\"679\" height=\"414\" srcset=\"https:\/\/apuntesdesanluis.com\/wp-content\/uploads\/2023\/12\/endeiza-1-300x183.png 300w, https:\/\/apuntesdesanluis.com\/wp-content\/uploads\/2023\/12\/endeiza-1.png 600w\" sizes=\"(max-width: 679px) 100vw, 679px\" \/><\/p>\n<h3>La medida adoptada est\u00e1 en l\u00ednea con lo expresado por el gobernador Claudio Poggi, cuando ante la Asamblea Legislativa manifest\u00f3 que \u201ctenemos el desaf\u00edo de recuperar la confianza ciudadana en la pol\u00edtica, en las instituciones y en el sistema republicano de gobierno que elegimos para vivir como provincia y como naci\u00f3n. El \u00e1nimo de lo que fue la primavera democr\u00e1tica, parece haberse transformado en un sombr\u00edo invierno que tenemos la obligaci\u00f3n de revertir. En el \u00faltimo semestre de este a\u00f1o, se conocieron varios estudios cient\u00edficos basados en trabajos de campo sobre la tem\u00e1tica de satisfacci\u00f3n democr\u00e1tica. Y en todos ellos, se observan niveles alarmantes de insatisfacci\u00f3n con el sistema democr\u00e1tico.\u00a0 Existe la creencia fundada de que la clase pol\u00edtica tiene privilegios que no gozan el resto de los ciudadanos\u201d.<\/h3>\n<h3>Endeiza hab\u00eda advertido que no se iba a permitir privilegios en la Legislatura y en esa l\u00ednea ejecut\u00f3 la baja de un importante n\u00famero de nombramientos pol\u00edticos que no condicen con las medidas de eficiencia y austeridad que lleva adelante el gobierno.<\/h3>\n<h3>Quienes fueron echados de sus cargos son: Mar\u00eda Fernanda Barroso, Yamila Soledad Bustos, Juan Pablo Olgu\u00edn, N\u00e9stor Gabriel Fern\u00e1ndez, Sergio Alberto Men\u00e9ndez, Yanela Yn\u00e9s Ochoa, Gabriela Luciana Gaita, Elen Denis Escudero, Jord\u00e1n Josue Cornara, Juan Ram\u00f3n Aparicio, Miguel \u00c1ngel Camilli, Anal\u00eda Mercedes Alegri, Evangelina Del Valle Torres, Nadina Elena Cruz, Juan Jorge Baigorria, Narciso Rub\u00e9n S\u00e1nchez, Juan Pablo Carrizo y Valentina Morel.<\/h3>\n<h3>Apuntes de San Luis consult\u00f3 por la situaci\u00f3n del Vicegobernador Eduardo Mones Ruiz, que fue nombrado semanas atr\u00e1s Asesor legal del Senado, y la respuesta fue un tanto ir\u00f3nica: \u201cNo hizo falta, sigui\u00f3 la costumbre de renunciar despu\u00e9s de aceptar. Igual que hizo cuando acept\u00f3 ser miembro del Superior Tribunal y cuando vio que las papas queman dimiti\u00f3\u2026\u201d<\/h3>\n<p>&nbsp;<\/p>\n<p>&nbsp;<\/p>\n<p>&nbsp;<\/p>\n<p>&nbsp;<\/p>\n","protected":false},"excerpt":{"rendered":"<p>Claudio Poggi y la Secretaria general de la gobernaci\u00f3n, Romina Carbonell, mantuvieron un encuentro con&#8230;<\/p>\n","protected":false},"author":1,"featured_media":8204,"comment_status":"closed","ping_status":"closed","sticky":false,"template":"","format":"standard","meta":{"footnotes":""},"categories":[6],"tags":[],"class_list":["post-8203","post","type-post","status-publish","format-standard","has-post-thumbnail","hentry","category-ciudad-provincia"],"yoast_head":"<!-- This site is optimized with the Yoast SEO plugin v26.1.1 - https:\/\/yoast.com\/wordpress\/plugins\/seo\/ -->\n<title>SIGUEN APARECIENDO \u201cALGUNOS MUERTOS\u201d QUE DEJ\u00d3 LA GESTI\u00d3N ANTERIOR Y RENUNCI\u00d3 MONES RUIZ A SU CARGO - Apuntes de San Luis<\/title>\n<meta name=\"robots\" content=\"index, follow, max-snippet:-1, max-image-preview:large, max-video-preview:-1\" \/>\n<link rel=\"canonical\" href=\"https:\/\/apuntesdesanluis.com\/index.php\/2023\/12\/12\/siguen-apareciendo-algunos-muertos-que-dejo-la-gestion-anterior-y-renuncio-mones-ruiz-a-su-cargo\/\" \/>\n<meta property=\"og:locale\" content=\"es_ES\" \/>\n<meta property=\"og:type\" content=\"article\" \/>\n<meta property=\"og:title\" content=\"SIGUEN APARECIENDO \u201cALGUNOS MUERTOS\u201d QUE DEJ\u00d3 LA GESTI\u00d3N ANTERIOR Y RENUNCI\u00d3 MONES RUIZ A SU CARGO - Apuntes de San Luis\" \/>\n<meta property=\"og:description\" content=\"Claudio Poggi y la Secretaria general de la gobernaci\u00f3n, Romina Carbonell, mantuvieron un encuentro con...\" \/>\n<meta property=\"og:url\" content=\"https:\/\/apuntesdesanluis.com\/index.php\/2023\/12\/12\/siguen-apareciendo-algunos-muertos-que-dejo-la-gestion-anterior-y-renuncio-mones-ruiz-a-su-cargo\/\" \/>\n<meta property=\"og:site_name\" content=\"Apuntes de San Luis\" \/>\n<meta property=\"article:published_time\" content=\"2023-12-12T17:10:46+00:00\" \/>\n<meta property=\"og:image\" content=\"https:\/\/apuntesdesanluis.com\/wp-content\/uploads\/2023\/12\/poggi.png\" \/>\n\t<meta property=\"og:image:width\" content=\"600\" \/>\n\t<meta property=\"og:image:height\" content=\"315\" \/>\n\t<meta property=\"og:image:type\" content=\"image\/png\" \/>\n<meta name=\"author\" content=\"apuntesdesanluis.com\" \/>\n<meta name=\"twitter:card\" content=\"summary_large_image\" \/>\n<meta name=\"twitter:label1\" content=\"Escrito por\" \/>\n\t<meta name=\"twitter:data1\" content=\"apuntesdesanluis.com\" \/>\n\t<meta name=\"twitter:label2\" content=\"Tiempo de lectura\" \/>\n\t<meta name=\"twitter:data2\" content=\"4 minutos\" \/>\n<script type=\"application\/ld+json\" class=\"yoast-schema-graph\">{\"@context\":\"https:\/\/schema.org\",\"@graph\":[{\"@type\":\"Article\",\"@id\":\"https:\/\/apuntesdesanluis.com\/index.php\/2023\/12\/12\/siguen-apareciendo-algunos-muertos-que-dejo-la-gestion-anterior-y-renuncio-mones-ruiz-a-su-cargo\/#article\",\"isPartOf\":{\"@id\":\"https:\/\/apuntesdesanluis.com\/index.php\/2023\/12\/12\/siguen-apareciendo-algunos-muertos-que-dejo-la-gestion-anterior-y-renuncio-mones-ruiz-a-su-cargo\/\"},\"author\":{\"name\":\"apuntesdesanluis.com\",\"@id\":\"https:\/\/apuntesdesanluis.com\/#\/schema\/person\/b55151d52296fcce64d1a72538a70b90\"},\"headline\":\"SIGUEN APARECIENDO \u201cALGUNOS MUERTOS\u201d QUE DEJ\u00d3 LA GESTI\u00d3N ANTERIOR Y RENUNCI\u00d3 MONES RUIZ A SU CARGO\",\"datePublished\":\"2023-12-12T17:10:46+00:00\",\"mainEntityOfPage\":{\"@id\":\"https:\/\/apuntesdesanluis.com\/index.php\/2023\/12\/12\/siguen-apareciendo-algunos-muertos-que-dejo-la-gestion-anterior-y-renuncio-mones-ruiz-a-su-cargo\/\"},\"wordCount\":749,\"publisher\":{\"@id\":\"https:\/\/apuntesdesanluis.com\/#\/schema\/person\/b55151d52296fcce64d1a72538a70b90\"},\"image\":{\"@id\":\"https:\/\/apuntesdesanluis.com\/index.php\/2023\/12\/12\/siguen-apareciendo-algunos-muertos-que-dejo-la-gestion-anterior-y-renuncio-mones-ruiz-a-su-cargo\/#primaryimage\"},\"thumbnailUrl\":\"https:\/\/apuntesdesanluis.com\/wp-content\/uploads\/2023\/12\/poggi.png\",\"articleSection\":[\"Ciudad\/Provincia\"],\"inLanguage\":\"es-AR\"},{\"@type\":\"WebPage\",\"@id\":\"https:\/\/apuntesdesanluis.com\/index.php\/2023\/12\/12\/siguen-apareciendo-algunos-muertos-que-dejo-la-gestion-anterior-y-renuncio-mones-ruiz-a-su-cargo\/\",\"url\":\"https:\/\/apuntesdesanluis.com\/index.php\/2023\/12\/12\/siguen-apareciendo-algunos-muertos-que-dejo-la-gestion-anterior-y-renuncio-mones-ruiz-a-su-cargo\/\",\"name\":\"SIGUEN APARECIENDO \u201cALGUNOS MUERTOS\u201d QUE DEJ\u00d3 LA GESTI\u00d3N ANTERIOR Y RENUNCI\u00d3 MONES RUIZ A SU CARGO - Apuntes de San Luis\",\"isPartOf\":{\"@id\":\"https:\/\/apuntesdesanluis.com\/#website\"},\"primaryImageOfPage\":{\"@id\":\"https:\/\/apuntesdesanluis.com\/index.php\/2023\/12\/12\/siguen-apareciendo-algunos-muertos-que-dejo-la-gestion-anterior-y-renuncio-mones-ruiz-a-su-cargo\/#primaryimage\"},\"image\":{\"@id\":\"https:\/\/apuntesdesanluis.com\/index.php\/2023\/12\/12\/siguen-apareciendo-algunos-muertos-que-dejo-la-gestion-anterior-y-renuncio-mones-ruiz-a-su-cargo\/#primaryimage\"},\"thumbnailUrl\":\"https:\/\/apuntesdesanluis.com\/wp-content\/uploads\/2023\/12\/poggi.png\",\"datePublished\":\"2023-12-12T17:10:46+00:00\",\"breadcrumb\":{\"@id\":\"https:\/\/apuntesdesanluis.com\/index.php\/2023\/12\/12\/siguen-apareciendo-algunos-muertos-que-dejo-la-gestion-anterior-y-renuncio-mones-ruiz-a-su-cargo\/#breadcrumb\"},\"inLanguage\":\"es-AR\",\"potentialAction\":[{\"@type\":\"ReadAction\",\"target\":[\"https:\/\/apuntesdesanluis.com\/index.php\/2023\/12\/12\/siguen-apareciendo-algunos-muertos-que-dejo-la-gestion-anterior-y-renuncio-mones-ruiz-a-su-cargo\/\"]}]},{\"@type\":\"ImageObject\",\"inLanguage\":\"es-AR\",\"@id\":\"https:\/\/apuntesdesanluis.com\/index.php\/2023\/12\/12\/siguen-apareciendo-algunos-muertos-que-dejo-la-gestion-anterior-y-renuncio-mones-ruiz-a-su-cargo\/#primaryimage\",\"url\":\"https:\/\/apuntesdesanluis.com\/wp-content\/uploads\/2023\/12\/poggi.png\",\"contentUrl\":\"https:\/\/apuntesdesanluis.com\/wp-content\/uploads\/2023\/12\/poggi.png\",\"width\":600,\"height\":315},{\"@type\":\"BreadcrumbList\",\"@id\":\"https:\/\/apuntesdesanluis.com\/index.php\/2023\/12\/12\/siguen-apareciendo-algunos-muertos-que-dejo-la-gestion-anterior-y-renuncio-mones-ruiz-a-su-cargo\/#breadcrumb\",\"itemListElement\":[{\"@type\":\"ListItem\",\"position\":1,\"name\":\"Inicio\",\"item\":\"https:\/\/apuntesdesanluis.com\/\"},{\"@type\":\"ListItem\",\"position\":2,\"name\":\"SIGUEN APARECIENDO \u201cALGUNOS MUERTOS\u201d QUE DEJ\u00d3 LA GESTI\u00d3N ANTERIOR Y RENUNCI\u00d3 MONES RUIZ A SU CARGO\"}]},{\"@type\":\"WebSite\",\"@id\":\"https:\/\/apuntesdesanluis.com\/#website\",\"url\":\"https:\/\/apuntesdesanluis.com\/\",\"name\":\"Apuntes de San Luis\",\"description\":\"\",\"publisher\":{\"@id\":\"https:\/\/apuntesdesanluis.com\/#\/schema\/person\/b55151d52296fcce64d1a72538a70b90\"},\"potentialAction\":[{\"@type\":\"SearchAction\",\"target\":{\"@type\":\"EntryPoint\",\"urlTemplate\":\"https:\/\/apuntesdesanluis.com\/?s={search_term_string}\"},\"query-input\":{\"@type\":\"PropertyValueSpecification\",\"valueRequired\":true,\"valueName\":\"search_term_string\"}}],\"inLanguage\":\"es-AR\"},{\"@type\":[\"Person\",\"Organization\"],\"@id\":\"https:\/\/apuntesdesanluis.com\/#\/schema\/person\/b55151d52296fcce64d1a72538a70b90\",\"name\":\"apuntesdesanluis.com\",\"image\":{\"@type\":\"ImageObject\",\"inLanguage\":\"es-AR\",\"@id\":\"https:\/\/apuntesdesanluis.com\/#\/schema\/person\/image\/\",\"url\":\"https:\/\/apuntesdesanluis.com\/wp-content\/uploads\/2023\/07\/cropped-apuntesdesanluis.png\",\"contentUrl\":\"https:\/\/apuntesdesanluis.com\/wp-content\/uploads\/2023\/07\/cropped-apuntesdesanluis.png\",\"width\":450,\"height\":112,\"caption\":\"apuntesdesanluis.com\"},\"logo\":{\"@id\":\"https:\/\/apuntesdesanluis.com\/#\/schema\/person\/image\/\"},\"sameAs\":[\"https:\/\/apuntesdesanluis.com\"],\"url\":\"https:\/\/apuntesdesanluis.com\/index.php\/author\/apuntesdesanluis-com\/\"}]}<\/script>\n<!-- \/ Yoast SEO plugin. -->","yoast_head_json":{"title":"SIGUEN APARECIENDO \u201cALGUNOS MUERTOS\u201d QUE DEJ\u00d3 LA GESTI\u00d3N ANTERIOR Y RENUNCI\u00d3 MONES RUIZ A SU CARGO - Apuntes de San Luis","robots":{"index":"index","follow":"follow","max-snippet":"max-snippet:-1","max-image-preview":"max-image-preview:large","max-video-preview":"max-video-preview:-1"},"canonical":"https:\/\/apuntesdesanluis.com\/index.php\/2023\/12\/12\/siguen-apareciendo-algunos-muertos-que-dejo-la-gestion-anterior-y-renuncio-mones-ruiz-a-su-cargo\/","og_locale":"es_ES","og_type":"article","og_title":"SIGUEN APARECIENDO \u201cALGUNOS MUERTOS\u201d QUE DEJ\u00d3 LA GESTI\u00d3N ANTERIOR Y RENUNCI\u00d3 MONES RUIZ A SU CARGO - Apuntes de San Luis","og_description":"Claudio Poggi y la Secretaria general de la gobernaci\u00f3n, Romina Carbonell, mantuvieron un encuentro con...","og_url":"https:\/\/apuntesdesanluis.com\/index.php\/2023\/12\/12\/siguen-apareciendo-algunos-muertos-que-dejo-la-gestion-anterior-y-renuncio-mones-ruiz-a-su-cargo\/","og_site_name":"Apuntes de San Luis","article_published_time":"2023-12-12T17:10:46+00:00","og_image":[{"width":600,"height":315,"url":"https:\/\/apuntesdesanluis.com\/wp-content\/uploads\/2023\/12\/poggi.png","type":"image\/png"}],"author":"apuntesdesanluis.com","twitter_card":"summary_large_image","twitter_misc":{"Escrito por":"apuntesdesanluis.com","Tiempo de lectura":"4 minutos"},"schema":{"@context":"https:\/\/schema.org","@graph":[{"@type":"Article","@id":"https:\/\/apuntesdesanluis.com\/index.php\/2023\/12\/12\/siguen-apareciendo-algunos-muertos-que-dejo-la-gestion-anterior-y-renuncio-mones-ruiz-a-su-cargo\/#article","isPartOf":{"@id":"https:\/\/apuntesdesanluis.com\/index.php\/2023\/12\/12\/siguen-apareciendo-algunos-muertos-que-dejo-la-gestion-anterior-y-renuncio-mones-ruiz-a-su-cargo\/"},"author":{"name":"apuntesdesanluis.com","@id":"https:\/\/apuntesdesanluis.com\/#\/schema\/person\/b55151d52296fcce64d1a72538a70b90"},"headline":"SIGUEN APARECIENDO \u201cALGUNOS MUERTOS\u201d QUE DEJ\u00d3 LA GESTI\u00d3N ANTERIOR Y RENUNCI\u00d3 MONES RUIZ A SU CARGO","datePublished":"2023-12-12T17:10:46+00:00","mainEntityOfPage":{"@id":"https:\/\/apuntesdesanluis.com\/index.php\/2023\/12\/12\/siguen-apareciendo-algunos-muertos-que-dejo-la-gestion-anterior-y-renuncio-mones-ruiz-a-su-cargo\/"},"wordCount":749,"publisher":{"@id":"https:\/\/apuntesdesanluis.com\/#\/schema\/person\/b55151d52296fcce64d1a72538a70b90"},"image":{"@id":"https:\/\/apuntesdesanluis.com\/index.php\/2023\/12\/12\/siguen-apareciendo-algunos-muertos-que-dejo-la-gestion-anterior-y-renuncio-mones-ruiz-a-su-cargo\/#primaryimage"},"thumbnailUrl":"https:\/\/apuntesdesanluis.com\/wp-content\/uploads\/2023\/12\/poggi.png","articleSection":["Ciudad\/Provincia"],"inLanguage":"es-AR"},{"@type":"WebPage","@id":"https:\/\/apuntesdesanluis.com\/index.php\/2023\/12\/12\/siguen-apareciendo-algunos-muertos-que-dejo-la-gestion-anterior-y-renuncio-mones-ruiz-a-su-cargo\/","url":"https:\/\/apuntesdesanluis.com\/index.php\/2023\/12\/12\/siguen-apareciendo-algunos-muertos-que-dejo-la-gestion-anterior-y-renuncio-mones-ruiz-a-su-cargo\/","name":"SIGUEN APARECIENDO \u201cALGUNOS MUERTOS\u201d QUE DEJ\u00d3 LA GESTI\u00d3N ANTERIOR Y RENUNCI\u00d3 MONES RUIZ A SU CARGO - Apuntes de San Luis","isPartOf":{"@id":"https:\/\/apuntesdesanluis.com\/#website"},"primaryImageOfPage":{"@id":"https:\/\/apuntesdesanluis.com\/index.php\/2023\/12\/12\/siguen-apareciendo-algunos-muertos-que-dejo-la-gestion-anterior-y-renuncio-mones-ruiz-a-su-cargo\/#primaryimage"},"image":{"@id":"https:\/\/apuntesdesanluis.com\/index.php\/2023\/12\/12\/siguen-apareciendo-algunos-muertos-que-dejo-la-gestion-anterior-y-renuncio-mones-ruiz-a-su-cargo\/#primaryimage"},"thumbnailUrl":"https:\/\/apuntesdesanluis.com\/wp-content\/uploads\/2023\/12\/poggi.png","datePublished":"2023-12-12T17:10:46+00:00","breadcrumb":{"@id":"https:\/\/apuntesdesanluis.com\/index.php\/2023\/12\/12\/siguen-apareciendo-algunos-muertos-que-dejo-la-gestion-anterior-y-renuncio-mones-ruiz-a-su-cargo\/#breadcrumb"},"inLanguage":"es-AR","potentialAction":[{"@type":"ReadAction","target":["https:\/\/apuntesdesanluis.com\/index.php\/2023\/12\/12\/siguen-apareciendo-algunos-muertos-que-dejo-la-gestion-anterior-y-renuncio-mones-ruiz-a-su-cargo\/"]}]},{"@type":"ImageObject","inLanguage":"es-AR","@id":"https:\/\/apuntesdesanluis.com\/index.php\/2023\/12\/12\/siguen-apareciendo-algunos-muertos-que-dejo-la-gestion-anterior-y-renuncio-mones-ruiz-a-su-cargo\/#primaryimage","url":"https:\/\/apuntesdesanluis.com\/wp-content\/uploads\/2023\/12\/poggi.png","contentUrl":"https:\/\/apuntesdesanluis.com\/wp-content\/uploads\/2023\/12\/poggi.png","width":600,"height":315},{"@type":"BreadcrumbList","@id":"https:\/\/apuntesdesanluis.com\/index.php\/2023\/12\/12\/siguen-apareciendo-algunos-muertos-que-dejo-la-gestion-anterior-y-renuncio-mones-ruiz-a-su-cargo\/#breadcrumb","itemListElement":[{"@type":"ListItem","position":1,"name":"Inicio","item":"https:\/\/apuntesdesanluis.com\/"},{"@type":"ListItem","position":2,"name":"SIGUEN APARECIENDO \u201cALGUNOS MUERTOS\u201d QUE DEJ\u00d3 LA GESTI\u00d3N ANTERIOR Y RENUNCI\u00d3 MONES RUIZ A SU CARGO"}]},{"@type":"WebSite","@id":"https:\/\/apuntesdesanluis.com\/#website","url":"https:\/\/apuntesdesanluis.com\/","name":"Apuntes de San Luis","description":"","publisher":{"@id":"https:\/\/apuntesdesanluis.com\/#\/schema\/person\/b55151d52296fcce64d1a72538a70b90"},"potentialAction":[{"@type":"SearchAction","target":{"@type":"EntryPoint","urlTemplate":"https:\/\/apuntesdesanluis.com\/?s={search_term_string}"},"query-input":{"@type":"PropertyValueSpecification","valueRequired":true,"valueName":"search_term_string"}}],"inLanguage":"es-AR"},{"@type":["Person","Organization"],"@id":"https:\/\/apuntesdesanluis.com\/#\/schema\/person\/b55151d52296fcce64d1a72538a70b90","name":"apuntesdesanluis.com","image":{"@type":"ImageObject","inLanguage":"es-AR","@id":"https:\/\/apuntesdesanluis.com\/#\/schema\/person\/image\/","url":"https:\/\/apuntesdesanluis.com\/wp-content\/uploads\/2023\/07\/cropped-apuntesdesanluis.png","contentUrl":"https:\/\/apuntesdesanluis.com\/wp-content\/uploads\/2023\/07\/cropped-apuntesdesanluis.png","width":450,"height":112,"caption":"apuntesdesanluis.com"},"logo":{"@id":"https:\/\/apuntesdesanluis.com\/#\/schema\/person\/image\/"},"sameAs":["https:\/\/apuntesdesanluis.com"],"url":"https:\/\/apuntesdesanluis.com\/index.php\/author\/apuntesdesanluis-com\/"}]}},"featured_image_urls":{"full":["https:\/\/apuntesdesanluis.com\/wp-content\/uploads\/2023\/12\/poggi.png",600,315,false],"thumbnail":["https:\/\/apuntesdesanluis.com\/wp-content\/uploads\/2023\/12\/poggi-150x150.png",150,150,true],"medium":["https:\/\/apuntesdesanluis.com\/wp-content\/uploads\/2023\/12\/poggi-300x158.png",300,158,true],"medium_large":["https:\/\/apuntesdesanluis.com\/wp-content\/uploads\/2023\/12\/poggi.png",600,315,false],"large":["https:\/\/apuntesdesanluis.com\/wp-content\/uploads\/2023\/12\/poggi.png",600,315,false],"1536x1536":["https:\/\/apuntesdesanluis.com\/wp-content\/uploads\/2023\/12\/poggi.png",600,315,false],"2048x2048":["https:\/\/apuntesdesanluis.com\/wp-content\/uploads\/2023\/12\/poggi.png",600,315,false],"newsever-slider-full":["https:\/\/apuntesdesanluis.com\/wp-content\/uploads\/2023\/12\/poggi.png",600,315,false],"newsever-featured":["https:\/\/apuntesdesanluis.com\/wp-content\/uploads\/2023\/12\/poggi.png",600,315,false],"newsever-medium":["https:\/\/apuntesdesanluis.com\/wp-content\/uploads\/2023\/12\/poggi.png",600,315,false]},"author_info":{"display_name":"apuntesdesanluis.com","author_link":"https:\/\/apuntesdesanluis.com\/index.php\/author\/apuntesdesanluis-com\/"},"category_info":"<a href=\"https:\/\/apuntesdesanluis.com\/index.php\/category\/ciudad-provincia\/\" rel=\"category tag\">Ciudad\/Provincia<\/a>","tag_info":"Ciudad\/Provincia","comment_count":"0","_links":{"self":[{"href":"https:\/\/apuntesdesanluis.com\/index.php\/wp-json\/wp\/v2\/posts\/8203","targetHints":{"allow":["GET"]}}],"collection":[{"href":"https:\/\/apuntesdesanluis.com\/index.php\/wp-json\/wp\/v2\/posts"}],"about":[{"href":"https:\/\/apuntesdesanluis.com\/index.php\/wp-json\/wp\/v2\/types\/post"}],"author":[{"embeddable":true,"href":"https:\/\/apuntesdesanluis.com\/index.php\/wp-json\/wp\/v2\/users\/1"}],"replies":[{"embeddable":true,"href":"https:\/\/apuntesdesanluis.com\/index.php\/wp-json\/wp\/v2\/comments?post=8203"}],"version-history":[{"count":1,"href":"https:\/\/apuntesdesanluis.com\/index.php\/wp-json\/wp\/v2\/posts\/8203\/revisions"}],"predecessor-version":[{"id":8207,"href":"https:\/\/apuntesdesanluis.com\/index.php\/wp-json\/wp\/v2\/posts\/8203\/revisions\/8207"}],"wp:featuredmedia":[{"embeddable":true,"href":"https:\/\/apuntesdesanluis.com\/index.php\/wp-json\/wp\/v2\/media\/8204"}],"wp:attachment":[{"href":"https:\/\/apuntesdesanluis.com\/index.php\/wp-json\/wp\/v2\/media?parent=8203"}],"wp:term":[{"taxonomy":"category","embeddable":true,"href":"https:\/\/apuntesdesanluis.com\/index.php\/wp-json\/wp\/v2\/categories?post=8203"},{"taxonomy":"post_tag","embeddable":true,"href":"https:\/\/apuntesdesanluis.com\/index.php\/wp-json\/wp\/v2\/tags?post=8203"}],"curies":[{"name":"wp","href":"https:\/\/api.w.org\/{rel}","templated":true}]}}