{"id":8256,"date":"2023-12-12T19:54:23","date_gmt":"2023-12-12T22:54:23","guid":{"rendered":"https:\/\/apuntesdesanluis.com\/?p=8256"},"modified":"2023-12-12T19:54:23","modified_gmt":"2023-12-12T22:54:23","slug":"la-justicia-dio-el-si-y-boca-ya-tiene-fecha-para-realizar-las-elecciones-sera-el-domingo-17","status":"publish","type":"post","link":"https:\/\/apuntesdesanluis.com\/index.php\/2023\/12\/12\/la-justicia-dio-el-si-y-boca-ya-tiene-fecha-para-realizar-las-elecciones-sera-el-domingo-17\/","title":{"rendered":"LA JUSTICIA DIO EL S\u00cd Y BOCA YA TIENE FECHA PARA REALIZAR LAS ELECCIONES: SER\u00c1 EL DOMINGO 17"},"content":{"rendered":"<h3>El <strong>club Boca Juniors<\/strong> anunci\u00f3 por medio de sus redes sociales que el domingo 17 de diciembre se llevar\u00e1n a cabo las elecciones para determinar a las nuevas autoridades de la instituci\u00f3n despu\u00e9s de que la Justicia revocara la medida cautelar que suspendi\u00f3 los comicios del 3 del corriente mes.<\/h3>\n<h3>\u201cCon mucha satisfacci\u00f3n, Boca Juniors comunica a socios, socias e hinchas en general que este domingo 17 de diciembre, entre las 9 y 18 hs, se votar\u00e1 para elegir a las autoridades que gobernar\u00e1n el club hasta 2027\u201d, comunic\u00f3 el club en la red social X.<\/h3>\n<h3>Esta tarde, La Justicia revoc\u00f3 la medida cautelar que suspendi\u00f3 las elecciones presidenciales en Boca y los socios del club podr\u00edan votar este mes en lugar de esperar hasta el pr\u00f3ximo a\u00f1o para definir al nuevo mandam\u00e1s de la instituci\u00f3n.<\/h3>\n<h3>Lo novedoso de esta decisi\u00f3n de parte de la C\u00e1mara Civil fue que estar\u00edan habilitados para votar todos los socios que figuraban en el padr\u00f3n electoral, incluidos los pol\u00e9micos 13.000 de los que se quejaron Andr\u00e9s Ibarra y Mauricio Macri y que los llevaron a denunciar a la lista de Juan Rom\u00e1n Riquelme y Jorge Ameal.<\/h3>\n<h3><a href=\"https:\/\/twitter.com\/BocaJrsOficial\/status\/1734392590546371048?ref_src=twsrc%5Etfw%7Ctwcamp%5Etweetembed%7Ctwterm%5E1734392590546371048%7Ctwgr%5Ed51491caf26013570cc917a45d874fb9eaadb214%7Ctwcon%5Es1_&amp;ref_url=https%3A%2F%2Falpha-app.tadevel-cdn.com%2Fhostname%2Fnoticiasargentinas.com%2Fapi%2Fv1%2Fsandbox%2FPGJsb2NrcXVvdGUgY2xhc3M9InR3aXR0ZXItdHdlZXQiPjxwIGxhbmc9ImVzIiBkaXI9Imx0ciI2BQ29uIG11Y2hhIHNhdGlzZmFjY2nDs24sIEJvY2EgSnVuaW9ycyBjb211bmljYSBhIHNvY2lvcywgc29jaWFzIGUgaGluY2hhcyBlbiBnZW5lcmFsIHF1ZSBlc3RlIGRvbWluZ28gMTcgZGUgZGljaWVtYnJlLCBlbnRyZSBsYXMgOSB5IDE4IGhzLCBzZSB2b3RhcsOhIHBhcmEgZWxlZ2lyIGEgbGFzIGF1dG9yaWRhZGVzIHF1ZSBnb2Jlcm5hcsOhbiBlbCBjbHViIGhhc3RhIDIwMjcuPGJyPjxicj5QYXJhIGFqdXN0YXIgdG9kb3MgbG9zIGRldGFsbGVzIGRlIG9yZ2FuaXphY2nDs24sIGNvbW8gZWzigKYgPGEgaHJlZj0iaHR0cHM6Ly90LmNvL1lpZ0pQUDNTY1QiPnBpYy50d2l0dGVyLmNvbS9ZaWdKUFAzU2NUPC9hPjwvcD4mbWRhc2g7IEJvY2EgSnVuaW9ycyAoQEJvY2FKcnNPZmljaWFsKSA8YSBocmVmPSJodHRwczovL3R3aXR0ZXIuY29tL0JvY2FKcnNPZmljaWFsL3N0YXR1cy8xNzM0MzkyNTkwNTQ2MzcxMDQ4P3JlZl9zcmM9dHdzcmMlNUV0ZnciPkRlY2VtYmVyIDEyLCAyMDIzPC9hPjwvYmxvY2txdW90ZT4KPHNjcmlwdCBhc3luYyBzcmM9Imh0dHBzOi8vcGxhdGZvcm0udHdpdHRlci5jb20vd2lkZ2V0cy5qcyIgY2hhcnNldD0idXRmLTgiPjwvc2NyaXB0PgoK%3Fv%3D422c491b5738dbe7e1c04410a715b940s%3Df40e955f06dc51378385690690d91488\" target=\"_blank\" rel=\"noopener\"><img fetchpriority=\"high\" decoding=\"async\" class=\"wp-image-8257 aligncenter\" src=\"https:\/\/apuntesdesanluis.com\/wp-content\/uploads\/2023\/12\/boca-y-su-x-207x300.png\" alt=\"\" width=\"579\" height=\"839\" srcset=\"https:\/\/apuntesdesanluis.com\/wp-content\/uploads\/2023\/12\/boca-y-su-x-207x300.png 207w, https:\/\/apuntesdesanluis.com\/wp-content\/uploads\/2023\/12\/boca-y-su-x.png 563w\" sizes=\"(max-width: 579px) 100vw, 579px\" \/><\/a><\/h3>\n<h4 style=\"text-align: center;\"><em>X de Boca Juniors.<\/em><\/h4>\n<h3>\u201cLo expuesto implica que la alternativa procesal elegida por la parte actora para presentar su reclamo de ninguna manera constituye el marco id\u00f3neo para excluir a una masa de aproximadamente trece mil personas incluidas en el padr\u00f3n que -es relevante destacar- no han sido o\u00eddas\u201d, fue la respuesta de la Justicia.<\/h3>\n<h3>\u201cPara ajustar todos los detalles de organizaci\u00f3n, como el acondicionamiento de accesos, plateas, sectores de esparcimiento, espacios dedicados a la gastronom\u00eda y cuestiones log\u00edsticas, a fin de garantizar que la elecci\u00f3n del domingo sea una fiesta, la CD considera pertinente cancelar los festejos que iban a realizarse este 12\/12, en la Bombonera, con motivo del D\u00eda del Hincha de Boca\u201d, prosigui\u00f3 Boca en su comunicado, dando as\u00ed por postergada la celebraci\u00f3n de los hinchas en el estadio.<\/h3>\n<h3>QU\u00c9 PAS\u00d3 EN LAS \u00daLTIMAS SEMANAS<\/h3>\n<h3>La votaci\u00f3n en Boca estaba programada originalmente para el s\u00e1bado 2 de diciembre, pero se traslad\u00f3 al domingo 3 a solicitud de la DAIA. Esto se hizo para permitir que los socios de la colectividad jud\u00eda, que respetan el Shabat, tuvieran la oportunidad de participar en el proceso electoral.<\/h3>\n<h3>El 28 de noviembre, la jueza Alejandra Abrevaya emiti\u00f3 un fallo ordenando la suspensi\u00f3n de la votaci\u00f3n tras la denuncia presentada por Ibarra por supuestas irregularidades en el padr\u00f3n electoral.<\/h3>\n<h3>Despu\u00e9s de que el oficialismo, que se postul\u00f3 con la f\u00f3rmula Juan Rom\u00e1n Riquelme &#8211; Jorge Ameal, recusara a la magistrada, se design\u00f3 a la jueza Anal\u00eda Romero y posteriormente al juez Sebasti\u00e1n Font, y la causa regres\u00f3 a manos de Abrevaya por decisi\u00f3n de la C\u00e1mara Civil.<\/h3>\n","protected":false},"excerpt":{"rendered":"<p>El club Boca Juniors anunci\u00f3 por medio de sus redes sociales que el domingo 17&#8230;<\/p>\n","protected":false},"author":1,"featured_media":8258,"comment_status":"closed","ping_status":"closed","sticky":false,"template":"","format":"standard","meta":{"footnotes":""},"categories":[5],"tags":[],"class_list":["post-8256","post","type-post","status-publish","format-standard","has-post-thumbnail","hentry","category-nacionales-internacionales"],"yoast_head":"<!-- This site is optimized with the Yoast SEO plugin v26.1.1 - https:\/\/yoast.com\/wordpress\/plugins\/seo\/ -->\n<title>LA JUSTICIA DIO EL S\u00cd Y BOCA YA TIENE FECHA PARA REALIZAR LAS ELECCIONES: SER\u00c1 EL DOMINGO 17 - Apuntes de San Luis<\/title>\n<meta name=\"robots\" content=\"index, follow, max-snippet:-1, max-image-preview:large, max-video-preview:-1\" \/>\n<link rel=\"canonical\" href=\"https:\/\/apuntesdesanluis.com\/index.php\/2023\/12\/12\/la-justicia-dio-el-si-y-boca-ya-tiene-fecha-para-realizar-las-elecciones-sera-el-domingo-17\/\" \/>\n<meta property=\"og:locale\" content=\"es_ES\" \/>\n<meta property=\"og:type\" content=\"article\" \/>\n<meta property=\"og:title\" content=\"LA JUSTICIA DIO EL S\u00cd Y BOCA YA TIENE FECHA PARA REALIZAR LAS ELECCIONES: SER\u00c1 EL DOMINGO 17 - Apuntes de San Luis\" \/>\n<meta property=\"og:description\" content=\"El club Boca Juniors anunci\u00f3 por medio de sus redes sociales que el domingo 17...\" \/>\n<meta property=\"og:url\" content=\"https:\/\/apuntesdesanluis.com\/index.php\/2023\/12\/12\/la-justicia-dio-el-si-y-boca-ya-tiene-fecha-para-realizar-las-elecciones-sera-el-domingo-17\/\" \/>\n<meta property=\"og:site_name\" content=\"Apuntes de San Luis\" \/>\n<meta property=\"article:published_time\" content=\"2023-12-12T22:54:23+00:00\" \/>\n<meta property=\"og:image\" content=\"https:\/\/apuntesdesanluis.com\/wp-content\/uploads\/2023\/12\/riquelme-y-macri.png\" \/>\n\t<meta property=\"og:image:width\" content=\"600\" \/>\n\t<meta property=\"og:image:height\" content=\"351\" \/>\n\t<meta property=\"og:image:type\" content=\"image\/png\" \/>\n<meta name=\"author\" content=\"apuntesdesanluis.com\" \/>\n<meta name=\"twitter:card\" content=\"summary_large_image\" \/>\n<meta name=\"twitter:label1\" content=\"Escrito por\" \/>\n\t<meta name=\"twitter:data1\" content=\"apuntesdesanluis.com\" \/>\n\t<meta name=\"twitter:label2\" content=\"Tiempo de lectura\" \/>\n\t<meta name=\"twitter:data2\" content=\"3 minutos\" \/>\n<script type=\"application\/ld+json\" class=\"yoast-schema-graph\">{\"@context\":\"https:\/\/schema.org\",\"@graph\":[{\"@type\":\"Article\",\"@id\":\"https:\/\/apuntesdesanluis.com\/index.php\/2023\/12\/12\/la-justicia-dio-el-si-y-boca-ya-tiene-fecha-para-realizar-las-elecciones-sera-el-domingo-17\/#article\",\"isPartOf\":{\"@id\":\"https:\/\/apuntesdesanluis.com\/index.php\/2023\/12\/12\/la-justicia-dio-el-si-y-boca-ya-tiene-fecha-para-realizar-las-elecciones-sera-el-domingo-17\/\"},\"author\":{\"name\":\"apuntesdesanluis.com\",\"@id\":\"https:\/\/apuntesdesanluis.com\/#\/schema\/person\/b55151d52296fcce64d1a72538a70b90\"},\"headline\":\"LA JUSTICIA DIO EL S\u00cd Y BOCA YA TIENE FECHA PARA REALIZAR LAS ELECCIONES: SER\u00c1 EL DOMINGO 17\",\"datePublished\":\"2023-12-12T22:54:23+00:00\",\"mainEntityOfPage\":{\"@id\":\"https:\/\/apuntesdesanluis.com\/index.php\/2023\/12\/12\/la-justicia-dio-el-si-y-boca-ya-tiene-fecha-para-realizar-las-elecciones-sera-el-domingo-17\/\"},\"wordCount\":502,\"publisher\":{\"@id\":\"https:\/\/apuntesdesanluis.com\/#\/schema\/person\/b55151d52296fcce64d1a72538a70b90\"},\"image\":{\"@id\":\"https:\/\/apuntesdesanluis.com\/index.php\/2023\/12\/12\/la-justicia-dio-el-si-y-boca-ya-tiene-fecha-para-realizar-las-elecciones-sera-el-domingo-17\/#primaryimage\"},\"thumbnailUrl\":\"https:\/\/apuntesdesanluis.com\/wp-content\/uploads\/2023\/12\/riquelme-y-macri.png\",\"articleSection\":[\"Nacionales\/Internacionales\"],\"inLanguage\":\"es-AR\"},{\"@type\":\"WebPage\",\"@id\":\"https:\/\/apuntesdesanluis.com\/index.php\/2023\/12\/12\/la-justicia-dio-el-si-y-boca-ya-tiene-fecha-para-realizar-las-elecciones-sera-el-domingo-17\/\",\"url\":\"https:\/\/apuntesdesanluis.com\/index.php\/2023\/12\/12\/la-justicia-dio-el-si-y-boca-ya-tiene-fecha-para-realizar-las-elecciones-sera-el-domingo-17\/\",\"name\":\"LA JUSTICIA DIO EL S\u00cd Y BOCA YA TIENE FECHA PARA REALIZAR LAS ELECCIONES: SER\u00c1 EL DOMINGO 17 - Apuntes de San Luis\",\"isPartOf\":{\"@id\":\"https:\/\/apuntesdesanluis.com\/#website\"},\"primaryImageOfPage\":{\"@id\":\"https:\/\/apuntesdesanluis.com\/index.php\/2023\/12\/12\/la-justicia-dio-el-si-y-boca-ya-tiene-fecha-para-realizar-las-elecciones-sera-el-domingo-17\/#primaryimage\"},\"image\":{\"@id\":\"https:\/\/apuntesdesanluis.com\/index.php\/2023\/12\/12\/la-justicia-dio-el-si-y-boca-ya-tiene-fecha-para-realizar-las-elecciones-sera-el-domingo-17\/#primaryimage\"},\"thumbnailUrl\":\"https:\/\/apuntesdesanluis.com\/wp-content\/uploads\/2023\/12\/riquelme-y-macri.png\",\"datePublished\":\"2023-12-12T22:54:23+00:00\",\"breadcrumb\":{\"@id\":\"https:\/\/apuntesdesanluis.com\/index.php\/2023\/12\/12\/la-justicia-dio-el-si-y-boca-ya-tiene-fecha-para-realizar-las-elecciones-sera-el-domingo-17\/#breadcrumb\"},\"inLanguage\":\"es-AR\",\"potentialAction\":[{\"@type\":\"ReadAction\",\"target\":[\"https:\/\/apuntesdesanluis.com\/index.php\/2023\/12\/12\/la-justicia-dio-el-si-y-boca-ya-tiene-fecha-para-realizar-las-elecciones-sera-el-domingo-17\/\"]}]},{\"@type\":\"ImageObject\",\"inLanguage\":\"es-AR\",\"@id\":\"https:\/\/apuntesdesanluis.com\/index.php\/2023\/12\/12\/la-justicia-dio-el-si-y-boca-ya-tiene-fecha-para-realizar-las-elecciones-sera-el-domingo-17\/#primaryimage\",\"url\":\"https:\/\/apuntesdesanluis.com\/wp-content\/uploads\/2023\/12\/riquelme-y-macri.png\",\"contentUrl\":\"https:\/\/apuntesdesanluis.com\/wp-content\/uploads\/2023\/12\/riquelme-y-macri.png\",\"width\":600,\"height\":351},{\"@type\":\"BreadcrumbList\",\"@id\":\"https:\/\/apuntesdesanluis.com\/index.php\/2023\/12\/12\/la-justicia-dio-el-si-y-boca-ya-tiene-fecha-para-realizar-las-elecciones-sera-el-domingo-17\/#breadcrumb\",\"itemListElement\":[{\"@type\":\"ListItem\",\"position\":1,\"name\":\"Inicio\",\"item\":\"https:\/\/apuntesdesanluis.com\/\"},{\"@type\":\"ListItem\",\"position\":2,\"name\":\"LA JUSTICIA DIO EL S\u00cd Y BOCA YA TIENE FECHA PARA REALIZAR LAS ELECCIONES: SER\u00c1 EL DOMINGO 17\"}]},{\"@type\":\"WebSite\",\"@id\":\"https:\/\/apuntesdesanluis.com\/#website\",\"url\":\"https:\/\/apuntesdesanluis.com\/\",\"name\":\"Apuntes de San Luis\",\"description\":\"\",\"publisher\":{\"@id\":\"https:\/\/apuntesdesanluis.com\/#\/schema\/person\/b55151d52296fcce64d1a72538a70b90\"},\"potentialAction\":[{\"@type\":\"SearchAction\",\"target\":{\"@type\":\"EntryPoint\",\"urlTemplate\":\"https:\/\/apuntesdesanluis.com\/?s={search_term_string}\"},\"query-input\":{\"@type\":\"PropertyValueSpecification\",\"valueRequired\":true,\"valueName\":\"search_term_string\"}}],\"inLanguage\":\"es-AR\"},{\"@type\":[\"Person\",\"Organization\"],\"@id\":\"https:\/\/apuntesdesanluis.com\/#\/schema\/person\/b55151d52296fcce64d1a72538a70b90\",\"name\":\"apuntesdesanluis.com\",\"image\":{\"@type\":\"ImageObject\",\"inLanguage\":\"es-AR\",\"@id\":\"https:\/\/apuntesdesanluis.com\/#\/schema\/person\/image\/\",\"url\":\"https:\/\/apuntesdesanluis.com\/wp-content\/uploads\/2023\/07\/cropped-apuntesdesanluis.png\",\"contentUrl\":\"https:\/\/apuntesdesanluis.com\/wp-content\/uploads\/2023\/07\/cropped-apuntesdesanluis.png\",\"width\":450,\"height\":112,\"caption\":\"apuntesdesanluis.com\"},\"logo\":{\"@id\":\"https:\/\/apuntesdesanluis.com\/#\/schema\/person\/image\/\"},\"sameAs\":[\"https:\/\/apuntesdesanluis.com\"],\"url\":\"https:\/\/apuntesdesanluis.com\/index.php\/author\/apuntesdesanluis-com\/\"}]}<\/script>\n<!-- \/ Yoast SEO plugin. -->","yoast_head_json":{"title":"LA JUSTICIA DIO EL S\u00cd Y BOCA YA TIENE FECHA PARA REALIZAR LAS ELECCIONES: SER\u00c1 EL DOMINGO 17 - Apuntes de San Luis","robots":{"index":"index","follow":"follow","max-snippet":"max-snippet:-1","max-image-preview":"max-image-preview:large","max-video-preview":"max-video-preview:-1"},"canonical":"https:\/\/apuntesdesanluis.com\/index.php\/2023\/12\/12\/la-justicia-dio-el-si-y-boca-ya-tiene-fecha-para-realizar-las-elecciones-sera-el-domingo-17\/","og_locale":"es_ES","og_type":"article","og_title":"LA JUSTICIA DIO EL S\u00cd Y BOCA YA TIENE FECHA PARA REALIZAR LAS ELECCIONES: SER\u00c1 EL DOMINGO 17 - Apuntes de San Luis","og_description":"El club Boca Juniors anunci\u00f3 por medio de sus redes sociales que el domingo 17...","og_url":"https:\/\/apuntesdesanluis.com\/index.php\/2023\/12\/12\/la-justicia-dio-el-si-y-boca-ya-tiene-fecha-para-realizar-las-elecciones-sera-el-domingo-17\/","og_site_name":"Apuntes de San Luis","article_published_time":"2023-12-12T22:54:23+00:00","og_image":[{"width":600,"height":351,"url":"https:\/\/apuntesdesanluis.com\/wp-content\/uploads\/2023\/12\/riquelme-y-macri.png","type":"image\/png"}],"author":"apuntesdesanluis.com","twitter_card":"summary_large_image","twitter_misc":{"Escrito por":"apuntesdesanluis.com","Tiempo de lectura":"3 minutos"},"schema":{"@context":"https:\/\/schema.org","@graph":[{"@type":"Article","@id":"https:\/\/apuntesdesanluis.com\/index.php\/2023\/12\/12\/la-justicia-dio-el-si-y-boca-ya-tiene-fecha-para-realizar-las-elecciones-sera-el-domingo-17\/#article","isPartOf":{"@id":"https:\/\/apuntesdesanluis.com\/index.php\/2023\/12\/12\/la-justicia-dio-el-si-y-boca-ya-tiene-fecha-para-realizar-las-elecciones-sera-el-domingo-17\/"},"author":{"name":"apuntesdesanluis.com","@id":"https:\/\/apuntesdesanluis.com\/#\/schema\/person\/b55151d52296fcce64d1a72538a70b90"},"headline":"LA JUSTICIA DIO EL S\u00cd Y BOCA YA TIENE FECHA PARA REALIZAR LAS ELECCIONES: SER\u00c1 EL DOMINGO 17","datePublished":"2023-12-12T22:54:23+00:00","mainEntityOfPage":{"@id":"https:\/\/apuntesdesanluis.com\/index.php\/2023\/12\/12\/la-justicia-dio-el-si-y-boca-ya-tiene-fecha-para-realizar-las-elecciones-sera-el-domingo-17\/"},"wordCount":502,"publisher":{"@id":"https:\/\/apuntesdesanluis.com\/#\/schema\/person\/b55151d52296fcce64d1a72538a70b90"},"image":{"@id":"https:\/\/apuntesdesanluis.com\/index.php\/2023\/12\/12\/la-justicia-dio-el-si-y-boca-ya-tiene-fecha-para-realizar-las-elecciones-sera-el-domingo-17\/#primaryimage"},"thumbnailUrl":"https:\/\/apuntesdesanluis.com\/wp-content\/uploads\/2023\/12\/riquelme-y-macri.png","articleSection":["Nacionales\/Internacionales"],"inLanguage":"es-AR"},{"@type":"WebPage","@id":"https:\/\/apuntesdesanluis.com\/index.php\/2023\/12\/12\/la-justicia-dio-el-si-y-boca-ya-tiene-fecha-para-realizar-las-elecciones-sera-el-domingo-17\/","url":"https:\/\/apuntesdesanluis.com\/index.php\/2023\/12\/12\/la-justicia-dio-el-si-y-boca-ya-tiene-fecha-para-realizar-las-elecciones-sera-el-domingo-17\/","name":"LA JUSTICIA DIO EL S\u00cd Y BOCA YA TIENE FECHA PARA REALIZAR LAS ELECCIONES: SER\u00c1 EL DOMINGO 17 - Apuntes de San Luis","isPartOf":{"@id":"https:\/\/apuntesdesanluis.com\/#website"},"primaryImageOfPage":{"@id":"https:\/\/apuntesdesanluis.com\/index.php\/2023\/12\/12\/la-justicia-dio-el-si-y-boca-ya-tiene-fecha-para-realizar-las-elecciones-sera-el-domingo-17\/#primaryimage"},"image":{"@id":"https:\/\/apuntesdesanluis.com\/index.php\/2023\/12\/12\/la-justicia-dio-el-si-y-boca-ya-tiene-fecha-para-realizar-las-elecciones-sera-el-domingo-17\/#primaryimage"},"thumbnailUrl":"https:\/\/apuntesdesanluis.com\/wp-content\/uploads\/2023\/12\/riquelme-y-macri.png","datePublished":"2023-12-12T22:54:23+00:00","breadcrumb":{"@id":"https:\/\/apuntesdesanluis.com\/index.php\/2023\/12\/12\/la-justicia-dio-el-si-y-boca-ya-tiene-fecha-para-realizar-las-elecciones-sera-el-domingo-17\/#breadcrumb"},"inLanguage":"es-AR","potentialAction":[{"@type":"ReadAction","target":["https:\/\/apuntesdesanluis.com\/index.php\/2023\/12\/12\/la-justicia-dio-el-si-y-boca-ya-tiene-fecha-para-realizar-las-elecciones-sera-el-domingo-17\/"]}]},{"@type":"ImageObject","inLanguage":"es-AR","@id":"https:\/\/apuntesdesanluis.com\/index.php\/2023\/12\/12\/la-justicia-dio-el-si-y-boca-ya-tiene-fecha-para-realizar-las-elecciones-sera-el-domingo-17\/#primaryimage","url":"https:\/\/apuntesdesanluis.com\/wp-content\/uploads\/2023\/12\/riquelme-y-macri.png","contentUrl":"https:\/\/apuntesdesanluis.com\/wp-content\/uploads\/2023\/12\/riquelme-y-macri.png","width":600,"height":351},{"@type":"BreadcrumbList","@id":"https:\/\/apuntesdesanluis.com\/index.php\/2023\/12\/12\/la-justicia-dio-el-si-y-boca-ya-tiene-fecha-para-realizar-las-elecciones-sera-el-domingo-17\/#breadcrumb","itemListElement":[{"@type":"ListItem","position":1,"name":"Inicio","item":"https:\/\/apuntesdesanluis.com\/"},{"@type":"ListItem","position":2,"name":"LA JUSTICIA DIO EL S\u00cd Y BOCA YA TIENE FECHA PARA REALIZAR LAS ELECCIONES: SER\u00c1 EL DOMINGO 17"}]},{"@type":"WebSite","@id":"https:\/\/apuntesdesanluis.com\/#website","url":"https:\/\/apuntesdesanluis.com\/","name":"Apuntes de San Luis","description":"","publisher":{"@id":"https:\/\/apuntesdesanluis.com\/#\/schema\/person\/b55151d52296fcce64d1a72538a70b90"},"potentialAction":[{"@type":"SearchAction","target":{"@type":"EntryPoint","urlTemplate":"https:\/\/apuntesdesanluis.com\/?s={search_term_string}"},"query-input":{"@type":"PropertyValueSpecification","valueRequired":true,"valueName":"search_term_string"}}],"inLanguage":"es-AR"},{"@type":["Person","Organization"],"@id":"https:\/\/apuntesdesanluis.com\/#\/schema\/person\/b55151d52296fcce64d1a72538a70b90","name":"apuntesdesanluis.com","image":{"@type":"ImageObject","inLanguage":"es-AR","@id":"https:\/\/apuntesdesanluis.com\/#\/schema\/person\/image\/","url":"https:\/\/apuntesdesanluis.com\/wp-content\/uploads\/2023\/07\/cropped-apuntesdesanluis.png","contentUrl":"https:\/\/apuntesdesanluis.com\/wp-content\/uploads\/2023\/07\/cropped-apuntesdesanluis.png","width":450,"height":112,"caption":"apuntesdesanluis.com"},"logo":{"@id":"https:\/\/apuntesdesanluis.com\/#\/schema\/person\/image\/"},"sameAs":["https:\/\/apuntesdesanluis.com"],"url":"https:\/\/apuntesdesanluis.com\/index.php\/author\/apuntesdesanluis-com\/"}]}},"featured_image_urls":{"full":["https:\/\/apuntesdesanluis.com\/wp-content\/uploads\/2023\/12\/riquelme-y-macri.png",600,351,false],"thumbnail":["https:\/\/apuntesdesanluis.com\/wp-content\/uploads\/2023\/12\/riquelme-y-macri-150x150.png",150,150,true],"medium":["https:\/\/apuntesdesanluis.com\/wp-content\/uploads\/2023\/12\/riquelme-y-macri-300x176.png",300,176,true],"medium_large":["https:\/\/apuntesdesanluis.com\/wp-content\/uploads\/2023\/12\/riquelme-y-macri.png",600,351,false],"large":["https:\/\/apuntesdesanluis.com\/wp-content\/uploads\/2023\/12\/riquelme-y-macri.png",600,351,false],"1536x1536":["https:\/\/apuntesdesanluis.com\/wp-content\/uploads\/2023\/12\/riquelme-y-macri.png",600,351,false],"2048x2048":["https:\/\/apuntesdesanluis.com\/wp-content\/uploads\/2023\/12\/riquelme-y-macri.png",600,351,false],"newsever-slider-full":["https:\/\/apuntesdesanluis.com\/wp-content\/uploads\/2023\/12\/riquelme-y-macri.png",600,351,false],"newsever-featured":["https:\/\/apuntesdesanluis.com\/wp-content\/uploads\/2023\/12\/riquelme-y-macri.png",600,351,false],"newsever-medium":["https:\/\/apuntesdesanluis.com\/wp-content\/uploads\/2023\/12\/riquelme-y-macri.png",600,351,false]},"author_info":{"display_name":"apuntesdesanluis.com","author_link":"https:\/\/apuntesdesanluis.com\/index.php\/author\/apuntesdesanluis-com\/"},"category_info":"<a href=\"https:\/\/apuntesdesanluis.com\/index.php\/category\/nacionales-internacionales\/\" rel=\"category tag\">Nacionales\/Internacionales<\/a>","tag_info":"Nacionales\/Internacionales","comment_count":"0","_links":{"self":[{"href":"https:\/\/apuntesdesanluis.com\/index.php\/wp-json\/wp\/v2\/posts\/8256","targetHints":{"allow":["GET"]}}],"collection":[{"href":"https:\/\/apuntesdesanluis.com\/index.php\/wp-json\/wp\/v2\/posts"}],"about":[{"href":"https:\/\/apuntesdesanluis.com\/index.php\/wp-json\/wp\/v2\/types\/post"}],"author":[{"embeddable":true,"href":"https:\/\/apuntesdesanluis.com\/index.php\/wp-json\/wp\/v2\/users\/1"}],"replies":[{"embeddable":true,"href":"https:\/\/apuntesdesanluis.com\/index.php\/wp-json\/wp\/v2\/comments?post=8256"}],"version-history":[{"count":1,"href":"https:\/\/apuntesdesanluis.com\/index.php\/wp-json\/wp\/v2\/posts\/8256\/revisions"}],"predecessor-version":[{"id":8259,"href":"https:\/\/apuntesdesanluis.com\/index.php\/wp-json\/wp\/v2\/posts\/8256\/revisions\/8259"}],"wp:featuredmedia":[{"embeddable":true,"href":"https:\/\/apuntesdesanluis.com\/index.php\/wp-json\/wp\/v2\/media\/8258"}],"wp:attachment":[{"href":"https:\/\/apuntesdesanluis.com\/index.php\/wp-json\/wp\/v2\/media?parent=8256"}],"wp:term":[{"taxonomy":"category","embeddable":true,"href":"https:\/\/apuntesdesanluis.com\/index.php\/wp-json\/wp\/v2\/categories?post=8256"},{"taxonomy":"post_tag","embeddable":true,"href":"https:\/\/apuntesdesanluis.com\/index.php\/wp-json\/wp\/v2\/tags?post=8256"}],"curies":[{"name":"wp","href":"https:\/\/api.w.org\/{rel}","templated":true}]}}