{"id":8295,"date":"2023-12-13T20:08:25","date_gmt":"2023-12-13T23:08:25","guid":{"rendered":"https:\/\/apuntesdesanluis.com\/?p=8295"},"modified":"2023-12-13T20:08:25","modified_gmt":"2023-12-13T23:08:25","slug":"egresaron-mas-estudiantes-de-la-universidad-nacional-de-los-comechingones","status":"publish","type":"post","link":"https:\/\/apuntesdesanluis.com\/index.php\/2023\/12\/13\/egresaron-mas-estudiantes-de-la-universidad-nacional-de-los-comechingones\/","title":{"rendered":"EGRESARON M\u00c1S ESTUDIANTES DE LA UNIVERSIDAD NACIONAL DE LOS COMECHINGONES"},"content":{"rendered":"<h3>En la primera mesa de examen de diciembre fueron cinco (5) los egresados y las egresadas de la Tecnicatura en Artes Visuales de la Universidad Nacional de los Comechingones: Nadia Rojas, Camila Godoy, Milagros Bramado, Tom\u00e1s Alcaraz y Alejandra Gargiulo, que se suman al primer egresado de la historia en la Tecnicatura en Gesti\u00f3n del Agua: Mat\u00edas Centineo.<\/h3>\n<h3>La mayor\u00eda de los ex\u00e1menes finales fueron el mi\u00e9rcoles 6 de diciembre. Ese d\u00eda, las expectativas eran altas y sus familiares mostraban gestos de ansiedad indisimulada. Cerca de las 12, el grupo de estudiantes de Artes Visuales que rend\u00eda el examen final de Ilustraci\u00f3n y Narrativa ya hab\u00eda cumplido con la primera parte de su examen, un escrito de m\u00faltiple opci\u00f3n. Luego vendr\u00eda la etapa siguiente, que consist\u00eda en una presentaci\u00f3n oral. \u201c\u00bfLes molesta si pasan primero los que no egresan?\u201d, pregunt\u00f3 una de las docentes del Tribunal y estallaron las risas: iba a ser una jornada larga.<\/h3>\n<p><img fetchpriority=\"high\" decoding=\"async\" class=\"wp-image-8298 aligncenter\" src=\"https:\/\/apuntesdesanluis.com\/wp-content\/uploads\/2023\/12\/egresados-contentos-300x198.png\" alt=\"\" width=\"653\" height=\"431\" srcset=\"https:\/\/apuntesdesanluis.com\/wp-content\/uploads\/2023\/12\/egresados-contentos-300x198.png 300w, https:\/\/apuntesdesanluis.com\/wp-content\/uploads\/2023\/12\/egresados-contentos-720x475.png 720w, https:\/\/apuntesdesanluis.com\/wp-content\/uploads\/2023\/12\/egresados-contentos.png 732w\" sizes=\"(max-width: 653px) 100vw, 653px\" \/><\/p>\n<h3>Abajo, en uno de los puntos de acceso del edificio acad\u00e9mico, se agolpaban familiares, amigos y amigas que esperaban con emoci\u00f3n a las y los estudiantes que estaban rindiendo. Tal vez cargaban incluso con m\u00e1s ansiedad.<\/h3>\n<h3>Un par de horas despu\u00e9s explotaron los festejos: Nadia, Camila, Milagros y Tom\u00e1s hab\u00edan aprobado el final y se convirtieron en T\u00e9cnicas y T\u00e9cnicos de nivel universitario en Artes Visuales. La alegr\u00eda se transform\u00f3 en una lluvia de espuma, harina, huevos y otros ingredientes, que formaron un engrudo humano.<\/h3>\n<h3><img decoding=\"async\" class=\"wp-image-8297 aligncenter\" src=\"https:\/\/apuntesdesanluis.com\/wp-content\/uploads\/2023\/12\/egresada-1-300x203.png\" alt=\"\" width=\"655\" height=\"443\" srcset=\"https:\/\/apuntesdesanluis.com\/wp-content\/uploads\/2023\/12\/egresada-1-300x203.png 300w, https:\/\/apuntesdesanluis.com\/wp-content\/uploads\/2023\/12\/egresada-1.png 655w\" sizes=\"(max-width: 655px) 100vw, 655px\" \/><\/h3>\n<h3>Dos d\u00edas antes, el lunes 4, <strong>Alejandra Gargiulo<\/strong> hab\u00eda rendido la materia Taller Proyectual. Con esa instancia hab\u00eda finalizado tambi\u00e9n la tecnicatura.<\/h3>\n<h3>Ahora, los flamantes t\u00e9cnicos y t\u00e9cnicas en Artes Visuales siguen el camino hacia la Licenciatura.<\/h3>\n<h3>ALCANCES DE LOS T\u00cdTULOS<\/h3>\n<h3>La Licenciatura en Artes Visuales busca generar un espacio de excelencia para la producci\u00f3n de conocimiento en las artes visuales y crear un centro de inter\u00e9s art\u00edstico y cultural que habilite el di\u00e1logo y la interacci\u00f3n con otros actores de las artes visuales de la regi\u00f3n, el pa\u00eds y el mundo. Las artes visuales engloban una variedad de t\u00e9cnicas y disciplinas art\u00edsticas, que abarcan desde las formas tradicionales de las artes pl\u00e1sticas hasta las corrientes m\u00e1s vanguardistas e innovadoras que hacen uso de las \u00faltimas tecnolog\u00edas disponibles.<\/h3>\n<h3>Creaci\u00f3n visual y art\u00edstica, tanto individual como colectiva, no solamente enfocada a las diferentes posibilidades de comercializaci\u00f3n en el mercado del arte, sino tambi\u00e9n a las producciones independientes y realizaciones art\u00edsticas experimentales, en di\u00e1logo con la comunidad art\u00edstica actual y con la realidad social y medioambiental.<\/h3>\n<h3>Ilustraci\u00f3n aplicada en diversos \u00e1mbitos creativos como la historieta, la animaci\u00f3n, el dise\u00f1o de indumentaria, etc.<\/h3>\n<h3>Realizaci\u00f3n de proyectos escenogr\u00e1ficos para obras de teatro, cine o televisi\u00f3n (dise\u00f1o de proyecto, direcci\u00f3n, ejecuci\u00f3n).<\/h3>\n<h3>Arte aplicado a la producci\u00f3n artesanal o industrial con conciencia de su impacto social y ambiental, en \u00e1mbitos tales como el arte textil, la joyer\u00eda, la cer\u00e1mica, entre muchos otros.<\/h3>\n<h3>Generaci\u00f3n y desarrollo de nuevas t\u00e9cnicas y m\u00e9todos en el campo de la producci\u00f3n visual, donde se ponga en juego la formaci\u00f3n multidisciplinaria en su sentido m\u00e1s amplio, que comprende tanto los aspectos conceptuales como formales de la creaci\u00f3n art\u00edstica, as\u00ed como tambi\u00e9n aspectos vinculados a la mitigaci\u00f3n de impactos negativos sobre la sociedad o el medioambiente.<\/h3>\n<h3><strong>GESTI\u00d3N DEL AGUA<\/strong><\/h3>\n<h3>D\u00edas atr\u00e1s la Universidad Nacional de los Comechingones tuvo su primer T\u00e9cnico en Gesti\u00f3n del Agua. Se trata de<strong> Mat\u00edas Centineo<\/strong>, quien el 6 de diciembre culmin\u00f3 sus estudios y se convirti\u00f3 en el primer egresado de esta tecnicatura. \u201cQuiero seguir con la Ingeniera en Recursos H\u00eddricos\u201d, dijo.<\/h3>\n<h3><img decoding=\"async\" class=\"wp-image-8296 aligncenter\" src=\"https:\/\/apuntesdesanluis.com\/wp-content\/uploads\/2023\/12\/gestion-del-agua-300x193.png\" alt=\"\" width=\"612\" height=\"394\" srcset=\"https:\/\/apuntesdesanluis.com\/wp-content\/uploads\/2023\/12\/gestion-del-agua-300x193.png 300w, https:\/\/apuntesdesanluis.com\/wp-content\/uploads\/2023\/12\/gestion-del-agua.png 685w\" sizes=\"(max-width: 612px) 100vw, 612px\" \/><\/h3>\n<h3>Mat\u00edas Centineo coment\u00f3 sobre su experiencia cursando en la UNLC: \u201cMe pareci\u00f3 muy buena toda la experiencia, yo arranque en 2018 y en el medio hubo un mont\u00f3n de cosas, la pandemia por ejemplo, pero gracias a Dios de a poquito pude terminar\u201d y habl\u00f3 tambi\u00e9n c\u00f3mo vivi\u00f3 ser el primer T\u00e9cnico en Gesti\u00f3n del Agua, un hecho hist\u00f3rico para la universidad: \u201cEs muy impresionante, no me lo esperaba. Mi idea siempre fue poder terminar pero no me esperaba ser el primero, porque \u00e9ramos un mont\u00f3n.<\/h3>\n<h3>Por \u00faltimo, Mat\u00edas cont\u00f3 sobre su futuro y los pasos a seguir: \u201cQuiero seguir con la Ingeniera en recursos h\u00eddricos y poder continuar con mis estudios, arranco el a\u00f1o que viene a cursar\u201d, cerr\u00f3.<\/h3>\n<h3>La Tecnicatura en Gesti\u00f3n del Agua busca formar recursos humanos con una \u201cvisi\u00f3n integral\u201d, con capacidades para aprovechar y atender los distintos sistemas de riego, apuntando a una mejora en la operaci\u00f3n y al logro de una buena inserci\u00f3n de los t\u00e9cnicos con los productores primarios para asesorarlos en el desarrollo de una agricultura sustentable y el cuidado del medio ambiente.<\/h3>\n<h3>Ya est\u00e1n abiertas las inscripciones para el ingreso 2024, para m\u00e1s informaci\u00f3n pod\u00e9s ingresar a: <span style=\"color: #3366ff;\"><a style=\"color: #3366ff;\" href=\"https:\/\/academica.unlc.edu.ar\/preinscripcion\/ingresantes\/\">https:\/\/academica.unlc.edu.ar\/preinscripcion\/ingresantes\/<\/a><\/span> \u00a0o enviar un correo electr\u00f3nico a <span style=\"color: #3366ff;\"><a style=\"color: #3366ff;\" href=\"mailto:alumnos@unlc.edu.ar\">alumnos@unlc.edu.ar<\/a><\/span><\/h3>\n<p>&nbsp;<\/p>\n<p>&nbsp;<\/p>\n<p>&nbsp;<\/p>\n<p>&nbsp;<\/p>\n<h3><\/h3>\n","protected":false},"excerpt":{"rendered":"<p>En la primera mesa de examen de diciembre fueron cinco (5) los egresados y las&#8230;<\/p>\n","protected":false},"author":1,"featured_media":8299,"comment_status":"closed","ping_status":"closed","sticky":false,"template":"","format":"standard","meta":{"footnotes":""},"categories":[6],"tags":[],"class_list":["post-8295","post","type-post","status-publish","format-standard","has-post-thumbnail","hentry","category-ciudad-provincia"],"yoast_head":"<!-- This site is optimized with the Yoast SEO plugin v26.1.1 - https:\/\/yoast.com\/wordpress\/plugins\/seo\/ -->\n<title>EGRESARON M\u00c1S ESTUDIANTES DE LA UNIVERSIDAD NACIONAL DE LOS COMECHINGONES - Apuntes de San Luis<\/title>\n<meta name=\"robots\" content=\"index, follow, max-snippet:-1, max-image-preview:large, max-video-preview:-1\" \/>\n<link rel=\"canonical\" href=\"https:\/\/apuntesdesanluis.com\/index.php\/2023\/12\/13\/egresaron-mas-estudiantes-de-la-universidad-nacional-de-los-comechingones\/\" \/>\n<meta property=\"og:locale\" content=\"es_ES\" \/>\n<meta property=\"og:type\" content=\"article\" \/>\n<meta property=\"og:title\" content=\"EGRESARON M\u00c1S ESTUDIANTES DE LA UNIVERSIDAD NACIONAL DE LOS COMECHINGONES - Apuntes de San Luis\" \/>\n<meta property=\"og:description\" content=\"En la primera mesa de examen de diciembre fueron cinco (5) los egresados y las...\" \/>\n<meta property=\"og:url\" content=\"https:\/\/apuntesdesanluis.com\/index.php\/2023\/12\/13\/egresaron-mas-estudiantes-de-la-universidad-nacional-de-los-comechingones\/\" \/>\n<meta property=\"og:site_name\" content=\"Apuntes de San Luis\" \/>\n<meta property=\"article:published_time\" content=\"2023-12-13T23:08:25+00:00\" \/>\n<meta property=\"og:image\" content=\"https:\/\/apuntesdesanluis.com\/wp-content\/uploads\/2023\/12\/egresados-con-agustina.png\" \/>\n\t<meta property=\"og:image:width\" content=\"632\" \/>\n\t<meta property=\"og:image:height\" content=\"428\" \/>\n\t<meta property=\"og:image:type\" content=\"image\/png\" \/>\n<meta name=\"author\" content=\"apuntesdesanluis.com\" \/>\n<meta name=\"twitter:card\" content=\"summary_large_image\" \/>\n<meta name=\"twitter:label1\" content=\"Escrito por\" \/>\n\t<meta name=\"twitter:data1\" content=\"apuntesdesanluis.com\" \/>\n\t<meta name=\"twitter:label2\" content=\"Tiempo de lectura\" \/>\n\t<meta name=\"twitter:data2\" content=\"5 minutos\" \/>\n<script type=\"application\/ld+json\" class=\"yoast-schema-graph\">{\"@context\":\"https:\/\/schema.org\",\"@graph\":[{\"@type\":\"Article\",\"@id\":\"https:\/\/apuntesdesanluis.com\/index.php\/2023\/12\/13\/egresaron-mas-estudiantes-de-la-universidad-nacional-de-los-comechingones\/#article\",\"isPartOf\":{\"@id\":\"https:\/\/apuntesdesanluis.com\/index.php\/2023\/12\/13\/egresaron-mas-estudiantes-de-la-universidad-nacional-de-los-comechingones\/\"},\"author\":{\"name\":\"apuntesdesanluis.com\",\"@id\":\"https:\/\/apuntesdesanluis.com\/#\/schema\/person\/b55151d52296fcce64d1a72538a70b90\"},\"headline\":\"EGRESARON M\u00c1S ESTUDIANTES DE LA UNIVERSIDAD NACIONAL DE LOS COMECHINGONES\",\"datePublished\":\"2023-12-13T23:08:25+00:00\",\"mainEntityOfPage\":{\"@id\":\"https:\/\/apuntesdesanluis.com\/index.php\/2023\/12\/13\/egresaron-mas-estudiantes-de-la-universidad-nacional-de-los-comechingones\/\"},\"wordCount\":906,\"publisher\":{\"@id\":\"https:\/\/apuntesdesanluis.com\/#\/schema\/person\/b55151d52296fcce64d1a72538a70b90\"},\"image\":{\"@id\":\"https:\/\/apuntesdesanluis.com\/index.php\/2023\/12\/13\/egresaron-mas-estudiantes-de-la-universidad-nacional-de-los-comechingones\/#primaryimage\"},\"thumbnailUrl\":\"https:\/\/apuntesdesanluis.com\/wp-content\/uploads\/2023\/12\/egresados-con-agustina.png\",\"articleSection\":[\"Ciudad\/Provincia\"],\"inLanguage\":\"es-AR\"},{\"@type\":\"WebPage\",\"@id\":\"https:\/\/apuntesdesanluis.com\/index.php\/2023\/12\/13\/egresaron-mas-estudiantes-de-la-universidad-nacional-de-los-comechingones\/\",\"url\":\"https:\/\/apuntesdesanluis.com\/index.php\/2023\/12\/13\/egresaron-mas-estudiantes-de-la-universidad-nacional-de-los-comechingones\/\",\"name\":\"EGRESARON M\u00c1S ESTUDIANTES DE LA UNIVERSIDAD NACIONAL DE LOS COMECHINGONES - Apuntes de San Luis\",\"isPartOf\":{\"@id\":\"https:\/\/apuntesdesanluis.com\/#website\"},\"primaryImageOfPage\":{\"@id\":\"https:\/\/apuntesdesanluis.com\/index.php\/2023\/12\/13\/egresaron-mas-estudiantes-de-la-universidad-nacional-de-los-comechingones\/#primaryimage\"},\"image\":{\"@id\":\"https:\/\/apuntesdesanluis.com\/index.php\/2023\/12\/13\/egresaron-mas-estudiantes-de-la-universidad-nacional-de-los-comechingones\/#primaryimage\"},\"thumbnailUrl\":\"https:\/\/apuntesdesanluis.com\/wp-content\/uploads\/2023\/12\/egresados-con-agustina.png\",\"datePublished\":\"2023-12-13T23:08:25+00:00\",\"breadcrumb\":{\"@id\":\"https:\/\/apuntesdesanluis.com\/index.php\/2023\/12\/13\/egresaron-mas-estudiantes-de-la-universidad-nacional-de-los-comechingones\/#breadcrumb\"},\"inLanguage\":\"es-AR\",\"potentialAction\":[{\"@type\":\"ReadAction\",\"target\":[\"https:\/\/apuntesdesanluis.com\/index.php\/2023\/12\/13\/egresaron-mas-estudiantes-de-la-universidad-nacional-de-los-comechingones\/\"]}]},{\"@type\":\"ImageObject\",\"inLanguage\":\"es-AR\",\"@id\":\"https:\/\/apuntesdesanluis.com\/index.php\/2023\/12\/13\/egresaron-mas-estudiantes-de-la-universidad-nacional-de-los-comechingones\/#primaryimage\",\"url\":\"https:\/\/apuntesdesanluis.com\/wp-content\/uploads\/2023\/12\/egresados-con-agustina.png\",\"contentUrl\":\"https:\/\/apuntesdesanluis.com\/wp-content\/uploads\/2023\/12\/egresados-con-agustina.png\",\"width\":632,\"height\":428},{\"@type\":\"BreadcrumbList\",\"@id\":\"https:\/\/apuntesdesanluis.com\/index.php\/2023\/12\/13\/egresaron-mas-estudiantes-de-la-universidad-nacional-de-los-comechingones\/#breadcrumb\",\"itemListElement\":[{\"@type\":\"ListItem\",\"position\":1,\"name\":\"Inicio\",\"item\":\"https:\/\/apuntesdesanluis.com\/\"},{\"@type\":\"ListItem\",\"position\":2,\"name\":\"EGRESARON M\u00c1S ESTUDIANTES DE LA UNIVERSIDAD NACIONAL DE LOS COMECHINGONES\"}]},{\"@type\":\"WebSite\",\"@id\":\"https:\/\/apuntesdesanluis.com\/#website\",\"url\":\"https:\/\/apuntesdesanluis.com\/\",\"name\":\"Apuntes de San Luis\",\"description\":\"\",\"publisher\":{\"@id\":\"https:\/\/apuntesdesanluis.com\/#\/schema\/person\/b55151d52296fcce64d1a72538a70b90\"},\"potentialAction\":[{\"@type\":\"SearchAction\",\"target\":{\"@type\":\"EntryPoint\",\"urlTemplate\":\"https:\/\/apuntesdesanluis.com\/?s={search_term_string}\"},\"query-input\":{\"@type\":\"PropertyValueSpecification\",\"valueRequired\":true,\"valueName\":\"search_term_string\"}}],\"inLanguage\":\"es-AR\"},{\"@type\":[\"Person\",\"Organization\"],\"@id\":\"https:\/\/apuntesdesanluis.com\/#\/schema\/person\/b55151d52296fcce64d1a72538a70b90\",\"name\":\"apuntesdesanluis.com\",\"image\":{\"@type\":\"ImageObject\",\"inLanguage\":\"es-AR\",\"@id\":\"https:\/\/apuntesdesanluis.com\/#\/schema\/person\/image\/\",\"url\":\"https:\/\/apuntesdesanluis.com\/wp-content\/uploads\/2023\/07\/cropped-apuntesdesanluis.png\",\"contentUrl\":\"https:\/\/apuntesdesanluis.com\/wp-content\/uploads\/2023\/07\/cropped-apuntesdesanluis.png\",\"width\":450,\"height\":112,\"caption\":\"apuntesdesanluis.com\"},\"logo\":{\"@id\":\"https:\/\/apuntesdesanluis.com\/#\/schema\/person\/image\/\"},\"sameAs\":[\"https:\/\/apuntesdesanluis.com\"],\"url\":\"https:\/\/apuntesdesanluis.com\/index.php\/author\/apuntesdesanluis-com\/\"}]}<\/script>\n<!-- \/ Yoast SEO plugin. -->","yoast_head_json":{"title":"EGRESARON M\u00c1S ESTUDIANTES DE LA UNIVERSIDAD NACIONAL DE LOS COMECHINGONES - Apuntes de San Luis","robots":{"index":"index","follow":"follow","max-snippet":"max-snippet:-1","max-image-preview":"max-image-preview:large","max-video-preview":"max-video-preview:-1"},"canonical":"https:\/\/apuntesdesanluis.com\/index.php\/2023\/12\/13\/egresaron-mas-estudiantes-de-la-universidad-nacional-de-los-comechingones\/","og_locale":"es_ES","og_type":"article","og_title":"EGRESARON M\u00c1S ESTUDIANTES DE LA UNIVERSIDAD NACIONAL DE LOS COMECHINGONES - Apuntes de San Luis","og_description":"En la primera mesa de examen de diciembre fueron cinco (5) los egresados y las...","og_url":"https:\/\/apuntesdesanluis.com\/index.php\/2023\/12\/13\/egresaron-mas-estudiantes-de-la-universidad-nacional-de-los-comechingones\/","og_site_name":"Apuntes de San Luis","article_published_time":"2023-12-13T23:08:25+00:00","og_image":[{"width":632,"height":428,"url":"https:\/\/apuntesdesanluis.com\/wp-content\/uploads\/2023\/12\/egresados-con-agustina.png","type":"image\/png"}],"author":"apuntesdesanluis.com","twitter_card":"summary_large_image","twitter_misc":{"Escrito por":"apuntesdesanluis.com","Tiempo de lectura":"5 minutos"},"schema":{"@context":"https:\/\/schema.org","@graph":[{"@type":"Article","@id":"https:\/\/apuntesdesanluis.com\/index.php\/2023\/12\/13\/egresaron-mas-estudiantes-de-la-universidad-nacional-de-los-comechingones\/#article","isPartOf":{"@id":"https:\/\/apuntesdesanluis.com\/index.php\/2023\/12\/13\/egresaron-mas-estudiantes-de-la-universidad-nacional-de-los-comechingones\/"},"author":{"name":"apuntesdesanluis.com","@id":"https:\/\/apuntesdesanluis.com\/#\/schema\/person\/b55151d52296fcce64d1a72538a70b90"},"headline":"EGRESARON M\u00c1S ESTUDIANTES DE LA UNIVERSIDAD NACIONAL DE LOS COMECHINGONES","datePublished":"2023-12-13T23:08:25+00:00","mainEntityOfPage":{"@id":"https:\/\/apuntesdesanluis.com\/index.php\/2023\/12\/13\/egresaron-mas-estudiantes-de-la-universidad-nacional-de-los-comechingones\/"},"wordCount":906,"publisher":{"@id":"https:\/\/apuntesdesanluis.com\/#\/schema\/person\/b55151d52296fcce64d1a72538a70b90"},"image":{"@id":"https:\/\/apuntesdesanluis.com\/index.php\/2023\/12\/13\/egresaron-mas-estudiantes-de-la-universidad-nacional-de-los-comechingones\/#primaryimage"},"thumbnailUrl":"https:\/\/apuntesdesanluis.com\/wp-content\/uploads\/2023\/12\/egresados-con-agustina.png","articleSection":["Ciudad\/Provincia"],"inLanguage":"es-AR"},{"@type":"WebPage","@id":"https:\/\/apuntesdesanluis.com\/index.php\/2023\/12\/13\/egresaron-mas-estudiantes-de-la-universidad-nacional-de-los-comechingones\/","url":"https:\/\/apuntesdesanluis.com\/index.php\/2023\/12\/13\/egresaron-mas-estudiantes-de-la-universidad-nacional-de-los-comechingones\/","name":"EGRESARON M\u00c1S ESTUDIANTES DE LA UNIVERSIDAD NACIONAL DE LOS COMECHINGONES - Apuntes de San Luis","isPartOf":{"@id":"https:\/\/apuntesdesanluis.com\/#website"},"primaryImageOfPage":{"@id":"https:\/\/apuntesdesanluis.com\/index.php\/2023\/12\/13\/egresaron-mas-estudiantes-de-la-universidad-nacional-de-los-comechingones\/#primaryimage"},"image":{"@id":"https:\/\/apuntesdesanluis.com\/index.php\/2023\/12\/13\/egresaron-mas-estudiantes-de-la-universidad-nacional-de-los-comechingones\/#primaryimage"},"thumbnailUrl":"https:\/\/apuntesdesanluis.com\/wp-content\/uploads\/2023\/12\/egresados-con-agustina.png","datePublished":"2023-12-13T23:08:25+00:00","breadcrumb":{"@id":"https:\/\/apuntesdesanluis.com\/index.php\/2023\/12\/13\/egresaron-mas-estudiantes-de-la-universidad-nacional-de-los-comechingones\/#breadcrumb"},"inLanguage":"es-AR","potentialAction":[{"@type":"ReadAction","target":["https:\/\/apuntesdesanluis.com\/index.php\/2023\/12\/13\/egresaron-mas-estudiantes-de-la-universidad-nacional-de-los-comechingones\/"]}]},{"@type":"ImageObject","inLanguage":"es-AR","@id":"https:\/\/apuntesdesanluis.com\/index.php\/2023\/12\/13\/egresaron-mas-estudiantes-de-la-universidad-nacional-de-los-comechingones\/#primaryimage","url":"https:\/\/apuntesdesanluis.com\/wp-content\/uploads\/2023\/12\/egresados-con-agustina.png","contentUrl":"https:\/\/apuntesdesanluis.com\/wp-content\/uploads\/2023\/12\/egresados-con-agustina.png","width":632,"height":428},{"@type":"BreadcrumbList","@id":"https:\/\/apuntesdesanluis.com\/index.php\/2023\/12\/13\/egresaron-mas-estudiantes-de-la-universidad-nacional-de-los-comechingones\/#breadcrumb","itemListElement":[{"@type":"ListItem","position":1,"name":"Inicio","item":"https:\/\/apuntesdesanluis.com\/"},{"@type":"ListItem","position":2,"name":"EGRESARON M\u00c1S ESTUDIANTES DE LA UNIVERSIDAD NACIONAL DE LOS COMECHINGONES"}]},{"@type":"WebSite","@id":"https:\/\/apuntesdesanluis.com\/#website","url":"https:\/\/apuntesdesanluis.com\/","name":"Apuntes de San Luis","description":"","publisher":{"@id":"https:\/\/apuntesdesanluis.com\/#\/schema\/person\/b55151d52296fcce64d1a72538a70b90"},"potentialAction":[{"@type":"SearchAction","target":{"@type":"EntryPoint","urlTemplate":"https:\/\/apuntesdesanluis.com\/?s={search_term_string}"},"query-input":{"@type":"PropertyValueSpecification","valueRequired":true,"valueName":"search_term_string"}}],"inLanguage":"es-AR"},{"@type":["Person","Organization"],"@id":"https:\/\/apuntesdesanluis.com\/#\/schema\/person\/b55151d52296fcce64d1a72538a70b90","name":"apuntesdesanluis.com","image":{"@type":"ImageObject","inLanguage":"es-AR","@id":"https:\/\/apuntesdesanluis.com\/#\/schema\/person\/image\/","url":"https:\/\/apuntesdesanluis.com\/wp-content\/uploads\/2023\/07\/cropped-apuntesdesanluis.png","contentUrl":"https:\/\/apuntesdesanluis.com\/wp-content\/uploads\/2023\/07\/cropped-apuntesdesanluis.png","width":450,"height":112,"caption":"apuntesdesanluis.com"},"logo":{"@id":"https:\/\/apuntesdesanluis.com\/#\/schema\/person\/image\/"},"sameAs":["https:\/\/apuntesdesanluis.com"],"url":"https:\/\/apuntesdesanluis.com\/index.php\/author\/apuntesdesanluis-com\/"}]}},"featured_image_urls":{"full":["https:\/\/apuntesdesanluis.com\/wp-content\/uploads\/2023\/12\/egresados-con-agustina.png",632,428,false],"thumbnail":["https:\/\/apuntesdesanluis.com\/wp-content\/uploads\/2023\/12\/egresados-con-agustina-150x150.png",150,150,true],"medium":["https:\/\/apuntesdesanluis.com\/wp-content\/uploads\/2023\/12\/egresados-con-agustina-300x203.png",300,203,true],"medium_large":["https:\/\/apuntesdesanluis.com\/wp-content\/uploads\/2023\/12\/egresados-con-agustina.png",632,428,false],"large":["https:\/\/apuntesdesanluis.com\/wp-content\/uploads\/2023\/12\/egresados-con-agustina.png",632,428,false],"1536x1536":["https:\/\/apuntesdesanluis.com\/wp-content\/uploads\/2023\/12\/egresados-con-agustina.png",632,428,false],"2048x2048":["https:\/\/apuntesdesanluis.com\/wp-content\/uploads\/2023\/12\/egresados-con-agustina.png",632,428,false],"newsever-slider-full":["https:\/\/apuntesdesanluis.com\/wp-content\/uploads\/2023\/12\/egresados-con-agustina.png",632,428,false],"newsever-featured":["https:\/\/apuntesdesanluis.com\/wp-content\/uploads\/2023\/12\/egresados-con-agustina.png",632,428,false],"newsever-medium":["https:\/\/apuntesdesanluis.com\/wp-content\/uploads\/2023\/12\/egresados-con-agustina.png",632,428,false]},"author_info":{"display_name":"apuntesdesanluis.com","author_link":"https:\/\/apuntesdesanluis.com\/index.php\/author\/apuntesdesanluis-com\/"},"category_info":"<a href=\"https:\/\/apuntesdesanluis.com\/index.php\/category\/ciudad-provincia\/\" rel=\"category tag\">Ciudad\/Provincia<\/a>","tag_info":"Ciudad\/Provincia","comment_count":"0","_links":{"self":[{"href":"https:\/\/apuntesdesanluis.com\/index.php\/wp-json\/wp\/v2\/posts\/8295","targetHints":{"allow":["GET"]}}],"collection":[{"href":"https:\/\/apuntesdesanluis.com\/index.php\/wp-json\/wp\/v2\/posts"}],"about":[{"href":"https:\/\/apuntesdesanluis.com\/index.php\/wp-json\/wp\/v2\/types\/post"}],"author":[{"embeddable":true,"href":"https:\/\/apuntesdesanluis.com\/index.php\/wp-json\/wp\/v2\/users\/1"}],"replies":[{"embeddable":true,"href":"https:\/\/apuntesdesanluis.com\/index.php\/wp-json\/wp\/v2\/comments?post=8295"}],"version-history":[{"count":1,"href":"https:\/\/apuntesdesanluis.com\/index.php\/wp-json\/wp\/v2\/posts\/8295\/revisions"}],"predecessor-version":[{"id":8300,"href":"https:\/\/apuntesdesanluis.com\/index.php\/wp-json\/wp\/v2\/posts\/8295\/revisions\/8300"}],"wp:featuredmedia":[{"embeddable":true,"href":"https:\/\/apuntesdesanluis.com\/index.php\/wp-json\/wp\/v2\/media\/8299"}],"wp:attachment":[{"href":"https:\/\/apuntesdesanluis.com\/index.php\/wp-json\/wp\/v2\/media?parent=8295"}],"wp:term":[{"taxonomy":"category","embeddable":true,"href":"https:\/\/apuntesdesanluis.com\/index.php\/wp-json\/wp\/v2\/categories?post=8295"},{"taxonomy":"post_tag","embeddable":true,"href":"https:\/\/apuntesdesanluis.com\/index.php\/wp-json\/wp\/v2\/tags?post=8295"}],"curies":[{"name":"wp","href":"https:\/\/api.w.org\/{rel}","templated":true}]}}