{"id":831,"date":"2023-08-01T09:05:06","date_gmt":"2023-08-01T12:05:06","guid":{"rendered":"https:\/\/apuntesdesanluis.com\/?p=831"},"modified":"2023-08-01T13:08:30","modified_gmt":"2023-08-01T16:08:30","slug":"defensa-del-consumidor-hicieron-lugar-al-reclamo-por-un-plan-de-ahorro-automotor","status":"publish","type":"post","link":"https:\/\/apuntesdesanluis.com\/index.php\/2023\/08\/01\/defensa-del-consumidor-hicieron-lugar-al-reclamo-por-un-plan-de-ahorro-automotor\/","title":{"rendered":"DEFENSA DEL CONSUMIDOR: HICIERON LUGAR AL RECLAMO POR UN PLAN DE AHORRO AUTOMOTOR"},"content":{"rendered":"<h3>La empresa modific\u00f3, sin informarle al cliente, el monto de las cuotas y el modelo del veh\u00edculo. La jueza tuvo por rescindido el contrato e hizo lugar al reclamo por da\u00f1o moral.<\/h3>\n<h3>La Dra. <strong>Cynthia Alcaraz D\u00edaz<\/strong>, titular del Juzgado Civil Comercial y Ambiental N\u00ba 3 de la Segunda Circunscripci\u00f3n Judicial, hizo lugar a una demanda por resoluci\u00f3n de contrato y da\u00f1os y perjuicios a favor de un hombre a quien se le modificaron condiciones en su plan de ahorro automotor.<\/h3>\n<h3>Al presentar la causa, los abogados del hombre relataron que su cliente contrat\u00f3 \u2013 en julio del 2017 \u2013\u00a0 un plan de ahorro, consistente en la adquisici\u00f3n y adjudicaci\u00f3n de camioneta 4\u00d72 manual mediante el pago de cuotas, rodado que iba a destinar para uso personal, sobre el que abon\u00f3 trece cuotas.<\/h3>\n<h3>Seg\u00fan el relato formulado por los abogados, sin previo aviso, \u201cde modo inconsulto y unilateralmente la empresa dolosa e inexplicablemente\u201d mut\u00f3 las condiciones contractuales. Hasta enero del 2018, el veh\u00edculo objeto del contrato era una camioneta 4\u00d72, y en febrero del mismo a\u00f1o el veh\u00edculo, fue una camioneta de la misma marca, 4\u00d74. Vale se\u00f1alar que la 4X2 fue sustituida por cuanto dejar\u00eda de producirse debido a los defectos estructurales y de f\u00e1brica.<\/h3>\n<h3>As\u00ed, la camioneta 4X2 que para el mes de enero de 2018, se encontraba cotizada a $ 542.400 e impon\u00eda una cuota mensual de $5.420, seg\u00fan el plan de adhesi\u00f3n a la que pertenec\u00eda el actor. La cotizaci\u00f3n del veh\u00edculo 4\u00d74, seg\u00fan comprobante de febrero de 2018, estimaba en el valor m\u00f3vil en $630.400.<\/h3>\n<h3>Es decir que de un mes para el otro y sin que se le informara y tomara conocimiento de ello, el se\u00f1or pas\u00f3 de pagar cuotas mensuales sobre un veh\u00edculo de $542000 a uno de $630000. Seg\u00fan el relato formulado por los abogados al presentar la demanda, en agosto del 2018, la cotizaci\u00f3n de la camioneta fue de $854.400 y la cuota de $13.576,68.<\/h3>\n<h3>Cabe mencionar que el contrato de adhesi\u00f3n al plan de ahorro se incorpor\u00f3 como prueba a la causa y que en el mismo exist\u00eda una cl\u00e1usula en la que se estipulaba la eventual sustituci\u00f3n del veh\u00edculo por una nueva versi\u00f3n, en la cual estaba previsto el procedimiento a seguir en casos de variaciones de precios. En este apartado, se indicaba que si el nuevo modelo ten\u00eda un aumento superior al 20 por ciento, la empresa deb\u00eda notificar en forma fehaciente en el plazo de 10 d\u00edas h\u00e1biles de conocida la situaci\u00f3n a cada uno de los adherentes o adjudicatarios, a fin de que opten por alguna de las alternativas ofrecidas.<\/h3>\n<h3>Luego de analizar las pruebas incorporadas a la causa, la Dra. Alcaraz consider\u00f3 evidente el incumplimiento contractual conforme las reglas de consumo y resolvi\u00f3: hacer lugar a la demanda interpuesta, tener por rescindido el contrato, y dispuso a la demandada el reintegro inmediato a la rescisi\u00f3n de las sumas abonada de manera inmediata por el actor, con m\u00e1s da\u00f1o moral ocasionado en el marco del v\u00ednculo contractual. Asimismo, impuso una sanci\u00f3n conforme lo previsto en el art. 52 bis de la Ley de Defensa del Consumidor.<\/h3>\n<h4><em>LEY DE DEFENSA DEL CONSUMIDOR\u00a0\u00a0 \u2013 ARTICULO 52 bis: Da\u00f1o Punitivo. Al proveedor que no cumpla sus obligaciones legales o contractuales con el consumidor, a instancia del damnificado, el juez podr\u00e1 aplicar una multa civil a favor del consumidor, la que se graduar\u00e1 en funci\u00f3n de la gravedad del hecho y dem\u00e1s circunstancias del caso, independientemente de otras indemnizaciones que correspondan. Cuando m\u00e1s de un proveedor sea responsable del incumplimiento responder\u00e1n todos solidariamente ante el consumidor, sin perjuicio de las acciones de regreso que les correspondan. La multa civil que se imponga no podr\u00e1 superar el m\u00e1ximo de la sanci\u00f3n de multa prevista en el art\u00edculo 47, inciso b) de esta ley.<\/em><\/h4>\n<h3>Cabe mencionar que esta resoluci\u00f3n fue recurrida.<\/h3>\n","protected":false},"excerpt":{"rendered":"<p>La empresa modific\u00f3, sin informarle al cliente, el monto de las cuotas y el modelo&#8230;<\/p>\n","protected":false},"author":1,"featured_media":832,"comment_status":"closed","ping_status":"closed","sticky":false,"template":"","format":"standard","meta":{"footnotes":""},"categories":[6],"tags":[],"class_list":["post-831","post","type-post","status-publish","format-standard","has-post-thumbnail","hentry","category-ciudad-provincia"],"yoast_head":"<!-- This site is optimized with the Yoast SEO plugin v26.1.1 - https:\/\/yoast.com\/wordpress\/plugins\/seo\/ -->\n<title>DEFENSA DEL CONSUMIDOR: HICIERON LUGAR AL RECLAMO POR UN PLAN DE AHORRO AUTOMOTOR - Apuntes de San Luis<\/title>\n<meta name=\"robots\" content=\"index, follow, max-snippet:-1, max-image-preview:large, max-video-preview:-1\" \/>\n<link rel=\"canonical\" href=\"https:\/\/apuntesdesanluis.com\/index.php\/2023\/08\/01\/defensa-del-consumidor-hicieron-lugar-al-reclamo-por-un-plan-de-ahorro-automotor\/\" \/>\n<meta property=\"og:locale\" content=\"es_ES\" \/>\n<meta property=\"og:type\" content=\"article\" \/>\n<meta property=\"og:title\" content=\"DEFENSA DEL CONSUMIDOR: HICIERON LUGAR AL RECLAMO POR UN PLAN DE AHORRO AUTOMOTOR - Apuntes de San Luis\" \/>\n<meta property=\"og:description\" content=\"La empresa modific\u00f3, sin informarle al cliente, el monto de las cuotas y el modelo...\" \/>\n<meta property=\"og:url\" content=\"https:\/\/apuntesdesanluis.com\/index.php\/2023\/08\/01\/defensa-del-consumidor-hicieron-lugar-al-reclamo-por-un-plan-de-ahorro-automotor\/\" \/>\n<meta property=\"og:site_name\" content=\"Apuntes de San Luis\" \/>\n<meta property=\"article:published_time\" content=\"2023-08-01T12:05:06+00:00\" \/>\n<meta property=\"article:modified_time\" content=\"2023-08-01T16:08:30+00:00\" \/>\n<meta property=\"og:image\" content=\"https:\/\/apuntesdesanluis.com\/wp-content\/uploads\/2023\/08\/camioneta.png\" \/>\n\t<meta property=\"og:image:width\" content=\"559\" \/>\n\t<meta property=\"og:image:height\" content=\"317\" \/>\n\t<meta property=\"og:image:type\" content=\"image\/png\" \/>\n<meta name=\"author\" content=\"apuntesdesanluis.com\" \/>\n<meta name=\"twitter:card\" content=\"summary_large_image\" \/>\n<meta name=\"twitter:label1\" content=\"Escrito por\" \/>\n\t<meta name=\"twitter:data1\" content=\"apuntesdesanluis.com\" \/>\n\t<meta name=\"twitter:label2\" content=\"Tiempo de lectura\" \/>\n\t<meta name=\"twitter:data2\" content=\"3 minutos\" \/>\n<script type=\"application\/ld+json\" class=\"yoast-schema-graph\">{\"@context\":\"https:\/\/schema.org\",\"@graph\":[{\"@type\":\"Article\",\"@id\":\"https:\/\/apuntesdesanluis.com\/index.php\/2023\/08\/01\/defensa-del-consumidor-hicieron-lugar-al-reclamo-por-un-plan-de-ahorro-automotor\/#article\",\"isPartOf\":{\"@id\":\"https:\/\/apuntesdesanluis.com\/index.php\/2023\/08\/01\/defensa-del-consumidor-hicieron-lugar-al-reclamo-por-un-plan-de-ahorro-automotor\/\"},\"author\":{\"name\":\"apuntesdesanluis.com\",\"@id\":\"https:\/\/apuntesdesanluis.com\/#\/schema\/person\/b55151d52296fcce64d1a72538a70b90\"},\"headline\":\"DEFENSA DEL CONSUMIDOR: HICIERON LUGAR AL RECLAMO POR UN PLAN DE AHORRO AUTOMOTOR\",\"datePublished\":\"2023-08-01T12:05:06+00:00\",\"dateModified\":\"2023-08-01T16:08:30+00:00\",\"mainEntityOfPage\":{\"@id\":\"https:\/\/apuntesdesanluis.com\/index.php\/2023\/08\/01\/defensa-del-consumidor-hicieron-lugar-al-reclamo-por-un-plan-de-ahorro-automotor\/\"},\"wordCount\":678,\"publisher\":{\"@id\":\"https:\/\/apuntesdesanluis.com\/#\/schema\/person\/b55151d52296fcce64d1a72538a70b90\"},\"image\":{\"@id\":\"https:\/\/apuntesdesanluis.com\/index.php\/2023\/08\/01\/defensa-del-consumidor-hicieron-lugar-al-reclamo-por-un-plan-de-ahorro-automotor\/#primaryimage\"},\"thumbnailUrl\":\"https:\/\/apuntesdesanluis.com\/wp-content\/uploads\/2023\/08\/camioneta.png\",\"articleSection\":[\"Ciudad\/Provincia\"],\"inLanguage\":\"es-AR\"},{\"@type\":\"WebPage\",\"@id\":\"https:\/\/apuntesdesanluis.com\/index.php\/2023\/08\/01\/defensa-del-consumidor-hicieron-lugar-al-reclamo-por-un-plan-de-ahorro-automotor\/\",\"url\":\"https:\/\/apuntesdesanluis.com\/index.php\/2023\/08\/01\/defensa-del-consumidor-hicieron-lugar-al-reclamo-por-un-plan-de-ahorro-automotor\/\",\"name\":\"DEFENSA DEL CONSUMIDOR: HICIERON LUGAR AL RECLAMO POR UN PLAN DE AHORRO AUTOMOTOR - Apuntes de San Luis\",\"isPartOf\":{\"@id\":\"https:\/\/apuntesdesanluis.com\/#website\"},\"primaryImageOfPage\":{\"@id\":\"https:\/\/apuntesdesanluis.com\/index.php\/2023\/08\/01\/defensa-del-consumidor-hicieron-lugar-al-reclamo-por-un-plan-de-ahorro-automotor\/#primaryimage\"},\"image\":{\"@id\":\"https:\/\/apuntesdesanluis.com\/index.php\/2023\/08\/01\/defensa-del-consumidor-hicieron-lugar-al-reclamo-por-un-plan-de-ahorro-automotor\/#primaryimage\"},\"thumbnailUrl\":\"https:\/\/apuntesdesanluis.com\/wp-content\/uploads\/2023\/08\/camioneta.png\",\"datePublished\":\"2023-08-01T12:05:06+00:00\",\"dateModified\":\"2023-08-01T16:08:30+00:00\",\"breadcrumb\":{\"@id\":\"https:\/\/apuntesdesanluis.com\/index.php\/2023\/08\/01\/defensa-del-consumidor-hicieron-lugar-al-reclamo-por-un-plan-de-ahorro-automotor\/#breadcrumb\"},\"inLanguage\":\"es-AR\",\"potentialAction\":[{\"@type\":\"ReadAction\",\"target\":[\"https:\/\/apuntesdesanluis.com\/index.php\/2023\/08\/01\/defensa-del-consumidor-hicieron-lugar-al-reclamo-por-un-plan-de-ahorro-automotor\/\"]}]},{\"@type\":\"ImageObject\",\"inLanguage\":\"es-AR\",\"@id\":\"https:\/\/apuntesdesanluis.com\/index.php\/2023\/08\/01\/defensa-del-consumidor-hicieron-lugar-al-reclamo-por-un-plan-de-ahorro-automotor\/#primaryimage\",\"url\":\"https:\/\/apuntesdesanluis.com\/wp-content\/uploads\/2023\/08\/camioneta.png\",\"contentUrl\":\"https:\/\/apuntesdesanluis.com\/wp-content\/uploads\/2023\/08\/camioneta.png\",\"width\":559,\"height\":317},{\"@type\":\"BreadcrumbList\",\"@id\":\"https:\/\/apuntesdesanluis.com\/index.php\/2023\/08\/01\/defensa-del-consumidor-hicieron-lugar-al-reclamo-por-un-plan-de-ahorro-automotor\/#breadcrumb\",\"itemListElement\":[{\"@type\":\"ListItem\",\"position\":1,\"name\":\"Inicio\",\"item\":\"https:\/\/apuntesdesanluis.com\/\"},{\"@type\":\"ListItem\",\"position\":2,\"name\":\"DEFENSA DEL CONSUMIDOR: HICIERON LUGAR AL RECLAMO POR UN PLAN DE AHORRO AUTOMOTOR\"}]},{\"@type\":\"WebSite\",\"@id\":\"https:\/\/apuntesdesanluis.com\/#website\",\"url\":\"https:\/\/apuntesdesanluis.com\/\",\"name\":\"Apuntes de San Luis\",\"description\":\"\",\"publisher\":{\"@id\":\"https:\/\/apuntesdesanluis.com\/#\/schema\/person\/b55151d52296fcce64d1a72538a70b90\"},\"potentialAction\":[{\"@type\":\"SearchAction\",\"target\":{\"@type\":\"EntryPoint\",\"urlTemplate\":\"https:\/\/apuntesdesanluis.com\/?s={search_term_string}\"},\"query-input\":{\"@type\":\"PropertyValueSpecification\",\"valueRequired\":true,\"valueName\":\"search_term_string\"}}],\"inLanguage\":\"es-AR\"},{\"@type\":[\"Person\",\"Organization\"],\"@id\":\"https:\/\/apuntesdesanluis.com\/#\/schema\/person\/b55151d52296fcce64d1a72538a70b90\",\"name\":\"apuntesdesanluis.com\",\"image\":{\"@type\":\"ImageObject\",\"inLanguage\":\"es-AR\",\"@id\":\"https:\/\/apuntesdesanluis.com\/#\/schema\/person\/image\/\",\"url\":\"https:\/\/apuntesdesanluis.com\/wp-content\/uploads\/2023\/07\/cropped-apuntesdesanluis.png\",\"contentUrl\":\"https:\/\/apuntesdesanluis.com\/wp-content\/uploads\/2023\/07\/cropped-apuntesdesanluis.png\",\"width\":450,\"height\":112,\"caption\":\"apuntesdesanluis.com\"},\"logo\":{\"@id\":\"https:\/\/apuntesdesanluis.com\/#\/schema\/person\/image\/\"},\"sameAs\":[\"https:\/\/apuntesdesanluis.com\"],\"url\":\"https:\/\/apuntesdesanluis.com\/index.php\/author\/apuntesdesanluis-com\/\"}]}<\/script>\n<!-- \/ Yoast SEO plugin. -->","yoast_head_json":{"title":"DEFENSA DEL CONSUMIDOR: HICIERON LUGAR AL RECLAMO POR UN PLAN DE AHORRO AUTOMOTOR - Apuntes de San Luis","robots":{"index":"index","follow":"follow","max-snippet":"max-snippet:-1","max-image-preview":"max-image-preview:large","max-video-preview":"max-video-preview:-1"},"canonical":"https:\/\/apuntesdesanluis.com\/index.php\/2023\/08\/01\/defensa-del-consumidor-hicieron-lugar-al-reclamo-por-un-plan-de-ahorro-automotor\/","og_locale":"es_ES","og_type":"article","og_title":"DEFENSA DEL CONSUMIDOR: HICIERON LUGAR AL RECLAMO POR UN PLAN DE AHORRO AUTOMOTOR - Apuntes de San Luis","og_description":"La empresa modific\u00f3, sin informarle al cliente, el monto de las cuotas y el modelo...","og_url":"https:\/\/apuntesdesanluis.com\/index.php\/2023\/08\/01\/defensa-del-consumidor-hicieron-lugar-al-reclamo-por-un-plan-de-ahorro-automotor\/","og_site_name":"Apuntes de San Luis","article_published_time":"2023-08-01T12:05:06+00:00","article_modified_time":"2023-08-01T16:08:30+00:00","og_image":[{"width":559,"height":317,"url":"https:\/\/apuntesdesanluis.com\/wp-content\/uploads\/2023\/08\/camioneta.png","type":"image\/png"}],"author":"apuntesdesanluis.com","twitter_card":"summary_large_image","twitter_misc":{"Escrito por":"apuntesdesanluis.com","Tiempo de lectura":"3 minutos"},"schema":{"@context":"https:\/\/schema.org","@graph":[{"@type":"Article","@id":"https:\/\/apuntesdesanluis.com\/index.php\/2023\/08\/01\/defensa-del-consumidor-hicieron-lugar-al-reclamo-por-un-plan-de-ahorro-automotor\/#article","isPartOf":{"@id":"https:\/\/apuntesdesanluis.com\/index.php\/2023\/08\/01\/defensa-del-consumidor-hicieron-lugar-al-reclamo-por-un-plan-de-ahorro-automotor\/"},"author":{"name":"apuntesdesanluis.com","@id":"https:\/\/apuntesdesanluis.com\/#\/schema\/person\/b55151d52296fcce64d1a72538a70b90"},"headline":"DEFENSA DEL CONSUMIDOR: HICIERON LUGAR AL RECLAMO POR UN PLAN DE AHORRO AUTOMOTOR","datePublished":"2023-08-01T12:05:06+00:00","dateModified":"2023-08-01T16:08:30+00:00","mainEntityOfPage":{"@id":"https:\/\/apuntesdesanluis.com\/index.php\/2023\/08\/01\/defensa-del-consumidor-hicieron-lugar-al-reclamo-por-un-plan-de-ahorro-automotor\/"},"wordCount":678,"publisher":{"@id":"https:\/\/apuntesdesanluis.com\/#\/schema\/person\/b55151d52296fcce64d1a72538a70b90"},"image":{"@id":"https:\/\/apuntesdesanluis.com\/index.php\/2023\/08\/01\/defensa-del-consumidor-hicieron-lugar-al-reclamo-por-un-plan-de-ahorro-automotor\/#primaryimage"},"thumbnailUrl":"https:\/\/apuntesdesanluis.com\/wp-content\/uploads\/2023\/08\/camioneta.png","articleSection":["Ciudad\/Provincia"],"inLanguage":"es-AR"},{"@type":"WebPage","@id":"https:\/\/apuntesdesanluis.com\/index.php\/2023\/08\/01\/defensa-del-consumidor-hicieron-lugar-al-reclamo-por-un-plan-de-ahorro-automotor\/","url":"https:\/\/apuntesdesanluis.com\/index.php\/2023\/08\/01\/defensa-del-consumidor-hicieron-lugar-al-reclamo-por-un-plan-de-ahorro-automotor\/","name":"DEFENSA DEL CONSUMIDOR: HICIERON LUGAR AL RECLAMO POR UN PLAN DE AHORRO AUTOMOTOR - Apuntes de San Luis","isPartOf":{"@id":"https:\/\/apuntesdesanluis.com\/#website"},"primaryImageOfPage":{"@id":"https:\/\/apuntesdesanluis.com\/index.php\/2023\/08\/01\/defensa-del-consumidor-hicieron-lugar-al-reclamo-por-un-plan-de-ahorro-automotor\/#primaryimage"},"image":{"@id":"https:\/\/apuntesdesanluis.com\/index.php\/2023\/08\/01\/defensa-del-consumidor-hicieron-lugar-al-reclamo-por-un-plan-de-ahorro-automotor\/#primaryimage"},"thumbnailUrl":"https:\/\/apuntesdesanluis.com\/wp-content\/uploads\/2023\/08\/camioneta.png","datePublished":"2023-08-01T12:05:06+00:00","dateModified":"2023-08-01T16:08:30+00:00","breadcrumb":{"@id":"https:\/\/apuntesdesanluis.com\/index.php\/2023\/08\/01\/defensa-del-consumidor-hicieron-lugar-al-reclamo-por-un-plan-de-ahorro-automotor\/#breadcrumb"},"inLanguage":"es-AR","potentialAction":[{"@type":"ReadAction","target":["https:\/\/apuntesdesanluis.com\/index.php\/2023\/08\/01\/defensa-del-consumidor-hicieron-lugar-al-reclamo-por-un-plan-de-ahorro-automotor\/"]}]},{"@type":"ImageObject","inLanguage":"es-AR","@id":"https:\/\/apuntesdesanluis.com\/index.php\/2023\/08\/01\/defensa-del-consumidor-hicieron-lugar-al-reclamo-por-un-plan-de-ahorro-automotor\/#primaryimage","url":"https:\/\/apuntesdesanluis.com\/wp-content\/uploads\/2023\/08\/camioneta.png","contentUrl":"https:\/\/apuntesdesanluis.com\/wp-content\/uploads\/2023\/08\/camioneta.png","width":559,"height":317},{"@type":"BreadcrumbList","@id":"https:\/\/apuntesdesanluis.com\/index.php\/2023\/08\/01\/defensa-del-consumidor-hicieron-lugar-al-reclamo-por-un-plan-de-ahorro-automotor\/#breadcrumb","itemListElement":[{"@type":"ListItem","position":1,"name":"Inicio","item":"https:\/\/apuntesdesanluis.com\/"},{"@type":"ListItem","position":2,"name":"DEFENSA DEL CONSUMIDOR: HICIERON LUGAR AL RECLAMO POR UN PLAN DE AHORRO AUTOMOTOR"}]},{"@type":"WebSite","@id":"https:\/\/apuntesdesanluis.com\/#website","url":"https:\/\/apuntesdesanluis.com\/","name":"Apuntes de San Luis","description":"","publisher":{"@id":"https:\/\/apuntesdesanluis.com\/#\/schema\/person\/b55151d52296fcce64d1a72538a70b90"},"potentialAction":[{"@type":"SearchAction","target":{"@type":"EntryPoint","urlTemplate":"https:\/\/apuntesdesanluis.com\/?s={search_term_string}"},"query-input":{"@type":"PropertyValueSpecification","valueRequired":true,"valueName":"search_term_string"}}],"inLanguage":"es-AR"},{"@type":["Person","Organization"],"@id":"https:\/\/apuntesdesanluis.com\/#\/schema\/person\/b55151d52296fcce64d1a72538a70b90","name":"apuntesdesanluis.com","image":{"@type":"ImageObject","inLanguage":"es-AR","@id":"https:\/\/apuntesdesanluis.com\/#\/schema\/person\/image\/","url":"https:\/\/apuntesdesanluis.com\/wp-content\/uploads\/2023\/07\/cropped-apuntesdesanluis.png","contentUrl":"https:\/\/apuntesdesanluis.com\/wp-content\/uploads\/2023\/07\/cropped-apuntesdesanluis.png","width":450,"height":112,"caption":"apuntesdesanluis.com"},"logo":{"@id":"https:\/\/apuntesdesanluis.com\/#\/schema\/person\/image\/"},"sameAs":["https:\/\/apuntesdesanluis.com"],"url":"https:\/\/apuntesdesanluis.com\/index.php\/author\/apuntesdesanluis-com\/"}]}},"featured_image_urls":{"full":["https:\/\/apuntesdesanluis.com\/wp-content\/uploads\/2023\/08\/camioneta.png",559,317,false],"thumbnail":["https:\/\/apuntesdesanluis.com\/wp-content\/uploads\/2023\/08\/camioneta-150x150.png",150,150,true],"medium":["https:\/\/apuntesdesanluis.com\/wp-content\/uploads\/2023\/08\/camioneta-300x170.png",300,170,true],"medium_large":["https:\/\/apuntesdesanluis.com\/wp-content\/uploads\/2023\/08\/camioneta.png",559,317,false],"large":["https:\/\/apuntesdesanluis.com\/wp-content\/uploads\/2023\/08\/camioneta.png",559,317,false],"1536x1536":["https:\/\/apuntesdesanluis.com\/wp-content\/uploads\/2023\/08\/camioneta.png",559,317,false],"2048x2048":["https:\/\/apuntesdesanluis.com\/wp-content\/uploads\/2023\/08\/camioneta.png",559,317,false],"newsever-slider-full":["https:\/\/apuntesdesanluis.com\/wp-content\/uploads\/2023\/08\/camioneta.png",559,317,false],"newsever-featured":["https:\/\/apuntesdesanluis.com\/wp-content\/uploads\/2023\/08\/camioneta.png",559,317,false],"newsever-medium":["https:\/\/apuntesdesanluis.com\/wp-content\/uploads\/2023\/08\/camioneta.png",559,317,false]},"author_info":{"display_name":"apuntesdesanluis.com","author_link":"https:\/\/apuntesdesanluis.com\/index.php\/author\/apuntesdesanluis-com\/"},"category_info":"<a href=\"https:\/\/apuntesdesanluis.com\/index.php\/category\/ciudad-provincia\/\" rel=\"category tag\">Ciudad\/Provincia<\/a>","tag_info":"Ciudad\/Provincia","comment_count":"0","_links":{"self":[{"href":"https:\/\/apuntesdesanluis.com\/index.php\/wp-json\/wp\/v2\/posts\/831","targetHints":{"allow":["GET"]}}],"collection":[{"href":"https:\/\/apuntesdesanluis.com\/index.php\/wp-json\/wp\/v2\/posts"}],"about":[{"href":"https:\/\/apuntesdesanluis.com\/index.php\/wp-json\/wp\/v2\/types\/post"}],"author":[{"embeddable":true,"href":"https:\/\/apuntesdesanluis.com\/index.php\/wp-json\/wp\/v2\/users\/1"}],"replies":[{"embeddable":true,"href":"https:\/\/apuntesdesanluis.com\/index.php\/wp-json\/wp\/v2\/comments?post=831"}],"version-history":[{"count":2,"href":"https:\/\/apuntesdesanluis.com\/index.php\/wp-json\/wp\/v2\/posts\/831\/revisions"}],"predecessor-version":[{"id":834,"href":"https:\/\/apuntesdesanluis.com\/index.php\/wp-json\/wp\/v2\/posts\/831\/revisions\/834"}],"wp:featuredmedia":[{"embeddable":true,"href":"https:\/\/apuntesdesanluis.com\/index.php\/wp-json\/wp\/v2\/media\/832"}],"wp:attachment":[{"href":"https:\/\/apuntesdesanluis.com\/index.php\/wp-json\/wp\/v2\/media?parent=831"}],"wp:term":[{"taxonomy":"category","embeddable":true,"href":"https:\/\/apuntesdesanluis.com\/index.php\/wp-json\/wp\/v2\/categories?post=831"},{"taxonomy":"post_tag","embeddable":true,"href":"https:\/\/apuntesdesanluis.com\/index.php\/wp-json\/wp\/v2\/tags?post=831"}],"curies":[{"name":"wp","href":"https:\/\/api.w.org\/{rel}","templated":true}]}}