{"id":8337,"date":"2023-12-13T22:36:01","date_gmt":"2023-12-14T01:36:01","guid":{"rendered":"https:\/\/apuntesdesanluis.com\/?p=8337"},"modified":"2023-12-13T22:36:34","modified_gmt":"2023-12-14T01:36:34","slug":"javier-milei-modifico-una-ley-para-designar-a-rodolfo-barra-invoco-los-derechos-de-las-personas-mayores","status":"publish","type":"post","link":"https:\/\/apuntesdesanluis.com\/index.php\/2023\/12\/13\/javier-milei-modifico-una-ley-para-designar-a-rodolfo-barra-invoco-los-derechos-de-las-personas-mayores\/","title":{"rendered":"JAVIER MILEI MODIFIC\u00d3 UNA LEY PARA DESIGNAR A RODOLFO BARRA: INVOC\u00d3 LOS DERECHOS DE LAS PERSONAS MAYORES"},"content":{"rendered":"<h3>El presidente <strong>Javier Milei<\/strong> finalmente formaliz\u00f3 la designaci\u00f3n del exministro de Justicia y exintegrante de la Corte Suprema, <strong>Rodolfo Barra<\/strong>. Como una ley le imped\u00eda por su edad ser procurador del Tesoro, el mandatario la modific\u00f3 por decreto e invoc\u00f3 los derechos humanos de las personas mayores.<\/h3>\n<h3>Como se sabe y ense\u00f1a en primer a\u00f1o de la carrera de Derecho, nunca una ley puede ser modificada por decreto, pero en esta nueva etapa parece ser que a nadie llama la atenci\u00f3n &#8230;<\/h3>\n<h3>As\u00ed se desprende del decreto 23\/2023 publicado en las \u00faltimas horas en el Bolet\u00edn Oficial. M\u00e1s all\u00e1 de las formas, en el fondo Milei hizo lo mismo que aquellos de &#8220;la casta&#8221; a quienes no se cansa de criticar: busc\u00f3 un subterfugio legal para conseguir su prop\u00f3sito, con el silencio y complicidad de los mismos que criticaban al Kirchnerismo cuando con el argumento de la edad pretend\u00edan hacer renunciar al juez de la Corte Suprema <strong>Carlos Fayt<\/strong>, de 97 a\u00f1os, porque visiblemente ya no se encontraba en buenas condiciones de salud.<\/h3>\n<h3>Tanto la dirigencia pol\u00edtica de Juntos por el Cambio como los principales medios (La Naci\u00f3n+, TN, Clar\u00edn, entre otros), nada dijeron sobre esta noticia tan llamativa como escandalosa.<\/h3>\n<h3>La normativa modific\u00f3 por decreto una ley para que el funcionario pueda estar a cargo de la Procuraci\u00f3n, ya que se establec\u00eda un l\u00edmite de edad para ocupar el cargo y Barra lo superaba. En la argumentaci\u00f3n utilizada para hacerlo, el presidente invoc\u00f3 el art\u00edculo 18 de la Convenci\u00f3n Interamericana sobre la Protecci\u00f3n de los Derechos Humanos de las Personas Mayores.<\/h3>\n<h3>&#8220;Designase en el cargo de Procurador del Tesoro de la Naci\u00f3n al doctor en Ciencias Jur\u00eddicas Rodolfo Carlos Barra&#8221;, dice la publicaci\u00f3n del Bolet\u00edn Oficial, con la firma del presidente, del jefe de Gabinete Nicol\u00e1s Posse y los ministros Guillermo Francos, Diana Mondino, Luis Petri, Luis Andres Caputo, Patricia Bullrich, Mario Russo, Mariano C\u00faneo Libarona, Guillermo Jos\u00e9 Ferraro y Sandra Pettovello.<\/h3>\n<h3>El decreto publicado modific\u00f3 la Ley N\u00b0 18.777, que establece las funciones de la Procuraci\u00f3n del Tesoro de la Naci\u00f3n. Anteriormente, esta ley fijaba un l\u00edmite de 70 a\u00f1os para ocupar el cargo, mientras que Barra tiene actualmente 75.<\/h3>\n<h3>Ahora, el presidente firm\u00f3 un decreto que elimin\u00f3 ese requisito de edad, sustituyendo el art\u00edculo 2\u00b0 de la ley.<\/h3>\n<h3>As\u00ed las cosas, desde ahora solo se requiere ser ciudadano argentino, abogado con t\u00edtulo habilitante de una universidad argentina y tener al menos 8 a\u00f1os de antig\u00fcedad en la profesi\u00f3n para ocupar el cargo de procurador del Tesoro, que hasta hace una semana estaba a cargo de Carlos Zannini.<\/h3>\n<h3>La modificaci\u00f3n se fundamenta en el principio constitucional de igualdad ante la ley y de no discriminaci\u00f3n por motivos de edad, as\u00ed como en tratados internacionales sobre derechos humanos de las personas mayores. Tambi\u00e9n se menciona como precedente un fallo de la Corte, que a\u00f1os atr\u00e1s declar\u00f3 la inconstitucionalidad de un l\u00edmite de edad para ser Encargado de Registro de la Propiedad Automotor.<\/h3>\n<h3>El decreto se dicta de urgencia y ser\u00e1 evaluado por el Congreso, de acuerdo al procedimiento establecido para los decretos de necesidad y urgencia en la Constituci\u00f3n Nacional y la Ley N\u00b0 26.122.<\/h3>\n<h3>QUI\u00c9N ES RODOLFO BARRA<\/h3>\n<h3>Egresado en 1970 de la Universidad Cat\u00f3lica Argentina, y especializado en derecho administrativo, Barra fue nombrado en 1989 viceministro de Obras y Servicios P\u00fablicos por el expresidente Carlos Menem y, meses despu\u00e9s, como secretario del Interior.<\/h3>\n<h3>En 1990 el Congreso Nacional aument\u00f3 los miembros de la Corte Suprema a nueve y, con acuerdo del Senado, Menem lo nombr\u00f3 ministro del M\u00e1ximo Tribunal, cargo al que renunci\u00f3 en 1993. Al a\u00f1o siguiente fue uno de los convencionales constituyentes y despu\u00e9s el exmandatario riojano lo eligi\u00f3 como Ministro de Justicia, cartera que abandon\u00f3 tras una denuncia que lo se\u00f1alaba como integrante en su juventud de una agrupaci\u00f3n que simpatizaba con el nazismo.<\/h3>\n<h3>Eso \u00faltimo le vali\u00f3 repudios en su momento y tambi\u00e9n cuando se conoci\u00f3 que integrar\u00eda el gobierno de Milei.<\/h3>\n<h3>Como futuro procurador del Tesoro, Barra estar\u00e1 encargado, entre otras cosas, de liderar la representaci\u00f3n y defensa del Estado nacional en las causas que se inicien para cuestionar las decisiones impulsadas por el presidente y sus funcionarios. Est\u00e1 convencido de que aportar\u00e1 los conocimientos jur\u00eddicos, que ser\u00e1n la base de apoyo de las reformas que promete Milei atravesadas por el achique del Estado, como hizo con Menem.<\/h3>\n<p>&nbsp;<\/p>\n<p>&nbsp;<\/p>\n<p>&nbsp;<\/p>\n","protected":false},"excerpt":{"rendered":"<p>El presidente Javier Milei finalmente formaliz\u00f3 la designaci\u00f3n del exministro de Justicia y exintegrante de&#8230;<\/p>\n","protected":false},"author":1,"featured_media":8338,"comment_status":"closed","ping_status":"closed","sticky":false,"template":"","format":"standard","meta":{"footnotes":""},"categories":[5],"tags":[],"class_list":["post-8337","post","type-post","status-publish","format-standard","has-post-thumbnail","hentry","category-nacionales-internacionales"],"yoast_head":"<!-- This site is optimized with the Yoast SEO plugin v26.1.1 - https:\/\/yoast.com\/wordpress\/plugins\/seo\/ -->\n<title>JAVIER MILEI MODIFIC\u00d3 UNA LEY PARA DESIGNAR A RODOLFO BARRA: INVOC\u00d3 LOS DERECHOS DE LAS PERSONAS MAYORES - Apuntes de San Luis<\/title>\n<meta name=\"robots\" content=\"index, follow, max-snippet:-1, max-image-preview:large, max-video-preview:-1\" \/>\n<link rel=\"canonical\" href=\"https:\/\/apuntesdesanluis.com\/index.php\/2023\/12\/13\/javier-milei-modifico-una-ley-para-designar-a-rodolfo-barra-invoco-los-derechos-de-las-personas-mayores\/\" \/>\n<meta property=\"og:locale\" content=\"es_ES\" \/>\n<meta property=\"og:type\" content=\"article\" \/>\n<meta property=\"og:title\" content=\"JAVIER MILEI MODIFIC\u00d3 UNA LEY PARA DESIGNAR A RODOLFO BARRA: INVOC\u00d3 LOS DERECHOS DE LAS PERSONAS MAYORES - Apuntes de San Luis\" \/>\n<meta property=\"og:description\" content=\"El presidente Javier Milei finalmente formaliz\u00f3 la designaci\u00f3n del exministro de Justicia y exintegrante de...\" \/>\n<meta property=\"og:url\" content=\"https:\/\/apuntesdesanluis.com\/index.php\/2023\/12\/13\/javier-milei-modifico-una-ley-para-designar-a-rodolfo-barra-invoco-los-derechos-de-las-personas-mayores\/\" \/>\n<meta property=\"og:site_name\" content=\"Apuntes de San Luis\" \/>\n<meta property=\"article:published_time\" content=\"2023-12-14T01:36:01+00:00\" \/>\n<meta property=\"article:modified_time\" content=\"2023-12-14T01:36:34+00:00\" \/>\n<meta property=\"og:image\" content=\"https:\/\/apuntesdesanluis.com\/wp-content\/uploads\/2023\/12\/Rodolfo-Barra.png\" \/>\n\t<meta property=\"og:image:width\" content=\"600\" \/>\n\t<meta property=\"og:image:height\" content=\"331\" \/>\n\t<meta property=\"og:image:type\" content=\"image\/png\" \/>\n<meta name=\"author\" content=\"apuntesdesanluis.com\" \/>\n<meta name=\"twitter:card\" content=\"summary_large_image\" \/>\n<meta name=\"twitter:label1\" content=\"Escrito por\" \/>\n\t<meta name=\"twitter:data1\" content=\"apuntesdesanluis.com\" \/>\n\t<meta name=\"twitter:label2\" content=\"Tiempo de lectura\" \/>\n\t<meta name=\"twitter:data2\" content=\"4 minutos\" \/>\n<script type=\"application\/ld+json\" class=\"yoast-schema-graph\">{\"@context\":\"https:\/\/schema.org\",\"@graph\":[{\"@type\":\"Article\",\"@id\":\"https:\/\/apuntesdesanluis.com\/index.php\/2023\/12\/13\/javier-milei-modifico-una-ley-para-designar-a-rodolfo-barra-invoco-los-derechos-de-las-personas-mayores\/#article\",\"isPartOf\":{\"@id\":\"https:\/\/apuntesdesanluis.com\/index.php\/2023\/12\/13\/javier-milei-modifico-una-ley-para-designar-a-rodolfo-barra-invoco-los-derechos-de-las-personas-mayores\/\"},\"author\":{\"name\":\"apuntesdesanluis.com\",\"@id\":\"https:\/\/apuntesdesanluis.com\/#\/schema\/person\/b55151d52296fcce64d1a72538a70b90\"},\"headline\":\"JAVIER MILEI MODIFIC\u00d3 UNA LEY PARA DESIGNAR A RODOLFO BARRA: INVOC\u00d3 LOS DERECHOS DE LAS PERSONAS MAYORES\",\"datePublished\":\"2023-12-14T01:36:01+00:00\",\"dateModified\":\"2023-12-14T01:36:34+00:00\",\"mainEntityOfPage\":{\"@id\":\"https:\/\/apuntesdesanluis.com\/index.php\/2023\/12\/13\/javier-milei-modifico-una-ley-para-designar-a-rodolfo-barra-invoco-los-derechos-de-las-personas-mayores\/\"},\"wordCount\":788,\"publisher\":{\"@id\":\"https:\/\/apuntesdesanluis.com\/#\/schema\/person\/b55151d52296fcce64d1a72538a70b90\"},\"image\":{\"@id\":\"https:\/\/apuntesdesanluis.com\/index.php\/2023\/12\/13\/javier-milei-modifico-una-ley-para-designar-a-rodolfo-barra-invoco-los-derechos-de-las-personas-mayores\/#primaryimage\"},\"thumbnailUrl\":\"https:\/\/apuntesdesanluis.com\/wp-content\/uploads\/2023\/12\/Rodolfo-Barra.png\",\"articleSection\":[\"Nacionales\/Internacionales\"],\"inLanguage\":\"es-AR\"},{\"@type\":\"WebPage\",\"@id\":\"https:\/\/apuntesdesanluis.com\/index.php\/2023\/12\/13\/javier-milei-modifico-una-ley-para-designar-a-rodolfo-barra-invoco-los-derechos-de-las-personas-mayores\/\",\"url\":\"https:\/\/apuntesdesanluis.com\/index.php\/2023\/12\/13\/javier-milei-modifico-una-ley-para-designar-a-rodolfo-barra-invoco-los-derechos-de-las-personas-mayores\/\",\"name\":\"JAVIER MILEI MODIFIC\u00d3 UNA LEY PARA DESIGNAR A RODOLFO BARRA: INVOC\u00d3 LOS DERECHOS DE LAS PERSONAS MAYORES - Apuntes de San Luis\",\"isPartOf\":{\"@id\":\"https:\/\/apuntesdesanluis.com\/#website\"},\"primaryImageOfPage\":{\"@id\":\"https:\/\/apuntesdesanluis.com\/index.php\/2023\/12\/13\/javier-milei-modifico-una-ley-para-designar-a-rodolfo-barra-invoco-los-derechos-de-las-personas-mayores\/#primaryimage\"},\"image\":{\"@id\":\"https:\/\/apuntesdesanluis.com\/index.php\/2023\/12\/13\/javier-milei-modifico-una-ley-para-designar-a-rodolfo-barra-invoco-los-derechos-de-las-personas-mayores\/#primaryimage\"},\"thumbnailUrl\":\"https:\/\/apuntesdesanluis.com\/wp-content\/uploads\/2023\/12\/Rodolfo-Barra.png\",\"datePublished\":\"2023-12-14T01:36:01+00:00\",\"dateModified\":\"2023-12-14T01:36:34+00:00\",\"breadcrumb\":{\"@id\":\"https:\/\/apuntesdesanluis.com\/index.php\/2023\/12\/13\/javier-milei-modifico-una-ley-para-designar-a-rodolfo-barra-invoco-los-derechos-de-las-personas-mayores\/#breadcrumb\"},\"inLanguage\":\"es-AR\",\"potentialAction\":[{\"@type\":\"ReadAction\",\"target\":[\"https:\/\/apuntesdesanluis.com\/index.php\/2023\/12\/13\/javier-milei-modifico-una-ley-para-designar-a-rodolfo-barra-invoco-los-derechos-de-las-personas-mayores\/\"]}]},{\"@type\":\"ImageObject\",\"inLanguage\":\"es-AR\",\"@id\":\"https:\/\/apuntesdesanluis.com\/index.php\/2023\/12\/13\/javier-milei-modifico-una-ley-para-designar-a-rodolfo-barra-invoco-los-derechos-de-las-personas-mayores\/#primaryimage\",\"url\":\"https:\/\/apuntesdesanluis.com\/wp-content\/uploads\/2023\/12\/Rodolfo-Barra.png\",\"contentUrl\":\"https:\/\/apuntesdesanluis.com\/wp-content\/uploads\/2023\/12\/Rodolfo-Barra.png\",\"width\":600,\"height\":331},{\"@type\":\"BreadcrumbList\",\"@id\":\"https:\/\/apuntesdesanluis.com\/index.php\/2023\/12\/13\/javier-milei-modifico-una-ley-para-designar-a-rodolfo-barra-invoco-los-derechos-de-las-personas-mayores\/#breadcrumb\",\"itemListElement\":[{\"@type\":\"ListItem\",\"position\":1,\"name\":\"Inicio\",\"item\":\"https:\/\/apuntesdesanluis.com\/\"},{\"@type\":\"ListItem\",\"position\":2,\"name\":\"JAVIER MILEI MODIFIC\u00d3 UNA LEY PARA DESIGNAR A RODOLFO BARRA: INVOC\u00d3 LOS DERECHOS DE LAS PERSONAS MAYORES\"}]},{\"@type\":\"WebSite\",\"@id\":\"https:\/\/apuntesdesanluis.com\/#website\",\"url\":\"https:\/\/apuntesdesanluis.com\/\",\"name\":\"Apuntes de San Luis\",\"description\":\"\",\"publisher\":{\"@id\":\"https:\/\/apuntesdesanluis.com\/#\/schema\/person\/b55151d52296fcce64d1a72538a70b90\"},\"potentialAction\":[{\"@type\":\"SearchAction\",\"target\":{\"@type\":\"EntryPoint\",\"urlTemplate\":\"https:\/\/apuntesdesanluis.com\/?s={search_term_string}\"},\"query-input\":{\"@type\":\"PropertyValueSpecification\",\"valueRequired\":true,\"valueName\":\"search_term_string\"}}],\"inLanguage\":\"es-AR\"},{\"@type\":[\"Person\",\"Organization\"],\"@id\":\"https:\/\/apuntesdesanluis.com\/#\/schema\/person\/b55151d52296fcce64d1a72538a70b90\",\"name\":\"apuntesdesanluis.com\",\"image\":{\"@type\":\"ImageObject\",\"inLanguage\":\"es-AR\",\"@id\":\"https:\/\/apuntesdesanluis.com\/#\/schema\/person\/image\/\",\"url\":\"https:\/\/apuntesdesanluis.com\/wp-content\/uploads\/2023\/07\/cropped-apuntesdesanluis.png\",\"contentUrl\":\"https:\/\/apuntesdesanluis.com\/wp-content\/uploads\/2023\/07\/cropped-apuntesdesanluis.png\",\"width\":450,\"height\":112,\"caption\":\"apuntesdesanluis.com\"},\"logo\":{\"@id\":\"https:\/\/apuntesdesanluis.com\/#\/schema\/person\/image\/\"},\"sameAs\":[\"https:\/\/apuntesdesanluis.com\"],\"url\":\"https:\/\/apuntesdesanluis.com\/index.php\/author\/apuntesdesanluis-com\/\"}]}<\/script>\n<!-- \/ Yoast SEO plugin. -->","yoast_head_json":{"title":"JAVIER MILEI MODIFIC\u00d3 UNA LEY PARA DESIGNAR A RODOLFO BARRA: INVOC\u00d3 LOS DERECHOS DE LAS PERSONAS MAYORES - Apuntes de San Luis","robots":{"index":"index","follow":"follow","max-snippet":"max-snippet:-1","max-image-preview":"max-image-preview:large","max-video-preview":"max-video-preview:-1"},"canonical":"https:\/\/apuntesdesanluis.com\/index.php\/2023\/12\/13\/javier-milei-modifico-una-ley-para-designar-a-rodolfo-barra-invoco-los-derechos-de-las-personas-mayores\/","og_locale":"es_ES","og_type":"article","og_title":"JAVIER MILEI MODIFIC\u00d3 UNA LEY PARA DESIGNAR A RODOLFO BARRA: INVOC\u00d3 LOS DERECHOS DE LAS PERSONAS MAYORES - Apuntes de San Luis","og_description":"El presidente Javier Milei finalmente formaliz\u00f3 la designaci\u00f3n del exministro de Justicia y exintegrante de...","og_url":"https:\/\/apuntesdesanluis.com\/index.php\/2023\/12\/13\/javier-milei-modifico-una-ley-para-designar-a-rodolfo-barra-invoco-los-derechos-de-las-personas-mayores\/","og_site_name":"Apuntes de San Luis","article_published_time":"2023-12-14T01:36:01+00:00","article_modified_time":"2023-12-14T01:36:34+00:00","og_image":[{"width":600,"height":331,"url":"https:\/\/apuntesdesanluis.com\/wp-content\/uploads\/2023\/12\/Rodolfo-Barra.png","type":"image\/png"}],"author":"apuntesdesanluis.com","twitter_card":"summary_large_image","twitter_misc":{"Escrito por":"apuntesdesanluis.com","Tiempo de lectura":"4 minutos"},"schema":{"@context":"https:\/\/schema.org","@graph":[{"@type":"Article","@id":"https:\/\/apuntesdesanluis.com\/index.php\/2023\/12\/13\/javier-milei-modifico-una-ley-para-designar-a-rodolfo-barra-invoco-los-derechos-de-las-personas-mayores\/#article","isPartOf":{"@id":"https:\/\/apuntesdesanluis.com\/index.php\/2023\/12\/13\/javier-milei-modifico-una-ley-para-designar-a-rodolfo-barra-invoco-los-derechos-de-las-personas-mayores\/"},"author":{"name":"apuntesdesanluis.com","@id":"https:\/\/apuntesdesanluis.com\/#\/schema\/person\/b55151d52296fcce64d1a72538a70b90"},"headline":"JAVIER MILEI MODIFIC\u00d3 UNA LEY PARA DESIGNAR A RODOLFO BARRA: INVOC\u00d3 LOS DERECHOS DE LAS PERSONAS MAYORES","datePublished":"2023-12-14T01:36:01+00:00","dateModified":"2023-12-14T01:36:34+00:00","mainEntityOfPage":{"@id":"https:\/\/apuntesdesanluis.com\/index.php\/2023\/12\/13\/javier-milei-modifico-una-ley-para-designar-a-rodolfo-barra-invoco-los-derechos-de-las-personas-mayores\/"},"wordCount":788,"publisher":{"@id":"https:\/\/apuntesdesanluis.com\/#\/schema\/person\/b55151d52296fcce64d1a72538a70b90"},"image":{"@id":"https:\/\/apuntesdesanluis.com\/index.php\/2023\/12\/13\/javier-milei-modifico-una-ley-para-designar-a-rodolfo-barra-invoco-los-derechos-de-las-personas-mayores\/#primaryimage"},"thumbnailUrl":"https:\/\/apuntesdesanluis.com\/wp-content\/uploads\/2023\/12\/Rodolfo-Barra.png","articleSection":["Nacionales\/Internacionales"],"inLanguage":"es-AR"},{"@type":"WebPage","@id":"https:\/\/apuntesdesanluis.com\/index.php\/2023\/12\/13\/javier-milei-modifico-una-ley-para-designar-a-rodolfo-barra-invoco-los-derechos-de-las-personas-mayores\/","url":"https:\/\/apuntesdesanluis.com\/index.php\/2023\/12\/13\/javier-milei-modifico-una-ley-para-designar-a-rodolfo-barra-invoco-los-derechos-de-las-personas-mayores\/","name":"JAVIER MILEI MODIFIC\u00d3 UNA LEY PARA DESIGNAR A RODOLFO BARRA: INVOC\u00d3 LOS DERECHOS DE LAS PERSONAS MAYORES - Apuntes de San Luis","isPartOf":{"@id":"https:\/\/apuntesdesanluis.com\/#website"},"primaryImageOfPage":{"@id":"https:\/\/apuntesdesanluis.com\/index.php\/2023\/12\/13\/javier-milei-modifico-una-ley-para-designar-a-rodolfo-barra-invoco-los-derechos-de-las-personas-mayores\/#primaryimage"},"image":{"@id":"https:\/\/apuntesdesanluis.com\/index.php\/2023\/12\/13\/javier-milei-modifico-una-ley-para-designar-a-rodolfo-barra-invoco-los-derechos-de-las-personas-mayores\/#primaryimage"},"thumbnailUrl":"https:\/\/apuntesdesanluis.com\/wp-content\/uploads\/2023\/12\/Rodolfo-Barra.png","datePublished":"2023-12-14T01:36:01+00:00","dateModified":"2023-12-14T01:36:34+00:00","breadcrumb":{"@id":"https:\/\/apuntesdesanluis.com\/index.php\/2023\/12\/13\/javier-milei-modifico-una-ley-para-designar-a-rodolfo-barra-invoco-los-derechos-de-las-personas-mayores\/#breadcrumb"},"inLanguage":"es-AR","potentialAction":[{"@type":"ReadAction","target":["https:\/\/apuntesdesanluis.com\/index.php\/2023\/12\/13\/javier-milei-modifico-una-ley-para-designar-a-rodolfo-barra-invoco-los-derechos-de-las-personas-mayores\/"]}]},{"@type":"ImageObject","inLanguage":"es-AR","@id":"https:\/\/apuntesdesanluis.com\/index.php\/2023\/12\/13\/javier-milei-modifico-una-ley-para-designar-a-rodolfo-barra-invoco-los-derechos-de-las-personas-mayores\/#primaryimage","url":"https:\/\/apuntesdesanluis.com\/wp-content\/uploads\/2023\/12\/Rodolfo-Barra.png","contentUrl":"https:\/\/apuntesdesanluis.com\/wp-content\/uploads\/2023\/12\/Rodolfo-Barra.png","width":600,"height":331},{"@type":"BreadcrumbList","@id":"https:\/\/apuntesdesanluis.com\/index.php\/2023\/12\/13\/javier-milei-modifico-una-ley-para-designar-a-rodolfo-barra-invoco-los-derechos-de-las-personas-mayores\/#breadcrumb","itemListElement":[{"@type":"ListItem","position":1,"name":"Inicio","item":"https:\/\/apuntesdesanluis.com\/"},{"@type":"ListItem","position":2,"name":"JAVIER MILEI MODIFIC\u00d3 UNA LEY PARA DESIGNAR A RODOLFO BARRA: INVOC\u00d3 LOS DERECHOS DE LAS PERSONAS MAYORES"}]},{"@type":"WebSite","@id":"https:\/\/apuntesdesanluis.com\/#website","url":"https:\/\/apuntesdesanluis.com\/","name":"Apuntes de San Luis","description":"","publisher":{"@id":"https:\/\/apuntesdesanluis.com\/#\/schema\/person\/b55151d52296fcce64d1a72538a70b90"},"potentialAction":[{"@type":"SearchAction","target":{"@type":"EntryPoint","urlTemplate":"https:\/\/apuntesdesanluis.com\/?s={search_term_string}"},"query-input":{"@type":"PropertyValueSpecification","valueRequired":true,"valueName":"search_term_string"}}],"inLanguage":"es-AR"},{"@type":["Person","Organization"],"@id":"https:\/\/apuntesdesanluis.com\/#\/schema\/person\/b55151d52296fcce64d1a72538a70b90","name":"apuntesdesanluis.com","image":{"@type":"ImageObject","inLanguage":"es-AR","@id":"https:\/\/apuntesdesanluis.com\/#\/schema\/person\/image\/","url":"https:\/\/apuntesdesanluis.com\/wp-content\/uploads\/2023\/07\/cropped-apuntesdesanluis.png","contentUrl":"https:\/\/apuntesdesanluis.com\/wp-content\/uploads\/2023\/07\/cropped-apuntesdesanluis.png","width":450,"height":112,"caption":"apuntesdesanluis.com"},"logo":{"@id":"https:\/\/apuntesdesanluis.com\/#\/schema\/person\/image\/"},"sameAs":["https:\/\/apuntesdesanluis.com"],"url":"https:\/\/apuntesdesanluis.com\/index.php\/author\/apuntesdesanluis-com\/"}]}},"featured_image_urls":{"full":["https:\/\/apuntesdesanluis.com\/wp-content\/uploads\/2023\/12\/Rodolfo-Barra.png",600,331,false],"thumbnail":["https:\/\/apuntesdesanluis.com\/wp-content\/uploads\/2023\/12\/Rodolfo-Barra-150x150.png",150,150,true],"medium":["https:\/\/apuntesdesanluis.com\/wp-content\/uploads\/2023\/12\/Rodolfo-Barra-300x166.png",300,166,true],"medium_large":["https:\/\/apuntesdesanluis.com\/wp-content\/uploads\/2023\/12\/Rodolfo-Barra.png",600,331,false],"large":["https:\/\/apuntesdesanluis.com\/wp-content\/uploads\/2023\/12\/Rodolfo-Barra.png",600,331,false],"1536x1536":["https:\/\/apuntesdesanluis.com\/wp-content\/uploads\/2023\/12\/Rodolfo-Barra.png",600,331,false],"2048x2048":["https:\/\/apuntesdesanluis.com\/wp-content\/uploads\/2023\/12\/Rodolfo-Barra.png",600,331,false],"newsever-slider-full":["https:\/\/apuntesdesanluis.com\/wp-content\/uploads\/2023\/12\/Rodolfo-Barra.png",600,331,false],"newsever-featured":["https:\/\/apuntesdesanluis.com\/wp-content\/uploads\/2023\/12\/Rodolfo-Barra.png",600,331,false],"newsever-medium":["https:\/\/apuntesdesanluis.com\/wp-content\/uploads\/2023\/12\/Rodolfo-Barra.png",600,331,false]},"author_info":{"display_name":"apuntesdesanluis.com","author_link":"https:\/\/apuntesdesanluis.com\/index.php\/author\/apuntesdesanluis-com\/"},"category_info":"<a href=\"https:\/\/apuntesdesanluis.com\/index.php\/category\/nacionales-internacionales\/\" rel=\"category tag\">Nacionales\/Internacionales<\/a>","tag_info":"Nacionales\/Internacionales","comment_count":"0","_links":{"self":[{"href":"https:\/\/apuntesdesanluis.com\/index.php\/wp-json\/wp\/v2\/posts\/8337","targetHints":{"allow":["GET"]}}],"collection":[{"href":"https:\/\/apuntesdesanluis.com\/index.php\/wp-json\/wp\/v2\/posts"}],"about":[{"href":"https:\/\/apuntesdesanluis.com\/index.php\/wp-json\/wp\/v2\/types\/post"}],"author":[{"embeddable":true,"href":"https:\/\/apuntesdesanluis.com\/index.php\/wp-json\/wp\/v2\/users\/1"}],"replies":[{"embeddable":true,"href":"https:\/\/apuntesdesanluis.com\/index.php\/wp-json\/wp\/v2\/comments?post=8337"}],"version-history":[{"count":2,"href":"https:\/\/apuntesdesanluis.com\/index.php\/wp-json\/wp\/v2\/posts\/8337\/revisions"}],"predecessor-version":[{"id":8340,"href":"https:\/\/apuntesdesanluis.com\/index.php\/wp-json\/wp\/v2\/posts\/8337\/revisions\/8340"}],"wp:featuredmedia":[{"embeddable":true,"href":"https:\/\/apuntesdesanluis.com\/index.php\/wp-json\/wp\/v2\/media\/8338"}],"wp:attachment":[{"href":"https:\/\/apuntesdesanluis.com\/index.php\/wp-json\/wp\/v2\/media?parent=8337"}],"wp:term":[{"taxonomy":"category","embeddable":true,"href":"https:\/\/apuntesdesanluis.com\/index.php\/wp-json\/wp\/v2\/categories?post=8337"},{"taxonomy":"post_tag","embeddable":true,"href":"https:\/\/apuntesdesanluis.com\/index.php\/wp-json\/wp\/v2\/tags?post=8337"}],"curies":[{"name":"wp","href":"https:\/\/api.w.org\/{rel}","templated":true}]}}