{"id":8351,"date":"2023-12-13T23:36:31","date_gmt":"2023-12-14T02:36:31","guid":{"rendered":"https:\/\/apuntesdesanluis.com\/?p=8351"},"modified":"2023-12-13T23:38:04","modified_gmt":"2023-12-14T02:38:04","slug":"atencion-el-doctor-no-viaja-a-villa-mercedes-porque-comunicara-un-crudo-diagnostico","status":"publish","type":"post","link":"https:\/\/apuntesdesanluis.com\/index.php\/2023\/12\/13\/atencion-el-doctor-no-viaja-a-villa-mercedes-porque-comunicara-un-crudo-diagnostico\/","title":{"rendered":"ATENCI\u00d3N: EL DOCTOR NO VIAJA A VILLA MERCEDES PORQUE COMUNICAR\u00c1 UN \u201cCRUDO DIAGN\u00d3STICO\u201d"},"content":{"rendered":"<h3>Hace instantes la <strong>Agencia de Noticias San Luis<\/strong> confirm\u00f3 que este jueves el gobernador no viajar\u00e1 a Villa Mercedes, como ten\u00eda previsto, porque se encuentra abocado a preparar un informe a la ciudadan\u00eda.<\/h3>\n<h3><em>\u201cClaudio Poggi suspendi\u00f3 la actividad en Villa Mercedes para abocarse a recibir y analizar la informaci\u00f3n perteneciente a las distintas \u00e1reas de gobierno, a los efectos de conocer y analizar el estado de la situaci\u00f3n econ\u00f3mica y financiera de la provincia\u201d, <\/em>indic\u00f3 el escueto parte oficial.<\/h3>\n<h3>En relaci\u00f3n al estado en que se encuentra el estado provincial, este <strong>jueves 14 de diciembre a las 20.30<\/strong>, brindar\u00e1 el 1\u00b0 informe del estado financiero en que recibi\u00f3 la provincia.<\/h3>\n<h3>La exposici\u00f3n del Gobernador se podr\u00e1 seguir a trav\u00e9s de la pantalla de <strong>San Luis + (Canal 13)<\/strong> y <strong>Agencia de Noticias San Luis<\/strong>.<\/h3>\n<h3>Seg\u00fan trascendi\u00f3, Poggi dar\u00e1 a conocer \u201ccifras y situaciones impactantes\u201d sobre el estado de las finanzas.<\/h3>\n<h3><span style=\"color: #000000;\"><strong>Apuntes de San Luis<\/strong> <\/span>pudo confirmar que en los despachos oficiales se contin\u00faa analizando la posibilidad de que el mandatario se vea obligado a decretar la \u201cemergencia econ\u00f3mica\u201d y a solicitar autorizaci\u00f3n para contraer un pr\u00e9stamo, con el objetivo de poder afrontar el pago de las pr\u00f3ximas obligaciones econ\u00f3micas, entre ellas los salarios de la administraci\u00f3n p\u00fablica.<\/h3>\n<p>&nbsp;<\/p>\n<p>&nbsp;<\/p>\n<p>&nbsp;<\/p>\n","protected":false},"excerpt":{"rendered":"<p>Hace instantes la Agencia de Noticias San Luis confirm\u00f3 que este jueves el gobernador no&#8230;<\/p>\n","protected":false},"author":1,"featured_media":8352,"comment_status":"closed","ping_status":"closed","sticky":false,"template":"","format":"standard","meta":{"footnotes":""},"categories":[6],"tags":[],"class_list":["post-8351","post","type-post","status-publish","format-standard","has-post-thumbnail","hentry","category-ciudad-provincia"],"yoast_head":"<!-- This site is optimized with the Yoast SEO plugin v26.1.1 - https:\/\/yoast.com\/wordpress\/plugins\/seo\/ -->\n<title>ATENCI\u00d3N: EL DOCTOR NO VIAJA A VILLA MERCEDES PORQUE COMUNICAR\u00c1 UN \u201cCRUDO DIAGN\u00d3STICO\u201d - Apuntes de San Luis<\/title>\n<meta name=\"robots\" content=\"index, follow, max-snippet:-1, max-image-preview:large, max-video-preview:-1\" \/>\n<link rel=\"canonical\" href=\"https:\/\/apuntesdesanluis.com\/index.php\/2023\/12\/13\/atencion-el-doctor-no-viaja-a-villa-mercedes-porque-comunicara-un-crudo-diagnostico\/\" \/>\n<meta property=\"og:locale\" content=\"es_ES\" \/>\n<meta property=\"og:type\" content=\"article\" \/>\n<meta property=\"og:title\" content=\"ATENCI\u00d3N: EL DOCTOR NO VIAJA A VILLA MERCEDES PORQUE COMUNICAR\u00c1 UN \u201cCRUDO DIAGN\u00d3STICO\u201d - Apuntes de San Luis\" \/>\n<meta property=\"og:description\" content=\"Hace instantes la Agencia de Noticias San Luis confirm\u00f3 que este jueves el gobernador no...\" \/>\n<meta property=\"og:url\" content=\"https:\/\/apuntesdesanluis.com\/index.php\/2023\/12\/13\/atencion-el-doctor-no-viaja-a-villa-mercedes-porque-comunicara-un-crudo-diagnostico\/\" \/>\n<meta property=\"og:site_name\" content=\"Apuntes de San Luis\" \/>\n<meta property=\"article:published_time\" content=\"2023-12-14T02:36:31+00:00\" \/>\n<meta property=\"article:modified_time\" content=\"2023-12-14T02:38:04+00:00\" \/>\n<meta property=\"og:image\" content=\"https:\/\/apuntesdesanluis.com\/wp-content\/uploads\/2023\/12\/medico.png\" \/>\n\t<meta property=\"og:image:width\" content=\"595\" \/>\n\t<meta property=\"og:image:height\" content=\"354\" \/>\n\t<meta property=\"og:image:type\" content=\"image\/png\" \/>\n<meta name=\"author\" content=\"apuntesdesanluis.com\" \/>\n<meta name=\"twitter:card\" content=\"summary_large_image\" \/>\n<meta name=\"twitter:label1\" content=\"Escrito por\" \/>\n\t<meta name=\"twitter:data1\" content=\"apuntesdesanluis.com\" \/>\n\t<meta name=\"twitter:label2\" content=\"Tiempo de lectura\" \/>\n\t<meta name=\"twitter:data2\" content=\"1 minuto\" \/>\n<script type=\"application\/ld+json\" class=\"yoast-schema-graph\">{\"@context\":\"https:\/\/schema.org\",\"@graph\":[{\"@type\":\"Article\",\"@id\":\"https:\/\/apuntesdesanluis.com\/index.php\/2023\/12\/13\/atencion-el-doctor-no-viaja-a-villa-mercedes-porque-comunicara-un-crudo-diagnostico\/#article\",\"isPartOf\":{\"@id\":\"https:\/\/apuntesdesanluis.com\/index.php\/2023\/12\/13\/atencion-el-doctor-no-viaja-a-villa-mercedes-porque-comunicara-un-crudo-diagnostico\/\"},\"author\":{\"name\":\"apuntesdesanluis.com\",\"@id\":\"https:\/\/apuntesdesanluis.com\/#\/schema\/person\/b55151d52296fcce64d1a72538a70b90\"},\"headline\":\"ATENCI\u00d3N: EL DOCTOR NO VIAJA A VILLA MERCEDES PORQUE COMUNICAR\u00c1 UN \u201cCRUDO DIAGN\u00d3STICO\u201d\",\"datePublished\":\"2023-12-14T02:36:31+00:00\",\"dateModified\":\"2023-12-14T02:38:04+00:00\",\"mainEntityOfPage\":{\"@id\":\"https:\/\/apuntesdesanluis.com\/index.php\/2023\/12\/13\/atencion-el-doctor-no-viaja-a-villa-mercedes-porque-comunicara-un-crudo-diagnostico\/\"},\"wordCount\":237,\"publisher\":{\"@id\":\"https:\/\/apuntesdesanluis.com\/#\/schema\/person\/b55151d52296fcce64d1a72538a70b90\"},\"image\":{\"@id\":\"https:\/\/apuntesdesanluis.com\/index.php\/2023\/12\/13\/atencion-el-doctor-no-viaja-a-villa-mercedes-porque-comunicara-un-crudo-diagnostico\/#primaryimage\"},\"thumbnailUrl\":\"https:\/\/apuntesdesanluis.com\/wp-content\/uploads\/2023\/12\/medico.png\",\"articleSection\":[\"Ciudad\/Provincia\"],\"inLanguage\":\"es-AR\"},{\"@type\":\"WebPage\",\"@id\":\"https:\/\/apuntesdesanluis.com\/index.php\/2023\/12\/13\/atencion-el-doctor-no-viaja-a-villa-mercedes-porque-comunicara-un-crudo-diagnostico\/\",\"url\":\"https:\/\/apuntesdesanluis.com\/index.php\/2023\/12\/13\/atencion-el-doctor-no-viaja-a-villa-mercedes-porque-comunicara-un-crudo-diagnostico\/\",\"name\":\"ATENCI\u00d3N: EL DOCTOR NO VIAJA A VILLA MERCEDES PORQUE COMUNICAR\u00c1 UN \u201cCRUDO DIAGN\u00d3STICO\u201d - Apuntes de San Luis\",\"isPartOf\":{\"@id\":\"https:\/\/apuntesdesanluis.com\/#website\"},\"primaryImageOfPage\":{\"@id\":\"https:\/\/apuntesdesanluis.com\/index.php\/2023\/12\/13\/atencion-el-doctor-no-viaja-a-villa-mercedes-porque-comunicara-un-crudo-diagnostico\/#primaryimage\"},\"image\":{\"@id\":\"https:\/\/apuntesdesanluis.com\/index.php\/2023\/12\/13\/atencion-el-doctor-no-viaja-a-villa-mercedes-porque-comunicara-un-crudo-diagnostico\/#primaryimage\"},\"thumbnailUrl\":\"https:\/\/apuntesdesanluis.com\/wp-content\/uploads\/2023\/12\/medico.png\",\"datePublished\":\"2023-12-14T02:36:31+00:00\",\"dateModified\":\"2023-12-14T02:38:04+00:00\",\"breadcrumb\":{\"@id\":\"https:\/\/apuntesdesanluis.com\/index.php\/2023\/12\/13\/atencion-el-doctor-no-viaja-a-villa-mercedes-porque-comunicara-un-crudo-diagnostico\/#breadcrumb\"},\"inLanguage\":\"es-AR\",\"potentialAction\":[{\"@type\":\"ReadAction\",\"target\":[\"https:\/\/apuntesdesanluis.com\/index.php\/2023\/12\/13\/atencion-el-doctor-no-viaja-a-villa-mercedes-porque-comunicara-un-crudo-diagnostico\/\"]}]},{\"@type\":\"ImageObject\",\"inLanguage\":\"es-AR\",\"@id\":\"https:\/\/apuntesdesanluis.com\/index.php\/2023\/12\/13\/atencion-el-doctor-no-viaja-a-villa-mercedes-porque-comunicara-un-crudo-diagnostico\/#primaryimage\",\"url\":\"https:\/\/apuntesdesanluis.com\/wp-content\/uploads\/2023\/12\/medico.png\",\"contentUrl\":\"https:\/\/apuntesdesanluis.com\/wp-content\/uploads\/2023\/12\/medico.png\",\"width\":595,\"height\":354},{\"@type\":\"BreadcrumbList\",\"@id\":\"https:\/\/apuntesdesanluis.com\/index.php\/2023\/12\/13\/atencion-el-doctor-no-viaja-a-villa-mercedes-porque-comunicara-un-crudo-diagnostico\/#breadcrumb\",\"itemListElement\":[{\"@type\":\"ListItem\",\"position\":1,\"name\":\"Inicio\",\"item\":\"https:\/\/apuntesdesanluis.com\/\"},{\"@type\":\"ListItem\",\"position\":2,\"name\":\"ATENCI\u00d3N: EL DOCTOR NO VIAJA A VILLA MERCEDES PORQUE COMUNICAR\u00c1 UN \u201cCRUDO DIAGN\u00d3STICO\u201d\"}]},{\"@type\":\"WebSite\",\"@id\":\"https:\/\/apuntesdesanluis.com\/#website\",\"url\":\"https:\/\/apuntesdesanluis.com\/\",\"name\":\"Apuntes de San Luis\",\"description\":\"\",\"publisher\":{\"@id\":\"https:\/\/apuntesdesanluis.com\/#\/schema\/person\/b55151d52296fcce64d1a72538a70b90\"},\"potentialAction\":[{\"@type\":\"SearchAction\",\"target\":{\"@type\":\"EntryPoint\",\"urlTemplate\":\"https:\/\/apuntesdesanluis.com\/?s={search_term_string}\"},\"query-input\":{\"@type\":\"PropertyValueSpecification\",\"valueRequired\":true,\"valueName\":\"search_term_string\"}}],\"inLanguage\":\"es-AR\"},{\"@type\":[\"Person\",\"Organization\"],\"@id\":\"https:\/\/apuntesdesanluis.com\/#\/schema\/person\/b55151d52296fcce64d1a72538a70b90\",\"name\":\"apuntesdesanluis.com\",\"image\":{\"@type\":\"ImageObject\",\"inLanguage\":\"es-AR\",\"@id\":\"https:\/\/apuntesdesanluis.com\/#\/schema\/person\/image\/\",\"url\":\"https:\/\/apuntesdesanluis.com\/wp-content\/uploads\/2023\/07\/cropped-apuntesdesanluis.png\",\"contentUrl\":\"https:\/\/apuntesdesanluis.com\/wp-content\/uploads\/2023\/07\/cropped-apuntesdesanluis.png\",\"width\":450,\"height\":112,\"caption\":\"apuntesdesanluis.com\"},\"logo\":{\"@id\":\"https:\/\/apuntesdesanluis.com\/#\/schema\/person\/image\/\"},\"sameAs\":[\"https:\/\/apuntesdesanluis.com\"],\"url\":\"https:\/\/apuntesdesanluis.com\/index.php\/author\/apuntesdesanluis-com\/\"}]}<\/script>\n<!-- \/ Yoast SEO plugin. -->","yoast_head_json":{"title":"ATENCI\u00d3N: EL DOCTOR NO VIAJA A VILLA MERCEDES PORQUE COMUNICAR\u00c1 UN \u201cCRUDO DIAGN\u00d3STICO\u201d - Apuntes de San Luis","robots":{"index":"index","follow":"follow","max-snippet":"max-snippet:-1","max-image-preview":"max-image-preview:large","max-video-preview":"max-video-preview:-1"},"canonical":"https:\/\/apuntesdesanluis.com\/index.php\/2023\/12\/13\/atencion-el-doctor-no-viaja-a-villa-mercedes-porque-comunicara-un-crudo-diagnostico\/","og_locale":"es_ES","og_type":"article","og_title":"ATENCI\u00d3N: EL DOCTOR NO VIAJA A VILLA MERCEDES PORQUE COMUNICAR\u00c1 UN \u201cCRUDO DIAGN\u00d3STICO\u201d - Apuntes de San Luis","og_description":"Hace instantes la Agencia de Noticias San Luis confirm\u00f3 que este jueves el gobernador no...","og_url":"https:\/\/apuntesdesanluis.com\/index.php\/2023\/12\/13\/atencion-el-doctor-no-viaja-a-villa-mercedes-porque-comunicara-un-crudo-diagnostico\/","og_site_name":"Apuntes de San Luis","article_published_time":"2023-12-14T02:36:31+00:00","article_modified_time":"2023-12-14T02:38:04+00:00","og_image":[{"width":595,"height":354,"url":"https:\/\/apuntesdesanluis.com\/wp-content\/uploads\/2023\/12\/medico.png","type":"image\/png"}],"author":"apuntesdesanluis.com","twitter_card":"summary_large_image","twitter_misc":{"Escrito por":"apuntesdesanluis.com","Tiempo de lectura":"1 minuto"},"schema":{"@context":"https:\/\/schema.org","@graph":[{"@type":"Article","@id":"https:\/\/apuntesdesanluis.com\/index.php\/2023\/12\/13\/atencion-el-doctor-no-viaja-a-villa-mercedes-porque-comunicara-un-crudo-diagnostico\/#article","isPartOf":{"@id":"https:\/\/apuntesdesanluis.com\/index.php\/2023\/12\/13\/atencion-el-doctor-no-viaja-a-villa-mercedes-porque-comunicara-un-crudo-diagnostico\/"},"author":{"name":"apuntesdesanluis.com","@id":"https:\/\/apuntesdesanluis.com\/#\/schema\/person\/b55151d52296fcce64d1a72538a70b90"},"headline":"ATENCI\u00d3N: EL DOCTOR NO VIAJA A VILLA MERCEDES PORQUE COMUNICAR\u00c1 UN \u201cCRUDO DIAGN\u00d3STICO\u201d","datePublished":"2023-12-14T02:36:31+00:00","dateModified":"2023-12-14T02:38:04+00:00","mainEntityOfPage":{"@id":"https:\/\/apuntesdesanluis.com\/index.php\/2023\/12\/13\/atencion-el-doctor-no-viaja-a-villa-mercedes-porque-comunicara-un-crudo-diagnostico\/"},"wordCount":237,"publisher":{"@id":"https:\/\/apuntesdesanluis.com\/#\/schema\/person\/b55151d52296fcce64d1a72538a70b90"},"image":{"@id":"https:\/\/apuntesdesanluis.com\/index.php\/2023\/12\/13\/atencion-el-doctor-no-viaja-a-villa-mercedes-porque-comunicara-un-crudo-diagnostico\/#primaryimage"},"thumbnailUrl":"https:\/\/apuntesdesanluis.com\/wp-content\/uploads\/2023\/12\/medico.png","articleSection":["Ciudad\/Provincia"],"inLanguage":"es-AR"},{"@type":"WebPage","@id":"https:\/\/apuntesdesanluis.com\/index.php\/2023\/12\/13\/atencion-el-doctor-no-viaja-a-villa-mercedes-porque-comunicara-un-crudo-diagnostico\/","url":"https:\/\/apuntesdesanluis.com\/index.php\/2023\/12\/13\/atencion-el-doctor-no-viaja-a-villa-mercedes-porque-comunicara-un-crudo-diagnostico\/","name":"ATENCI\u00d3N: EL DOCTOR NO VIAJA A VILLA MERCEDES PORQUE COMUNICAR\u00c1 UN \u201cCRUDO DIAGN\u00d3STICO\u201d - Apuntes de San Luis","isPartOf":{"@id":"https:\/\/apuntesdesanluis.com\/#website"},"primaryImageOfPage":{"@id":"https:\/\/apuntesdesanluis.com\/index.php\/2023\/12\/13\/atencion-el-doctor-no-viaja-a-villa-mercedes-porque-comunicara-un-crudo-diagnostico\/#primaryimage"},"image":{"@id":"https:\/\/apuntesdesanluis.com\/index.php\/2023\/12\/13\/atencion-el-doctor-no-viaja-a-villa-mercedes-porque-comunicara-un-crudo-diagnostico\/#primaryimage"},"thumbnailUrl":"https:\/\/apuntesdesanluis.com\/wp-content\/uploads\/2023\/12\/medico.png","datePublished":"2023-12-14T02:36:31+00:00","dateModified":"2023-12-14T02:38:04+00:00","breadcrumb":{"@id":"https:\/\/apuntesdesanluis.com\/index.php\/2023\/12\/13\/atencion-el-doctor-no-viaja-a-villa-mercedes-porque-comunicara-un-crudo-diagnostico\/#breadcrumb"},"inLanguage":"es-AR","potentialAction":[{"@type":"ReadAction","target":["https:\/\/apuntesdesanluis.com\/index.php\/2023\/12\/13\/atencion-el-doctor-no-viaja-a-villa-mercedes-porque-comunicara-un-crudo-diagnostico\/"]}]},{"@type":"ImageObject","inLanguage":"es-AR","@id":"https:\/\/apuntesdesanluis.com\/index.php\/2023\/12\/13\/atencion-el-doctor-no-viaja-a-villa-mercedes-porque-comunicara-un-crudo-diagnostico\/#primaryimage","url":"https:\/\/apuntesdesanluis.com\/wp-content\/uploads\/2023\/12\/medico.png","contentUrl":"https:\/\/apuntesdesanluis.com\/wp-content\/uploads\/2023\/12\/medico.png","width":595,"height":354},{"@type":"BreadcrumbList","@id":"https:\/\/apuntesdesanluis.com\/index.php\/2023\/12\/13\/atencion-el-doctor-no-viaja-a-villa-mercedes-porque-comunicara-un-crudo-diagnostico\/#breadcrumb","itemListElement":[{"@type":"ListItem","position":1,"name":"Inicio","item":"https:\/\/apuntesdesanluis.com\/"},{"@type":"ListItem","position":2,"name":"ATENCI\u00d3N: EL DOCTOR NO VIAJA A VILLA MERCEDES PORQUE COMUNICAR\u00c1 UN \u201cCRUDO DIAGN\u00d3STICO\u201d"}]},{"@type":"WebSite","@id":"https:\/\/apuntesdesanluis.com\/#website","url":"https:\/\/apuntesdesanluis.com\/","name":"Apuntes de San Luis","description":"","publisher":{"@id":"https:\/\/apuntesdesanluis.com\/#\/schema\/person\/b55151d52296fcce64d1a72538a70b90"},"potentialAction":[{"@type":"SearchAction","target":{"@type":"EntryPoint","urlTemplate":"https:\/\/apuntesdesanluis.com\/?s={search_term_string}"},"query-input":{"@type":"PropertyValueSpecification","valueRequired":true,"valueName":"search_term_string"}}],"inLanguage":"es-AR"},{"@type":["Person","Organization"],"@id":"https:\/\/apuntesdesanluis.com\/#\/schema\/person\/b55151d52296fcce64d1a72538a70b90","name":"apuntesdesanluis.com","image":{"@type":"ImageObject","inLanguage":"es-AR","@id":"https:\/\/apuntesdesanluis.com\/#\/schema\/person\/image\/","url":"https:\/\/apuntesdesanluis.com\/wp-content\/uploads\/2023\/07\/cropped-apuntesdesanluis.png","contentUrl":"https:\/\/apuntesdesanluis.com\/wp-content\/uploads\/2023\/07\/cropped-apuntesdesanluis.png","width":450,"height":112,"caption":"apuntesdesanluis.com"},"logo":{"@id":"https:\/\/apuntesdesanluis.com\/#\/schema\/person\/image\/"},"sameAs":["https:\/\/apuntesdesanluis.com"],"url":"https:\/\/apuntesdesanluis.com\/index.php\/author\/apuntesdesanluis-com\/"}]}},"featured_image_urls":{"full":["https:\/\/apuntesdesanluis.com\/wp-content\/uploads\/2023\/12\/medico.png",595,354,false],"thumbnail":["https:\/\/apuntesdesanluis.com\/wp-content\/uploads\/2023\/12\/medico-150x150.png",150,150,true],"medium":["https:\/\/apuntesdesanluis.com\/wp-content\/uploads\/2023\/12\/medico-300x178.png",300,178,true],"medium_large":["https:\/\/apuntesdesanluis.com\/wp-content\/uploads\/2023\/12\/medico.png",595,354,false],"large":["https:\/\/apuntesdesanluis.com\/wp-content\/uploads\/2023\/12\/medico.png",595,354,false],"1536x1536":["https:\/\/apuntesdesanluis.com\/wp-content\/uploads\/2023\/12\/medico.png",595,354,false],"2048x2048":["https:\/\/apuntesdesanluis.com\/wp-content\/uploads\/2023\/12\/medico.png",595,354,false],"newsever-slider-full":["https:\/\/apuntesdesanluis.com\/wp-content\/uploads\/2023\/12\/medico.png",595,354,false],"newsever-featured":["https:\/\/apuntesdesanluis.com\/wp-content\/uploads\/2023\/12\/medico.png",595,354,false],"newsever-medium":["https:\/\/apuntesdesanluis.com\/wp-content\/uploads\/2023\/12\/medico.png",595,354,false]},"author_info":{"display_name":"apuntesdesanluis.com","author_link":"https:\/\/apuntesdesanluis.com\/index.php\/author\/apuntesdesanluis-com\/"},"category_info":"<a href=\"https:\/\/apuntesdesanluis.com\/index.php\/category\/ciudad-provincia\/\" rel=\"category tag\">Ciudad\/Provincia<\/a>","tag_info":"Ciudad\/Provincia","comment_count":"0","_links":{"self":[{"href":"https:\/\/apuntesdesanluis.com\/index.php\/wp-json\/wp\/v2\/posts\/8351","targetHints":{"allow":["GET"]}}],"collection":[{"href":"https:\/\/apuntesdesanluis.com\/index.php\/wp-json\/wp\/v2\/posts"}],"about":[{"href":"https:\/\/apuntesdesanluis.com\/index.php\/wp-json\/wp\/v2\/types\/post"}],"author":[{"embeddable":true,"href":"https:\/\/apuntesdesanluis.com\/index.php\/wp-json\/wp\/v2\/users\/1"}],"replies":[{"embeddable":true,"href":"https:\/\/apuntesdesanluis.com\/index.php\/wp-json\/wp\/v2\/comments?post=8351"}],"version-history":[{"count":3,"href":"https:\/\/apuntesdesanluis.com\/index.php\/wp-json\/wp\/v2\/posts\/8351\/revisions"}],"predecessor-version":[{"id":8355,"href":"https:\/\/apuntesdesanluis.com\/index.php\/wp-json\/wp\/v2\/posts\/8351\/revisions\/8355"}],"wp:featuredmedia":[{"embeddable":true,"href":"https:\/\/apuntesdesanluis.com\/index.php\/wp-json\/wp\/v2\/media\/8352"}],"wp:attachment":[{"href":"https:\/\/apuntesdesanluis.com\/index.php\/wp-json\/wp\/v2\/media?parent=8351"}],"wp:term":[{"taxonomy":"category","embeddable":true,"href":"https:\/\/apuntesdesanluis.com\/index.php\/wp-json\/wp\/v2\/categories?post=8351"},{"taxonomy":"post_tag","embeddable":true,"href":"https:\/\/apuntesdesanluis.com\/index.php\/wp-json\/wp\/v2\/tags?post=8351"}],"curies":[{"name":"wp","href":"https:\/\/api.w.org\/{rel}","templated":true}]}}