{"id":8356,"date":"2023-12-13T23:42:10","date_gmt":"2023-12-14T02:42:10","guid":{"rendered":"https:\/\/apuntesdesanluis.com\/?p=8356"},"modified":"2023-12-13T23:42:10","modified_gmt":"2023-12-14T02:42:10","slug":"caputo-dijo-que-la-gente-recibio-contenta-los-anuncios-de-ajuste-de-las-cuentas","status":"publish","type":"post","link":"https:\/\/apuntesdesanluis.com\/index.php\/2023\/12\/13\/caputo-dijo-que-la-gente-recibio-contenta-los-anuncios-de-ajuste-de-las-cuentas\/","title":{"rendered":"CAPUTO DIJO QUE LA GENTE RECIBI\u00d3 &#8220;CONTENTA&#8221; LOS ANUNCIOS DE AJUSTE DE LAS CUENTAS"},"content":{"rendered":"<h3>En su primera entrevista televisiva, el jefe del Palacio de Hacienda se mostr\u00f3 confiado en el \u00e9xito de las medidas.<\/h3>\n<h3>El ministro de Econom\u00eda, <strong>Luis Caputo<\/strong>, asegur\u00f3 este mi\u00e9rcoles a la noche que la gente recibi\u00f3 &#8220;contenta&#8221; los anuncios de ajuste en las cuentas p\u00fablicas realizados por el gobierno, y se mostr\u00f3 confiado en que dar\u00e1n resultado favorable para solucionar los problemas.<\/h3>\n<h3>&#8220;La gente recibi\u00f3 estos anuncios muy contenta, porque entendi\u00f3 que el problema es fiscal, porque la pol\u00edtica quiere siempre gastar m\u00e1s de lo que recauda&#8221;, se\u00f1al\u00f3.<\/h3>\n<h3>Dijo que &#8220;si nos llegara a ir bien, no ser\u00e1 por m\u00e9rito m\u00edo, sino del presidente. Por primera vez tuvimos un candidato que durante a\u00f1os le explic\u00f3 este problema a la gente. Un presidente que ha dicho la verdad y lo han votado&#8221;.<\/h3>\n<h3>En una entrevista con el canal TN, Caputo aclar\u00f3: &#8220;No vengo por ninguna revancha&#8221;.<\/h3>\n<h3>&#8220;El objetivo era hablarle a la gente, que le llegara. Se logr\u00f3, tuvimos mucha comunicaci\u00f3n&#8221;, se mostr\u00f3 conforme Caputo tras el no poco accidentado video en el que revel\u00f3, entre otras medidas, la devaluaci\u00f3n.<\/h3>\n<h3>Y ampli\u00f3: &#8220;La gente, muy contenta porque entendi\u00f3 finalmente la g\u00e9nesis del problema. Para muchos fue un despertar de la incertidumbre esa de no entender por qu\u00e9 si nos esforzamos seguimos cayendo en crisis recurrentemente&#8221;.<\/h3>\n<h3>&#8220;Contribuimos a que esa incertidumbre quedara mucho m\u00e1s clara&#8221;, insisti\u00f3, en su balance positivo.<\/h3>\n<h3>Dijo que &#8220;la g\u00e9nesis del problema es fiscal: se gasta m\u00e1s de lo que se recauda. Lo que la gente percibe como problemas son s\u00f3lo consecuencias&#8221;.<\/h3>\n<h3>&#8220;El pol\u00edtico siempre trata de culpar a las consecuencias para no hacerse cargo de que la pol\u00edtica en Argentina siempre quiere gastar m\u00e1s de lo que recauda. Es m\u00e1s f\u00e1cil echarle la culpa a los especuladores, a los empresarios, a quienes nos prestan. Es m\u00e1s f\u00e1cil eso que poner las cuentas en orden. El pol\u00edtico quiere gastar&#8221;, afirm\u00f3.<\/h3>\n<h3>En tanto, Caputo rechaz\u00f3 que su regreso a la funci\u00f3n p\u00fablica -tras su rol en el gabinete de Mauricio Macri- implique una revancha. Prefiri\u00f3 el elogio al discurso sincero de Milei.<\/h3>\n<h3>&#8220;El m\u00e9rito de esto es del Presidente, porque por primera vez tuvimos un candidato que durante a\u00f1os le explic\u00f3 este problema a la gente, que lo entendi\u00f3 y lo vot\u00f3. Es in\u00e9dito, porque suele votarse al pol\u00edtico que gasta, al que asfalta la calle a meses de las elecciones o entrega falsos subsidios. Tenemos un Presidente que dijo la verdad. Yo no vengo por ninguna revancha de nada, sino a poner en pr\u00e1ctica lo que siento, que es exactamente lo mismo que Milei&#8221;, se\u00f1al\u00f3.<\/h3>\n<p>&nbsp;<\/p>\n<p>&nbsp;<\/p>\n<p>&nbsp;<\/p>\n","protected":false},"excerpt":{"rendered":"<p>En su primera entrevista televisiva, el jefe del Palacio de Hacienda se mostr\u00f3 confiado en&#8230;<\/p>\n","protected":false},"author":1,"featured_media":8357,"comment_status":"closed","ping_status":"closed","sticky":false,"template":"","format":"standard","meta":{"footnotes":""},"categories":[5],"tags":[],"class_list":["post-8356","post","type-post","status-publish","format-standard","has-post-thumbnail","hentry","category-nacionales-internacionales"],"yoast_head":"<!-- This site is optimized with the Yoast SEO plugin v26.1.1 - https:\/\/yoast.com\/wordpress\/plugins\/seo\/ -->\n<title>CAPUTO DIJO QUE LA GENTE RECIBI\u00d3 &quot;CONTENTA&quot; LOS ANUNCIOS DE AJUSTE DE LAS CUENTAS - Apuntes de San Luis<\/title>\n<meta name=\"robots\" content=\"index, follow, max-snippet:-1, max-image-preview:large, max-video-preview:-1\" \/>\n<link rel=\"canonical\" href=\"https:\/\/apuntesdesanluis.com\/index.php\/2023\/12\/13\/caputo-dijo-que-la-gente-recibio-contenta-los-anuncios-de-ajuste-de-las-cuentas\/\" \/>\n<meta property=\"og:locale\" content=\"es_ES\" \/>\n<meta property=\"og:type\" content=\"article\" \/>\n<meta property=\"og:title\" content=\"CAPUTO DIJO QUE LA GENTE RECIBI\u00d3 &quot;CONTENTA&quot; LOS ANUNCIOS DE AJUSTE DE LAS CUENTAS - Apuntes de San Luis\" \/>\n<meta property=\"og:description\" content=\"En su primera entrevista televisiva, el jefe del Palacio de Hacienda se mostr\u00f3 confiado en...\" \/>\n<meta property=\"og:url\" content=\"https:\/\/apuntesdesanluis.com\/index.php\/2023\/12\/13\/caputo-dijo-que-la-gente-recibio-contenta-los-anuncios-de-ajuste-de-las-cuentas\/\" \/>\n<meta property=\"og:site_name\" content=\"Apuntes de San Luis\" \/>\n<meta property=\"article:published_time\" content=\"2023-12-14T02:42:10+00:00\" \/>\n<meta property=\"og:image\" content=\"https:\/\/apuntesdesanluis.com\/wp-content\/uploads\/2023\/12\/CAPUTO-1.png\" \/>\n\t<meta property=\"og:image:width\" content=\"600\" \/>\n\t<meta property=\"og:image:height\" content=\"334\" \/>\n\t<meta property=\"og:image:type\" content=\"image\/png\" \/>\n<meta name=\"author\" content=\"apuntesdesanluis.com\" \/>\n<meta name=\"twitter:card\" content=\"summary_large_image\" \/>\n<meta name=\"twitter:label1\" content=\"Escrito por\" \/>\n\t<meta name=\"twitter:data1\" content=\"apuntesdesanluis.com\" \/>\n\t<meta name=\"twitter:label2\" content=\"Tiempo de lectura\" \/>\n\t<meta name=\"twitter:data2\" content=\"2 minutos\" \/>\n<script type=\"application\/ld+json\" class=\"yoast-schema-graph\">{\"@context\":\"https:\/\/schema.org\",\"@graph\":[{\"@type\":\"Article\",\"@id\":\"https:\/\/apuntesdesanluis.com\/index.php\/2023\/12\/13\/caputo-dijo-que-la-gente-recibio-contenta-los-anuncios-de-ajuste-de-las-cuentas\/#article\",\"isPartOf\":{\"@id\":\"https:\/\/apuntesdesanluis.com\/index.php\/2023\/12\/13\/caputo-dijo-que-la-gente-recibio-contenta-los-anuncios-de-ajuste-de-las-cuentas\/\"},\"author\":{\"name\":\"apuntesdesanluis.com\",\"@id\":\"https:\/\/apuntesdesanluis.com\/#\/schema\/person\/b55151d52296fcce64d1a72538a70b90\"},\"headline\":\"CAPUTO DIJO QUE LA GENTE RECIBI\u00d3 &#8220;CONTENTA&#8221; LOS ANUNCIOS DE AJUSTE DE LAS CUENTAS\",\"datePublished\":\"2023-12-14T02:42:10+00:00\",\"mainEntityOfPage\":{\"@id\":\"https:\/\/apuntesdesanluis.com\/index.php\/2023\/12\/13\/caputo-dijo-que-la-gente-recibio-contenta-los-anuncios-de-ajuste-de-las-cuentas\/\"},\"wordCount\":477,\"publisher\":{\"@id\":\"https:\/\/apuntesdesanluis.com\/#\/schema\/person\/b55151d52296fcce64d1a72538a70b90\"},\"image\":{\"@id\":\"https:\/\/apuntesdesanluis.com\/index.php\/2023\/12\/13\/caputo-dijo-que-la-gente-recibio-contenta-los-anuncios-de-ajuste-de-las-cuentas\/#primaryimage\"},\"thumbnailUrl\":\"https:\/\/apuntesdesanluis.com\/wp-content\/uploads\/2023\/12\/CAPUTO-1.png\",\"articleSection\":[\"Nacionales\/Internacionales\"],\"inLanguage\":\"es-AR\"},{\"@type\":\"WebPage\",\"@id\":\"https:\/\/apuntesdesanluis.com\/index.php\/2023\/12\/13\/caputo-dijo-que-la-gente-recibio-contenta-los-anuncios-de-ajuste-de-las-cuentas\/\",\"url\":\"https:\/\/apuntesdesanluis.com\/index.php\/2023\/12\/13\/caputo-dijo-que-la-gente-recibio-contenta-los-anuncios-de-ajuste-de-las-cuentas\/\",\"name\":\"CAPUTO DIJO QUE LA GENTE RECIBI\u00d3 \\\"CONTENTA\\\" LOS ANUNCIOS DE AJUSTE DE LAS CUENTAS - Apuntes de San Luis\",\"isPartOf\":{\"@id\":\"https:\/\/apuntesdesanluis.com\/#website\"},\"primaryImageOfPage\":{\"@id\":\"https:\/\/apuntesdesanluis.com\/index.php\/2023\/12\/13\/caputo-dijo-que-la-gente-recibio-contenta-los-anuncios-de-ajuste-de-las-cuentas\/#primaryimage\"},\"image\":{\"@id\":\"https:\/\/apuntesdesanluis.com\/index.php\/2023\/12\/13\/caputo-dijo-que-la-gente-recibio-contenta-los-anuncios-de-ajuste-de-las-cuentas\/#primaryimage\"},\"thumbnailUrl\":\"https:\/\/apuntesdesanluis.com\/wp-content\/uploads\/2023\/12\/CAPUTO-1.png\",\"datePublished\":\"2023-12-14T02:42:10+00:00\",\"breadcrumb\":{\"@id\":\"https:\/\/apuntesdesanluis.com\/index.php\/2023\/12\/13\/caputo-dijo-que-la-gente-recibio-contenta-los-anuncios-de-ajuste-de-las-cuentas\/#breadcrumb\"},\"inLanguage\":\"es-AR\",\"potentialAction\":[{\"@type\":\"ReadAction\",\"target\":[\"https:\/\/apuntesdesanluis.com\/index.php\/2023\/12\/13\/caputo-dijo-que-la-gente-recibio-contenta-los-anuncios-de-ajuste-de-las-cuentas\/\"]}]},{\"@type\":\"ImageObject\",\"inLanguage\":\"es-AR\",\"@id\":\"https:\/\/apuntesdesanluis.com\/index.php\/2023\/12\/13\/caputo-dijo-que-la-gente-recibio-contenta-los-anuncios-de-ajuste-de-las-cuentas\/#primaryimage\",\"url\":\"https:\/\/apuntesdesanluis.com\/wp-content\/uploads\/2023\/12\/CAPUTO-1.png\",\"contentUrl\":\"https:\/\/apuntesdesanluis.com\/wp-content\/uploads\/2023\/12\/CAPUTO-1.png\",\"width\":600,\"height\":334},{\"@type\":\"BreadcrumbList\",\"@id\":\"https:\/\/apuntesdesanluis.com\/index.php\/2023\/12\/13\/caputo-dijo-que-la-gente-recibio-contenta-los-anuncios-de-ajuste-de-las-cuentas\/#breadcrumb\",\"itemListElement\":[{\"@type\":\"ListItem\",\"position\":1,\"name\":\"Inicio\",\"item\":\"https:\/\/apuntesdesanluis.com\/\"},{\"@type\":\"ListItem\",\"position\":2,\"name\":\"CAPUTO DIJO QUE LA GENTE RECIBI\u00d3 &#8220;CONTENTA&#8221; LOS ANUNCIOS DE AJUSTE DE LAS CUENTAS\"}]},{\"@type\":\"WebSite\",\"@id\":\"https:\/\/apuntesdesanluis.com\/#website\",\"url\":\"https:\/\/apuntesdesanluis.com\/\",\"name\":\"Apuntes de San Luis\",\"description\":\"\",\"publisher\":{\"@id\":\"https:\/\/apuntesdesanluis.com\/#\/schema\/person\/b55151d52296fcce64d1a72538a70b90\"},\"potentialAction\":[{\"@type\":\"SearchAction\",\"target\":{\"@type\":\"EntryPoint\",\"urlTemplate\":\"https:\/\/apuntesdesanluis.com\/?s={search_term_string}\"},\"query-input\":{\"@type\":\"PropertyValueSpecification\",\"valueRequired\":true,\"valueName\":\"search_term_string\"}}],\"inLanguage\":\"es-AR\"},{\"@type\":[\"Person\",\"Organization\"],\"@id\":\"https:\/\/apuntesdesanluis.com\/#\/schema\/person\/b55151d52296fcce64d1a72538a70b90\",\"name\":\"apuntesdesanluis.com\",\"image\":{\"@type\":\"ImageObject\",\"inLanguage\":\"es-AR\",\"@id\":\"https:\/\/apuntesdesanluis.com\/#\/schema\/person\/image\/\",\"url\":\"https:\/\/apuntesdesanluis.com\/wp-content\/uploads\/2023\/07\/cropped-apuntesdesanluis.png\",\"contentUrl\":\"https:\/\/apuntesdesanluis.com\/wp-content\/uploads\/2023\/07\/cropped-apuntesdesanluis.png\",\"width\":450,\"height\":112,\"caption\":\"apuntesdesanluis.com\"},\"logo\":{\"@id\":\"https:\/\/apuntesdesanluis.com\/#\/schema\/person\/image\/\"},\"sameAs\":[\"https:\/\/apuntesdesanluis.com\"],\"url\":\"https:\/\/apuntesdesanluis.com\/index.php\/author\/apuntesdesanluis-com\/\"}]}<\/script>\n<!-- \/ Yoast SEO plugin. -->","yoast_head_json":{"title":"CAPUTO DIJO QUE LA GENTE RECIBI\u00d3 \"CONTENTA\" LOS ANUNCIOS DE AJUSTE DE LAS CUENTAS - Apuntes de San Luis","robots":{"index":"index","follow":"follow","max-snippet":"max-snippet:-1","max-image-preview":"max-image-preview:large","max-video-preview":"max-video-preview:-1"},"canonical":"https:\/\/apuntesdesanluis.com\/index.php\/2023\/12\/13\/caputo-dijo-que-la-gente-recibio-contenta-los-anuncios-de-ajuste-de-las-cuentas\/","og_locale":"es_ES","og_type":"article","og_title":"CAPUTO DIJO QUE LA GENTE RECIBI\u00d3 \"CONTENTA\" LOS ANUNCIOS DE AJUSTE DE LAS CUENTAS - Apuntes de San Luis","og_description":"En su primera entrevista televisiva, el jefe del Palacio de Hacienda se mostr\u00f3 confiado en...","og_url":"https:\/\/apuntesdesanluis.com\/index.php\/2023\/12\/13\/caputo-dijo-que-la-gente-recibio-contenta-los-anuncios-de-ajuste-de-las-cuentas\/","og_site_name":"Apuntes de San Luis","article_published_time":"2023-12-14T02:42:10+00:00","og_image":[{"width":600,"height":334,"url":"https:\/\/apuntesdesanluis.com\/wp-content\/uploads\/2023\/12\/CAPUTO-1.png","type":"image\/png"}],"author":"apuntesdesanluis.com","twitter_card":"summary_large_image","twitter_misc":{"Escrito por":"apuntesdesanluis.com","Tiempo de lectura":"2 minutos"},"schema":{"@context":"https:\/\/schema.org","@graph":[{"@type":"Article","@id":"https:\/\/apuntesdesanluis.com\/index.php\/2023\/12\/13\/caputo-dijo-que-la-gente-recibio-contenta-los-anuncios-de-ajuste-de-las-cuentas\/#article","isPartOf":{"@id":"https:\/\/apuntesdesanluis.com\/index.php\/2023\/12\/13\/caputo-dijo-que-la-gente-recibio-contenta-los-anuncios-de-ajuste-de-las-cuentas\/"},"author":{"name":"apuntesdesanluis.com","@id":"https:\/\/apuntesdesanluis.com\/#\/schema\/person\/b55151d52296fcce64d1a72538a70b90"},"headline":"CAPUTO DIJO QUE LA GENTE RECIBI\u00d3 &#8220;CONTENTA&#8221; LOS ANUNCIOS DE AJUSTE DE LAS CUENTAS","datePublished":"2023-12-14T02:42:10+00:00","mainEntityOfPage":{"@id":"https:\/\/apuntesdesanluis.com\/index.php\/2023\/12\/13\/caputo-dijo-que-la-gente-recibio-contenta-los-anuncios-de-ajuste-de-las-cuentas\/"},"wordCount":477,"publisher":{"@id":"https:\/\/apuntesdesanluis.com\/#\/schema\/person\/b55151d52296fcce64d1a72538a70b90"},"image":{"@id":"https:\/\/apuntesdesanluis.com\/index.php\/2023\/12\/13\/caputo-dijo-que-la-gente-recibio-contenta-los-anuncios-de-ajuste-de-las-cuentas\/#primaryimage"},"thumbnailUrl":"https:\/\/apuntesdesanluis.com\/wp-content\/uploads\/2023\/12\/CAPUTO-1.png","articleSection":["Nacionales\/Internacionales"],"inLanguage":"es-AR"},{"@type":"WebPage","@id":"https:\/\/apuntesdesanluis.com\/index.php\/2023\/12\/13\/caputo-dijo-que-la-gente-recibio-contenta-los-anuncios-de-ajuste-de-las-cuentas\/","url":"https:\/\/apuntesdesanluis.com\/index.php\/2023\/12\/13\/caputo-dijo-que-la-gente-recibio-contenta-los-anuncios-de-ajuste-de-las-cuentas\/","name":"CAPUTO DIJO QUE LA GENTE RECIBI\u00d3 \"CONTENTA\" LOS ANUNCIOS DE AJUSTE DE LAS CUENTAS - Apuntes de San Luis","isPartOf":{"@id":"https:\/\/apuntesdesanluis.com\/#website"},"primaryImageOfPage":{"@id":"https:\/\/apuntesdesanluis.com\/index.php\/2023\/12\/13\/caputo-dijo-que-la-gente-recibio-contenta-los-anuncios-de-ajuste-de-las-cuentas\/#primaryimage"},"image":{"@id":"https:\/\/apuntesdesanluis.com\/index.php\/2023\/12\/13\/caputo-dijo-que-la-gente-recibio-contenta-los-anuncios-de-ajuste-de-las-cuentas\/#primaryimage"},"thumbnailUrl":"https:\/\/apuntesdesanluis.com\/wp-content\/uploads\/2023\/12\/CAPUTO-1.png","datePublished":"2023-12-14T02:42:10+00:00","breadcrumb":{"@id":"https:\/\/apuntesdesanluis.com\/index.php\/2023\/12\/13\/caputo-dijo-que-la-gente-recibio-contenta-los-anuncios-de-ajuste-de-las-cuentas\/#breadcrumb"},"inLanguage":"es-AR","potentialAction":[{"@type":"ReadAction","target":["https:\/\/apuntesdesanluis.com\/index.php\/2023\/12\/13\/caputo-dijo-que-la-gente-recibio-contenta-los-anuncios-de-ajuste-de-las-cuentas\/"]}]},{"@type":"ImageObject","inLanguage":"es-AR","@id":"https:\/\/apuntesdesanluis.com\/index.php\/2023\/12\/13\/caputo-dijo-que-la-gente-recibio-contenta-los-anuncios-de-ajuste-de-las-cuentas\/#primaryimage","url":"https:\/\/apuntesdesanluis.com\/wp-content\/uploads\/2023\/12\/CAPUTO-1.png","contentUrl":"https:\/\/apuntesdesanluis.com\/wp-content\/uploads\/2023\/12\/CAPUTO-1.png","width":600,"height":334},{"@type":"BreadcrumbList","@id":"https:\/\/apuntesdesanluis.com\/index.php\/2023\/12\/13\/caputo-dijo-que-la-gente-recibio-contenta-los-anuncios-de-ajuste-de-las-cuentas\/#breadcrumb","itemListElement":[{"@type":"ListItem","position":1,"name":"Inicio","item":"https:\/\/apuntesdesanluis.com\/"},{"@type":"ListItem","position":2,"name":"CAPUTO DIJO QUE LA GENTE RECIBI\u00d3 &#8220;CONTENTA&#8221; LOS ANUNCIOS DE AJUSTE DE LAS CUENTAS"}]},{"@type":"WebSite","@id":"https:\/\/apuntesdesanluis.com\/#website","url":"https:\/\/apuntesdesanluis.com\/","name":"Apuntes de San Luis","description":"","publisher":{"@id":"https:\/\/apuntesdesanluis.com\/#\/schema\/person\/b55151d52296fcce64d1a72538a70b90"},"potentialAction":[{"@type":"SearchAction","target":{"@type":"EntryPoint","urlTemplate":"https:\/\/apuntesdesanluis.com\/?s={search_term_string}"},"query-input":{"@type":"PropertyValueSpecification","valueRequired":true,"valueName":"search_term_string"}}],"inLanguage":"es-AR"},{"@type":["Person","Organization"],"@id":"https:\/\/apuntesdesanluis.com\/#\/schema\/person\/b55151d52296fcce64d1a72538a70b90","name":"apuntesdesanluis.com","image":{"@type":"ImageObject","inLanguage":"es-AR","@id":"https:\/\/apuntesdesanluis.com\/#\/schema\/person\/image\/","url":"https:\/\/apuntesdesanluis.com\/wp-content\/uploads\/2023\/07\/cropped-apuntesdesanluis.png","contentUrl":"https:\/\/apuntesdesanluis.com\/wp-content\/uploads\/2023\/07\/cropped-apuntesdesanluis.png","width":450,"height":112,"caption":"apuntesdesanluis.com"},"logo":{"@id":"https:\/\/apuntesdesanluis.com\/#\/schema\/person\/image\/"},"sameAs":["https:\/\/apuntesdesanluis.com"],"url":"https:\/\/apuntesdesanluis.com\/index.php\/author\/apuntesdesanluis-com\/"}]}},"featured_image_urls":{"full":["https:\/\/apuntesdesanluis.com\/wp-content\/uploads\/2023\/12\/CAPUTO-1.png",600,334,false],"thumbnail":["https:\/\/apuntesdesanluis.com\/wp-content\/uploads\/2023\/12\/CAPUTO-1-150x150.png",150,150,true],"medium":["https:\/\/apuntesdesanluis.com\/wp-content\/uploads\/2023\/12\/CAPUTO-1-300x167.png",300,167,true],"medium_large":["https:\/\/apuntesdesanluis.com\/wp-content\/uploads\/2023\/12\/CAPUTO-1.png",600,334,false],"large":["https:\/\/apuntesdesanluis.com\/wp-content\/uploads\/2023\/12\/CAPUTO-1.png",600,334,false],"1536x1536":["https:\/\/apuntesdesanluis.com\/wp-content\/uploads\/2023\/12\/CAPUTO-1.png",600,334,false],"2048x2048":["https:\/\/apuntesdesanluis.com\/wp-content\/uploads\/2023\/12\/CAPUTO-1.png",600,334,false],"newsever-slider-full":["https:\/\/apuntesdesanluis.com\/wp-content\/uploads\/2023\/12\/CAPUTO-1.png",600,334,false],"newsever-featured":["https:\/\/apuntesdesanluis.com\/wp-content\/uploads\/2023\/12\/CAPUTO-1.png",600,334,false],"newsever-medium":["https:\/\/apuntesdesanluis.com\/wp-content\/uploads\/2023\/12\/CAPUTO-1.png",600,334,false]},"author_info":{"display_name":"apuntesdesanluis.com","author_link":"https:\/\/apuntesdesanluis.com\/index.php\/author\/apuntesdesanluis-com\/"},"category_info":"<a href=\"https:\/\/apuntesdesanluis.com\/index.php\/category\/nacionales-internacionales\/\" rel=\"category tag\">Nacionales\/Internacionales<\/a>","tag_info":"Nacionales\/Internacionales","comment_count":"0","_links":{"self":[{"href":"https:\/\/apuntesdesanluis.com\/index.php\/wp-json\/wp\/v2\/posts\/8356","targetHints":{"allow":["GET"]}}],"collection":[{"href":"https:\/\/apuntesdesanluis.com\/index.php\/wp-json\/wp\/v2\/posts"}],"about":[{"href":"https:\/\/apuntesdesanluis.com\/index.php\/wp-json\/wp\/v2\/types\/post"}],"author":[{"embeddable":true,"href":"https:\/\/apuntesdesanluis.com\/index.php\/wp-json\/wp\/v2\/users\/1"}],"replies":[{"embeddable":true,"href":"https:\/\/apuntesdesanluis.com\/index.php\/wp-json\/wp\/v2\/comments?post=8356"}],"version-history":[{"count":1,"href":"https:\/\/apuntesdesanluis.com\/index.php\/wp-json\/wp\/v2\/posts\/8356\/revisions"}],"predecessor-version":[{"id":8358,"href":"https:\/\/apuntesdesanluis.com\/index.php\/wp-json\/wp\/v2\/posts\/8356\/revisions\/8358"}],"wp:featuredmedia":[{"embeddable":true,"href":"https:\/\/apuntesdesanluis.com\/index.php\/wp-json\/wp\/v2\/media\/8357"}],"wp:attachment":[{"href":"https:\/\/apuntesdesanluis.com\/index.php\/wp-json\/wp\/v2\/media?parent=8356"}],"wp:term":[{"taxonomy":"category","embeddable":true,"href":"https:\/\/apuntesdesanluis.com\/index.php\/wp-json\/wp\/v2\/categories?post=8356"},{"taxonomy":"post_tag","embeddable":true,"href":"https:\/\/apuntesdesanluis.com\/index.php\/wp-json\/wp\/v2\/tags?post=8356"}],"curies":[{"name":"wp","href":"https:\/\/api.w.org\/{rel}","templated":true}]}}