{"id":8359,"date":"2023-12-13T19:50:13","date_gmt":"2023-12-13T22:50:13","guid":{"rendered":"https:\/\/apuntesdesanluis.com\/?p=8359"},"modified":"2023-12-13T23:56:15","modified_gmt":"2023-12-14T02:56:15","slug":"la-vice-intendenta-silvina-galetto-participo-del-cierre-de-talleres-de-la-asociacion-civil-ocho-c","status":"publish","type":"post","link":"https:\/\/apuntesdesanluis.com\/index.php\/2023\/12\/13\/la-vice-intendenta-silvina-galetto-participo-del-cierre-de-talleres-de-la-asociacion-civil-ocho-c\/","title":{"rendered":"LA VICE INTENDENTA SILVINA GALETTO PARTICIP\u00d3 EN EL CIERRE DE LOS TALLERES DE LA ASOCIACI\u00d3N CIVIL OCHO C"},"content":{"rendered":"<h3>Este mi\u00e9rcoles la <strong>Asociaci\u00f3n Civil Ocho C (ACOC) Adultos Mayores<\/strong>, realiz\u00f3 el acto de culminaci\u00f3n de talleres del a\u00f1o 2023, evento llevado a cabo en el Jard\u00edn de Infantes \u201cConstruyendo Sue\u00f1os\u201d.<\/h3>\n<h3>Con un sal\u00f3n colmado de integrantes, familiares y amigos de la asociaci\u00f3n se vivi\u00f3 una tarde cargada de camarader\u00eda y alegr\u00eda.<\/h3>\n<p><img fetchpriority=\"high\" decoding=\"async\" class=\"wp-image-8361 aligncenter\" src=\"https:\/\/apuntesdesanluis.com\/wp-content\/uploads\/2023\/12\/tango-300x199.jpg\" alt=\"\" width=\"644\" height=\"427\" srcset=\"https:\/\/apuntesdesanluis.com\/wp-content\/uploads\/2023\/12\/tango-300x199.jpg 300w, https:\/\/apuntesdesanluis.com\/wp-content\/uploads\/2023\/12\/tango.jpg 570w\" sizes=\"(max-width: 644px) 100vw, 644px\" \/><\/p>\n<h3>La Viceintendenta y Presidenta del Honorable Concejo Deliberante, <strong>Silvina Galetto<\/strong>, junto a funcionarios municipales, participaron del cierre de los distintos talleres que desarrollan durante todo el a\u00f1o las actividades relacionadas a yoga, memoria, tango, folklore, cocina, gimnasia y tejido entre otras.<\/h3>\n<p><img decoding=\"async\" class=\"wp-image-8362 aligncenter\" src=\"https:\/\/apuntesdesanluis.com\/wp-content\/uploads\/2023\/12\/talleres-300x222.jpg\" alt=\"\" width=\"645\" height=\"477\" srcset=\"https:\/\/apuntesdesanluis.com\/wp-content\/uploads\/2023\/12\/talleres-300x222.jpg 300w, https:\/\/apuntesdesanluis.com\/wp-content\/uploads\/2023\/12\/talleres.jpg 459w\" sizes=\"(max-width: 645px) 100vw, 645px\" \/><\/p>\n<h3>El acto dio inicio con palabras de bienvenida por parte de la Presidenta de la Asociaci\u00f3n Sra. Esther Torriglia, seguida con las presentaciones de los integrantes del grupo de yoga y las parejas correspondientes al grupo de tango, acompa\u00f1ada de la entrega de certificados a los distintos grupos que conforman los talleres.<\/h3>\n<h3>Otro de los momentos de emotividad del acto de culminaci\u00f3n de a\u00f1o, fueron las palabras brindadas por la Presidenta del \u00d3rgano Legislativo Silvina Galetto quien destac\u00f3 el trabajo que realiza esta asociaci\u00f3n con sus distintas actividades, que tiene como objetivo contribuir a generar condiciones para la vivencia de una tercera edad saludable y plena.<\/h3>\n<p>&nbsp;<\/p>\n<p>&nbsp;<\/p>\n<p>&nbsp;<\/p>\n<p>&nbsp;<\/p>\n","protected":false},"excerpt":{"rendered":"<p>Este mi\u00e9rcoles la Asociaci\u00f3n Civil Ocho C (ACOC) Adultos Mayores, realiz\u00f3 el acto de culminaci\u00f3n&#8230;<\/p>\n","protected":false},"author":1,"featured_media":8360,"comment_status":"closed","ping_status":"closed","sticky":false,"template":"","format":"standard","meta":{"footnotes":""},"categories":[6],"tags":[],"class_list":["post-8359","post","type-post","status-publish","format-standard","has-post-thumbnail","hentry","category-ciudad-provincia"],"yoast_head":"<!-- This site is optimized with the Yoast SEO plugin v26.1.1 - https:\/\/yoast.com\/wordpress\/plugins\/seo\/ -->\n<title>LA VICE INTENDENTA SILVINA GALETTO PARTICIP\u00d3 EN EL CIERRE DE LOS TALLERES DE LA ASOCIACI\u00d3N CIVIL OCHO C - Apuntes de San Luis<\/title>\n<meta name=\"robots\" content=\"index, follow, max-snippet:-1, max-image-preview:large, max-video-preview:-1\" \/>\n<link rel=\"canonical\" href=\"https:\/\/apuntesdesanluis.com\/index.php\/2023\/12\/13\/la-vice-intendenta-silvina-galetto-participo-del-cierre-de-talleres-de-la-asociacion-civil-ocho-c\/\" \/>\n<meta property=\"og:locale\" content=\"es_ES\" \/>\n<meta property=\"og:type\" content=\"article\" \/>\n<meta property=\"og:title\" content=\"LA VICE INTENDENTA SILVINA GALETTO PARTICIP\u00d3 EN EL CIERRE DE LOS TALLERES DE LA ASOCIACI\u00d3N CIVIL OCHO C - Apuntes de San Luis\" \/>\n<meta property=\"og:description\" content=\"Este mi\u00e9rcoles la Asociaci\u00f3n Civil Ocho C (ACOC) Adultos Mayores, realiz\u00f3 el acto de culminaci\u00f3n...\" \/>\n<meta property=\"og:url\" content=\"https:\/\/apuntesdesanluis.com\/index.php\/2023\/12\/13\/la-vice-intendenta-silvina-galetto-participo-del-cierre-de-talleres-de-la-asociacion-civil-ocho-c\/\" \/>\n<meta property=\"og:site_name\" content=\"Apuntes de San Luis\" \/>\n<meta property=\"article:published_time\" content=\"2023-12-13T22:50:13+00:00\" \/>\n<meta property=\"article:modified_time\" content=\"2023-12-14T02:56:15+00:00\" \/>\n<meta property=\"og:image\" content=\"https:\/\/apuntesdesanluis.com\/wp-content\/uploads\/2023\/12\/galetto.jpg\" \/>\n\t<meta property=\"og:image:width\" content=\"467\" \/>\n\t<meta property=\"og:image:height\" content=\"295\" \/>\n\t<meta property=\"og:image:type\" content=\"image\/jpeg\" \/>\n<meta name=\"author\" content=\"apuntesdesanluis.com\" \/>\n<meta name=\"twitter:card\" content=\"summary_large_image\" \/>\n<meta name=\"twitter:label1\" content=\"Escrito por\" \/>\n\t<meta name=\"twitter:data1\" content=\"apuntesdesanluis.com\" \/>\n\t<meta name=\"twitter:label2\" content=\"Tiempo de lectura\" \/>\n\t<meta name=\"twitter:data2\" content=\"2 minutos\" \/>\n<script type=\"application\/ld+json\" class=\"yoast-schema-graph\">{\"@context\":\"https:\/\/schema.org\",\"@graph\":[{\"@type\":\"Article\",\"@id\":\"https:\/\/apuntesdesanluis.com\/index.php\/2023\/12\/13\/la-vice-intendenta-silvina-galetto-participo-del-cierre-de-talleres-de-la-asociacion-civil-ocho-c\/#article\",\"isPartOf\":{\"@id\":\"https:\/\/apuntesdesanluis.com\/index.php\/2023\/12\/13\/la-vice-intendenta-silvina-galetto-participo-del-cierre-de-talleres-de-la-asociacion-civil-ocho-c\/\"},\"author\":{\"name\":\"apuntesdesanluis.com\",\"@id\":\"https:\/\/apuntesdesanluis.com\/#\/schema\/person\/b55151d52296fcce64d1a72538a70b90\"},\"headline\":\"LA VICE INTENDENTA SILVINA GALETTO PARTICIP\u00d3 EN EL CIERRE DE LOS TALLERES DE LA ASOCIACI\u00d3N CIVIL OCHO C\",\"datePublished\":\"2023-12-13T22:50:13+00:00\",\"dateModified\":\"2023-12-14T02:56:15+00:00\",\"mainEntityOfPage\":{\"@id\":\"https:\/\/apuntesdesanluis.com\/index.php\/2023\/12\/13\/la-vice-intendenta-silvina-galetto-participo-del-cierre-de-talleres-de-la-asociacion-civil-ocho-c\/\"},\"wordCount\":237,\"publisher\":{\"@id\":\"https:\/\/apuntesdesanluis.com\/#\/schema\/person\/b55151d52296fcce64d1a72538a70b90\"},\"image\":{\"@id\":\"https:\/\/apuntesdesanluis.com\/index.php\/2023\/12\/13\/la-vice-intendenta-silvina-galetto-participo-del-cierre-de-talleres-de-la-asociacion-civil-ocho-c\/#primaryimage\"},\"thumbnailUrl\":\"https:\/\/apuntesdesanluis.com\/wp-content\/uploads\/2023\/12\/galetto.jpg\",\"articleSection\":[\"Ciudad\/Provincia\"],\"inLanguage\":\"es-AR\"},{\"@type\":\"WebPage\",\"@id\":\"https:\/\/apuntesdesanluis.com\/index.php\/2023\/12\/13\/la-vice-intendenta-silvina-galetto-participo-del-cierre-de-talleres-de-la-asociacion-civil-ocho-c\/\",\"url\":\"https:\/\/apuntesdesanluis.com\/index.php\/2023\/12\/13\/la-vice-intendenta-silvina-galetto-participo-del-cierre-de-talleres-de-la-asociacion-civil-ocho-c\/\",\"name\":\"LA VICE INTENDENTA SILVINA GALETTO PARTICIP\u00d3 EN EL CIERRE DE LOS TALLERES DE LA ASOCIACI\u00d3N CIVIL OCHO C - Apuntes de San Luis\",\"isPartOf\":{\"@id\":\"https:\/\/apuntesdesanluis.com\/#website\"},\"primaryImageOfPage\":{\"@id\":\"https:\/\/apuntesdesanluis.com\/index.php\/2023\/12\/13\/la-vice-intendenta-silvina-galetto-participo-del-cierre-de-talleres-de-la-asociacion-civil-ocho-c\/#primaryimage\"},\"image\":{\"@id\":\"https:\/\/apuntesdesanluis.com\/index.php\/2023\/12\/13\/la-vice-intendenta-silvina-galetto-participo-del-cierre-de-talleres-de-la-asociacion-civil-ocho-c\/#primaryimage\"},\"thumbnailUrl\":\"https:\/\/apuntesdesanluis.com\/wp-content\/uploads\/2023\/12\/galetto.jpg\",\"datePublished\":\"2023-12-13T22:50:13+00:00\",\"dateModified\":\"2023-12-14T02:56:15+00:00\",\"breadcrumb\":{\"@id\":\"https:\/\/apuntesdesanluis.com\/index.php\/2023\/12\/13\/la-vice-intendenta-silvina-galetto-participo-del-cierre-de-talleres-de-la-asociacion-civil-ocho-c\/#breadcrumb\"},\"inLanguage\":\"es-AR\",\"potentialAction\":[{\"@type\":\"ReadAction\",\"target\":[\"https:\/\/apuntesdesanluis.com\/index.php\/2023\/12\/13\/la-vice-intendenta-silvina-galetto-participo-del-cierre-de-talleres-de-la-asociacion-civil-ocho-c\/\"]}]},{\"@type\":\"ImageObject\",\"inLanguage\":\"es-AR\",\"@id\":\"https:\/\/apuntesdesanluis.com\/index.php\/2023\/12\/13\/la-vice-intendenta-silvina-galetto-participo-del-cierre-de-talleres-de-la-asociacion-civil-ocho-c\/#primaryimage\",\"url\":\"https:\/\/apuntesdesanluis.com\/wp-content\/uploads\/2023\/12\/galetto.jpg\",\"contentUrl\":\"https:\/\/apuntesdesanluis.com\/wp-content\/uploads\/2023\/12\/galetto.jpg\",\"width\":467,\"height\":295},{\"@type\":\"BreadcrumbList\",\"@id\":\"https:\/\/apuntesdesanluis.com\/index.php\/2023\/12\/13\/la-vice-intendenta-silvina-galetto-participo-del-cierre-de-talleres-de-la-asociacion-civil-ocho-c\/#breadcrumb\",\"itemListElement\":[{\"@type\":\"ListItem\",\"position\":1,\"name\":\"Inicio\",\"item\":\"https:\/\/apuntesdesanluis.com\/\"},{\"@type\":\"ListItem\",\"position\":2,\"name\":\"LA VICE INTENDENTA SILVINA GALETTO PARTICIP\u00d3 EN EL CIERRE DE LOS TALLERES DE LA ASOCIACI\u00d3N CIVIL OCHO C\"}]},{\"@type\":\"WebSite\",\"@id\":\"https:\/\/apuntesdesanluis.com\/#website\",\"url\":\"https:\/\/apuntesdesanluis.com\/\",\"name\":\"Apuntes de San Luis\",\"description\":\"\",\"publisher\":{\"@id\":\"https:\/\/apuntesdesanluis.com\/#\/schema\/person\/b55151d52296fcce64d1a72538a70b90\"},\"potentialAction\":[{\"@type\":\"SearchAction\",\"target\":{\"@type\":\"EntryPoint\",\"urlTemplate\":\"https:\/\/apuntesdesanluis.com\/?s={search_term_string}\"},\"query-input\":{\"@type\":\"PropertyValueSpecification\",\"valueRequired\":true,\"valueName\":\"search_term_string\"}}],\"inLanguage\":\"es-AR\"},{\"@type\":[\"Person\",\"Organization\"],\"@id\":\"https:\/\/apuntesdesanluis.com\/#\/schema\/person\/b55151d52296fcce64d1a72538a70b90\",\"name\":\"apuntesdesanluis.com\",\"image\":{\"@type\":\"ImageObject\",\"inLanguage\":\"es-AR\",\"@id\":\"https:\/\/apuntesdesanluis.com\/#\/schema\/person\/image\/\",\"url\":\"https:\/\/apuntesdesanluis.com\/wp-content\/uploads\/2023\/07\/cropped-apuntesdesanluis.png\",\"contentUrl\":\"https:\/\/apuntesdesanluis.com\/wp-content\/uploads\/2023\/07\/cropped-apuntesdesanluis.png\",\"width\":450,\"height\":112,\"caption\":\"apuntesdesanluis.com\"},\"logo\":{\"@id\":\"https:\/\/apuntesdesanluis.com\/#\/schema\/person\/image\/\"},\"sameAs\":[\"https:\/\/apuntesdesanluis.com\"],\"url\":\"https:\/\/apuntesdesanluis.com\/index.php\/author\/apuntesdesanluis-com\/\"}]}<\/script>\n<!-- \/ Yoast SEO plugin. -->","yoast_head_json":{"title":"LA VICE INTENDENTA SILVINA GALETTO PARTICIP\u00d3 EN EL CIERRE DE LOS TALLERES DE LA ASOCIACI\u00d3N CIVIL OCHO C - Apuntes de San Luis","robots":{"index":"index","follow":"follow","max-snippet":"max-snippet:-1","max-image-preview":"max-image-preview:large","max-video-preview":"max-video-preview:-1"},"canonical":"https:\/\/apuntesdesanluis.com\/index.php\/2023\/12\/13\/la-vice-intendenta-silvina-galetto-participo-del-cierre-de-talleres-de-la-asociacion-civil-ocho-c\/","og_locale":"es_ES","og_type":"article","og_title":"LA VICE INTENDENTA SILVINA GALETTO PARTICIP\u00d3 EN EL CIERRE DE LOS TALLERES DE LA ASOCIACI\u00d3N CIVIL OCHO C - Apuntes de San Luis","og_description":"Este mi\u00e9rcoles la Asociaci\u00f3n Civil Ocho C (ACOC) Adultos Mayores, realiz\u00f3 el acto de culminaci\u00f3n...","og_url":"https:\/\/apuntesdesanluis.com\/index.php\/2023\/12\/13\/la-vice-intendenta-silvina-galetto-participo-del-cierre-de-talleres-de-la-asociacion-civil-ocho-c\/","og_site_name":"Apuntes de San Luis","article_published_time":"2023-12-13T22:50:13+00:00","article_modified_time":"2023-12-14T02:56:15+00:00","og_image":[{"width":467,"height":295,"url":"https:\/\/apuntesdesanluis.com\/wp-content\/uploads\/2023\/12\/galetto.jpg","type":"image\/jpeg"}],"author":"apuntesdesanluis.com","twitter_card":"summary_large_image","twitter_misc":{"Escrito por":"apuntesdesanluis.com","Tiempo de lectura":"2 minutos"},"schema":{"@context":"https:\/\/schema.org","@graph":[{"@type":"Article","@id":"https:\/\/apuntesdesanluis.com\/index.php\/2023\/12\/13\/la-vice-intendenta-silvina-galetto-participo-del-cierre-de-talleres-de-la-asociacion-civil-ocho-c\/#article","isPartOf":{"@id":"https:\/\/apuntesdesanluis.com\/index.php\/2023\/12\/13\/la-vice-intendenta-silvina-galetto-participo-del-cierre-de-talleres-de-la-asociacion-civil-ocho-c\/"},"author":{"name":"apuntesdesanluis.com","@id":"https:\/\/apuntesdesanluis.com\/#\/schema\/person\/b55151d52296fcce64d1a72538a70b90"},"headline":"LA VICE INTENDENTA SILVINA GALETTO PARTICIP\u00d3 EN EL CIERRE DE LOS TALLERES DE LA ASOCIACI\u00d3N CIVIL OCHO C","datePublished":"2023-12-13T22:50:13+00:00","dateModified":"2023-12-14T02:56:15+00:00","mainEntityOfPage":{"@id":"https:\/\/apuntesdesanluis.com\/index.php\/2023\/12\/13\/la-vice-intendenta-silvina-galetto-participo-del-cierre-de-talleres-de-la-asociacion-civil-ocho-c\/"},"wordCount":237,"publisher":{"@id":"https:\/\/apuntesdesanluis.com\/#\/schema\/person\/b55151d52296fcce64d1a72538a70b90"},"image":{"@id":"https:\/\/apuntesdesanluis.com\/index.php\/2023\/12\/13\/la-vice-intendenta-silvina-galetto-participo-del-cierre-de-talleres-de-la-asociacion-civil-ocho-c\/#primaryimage"},"thumbnailUrl":"https:\/\/apuntesdesanluis.com\/wp-content\/uploads\/2023\/12\/galetto.jpg","articleSection":["Ciudad\/Provincia"],"inLanguage":"es-AR"},{"@type":"WebPage","@id":"https:\/\/apuntesdesanluis.com\/index.php\/2023\/12\/13\/la-vice-intendenta-silvina-galetto-participo-del-cierre-de-talleres-de-la-asociacion-civil-ocho-c\/","url":"https:\/\/apuntesdesanluis.com\/index.php\/2023\/12\/13\/la-vice-intendenta-silvina-galetto-participo-del-cierre-de-talleres-de-la-asociacion-civil-ocho-c\/","name":"LA VICE INTENDENTA SILVINA GALETTO PARTICIP\u00d3 EN EL CIERRE DE LOS TALLERES DE LA ASOCIACI\u00d3N CIVIL OCHO C - Apuntes de San Luis","isPartOf":{"@id":"https:\/\/apuntesdesanluis.com\/#website"},"primaryImageOfPage":{"@id":"https:\/\/apuntesdesanluis.com\/index.php\/2023\/12\/13\/la-vice-intendenta-silvina-galetto-participo-del-cierre-de-talleres-de-la-asociacion-civil-ocho-c\/#primaryimage"},"image":{"@id":"https:\/\/apuntesdesanluis.com\/index.php\/2023\/12\/13\/la-vice-intendenta-silvina-galetto-participo-del-cierre-de-talleres-de-la-asociacion-civil-ocho-c\/#primaryimage"},"thumbnailUrl":"https:\/\/apuntesdesanluis.com\/wp-content\/uploads\/2023\/12\/galetto.jpg","datePublished":"2023-12-13T22:50:13+00:00","dateModified":"2023-12-14T02:56:15+00:00","breadcrumb":{"@id":"https:\/\/apuntesdesanluis.com\/index.php\/2023\/12\/13\/la-vice-intendenta-silvina-galetto-participo-del-cierre-de-talleres-de-la-asociacion-civil-ocho-c\/#breadcrumb"},"inLanguage":"es-AR","potentialAction":[{"@type":"ReadAction","target":["https:\/\/apuntesdesanluis.com\/index.php\/2023\/12\/13\/la-vice-intendenta-silvina-galetto-participo-del-cierre-de-talleres-de-la-asociacion-civil-ocho-c\/"]}]},{"@type":"ImageObject","inLanguage":"es-AR","@id":"https:\/\/apuntesdesanluis.com\/index.php\/2023\/12\/13\/la-vice-intendenta-silvina-galetto-participo-del-cierre-de-talleres-de-la-asociacion-civil-ocho-c\/#primaryimage","url":"https:\/\/apuntesdesanluis.com\/wp-content\/uploads\/2023\/12\/galetto.jpg","contentUrl":"https:\/\/apuntesdesanluis.com\/wp-content\/uploads\/2023\/12\/galetto.jpg","width":467,"height":295},{"@type":"BreadcrumbList","@id":"https:\/\/apuntesdesanluis.com\/index.php\/2023\/12\/13\/la-vice-intendenta-silvina-galetto-participo-del-cierre-de-talleres-de-la-asociacion-civil-ocho-c\/#breadcrumb","itemListElement":[{"@type":"ListItem","position":1,"name":"Inicio","item":"https:\/\/apuntesdesanluis.com\/"},{"@type":"ListItem","position":2,"name":"LA VICE INTENDENTA SILVINA GALETTO PARTICIP\u00d3 EN EL CIERRE DE LOS TALLERES DE LA ASOCIACI\u00d3N CIVIL OCHO C"}]},{"@type":"WebSite","@id":"https:\/\/apuntesdesanluis.com\/#website","url":"https:\/\/apuntesdesanluis.com\/","name":"Apuntes de San Luis","description":"","publisher":{"@id":"https:\/\/apuntesdesanluis.com\/#\/schema\/person\/b55151d52296fcce64d1a72538a70b90"},"potentialAction":[{"@type":"SearchAction","target":{"@type":"EntryPoint","urlTemplate":"https:\/\/apuntesdesanluis.com\/?s={search_term_string}"},"query-input":{"@type":"PropertyValueSpecification","valueRequired":true,"valueName":"search_term_string"}}],"inLanguage":"es-AR"},{"@type":["Person","Organization"],"@id":"https:\/\/apuntesdesanluis.com\/#\/schema\/person\/b55151d52296fcce64d1a72538a70b90","name":"apuntesdesanluis.com","image":{"@type":"ImageObject","inLanguage":"es-AR","@id":"https:\/\/apuntesdesanluis.com\/#\/schema\/person\/image\/","url":"https:\/\/apuntesdesanluis.com\/wp-content\/uploads\/2023\/07\/cropped-apuntesdesanluis.png","contentUrl":"https:\/\/apuntesdesanluis.com\/wp-content\/uploads\/2023\/07\/cropped-apuntesdesanluis.png","width":450,"height":112,"caption":"apuntesdesanluis.com"},"logo":{"@id":"https:\/\/apuntesdesanluis.com\/#\/schema\/person\/image\/"},"sameAs":["https:\/\/apuntesdesanluis.com"],"url":"https:\/\/apuntesdesanluis.com\/index.php\/author\/apuntesdesanluis-com\/"}]}},"featured_image_urls":{"full":["https:\/\/apuntesdesanluis.com\/wp-content\/uploads\/2023\/12\/galetto.jpg",467,295,false],"thumbnail":["https:\/\/apuntesdesanluis.com\/wp-content\/uploads\/2023\/12\/galetto-150x150.jpg",150,150,true],"medium":["https:\/\/apuntesdesanluis.com\/wp-content\/uploads\/2023\/12\/galetto-300x190.jpg",300,190,true],"medium_large":["https:\/\/apuntesdesanluis.com\/wp-content\/uploads\/2023\/12\/galetto.jpg",467,295,false],"large":["https:\/\/apuntesdesanluis.com\/wp-content\/uploads\/2023\/12\/galetto.jpg",467,295,false],"1536x1536":["https:\/\/apuntesdesanluis.com\/wp-content\/uploads\/2023\/12\/galetto.jpg",467,295,false],"2048x2048":["https:\/\/apuntesdesanluis.com\/wp-content\/uploads\/2023\/12\/galetto.jpg",467,295,false],"newsever-slider-full":["https:\/\/apuntesdesanluis.com\/wp-content\/uploads\/2023\/12\/galetto.jpg",467,295,false],"newsever-featured":["https:\/\/apuntesdesanluis.com\/wp-content\/uploads\/2023\/12\/galetto.jpg",467,295,false],"newsever-medium":["https:\/\/apuntesdesanluis.com\/wp-content\/uploads\/2023\/12\/galetto.jpg",467,295,false]},"author_info":{"display_name":"apuntesdesanluis.com","author_link":"https:\/\/apuntesdesanluis.com\/index.php\/author\/apuntesdesanluis-com\/"},"category_info":"<a href=\"https:\/\/apuntesdesanluis.com\/index.php\/category\/ciudad-provincia\/\" rel=\"category tag\">Ciudad\/Provincia<\/a>","tag_info":"Ciudad\/Provincia","comment_count":"0","_links":{"self":[{"href":"https:\/\/apuntesdesanluis.com\/index.php\/wp-json\/wp\/v2\/posts\/8359","targetHints":{"allow":["GET"]}}],"collection":[{"href":"https:\/\/apuntesdesanluis.com\/index.php\/wp-json\/wp\/v2\/posts"}],"about":[{"href":"https:\/\/apuntesdesanluis.com\/index.php\/wp-json\/wp\/v2\/types\/post"}],"author":[{"embeddable":true,"href":"https:\/\/apuntesdesanluis.com\/index.php\/wp-json\/wp\/v2\/users\/1"}],"replies":[{"embeddable":true,"href":"https:\/\/apuntesdesanluis.com\/index.php\/wp-json\/wp\/v2\/comments?post=8359"}],"version-history":[{"count":3,"href":"https:\/\/apuntesdesanluis.com\/index.php\/wp-json\/wp\/v2\/posts\/8359\/revisions"}],"predecessor-version":[{"id":8365,"href":"https:\/\/apuntesdesanluis.com\/index.php\/wp-json\/wp\/v2\/posts\/8359\/revisions\/8365"}],"wp:featuredmedia":[{"embeddable":true,"href":"https:\/\/apuntesdesanluis.com\/index.php\/wp-json\/wp\/v2\/media\/8360"}],"wp:attachment":[{"href":"https:\/\/apuntesdesanluis.com\/index.php\/wp-json\/wp\/v2\/media?parent=8359"}],"wp:term":[{"taxonomy":"category","embeddable":true,"href":"https:\/\/apuntesdesanluis.com\/index.php\/wp-json\/wp\/v2\/categories?post=8359"},{"taxonomy":"post_tag","embeddable":true,"href":"https:\/\/apuntesdesanluis.com\/index.php\/wp-json\/wp\/v2\/tags?post=8359"}],"curies":[{"name":"wp","href":"https:\/\/api.w.org\/{rel}","templated":true}]}}