{"id":8405,"date":"2023-12-15T08:30:27","date_gmt":"2023-12-15T11:30:27","guid":{"rendered":"https:\/\/apuntesdesanluis.com\/?p=8405"},"modified":"2023-12-15T08:30:27","modified_gmt":"2023-12-15T11:30:27","slug":"los-piqueteros-desafiaron-a-bullrich-y-confirmaron-la-marcha-del-20-de-diciembre","status":"publish","type":"post","link":"https:\/\/apuntesdesanluis.com\/index.php\/2023\/12\/15\/los-piqueteros-desafiaron-a-bullrich-y-confirmaron-la-marcha-del-20-de-diciembre\/","title":{"rendered":"LOS PIQUETEROS DESAFIARON A BULLRICH Y CONFIRMARON LA MARCHA DEL 20 DE DICIEMBRE"},"content":{"rendered":"<h3>\u201cSi la quiere prohibir se est\u00e1 colocando en la ilegalidad\u201d, dijeron dirigentes de izquierda, luego de que la ministra de Seguridad anunciara el protocolo anti-piquetes. Unidad Piquetera dijo que se movilizar\u00e1 y lanz\u00f3 cr\u00edticas a la medida del Gobierno<\/h3>\n<h3>\u201cLa marcha del 20 de diciembre se va a hacer\u201d, reafirmaron dirigentes de Unidad Piquetera y el Frente de Izquierda, luego de la conferencia de prensa de la ministra de Seguridad, Patricia Bullrich, en la que inform\u00f3 el nuevo protocolo para impedir los cortes de calle.<\/h3>\n<h3>\u201cSe van a movilizar 50 mil personas\u201d, le retruc\u00f3 a la funcionaria <strong>Eduardo Belliboni<\/strong>, el dirigente del Polo Obrero, que junto a los legisladores del Frente de Izquierda, <strong>Gabriel Solano<\/strong> y <strong>Vanina Biassi<\/strong>, convocaron a otra conferencia de prensa, dos horas despu\u00e9s que Bullrich, para rechazar la disposici\u00f3n de la cartera de seguridad.<\/h3>\n<p><img fetchpriority=\"high\" decoding=\"async\" class=\"wp-image-8407 aligncenter\" src=\"https:\/\/apuntesdesanluis.com\/wp-content\/uploads\/2023\/12\/piqueteros-300x121.png\" alt=\"\" width=\"540\" height=\"218\" srcset=\"https:\/\/apuntesdesanluis.com\/wp-content\/uploads\/2023\/12\/piqueteros-300x121.png 300w, https:\/\/apuntesdesanluis.com\/wp-content\/uploads\/2023\/12\/piqueteros.png 600w\" sizes=\"(max-width: 540px) 100vw, 540px\" \/><\/p>\n<h3>Los referentes de izquierda calificaron como \u201cilegal\u201d el anuncio de Bullrich respecto de la aplicaci\u00f3n del nuevo protocolo, y defendieron los mandatos constitucionales que resguardan el derecho a la protesta. \u201cAc\u00e1 cambi\u00f3 un gobierno, no un r\u00e9gimen pol\u00edtico\u201d, agregaron.<\/h3>\n<h3>Un par de horas antes, la ministra de Seguridad hab\u00eda explicado en detalle c\u00f3mo organizar\u00eda el gobierno nacional a las fuerzas de Seguridad para impedir los piquetes. Para ello, la cartera ide\u00f3 un plan coordinado entre la Polic\u00eda Federal, Gendarmer\u00eda Nacional, Prefectura, PSA y el Servicio Penitenciario Federal, m\u00e1s las polic\u00edas locales, a fin de \u201cblindar\u201d la calle.<\/h3>\n<h3>Bullrich inform\u00f3 incluso que habr\u00e1 tareas preventivas en estaciones de trenes y otras v\u00edas de transporte para evitar que los piqueteros se re\u00fanan.<\/h3>\n<h3>Todas esas medidas fueron calificadas como ilegales por los dirigentes de Izquierda. \u201cEst\u00e1 atropellando la ley, la ministra se ha colocado en la ilegalidad, violando la Constituci\u00f3n\u201d, afirm\u00f3 Solano, ex precandidato a presidente que actualmente se desempe\u00f1a como legislador en la Ciudad de Buenos Aires.<\/h3>\n<h3>Tanto Solano, como Biassi &#8211; diputada nacional &#8211; y Belliboni, coincidieron en asociar el protocolo de Seguridad anunciado como un complemento del paquete de medias que comunic\u00f3 el ministro de Econom\u00eda, Luis Caputo, el martes. Esas definiciones, las primeras en la materia del gobierno de Javier Milei, fueron tildadas como \u201cun plan de guerra contra el pueblo\u201d, por los tres referentes de izquierda.<\/h3>\n<h3>\u201cHan anunciado un plan de guerra contra el pueblo, que adem\u00e1s es amenazado con represi\u00f3n. No van a tener \u00e9xito. Esto se va a expresar en las calles pac\u00edficamente. Nos hemos movilizado siempre, durante todos los gobiernos\u201d, reafirm\u00f3 Belliboni, quien adem\u00e1s adelant\u00f3 la magnitud de la marcha prevista para el pr\u00f3ximo 20 de diciembre.<\/h3>\n<h3>Los dirigentes de Izquierda desafiaron los planteos del ministerio de Seguridad y defendieron su derecho a protestar. &#8220;Lanzaron un plan de guerra contra el pueblo&#8221;, afirmaron<\/h3>\n<h3>Los dirigentes de Izquierda desafiaron los planteos del ministerio de Seguridad y defendieron su derecho a protestar. &#8220;Lanzaron un plan de guerra contra el pueblo&#8221;, afirmaron<\/h3>\n<h3>\u201cProbablemente haya 50 mil personas en la calle. \u00bfPueden marchar en la vereda? \u00bfEs el \u00fanico problema de seguridad? Es de lo \u00fanico que hablan los ministros de seguridad en la Argentina\u201d, se pregunt\u00f3 el dirigente del Polo Obrero, en relaci\u00f3n a la indicaci\u00f3n de la ministra de Seguridad, al asegurar que el derecho a la protesta est\u00e1 resguardado pero sin impedir la circulaci\u00f3n en las calles.<\/h3>\n<h3>\u201cVa a haber manifestaciones populares, es inevitable\u201d, insistieron.<\/h3>\n<h3>C\u00d3MO SER\u00c1 LA MOVILIZACI\u00d3N DEL 20<\/h3>\n<h3>Las organizaciones sociales que confluyen en Unidad Piquetera anunciaron hace semanas una movilizaci\u00f3n masiva con motivo de un nuevo aniversario del estallido social que tuvo lugar los d\u00edas 19 y 20 de diciembre de 2001, que culmin\u00f3 con la renuncia del entonces presidente Fernando De la R\u00faa.<\/h3>\n<h3>Ese recuerdo, adem\u00e1s, iba a ser acompa\u00f1ado con una expresi\u00f3n de rechazo hacia el plan de ajuste que anunci\u00f3 el gobierno de Javier Milei y que fue comunicado en medidas concretas en el tercer d\u00eda de gesti\u00f3n por el ministro de Econom\u00eda, Luis Caputo.<\/h3>\n<h3>En las \u00faltimas horas hubo contactos entre funcionarios de gobierno, espec\u00edficamente entre integrantes del ministerio de Capital Humano, y los referentes de las organizaciones que planean llevar adelante la marcha. El objetivo de la nueva administraci\u00f3n fue desactivar la protesta. Sin embargo, el encuentro previsto para las 14.30 de este jueves fue suspendido.<\/h3>\n<h3>Adem\u00e1s de la fallida reuni\u00f3n, el ministerio de Seguridad anunci\u00f3, en voz de la ministra Bullrich, el nuevo protocolo para impedir por la fuerza las movilizaciones. Fue en ese marco en el que los dirigentes decidieron expresarse y ratificar la movilizaci\u00f3n. \u201cEl 20 no se levanta, aunque nos regalen un mill\u00f3n de d\u00f3lares a cada uno. Se van a comer el primer piquetazo. Ser\u00e1 una primera derrota para los que dec\u00edan que no se puede movilizar\u201d, desafi\u00f3 Belliboni.<\/h3>\n<h3>EL CELS RECHAZ\u00d3 EL PROTOCOLO<\/h3>\n<h3>\u201cLas medidas &#8211; anunciadas por Patricia Bullrich &#8211; atacan el derecho a la protesta, criminalizan a quienes se manifiestan y persiguen a la organizaci\u00f3n social y pol\u00edtica. Hasta regula un registro de organizaciones habilitadas a protestar. Pretenden saltarse la intervenci\u00f3n judicial, lo que limita derechos y garant\u00edas\u201d, introduce el organismo en su cuenta de X.<\/h3>\n<h3>\u201cTodo esto est\u00e1 prohibido por el derecho internacional, que son normas incorporadas a nuestra Constituci\u00f3n Nacional con jerarqu\u00eda superior a cualquier ley o a cualquier protocolo\u201d, advierten.<\/h3>\n<h3>\u201cHay una habilitaci\u00f3n para ejercer violencia contra los manifestantes\u201d, insiste en remarcar su preocupaci\u00f3n por el nuevo escenario planteado por el gobierno.<\/h3>\n","protected":false},"excerpt":{"rendered":"<p>\u201cSi la quiere prohibir se est\u00e1 colocando en la ilegalidad\u201d, dijeron dirigentes de izquierda, luego&#8230;<\/p>\n","protected":false},"author":1,"featured_media":8406,"comment_status":"closed","ping_status":"closed","sticky":false,"template":"","format":"standard","meta":{"footnotes":""},"categories":[5],"tags":[],"class_list":["post-8405","post","type-post","status-publish","format-standard","has-post-thumbnail","hentry","category-nacionales-internacionales"],"yoast_head":"<!-- This site is optimized with the Yoast SEO plugin v26.1.1 - https:\/\/yoast.com\/wordpress\/plugins\/seo\/ -->\n<title>LOS PIQUETEROS DESAFIARON A BULLRICH Y CONFIRMARON LA MARCHA DEL 20 DE DICIEMBRE - Apuntes de San Luis<\/title>\n<meta name=\"robots\" content=\"index, follow, max-snippet:-1, max-image-preview:large, max-video-preview:-1\" \/>\n<link rel=\"canonical\" href=\"https:\/\/apuntesdesanluis.com\/index.php\/2023\/12\/15\/los-piqueteros-desafiaron-a-bullrich-y-confirmaron-la-marcha-del-20-de-diciembre\/\" \/>\n<meta property=\"og:locale\" content=\"es_ES\" \/>\n<meta property=\"og:type\" content=\"article\" \/>\n<meta property=\"og:title\" content=\"LOS PIQUETEROS DESAFIARON A BULLRICH Y CONFIRMARON LA MARCHA DEL 20 DE DICIEMBRE - Apuntes de San Luis\" \/>\n<meta property=\"og:description\" content=\"\u201cSi la quiere prohibir se est\u00e1 colocando en la ilegalidad\u201d, dijeron dirigentes de izquierda, luego...\" \/>\n<meta property=\"og:url\" content=\"https:\/\/apuntesdesanluis.com\/index.php\/2023\/12\/15\/los-piqueteros-desafiaron-a-bullrich-y-confirmaron-la-marcha-del-20-de-diciembre\/\" \/>\n<meta property=\"og:site_name\" content=\"Apuntes de San Luis\" \/>\n<meta property=\"article:published_time\" content=\"2023-12-15T11:30:27+00:00\" \/>\n<meta property=\"og:image\" content=\"https:\/\/apuntesdesanluis.com\/wp-content\/uploads\/2023\/12\/polo-obrero.png\" \/>\n\t<meta property=\"og:image:width\" content=\"536\" \/>\n\t<meta property=\"og:image:height\" content=\"337\" \/>\n\t<meta property=\"og:image:type\" content=\"image\/png\" \/>\n<meta name=\"author\" content=\"apuntesdesanluis.com\" \/>\n<meta name=\"twitter:card\" content=\"summary_large_image\" \/>\n<meta name=\"twitter:label1\" content=\"Escrito por\" \/>\n\t<meta name=\"twitter:data1\" content=\"apuntesdesanluis.com\" \/>\n\t<meta name=\"twitter:label2\" content=\"Tiempo de lectura\" \/>\n\t<meta name=\"twitter:data2\" content=\"5 minutos\" \/>\n<script type=\"application\/ld+json\" class=\"yoast-schema-graph\">{\"@context\":\"https:\/\/schema.org\",\"@graph\":[{\"@type\":\"Article\",\"@id\":\"https:\/\/apuntesdesanluis.com\/index.php\/2023\/12\/15\/los-piqueteros-desafiaron-a-bullrich-y-confirmaron-la-marcha-del-20-de-diciembre\/#article\",\"isPartOf\":{\"@id\":\"https:\/\/apuntesdesanluis.com\/index.php\/2023\/12\/15\/los-piqueteros-desafiaron-a-bullrich-y-confirmaron-la-marcha-del-20-de-diciembre\/\"},\"author\":{\"name\":\"apuntesdesanluis.com\",\"@id\":\"https:\/\/apuntesdesanluis.com\/#\/schema\/person\/b55151d52296fcce64d1a72538a70b90\"},\"headline\":\"LOS PIQUETEROS DESAFIARON A BULLRICH Y CONFIRMARON LA MARCHA DEL 20 DE DICIEMBRE\",\"datePublished\":\"2023-12-15T11:30:27+00:00\",\"mainEntityOfPage\":{\"@id\":\"https:\/\/apuntesdesanluis.com\/index.php\/2023\/12\/15\/los-piqueteros-desafiaron-a-bullrich-y-confirmaron-la-marcha-del-20-de-diciembre\/\"},\"wordCount\":939,\"publisher\":{\"@id\":\"https:\/\/apuntesdesanluis.com\/#\/schema\/person\/b55151d52296fcce64d1a72538a70b90\"},\"image\":{\"@id\":\"https:\/\/apuntesdesanluis.com\/index.php\/2023\/12\/15\/los-piqueteros-desafiaron-a-bullrich-y-confirmaron-la-marcha-del-20-de-diciembre\/#primaryimage\"},\"thumbnailUrl\":\"https:\/\/apuntesdesanluis.com\/wp-content\/uploads\/2023\/12\/polo-obrero.png\",\"articleSection\":[\"Nacionales\/Internacionales\"],\"inLanguage\":\"es-AR\"},{\"@type\":\"WebPage\",\"@id\":\"https:\/\/apuntesdesanluis.com\/index.php\/2023\/12\/15\/los-piqueteros-desafiaron-a-bullrich-y-confirmaron-la-marcha-del-20-de-diciembre\/\",\"url\":\"https:\/\/apuntesdesanluis.com\/index.php\/2023\/12\/15\/los-piqueteros-desafiaron-a-bullrich-y-confirmaron-la-marcha-del-20-de-diciembre\/\",\"name\":\"LOS PIQUETEROS DESAFIARON A BULLRICH Y CONFIRMARON LA MARCHA DEL 20 DE DICIEMBRE - Apuntes de San Luis\",\"isPartOf\":{\"@id\":\"https:\/\/apuntesdesanluis.com\/#website\"},\"primaryImageOfPage\":{\"@id\":\"https:\/\/apuntesdesanluis.com\/index.php\/2023\/12\/15\/los-piqueteros-desafiaron-a-bullrich-y-confirmaron-la-marcha-del-20-de-diciembre\/#primaryimage\"},\"image\":{\"@id\":\"https:\/\/apuntesdesanluis.com\/index.php\/2023\/12\/15\/los-piqueteros-desafiaron-a-bullrich-y-confirmaron-la-marcha-del-20-de-diciembre\/#primaryimage\"},\"thumbnailUrl\":\"https:\/\/apuntesdesanluis.com\/wp-content\/uploads\/2023\/12\/polo-obrero.png\",\"datePublished\":\"2023-12-15T11:30:27+00:00\",\"breadcrumb\":{\"@id\":\"https:\/\/apuntesdesanluis.com\/index.php\/2023\/12\/15\/los-piqueteros-desafiaron-a-bullrich-y-confirmaron-la-marcha-del-20-de-diciembre\/#breadcrumb\"},\"inLanguage\":\"es-AR\",\"potentialAction\":[{\"@type\":\"ReadAction\",\"target\":[\"https:\/\/apuntesdesanluis.com\/index.php\/2023\/12\/15\/los-piqueteros-desafiaron-a-bullrich-y-confirmaron-la-marcha-del-20-de-diciembre\/\"]}]},{\"@type\":\"ImageObject\",\"inLanguage\":\"es-AR\",\"@id\":\"https:\/\/apuntesdesanluis.com\/index.php\/2023\/12\/15\/los-piqueteros-desafiaron-a-bullrich-y-confirmaron-la-marcha-del-20-de-diciembre\/#primaryimage\",\"url\":\"https:\/\/apuntesdesanluis.com\/wp-content\/uploads\/2023\/12\/polo-obrero.png\",\"contentUrl\":\"https:\/\/apuntesdesanluis.com\/wp-content\/uploads\/2023\/12\/polo-obrero.png\",\"width\":536,\"height\":337},{\"@type\":\"BreadcrumbList\",\"@id\":\"https:\/\/apuntesdesanluis.com\/index.php\/2023\/12\/15\/los-piqueteros-desafiaron-a-bullrich-y-confirmaron-la-marcha-del-20-de-diciembre\/#breadcrumb\",\"itemListElement\":[{\"@type\":\"ListItem\",\"position\":1,\"name\":\"Inicio\",\"item\":\"https:\/\/apuntesdesanluis.com\/\"},{\"@type\":\"ListItem\",\"position\":2,\"name\":\"LOS PIQUETEROS DESAFIARON A BULLRICH Y CONFIRMARON LA MARCHA DEL 20 DE DICIEMBRE\"}]},{\"@type\":\"WebSite\",\"@id\":\"https:\/\/apuntesdesanluis.com\/#website\",\"url\":\"https:\/\/apuntesdesanluis.com\/\",\"name\":\"Apuntes de San Luis\",\"description\":\"\",\"publisher\":{\"@id\":\"https:\/\/apuntesdesanluis.com\/#\/schema\/person\/b55151d52296fcce64d1a72538a70b90\"},\"potentialAction\":[{\"@type\":\"SearchAction\",\"target\":{\"@type\":\"EntryPoint\",\"urlTemplate\":\"https:\/\/apuntesdesanluis.com\/?s={search_term_string}\"},\"query-input\":{\"@type\":\"PropertyValueSpecification\",\"valueRequired\":true,\"valueName\":\"search_term_string\"}}],\"inLanguage\":\"es-AR\"},{\"@type\":[\"Person\",\"Organization\"],\"@id\":\"https:\/\/apuntesdesanluis.com\/#\/schema\/person\/b55151d52296fcce64d1a72538a70b90\",\"name\":\"apuntesdesanluis.com\",\"image\":{\"@type\":\"ImageObject\",\"inLanguage\":\"es-AR\",\"@id\":\"https:\/\/apuntesdesanluis.com\/#\/schema\/person\/image\/\",\"url\":\"https:\/\/apuntesdesanluis.com\/wp-content\/uploads\/2023\/07\/cropped-apuntesdesanluis.png\",\"contentUrl\":\"https:\/\/apuntesdesanluis.com\/wp-content\/uploads\/2023\/07\/cropped-apuntesdesanluis.png\",\"width\":450,\"height\":112,\"caption\":\"apuntesdesanluis.com\"},\"logo\":{\"@id\":\"https:\/\/apuntesdesanluis.com\/#\/schema\/person\/image\/\"},\"sameAs\":[\"https:\/\/apuntesdesanluis.com\"],\"url\":\"https:\/\/apuntesdesanluis.com\/index.php\/author\/apuntesdesanluis-com\/\"}]}<\/script>\n<!-- \/ Yoast SEO plugin. -->","yoast_head_json":{"title":"LOS PIQUETEROS DESAFIARON A BULLRICH Y CONFIRMARON LA MARCHA DEL 20 DE DICIEMBRE - Apuntes de San Luis","robots":{"index":"index","follow":"follow","max-snippet":"max-snippet:-1","max-image-preview":"max-image-preview:large","max-video-preview":"max-video-preview:-1"},"canonical":"https:\/\/apuntesdesanluis.com\/index.php\/2023\/12\/15\/los-piqueteros-desafiaron-a-bullrich-y-confirmaron-la-marcha-del-20-de-diciembre\/","og_locale":"es_ES","og_type":"article","og_title":"LOS PIQUETEROS DESAFIARON A BULLRICH Y CONFIRMARON LA MARCHA DEL 20 DE DICIEMBRE - Apuntes de San Luis","og_description":"\u201cSi la quiere prohibir se est\u00e1 colocando en la ilegalidad\u201d, dijeron dirigentes de izquierda, luego...","og_url":"https:\/\/apuntesdesanluis.com\/index.php\/2023\/12\/15\/los-piqueteros-desafiaron-a-bullrich-y-confirmaron-la-marcha-del-20-de-diciembre\/","og_site_name":"Apuntes de San Luis","article_published_time":"2023-12-15T11:30:27+00:00","og_image":[{"width":536,"height":337,"url":"https:\/\/apuntesdesanluis.com\/wp-content\/uploads\/2023\/12\/polo-obrero.png","type":"image\/png"}],"author":"apuntesdesanluis.com","twitter_card":"summary_large_image","twitter_misc":{"Escrito por":"apuntesdesanluis.com","Tiempo de lectura":"5 minutos"},"schema":{"@context":"https:\/\/schema.org","@graph":[{"@type":"Article","@id":"https:\/\/apuntesdesanluis.com\/index.php\/2023\/12\/15\/los-piqueteros-desafiaron-a-bullrich-y-confirmaron-la-marcha-del-20-de-diciembre\/#article","isPartOf":{"@id":"https:\/\/apuntesdesanluis.com\/index.php\/2023\/12\/15\/los-piqueteros-desafiaron-a-bullrich-y-confirmaron-la-marcha-del-20-de-diciembre\/"},"author":{"name":"apuntesdesanluis.com","@id":"https:\/\/apuntesdesanluis.com\/#\/schema\/person\/b55151d52296fcce64d1a72538a70b90"},"headline":"LOS PIQUETEROS DESAFIARON A BULLRICH Y CONFIRMARON LA MARCHA DEL 20 DE DICIEMBRE","datePublished":"2023-12-15T11:30:27+00:00","mainEntityOfPage":{"@id":"https:\/\/apuntesdesanluis.com\/index.php\/2023\/12\/15\/los-piqueteros-desafiaron-a-bullrich-y-confirmaron-la-marcha-del-20-de-diciembre\/"},"wordCount":939,"publisher":{"@id":"https:\/\/apuntesdesanluis.com\/#\/schema\/person\/b55151d52296fcce64d1a72538a70b90"},"image":{"@id":"https:\/\/apuntesdesanluis.com\/index.php\/2023\/12\/15\/los-piqueteros-desafiaron-a-bullrich-y-confirmaron-la-marcha-del-20-de-diciembre\/#primaryimage"},"thumbnailUrl":"https:\/\/apuntesdesanluis.com\/wp-content\/uploads\/2023\/12\/polo-obrero.png","articleSection":["Nacionales\/Internacionales"],"inLanguage":"es-AR"},{"@type":"WebPage","@id":"https:\/\/apuntesdesanluis.com\/index.php\/2023\/12\/15\/los-piqueteros-desafiaron-a-bullrich-y-confirmaron-la-marcha-del-20-de-diciembre\/","url":"https:\/\/apuntesdesanluis.com\/index.php\/2023\/12\/15\/los-piqueteros-desafiaron-a-bullrich-y-confirmaron-la-marcha-del-20-de-diciembre\/","name":"LOS PIQUETEROS DESAFIARON A BULLRICH Y CONFIRMARON LA MARCHA DEL 20 DE DICIEMBRE - Apuntes de San Luis","isPartOf":{"@id":"https:\/\/apuntesdesanluis.com\/#website"},"primaryImageOfPage":{"@id":"https:\/\/apuntesdesanluis.com\/index.php\/2023\/12\/15\/los-piqueteros-desafiaron-a-bullrich-y-confirmaron-la-marcha-del-20-de-diciembre\/#primaryimage"},"image":{"@id":"https:\/\/apuntesdesanluis.com\/index.php\/2023\/12\/15\/los-piqueteros-desafiaron-a-bullrich-y-confirmaron-la-marcha-del-20-de-diciembre\/#primaryimage"},"thumbnailUrl":"https:\/\/apuntesdesanluis.com\/wp-content\/uploads\/2023\/12\/polo-obrero.png","datePublished":"2023-12-15T11:30:27+00:00","breadcrumb":{"@id":"https:\/\/apuntesdesanluis.com\/index.php\/2023\/12\/15\/los-piqueteros-desafiaron-a-bullrich-y-confirmaron-la-marcha-del-20-de-diciembre\/#breadcrumb"},"inLanguage":"es-AR","potentialAction":[{"@type":"ReadAction","target":["https:\/\/apuntesdesanluis.com\/index.php\/2023\/12\/15\/los-piqueteros-desafiaron-a-bullrich-y-confirmaron-la-marcha-del-20-de-diciembre\/"]}]},{"@type":"ImageObject","inLanguage":"es-AR","@id":"https:\/\/apuntesdesanluis.com\/index.php\/2023\/12\/15\/los-piqueteros-desafiaron-a-bullrich-y-confirmaron-la-marcha-del-20-de-diciembre\/#primaryimage","url":"https:\/\/apuntesdesanluis.com\/wp-content\/uploads\/2023\/12\/polo-obrero.png","contentUrl":"https:\/\/apuntesdesanluis.com\/wp-content\/uploads\/2023\/12\/polo-obrero.png","width":536,"height":337},{"@type":"BreadcrumbList","@id":"https:\/\/apuntesdesanluis.com\/index.php\/2023\/12\/15\/los-piqueteros-desafiaron-a-bullrich-y-confirmaron-la-marcha-del-20-de-diciembre\/#breadcrumb","itemListElement":[{"@type":"ListItem","position":1,"name":"Inicio","item":"https:\/\/apuntesdesanluis.com\/"},{"@type":"ListItem","position":2,"name":"LOS PIQUETEROS DESAFIARON A BULLRICH Y CONFIRMARON LA MARCHA DEL 20 DE DICIEMBRE"}]},{"@type":"WebSite","@id":"https:\/\/apuntesdesanluis.com\/#website","url":"https:\/\/apuntesdesanluis.com\/","name":"Apuntes de San Luis","description":"","publisher":{"@id":"https:\/\/apuntesdesanluis.com\/#\/schema\/person\/b55151d52296fcce64d1a72538a70b90"},"potentialAction":[{"@type":"SearchAction","target":{"@type":"EntryPoint","urlTemplate":"https:\/\/apuntesdesanluis.com\/?s={search_term_string}"},"query-input":{"@type":"PropertyValueSpecification","valueRequired":true,"valueName":"search_term_string"}}],"inLanguage":"es-AR"},{"@type":["Person","Organization"],"@id":"https:\/\/apuntesdesanluis.com\/#\/schema\/person\/b55151d52296fcce64d1a72538a70b90","name":"apuntesdesanluis.com","image":{"@type":"ImageObject","inLanguage":"es-AR","@id":"https:\/\/apuntesdesanluis.com\/#\/schema\/person\/image\/","url":"https:\/\/apuntesdesanluis.com\/wp-content\/uploads\/2023\/07\/cropped-apuntesdesanluis.png","contentUrl":"https:\/\/apuntesdesanluis.com\/wp-content\/uploads\/2023\/07\/cropped-apuntesdesanluis.png","width":450,"height":112,"caption":"apuntesdesanluis.com"},"logo":{"@id":"https:\/\/apuntesdesanluis.com\/#\/schema\/person\/image\/"},"sameAs":["https:\/\/apuntesdesanluis.com"],"url":"https:\/\/apuntesdesanluis.com\/index.php\/author\/apuntesdesanluis-com\/"}]}},"featured_image_urls":{"full":["https:\/\/apuntesdesanluis.com\/wp-content\/uploads\/2023\/12\/polo-obrero.png",536,337,false],"thumbnail":["https:\/\/apuntesdesanluis.com\/wp-content\/uploads\/2023\/12\/polo-obrero-150x150.png",150,150,true],"medium":["https:\/\/apuntesdesanluis.com\/wp-content\/uploads\/2023\/12\/polo-obrero-300x189.png",300,189,true],"medium_large":["https:\/\/apuntesdesanluis.com\/wp-content\/uploads\/2023\/12\/polo-obrero.png",536,337,false],"large":["https:\/\/apuntesdesanluis.com\/wp-content\/uploads\/2023\/12\/polo-obrero.png",536,337,false],"1536x1536":["https:\/\/apuntesdesanluis.com\/wp-content\/uploads\/2023\/12\/polo-obrero.png",536,337,false],"2048x2048":["https:\/\/apuntesdesanluis.com\/wp-content\/uploads\/2023\/12\/polo-obrero.png",536,337,false],"newsever-slider-full":["https:\/\/apuntesdesanluis.com\/wp-content\/uploads\/2023\/12\/polo-obrero.png",536,337,false],"newsever-featured":["https:\/\/apuntesdesanluis.com\/wp-content\/uploads\/2023\/12\/polo-obrero.png",536,337,false],"newsever-medium":["https:\/\/apuntesdesanluis.com\/wp-content\/uploads\/2023\/12\/polo-obrero.png",536,337,false]},"author_info":{"display_name":"apuntesdesanluis.com","author_link":"https:\/\/apuntesdesanluis.com\/index.php\/author\/apuntesdesanluis-com\/"},"category_info":"<a href=\"https:\/\/apuntesdesanluis.com\/index.php\/category\/nacionales-internacionales\/\" rel=\"category tag\">Nacionales\/Internacionales<\/a>","tag_info":"Nacionales\/Internacionales","comment_count":"0","_links":{"self":[{"href":"https:\/\/apuntesdesanluis.com\/index.php\/wp-json\/wp\/v2\/posts\/8405","targetHints":{"allow":["GET"]}}],"collection":[{"href":"https:\/\/apuntesdesanluis.com\/index.php\/wp-json\/wp\/v2\/posts"}],"about":[{"href":"https:\/\/apuntesdesanluis.com\/index.php\/wp-json\/wp\/v2\/types\/post"}],"author":[{"embeddable":true,"href":"https:\/\/apuntesdesanluis.com\/index.php\/wp-json\/wp\/v2\/users\/1"}],"replies":[{"embeddable":true,"href":"https:\/\/apuntesdesanluis.com\/index.php\/wp-json\/wp\/v2\/comments?post=8405"}],"version-history":[{"count":1,"href":"https:\/\/apuntesdesanluis.com\/index.php\/wp-json\/wp\/v2\/posts\/8405\/revisions"}],"predecessor-version":[{"id":8408,"href":"https:\/\/apuntesdesanluis.com\/index.php\/wp-json\/wp\/v2\/posts\/8405\/revisions\/8408"}],"wp:featuredmedia":[{"embeddable":true,"href":"https:\/\/apuntesdesanluis.com\/index.php\/wp-json\/wp\/v2\/media\/8406"}],"wp:attachment":[{"href":"https:\/\/apuntesdesanluis.com\/index.php\/wp-json\/wp\/v2\/media?parent=8405"}],"wp:term":[{"taxonomy":"category","embeddable":true,"href":"https:\/\/apuntesdesanluis.com\/index.php\/wp-json\/wp\/v2\/categories?post=8405"},{"taxonomy":"post_tag","embeddable":true,"href":"https:\/\/apuntesdesanluis.com\/index.php\/wp-json\/wp\/v2\/tags?post=8405"}],"curies":[{"name":"wp","href":"https:\/\/api.w.org\/{rel}","templated":true}]}}