{"id":8412,"date":"2023-12-15T14:46:06","date_gmt":"2023-12-15T17:46:06","guid":{"rendered":"https:\/\/apuntesdesanluis.com\/?p=8412"},"modified":"2023-12-15T14:46:06","modified_gmt":"2023-12-15T17:46:06","slug":"caputo-puso-en-marcha-calendario-para-la-suba-de-tarifas-primero-el-gas","status":"publish","type":"post","link":"https:\/\/apuntesdesanluis.com\/index.php\/2023\/12\/15\/caputo-puso-en-marcha-calendario-para-la-suba-de-tarifas-primero-el-gas\/","title":{"rendered":"CAPUTO PUSO EN MARCHA CALENDARIO PARA LA SUBA DE TARIFAS: PRIMERO EL GAS"},"content":{"rendered":"<h3>El <strong>Ente Nacional Regulador del Gas<\/strong> (ENARGAS) public\u00f3 hoy una resoluci\u00f3n en el Bolet\u00edn Oficial convocando a una Audiencia P\u00fablica virtual para el pr\u00f3ximo 8 de enero, con el objetivo de discutir adecuaciones y actualizaciones en las tarifas del servicio p\u00fablico de transporte y distribuci\u00f3n de gas natural.<\/h3>\n<h3>La audiencia, que ser\u00e1 la n\u00famero 104 organizada por el ente regulador, se realizar\u00e1 de manera virtual. Los interesados en participar deber\u00e1n inscribirse entre el 22 de diciembre y el 3 de enero a trav\u00e9s de los canales digitales que se informar\u00e1n oportunamente.<\/h3>\n<h3>Si bien en la resoluci\u00f3n no se precisaron valores o porcentajes para los aumentos tarifarios, se les solicit\u00f3 a las empresas licenciatarias del servicio que presenten antes del 22 de diciembre los &#8220;cuadros tarifarios de transici\u00f3n&#8221; con sus propuestas de actualizaci\u00f3n, para su discusi\u00f3n en la instancia participativa.<\/h3>\n<h3>El ministro de Econom\u00eda,<strong> Luis Caputo<\/strong>, hab\u00eda adelanto que los usuarios tendr\u00edan suba en las tarifas de los servicios p\u00fablicas. En esta oportunidad, la audiencia es para fijar nuevos valores en el gas. Falta detalles que aparecer\u00e1n durante la audiencia.<\/h3>\n<h3>Entre los puntos en tratamiento se encuentran tambi\u00e9n la determinaci\u00f3n de un r\u00e9gimen de actualizaciones mensuales de las tarifas, el tratamiento del costo de transporte de gas licuado, la incidencia de los precios en el gas no contabilizado, y aspectos relativos a la operaci\u00f3n del Gasoducto Norte, entre otros.<\/h3>\n<h3>La participaci\u00f3n de los usuarios en las audiencias p\u00fablicas es un derecho consagrado legalmente, que busca transparentar el debate y brindar razonabilidad a las medidas que luego se adopten.<\/h3>\n<h3>Durante la gesti\u00f3n de Mauricio Macri hubo inconvenientes a la hora de implementar los incrementos por la falta de las audiencias. Javier Milei evitar\u00e1 esos problemas y llama a la primera audiencia.<\/h3>\n","protected":false},"excerpt":{"rendered":"<p>El Ente Nacional Regulador del Gas (ENARGAS) public\u00f3 hoy una resoluci\u00f3n en el Bolet\u00edn Oficial&#8230;<\/p>\n","protected":false},"author":1,"featured_media":8413,"comment_status":"closed","ping_status":"closed","sticky":false,"template":"","format":"standard","meta":{"footnotes":""},"categories":[5],"tags":[],"class_list":["post-8412","post","type-post","status-publish","format-standard","has-post-thumbnail","hentry","category-nacionales-internacionales"],"yoast_head":"<!-- This site is optimized with the Yoast SEO plugin v26.1.1 - https:\/\/yoast.com\/wordpress\/plugins\/seo\/ -->\n<title>CAPUTO PUSO EN MARCHA CALENDARIO PARA LA SUBA DE TARIFAS: PRIMERO EL GAS - Apuntes de San Luis<\/title>\n<meta name=\"robots\" content=\"index, follow, max-snippet:-1, max-image-preview:large, max-video-preview:-1\" \/>\n<link rel=\"canonical\" href=\"https:\/\/apuntesdesanluis.com\/index.php\/2023\/12\/15\/caputo-puso-en-marcha-calendario-para-la-suba-de-tarifas-primero-el-gas\/\" \/>\n<meta property=\"og:locale\" content=\"es_ES\" \/>\n<meta property=\"og:type\" content=\"article\" \/>\n<meta property=\"og:title\" content=\"CAPUTO PUSO EN MARCHA CALENDARIO PARA LA SUBA DE TARIFAS: PRIMERO EL GAS - Apuntes de San Luis\" \/>\n<meta property=\"og:description\" content=\"El Ente Nacional Regulador del Gas (ENARGAS) public\u00f3 hoy una resoluci\u00f3n en el Bolet\u00edn Oficial...\" \/>\n<meta property=\"og:url\" content=\"https:\/\/apuntesdesanluis.com\/index.php\/2023\/12\/15\/caputo-puso-en-marcha-calendario-para-la-suba-de-tarifas-primero-el-gas\/\" \/>\n<meta property=\"og:site_name\" content=\"Apuntes de San Luis\" \/>\n<meta property=\"article:published_time\" content=\"2023-12-15T17:46:06+00:00\" \/>\n<meta property=\"og:image\" content=\"https:\/\/apuntesdesanluis.com\/wp-content\/uploads\/2023\/12\/gas.jpeg\" \/>\n\t<meta property=\"og:image:width\" content=\"432\" \/>\n\t<meta property=\"og:image:height\" content=\"297\" \/>\n\t<meta property=\"og:image:type\" content=\"image\/jpeg\" \/>\n<meta name=\"author\" content=\"apuntesdesanluis.com\" \/>\n<meta name=\"twitter:card\" content=\"summary_large_image\" \/>\n<meta name=\"twitter:label1\" content=\"Escrito por\" \/>\n\t<meta name=\"twitter:data1\" content=\"apuntesdesanluis.com\" \/>\n\t<meta name=\"twitter:label2\" content=\"Tiempo de lectura\" \/>\n\t<meta name=\"twitter:data2\" content=\"2 minutos\" \/>\n<script type=\"application\/ld+json\" class=\"yoast-schema-graph\">{\"@context\":\"https:\/\/schema.org\",\"@graph\":[{\"@type\":\"Article\",\"@id\":\"https:\/\/apuntesdesanluis.com\/index.php\/2023\/12\/15\/caputo-puso-en-marcha-calendario-para-la-suba-de-tarifas-primero-el-gas\/#article\",\"isPartOf\":{\"@id\":\"https:\/\/apuntesdesanluis.com\/index.php\/2023\/12\/15\/caputo-puso-en-marcha-calendario-para-la-suba-de-tarifas-primero-el-gas\/\"},\"author\":{\"name\":\"apuntesdesanluis.com\",\"@id\":\"https:\/\/apuntesdesanluis.com\/#\/schema\/person\/b55151d52296fcce64d1a72538a70b90\"},\"headline\":\"CAPUTO PUSO EN MARCHA CALENDARIO PARA LA SUBA DE TARIFAS: PRIMERO EL GAS\",\"datePublished\":\"2023-12-15T17:46:06+00:00\",\"mainEntityOfPage\":{\"@id\":\"https:\/\/apuntesdesanluis.com\/index.php\/2023\/12\/15\/caputo-puso-en-marcha-calendario-para-la-suba-de-tarifas-primero-el-gas\/\"},\"wordCount\":323,\"publisher\":{\"@id\":\"https:\/\/apuntesdesanluis.com\/#\/schema\/person\/b55151d52296fcce64d1a72538a70b90\"},\"image\":{\"@id\":\"https:\/\/apuntesdesanluis.com\/index.php\/2023\/12\/15\/caputo-puso-en-marcha-calendario-para-la-suba-de-tarifas-primero-el-gas\/#primaryimage\"},\"thumbnailUrl\":\"https:\/\/apuntesdesanluis.com\/wp-content\/uploads\/2023\/12\/gas.jpeg\",\"articleSection\":[\"Nacionales\/Internacionales\"],\"inLanguage\":\"es-AR\"},{\"@type\":\"WebPage\",\"@id\":\"https:\/\/apuntesdesanluis.com\/index.php\/2023\/12\/15\/caputo-puso-en-marcha-calendario-para-la-suba-de-tarifas-primero-el-gas\/\",\"url\":\"https:\/\/apuntesdesanluis.com\/index.php\/2023\/12\/15\/caputo-puso-en-marcha-calendario-para-la-suba-de-tarifas-primero-el-gas\/\",\"name\":\"CAPUTO PUSO EN MARCHA CALENDARIO PARA LA SUBA DE TARIFAS: PRIMERO EL GAS - Apuntes de San Luis\",\"isPartOf\":{\"@id\":\"https:\/\/apuntesdesanluis.com\/#website\"},\"primaryImageOfPage\":{\"@id\":\"https:\/\/apuntesdesanluis.com\/index.php\/2023\/12\/15\/caputo-puso-en-marcha-calendario-para-la-suba-de-tarifas-primero-el-gas\/#primaryimage\"},\"image\":{\"@id\":\"https:\/\/apuntesdesanluis.com\/index.php\/2023\/12\/15\/caputo-puso-en-marcha-calendario-para-la-suba-de-tarifas-primero-el-gas\/#primaryimage\"},\"thumbnailUrl\":\"https:\/\/apuntesdesanluis.com\/wp-content\/uploads\/2023\/12\/gas.jpeg\",\"datePublished\":\"2023-12-15T17:46:06+00:00\",\"breadcrumb\":{\"@id\":\"https:\/\/apuntesdesanluis.com\/index.php\/2023\/12\/15\/caputo-puso-en-marcha-calendario-para-la-suba-de-tarifas-primero-el-gas\/#breadcrumb\"},\"inLanguage\":\"es-AR\",\"potentialAction\":[{\"@type\":\"ReadAction\",\"target\":[\"https:\/\/apuntesdesanluis.com\/index.php\/2023\/12\/15\/caputo-puso-en-marcha-calendario-para-la-suba-de-tarifas-primero-el-gas\/\"]}]},{\"@type\":\"ImageObject\",\"inLanguage\":\"es-AR\",\"@id\":\"https:\/\/apuntesdesanluis.com\/index.php\/2023\/12\/15\/caputo-puso-en-marcha-calendario-para-la-suba-de-tarifas-primero-el-gas\/#primaryimage\",\"url\":\"https:\/\/apuntesdesanluis.com\/wp-content\/uploads\/2023\/12\/gas.jpeg\",\"contentUrl\":\"https:\/\/apuntesdesanluis.com\/wp-content\/uploads\/2023\/12\/gas.jpeg\",\"width\":432,\"height\":297},{\"@type\":\"BreadcrumbList\",\"@id\":\"https:\/\/apuntesdesanluis.com\/index.php\/2023\/12\/15\/caputo-puso-en-marcha-calendario-para-la-suba-de-tarifas-primero-el-gas\/#breadcrumb\",\"itemListElement\":[{\"@type\":\"ListItem\",\"position\":1,\"name\":\"Inicio\",\"item\":\"https:\/\/apuntesdesanluis.com\/\"},{\"@type\":\"ListItem\",\"position\":2,\"name\":\"CAPUTO PUSO EN MARCHA CALENDARIO PARA LA SUBA DE TARIFAS: PRIMERO EL GAS\"}]},{\"@type\":\"WebSite\",\"@id\":\"https:\/\/apuntesdesanluis.com\/#website\",\"url\":\"https:\/\/apuntesdesanluis.com\/\",\"name\":\"Apuntes de San Luis\",\"description\":\"\",\"publisher\":{\"@id\":\"https:\/\/apuntesdesanluis.com\/#\/schema\/person\/b55151d52296fcce64d1a72538a70b90\"},\"potentialAction\":[{\"@type\":\"SearchAction\",\"target\":{\"@type\":\"EntryPoint\",\"urlTemplate\":\"https:\/\/apuntesdesanluis.com\/?s={search_term_string}\"},\"query-input\":{\"@type\":\"PropertyValueSpecification\",\"valueRequired\":true,\"valueName\":\"search_term_string\"}}],\"inLanguage\":\"es-AR\"},{\"@type\":[\"Person\",\"Organization\"],\"@id\":\"https:\/\/apuntesdesanluis.com\/#\/schema\/person\/b55151d52296fcce64d1a72538a70b90\",\"name\":\"apuntesdesanluis.com\",\"image\":{\"@type\":\"ImageObject\",\"inLanguage\":\"es-AR\",\"@id\":\"https:\/\/apuntesdesanluis.com\/#\/schema\/person\/image\/\",\"url\":\"https:\/\/apuntesdesanluis.com\/wp-content\/uploads\/2023\/07\/cropped-apuntesdesanluis.png\",\"contentUrl\":\"https:\/\/apuntesdesanluis.com\/wp-content\/uploads\/2023\/07\/cropped-apuntesdesanluis.png\",\"width\":450,\"height\":112,\"caption\":\"apuntesdesanluis.com\"},\"logo\":{\"@id\":\"https:\/\/apuntesdesanluis.com\/#\/schema\/person\/image\/\"},\"sameAs\":[\"https:\/\/apuntesdesanluis.com\"],\"url\":\"https:\/\/apuntesdesanluis.com\/index.php\/author\/apuntesdesanluis-com\/\"}]}<\/script>\n<!-- \/ Yoast SEO plugin. -->","yoast_head_json":{"title":"CAPUTO PUSO EN MARCHA CALENDARIO PARA LA SUBA DE TARIFAS: PRIMERO EL GAS - Apuntes de San Luis","robots":{"index":"index","follow":"follow","max-snippet":"max-snippet:-1","max-image-preview":"max-image-preview:large","max-video-preview":"max-video-preview:-1"},"canonical":"https:\/\/apuntesdesanluis.com\/index.php\/2023\/12\/15\/caputo-puso-en-marcha-calendario-para-la-suba-de-tarifas-primero-el-gas\/","og_locale":"es_ES","og_type":"article","og_title":"CAPUTO PUSO EN MARCHA CALENDARIO PARA LA SUBA DE TARIFAS: PRIMERO EL GAS - Apuntes de San Luis","og_description":"El Ente Nacional Regulador del Gas (ENARGAS) public\u00f3 hoy una resoluci\u00f3n en el Bolet\u00edn Oficial...","og_url":"https:\/\/apuntesdesanluis.com\/index.php\/2023\/12\/15\/caputo-puso-en-marcha-calendario-para-la-suba-de-tarifas-primero-el-gas\/","og_site_name":"Apuntes de San Luis","article_published_time":"2023-12-15T17:46:06+00:00","og_image":[{"width":432,"height":297,"url":"https:\/\/apuntesdesanluis.com\/wp-content\/uploads\/2023\/12\/gas.jpeg","type":"image\/jpeg"}],"author":"apuntesdesanluis.com","twitter_card":"summary_large_image","twitter_misc":{"Escrito por":"apuntesdesanluis.com","Tiempo de lectura":"2 minutos"},"schema":{"@context":"https:\/\/schema.org","@graph":[{"@type":"Article","@id":"https:\/\/apuntesdesanluis.com\/index.php\/2023\/12\/15\/caputo-puso-en-marcha-calendario-para-la-suba-de-tarifas-primero-el-gas\/#article","isPartOf":{"@id":"https:\/\/apuntesdesanluis.com\/index.php\/2023\/12\/15\/caputo-puso-en-marcha-calendario-para-la-suba-de-tarifas-primero-el-gas\/"},"author":{"name":"apuntesdesanluis.com","@id":"https:\/\/apuntesdesanluis.com\/#\/schema\/person\/b55151d52296fcce64d1a72538a70b90"},"headline":"CAPUTO PUSO EN MARCHA CALENDARIO PARA LA SUBA DE TARIFAS: PRIMERO EL GAS","datePublished":"2023-12-15T17:46:06+00:00","mainEntityOfPage":{"@id":"https:\/\/apuntesdesanluis.com\/index.php\/2023\/12\/15\/caputo-puso-en-marcha-calendario-para-la-suba-de-tarifas-primero-el-gas\/"},"wordCount":323,"publisher":{"@id":"https:\/\/apuntesdesanluis.com\/#\/schema\/person\/b55151d52296fcce64d1a72538a70b90"},"image":{"@id":"https:\/\/apuntesdesanluis.com\/index.php\/2023\/12\/15\/caputo-puso-en-marcha-calendario-para-la-suba-de-tarifas-primero-el-gas\/#primaryimage"},"thumbnailUrl":"https:\/\/apuntesdesanluis.com\/wp-content\/uploads\/2023\/12\/gas.jpeg","articleSection":["Nacionales\/Internacionales"],"inLanguage":"es-AR"},{"@type":"WebPage","@id":"https:\/\/apuntesdesanluis.com\/index.php\/2023\/12\/15\/caputo-puso-en-marcha-calendario-para-la-suba-de-tarifas-primero-el-gas\/","url":"https:\/\/apuntesdesanluis.com\/index.php\/2023\/12\/15\/caputo-puso-en-marcha-calendario-para-la-suba-de-tarifas-primero-el-gas\/","name":"CAPUTO PUSO EN MARCHA CALENDARIO PARA LA SUBA DE TARIFAS: PRIMERO EL GAS - Apuntes de San Luis","isPartOf":{"@id":"https:\/\/apuntesdesanluis.com\/#website"},"primaryImageOfPage":{"@id":"https:\/\/apuntesdesanluis.com\/index.php\/2023\/12\/15\/caputo-puso-en-marcha-calendario-para-la-suba-de-tarifas-primero-el-gas\/#primaryimage"},"image":{"@id":"https:\/\/apuntesdesanluis.com\/index.php\/2023\/12\/15\/caputo-puso-en-marcha-calendario-para-la-suba-de-tarifas-primero-el-gas\/#primaryimage"},"thumbnailUrl":"https:\/\/apuntesdesanluis.com\/wp-content\/uploads\/2023\/12\/gas.jpeg","datePublished":"2023-12-15T17:46:06+00:00","breadcrumb":{"@id":"https:\/\/apuntesdesanluis.com\/index.php\/2023\/12\/15\/caputo-puso-en-marcha-calendario-para-la-suba-de-tarifas-primero-el-gas\/#breadcrumb"},"inLanguage":"es-AR","potentialAction":[{"@type":"ReadAction","target":["https:\/\/apuntesdesanluis.com\/index.php\/2023\/12\/15\/caputo-puso-en-marcha-calendario-para-la-suba-de-tarifas-primero-el-gas\/"]}]},{"@type":"ImageObject","inLanguage":"es-AR","@id":"https:\/\/apuntesdesanluis.com\/index.php\/2023\/12\/15\/caputo-puso-en-marcha-calendario-para-la-suba-de-tarifas-primero-el-gas\/#primaryimage","url":"https:\/\/apuntesdesanluis.com\/wp-content\/uploads\/2023\/12\/gas.jpeg","contentUrl":"https:\/\/apuntesdesanluis.com\/wp-content\/uploads\/2023\/12\/gas.jpeg","width":432,"height":297},{"@type":"BreadcrumbList","@id":"https:\/\/apuntesdesanluis.com\/index.php\/2023\/12\/15\/caputo-puso-en-marcha-calendario-para-la-suba-de-tarifas-primero-el-gas\/#breadcrumb","itemListElement":[{"@type":"ListItem","position":1,"name":"Inicio","item":"https:\/\/apuntesdesanluis.com\/"},{"@type":"ListItem","position":2,"name":"CAPUTO PUSO EN MARCHA CALENDARIO PARA LA SUBA DE TARIFAS: PRIMERO EL GAS"}]},{"@type":"WebSite","@id":"https:\/\/apuntesdesanluis.com\/#website","url":"https:\/\/apuntesdesanluis.com\/","name":"Apuntes de San Luis","description":"","publisher":{"@id":"https:\/\/apuntesdesanluis.com\/#\/schema\/person\/b55151d52296fcce64d1a72538a70b90"},"potentialAction":[{"@type":"SearchAction","target":{"@type":"EntryPoint","urlTemplate":"https:\/\/apuntesdesanluis.com\/?s={search_term_string}"},"query-input":{"@type":"PropertyValueSpecification","valueRequired":true,"valueName":"search_term_string"}}],"inLanguage":"es-AR"},{"@type":["Person","Organization"],"@id":"https:\/\/apuntesdesanluis.com\/#\/schema\/person\/b55151d52296fcce64d1a72538a70b90","name":"apuntesdesanluis.com","image":{"@type":"ImageObject","inLanguage":"es-AR","@id":"https:\/\/apuntesdesanluis.com\/#\/schema\/person\/image\/","url":"https:\/\/apuntesdesanluis.com\/wp-content\/uploads\/2023\/07\/cropped-apuntesdesanluis.png","contentUrl":"https:\/\/apuntesdesanluis.com\/wp-content\/uploads\/2023\/07\/cropped-apuntesdesanluis.png","width":450,"height":112,"caption":"apuntesdesanluis.com"},"logo":{"@id":"https:\/\/apuntesdesanluis.com\/#\/schema\/person\/image\/"},"sameAs":["https:\/\/apuntesdesanluis.com"],"url":"https:\/\/apuntesdesanluis.com\/index.php\/author\/apuntesdesanluis-com\/"}]}},"featured_image_urls":{"full":["https:\/\/apuntesdesanluis.com\/wp-content\/uploads\/2023\/12\/gas.jpeg",432,297,false],"thumbnail":["https:\/\/apuntesdesanluis.com\/wp-content\/uploads\/2023\/12\/gas-150x150.jpeg",150,150,true],"medium":["https:\/\/apuntesdesanluis.com\/wp-content\/uploads\/2023\/12\/gas-300x206.jpeg",300,206,true],"medium_large":["https:\/\/apuntesdesanluis.com\/wp-content\/uploads\/2023\/12\/gas.jpeg",432,297,false],"large":["https:\/\/apuntesdesanluis.com\/wp-content\/uploads\/2023\/12\/gas.jpeg",432,297,false],"1536x1536":["https:\/\/apuntesdesanluis.com\/wp-content\/uploads\/2023\/12\/gas.jpeg",432,297,false],"2048x2048":["https:\/\/apuntesdesanluis.com\/wp-content\/uploads\/2023\/12\/gas.jpeg",432,297,false],"newsever-slider-full":["https:\/\/apuntesdesanluis.com\/wp-content\/uploads\/2023\/12\/gas.jpeg",432,297,false],"newsever-featured":["https:\/\/apuntesdesanluis.com\/wp-content\/uploads\/2023\/12\/gas.jpeg",432,297,false],"newsever-medium":["https:\/\/apuntesdesanluis.com\/wp-content\/uploads\/2023\/12\/gas.jpeg",432,297,false]},"author_info":{"display_name":"apuntesdesanluis.com","author_link":"https:\/\/apuntesdesanluis.com\/index.php\/author\/apuntesdesanluis-com\/"},"category_info":"<a href=\"https:\/\/apuntesdesanluis.com\/index.php\/category\/nacionales-internacionales\/\" rel=\"category tag\">Nacionales\/Internacionales<\/a>","tag_info":"Nacionales\/Internacionales","comment_count":"0","_links":{"self":[{"href":"https:\/\/apuntesdesanluis.com\/index.php\/wp-json\/wp\/v2\/posts\/8412","targetHints":{"allow":["GET"]}}],"collection":[{"href":"https:\/\/apuntesdesanluis.com\/index.php\/wp-json\/wp\/v2\/posts"}],"about":[{"href":"https:\/\/apuntesdesanluis.com\/index.php\/wp-json\/wp\/v2\/types\/post"}],"author":[{"embeddable":true,"href":"https:\/\/apuntesdesanluis.com\/index.php\/wp-json\/wp\/v2\/users\/1"}],"replies":[{"embeddable":true,"href":"https:\/\/apuntesdesanluis.com\/index.php\/wp-json\/wp\/v2\/comments?post=8412"}],"version-history":[{"count":1,"href":"https:\/\/apuntesdesanluis.com\/index.php\/wp-json\/wp\/v2\/posts\/8412\/revisions"}],"predecessor-version":[{"id":8414,"href":"https:\/\/apuntesdesanluis.com\/index.php\/wp-json\/wp\/v2\/posts\/8412\/revisions\/8414"}],"wp:featuredmedia":[{"embeddable":true,"href":"https:\/\/apuntesdesanluis.com\/index.php\/wp-json\/wp\/v2\/media\/8413"}],"wp:attachment":[{"href":"https:\/\/apuntesdesanluis.com\/index.php\/wp-json\/wp\/v2\/media?parent=8412"}],"wp:term":[{"taxonomy":"category","embeddable":true,"href":"https:\/\/apuntesdesanluis.com\/index.php\/wp-json\/wp\/v2\/categories?post=8412"},{"taxonomy":"post_tag","embeddable":true,"href":"https:\/\/apuntesdesanluis.com\/index.php\/wp-json\/wp\/v2\/tags?post=8412"}],"curies":[{"name":"wp","href":"https:\/\/api.w.org\/{rel}","templated":true}]}}