{"id":8415,"date":"2023-12-15T14:51:57","date_gmt":"2023-12-15T17:51:57","guid":{"rendered":"https:\/\/apuntesdesanluis.com\/?p=8415"},"modified":"2023-12-15T14:51:57","modified_gmt":"2023-12-15T17:51:57","slug":"ordenaron-medidas-a-exaltado-vecino-por-amenazas-danos-y-tenencia-ilegitima-de-arma","status":"publish","type":"post","link":"https:\/\/apuntesdesanluis.com\/index.php\/2023\/12\/15\/ordenaron-medidas-a-exaltado-vecino-por-amenazas-danos-y-tenencia-ilegitima-de-arma\/","title":{"rendered":"ORDENARON MEDIDAS A EXALTADO VECINO POR AMENAZAS, DA\u00d1OS Y TENENCIA ILEG\u00cdTIMA DE ARMA"},"content":{"rendered":"<h3>La audiencia se desarroll\u00f3 en el Juzgado de Garant\u00eda N\u00ba 1 de la Segunda Circunscripci\u00f3n Judicial.<\/h3>\n<h3>Este viernes, se realiz\u00f3 la audiencia de vencimiento de pr\u00f3rroga en una causa que tiene como imputado a un hombre por los delitos de amenazas agravadas por el uso de arma de fuego, da\u00f1os y tenencia ileg\u00edtima de arma de guerra, cargos formulados por fiscal\u00eda el pasado 11 de diciembre.<\/h3>\n<h3>En representaci\u00f3n del Ministerio P\u00fablico Fiscal intervino el Dr. Leandro Estrada \u2013Fiscal de Instrucci\u00f3n N\u00ba 4-, como defensor actu\u00f3 el Dr. Pascual Celdr\u00e1n y como secretario el Dr. Fabi\u00e1n Aguilar.<\/h3>\n<h3>En la audiencia de hoy, la defensa expuso su teor\u00eda del caso, objet\u00f3 la formulaci\u00f3n en relaci\u00f3n al delito de tenencia ilegitima de arma y plante\u00f3 la posibilidad de una soluci\u00f3n alternativa del conflicto, reparaci\u00f3n integral y conciliaci\u00f3n.<\/h3>\n<h3>Por su parte el fiscal explic\u00f3 los argumentos para sostener la calificaci\u00f3n legal y expres\u00f3 que el ofrecimiento es un planteo razonable y que deber\u00eda comunicar a los damnificados para que se analice el acuerdo y que presten consentimiento.<\/h3>\n<h3>Por otro lado, en relaci\u00f3n a las medidas de coerci\u00f3n, solicit\u00f3 por cuatro meses conforme la naturaleza de los delitos, la inexistencia de antecedentes y la adherencia de la defensa: el cambio de domicilio (alejado de la zona de conflicto) ya que el imputado propuso otro lugar para vivir, la prohibici\u00f3n de acercamiento por 200 metros a los domicilios de los damnificados y todo tipo de comunicaci\u00f3n digital, esto de manera rec\u00edproca. Asimismo la realizaci\u00f3n de tratamiento terap\u00e9utico por el tiempo que la ciencia m\u00e9dica aconseje.<\/h3>\n<h3>El Dr. Alfredo Cuello resolvi\u00f3 ratificar los cargos de manera provisoria por los delitos de amenazas agravadas por el uso de arma de fuego, da\u00f1os y tenencia ileg\u00edtima de arma de guerra en concurso real e hizo lugar a las medidas propuestas por el t\u00e9rmino de cuatro meses.<\/h3>\n<h3><strong>HECHOS<\/strong><\/h3>\n<h3>En relaci\u00f3n a los hechos, la Fiscal\u00eda relat\u00f3 que el pasado 9 de diciembre el imputado mantuvo una discusi\u00f3n con un vecino por su veh\u00edculo estacionado. Luego, indic\u00f3 que el denunciado le produjo da\u00f1os en las cubiertas del auto con un elemento corto punzante, esta acci\u00f3n fue observada por el denunciante a trav\u00e9s de una c\u00e1mara de seguridad que tiene en su casa. Posterior a eso, en los primeros minutos del 10 de diciembre el damnificado se encontraba con su hijo y otro vecino arreglando las cubiertas del auto y en ese momento el imputado sali\u00f3, les propin\u00f3 amenazas con un arma de fuego la cual gatill\u00f3, pero no sali\u00f3 el disparo.<\/h3>\n<h3>A su vez, la fiscal\u00eda mencion\u00f3 todas las evidencias que vinculan al imputado con el hecho (denuncia, fotograf\u00eda, testimonios, acta allanamiento, de reconocimiento, etc). Por otro lado, mencion\u00f3 que producto de un allanamiento se secuestr\u00f3 el arma de fuego que fue reconocida por los denunciantes y que la tenencia de la misma no est\u00e1 acreditada.<\/h3>\n","protected":false},"excerpt":{"rendered":"<p>La audiencia se desarroll\u00f3 en el Juzgado de Garant\u00eda N\u00ba 1 de la Segunda Circunscripci\u00f3n&#8230;<\/p>\n","protected":false},"author":1,"featured_media":8416,"comment_status":"closed","ping_status":"closed","sticky":false,"template":"","format":"standard","meta":{"footnotes":""},"categories":[6],"tags":[],"class_list":["post-8415","post","type-post","status-publish","format-standard","has-post-thumbnail","hentry","category-ciudad-provincia"],"yoast_head":"<!-- This site is optimized with the Yoast SEO plugin v26.1.1 - https:\/\/yoast.com\/wordpress\/plugins\/seo\/ -->\n<title>ORDENARON MEDIDAS A EXALTADO VECINO POR AMENAZAS, DA\u00d1OS Y TENENCIA ILEG\u00cdTIMA DE ARMA - Apuntes de San Luis<\/title>\n<meta name=\"robots\" content=\"index, follow, max-snippet:-1, max-image-preview:large, max-video-preview:-1\" \/>\n<link rel=\"canonical\" href=\"https:\/\/apuntesdesanluis.com\/index.php\/2023\/12\/15\/ordenaron-medidas-a-exaltado-vecino-por-amenazas-danos-y-tenencia-ilegitima-de-arma\/\" \/>\n<meta property=\"og:locale\" content=\"es_ES\" \/>\n<meta property=\"og:type\" content=\"article\" \/>\n<meta property=\"og:title\" content=\"ORDENARON MEDIDAS A EXALTADO VECINO POR AMENAZAS, DA\u00d1OS Y TENENCIA ILEG\u00cdTIMA DE ARMA - Apuntes de San Luis\" \/>\n<meta property=\"og:description\" content=\"La audiencia se desarroll\u00f3 en el Juzgado de Garant\u00eda N\u00ba 1 de la Segunda Circunscripci\u00f3n...\" \/>\n<meta property=\"og:url\" content=\"https:\/\/apuntesdesanluis.com\/index.php\/2023\/12\/15\/ordenaron-medidas-a-exaltado-vecino-por-amenazas-danos-y-tenencia-ilegitima-de-arma\/\" \/>\n<meta property=\"og:site_name\" content=\"Apuntes de San Luis\" \/>\n<meta property=\"article:published_time\" content=\"2023-12-15T17:51:57+00:00\" \/>\n<meta property=\"og:image\" content=\"https:\/\/apuntesdesanluis.com\/wp-content\/uploads\/2023\/12\/AUDIENCIA-5.png\" \/>\n\t<meta property=\"og:image:width\" content=\"558\" \/>\n\t<meta property=\"og:image:height\" content=\"364\" \/>\n\t<meta property=\"og:image:type\" content=\"image\/png\" \/>\n<meta name=\"author\" content=\"apuntesdesanluis.com\" \/>\n<meta name=\"twitter:card\" content=\"summary_large_image\" \/>\n<meta name=\"twitter:label1\" content=\"Escrito por\" \/>\n\t<meta name=\"twitter:data1\" content=\"apuntesdesanluis.com\" \/>\n\t<meta name=\"twitter:label2\" content=\"Tiempo de lectura\" \/>\n\t<meta name=\"twitter:data2\" content=\"3 minutos\" \/>\n<script type=\"application\/ld+json\" class=\"yoast-schema-graph\">{\"@context\":\"https:\/\/schema.org\",\"@graph\":[{\"@type\":\"Article\",\"@id\":\"https:\/\/apuntesdesanluis.com\/index.php\/2023\/12\/15\/ordenaron-medidas-a-exaltado-vecino-por-amenazas-danos-y-tenencia-ilegitima-de-arma\/#article\",\"isPartOf\":{\"@id\":\"https:\/\/apuntesdesanluis.com\/index.php\/2023\/12\/15\/ordenaron-medidas-a-exaltado-vecino-por-amenazas-danos-y-tenencia-ilegitima-de-arma\/\"},\"author\":{\"name\":\"apuntesdesanluis.com\",\"@id\":\"https:\/\/apuntesdesanluis.com\/#\/schema\/person\/b55151d52296fcce64d1a72538a70b90\"},\"headline\":\"ORDENARON MEDIDAS A EXALTADO VECINO POR AMENAZAS, DA\u00d1OS Y TENENCIA ILEG\u00cdTIMA DE ARMA\",\"datePublished\":\"2023-12-15T17:51:57+00:00\",\"mainEntityOfPage\":{\"@id\":\"https:\/\/apuntesdesanluis.com\/index.php\/2023\/12\/15\/ordenaron-medidas-a-exaltado-vecino-por-amenazas-danos-y-tenencia-ilegitima-de-arma\/\"},\"wordCount\":525,\"publisher\":{\"@id\":\"https:\/\/apuntesdesanluis.com\/#\/schema\/person\/b55151d52296fcce64d1a72538a70b90\"},\"image\":{\"@id\":\"https:\/\/apuntesdesanluis.com\/index.php\/2023\/12\/15\/ordenaron-medidas-a-exaltado-vecino-por-amenazas-danos-y-tenencia-ilegitima-de-arma\/#primaryimage\"},\"thumbnailUrl\":\"https:\/\/apuntesdesanluis.com\/wp-content\/uploads\/2023\/12\/AUDIENCIA-5.png\",\"articleSection\":[\"Ciudad\/Provincia\"],\"inLanguage\":\"es-AR\"},{\"@type\":\"WebPage\",\"@id\":\"https:\/\/apuntesdesanluis.com\/index.php\/2023\/12\/15\/ordenaron-medidas-a-exaltado-vecino-por-amenazas-danos-y-tenencia-ilegitima-de-arma\/\",\"url\":\"https:\/\/apuntesdesanluis.com\/index.php\/2023\/12\/15\/ordenaron-medidas-a-exaltado-vecino-por-amenazas-danos-y-tenencia-ilegitima-de-arma\/\",\"name\":\"ORDENARON MEDIDAS A EXALTADO VECINO POR AMENAZAS, DA\u00d1OS Y TENENCIA ILEG\u00cdTIMA DE ARMA - Apuntes de San Luis\",\"isPartOf\":{\"@id\":\"https:\/\/apuntesdesanluis.com\/#website\"},\"primaryImageOfPage\":{\"@id\":\"https:\/\/apuntesdesanluis.com\/index.php\/2023\/12\/15\/ordenaron-medidas-a-exaltado-vecino-por-amenazas-danos-y-tenencia-ilegitima-de-arma\/#primaryimage\"},\"image\":{\"@id\":\"https:\/\/apuntesdesanluis.com\/index.php\/2023\/12\/15\/ordenaron-medidas-a-exaltado-vecino-por-amenazas-danos-y-tenencia-ilegitima-de-arma\/#primaryimage\"},\"thumbnailUrl\":\"https:\/\/apuntesdesanluis.com\/wp-content\/uploads\/2023\/12\/AUDIENCIA-5.png\",\"datePublished\":\"2023-12-15T17:51:57+00:00\",\"breadcrumb\":{\"@id\":\"https:\/\/apuntesdesanluis.com\/index.php\/2023\/12\/15\/ordenaron-medidas-a-exaltado-vecino-por-amenazas-danos-y-tenencia-ilegitima-de-arma\/#breadcrumb\"},\"inLanguage\":\"es-AR\",\"potentialAction\":[{\"@type\":\"ReadAction\",\"target\":[\"https:\/\/apuntesdesanluis.com\/index.php\/2023\/12\/15\/ordenaron-medidas-a-exaltado-vecino-por-amenazas-danos-y-tenencia-ilegitima-de-arma\/\"]}]},{\"@type\":\"ImageObject\",\"inLanguage\":\"es-AR\",\"@id\":\"https:\/\/apuntesdesanluis.com\/index.php\/2023\/12\/15\/ordenaron-medidas-a-exaltado-vecino-por-amenazas-danos-y-tenencia-ilegitima-de-arma\/#primaryimage\",\"url\":\"https:\/\/apuntesdesanluis.com\/wp-content\/uploads\/2023\/12\/AUDIENCIA-5.png\",\"contentUrl\":\"https:\/\/apuntesdesanluis.com\/wp-content\/uploads\/2023\/12\/AUDIENCIA-5.png\",\"width\":558,\"height\":364},{\"@type\":\"BreadcrumbList\",\"@id\":\"https:\/\/apuntesdesanluis.com\/index.php\/2023\/12\/15\/ordenaron-medidas-a-exaltado-vecino-por-amenazas-danos-y-tenencia-ilegitima-de-arma\/#breadcrumb\",\"itemListElement\":[{\"@type\":\"ListItem\",\"position\":1,\"name\":\"Inicio\",\"item\":\"https:\/\/apuntesdesanluis.com\/\"},{\"@type\":\"ListItem\",\"position\":2,\"name\":\"ORDENARON MEDIDAS A EXALTADO VECINO POR AMENAZAS, DA\u00d1OS Y TENENCIA ILEG\u00cdTIMA DE ARMA\"}]},{\"@type\":\"WebSite\",\"@id\":\"https:\/\/apuntesdesanluis.com\/#website\",\"url\":\"https:\/\/apuntesdesanluis.com\/\",\"name\":\"Apuntes de San Luis\",\"description\":\"\",\"publisher\":{\"@id\":\"https:\/\/apuntesdesanluis.com\/#\/schema\/person\/b55151d52296fcce64d1a72538a70b90\"},\"potentialAction\":[{\"@type\":\"SearchAction\",\"target\":{\"@type\":\"EntryPoint\",\"urlTemplate\":\"https:\/\/apuntesdesanluis.com\/?s={search_term_string}\"},\"query-input\":{\"@type\":\"PropertyValueSpecification\",\"valueRequired\":true,\"valueName\":\"search_term_string\"}}],\"inLanguage\":\"es-AR\"},{\"@type\":[\"Person\",\"Organization\"],\"@id\":\"https:\/\/apuntesdesanluis.com\/#\/schema\/person\/b55151d52296fcce64d1a72538a70b90\",\"name\":\"apuntesdesanluis.com\",\"image\":{\"@type\":\"ImageObject\",\"inLanguage\":\"es-AR\",\"@id\":\"https:\/\/apuntesdesanluis.com\/#\/schema\/person\/image\/\",\"url\":\"https:\/\/apuntesdesanluis.com\/wp-content\/uploads\/2023\/07\/cropped-apuntesdesanluis.png\",\"contentUrl\":\"https:\/\/apuntesdesanluis.com\/wp-content\/uploads\/2023\/07\/cropped-apuntesdesanluis.png\",\"width\":450,\"height\":112,\"caption\":\"apuntesdesanluis.com\"},\"logo\":{\"@id\":\"https:\/\/apuntesdesanluis.com\/#\/schema\/person\/image\/\"},\"sameAs\":[\"https:\/\/apuntesdesanluis.com\"],\"url\":\"https:\/\/apuntesdesanluis.com\/index.php\/author\/apuntesdesanluis-com\/\"}]}<\/script>\n<!-- \/ Yoast SEO plugin. -->","yoast_head_json":{"title":"ORDENARON MEDIDAS A EXALTADO VECINO POR AMENAZAS, DA\u00d1OS Y TENENCIA ILEG\u00cdTIMA DE ARMA - Apuntes de San Luis","robots":{"index":"index","follow":"follow","max-snippet":"max-snippet:-1","max-image-preview":"max-image-preview:large","max-video-preview":"max-video-preview:-1"},"canonical":"https:\/\/apuntesdesanluis.com\/index.php\/2023\/12\/15\/ordenaron-medidas-a-exaltado-vecino-por-amenazas-danos-y-tenencia-ilegitima-de-arma\/","og_locale":"es_ES","og_type":"article","og_title":"ORDENARON MEDIDAS A EXALTADO VECINO POR AMENAZAS, DA\u00d1OS Y TENENCIA ILEG\u00cdTIMA DE ARMA - Apuntes de San Luis","og_description":"La audiencia se desarroll\u00f3 en el Juzgado de Garant\u00eda N\u00ba 1 de la Segunda Circunscripci\u00f3n...","og_url":"https:\/\/apuntesdesanluis.com\/index.php\/2023\/12\/15\/ordenaron-medidas-a-exaltado-vecino-por-amenazas-danos-y-tenencia-ilegitima-de-arma\/","og_site_name":"Apuntes de San Luis","article_published_time":"2023-12-15T17:51:57+00:00","og_image":[{"width":558,"height":364,"url":"https:\/\/apuntesdesanluis.com\/wp-content\/uploads\/2023\/12\/AUDIENCIA-5.png","type":"image\/png"}],"author":"apuntesdesanluis.com","twitter_card":"summary_large_image","twitter_misc":{"Escrito por":"apuntesdesanluis.com","Tiempo de lectura":"3 minutos"},"schema":{"@context":"https:\/\/schema.org","@graph":[{"@type":"Article","@id":"https:\/\/apuntesdesanluis.com\/index.php\/2023\/12\/15\/ordenaron-medidas-a-exaltado-vecino-por-amenazas-danos-y-tenencia-ilegitima-de-arma\/#article","isPartOf":{"@id":"https:\/\/apuntesdesanluis.com\/index.php\/2023\/12\/15\/ordenaron-medidas-a-exaltado-vecino-por-amenazas-danos-y-tenencia-ilegitima-de-arma\/"},"author":{"name":"apuntesdesanluis.com","@id":"https:\/\/apuntesdesanluis.com\/#\/schema\/person\/b55151d52296fcce64d1a72538a70b90"},"headline":"ORDENARON MEDIDAS A EXALTADO VECINO POR AMENAZAS, DA\u00d1OS Y TENENCIA ILEG\u00cdTIMA DE ARMA","datePublished":"2023-12-15T17:51:57+00:00","mainEntityOfPage":{"@id":"https:\/\/apuntesdesanluis.com\/index.php\/2023\/12\/15\/ordenaron-medidas-a-exaltado-vecino-por-amenazas-danos-y-tenencia-ilegitima-de-arma\/"},"wordCount":525,"publisher":{"@id":"https:\/\/apuntesdesanluis.com\/#\/schema\/person\/b55151d52296fcce64d1a72538a70b90"},"image":{"@id":"https:\/\/apuntesdesanluis.com\/index.php\/2023\/12\/15\/ordenaron-medidas-a-exaltado-vecino-por-amenazas-danos-y-tenencia-ilegitima-de-arma\/#primaryimage"},"thumbnailUrl":"https:\/\/apuntesdesanluis.com\/wp-content\/uploads\/2023\/12\/AUDIENCIA-5.png","articleSection":["Ciudad\/Provincia"],"inLanguage":"es-AR"},{"@type":"WebPage","@id":"https:\/\/apuntesdesanluis.com\/index.php\/2023\/12\/15\/ordenaron-medidas-a-exaltado-vecino-por-amenazas-danos-y-tenencia-ilegitima-de-arma\/","url":"https:\/\/apuntesdesanluis.com\/index.php\/2023\/12\/15\/ordenaron-medidas-a-exaltado-vecino-por-amenazas-danos-y-tenencia-ilegitima-de-arma\/","name":"ORDENARON MEDIDAS A EXALTADO VECINO POR AMENAZAS, DA\u00d1OS Y TENENCIA ILEG\u00cdTIMA DE ARMA - Apuntes de San Luis","isPartOf":{"@id":"https:\/\/apuntesdesanluis.com\/#website"},"primaryImageOfPage":{"@id":"https:\/\/apuntesdesanluis.com\/index.php\/2023\/12\/15\/ordenaron-medidas-a-exaltado-vecino-por-amenazas-danos-y-tenencia-ilegitima-de-arma\/#primaryimage"},"image":{"@id":"https:\/\/apuntesdesanluis.com\/index.php\/2023\/12\/15\/ordenaron-medidas-a-exaltado-vecino-por-amenazas-danos-y-tenencia-ilegitima-de-arma\/#primaryimage"},"thumbnailUrl":"https:\/\/apuntesdesanluis.com\/wp-content\/uploads\/2023\/12\/AUDIENCIA-5.png","datePublished":"2023-12-15T17:51:57+00:00","breadcrumb":{"@id":"https:\/\/apuntesdesanluis.com\/index.php\/2023\/12\/15\/ordenaron-medidas-a-exaltado-vecino-por-amenazas-danos-y-tenencia-ilegitima-de-arma\/#breadcrumb"},"inLanguage":"es-AR","potentialAction":[{"@type":"ReadAction","target":["https:\/\/apuntesdesanluis.com\/index.php\/2023\/12\/15\/ordenaron-medidas-a-exaltado-vecino-por-amenazas-danos-y-tenencia-ilegitima-de-arma\/"]}]},{"@type":"ImageObject","inLanguage":"es-AR","@id":"https:\/\/apuntesdesanluis.com\/index.php\/2023\/12\/15\/ordenaron-medidas-a-exaltado-vecino-por-amenazas-danos-y-tenencia-ilegitima-de-arma\/#primaryimage","url":"https:\/\/apuntesdesanluis.com\/wp-content\/uploads\/2023\/12\/AUDIENCIA-5.png","contentUrl":"https:\/\/apuntesdesanluis.com\/wp-content\/uploads\/2023\/12\/AUDIENCIA-5.png","width":558,"height":364},{"@type":"BreadcrumbList","@id":"https:\/\/apuntesdesanluis.com\/index.php\/2023\/12\/15\/ordenaron-medidas-a-exaltado-vecino-por-amenazas-danos-y-tenencia-ilegitima-de-arma\/#breadcrumb","itemListElement":[{"@type":"ListItem","position":1,"name":"Inicio","item":"https:\/\/apuntesdesanluis.com\/"},{"@type":"ListItem","position":2,"name":"ORDENARON MEDIDAS A EXALTADO VECINO POR AMENAZAS, DA\u00d1OS Y TENENCIA ILEG\u00cdTIMA DE ARMA"}]},{"@type":"WebSite","@id":"https:\/\/apuntesdesanluis.com\/#website","url":"https:\/\/apuntesdesanluis.com\/","name":"Apuntes de San Luis","description":"","publisher":{"@id":"https:\/\/apuntesdesanluis.com\/#\/schema\/person\/b55151d52296fcce64d1a72538a70b90"},"potentialAction":[{"@type":"SearchAction","target":{"@type":"EntryPoint","urlTemplate":"https:\/\/apuntesdesanluis.com\/?s={search_term_string}"},"query-input":{"@type":"PropertyValueSpecification","valueRequired":true,"valueName":"search_term_string"}}],"inLanguage":"es-AR"},{"@type":["Person","Organization"],"@id":"https:\/\/apuntesdesanluis.com\/#\/schema\/person\/b55151d52296fcce64d1a72538a70b90","name":"apuntesdesanluis.com","image":{"@type":"ImageObject","inLanguage":"es-AR","@id":"https:\/\/apuntesdesanluis.com\/#\/schema\/person\/image\/","url":"https:\/\/apuntesdesanluis.com\/wp-content\/uploads\/2023\/07\/cropped-apuntesdesanluis.png","contentUrl":"https:\/\/apuntesdesanluis.com\/wp-content\/uploads\/2023\/07\/cropped-apuntesdesanluis.png","width":450,"height":112,"caption":"apuntesdesanluis.com"},"logo":{"@id":"https:\/\/apuntesdesanluis.com\/#\/schema\/person\/image\/"},"sameAs":["https:\/\/apuntesdesanluis.com"],"url":"https:\/\/apuntesdesanluis.com\/index.php\/author\/apuntesdesanluis-com\/"}]}},"featured_image_urls":{"full":["https:\/\/apuntesdesanluis.com\/wp-content\/uploads\/2023\/12\/AUDIENCIA-5.png",558,364,false],"thumbnail":["https:\/\/apuntesdesanluis.com\/wp-content\/uploads\/2023\/12\/AUDIENCIA-5-150x150.png",150,150,true],"medium":["https:\/\/apuntesdesanluis.com\/wp-content\/uploads\/2023\/12\/AUDIENCIA-5-300x196.png",300,196,true],"medium_large":["https:\/\/apuntesdesanluis.com\/wp-content\/uploads\/2023\/12\/AUDIENCIA-5.png",558,364,false],"large":["https:\/\/apuntesdesanluis.com\/wp-content\/uploads\/2023\/12\/AUDIENCIA-5.png",558,364,false],"1536x1536":["https:\/\/apuntesdesanluis.com\/wp-content\/uploads\/2023\/12\/AUDIENCIA-5.png",558,364,false],"2048x2048":["https:\/\/apuntesdesanluis.com\/wp-content\/uploads\/2023\/12\/AUDIENCIA-5.png",558,364,false],"newsever-slider-full":["https:\/\/apuntesdesanluis.com\/wp-content\/uploads\/2023\/12\/AUDIENCIA-5.png",558,364,false],"newsever-featured":["https:\/\/apuntesdesanluis.com\/wp-content\/uploads\/2023\/12\/AUDIENCIA-5.png",558,364,false],"newsever-medium":["https:\/\/apuntesdesanluis.com\/wp-content\/uploads\/2023\/12\/AUDIENCIA-5.png",558,364,false]},"author_info":{"display_name":"apuntesdesanluis.com","author_link":"https:\/\/apuntesdesanluis.com\/index.php\/author\/apuntesdesanluis-com\/"},"category_info":"<a href=\"https:\/\/apuntesdesanluis.com\/index.php\/category\/ciudad-provincia\/\" rel=\"category tag\">Ciudad\/Provincia<\/a>","tag_info":"Ciudad\/Provincia","comment_count":"0","_links":{"self":[{"href":"https:\/\/apuntesdesanluis.com\/index.php\/wp-json\/wp\/v2\/posts\/8415","targetHints":{"allow":["GET"]}}],"collection":[{"href":"https:\/\/apuntesdesanluis.com\/index.php\/wp-json\/wp\/v2\/posts"}],"about":[{"href":"https:\/\/apuntesdesanluis.com\/index.php\/wp-json\/wp\/v2\/types\/post"}],"author":[{"embeddable":true,"href":"https:\/\/apuntesdesanluis.com\/index.php\/wp-json\/wp\/v2\/users\/1"}],"replies":[{"embeddable":true,"href":"https:\/\/apuntesdesanluis.com\/index.php\/wp-json\/wp\/v2\/comments?post=8415"}],"version-history":[{"count":1,"href":"https:\/\/apuntesdesanluis.com\/index.php\/wp-json\/wp\/v2\/posts\/8415\/revisions"}],"predecessor-version":[{"id":8417,"href":"https:\/\/apuntesdesanluis.com\/index.php\/wp-json\/wp\/v2\/posts\/8415\/revisions\/8417"}],"wp:featuredmedia":[{"embeddable":true,"href":"https:\/\/apuntesdesanluis.com\/index.php\/wp-json\/wp\/v2\/media\/8416"}],"wp:attachment":[{"href":"https:\/\/apuntesdesanluis.com\/index.php\/wp-json\/wp\/v2\/media?parent=8415"}],"wp:term":[{"taxonomy":"category","embeddable":true,"href":"https:\/\/apuntesdesanluis.com\/index.php\/wp-json\/wp\/v2\/categories?post=8415"},{"taxonomy":"post_tag","embeddable":true,"href":"https:\/\/apuntesdesanluis.com\/index.php\/wp-json\/wp\/v2\/tags?post=8415"}],"curies":[{"name":"wp","href":"https:\/\/api.w.org\/{rel}","templated":true}]}}