{"id":8422,"date":"2023-12-15T15:02:19","date_gmt":"2023-12-15T18:02:19","guid":{"rendered":"https:\/\/apuntesdesanluis.com\/?p=8422"},"modified":"2023-12-15T15:02:19","modified_gmt":"2023-12-15T18:02:19","slug":"poggi-se-reunio-con-el-ministro-de-gobierno-para-avanzar-en-el-llamado-a-sesiones-extraordinarias","status":"publish","type":"post","link":"https:\/\/apuntesdesanluis.com\/index.php\/2023\/12\/15\/poggi-se-reunio-con-el-ministro-de-gobierno-para-avanzar-en-el-llamado-a-sesiones-extraordinarias\/","title":{"rendered":"POGGI SE REUNI\u00d3 CON EL MINISTRO DE GOBIERNO PARA AVANZAR EN EL LLAMADO A SESIONES EXTRAORDINARIAS"},"content":{"rendered":"<h3>Tal como anunci\u00f3 este jueves durante el informe brindado a la poblaci\u00f3n, el primer mandatario provincial llamar\u00e1 a sesiones extraordinarias para tratar la toma de un empr\u00e9stito que ser\u00e1 volcado en el pago de sueldos y gastos de 2024. Adem\u00e1s, instruy\u00f3 al ministro para generar reuniones este lunes con legisladores nacionales de San Luis, y diputados y senadores provinciales de todos los bloques para informar a todos sobre el estado financiero de la provincia.<\/h3>\n<h3>Este viernes, a horas de haber brindado el primer informe sobre el estado financiero de la Provincia, el gobernador <strong>Claudio Poggi<\/strong> trabaja con la mirada puesta en equilibrar el desastroso estado de las cuentas entregadas por la gesti\u00f3n anterior. Por eso recibi\u00f3 al ministro de Gobierno, <strong>Facundo Endeiza<\/strong>, para avanzar en el llamado a sesiones extraordinarias en la Legislatura provincial y programar para este lunes reuniones con legisladores nacionales y provinciales.<\/h3>\n<h3>Con respecto a lo primero, amparado por el art\u00edculo 115 de la Constituci\u00f3n Provincial, el gobernador convocar\u00e1 la semana pr\u00f3xima y de manera extraordinaria a los legisladores provinciales para tratar la toma de un empr\u00e9stito que ser\u00e1 utilizado para pagar sueldos y gastos correspondientes a 2024.<\/h3>\n<h3>\u201cSi no lo hacemos, no podremos pagar los salarios de enero y ni hablar en el resto del a\u00f1o. Es una cifra estimada de 6 meses de coparticipaci\u00f3n, unos $150 mil millones\u201d, explic\u00f3 Poggi durante su mensaje a los sanluise\u00f1os. Asimismo, el jefe de Estado instruy\u00f3 a Endeiza para llevar adelante reuniones con los legisladores nacionales de San Luis, y diputados y senadores provinciales de todos los espacios pol\u00edticos con el objetivo de brindar un informe sobre el estado financiero de la provincia.<\/h3>\n","protected":false},"excerpt":{"rendered":"<p>Tal como anunci\u00f3 este jueves durante el informe brindado a la poblaci\u00f3n, el primer mandatario&#8230;<\/p>\n","protected":false},"author":1,"featured_media":8423,"comment_status":"closed","ping_status":"closed","sticky":false,"template":"","format":"standard","meta":{"footnotes":""},"categories":[6],"tags":[],"class_list":["post-8422","post","type-post","status-publish","format-standard","has-post-thumbnail","hentry","category-ciudad-provincia"],"yoast_head":"<!-- This site is optimized with the Yoast SEO plugin v26.1.1 - https:\/\/yoast.com\/wordpress\/plugins\/seo\/ -->\n<title>POGGI SE REUNI\u00d3 CON EL MINISTRO DE GOBIERNO PARA AVANZAR EN EL LLAMADO A SESIONES EXTRAORDINARIAS - Apuntes de San Luis<\/title>\n<meta name=\"robots\" content=\"index, follow, max-snippet:-1, max-image-preview:large, max-video-preview:-1\" \/>\n<link rel=\"canonical\" href=\"https:\/\/apuntesdesanluis.com\/index.php\/2023\/12\/15\/poggi-se-reunio-con-el-ministro-de-gobierno-para-avanzar-en-el-llamado-a-sesiones-extraordinarias\/\" \/>\n<meta property=\"og:locale\" content=\"es_ES\" \/>\n<meta property=\"og:type\" content=\"article\" \/>\n<meta property=\"og:title\" content=\"POGGI SE REUNI\u00d3 CON EL MINISTRO DE GOBIERNO PARA AVANZAR EN EL LLAMADO A SESIONES EXTRAORDINARIAS - Apuntes de San Luis\" \/>\n<meta property=\"og:description\" content=\"Tal como anunci\u00f3 este jueves durante el informe brindado a la poblaci\u00f3n, el primer mandatario...\" \/>\n<meta property=\"og:url\" content=\"https:\/\/apuntesdesanluis.com\/index.php\/2023\/12\/15\/poggi-se-reunio-con-el-ministro-de-gobierno-para-avanzar-en-el-llamado-a-sesiones-extraordinarias\/\" \/>\n<meta property=\"og:site_name\" content=\"Apuntes de San Luis\" \/>\n<meta property=\"article:published_time\" content=\"2023-12-15T18:02:19+00:00\" \/>\n<meta property=\"og:image\" content=\"https:\/\/apuntesdesanluis.com\/wp-content\/uploads\/2023\/12\/poggi-con-endeiza.png\" \/>\n\t<meta property=\"og:image:width\" content=\"600\" \/>\n\t<meta property=\"og:image:height\" content=\"398\" \/>\n\t<meta property=\"og:image:type\" content=\"image\/png\" \/>\n<meta name=\"author\" content=\"apuntesdesanluis.com\" \/>\n<meta name=\"twitter:card\" content=\"summary_large_image\" \/>\n<meta name=\"twitter:label1\" content=\"Escrito por\" \/>\n\t<meta name=\"twitter:data1\" content=\"apuntesdesanluis.com\" \/>\n\t<meta name=\"twitter:label2\" content=\"Tiempo de lectura\" \/>\n\t<meta name=\"twitter:data2\" content=\"2 minutos\" \/>\n<script type=\"application\/ld+json\" class=\"yoast-schema-graph\">{\"@context\":\"https:\/\/schema.org\",\"@graph\":[{\"@type\":\"Article\",\"@id\":\"https:\/\/apuntesdesanluis.com\/index.php\/2023\/12\/15\/poggi-se-reunio-con-el-ministro-de-gobierno-para-avanzar-en-el-llamado-a-sesiones-extraordinarias\/#article\",\"isPartOf\":{\"@id\":\"https:\/\/apuntesdesanluis.com\/index.php\/2023\/12\/15\/poggi-se-reunio-con-el-ministro-de-gobierno-para-avanzar-en-el-llamado-a-sesiones-extraordinarias\/\"},\"author\":{\"name\":\"apuntesdesanluis.com\",\"@id\":\"https:\/\/apuntesdesanluis.com\/#\/schema\/person\/b55151d52296fcce64d1a72538a70b90\"},\"headline\":\"POGGI SE REUNI\u00d3 CON EL MINISTRO DE GOBIERNO PARA AVANZAR EN EL LLAMADO A SESIONES EXTRAORDINARIAS\",\"datePublished\":\"2023-12-15T18:02:19+00:00\",\"mainEntityOfPage\":{\"@id\":\"https:\/\/apuntesdesanluis.com\/index.php\/2023\/12\/15\/poggi-se-reunio-con-el-ministro-de-gobierno-para-avanzar-en-el-llamado-a-sesiones-extraordinarias\/\"},\"wordCount\":297,\"publisher\":{\"@id\":\"https:\/\/apuntesdesanluis.com\/#\/schema\/person\/b55151d52296fcce64d1a72538a70b90\"},\"image\":{\"@id\":\"https:\/\/apuntesdesanluis.com\/index.php\/2023\/12\/15\/poggi-se-reunio-con-el-ministro-de-gobierno-para-avanzar-en-el-llamado-a-sesiones-extraordinarias\/#primaryimage\"},\"thumbnailUrl\":\"https:\/\/apuntesdesanluis.com\/wp-content\/uploads\/2023\/12\/poggi-con-endeiza.png\",\"articleSection\":[\"Ciudad\/Provincia\"],\"inLanguage\":\"es-AR\"},{\"@type\":\"WebPage\",\"@id\":\"https:\/\/apuntesdesanluis.com\/index.php\/2023\/12\/15\/poggi-se-reunio-con-el-ministro-de-gobierno-para-avanzar-en-el-llamado-a-sesiones-extraordinarias\/\",\"url\":\"https:\/\/apuntesdesanluis.com\/index.php\/2023\/12\/15\/poggi-se-reunio-con-el-ministro-de-gobierno-para-avanzar-en-el-llamado-a-sesiones-extraordinarias\/\",\"name\":\"POGGI SE REUNI\u00d3 CON EL MINISTRO DE GOBIERNO PARA AVANZAR EN EL LLAMADO A SESIONES EXTRAORDINARIAS - Apuntes de San Luis\",\"isPartOf\":{\"@id\":\"https:\/\/apuntesdesanluis.com\/#website\"},\"primaryImageOfPage\":{\"@id\":\"https:\/\/apuntesdesanluis.com\/index.php\/2023\/12\/15\/poggi-se-reunio-con-el-ministro-de-gobierno-para-avanzar-en-el-llamado-a-sesiones-extraordinarias\/#primaryimage\"},\"image\":{\"@id\":\"https:\/\/apuntesdesanluis.com\/index.php\/2023\/12\/15\/poggi-se-reunio-con-el-ministro-de-gobierno-para-avanzar-en-el-llamado-a-sesiones-extraordinarias\/#primaryimage\"},\"thumbnailUrl\":\"https:\/\/apuntesdesanluis.com\/wp-content\/uploads\/2023\/12\/poggi-con-endeiza.png\",\"datePublished\":\"2023-12-15T18:02:19+00:00\",\"breadcrumb\":{\"@id\":\"https:\/\/apuntesdesanluis.com\/index.php\/2023\/12\/15\/poggi-se-reunio-con-el-ministro-de-gobierno-para-avanzar-en-el-llamado-a-sesiones-extraordinarias\/#breadcrumb\"},\"inLanguage\":\"es-AR\",\"potentialAction\":[{\"@type\":\"ReadAction\",\"target\":[\"https:\/\/apuntesdesanluis.com\/index.php\/2023\/12\/15\/poggi-se-reunio-con-el-ministro-de-gobierno-para-avanzar-en-el-llamado-a-sesiones-extraordinarias\/\"]}]},{\"@type\":\"ImageObject\",\"inLanguage\":\"es-AR\",\"@id\":\"https:\/\/apuntesdesanluis.com\/index.php\/2023\/12\/15\/poggi-se-reunio-con-el-ministro-de-gobierno-para-avanzar-en-el-llamado-a-sesiones-extraordinarias\/#primaryimage\",\"url\":\"https:\/\/apuntesdesanluis.com\/wp-content\/uploads\/2023\/12\/poggi-con-endeiza.png\",\"contentUrl\":\"https:\/\/apuntesdesanluis.com\/wp-content\/uploads\/2023\/12\/poggi-con-endeiza.png\",\"width\":600,\"height\":398},{\"@type\":\"BreadcrumbList\",\"@id\":\"https:\/\/apuntesdesanluis.com\/index.php\/2023\/12\/15\/poggi-se-reunio-con-el-ministro-de-gobierno-para-avanzar-en-el-llamado-a-sesiones-extraordinarias\/#breadcrumb\",\"itemListElement\":[{\"@type\":\"ListItem\",\"position\":1,\"name\":\"Inicio\",\"item\":\"https:\/\/apuntesdesanluis.com\/\"},{\"@type\":\"ListItem\",\"position\":2,\"name\":\"POGGI SE REUNI\u00d3 CON EL MINISTRO DE GOBIERNO PARA AVANZAR EN EL LLAMADO A SESIONES EXTRAORDINARIAS\"}]},{\"@type\":\"WebSite\",\"@id\":\"https:\/\/apuntesdesanluis.com\/#website\",\"url\":\"https:\/\/apuntesdesanluis.com\/\",\"name\":\"Apuntes de San Luis\",\"description\":\"\",\"publisher\":{\"@id\":\"https:\/\/apuntesdesanluis.com\/#\/schema\/person\/b55151d52296fcce64d1a72538a70b90\"},\"potentialAction\":[{\"@type\":\"SearchAction\",\"target\":{\"@type\":\"EntryPoint\",\"urlTemplate\":\"https:\/\/apuntesdesanluis.com\/?s={search_term_string}\"},\"query-input\":{\"@type\":\"PropertyValueSpecification\",\"valueRequired\":true,\"valueName\":\"search_term_string\"}}],\"inLanguage\":\"es-AR\"},{\"@type\":[\"Person\",\"Organization\"],\"@id\":\"https:\/\/apuntesdesanluis.com\/#\/schema\/person\/b55151d52296fcce64d1a72538a70b90\",\"name\":\"apuntesdesanluis.com\",\"image\":{\"@type\":\"ImageObject\",\"inLanguage\":\"es-AR\",\"@id\":\"https:\/\/apuntesdesanluis.com\/#\/schema\/person\/image\/\",\"url\":\"https:\/\/apuntesdesanluis.com\/wp-content\/uploads\/2023\/07\/cropped-apuntesdesanluis.png\",\"contentUrl\":\"https:\/\/apuntesdesanluis.com\/wp-content\/uploads\/2023\/07\/cropped-apuntesdesanluis.png\",\"width\":450,\"height\":112,\"caption\":\"apuntesdesanluis.com\"},\"logo\":{\"@id\":\"https:\/\/apuntesdesanluis.com\/#\/schema\/person\/image\/\"},\"sameAs\":[\"https:\/\/apuntesdesanluis.com\"],\"url\":\"https:\/\/apuntesdesanluis.com\/index.php\/author\/apuntesdesanluis-com\/\"}]}<\/script>\n<!-- \/ Yoast SEO plugin. -->","yoast_head_json":{"title":"POGGI SE REUNI\u00d3 CON EL MINISTRO DE GOBIERNO PARA AVANZAR EN EL LLAMADO A SESIONES EXTRAORDINARIAS - Apuntes de San Luis","robots":{"index":"index","follow":"follow","max-snippet":"max-snippet:-1","max-image-preview":"max-image-preview:large","max-video-preview":"max-video-preview:-1"},"canonical":"https:\/\/apuntesdesanluis.com\/index.php\/2023\/12\/15\/poggi-se-reunio-con-el-ministro-de-gobierno-para-avanzar-en-el-llamado-a-sesiones-extraordinarias\/","og_locale":"es_ES","og_type":"article","og_title":"POGGI SE REUNI\u00d3 CON EL MINISTRO DE GOBIERNO PARA AVANZAR EN EL LLAMADO A SESIONES EXTRAORDINARIAS - Apuntes de San Luis","og_description":"Tal como anunci\u00f3 este jueves durante el informe brindado a la poblaci\u00f3n, el primer mandatario...","og_url":"https:\/\/apuntesdesanluis.com\/index.php\/2023\/12\/15\/poggi-se-reunio-con-el-ministro-de-gobierno-para-avanzar-en-el-llamado-a-sesiones-extraordinarias\/","og_site_name":"Apuntes de San Luis","article_published_time":"2023-12-15T18:02:19+00:00","og_image":[{"width":600,"height":398,"url":"https:\/\/apuntesdesanluis.com\/wp-content\/uploads\/2023\/12\/poggi-con-endeiza.png","type":"image\/png"}],"author":"apuntesdesanluis.com","twitter_card":"summary_large_image","twitter_misc":{"Escrito por":"apuntesdesanluis.com","Tiempo de lectura":"2 minutos"},"schema":{"@context":"https:\/\/schema.org","@graph":[{"@type":"Article","@id":"https:\/\/apuntesdesanluis.com\/index.php\/2023\/12\/15\/poggi-se-reunio-con-el-ministro-de-gobierno-para-avanzar-en-el-llamado-a-sesiones-extraordinarias\/#article","isPartOf":{"@id":"https:\/\/apuntesdesanluis.com\/index.php\/2023\/12\/15\/poggi-se-reunio-con-el-ministro-de-gobierno-para-avanzar-en-el-llamado-a-sesiones-extraordinarias\/"},"author":{"name":"apuntesdesanluis.com","@id":"https:\/\/apuntesdesanluis.com\/#\/schema\/person\/b55151d52296fcce64d1a72538a70b90"},"headline":"POGGI SE REUNI\u00d3 CON EL MINISTRO DE GOBIERNO PARA AVANZAR EN EL LLAMADO A SESIONES EXTRAORDINARIAS","datePublished":"2023-12-15T18:02:19+00:00","mainEntityOfPage":{"@id":"https:\/\/apuntesdesanluis.com\/index.php\/2023\/12\/15\/poggi-se-reunio-con-el-ministro-de-gobierno-para-avanzar-en-el-llamado-a-sesiones-extraordinarias\/"},"wordCount":297,"publisher":{"@id":"https:\/\/apuntesdesanluis.com\/#\/schema\/person\/b55151d52296fcce64d1a72538a70b90"},"image":{"@id":"https:\/\/apuntesdesanluis.com\/index.php\/2023\/12\/15\/poggi-se-reunio-con-el-ministro-de-gobierno-para-avanzar-en-el-llamado-a-sesiones-extraordinarias\/#primaryimage"},"thumbnailUrl":"https:\/\/apuntesdesanluis.com\/wp-content\/uploads\/2023\/12\/poggi-con-endeiza.png","articleSection":["Ciudad\/Provincia"],"inLanguage":"es-AR"},{"@type":"WebPage","@id":"https:\/\/apuntesdesanluis.com\/index.php\/2023\/12\/15\/poggi-se-reunio-con-el-ministro-de-gobierno-para-avanzar-en-el-llamado-a-sesiones-extraordinarias\/","url":"https:\/\/apuntesdesanluis.com\/index.php\/2023\/12\/15\/poggi-se-reunio-con-el-ministro-de-gobierno-para-avanzar-en-el-llamado-a-sesiones-extraordinarias\/","name":"POGGI SE REUNI\u00d3 CON EL MINISTRO DE GOBIERNO PARA AVANZAR EN EL LLAMADO A SESIONES EXTRAORDINARIAS - Apuntes de San Luis","isPartOf":{"@id":"https:\/\/apuntesdesanluis.com\/#website"},"primaryImageOfPage":{"@id":"https:\/\/apuntesdesanluis.com\/index.php\/2023\/12\/15\/poggi-se-reunio-con-el-ministro-de-gobierno-para-avanzar-en-el-llamado-a-sesiones-extraordinarias\/#primaryimage"},"image":{"@id":"https:\/\/apuntesdesanluis.com\/index.php\/2023\/12\/15\/poggi-se-reunio-con-el-ministro-de-gobierno-para-avanzar-en-el-llamado-a-sesiones-extraordinarias\/#primaryimage"},"thumbnailUrl":"https:\/\/apuntesdesanluis.com\/wp-content\/uploads\/2023\/12\/poggi-con-endeiza.png","datePublished":"2023-12-15T18:02:19+00:00","breadcrumb":{"@id":"https:\/\/apuntesdesanluis.com\/index.php\/2023\/12\/15\/poggi-se-reunio-con-el-ministro-de-gobierno-para-avanzar-en-el-llamado-a-sesiones-extraordinarias\/#breadcrumb"},"inLanguage":"es-AR","potentialAction":[{"@type":"ReadAction","target":["https:\/\/apuntesdesanluis.com\/index.php\/2023\/12\/15\/poggi-se-reunio-con-el-ministro-de-gobierno-para-avanzar-en-el-llamado-a-sesiones-extraordinarias\/"]}]},{"@type":"ImageObject","inLanguage":"es-AR","@id":"https:\/\/apuntesdesanluis.com\/index.php\/2023\/12\/15\/poggi-se-reunio-con-el-ministro-de-gobierno-para-avanzar-en-el-llamado-a-sesiones-extraordinarias\/#primaryimage","url":"https:\/\/apuntesdesanluis.com\/wp-content\/uploads\/2023\/12\/poggi-con-endeiza.png","contentUrl":"https:\/\/apuntesdesanluis.com\/wp-content\/uploads\/2023\/12\/poggi-con-endeiza.png","width":600,"height":398},{"@type":"BreadcrumbList","@id":"https:\/\/apuntesdesanluis.com\/index.php\/2023\/12\/15\/poggi-se-reunio-con-el-ministro-de-gobierno-para-avanzar-en-el-llamado-a-sesiones-extraordinarias\/#breadcrumb","itemListElement":[{"@type":"ListItem","position":1,"name":"Inicio","item":"https:\/\/apuntesdesanluis.com\/"},{"@type":"ListItem","position":2,"name":"POGGI SE REUNI\u00d3 CON EL MINISTRO DE GOBIERNO PARA AVANZAR EN EL LLAMADO A SESIONES EXTRAORDINARIAS"}]},{"@type":"WebSite","@id":"https:\/\/apuntesdesanluis.com\/#website","url":"https:\/\/apuntesdesanluis.com\/","name":"Apuntes de San Luis","description":"","publisher":{"@id":"https:\/\/apuntesdesanluis.com\/#\/schema\/person\/b55151d52296fcce64d1a72538a70b90"},"potentialAction":[{"@type":"SearchAction","target":{"@type":"EntryPoint","urlTemplate":"https:\/\/apuntesdesanluis.com\/?s={search_term_string}"},"query-input":{"@type":"PropertyValueSpecification","valueRequired":true,"valueName":"search_term_string"}}],"inLanguage":"es-AR"},{"@type":["Person","Organization"],"@id":"https:\/\/apuntesdesanluis.com\/#\/schema\/person\/b55151d52296fcce64d1a72538a70b90","name":"apuntesdesanluis.com","image":{"@type":"ImageObject","inLanguage":"es-AR","@id":"https:\/\/apuntesdesanluis.com\/#\/schema\/person\/image\/","url":"https:\/\/apuntesdesanluis.com\/wp-content\/uploads\/2023\/07\/cropped-apuntesdesanluis.png","contentUrl":"https:\/\/apuntesdesanluis.com\/wp-content\/uploads\/2023\/07\/cropped-apuntesdesanluis.png","width":450,"height":112,"caption":"apuntesdesanluis.com"},"logo":{"@id":"https:\/\/apuntesdesanluis.com\/#\/schema\/person\/image\/"},"sameAs":["https:\/\/apuntesdesanluis.com"],"url":"https:\/\/apuntesdesanluis.com\/index.php\/author\/apuntesdesanluis-com\/"}]}},"featured_image_urls":{"full":["https:\/\/apuntesdesanluis.com\/wp-content\/uploads\/2023\/12\/poggi-con-endeiza.png",600,398,false],"thumbnail":["https:\/\/apuntesdesanluis.com\/wp-content\/uploads\/2023\/12\/poggi-con-endeiza-150x150.png",150,150,true],"medium":["https:\/\/apuntesdesanluis.com\/wp-content\/uploads\/2023\/12\/poggi-con-endeiza-300x199.png",300,199,true],"medium_large":["https:\/\/apuntesdesanluis.com\/wp-content\/uploads\/2023\/12\/poggi-con-endeiza.png",600,398,false],"large":["https:\/\/apuntesdesanluis.com\/wp-content\/uploads\/2023\/12\/poggi-con-endeiza.png",600,398,false],"1536x1536":["https:\/\/apuntesdesanluis.com\/wp-content\/uploads\/2023\/12\/poggi-con-endeiza.png",600,398,false],"2048x2048":["https:\/\/apuntesdesanluis.com\/wp-content\/uploads\/2023\/12\/poggi-con-endeiza.png",600,398,false],"newsever-slider-full":["https:\/\/apuntesdesanluis.com\/wp-content\/uploads\/2023\/12\/poggi-con-endeiza.png",600,398,false],"newsever-featured":["https:\/\/apuntesdesanluis.com\/wp-content\/uploads\/2023\/12\/poggi-con-endeiza.png",600,398,false],"newsever-medium":["https:\/\/apuntesdesanluis.com\/wp-content\/uploads\/2023\/12\/poggi-con-endeiza.png",600,398,false]},"author_info":{"display_name":"apuntesdesanluis.com","author_link":"https:\/\/apuntesdesanluis.com\/index.php\/author\/apuntesdesanluis-com\/"},"category_info":"<a href=\"https:\/\/apuntesdesanluis.com\/index.php\/category\/ciudad-provincia\/\" rel=\"category tag\">Ciudad\/Provincia<\/a>","tag_info":"Ciudad\/Provincia","comment_count":"0","_links":{"self":[{"href":"https:\/\/apuntesdesanluis.com\/index.php\/wp-json\/wp\/v2\/posts\/8422","targetHints":{"allow":["GET"]}}],"collection":[{"href":"https:\/\/apuntesdesanluis.com\/index.php\/wp-json\/wp\/v2\/posts"}],"about":[{"href":"https:\/\/apuntesdesanluis.com\/index.php\/wp-json\/wp\/v2\/types\/post"}],"author":[{"embeddable":true,"href":"https:\/\/apuntesdesanluis.com\/index.php\/wp-json\/wp\/v2\/users\/1"}],"replies":[{"embeddable":true,"href":"https:\/\/apuntesdesanluis.com\/index.php\/wp-json\/wp\/v2\/comments?post=8422"}],"version-history":[{"count":1,"href":"https:\/\/apuntesdesanluis.com\/index.php\/wp-json\/wp\/v2\/posts\/8422\/revisions"}],"predecessor-version":[{"id":8424,"href":"https:\/\/apuntesdesanluis.com\/index.php\/wp-json\/wp\/v2\/posts\/8422\/revisions\/8424"}],"wp:featuredmedia":[{"embeddable":true,"href":"https:\/\/apuntesdesanluis.com\/index.php\/wp-json\/wp\/v2\/media\/8423"}],"wp:attachment":[{"href":"https:\/\/apuntesdesanluis.com\/index.php\/wp-json\/wp\/v2\/media?parent=8422"}],"wp:term":[{"taxonomy":"category","embeddable":true,"href":"https:\/\/apuntesdesanluis.com\/index.php\/wp-json\/wp\/v2\/categories?post=8422"},{"taxonomy":"post_tag","embeddable":true,"href":"https:\/\/apuntesdesanluis.com\/index.php\/wp-json\/wp\/v2\/tags?post=8422"}],"curies":[{"name":"wp","href":"https:\/\/api.w.org\/{rel}","templated":true}]}}