{"id":8425,"date":"2023-12-15T15:11:32","date_gmt":"2023-12-15T18:11:32","guid":{"rendered":"https:\/\/apuntesdesanluis.com\/?p=8425"},"modified":"2023-12-15T15:11:32","modified_gmt":"2023-12-15T18:11:32","slug":"bullrich-confirmo-que-no-habra-cambios-en-el-decreto-de-alberto-fernandez-sobre-la-custodia-a-ex-presidentes","status":"publish","type":"post","link":"https:\/\/apuntesdesanluis.com\/index.php\/2023\/12\/15\/bullrich-confirmo-que-no-habra-cambios-en-el-decreto-de-alberto-fernandez-sobre-la-custodia-a-ex-presidentes\/","title":{"rendered":"BULLRICH CONFIRM\u00d3 QUE NO HABR\u00c1 CAMBIOS EN EL DECRETO DE ALBERTO FERN\u00c1NDEZ SOBRE LA CUSTODIA A EX PRESIDENTES"},"content":{"rendered":"<h3>\u201cHubo una confusi\u00f3n entre lo que sali\u00f3 y lo que efectivamente se public\u00f3\u201d, dijo la ministra de Seguridad, quien d\u00edas atr\u00e1s hab\u00eda anunciado que derogar\u00eda la medida. Un papel\u00f3n de la funcionaria.<\/h3>\n<h3>El decreto de <strong>Alberto Fern\u00e1ndez<\/strong> que regul\u00f3 c\u00f3mo debe ser la custodia de los ex presidentes contin\u00faa generando pol\u00e9mica. La ministra de Seguridad, <strong>Patricia Bullrich<\/strong>, confirm\u00f3 este viernes que la medida no ser\u00e1 derogada pese a que ella hab\u00eda puesto lo contrario en un posteo de Twitter que luego fue borrado.<\/h3>\n<h3>\u201cEl decreto es una formalidad de estructuras, no habla de Fern\u00e1ndez, todo Presidente tiene que tener custodia del Estado y ac\u00e1 hubo una confusi\u00f3n entre lo que sali\u00f3 y lo que verdaderamente se public\u00f3\u201d, asegur\u00f3 Bullrich en di\u00e1logo con radio Mitre.<\/h3>\n<p><img fetchpriority=\"high\" decoding=\"async\" class=\"wp-image-3610 aligncenter\" src=\"https:\/\/apuntesdesanluis.com\/wp-content\/uploads\/2023\/09\/fernandez-300x188.png\" alt=\"\" width=\"517\" height=\"324\" srcset=\"https:\/\/apuntesdesanluis.com\/wp-content\/uploads\/2023\/09\/fernandez-300x188.png 300w, https:\/\/apuntesdesanluis.com\/wp-content\/uploads\/2023\/09\/fernandez.png 697w\" sizes=\"(max-width: 517px) 100vw, 517px\" \/><\/p>\n<h3>En una primera instancia, la oposici\u00f3n denunci\u00f3 que un decreto dictado por Alberto Fern\u00e1ndez en uno de sus \u00faltimos actos de gesti\u00f3n como Presidente buscaba garantizarle custodia de la Polic\u00eda Federal durante su estad\u00eda en Espa\u00f1a. El entonces gobierno de Uni\u00f3n por la Patria aclar\u00f3 que en realidad lo que se hab\u00eda buscado era sacar de la \u00f3rbita de Bullrich -que ya hab\u00eda sido anunciada como ministra de Seguridad- para pasarla a la Casa Militar.<\/h3>\n<h3>Bullrich anunci\u00f3 que iba a derogar esa medida, pero luego dio marcha atr\u00e1s. Hoy confirm\u00f3 que el decreto de Fern\u00e1ndez continuar\u00e1 vigente, aunque aclar\u00f3 que en caso de que decida irse a vivir a Espa\u00f1a buscar\u00e1n alg\u00fan tipo de convenio con la polic\u00eda local para abaratar costos. \u201cSi vos te vas a vivir toda la vida al extranjero, tenemos que buscar algunas opciones\u201d, precis\u00f3. Por lo pronto, ayer Fern\u00e1ndez anunci\u00f3 que por ahora no viajar\u00e1 a Europa.<\/h3>\n<h3>Infobae revel\u00f3 ayer la trama secreta detr\u00e1s de la discusi\u00f3n por la custodia. Fuentes del anterior gobierno explicaron que el motivo de la medida no era econ\u00f3mico, sino pol\u00edtico, y que el meollo de la cuesti\u00f3n estaba en las competencias de cada \u00e1rea. Seg\u00fan deslizaron, Cristina Kirchner no quer\u00eda bajo ning\u00fan punto de vista que Bullrich, a quien acus\u00f3, literalmente, de conspirar para asesinarla, tuviera la responsabilidad de su seguridad.<\/h3>\n<h3>Seg\u00fan esa versi\u00f3n, la ex vicepresidenta le pidi\u00f3 a Alberto Fern\u00e1ndez que se ocupara \u2014antes de abandonar el poder\u2014 de traspasar esa sensible tarea a la Casa Militar, que comanda el coronel mayor Alejandro Guglielmi desde la gesti\u00f3n de Mauricio Macri y contin\u00faa al mando. Seg\u00fan pudo saber Infobae, la Casa Militar no estuvo de acuerdo con este cambio, porque consideraba que el sistema funcionaba sin problemas en manos del Ministerio de Seguridad. En el entorno de la ex vicepresidenta no hicieron comentarios al respecto. \u201cSon temas de seguridad\u201d, dijeron.<\/h3>\n<h3>En el entorno de Alberto Fern\u00e1ndez aseguraron que Milei hab\u00eda estado de acuerdo, antes de asumir, con mantener el cambio. Para respaldar esta afirmaci\u00f3n, se\u00f1alaron hechos de p\u00fablico conocimiento que se vieron el domingo durante la asunci\u00f3n presidencial en el Congreso: la buena predisposici\u00f3n de Cristina Kirchner hacia el l\u00edder libertario durante la ceremonia, y el brev\u00edsimo y llamativo comentario que le hizo el flamante jefe de Estado en ese momento: \u201cQuedate tranquila\u201d.<\/h3>\n<h3>Este viernes, al ser consultada sobre la situaci\u00f3n de Cristina Kirchner, Bullrich asegur\u00f3: \u201cElla tiene hace much\u00edsimos a\u00f1os al mismo jefe de custodia y si quiere a ese mismo jefe de custodia lo tendr\u00e1, pero hay normas de la Polic\u00eda y si se necesita una excepci\u00f3n se ver\u00e1\u201d.<\/h3>\n<h3>\u201cSi ella le tiene confianza s\u00f3lo a esa persona, se analizar\u00e1. Nadie va a ir en contra de nadie. Lo \u00fanico que se hace es tratar de tener una razonabilidad entre los medios usados y los gastos que el Estado puede erogar en una situaci\u00f3n de crisis absoluta donde la pol\u00edtica tiene que dar el primer ejemplo\u201d, agreg\u00f3.<\/h3>\n<h3>El jefe de custodia de Cristina Kirchner al que alude Bullrich es Diego Carbone.<\/h3>\n","protected":false},"excerpt":{"rendered":"<p>\u201cHubo una confusi\u00f3n entre lo que sali\u00f3 y lo que efectivamente se public\u00f3\u201d, dijo la&#8230;<\/p>\n","protected":false},"author":1,"featured_media":5619,"comment_status":"closed","ping_status":"closed","sticky":false,"template":"","format":"standard","meta":{"footnotes":""},"categories":[5],"tags":[],"class_list":["post-8425","post","type-post","status-publish","format-standard","has-post-thumbnail","hentry","category-nacionales-internacionales"],"yoast_head":"<!-- This site is optimized with the Yoast SEO plugin v26.1.1 - https:\/\/yoast.com\/wordpress\/plugins\/seo\/ -->\n<title>BULLRICH CONFIRM\u00d3 QUE NO HABR\u00c1 CAMBIOS EN EL DECRETO DE ALBERTO FERN\u00c1NDEZ SOBRE LA CUSTODIA A EX PRESIDENTES - Apuntes de San Luis<\/title>\n<meta name=\"robots\" content=\"index, follow, max-snippet:-1, max-image-preview:large, max-video-preview:-1\" \/>\n<link rel=\"canonical\" href=\"https:\/\/apuntesdesanluis.com\/index.php\/2023\/12\/15\/bullrich-confirmo-que-no-habra-cambios-en-el-decreto-de-alberto-fernandez-sobre-la-custodia-a-ex-presidentes\/\" \/>\n<meta property=\"og:locale\" content=\"es_ES\" \/>\n<meta property=\"og:type\" content=\"article\" \/>\n<meta property=\"og:title\" content=\"BULLRICH CONFIRM\u00d3 QUE NO HABR\u00c1 CAMBIOS EN EL DECRETO DE ALBERTO FERN\u00c1NDEZ SOBRE LA CUSTODIA A EX PRESIDENTES - Apuntes de San Luis\" \/>\n<meta property=\"og:description\" content=\"\u201cHubo una confusi\u00f3n entre lo que sali\u00f3 y lo que efectivamente se public\u00f3\u201d, dijo la...\" \/>\n<meta property=\"og:url\" content=\"https:\/\/apuntesdesanluis.com\/index.php\/2023\/12\/15\/bullrich-confirmo-que-no-habra-cambios-en-el-decreto-de-alberto-fernandez-sobre-la-custodia-a-ex-presidentes\/\" \/>\n<meta property=\"og:site_name\" content=\"Apuntes de San Luis\" \/>\n<meta property=\"article:published_time\" content=\"2023-12-15T18:11:32+00:00\" \/>\n<meta property=\"og:image\" content=\"https:\/\/apuntesdesanluis.com\/wp-content\/uploads\/2023\/10\/bullrich-2.png\" \/>\n\t<meta property=\"og:image:width\" content=\"736\" \/>\n\t<meta property=\"og:image:height\" content=\"429\" \/>\n\t<meta property=\"og:image:type\" content=\"image\/png\" \/>\n<meta name=\"author\" content=\"apuntesdesanluis.com\" \/>\n<meta name=\"twitter:card\" content=\"summary_large_image\" \/>\n<meta name=\"twitter:label1\" content=\"Escrito por\" \/>\n\t<meta name=\"twitter:data1\" content=\"apuntesdesanluis.com\" \/>\n\t<meta name=\"twitter:label2\" content=\"Tiempo de lectura\" \/>\n\t<meta name=\"twitter:data2\" content=\"4 minutos\" \/>\n<script type=\"application\/ld+json\" class=\"yoast-schema-graph\">{\"@context\":\"https:\/\/schema.org\",\"@graph\":[{\"@type\":\"Article\",\"@id\":\"https:\/\/apuntesdesanluis.com\/index.php\/2023\/12\/15\/bullrich-confirmo-que-no-habra-cambios-en-el-decreto-de-alberto-fernandez-sobre-la-custodia-a-ex-presidentes\/#article\",\"isPartOf\":{\"@id\":\"https:\/\/apuntesdesanluis.com\/index.php\/2023\/12\/15\/bullrich-confirmo-que-no-habra-cambios-en-el-decreto-de-alberto-fernandez-sobre-la-custodia-a-ex-presidentes\/\"},\"author\":{\"name\":\"apuntesdesanluis.com\",\"@id\":\"https:\/\/apuntesdesanluis.com\/#\/schema\/person\/b55151d52296fcce64d1a72538a70b90\"},\"headline\":\"BULLRICH CONFIRM\u00d3 QUE NO HABR\u00c1 CAMBIOS EN EL DECRETO DE ALBERTO FERN\u00c1NDEZ SOBRE LA CUSTODIA A EX PRESIDENTES\",\"datePublished\":\"2023-12-15T18:11:32+00:00\",\"mainEntityOfPage\":{\"@id\":\"https:\/\/apuntesdesanluis.com\/index.php\/2023\/12\/15\/bullrich-confirmo-que-no-habra-cambios-en-el-decreto-de-alberto-fernandez-sobre-la-custodia-a-ex-presidentes\/\"},\"wordCount\":709,\"publisher\":{\"@id\":\"https:\/\/apuntesdesanluis.com\/#\/schema\/person\/b55151d52296fcce64d1a72538a70b90\"},\"image\":{\"@id\":\"https:\/\/apuntesdesanluis.com\/index.php\/2023\/12\/15\/bullrich-confirmo-que-no-habra-cambios-en-el-decreto-de-alberto-fernandez-sobre-la-custodia-a-ex-presidentes\/#primaryimage\"},\"thumbnailUrl\":\"https:\/\/apuntesdesanluis.com\/wp-content\/uploads\/2023\/10\/bullrich-2.png\",\"articleSection\":[\"Nacionales\/Internacionales\"],\"inLanguage\":\"es-AR\"},{\"@type\":\"WebPage\",\"@id\":\"https:\/\/apuntesdesanluis.com\/index.php\/2023\/12\/15\/bullrich-confirmo-que-no-habra-cambios-en-el-decreto-de-alberto-fernandez-sobre-la-custodia-a-ex-presidentes\/\",\"url\":\"https:\/\/apuntesdesanluis.com\/index.php\/2023\/12\/15\/bullrich-confirmo-que-no-habra-cambios-en-el-decreto-de-alberto-fernandez-sobre-la-custodia-a-ex-presidentes\/\",\"name\":\"BULLRICH CONFIRM\u00d3 QUE NO HABR\u00c1 CAMBIOS EN EL DECRETO DE ALBERTO FERN\u00c1NDEZ SOBRE LA CUSTODIA A EX PRESIDENTES - Apuntes de San Luis\",\"isPartOf\":{\"@id\":\"https:\/\/apuntesdesanluis.com\/#website\"},\"primaryImageOfPage\":{\"@id\":\"https:\/\/apuntesdesanluis.com\/index.php\/2023\/12\/15\/bullrich-confirmo-que-no-habra-cambios-en-el-decreto-de-alberto-fernandez-sobre-la-custodia-a-ex-presidentes\/#primaryimage\"},\"image\":{\"@id\":\"https:\/\/apuntesdesanluis.com\/index.php\/2023\/12\/15\/bullrich-confirmo-que-no-habra-cambios-en-el-decreto-de-alberto-fernandez-sobre-la-custodia-a-ex-presidentes\/#primaryimage\"},\"thumbnailUrl\":\"https:\/\/apuntesdesanluis.com\/wp-content\/uploads\/2023\/10\/bullrich-2.png\",\"datePublished\":\"2023-12-15T18:11:32+00:00\",\"breadcrumb\":{\"@id\":\"https:\/\/apuntesdesanluis.com\/index.php\/2023\/12\/15\/bullrich-confirmo-que-no-habra-cambios-en-el-decreto-de-alberto-fernandez-sobre-la-custodia-a-ex-presidentes\/#breadcrumb\"},\"inLanguage\":\"es-AR\",\"potentialAction\":[{\"@type\":\"ReadAction\",\"target\":[\"https:\/\/apuntesdesanluis.com\/index.php\/2023\/12\/15\/bullrich-confirmo-que-no-habra-cambios-en-el-decreto-de-alberto-fernandez-sobre-la-custodia-a-ex-presidentes\/\"]}]},{\"@type\":\"ImageObject\",\"inLanguage\":\"es-AR\",\"@id\":\"https:\/\/apuntesdesanluis.com\/index.php\/2023\/12\/15\/bullrich-confirmo-que-no-habra-cambios-en-el-decreto-de-alberto-fernandez-sobre-la-custodia-a-ex-presidentes\/#primaryimage\",\"url\":\"https:\/\/apuntesdesanluis.com\/wp-content\/uploads\/2023\/10\/bullrich-2.png\",\"contentUrl\":\"https:\/\/apuntesdesanluis.com\/wp-content\/uploads\/2023\/10\/bullrich-2.png\",\"width\":736,\"height\":429},{\"@type\":\"BreadcrumbList\",\"@id\":\"https:\/\/apuntesdesanluis.com\/index.php\/2023\/12\/15\/bullrich-confirmo-que-no-habra-cambios-en-el-decreto-de-alberto-fernandez-sobre-la-custodia-a-ex-presidentes\/#breadcrumb\",\"itemListElement\":[{\"@type\":\"ListItem\",\"position\":1,\"name\":\"Inicio\",\"item\":\"https:\/\/apuntesdesanluis.com\/\"},{\"@type\":\"ListItem\",\"position\":2,\"name\":\"BULLRICH CONFIRM\u00d3 QUE NO HABR\u00c1 CAMBIOS EN EL DECRETO DE ALBERTO FERN\u00c1NDEZ SOBRE LA CUSTODIA A EX PRESIDENTES\"}]},{\"@type\":\"WebSite\",\"@id\":\"https:\/\/apuntesdesanluis.com\/#website\",\"url\":\"https:\/\/apuntesdesanluis.com\/\",\"name\":\"Apuntes de San Luis\",\"description\":\"\",\"publisher\":{\"@id\":\"https:\/\/apuntesdesanluis.com\/#\/schema\/person\/b55151d52296fcce64d1a72538a70b90\"},\"potentialAction\":[{\"@type\":\"SearchAction\",\"target\":{\"@type\":\"EntryPoint\",\"urlTemplate\":\"https:\/\/apuntesdesanluis.com\/?s={search_term_string}\"},\"query-input\":{\"@type\":\"PropertyValueSpecification\",\"valueRequired\":true,\"valueName\":\"search_term_string\"}}],\"inLanguage\":\"es-AR\"},{\"@type\":[\"Person\",\"Organization\"],\"@id\":\"https:\/\/apuntesdesanluis.com\/#\/schema\/person\/b55151d52296fcce64d1a72538a70b90\",\"name\":\"apuntesdesanluis.com\",\"image\":{\"@type\":\"ImageObject\",\"inLanguage\":\"es-AR\",\"@id\":\"https:\/\/apuntesdesanluis.com\/#\/schema\/person\/image\/\",\"url\":\"https:\/\/apuntesdesanluis.com\/wp-content\/uploads\/2023\/07\/cropped-apuntesdesanluis.png\",\"contentUrl\":\"https:\/\/apuntesdesanluis.com\/wp-content\/uploads\/2023\/07\/cropped-apuntesdesanluis.png\",\"width\":450,\"height\":112,\"caption\":\"apuntesdesanluis.com\"},\"logo\":{\"@id\":\"https:\/\/apuntesdesanluis.com\/#\/schema\/person\/image\/\"},\"sameAs\":[\"https:\/\/apuntesdesanluis.com\"],\"url\":\"https:\/\/apuntesdesanluis.com\/index.php\/author\/apuntesdesanluis-com\/\"}]}<\/script>\n<!-- \/ Yoast SEO plugin. -->","yoast_head_json":{"title":"BULLRICH CONFIRM\u00d3 QUE NO HABR\u00c1 CAMBIOS EN EL DECRETO DE ALBERTO FERN\u00c1NDEZ SOBRE LA CUSTODIA A EX PRESIDENTES - Apuntes de San Luis","robots":{"index":"index","follow":"follow","max-snippet":"max-snippet:-1","max-image-preview":"max-image-preview:large","max-video-preview":"max-video-preview:-1"},"canonical":"https:\/\/apuntesdesanluis.com\/index.php\/2023\/12\/15\/bullrich-confirmo-que-no-habra-cambios-en-el-decreto-de-alberto-fernandez-sobre-la-custodia-a-ex-presidentes\/","og_locale":"es_ES","og_type":"article","og_title":"BULLRICH CONFIRM\u00d3 QUE NO HABR\u00c1 CAMBIOS EN EL DECRETO DE ALBERTO FERN\u00c1NDEZ SOBRE LA CUSTODIA A EX PRESIDENTES - Apuntes de San Luis","og_description":"\u201cHubo una confusi\u00f3n entre lo que sali\u00f3 y lo que efectivamente se public\u00f3\u201d, dijo la...","og_url":"https:\/\/apuntesdesanluis.com\/index.php\/2023\/12\/15\/bullrich-confirmo-que-no-habra-cambios-en-el-decreto-de-alberto-fernandez-sobre-la-custodia-a-ex-presidentes\/","og_site_name":"Apuntes de San Luis","article_published_time":"2023-12-15T18:11:32+00:00","og_image":[{"width":736,"height":429,"url":"https:\/\/apuntesdesanluis.com\/wp-content\/uploads\/2023\/10\/bullrich-2.png","type":"image\/png"}],"author":"apuntesdesanluis.com","twitter_card":"summary_large_image","twitter_misc":{"Escrito por":"apuntesdesanluis.com","Tiempo de lectura":"4 minutos"},"schema":{"@context":"https:\/\/schema.org","@graph":[{"@type":"Article","@id":"https:\/\/apuntesdesanluis.com\/index.php\/2023\/12\/15\/bullrich-confirmo-que-no-habra-cambios-en-el-decreto-de-alberto-fernandez-sobre-la-custodia-a-ex-presidentes\/#article","isPartOf":{"@id":"https:\/\/apuntesdesanluis.com\/index.php\/2023\/12\/15\/bullrich-confirmo-que-no-habra-cambios-en-el-decreto-de-alberto-fernandez-sobre-la-custodia-a-ex-presidentes\/"},"author":{"name":"apuntesdesanluis.com","@id":"https:\/\/apuntesdesanluis.com\/#\/schema\/person\/b55151d52296fcce64d1a72538a70b90"},"headline":"BULLRICH CONFIRM\u00d3 QUE NO HABR\u00c1 CAMBIOS EN EL DECRETO DE ALBERTO FERN\u00c1NDEZ SOBRE LA CUSTODIA A EX PRESIDENTES","datePublished":"2023-12-15T18:11:32+00:00","mainEntityOfPage":{"@id":"https:\/\/apuntesdesanluis.com\/index.php\/2023\/12\/15\/bullrich-confirmo-que-no-habra-cambios-en-el-decreto-de-alberto-fernandez-sobre-la-custodia-a-ex-presidentes\/"},"wordCount":709,"publisher":{"@id":"https:\/\/apuntesdesanluis.com\/#\/schema\/person\/b55151d52296fcce64d1a72538a70b90"},"image":{"@id":"https:\/\/apuntesdesanluis.com\/index.php\/2023\/12\/15\/bullrich-confirmo-que-no-habra-cambios-en-el-decreto-de-alberto-fernandez-sobre-la-custodia-a-ex-presidentes\/#primaryimage"},"thumbnailUrl":"https:\/\/apuntesdesanluis.com\/wp-content\/uploads\/2023\/10\/bullrich-2.png","articleSection":["Nacionales\/Internacionales"],"inLanguage":"es-AR"},{"@type":"WebPage","@id":"https:\/\/apuntesdesanluis.com\/index.php\/2023\/12\/15\/bullrich-confirmo-que-no-habra-cambios-en-el-decreto-de-alberto-fernandez-sobre-la-custodia-a-ex-presidentes\/","url":"https:\/\/apuntesdesanluis.com\/index.php\/2023\/12\/15\/bullrich-confirmo-que-no-habra-cambios-en-el-decreto-de-alberto-fernandez-sobre-la-custodia-a-ex-presidentes\/","name":"BULLRICH CONFIRM\u00d3 QUE NO HABR\u00c1 CAMBIOS EN EL DECRETO DE ALBERTO FERN\u00c1NDEZ SOBRE LA CUSTODIA A EX PRESIDENTES - Apuntes de San Luis","isPartOf":{"@id":"https:\/\/apuntesdesanluis.com\/#website"},"primaryImageOfPage":{"@id":"https:\/\/apuntesdesanluis.com\/index.php\/2023\/12\/15\/bullrich-confirmo-que-no-habra-cambios-en-el-decreto-de-alberto-fernandez-sobre-la-custodia-a-ex-presidentes\/#primaryimage"},"image":{"@id":"https:\/\/apuntesdesanluis.com\/index.php\/2023\/12\/15\/bullrich-confirmo-que-no-habra-cambios-en-el-decreto-de-alberto-fernandez-sobre-la-custodia-a-ex-presidentes\/#primaryimage"},"thumbnailUrl":"https:\/\/apuntesdesanluis.com\/wp-content\/uploads\/2023\/10\/bullrich-2.png","datePublished":"2023-12-15T18:11:32+00:00","breadcrumb":{"@id":"https:\/\/apuntesdesanluis.com\/index.php\/2023\/12\/15\/bullrich-confirmo-que-no-habra-cambios-en-el-decreto-de-alberto-fernandez-sobre-la-custodia-a-ex-presidentes\/#breadcrumb"},"inLanguage":"es-AR","potentialAction":[{"@type":"ReadAction","target":["https:\/\/apuntesdesanluis.com\/index.php\/2023\/12\/15\/bullrich-confirmo-que-no-habra-cambios-en-el-decreto-de-alberto-fernandez-sobre-la-custodia-a-ex-presidentes\/"]}]},{"@type":"ImageObject","inLanguage":"es-AR","@id":"https:\/\/apuntesdesanluis.com\/index.php\/2023\/12\/15\/bullrich-confirmo-que-no-habra-cambios-en-el-decreto-de-alberto-fernandez-sobre-la-custodia-a-ex-presidentes\/#primaryimage","url":"https:\/\/apuntesdesanluis.com\/wp-content\/uploads\/2023\/10\/bullrich-2.png","contentUrl":"https:\/\/apuntesdesanluis.com\/wp-content\/uploads\/2023\/10\/bullrich-2.png","width":736,"height":429},{"@type":"BreadcrumbList","@id":"https:\/\/apuntesdesanluis.com\/index.php\/2023\/12\/15\/bullrich-confirmo-que-no-habra-cambios-en-el-decreto-de-alberto-fernandez-sobre-la-custodia-a-ex-presidentes\/#breadcrumb","itemListElement":[{"@type":"ListItem","position":1,"name":"Inicio","item":"https:\/\/apuntesdesanluis.com\/"},{"@type":"ListItem","position":2,"name":"BULLRICH CONFIRM\u00d3 QUE NO HABR\u00c1 CAMBIOS EN EL DECRETO DE ALBERTO FERN\u00c1NDEZ SOBRE LA CUSTODIA A EX PRESIDENTES"}]},{"@type":"WebSite","@id":"https:\/\/apuntesdesanluis.com\/#website","url":"https:\/\/apuntesdesanluis.com\/","name":"Apuntes de San Luis","description":"","publisher":{"@id":"https:\/\/apuntesdesanluis.com\/#\/schema\/person\/b55151d52296fcce64d1a72538a70b90"},"potentialAction":[{"@type":"SearchAction","target":{"@type":"EntryPoint","urlTemplate":"https:\/\/apuntesdesanluis.com\/?s={search_term_string}"},"query-input":{"@type":"PropertyValueSpecification","valueRequired":true,"valueName":"search_term_string"}}],"inLanguage":"es-AR"},{"@type":["Person","Organization"],"@id":"https:\/\/apuntesdesanluis.com\/#\/schema\/person\/b55151d52296fcce64d1a72538a70b90","name":"apuntesdesanluis.com","image":{"@type":"ImageObject","inLanguage":"es-AR","@id":"https:\/\/apuntesdesanluis.com\/#\/schema\/person\/image\/","url":"https:\/\/apuntesdesanluis.com\/wp-content\/uploads\/2023\/07\/cropped-apuntesdesanluis.png","contentUrl":"https:\/\/apuntesdesanluis.com\/wp-content\/uploads\/2023\/07\/cropped-apuntesdesanluis.png","width":450,"height":112,"caption":"apuntesdesanluis.com"},"logo":{"@id":"https:\/\/apuntesdesanluis.com\/#\/schema\/person\/image\/"},"sameAs":["https:\/\/apuntesdesanluis.com"],"url":"https:\/\/apuntesdesanluis.com\/index.php\/author\/apuntesdesanluis-com\/"}]}},"featured_image_urls":{"full":["https:\/\/apuntesdesanluis.com\/wp-content\/uploads\/2023\/10\/bullrich-2.png",736,429,false],"thumbnail":["https:\/\/apuntesdesanluis.com\/wp-content\/uploads\/2023\/10\/bullrich-2-150x150.png",150,150,true],"medium":["https:\/\/apuntesdesanluis.com\/wp-content\/uploads\/2023\/10\/bullrich-2-300x175.png",300,175,true],"medium_large":["https:\/\/apuntesdesanluis.com\/wp-content\/uploads\/2023\/10\/bullrich-2.png",640,373,false],"large":["https:\/\/apuntesdesanluis.com\/wp-content\/uploads\/2023\/10\/bullrich-2.png",640,373,false],"1536x1536":["https:\/\/apuntesdesanluis.com\/wp-content\/uploads\/2023\/10\/bullrich-2.png",736,429,false],"2048x2048":["https:\/\/apuntesdesanluis.com\/wp-content\/uploads\/2023\/10\/bullrich-2.png",736,429,false],"newsever-slider-full":["https:\/\/apuntesdesanluis.com\/wp-content\/uploads\/2023\/10\/bullrich-2.png",736,429,false],"newsever-featured":["https:\/\/apuntesdesanluis.com\/wp-content\/uploads\/2023\/10\/bullrich-2.png",736,429,false],"newsever-medium":["https:\/\/apuntesdesanluis.com\/wp-content\/uploads\/2023\/10\/bullrich-2-720x429.png",720,429,true]},"author_info":{"display_name":"apuntesdesanluis.com","author_link":"https:\/\/apuntesdesanluis.com\/index.php\/author\/apuntesdesanluis-com\/"},"category_info":"<a href=\"https:\/\/apuntesdesanluis.com\/index.php\/category\/nacionales-internacionales\/\" rel=\"category tag\">Nacionales\/Internacionales<\/a>","tag_info":"Nacionales\/Internacionales","comment_count":"0","_links":{"self":[{"href":"https:\/\/apuntesdesanluis.com\/index.php\/wp-json\/wp\/v2\/posts\/8425","targetHints":{"allow":["GET"]}}],"collection":[{"href":"https:\/\/apuntesdesanluis.com\/index.php\/wp-json\/wp\/v2\/posts"}],"about":[{"href":"https:\/\/apuntesdesanluis.com\/index.php\/wp-json\/wp\/v2\/types\/post"}],"author":[{"embeddable":true,"href":"https:\/\/apuntesdesanluis.com\/index.php\/wp-json\/wp\/v2\/users\/1"}],"replies":[{"embeddable":true,"href":"https:\/\/apuntesdesanluis.com\/index.php\/wp-json\/wp\/v2\/comments?post=8425"}],"version-history":[{"count":1,"href":"https:\/\/apuntesdesanluis.com\/index.php\/wp-json\/wp\/v2\/posts\/8425\/revisions"}],"predecessor-version":[{"id":8426,"href":"https:\/\/apuntesdesanluis.com\/index.php\/wp-json\/wp\/v2\/posts\/8425\/revisions\/8426"}],"wp:featuredmedia":[{"embeddable":true,"href":"https:\/\/apuntesdesanluis.com\/index.php\/wp-json\/wp\/v2\/media\/5619"}],"wp:attachment":[{"href":"https:\/\/apuntesdesanluis.com\/index.php\/wp-json\/wp\/v2\/media?parent=8425"}],"wp:term":[{"taxonomy":"category","embeddable":true,"href":"https:\/\/apuntesdesanluis.com\/index.php\/wp-json\/wp\/v2\/categories?post=8425"},{"taxonomy":"post_tag","embeddable":true,"href":"https:\/\/apuntesdesanluis.com\/index.php\/wp-json\/wp\/v2\/tags?post=8425"}],"curies":[{"name":"wp","href":"https:\/\/api.w.org\/{rel}","templated":true}]}}