{"id":8427,"date":"2023-12-16T00:30:14","date_gmt":"2023-12-16T03:30:14","guid":{"rendered":"https:\/\/apuntesdesanluis.com\/?p=8427"},"modified":"2023-12-16T00:31:46","modified_gmt":"2023-12-16T03:31:46","slug":"primeros-rechazos-al-desdoblamiento-salarial-de-empleados-publicos","status":"publish","type":"post","link":"https:\/\/apuntesdesanluis.com\/index.php\/2023\/12\/16\/primeros-rechazos-al-desdoblamiento-salarial-de-empleados-publicos\/","title":{"rendered":"PRIMEROS RECHAZOS AL DESDOBLAMIENTO SALARIAL DE EMPLEADOS P\u00daBLICOS"},"content":{"rendered":"<h3>Tras el informe que dio a conocer el gobernador <strong>Claudio Poggi<\/strong> el jueves, afirmando que recibi\u00f3 la provincia \u201cfundida\u201d, el anuncio que efectu\u00f3 del pago desdoblado de los salarios de diciembre y enero cosech\u00f3 los primeros rechazos por parte de sectores de empleados p\u00fablicos nucleados en el estamento de los docentes y los trabajadores de la sanidad.<\/h3>\n<p><img fetchpriority=\"high\" decoding=\"async\" class=\"wp-image-8435 aligncenter\" src=\"https:\/\/apuntesdesanluis.com\/wp-content\/uploads\/2023\/12\/cobre-como-docente-265x300.png\" alt=\"\" width=\"612\" height=\"693\" srcset=\"https:\/\/apuntesdesanluis.com\/wp-content\/uploads\/2023\/12\/cobre-como-docente-265x300.png 265w, https:\/\/apuntesdesanluis.com\/wp-content\/uploads\/2023\/12\/cobre-como-docente.png 591w\" sizes=\"(max-width: 612px) 100vw, 612px\" \/><\/p>\n<p><img decoding=\"async\" class=\"wp-image-8436 aligncenter\" src=\"https:\/\/apuntesdesanluis.com\/wp-content\/uploads\/2023\/12\/no-se-toca-251x300.png\" alt=\"\" width=\"610\" height=\"729\" srcset=\"https:\/\/apuntesdesanluis.com\/wp-content\/uploads\/2023\/12\/no-se-toca-251x300.png 251w, https:\/\/apuntesdesanluis.com\/wp-content\/uploads\/2023\/12\/no-se-toca.png 589w\" sizes=\"(max-width: 610px) 100vw, 610px\" \/><\/p>\n<h3>Los gremios <strong>AMET<\/strong> y <strong>UDA<\/strong>, como tambi\u00e9n los <strong>Docentes Autoconvocados<\/strong> y la <strong>Asociaci\u00f3n de Trabajadores de la Sanidad<\/strong>, hicieron conocer su disconformidad y se declararon en estado de alerta.<img decoding=\"async\" class=\"wp-image-8429 aligncenter\" style=\"font-size: 16px;\" src=\"https:\/\/apuntesdesanluis.com\/wp-content\/uploads\/2023\/12\/atsa-229x300.jpg\" alt=\"\" width=\"601\" height=\"787\" srcset=\"https:\/\/apuntesdesanluis.com\/wp-content\/uploads\/2023\/12\/atsa-229x300.jpg 229w, https:\/\/apuntesdesanluis.com\/wp-content\/uploads\/2023\/12\/atsa-781x1024.jpg 781w, https:\/\/apuntesdesanluis.com\/wp-content\/uploads\/2023\/12\/atsa-768x1007.jpg 768w, https:\/\/apuntesdesanluis.com\/wp-content\/uploads\/2023\/12\/atsa.jpg 976w\" sizes=\"(max-width: 601px) 100vw, 601px\" \/><\/h3>\n<h3>Cuatro d\u00edas despu\u00e9s de prestar juramento, el flamante mandatario dirigi\u00f3 un mensaje a la poblaci\u00f3n, afirmando que \u201cla provincia est\u00e1 en d\u00e9ficit, en rojo. Significa que gast\u00f3 m\u00e1s de lo que ingres\u00f3. San Luis hace 4 a\u00f1os que viene con d\u00e9ficit. En 2020 ascendi\u00f3 a $4.172 millones, en 2021 a $9.117 millones, en 2022 a $7.172 millones y el de 2023, con recursos por $456.641 millones y gastos por 581.761 el d\u00e9ficit ascender\u00e1 a $125.119.974.433,75\u201d, enumer\u00f3.<\/h3>\n<h3>Adem\u00e1s de declarar la emergencia econ\u00f3mica y adelantar que convocar\u00e1 a sesiones extraordinarias a las c\u00e1maras legislativas para que trate y autorice la toma de un empr\u00e9stito por 150 mil millones de pesos, Poggi inform\u00f3 \u201ccon mucha angustia, dolor y bronca\u201d, que se pagar\u00e1 \u201cpor primera vez en 40 a\u00f1os el sueldo en dos partes. Deberemos desdoblar en dos cuotas los salarios de diciembre y enero. El de diciembre se pagar\u00e1 la mitad el viernes 29 y la otra mitad el martes 16 de enero. El de enero se pagar\u00e1 la mitad el 31 de ese mes y la otra el viernes 16 de febrero\u201d, se\u00f1al\u00f3.<\/h3>\n<h3>Para que se sumen a esta &#8220;cruzada de austeridad&#8221;, dijo que va a instruir a las universidades provinciales y entes del Estado a que adopten la misma medida y har\u00e1 extensiva la invitaci\u00f3n a los poderes judicial y legislativo, ya que el dinero sale del mismo fondo.<\/h3>\n<h3>La medida cosech\u00f3 el contundente rechazo de los empleados p\u00fablicos, que coparon las redes sociales con diferentes mensajes de repudio, considerando \u201cinjusto y arbitrario\u201d que se recorte en los sectores de ingresos fijos y no en los ministros y funcionarios que cobran salarios m\u00e1s altos, o en otros sectores de la administraci\u00f3n.<\/h3>\n<h3>El colectivo de Docentes Autoconvocados realiz\u00f3 este jueves marchas en las ciudades de San Luis y Villa Mercedes, reclamando que se revea la medida.<\/h3>\n<div style=\"width: 640px;\" class=\"wp-video\"><!--[if lt IE 9]><script>document.createElement('video');<\/script><![endif]-->\n<video class=\"wp-video-shortcode\" id=\"video-8427-1\" width=\"640\" height=\"362\" preload=\"metadata\" controls=\"controls\"><source type=\"video\/mp4\" src=\"https:\/\/apuntesdesanluis.com\/wp-content\/uploads\/2023\/12\/movilizacion-en-san-luis.mp4?_=1\" \/><a href=\"https:\/\/apuntesdesanluis.com\/wp-content\/uploads\/2023\/12\/movilizacion-en-san-luis.mp4\">https:\/\/apuntesdesanluis.com\/wp-content\/uploads\/2023\/12\/movilizacion-en-san-luis.mp4<\/a><\/video><\/div>\n<h3>Tambi\u00e9n se expresaron algunos gremios docentes como AMET y UDA.<\/h3>\n<h3><img loading=\"lazy\" decoding=\"async\" class=\"wp-image-8431 aligncenter\" src=\"https:\/\/apuntesdesanluis.com\/wp-content\/uploads\/2023\/12\/amet-240x300.jpg\" alt=\"\" width=\"641\" height=\"801\" srcset=\"https:\/\/apuntesdesanluis.com\/wp-content\/uploads\/2023\/12\/amet-240x300.jpg 240w, https:\/\/apuntesdesanluis.com\/wp-content\/uploads\/2023\/12\/amet.jpg 512w\" sizes=\"(max-width: 641px) 100vw, 641px\" \/><\/h3>\n<h3><img loading=\"lazy\" decoding=\"async\" class=\"wp-image-8432 aligncenter\" src=\"https:\/\/apuntesdesanluis.com\/wp-content\/uploads\/2023\/12\/uda-san-luis-300x123.jpg\" alt=\"\" width=\"634\" height=\"260\" srcset=\"https:\/\/apuntesdesanluis.com\/wp-content\/uploads\/2023\/12\/uda-san-luis-300x123.jpg 300w, https:\/\/apuntesdesanluis.com\/wp-content\/uploads\/2023\/12\/uda-san-luis.jpg 664w\" sizes=\"(max-width: 634px) 100vw, 634px\" \/><\/h3>\n<p><img loading=\"lazy\" decoding=\"async\" class=\"wp-image-8433 aligncenter\" src=\"https:\/\/apuntesdesanluis.com\/wp-content\/uploads\/2023\/12\/docentes-vm-300x147.png\" alt=\"\" width=\"625\" height=\"306\" srcset=\"https:\/\/apuntesdesanluis.com\/wp-content\/uploads\/2023\/12\/docentes-vm-300x147.png 300w, https:\/\/apuntesdesanluis.com\/wp-content\/uploads\/2023\/12\/docentes-vm.png 649w\" sizes=\"(max-width: 625px) 100vw, 625px\" \/><\/p>\n<h3>Finalmente, tambi\u00e9n se expidi\u00f3 rechazando el desdoblamiento la Asociaci\u00f3n de Trabajadores de la Sanidad (ATSA), que lidera An\u00edbal G\u00f3mez.<\/h3>\n<h3>Se espera que en los pr\u00f3ximos d\u00edas se produzcan m\u00e1s pronunciamientos en contra de esta medida gubernamental.<\/h3>\n<h3>En simult\u00e1neo, se dio a conocer que el nuevo ministro de Educaci\u00f3n, el CPN <strong>Guillermo Araujo<\/strong>, mantuvo una reuni\u00f3n con el primer mandatario y luego dio a conocer el nuevo calendario escolar 2024.<\/h3>\n<p><img loading=\"lazy\" decoding=\"async\" class=\"wp-image-8434 aligncenter\" src=\"https:\/\/apuntesdesanluis.com\/wp-content\/uploads\/2023\/12\/calendario-escolar-2024-152x300.jpg\" alt=\"\" width=\"583\" height=\"1151\" srcset=\"https:\/\/apuntesdesanluis.com\/wp-content\/uploads\/2023\/12\/calendario-escolar-2024-152x300.jpg 152w, https:\/\/apuntesdesanluis.com\/wp-content\/uploads\/2023\/12\/calendario-escolar-2024-519x1024.jpg 519w, https:\/\/apuntesdesanluis.com\/wp-content\/uploads\/2023\/12\/calendario-escolar-2024.jpg 540w\" sizes=\"(max-width: 583px) 100vw, 583px\" \/><\/p>\n<p>&nbsp;<\/p>\n","protected":false},"excerpt":{"rendered":"<p>Tras el informe que dio a conocer el gobernador Claudio Poggi el jueves, afirmando que&#8230;<\/p>\n","protected":false},"author":1,"featured_media":8428,"comment_status":"closed","ping_status":"closed","sticky":false,"template":"","format":"standard","meta":{"footnotes":""},"categories":[6],"tags":[],"class_list":["post-8427","post","type-post","status-publish","format-standard","has-post-thumbnail","hentry","category-ciudad-provincia"],"yoast_head":"<!-- This site is optimized with the Yoast SEO plugin v26.1.1 - https:\/\/yoast.com\/wordpress\/plugins\/seo\/ -->\n<title>PRIMEROS RECHAZOS AL DESDOBLAMIENTO SALARIAL DE EMPLEADOS P\u00daBLICOS - Apuntes de San Luis<\/title>\n<meta name=\"robots\" content=\"index, follow, max-snippet:-1, max-image-preview:large, max-video-preview:-1\" \/>\n<link rel=\"canonical\" href=\"https:\/\/apuntesdesanluis.com\/index.php\/2023\/12\/16\/primeros-rechazos-al-desdoblamiento-salarial-de-empleados-publicos\/\" \/>\n<meta property=\"og:locale\" content=\"es_ES\" \/>\n<meta property=\"og:type\" content=\"article\" \/>\n<meta property=\"og:title\" content=\"PRIMEROS RECHAZOS AL DESDOBLAMIENTO SALARIAL DE EMPLEADOS P\u00daBLICOS - Apuntes de San Luis\" \/>\n<meta property=\"og:description\" content=\"Tras el informe que dio a conocer el gobernador Claudio Poggi el jueves, afirmando que...\" \/>\n<meta property=\"og:url\" content=\"https:\/\/apuntesdesanluis.com\/index.php\/2023\/12\/16\/primeros-rechazos-al-desdoblamiento-salarial-de-empleados-publicos\/\" \/>\n<meta property=\"og:site_name\" content=\"Apuntes de San Luis\" \/>\n<meta property=\"article:published_time\" content=\"2023-12-16T03:30:14+00:00\" \/>\n<meta property=\"article:modified_time\" content=\"2023-12-16T03:31:46+00:00\" \/>\n<meta property=\"og:image\" content=\"https:\/\/apuntesdesanluis.com\/wp-content\/uploads\/2023\/12\/movilizacion-en-san-luis.mp4.png\" \/>\n\t<meta property=\"og:image:width\" content=\"773\" \/>\n\t<meta property=\"og:image:height\" content=\"450\" \/>\n\t<meta property=\"og:image:type\" content=\"image\/png\" \/>\n<meta name=\"author\" content=\"apuntesdesanluis.com\" \/>\n<meta name=\"twitter:card\" content=\"summary_large_image\" \/>\n<meta name=\"twitter:label1\" content=\"Escrito por\" \/>\n\t<meta name=\"twitter:data1\" content=\"apuntesdesanluis.com\" \/>\n\t<meta name=\"twitter:label2\" content=\"Tiempo de lectura\" \/>\n\t<meta name=\"twitter:data2\" content=\"4 minutos\" \/>\n<script type=\"application\/ld+json\" class=\"yoast-schema-graph\">{\"@context\":\"https:\/\/schema.org\",\"@graph\":[{\"@type\":\"Article\",\"@id\":\"https:\/\/apuntesdesanluis.com\/index.php\/2023\/12\/16\/primeros-rechazos-al-desdoblamiento-salarial-de-empleados-publicos\/#article\",\"isPartOf\":{\"@id\":\"https:\/\/apuntesdesanluis.com\/index.php\/2023\/12\/16\/primeros-rechazos-al-desdoblamiento-salarial-de-empleados-publicos\/\"},\"author\":{\"name\":\"apuntesdesanluis.com\",\"@id\":\"https:\/\/apuntesdesanluis.com\/#\/schema\/person\/b55151d52296fcce64d1a72538a70b90\"},\"headline\":\"PRIMEROS RECHAZOS AL DESDOBLAMIENTO SALARIAL DE EMPLEADOS P\u00daBLICOS\",\"datePublished\":\"2023-12-16T03:30:14+00:00\",\"dateModified\":\"2023-12-16T03:31:46+00:00\",\"mainEntityOfPage\":{\"@id\":\"https:\/\/apuntesdesanluis.com\/index.php\/2023\/12\/16\/primeros-rechazos-al-desdoblamiento-salarial-de-empleados-publicos\/\"},\"wordCount\":506,\"publisher\":{\"@id\":\"https:\/\/apuntesdesanluis.com\/#\/schema\/person\/b55151d52296fcce64d1a72538a70b90\"},\"image\":{\"@id\":\"https:\/\/apuntesdesanluis.com\/index.php\/2023\/12\/16\/primeros-rechazos-al-desdoblamiento-salarial-de-empleados-publicos\/#primaryimage\"},\"thumbnailUrl\":\"https:\/\/apuntesdesanluis.com\/wp-content\/uploads\/2023\/12\/movilizacion-en-san-luis.mp4.png\",\"articleSection\":[\"Ciudad\/Provincia\"],\"inLanguage\":\"es-AR\"},{\"@type\":\"WebPage\",\"@id\":\"https:\/\/apuntesdesanluis.com\/index.php\/2023\/12\/16\/primeros-rechazos-al-desdoblamiento-salarial-de-empleados-publicos\/\",\"url\":\"https:\/\/apuntesdesanluis.com\/index.php\/2023\/12\/16\/primeros-rechazos-al-desdoblamiento-salarial-de-empleados-publicos\/\",\"name\":\"PRIMEROS RECHAZOS AL DESDOBLAMIENTO SALARIAL DE EMPLEADOS P\u00daBLICOS - Apuntes de San Luis\",\"isPartOf\":{\"@id\":\"https:\/\/apuntesdesanluis.com\/#website\"},\"primaryImageOfPage\":{\"@id\":\"https:\/\/apuntesdesanluis.com\/index.php\/2023\/12\/16\/primeros-rechazos-al-desdoblamiento-salarial-de-empleados-publicos\/#primaryimage\"},\"image\":{\"@id\":\"https:\/\/apuntesdesanluis.com\/index.php\/2023\/12\/16\/primeros-rechazos-al-desdoblamiento-salarial-de-empleados-publicos\/#primaryimage\"},\"thumbnailUrl\":\"https:\/\/apuntesdesanluis.com\/wp-content\/uploads\/2023\/12\/movilizacion-en-san-luis.mp4.png\",\"datePublished\":\"2023-12-16T03:30:14+00:00\",\"dateModified\":\"2023-12-16T03:31:46+00:00\",\"breadcrumb\":{\"@id\":\"https:\/\/apuntesdesanluis.com\/index.php\/2023\/12\/16\/primeros-rechazos-al-desdoblamiento-salarial-de-empleados-publicos\/#breadcrumb\"},\"inLanguage\":\"es-AR\",\"potentialAction\":[{\"@type\":\"ReadAction\",\"target\":[\"https:\/\/apuntesdesanluis.com\/index.php\/2023\/12\/16\/primeros-rechazos-al-desdoblamiento-salarial-de-empleados-publicos\/\"]}]},{\"@type\":\"ImageObject\",\"inLanguage\":\"es-AR\",\"@id\":\"https:\/\/apuntesdesanluis.com\/index.php\/2023\/12\/16\/primeros-rechazos-al-desdoblamiento-salarial-de-empleados-publicos\/#primaryimage\",\"url\":\"https:\/\/apuntesdesanluis.com\/wp-content\/uploads\/2023\/12\/movilizacion-en-san-luis.mp4.png\",\"contentUrl\":\"https:\/\/apuntesdesanluis.com\/wp-content\/uploads\/2023\/12\/movilizacion-en-san-luis.mp4.png\",\"width\":773,\"height\":450},{\"@type\":\"BreadcrumbList\",\"@id\":\"https:\/\/apuntesdesanluis.com\/index.php\/2023\/12\/16\/primeros-rechazos-al-desdoblamiento-salarial-de-empleados-publicos\/#breadcrumb\",\"itemListElement\":[{\"@type\":\"ListItem\",\"position\":1,\"name\":\"Inicio\",\"item\":\"https:\/\/apuntesdesanluis.com\/\"},{\"@type\":\"ListItem\",\"position\":2,\"name\":\"PRIMEROS RECHAZOS AL DESDOBLAMIENTO SALARIAL DE EMPLEADOS P\u00daBLICOS\"}]},{\"@type\":\"WebSite\",\"@id\":\"https:\/\/apuntesdesanluis.com\/#website\",\"url\":\"https:\/\/apuntesdesanluis.com\/\",\"name\":\"Apuntes de San Luis\",\"description\":\"\",\"publisher\":{\"@id\":\"https:\/\/apuntesdesanluis.com\/#\/schema\/person\/b55151d52296fcce64d1a72538a70b90\"},\"potentialAction\":[{\"@type\":\"SearchAction\",\"target\":{\"@type\":\"EntryPoint\",\"urlTemplate\":\"https:\/\/apuntesdesanluis.com\/?s={search_term_string}\"},\"query-input\":{\"@type\":\"PropertyValueSpecification\",\"valueRequired\":true,\"valueName\":\"search_term_string\"}}],\"inLanguage\":\"es-AR\"},{\"@type\":[\"Person\",\"Organization\"],\"@id\":\"https:\/\/apuntesdesanluis.com\/#\/schema\/person\/b55151d52296fcce64d1a72538a70b90\",\"name\":\"apuntesdesanluis.com\",\"image\":{\"@type\":\"ImageObject\",\"inLanguage\":\"es-AR\",\"@id\":\"https:\/\/apuntesdesanluis.com\/#\/schema\/person\/image\/\",\"url\":\"https:\/\/apuntesdesanluis.com\/wp-content\/uploads\/2023\/07\/cropped-apuntesdesanluis.png\",\"contentUrl\":\"https:\/\/apuntesdesanluis.com\/wp-content\/uploads\/2023\/07\/cropped-apuntesdesanluis.png\",\"width\":450,\"height\":112,\"caption\":\"apuntesdesanluis.com\"},\"logo\":{\"@id\":\"https:\/\/apuntesdesanluis.com\/#\/schema\/person\/image\/\"},\"sameAs\":[\"https:\/\/apuntesdesanluis.com\"],\"url\":\"https:\/\/apuntesdesanluis.com\/index.php\/author\/apuntesdesanluis-com\/\"}]}<\/script>\n<!-- \/ Yoast SEO plugin. -->","yoast_head_json":{"title":"PRIMEROS RECHAZOS AL DESDOBLAMIENTO SALARIAL DE EMPLEADOS P\u00daBLICOS - Apuntes de San Luis","robots":{"index":"index","follow":"follow","max-snippet":"max-snippet:-1","max-image-preview":"max-image-preview:large","max-video-preview":"max-video-preview:-1"},"canonical":"https:\/\/apuntesdesanluis.com\/index.php\/2023\/12\/16\/primeros-rechazos-al-desdoblamiento-salarial-de-empleados-publicos\/","og_locale":"es_ES","og_type":"article","og_title":"PRIMEROS RECHAZOS AL DESDOBLAMIENTO SALARIAL DE EMPLEADOS P\u00daBLICOS - Apuntes de San Luis","og_description":"Tras el informe que dio a conocer el gobernador Claudio Poggi el jueves, afirmando que...","og_url":"https:\/\/apuntesdesanluis.com\/index.php\/2023\/12\/16\/primeros-rechazos-al-desdoblamiento-salarial-de-empleados-publicos\/","og_site_name":"Apuntes de San Luis","article_published_time":"2023-12-16T03:30:14+00:00","article_modified_time":"2023-12-16T03:31:46+00:00","og_image":[{"width":773,"height":450,"url":"https:\/\/apuntesdesanluis.com\/wp-content\/uploads\/2023\/12\/movilizacion-en-san-luis.mp4.png","type":"image\/png"}],"author":"apuntesdesanluis.com","twitter_card":"summary_large_image","twitter_misc":{"Escrito por":"apuntesdesanluis.com","Tiempo de lectura":"4 minutos"},"schema":{"@context":"https:\/\/schema.org","@graph":[{"@type":"Article","@id":"https:\/\/apuntesdesanluis.com\/index.php\/2023\/12\/16\/primeros-rechazos-al-desdoblamiento-salarial-de-empleados-publicos\/#article","isPartOf":{"@id":"https:\/\/apuntesdesanluis.com\/index.php\/2023\/12\/16\/primeros-rechazos-al-desdoblamiento-salarial-de-empleados-publicos\/"},"author":{"name":"apuntesdesanluis.com","@id":"https:\/\/apuntesdesanluis.com\/#\/schema\/person\/b55151d52296fcce64d1a72538a70b90"},"headline":"PRIMEROS RECHAZOS AL DESDOBLAMIENTO SALARIAL DE EMPLEADOS P\u00daBLICOS","datePublished":"2023-12-16T03:30:14+00:00","dateModified":"2023-12-16T03:31:46+00:00","mainEntityOfPage":{"@id":"https:\/\/apuntesdesanluis.com\/index.php\/2023\/12\/16\/primeros-rechazos-al-desdoblamiento-salarial-de-empleados-publicos\/"},"wordCount":506,"publisher":{"@id":"https:\/\/apuntesdesanluis.com\/#\/schema\/person\/b55151d52296fcce64d1a72538a70b90"},"image":{"@id":"https:\/\/apuntesdesanluis.com\/index.php\/2023\/12\/16\/primeros-rechazos-al-desdoblamiento-salarial-de-empleados-publicos\/#primaryimage"},"thumbnailUrl":"https:\/\/apuntesdesanluis.com\/wp-content\/uploads\/2023\/12\/movilizacion-en-san-luis.mp4.png","articleSection":["Ciudad\/Provincia"],"inLanguage":"es-AR"},{"@type":"WebPage","@id":"https:\/\/apuntesdesanluis.com\/index.php\/2023\/12\/16\/primeros-rechazos-al-desdoblamiento-salarial-de-empleados-publicos\/","url":"https:\/\/apuntesdesanluis.com\/index.php\/2023\/12\/16\/primeros-rechazos-al-desdoblamiento-salarial-de-empleados-publicos\/","name":"PRIMEROS RECHAZOS AL DESDOBLAMIENTO SALARIAL DE EMPLEADOS P\u00daBLICOS - Apuntes de San Luis","isPartOf":{"@id":"https:\/\/apuntesdesanluis.com\/#website"},"primaryImageOfPage":{"@id":"https:\/\/apuntesdesanluis.com\/index.php\/2023\/12\/16\/primeros-rechazos-al-desdoblamiento-salarial-de-empleados-publicos\/#primaryimage"},"image":{"@id":"https:\/\/apuntesdesanluis.com\/index.php\/2023\/12\/16\/primeros-rechazos-al-desdoblamiento-salarial-de-empleados-publicos\/#primaryimage"},"thumbnailUrl":"https:\/\/apuntesdesanluis.com\/wp-content\/uploads\/2023\/12\/movilizacion-en-san-luis.mp4.png","datePublished":"2023-12-16T03:30:14+00:00","dateModified":"2023-12-16T03:31:46+00:00","breadcrumb":{"@id":"https:\/\/apuntesdesanluis.com\/index.php\/2023\/12\/16\/primeros-rechazos-al-desdoblamiento-salarial-de-empleados-publicos\/#breadcrumb"},"inLanguage":"es-AR","potentialAction":[{"@type":"ReadAction","target":["https:\/\/apuntesdesanluis.com\/index.php\/2023\/12\/16\/primeros-rechazos-al-desdoblamiento-salarial-de-empleados-publicos\/"]}]},{"@type":"ImageObject","inLanguage":"es-AR","@id":"https:\/\/apuntesdesanluis.com\/index.php\/2023\/12\/16\/primeros-rechazos-al-desdoblamiento-salarial-de-empleados-publicos\/#primaryimage","url":"https:\/\/apuntesdesanluis.com\/wp-content\/uploads\/2023\/12\/movilizacion-en-san-luis.mp4.png","contentUrl":"https:\/\/apuntesdesanluis.com\/wp-content\/uploads\/2023\/12\/movilizacion-en-san-luis.mp4.png","width":773,"height":450},{"@type":"BreadcrumbList","@id":"https:\/\/apuntesdesanluis.com\/index.php\/2023\/12\/16\/primeros-rechazos-al-desdoblamiento-salarial-de-empleados-publicos\/#breadcrumb","itemListElement":[{"@type":"ListItem","position":1,"name":"Inicio","item":"https:\/\/apuntesdesanluis.com\/"},{"@type":"ListItem","position":2,"name":"PRIMEROS RECHAZOS AL DESDOBLAMIENTO SALARIAL DE EMPLEADOS P\u00daBLICOS"}]},{"@type":"WebSite","@id":"https:\/\/apuntesdesanluis.com\/#website","url":"https:\/\/apuntesdesanluis.com\/","name":"Apuntes de San Luis","description":"","publisher":{"@id":"https:\/\/apuntesdesanluis.com\/#\/schema\/person\/b55151d52296fcce64d1a72538a70b90"},"potentialAction":[{"@type":"SearchAction","target":{"@type":"EntryPoint","urlTemplate":"https:\/\/apuntesdesanluis.com\/?s={search_term_string}"},"query-input":{"@type":"PropertyValueSpecification","valueRequired":true,"valueName":"search_term_string"}}],"inLanguage":"es-AR"},{"@type":["Person","Organization"],"@id":"https:\/\/apuntesdesanluis.com\/#\/schema\/person\/b55151d52296fcce64d1a72538a70b90","name":"apuntesdesanluis.com","image":{"@type":"ImageObject","inLanguage":"es-AR","@id":"https:\/\/apuntesdesanluis.com\/#\/schema\/person\/image\/","url":"https:\/\/apuntesdesanluis.com\/wp-content\/uploads\/2023\/07\/cropped-apuntesdesanluis.png","contentUrl":"https:\/\/apuntesdesanluis.com\/wp-content\/uploads\/2023\/07\/cropped-apuntesdesanluis.png","width":450,"height":112,"caption":"apuntesdesanluis.com"},"logo":{"@id":"https:\/\/apuntesdesanluis.com\/#\/schema\/person\/image\/"},"sameAs":["https:\/\/apuntesdesanluis.com"],"url":"https:\/\/apuntesdesanluis.com\/index.php\/author\/apuntesdesanluis-com\/"}]}},"featured_image_urls":{"full":["https:\/\/apuntesdesanluis.com\/wp-content\/uploads\/2023\/12\/movilizacion-en-san-luis.mp4.png",773,450,false],"thumbnail":["https:\/\/apuntesdesanluis.com\/wp-content\/uploads\/2023\/12\/movilizacion-en-san-luis.mp4-150x150.png",150,150,true],"medium":["https:\/\/apuntesdesanluis.com\/wp-content\/uploads\/2023\/12\/movilizacion-en-san-luis.mp4-300x175.png",300,175,true],"medium_large":["https:\/\/apuntesdesanluis.com\/wp-content\/uploads\/2023\/12\/movilizacion-en-san-luis.mp4-768x447.png",640,373,true],"large":["https:\/\/apuntesdesanluis.com\/wp-content\/uploads\/2023\/12\/movilizacion-en-san-luis.mp4.png",640,373,false],"1536x1536":["https:\/\/apuntesdesanluis.com\/wp-content\/uploads\/2023\/12\/movilizacion-en-san-luis.mp4.png",773,450,false],"2048x2048":["https:\/\/apuntesdesanluis.com\/wp-content\/uploads\/2023\/12\/movilizacion-en-san-luis.mp4.png",773,450,false],"newsever-slider-full":["https:\/\/apuntesdesanluis.com\/wp-content\/uploads\/2023\/12\/movilizacion-en-san-luis.mp4.png",773,450,false],"newsever-featured":["https:\/\/apuntesdesanluis.com\/wp-content\/uploads\/2023\/12\/movilizacion-en-san-luis.mp4.png",773,450,false],"newsever-medium":["https:\/\/apuntesdesanluis.com\/wp-content\/uploads\/2023\/12\/movilizacion-en-san-luis.mp4-720x450.png",720,450,true]},"author_info":{"display_name":"apuntesdesanluis.com","author_link":"https:\/\/apuntesdesanluis.com\/index.php\/author\/apuntesdesanluis-com\/"},"category_info":"<a href=\"https:\/\/apuntesdesanluis.com\/index.php\/category\/ciudad-provincia\/\" rel=\"category tag\">Ciudad\/Provincia<\/a>","tag_info":"Ciudad\/Provincia","comment_count":"0","_links":{"self":[{"href":"https:\/\/apuntesdesanluis.com\/index.php\/wp-json\/wp\/v2\/posts\/8427","targetHints":{"allow":["GET"]}}],"collection":[{"href":"https:\/\/apuntesdesanluis.com\/index.php\/wp-json\/wp\/v2\/posts"}],"about":[{"href":"https:\/\/apuntesdesanluis.com\/index.php\/wp-json\/wp\/v2\/types\/post"}],"author":[{"embeddable":true,"href":"https:\/\/apuntesdesanluis.com\/index.php\/wp-json\/wp\/v2\/users\/1"}],"replies":[{"embeddable":true,"href":"https:\/\/apuntesdesanluis.com\/index.php\/wp-json\/wp\/v2\/comments?post=8427"}],"version-history":[{"count":2,"href":"https:\/\/apuntesdesanluis.com\/index.php\/wp-json\/wp\/v2\/posts\/8427\/revisions"}],"predecessor-version":[{"id":8438,"href":"https:\/\/apuntesdesanluis.com\/index.php\/wp-json\/wp\/v2\/posts\/8427\/revisions\/8438"}],"wp:featuredmedia":[{"embeddable":true,"href":"https:\/\/apuntesdesanluis.com\/index.php\/wp-json\/wp\/v2\/media\/8428"}],"wp:attachment":[{"href":"https:\/\/apuntesdesanluis.com\/index.php\/wp-json\/wp\/v2\/media?parent=8427"}],"wp:term":[{"taxonomy":"category","embeddable":true,"href":"https:\/\/apuntesdesanluis.com\/index.php\/wp-json\/wp\/v2\/categories?post=8427"},{"taxonomy":"post_tag","embeddable":true,"href":"https:\/\/apuntesdesanluis.com\/index.php\/wp-json\/wp\/v2\/tags?post=8427"}],"curies":[{"name":"wp","href":"https:\/\/api.w.org\/{rel}","templated":true}]}}