{"id":845,"date":"2023-08-01T14:18:16","date_gmt":"2023-08-01T17:18:16","guid":{"rendered":"https:\/\/apuntesdesanluis.com\/?p=845"},"modified":"2023-08-01T14:18:16","modified_gmt":"2023-08-01T17:18:16","slug":"sube-la-venta-de-autos-cuales-son-los-modelos-mas-vendidos-en-lo-que-va-del-ano","status":"publish","type":"post","link":"https:\/\/apuntesdesanluis.com\/index.php\/2023\/08\/01\/sube-la-venta-de-autos-cuales-son-los-modelos-mas-vendidos-en-lo-que-va-del-ano\/","title":{"rendered":"SUBE LA VENTA DE AUTOS: CU\u00c1LES SON LOS MODELOS M\u00c1S VENDIDOS EN LO QUE VA DEL A\u00d1O"},"content":{"rendered":"<h3>El mes pasado se patentaron 43.641 veh\u00edculos en Argentina. Un 8.8% m\u00e1s que en junio 2023 y un 12.1% m\u00e1s que en julio de 2022. El acumulado del a\u00f1o crece 12.3%.<\/h3>\n<h3>Toyota fue la marca que m\u00e1s vendi\u00f3 por gran diferencia contra su competidor m\u00e1s cercano Volkswagen. Se patentaron 8.987 veh\u00edculos de la marca japonesa contra 4.936 de la marca alemana. El \u00faltimo escal\u00f3n del podio mensual lo ocup\u00f3 Renault con un total de 4.292 unidades patentadas entre todos sus modelos. Muy cerca qued\u00f3 FIAT con 4218.<\/h3>\n<h3>En el acumulado del a\u00f1o se repiten tres de estas cuatro marcas. Toyota registra un total de 58.802 patentamientos desde el 1 de enero de este a\u00f1o. Tambi\u00e9n, al igual que sucede en el ranking mensual, ostenta mucha diferencia contra sus competidores. Segunda queda FIAT con 36.331 unidades vendidas este 2023 y el podio anual lo cierra VW con 32.051.<\/h3>\n<h3><strong>Toyota<\/strong> extiende su hegemon\u00eda tambi\u00e9n al segmento de los comerciales livianos, es decir las camionetas. La Hilux vendi\u00f3 18.169 unidades en lo que va de este 2023, seguida muy de cerca por la chata de VW. Ya se patentaron 16.695 Amarok en estos primero siete meses. El \u00faltimo escal\u00f3n de este segmento lo ocupa Ford. Ranger, la camioneta de la marca del \u00f3valo, vendi\u00f3 13.331 unidades.<\/h3>\n<h3>Distinto es lo que sucede en el segmento autos, donde FIAT Cronos es el m\u00e1s patentado en lo que va del a\u00f1o con 30.541 patentamientos, seguido por el Peugeot 208 con 25.606 unidades vendidas. Tercero contin\u00faa el m\u00e1s peque\u00f1o de la familia Toyota. El Etios ya vendi\u00f3 15.494 unidades este a\u00f1o.<\/h3>\n<h3>Julio fue el \u00faltimo mes antes de la entrada en vigencia del nuevo impuesto a los autos y a las autopartes en la Argentina. El nuevo Impuesto P.A.I.S. (&#8220;Para una Argentina Inclusiva y Solidaria&#8221;) fue creado por el ministro de Econom\u00eda y precandidato a presidente, Sergio Massa. Ya comenz\u00f3 a impactar en los precios de los autos de todos los segmentos, excepto en los modelos m\u00e1s lujosos.<\/h3>\n","protected":false},"excerpt":{"rendered":"<p>El mes pasado se patentaron 43.641 veh\u00edculos en Argentina. Un 8.8% m\u00e1s que en junio&#8230;<\/p>\n","protected":false},"author":1,"featured_media":846,"comment_status":"closed","ping_status":"closed","sticky":false,"template":"","format":"standard","meta":{"footnotes":""},"categories":[5],"tags":[],"class_list":["post-845","post","type-post","status-publish","format-standard","has-post-thumbnail","hentry","category-nacionales-internacionales"],"yoast_head":"<!-- This site is optimized with the Yoast SEO plugin v26.1.1 - https:\/\/yoast.com\/wordpress\/plugins\/seo\/ -->\n<title>SUBE LA VENTA DE AUTOS: CU\u00c1LES SON LOS MODELOS M\u00c1S VENDIDOS EN LO QUE VA DEL A\u00d1O - Apuntes de San Luis<\/title>\n<meta name=\"robots\" content=\"index, follow, max-snippet:-1, max-image-preview:large, max-video-preview:-1\" \/>\n<link rel=\"canonical\" href=\"https:\/\/apuntesdesanluis.com\/index.php\/2023\/08\/01\/sube-la-venta-de-autos-cuales-son-los-modelos-mas-vendidos-en-lo-que-va-del-ano\/\" \/>\n<meta property=\"og:locale\" content=\"es_ES\" \/>\n<meta property=\"og:type\" content=\"article\" \/>\n<meta property=\"og:title\" content=\"SUBE LA VENTA DE AUTOS: CU\u00c1LES SON LOS MODELOS M\u00c1S VENDIDOS EN LO QUE VA DEL A\u00d1O - Apuntes de San Luis\" \/>\n<meta property=\"og:description\" content=\"El mes pasado se patentaron 43.641 veh\u00edculos en Argentina. Un 8.8% m\u00e1s que en junio...\" \/>\n<meta property=\"og:url\" content=\"https:\/\/apuntesdesanluis.com\/index.php\/2023\/08\/01\/sube-la-venta-de-autos-cuales-son-los-modelos-mas-vendidos-en-lo-que-va-del-ano\/\" \/>\n<meta property=\"og:site_name\" content=\"Apuntes de San Luis\" \/>\n<meta property=\"article:published_time\" content=\"2023-08-01T17:18:16+00:00\" \/>\n<meta property=\"og:image\" content=\"https:\/\/apuntesdesanluis.com\/wp-content\/uploads\/2023\/08\/toyota-hilux.png\" \/>\n\t<meta property=\"og:image:width\" content=\"600\" \/>\n\t<meta property=\"og:image:height\" content=\"366\" \/>\n\t<meta property=\"og:image:type\" content=\"image\/png\" \/>\n<meta name=\"author\" content=\"apuntesdesanluis.com\" \/>\n<meta name=\"twitter:card\" content=\"summary_large_image\" \/>\n<meta name=\"twitter:label1\" content=\"Escrito por\" \/>\n\t<meta name=\"twitter:data1\" content=\"apuntesdesanluis.com\" \/>\n\t<meta name=\"twitter:label2\" content=\"Tiempo de lectura\" \/>\n\t<meta name=\"twitter:data2\" content=\"2 minutos\" \/>\n<script type=\"application\/ld+json\" class=\"yoast-schema-graph\">{\"@context\":\"https:\/\/schema.org\",\"@graph\":[{\"@type\":\"Article\",\"@id\":\"https:\/\/apuntesdesanluis.com\/index.php\/2023\/08\/01\/sube-la-venta-de-autos-cuales-son-los-modelos-mas-vendidos-en-lo-que-va-del-ano\/#article\",\"isPartOf\":{\"@id\":\"https:\/\/apuntesdesanluis.com\/index.php\/2023\/08\/01\/sube-la-venta-de-autos-cuales-son-los-modelos-mas-vendidos-en-lo-que-va-del-ano\/\"},\"author\":{\"name\":\"apuntesdesanluis.com\",\"@id\":\"https:\/\/apuntesdesanluis.com\/#\/schema\/person\/b55151d52296fcce64d1a72538a70b90\"},\"headline\":\"SUBE LA VENTA DE AUTOS: CU\u00c1LES SON LOS MODELOS M\u00c1S VENDIDOS EN LO QUE VA DEL A\u00d1O\",\"datePublished\":\"2023-08-01T17:18:16+00:00\",\"mainEntityOfPage\":{\"@id\":\"https:\/\/apuntesdesanluis.com\/index.php\/2023\/08\/01\/sube-la-venta-de-autos-cuales-son-los-modelos-mas-vendidos-en-lo-que-va-del-ano\/\"},\"wordCount\":353,\"publisher\":{\"@id\":\"https:\/\/apuntesdesanluis.com\/#\/schema\/person\/b55151d52296fcce64d1a72538a70b90\"},\"image\":{\"@id\":\"https:\/\/apuntesdesanluis.com\/index.php\/2023\/08\/01\/sube-la-venta-de-autos-cuales-son-los-modelos-mas-vendidos-en-lo-que-va-del-ano\/#primaryimage\"},\"thumbnailUrl\":\"https:\/\/apuntesdesanluis.com\/wp-content\/uploads\/2023\/08\/toyota-hilux.png\",\"articleSection\":[\"Nacionales\/Internacionales\"],\"inLanguage\":\"es-AR\"},{\"@type\":\"WebPage\",\"@id\":\"https:\/\/apuntesdesanluis.com\/index.php\/2023\/08\/01\/sube-la-venta-de-autos-cuales-son-los-modelos-mas-vendidos-en-lo-que-va-del-ano\/\",\"url\":\"https:\/\/apuntesdesanluis.com\/index.php\/2023\/08\/01\/sube-la-venta-de-autos-cuales-son-los-modelos-mas-vendidos-en-lo-que-va-del-ano\/\",\"name\":\"SUBE LA VENTA DE AUTOS: CU\u00c1LES SON LOS MODELOS M\u00c1S VENDIDOS EN LO QUE VA DEL A\u00d1O - Apuntes de San Luis\",\"isPartOf\":{\"@id\":\"https:\/\/apuntesdesanluis.com\/#website\"},\"primaryImageOfPage\":{\"@id\":\"https:\/\/apuntesdesanluis.com\/index.php\/2023\/08\/01\/sube-la-venta-de-autos-cuales-son-los-modelos-mas-vendidos-en-lo-que-va-del-ano\/#primaryimage\"},\"image\":{\"@id\":\"https:\/\/apuntesdesanluis.com\/index.php\/2023\/08\/01\/sube-la-venta-de-autos-cuales-son-los-modelos-mas-vendidos-en-lo-que-va-del-ano\/#primaryimage\"},\"thumbnailUrl\":\"https:\/\/apuntesdesanluis.com\/wp-content\/uploads\/2023\/08\/toyota-hilux.png\",\"datePublished\":\"2023-08-01T17:18:16+00:00\",\"breadcrumb\":{\"@id\":\"https:\/\/apuntesdesanluis.com\/index.php\/2023\/08\/01\/sube-la-venta-de-autos-cuales-son-los-modelos-mas-vendidos-en-lo-que-va-del-ano\/#breadcrumb\"},\"inLanguage\":\"es-AR\",\"potentialAction\":[{\"@type\":\"ReadAction\",\"target\":[\"https:\/\/apuntesdesanluis.com\/index.php\/2023\/08\/01\/sube-la-venta-de-autos-cuales-son-los-modelos-mas-vendidos-en-lo-que-va-del-ano\/\"]}]},{\"@type\":\"ImageObject\",\"inLanguage\":\"es-AR\",\"@id\":\"https:\/\/apuntesdesanluis.com\/index.php\/2023\/08\/01\/sube-la-venta-de-autos-cuales-son-los-modelos-mas-vendidos-en-lo-que-va-del-ano\/#primaryimage\",\"url\":\"https:\/\/apuntesdesanluis.com\/wp-content\/uploads\/2023\/08\/toyota-hilux.png\",\"contentUrl\":\"https:\/\/apuntesdesanluis.com\/wp-content\/uploads\/2023\/08\/toyota-hilux.png\",\"width\":600,\"height\":366},{\"@type\":\"BreadcrumbList\",\"@id\":\"https:\/\/apuntesdesanluis.com\/index.php\/2023\/08\/01\/sube-la-venta-de-autos-cuales-son-los-modelos-mas-vendidos-en-lo-que-va-del-ano\/#breadcrumb\",\"itemListElement\":[{\"@type\":\"ListItem\",\"position\":1,\"name\":\"Inicio\",\"item\":\"https:\/\/apuntesdesanluis.com\/\"},{\"@type\":\"ListItem\",\"position\":2,\"name\":\"SUBE LA VENTA DE AUTOS: CU\u00c1LES SON LOS MODELOS M\u00c1S VENDIDOS EN LO QUE VA DEL A\u00d1O\"}]},{\"@type\":\"WebSite\",\"@id\":\"https:\/\/apuntesdesanluis.com\/#website\",\"url\":\"https:\/\/apuntesdesanluis.com\/\",\"name\":\"Apuntes de San Luis\",\"description\":\"\",\"publisher\":{\"@id\":\"https:\/\/apuntesdesanluis.com\/#\/schema\/person\/b55151d52296fcce64d1a72538a70b90\"},\"potentialAction\":[{\"@type\":\"SearchAction\",\"target\":{\"@type\":\"EntryPoint\",\"urlTemplate\":\"https:\/\/apuntesdesanluis.com\/?s={search_term_string}\"},\"query-input\":{\"@type\":\"PropertyValueSpecification\",\"valueRequired\":true,\"valueName\":\"search_term_string\"}}],\"inLanguage\":\"es-AR\"},{\"@type\":[\"Person\",\"Organization\"],\"@id\":\"https:\/\/apuntesdesanluis.com\/#\/schema\/person\/b55151d52296fcce64d1a72538a70b90\",\"name\":\"apuntesdesanluis.com\",\"image\":{\"@type\":\"ImageObject\",\"inLanguage\":\"es-AR\",\"@id\":\"https:\/\/apuntesdesanluis.com\/#\/schema\/person\/image\/\",\"url\":\"https:\/\/apuntesdesanluis.com\/wp-content\/uploads\/2023\/07\/cropped-apuntesdesanluis.png\",\"contentUrl\":\"https:\/\/apuntesdesanluis.com\/wp-content\/uploads\/2023\/07\/cropped-apuntesdesanluis.png\",\"width\":450,\"height\":112,\"caption\":\"apuntesdesanluis.com\"},\"logo\":{\"@id\":\"https:\/\/apuntesdesanluis.com\/#\/schema\/person\/image\/\"},\"sameAs\":[\"https:\/\/apuntesdesanluis.com\"],\"url\":\"https:\/\/apuntesdesanluis.com\/index.php\/author\/apuntesdesanluis-com\/\"}]}<\/script>\n<!-- \/ Yoast SEO plugin. -->","yoast_head_json":{"title":"SUBE LA VENTA DE AUTOS: CU\u00c1LES SON LOS MODELOS M\u00c1S VENDIDOS EN LO QUE VA DEL A\u00d1O - Apuntes de San Luis","robots":{"index":"index","follow":"follow","max-snippet":"max-snippet:-1","max-image-preview":"max-image-preview:large","max-video-preview":"max-video-preview:-1"},"canonical":"https:\/\/apuntesdesanluis.com\/index.php\/2023\/08\/01\/sube-la-venta-de-autos-cuales-son-los-modelos-mas-vendidos-en-lo-que-va-del-ano\/","og_locale":"es_ES","og_type":"article","og_title":"SUBE LA VENTA DE AUTOS: CU\u00c1LES SON LOS MODELOS M\u00c1S VENDIDOS EN LO QUE VA DEL A\u00d1O - Apuntes de San Luis","og_description":"El mes pasado se patentaron 43.641 veh\u00edculos en Argentina. Un 8.8% m\u00e1s que en junio...","og_url":"https:\/\/apuntesdesanluis.com\/index.php\/2023\/08\/01\/sube-la-venta-de-autos-cuales-son-los-modelos-mas-vendidos-en-lo-que-va-del-ano\/","og_site_name":"Apuntes de San Luis","article_published_time":"2023-08-01T17:18:16+00:00","og_image":[{"width":600,"height":366,"url":"https:\/\/apuntesdesanluis.com\/wp-content\/uploads\/2023\/08\/toyota-hilux.png","type":"image\/png"}],"author":"apuntesdesanluis.com","twitter_card":"summary_large_image","twitter_misc":{"Escrito por":"apuntesdesanluis.com","Tiempo de lectura":"2 minutos"},"schema":{"@context":"https:\/\/schema.org","@graph":[{"@type":"Article","@id":"https:\/\/apuntesdesanluis.com\/index.php\/2023\/08\/01\/sube-la-venta-de-autos-cuales-son-los-modelos-mas-vendidos-en-lo-que-va-del-ano\/#article","isPartOf":{"@id":"https:\/\/apuntesdesanluis.com\/index.php\/2023\/08\/01\/sube-la-venta-de-autos-cuales-son-los-modelos-mas-vendidos-en-lo-que-va-del-ano\/"},"author":{"name":"apuntesdesanluis.com","@id":"https:\/\/apuntesdesanluis.com\/#\/schema\/person\/b55151d52296fcce64d1a72538a70b90"},"headline":"SUBE LA VENTA DE AUTOS: CU\u00c1LES SON LOS MODELOS M\u00c1S VENDIDOS EN LO QUE VA DEL A\u00d1O","datePublished":"2023-08-01T17:18:16+00:00","mainEntityOfPage":{"@id":"https:\/\/apuntesdesanluis.com\/index.php\/2023\/08\/01\/sube-la-venta-de-autos-cuales-son-los-modelos-mas-vendidos-en-lo-que-va-del-ano\/"},"wordCount":353,"publisher":{"@id":"https:\/\/apuntesdesanluis.com\/#\/schema\/person\/b55151d52296fcce64d1a72538a70b90"},"image":{"@id":"https:\/\/apuntesdesanluis.com\/index.php\/2023\/08\/01\/sube-la-venta-de-autos-cuales-son-los-modelos-mas-vendidos-en-lo-que-va-del-ano\/#primaryimage"},"thumbnailUrl":"https:\/\/apuntesdesanluis.com\/wp-content\/uploads\/2023\/08\/toyota-hilux.png","articleSection":["Nacionales\/Internacionales"],"inLanguage":"es-AR"},{"@type":"WebPage","@id":"https:\/\/apuntesdesanluis.com\/index.php\/2023\/08\/01\/sube-la-venta-de-autos-cuales-son-los-modelos-mas-vendidos-en-lo-que-va-del-ano\/","url":"https:\/\/apuntesdesanluis.com\/index.php\/2023\/08\/01\/sube-la-venta-de-autos-cuales-son-los-modelos-mas-vendidos-en-lo-que-va-del-ano\/","name":"SUBE LA VENTA DE AUTOS: CU\u00c1LES SON LOS MODELOS M\u00c1S VENDIDOS EN LO QUE VA DEL A\u00d1O - Apuntes de San Luis","isPartOf":{"@id":"https:\/\/apuntesdesanluis.com\/#website"},"primaryImageOfPage":{"@id":"https:\/\/apuntesdesanluis.com\/index.php\/2023\/08\/01\/sube-la-venta-de-autos-cuales-son-los-modelos-mas-vendidos-en-lo-que-va-del-ano\/#primaryimage"},"image":{"@id":"https:\/\/apuntesdesanluis.com\/index.php\/2023\/08\/01\/sube-la-venta-de-autos-cuales-son-los-modelos-mas-vendidos-en-lo-que-va-del-ano\/#primaryimage"},"thumbnailUrl":"https:\/\/apuntesdesanluis.com\/wp-content\/uploads\/2023\/08\/toyota-hilux.png","datePublished":"2023-08-01T17:18:16+00:00","breadcrumb":{"@id":"https:\/\/apuntesdesanluis.com\/index.php\/2023\/08\/01\/sube-la-venta-de-autos-cuales-son-los-modelos-mas-vendidos-en-lo-que-va-del-ano\/#breadcrumb"},"inLanguage":"es-AR","potentialAction":[{"@type":"ReadAction","target":["https:\/\/apuntesdesanluis.com\/index.php\/2023\/08\/01\/sube-la-venta-de-autos-cuales-son-los-modelos-mas-vendidos-en-lo-que-va-del-ano\/"]}]},{"@type":"ImageObject","inLanguage":"es-AR","@id":"https:\/\/apuntesdesanluis.com\/index.php\/2023\/08\/01\/sube-la-venta-de-autos-cuales-son-los-modelos-mas-vendidos-en-lo-que-va-del-ano\/#primaryimage","url":"https:\/\/apuntesdesanluis.com\/wp-content\/uploads\/2023\/08\/toyota-hilux.png","contentUrl":"https:\/\/apuntesdesanluis.com\/wp-content\/uploads\/2023\/08\/toyota-hilux.png","width":600,"height":366},{"@type":"BreadcrumbList","@id":"https:\/\/apuntesdesanluis.com\/index.php\/2023\/08\/01\/sube-la-venta-de-autos-cuales-son-los-modelos-mas-vendidos-en-lo-que-va-del-ano\/#breadcrumb","itemListElement":[{"@type":"ListItem","position":1,"name":"Inicio","item":"https:\/\/apuntesdesanluis.com\/"},{"@type":"ListItem","position":2,"name":"SUBE LA VENTA DE AUTOS: CU\u00c1LES SON LOS MODELOS M\u00c1S VENDIDOS EN LO QUE VA DEL A\u00d1O"}]},{"@type":"WebSite","@id":"https:\/\/apuntesdesanluis.com\/#website","url":"https:\/\/apuntesdesanluis.com\/","name":"Apuntes de San Luis","description":"","publisher":{"@id":"https:\/\/apuntesdesanluis.com\/#\/schema\/person\/b55151d52296fcce64d1a72538a70b90"},"potentialAction":[{"@type":"SearchAction","target":{"@type":"EntryPoint","urlTemplate":"https:\/\/apuntesdesanluis.com\/?s={search_term_string}"},"query-input":{"@type":"PropertyValueSpecification","valueRequired":true,"valueName":"search_term_string"}}],"inLanguage":"es-AR"},{"@type":["Person","Organization"],"@id":"https:\/\/apuntesdesanluis.com\/#\/schema\/person\/b55151d52296fcce64d1a72538a70b90","name":"apuntesdesanluis.com","image":{"@type":"ImageObject","inLanguage":"es-AR","@id":"https:\/\/apuntesdesanluis.com\/#\/schema\/person\/image\/","url":"https:\/\/apuntesdesanluis.com\/wp-content\/uploads\/2023\/07\/cropped-apuntesdesanluis.png","contentUrl":"https:\/\/apuntesdesanluis.com\/wp-content\/uploads\/2023\/07\/cropped-apuntesdesanluis.png","width":450,"height":112,"caption":"apuntesdesanluis.com"},"logo":{"@id":"https:\/\/apuntesdesanluis.com\/#\/schema\/person\/image\/"},"sameAs":["https:\/\/apuntesdesanluis.com"],"url":"https:\/\/apuntesdesanluis.com\/index.php\/author\/apuntesdesanluis-com\/"}]}},"featured_image_urls":{"full":["https:\/\/apuntesdesanluis.com\/wp-content\/uploads\/2023\/08\/toyota-hilux.png",600,366,false],"thumbnail":["https:\/\/apuntesdesanluis.com\/wp-content\/uploads\/2023\/08\/toyota-hilux-150x150.png",150,150,true],"medium":["https:\/\/apuntesdesanluis.com\/wp-content\/uploads\/2023\/08\/toyota-hilux-300x183.png",300,183,true],"medium_large":["https:\/\/apuntesdesanluis.com\/wp-content\/uploads\/2023\/08\/toyota-hilux.png",600,366,false],"large":["https:\/\/apuntesdesanluis.com\/wp-content\/uploads\/2023\/08\/toyota-hilux.png",600,366,false],"1536x1536":["https:\/\/apuntesdesanluis.com\/wp-content\/uploads\/2023\/08\/toyota-hilux.png",600,366,false],"2048x2048":["https:\/\/apuntesdesanluis.com\/wp-content\/uploads\/2023\/08\/toyota-hilux.png",600,366,false],"newsever-slider-full":["https:\/\/apuntesdesanluis.com\/wp-content\/uploads\/2023\/08\/toyota-hilux.png",600,366,false],"newsever-featured":["https:\/\/apuntesdesanluis.com\/wp-content\/uploads\/2023\/08\/toyota-hilux.png",600,366,false],"newsever-medium":["https:\/\/apuntesdesanluis.com\/wp-content\/uploads\/2023\/08\/toyota-hilux.png",600,366,false]},"author_info":{"display_name":"apuntesdesanluis.com","author_link":"https:\/\/apuntesdesanluis.com\/index.php\/author\/apuntesdesanluis-com\/"},"category_info":"<a href=\"https:\/\/apuntesdesanluis.com\/index.php\/category\/nacionales-internacionales\/\" rel=\"category tag\">Nacionales\/Internacionales<\/a>","tag_info":"Nacionales\/Internacionales","comment_count":"0","_links":{"self":[{"href":"https:\/\/apuntesdesanluis.com\/index.php\/wp-json\/wp\/v2\/posts\/845","targetHints":{"allow":["GET"]}}],"collection":[{"href":"https:\/\/apuntesdesanluis.com\/index.php\/wp-json\/wp\/v2\/posts"}],"about":[{"href":"https:\/\/apuntesdesanluis.com\/index.php\/wp-json\/wp\/v2\/types\/post"}],"author":[{"embeddable":true,"href":"https:\/\/apuntesdesanluis.com\/index.php\/wp-json\/wp\/v2\/users\/1"}],"replies":[{"embeddable":true,"href":"https:\/\/apuntesdesanluis.com\/index.php\/wp-json\/wp\/v2\/comments?post=845"}],"version-history":[{"count":1,"href":"https:\/\/apuntesdesanluis.com\/index.php\/wp-json\/wp\/v2\/posts\/845\/revisions"}],"predecessor-version":[{"id":847,"href":"https:\/\/apuntesdesanluis.com\/index.php\/wp-json\/wp\/v2\/posts\/845\/revisions\/847"}],"wp:featuredmedia":[{"embeddable":true,"href":"https:\/\/apuntesdesanluis.com\/index.php\/wp-json\/wp\/v2\/media\/846"}],"wp:attachment":[{"href":"https:\/\/apuntesdesanluis.com\/index.php\/wp-json\/wp\/v2\/media?parent=845"}],"wp:term":[{"taxonomy":"category","embeddable":true,"href":"https:\/\/apuntesdesanluis.com\/index.php\/wp-json\/wp\/v2\/categories?post=845"},{"taxonomy":"post_tag","embeddable":true,"href":"https:\/\/apuntesdesanluis.com\/index.php\/wp-json\/wp\/v2\/tags?post=845"}],"curies":[{"name":"wp","href":"https:\/\/api.w.org\/{rel}","templated":true}]}}