{"id":8493,"date":"2023-12-17T09:58:37","date_gmt":"2023-12-17T12:58:37","guid":{"rendered":"https:\/\/apuntesdesanluis.com\/?p=8493"},"modified":"2023-12-17T09:58:37","modified_gmt":"2023-12-17T12:58:37","slug":"retiro-obligatorio-a-un-comisario-general-y-denuncia-contra-marcelo-amitrano","status":"publish","type":"post","link":"https:\/\/apuntesdesanluis.com\/index.php\/2023\/12\/17\/retiro-obligatorio-a-un-comisario-general-y-denuncia-contra-marcelo-amitrano\/","title":{"rendered":"RETIRO OBLIGATORIO A UN COMISARIO GENERAL Y DENUNCIA CONTRA MARCELO AMITRANO"},"content":{"rendered":"<h3>La investigaci\u00f3n se inici\u00f3 por el faltante de cinco veh\u00edculos pertenecientes al Estado provincial y el uso particular que se le dio a uno de ellos. El jefe policial dur\u00f3 3 d\u00edas en el cargo.<\/h3>\n<h3>En una investigaci\u00f3n coordinada entre diferentes ministerios y \u00e1reas del gobierno de la provincia de San Luis, se dispuso el pase a disponibilidad y retiro obligatorio en forma inmediata de la polic\u00eda de la provincia, dej\u00e1ndolo sujeto a disposici\u00f3n administrativa y judicial, al recientemente asumido en la Plana Mayor de la instituci\u00f3n, a cargo de la Direcci\u00f3n General de Polic\u00eda Caminera y Seguridad Vial, Crio. Gral. <strong>Marcelo Balbo<\/strong>, y la realizaci\u00f3n de una denuncia penal contra el exministro de Producci\u00f3n, <strong>Marcelo Amitrano<\/strong>.<\/h3>\n<h3>Este s\u00e1bado se celebr\u00f3 una reuni\u00f3n con todos los integrantes de la Plana Mayor, en el despacho de la ministra de Seguridad, <strong>Nancy Sosa<\/strong>, en la que particip\u00f3 \u00a0el Secretario de \u00c9tica P\u00fablica y Control de Gesti\u00f3n, <strong>Ricardo Bazla<\/strong>. En la misma le informaron a Balbo sobre la decisi\u00f3n tomada, a partir de la constataci\u00f3n de que el ex integrante de la fuerza estuvo utilizando un veh\u00edculo oficial perteneciente al ministerio de Desarrollo Productivo, realizando cargas de combustibles para uso personal y de terceros, entre enero y noviembre del presente a\u00f1o.<\/h3>\n<p><iframe title=\"Ministra de Seguridad, Nancy Sosa\" width=\"640\" height=\"480\" src=\"https:\/\/www.youtube.com\/embed\/FIeAbcdl8Ko?feature=oembed\" frameborder=\"0\" allow=\"accelerometer; autoplay; clipboard-write; encrypted-media; gyroscope; picture-in-picture; web-share\" referrerpolicy=\"strict-origin-when-cross-origin\" allowfullscreen><\/iframe><\/p>\n<h3>La investigaci\u00f3n comienza cuando el ministro de desarrollo productivo, Federico Trombotto, dio cuenta a la titular de seguridad del faltante de, al menos, cinco veh\u00edculos pertenecientes a su ministerio. A partir del cruce de informaci\u00f3n con distintas \u00e1reas del gobierno, se pudo determinar que los rodados que se encontraban bajo responsabilidad del \u00e1rea que conduc\u00eda Amitrano, entre el mes de enero y noviembre del presente a\u00f1o, tuvieron un consumo de 51.415 litros de eurodiesel, en estaciones de servicios radicadas, una de ellas en la ciudad de San Luis y el resto, mayoritariamente, en el sur provincial. El perjuicio al estado asciende a un total de $41.748.980.<\/h3>\n<h3>Solo Marcelo Balbo, a cargo de una Toyota Hilux, dominio IAA989, realiz\u00f3, para \u00e9l o terceros, 193 cargas de combustibles durante todo el a\u00f1o 2023, consumiendo un total de 10.547 litros de eurodiesel por un monto total de $8.564.164<\/h3>\n<h3>La ministra orden\u00f3 a los miembros de la plana mayor que recuperen esos veh\u00edculos para el patrimonio del estado provincial, mientras tanto, el secretario de \u00c9tica P\u00fablica y Control de Gesti\u00f3n elevar\u00e1 al Fiscal de Estado todas las actuaciones, para que se realice demanda judicial contra quien se desempe\u00f1\u00f3 como ministro de Producci\u00f3n hasta el pasado 9 de diciembre, Marcelo Amitrano, quien ten\u00eda bajo su cargo la responsabilidad de los rodados y contra Marcelo Balbo.<\/h3>\n","protected":false},"excerpt":{"rendered":"<p>La investigaci\u00f3n se inici\u00f3 por el faltante de cinco veh\u00edculos pertenecientes al Estado provincial y&#8230;<\/p>\n","protected":false},"author":1,"featured_media":8494,"comment_status":"closed","ping_status":"closed","sticky":false,"template":"","format":"standard","meta":{"footnotes":""},"categories":[6],"tags":[],"class_list":["post-8493","post","type-post","status-publish","format-standard","has-post-thumbnail","hentry","category-ciudad-provincia"],"yoast_head":"<!-- This site is optimized with the Yoast SEO plugin v26.1.1 - https:\/\/yoast.com\/wordpress\/plugins\/seo\/ -->\n<title>RETIRO OBLIGATORIO A UN COMISARIO GENERAL Y DENUNCIA CONTRA MARCELO AMITRANO - Apuntes de San Luis<\/title>\n<meta name=\"robots\" content=\"index, follow, max-snippet:-1, max-image-preview:large, max-video-preview:-1\" \/>\n<link rel=\"canonical\" href=\"https:\/\/apuntesdesanluis.com\/index.php\/2023\/12\/17\/retiro-obligatorio-a-un-comisario-general-y-denuncia-contra-marcelo-amitrano\/\" \/>\n<meta property=\"og:locale\" content=\"es_ES\" \/>\n<meta property=\"og:type\" content=\"article\" \/>\n<meta property=\"og:title\" content=\"RETIRO OBLIGATORIO A UN COMISARIO GENERAL Y DENUNCIA CONTRA MARCELO AMITRANO - Apuntes de San Luis\" \/>\n<meta property=\"og:description\" content=\"La investigaci\u00f3n se inici\u00f3 por el faltante de cinco veh\u00edculos pertenecientes al Estado provincial y...\" \/>\n<meta property=\"og:url\" content=\"https:\/\/apuntesdesanluis.com\/index.php\/2023\/12\/17\/retiro-obligatorio-a-un-comisario-general-y-denuncia-contra-marcelo-amitrano\/\" \/>\n<meta property=\"og:site_name\" content=\"Apuntes de San Luis\" \/>\n<meta property=\"article:published_time\" content=\"2023-12-17T12:58:37+00:00\" \/>\n<meta property=\"og:image\" content=\"https:\/\/apuntesdesanluis.com\/wp-content\/uploads\/2023\/12\/seguridad.png\" \/>\n\t<meta property=\"og:image:width\" content=\"600\" \/>\n\t<meta property=\"og:image:height\" content=\"368\" \/>\n\t<meta property=\"og:image:type\" content=\"image\/png\" \/>\n<meta name=\"author\" content=\"apuntesdesanluis.com\" \/>\n<meta name=\"twitter:card\" content=\"summary_large_image\" \/>\n<meta name=\"twitter:label1\" content=\"Escrito por\" \/>\n\t<meta name=\"twitter:data1\" content=\"apuntesdesanluis.com\" \/>\n\t<meta name=\"twitter:label2\" content=\"Tiempo de lectura\" \/>\n\t<meta name=\"twitter:data2\" content=\"2 minutos\" \/>\n<script type=\"application\/ld+json\" class=\"yoast-schema-graph\">{\"@context\":\"https:\/\/schema.org\",\"@graph\":[{\"@type\":\"Article\",\"@id\":\"https:\/\/apuntesdesanluis.com\/index.php\/2023\/12\/17\/retiro-obligatorio-a-un-comisario-general-y-denuncia-contra-marcelo-amitrano\/#article\",\"isPartOf\":{\"@id\":\"https:\/\/apuntesdesanluis.com\/index.php\/2023\/12\/17\/retiro-obligatorio-a-un-comisario-general-y-denuncia-contra-marcelo-amitrano\/\"},\"author\":{\"name\":\"apuntesdesanluis.com\",\"@id\":\"https:\/\/apuntesdesanluis.com\/#\/schema\/person\/b55151d52296fcce64d1a72538a70b90\"},\"headline\":\"RETIRO OBLIGATORIO A UN COMISARIO GENERAL Y DENUNCIA CONTRA MARCELO AMITRANO\",\"datePublished\":\"2023-12-17T12:58:37+00:00\",\"mainEntityOfPage\":{\"@id\":\"https:\/\/apuntesdesanluis.com\/index.php\/2023\/12\/17\/retiro-obligatorio-a-un-comisario-general-y-denuncia-contra-marcelo-amitrano\/\"},\"wordCount\":469,\"publisher\":{\"@id\":\"https:\/\/apuntesdesanluis.com\/#\/schema\/person\/b55151d52296fcce64d1a72538a70b90\"},\"image\":{\"@id\":\"https:\/\/apuntesdesanluis.com\/index.php\/2023\/12\/17\/retiro-obligatorio-a-un-comisario-general-y-denuncia-contra-marcelo-amitrano\/#primaryimage\"},\"thumbnailUrl\":\"https:\/\/apuntesdesanluis.com\/wp-content\/uploads\/2023\/12\/seguridad.png\",\"articleSection\":[\"Ciudad\/Provincia\"],\"inLanguage\":\"es-AR\"},{\"@type\":\"WebPage\",\"@id\":\"https:\/\/apuntesdesanluis.com\/index.php\/2023\/12\/17\/retiro-obligatorio-a-un-comisario-general-y-denuncia-contra-marcelo-amitrano\/\",\"url\":\"https:\/\/apuntesdesanluis.com\/index.php\/2023\/12\/17\/retiro-obligatorio-a-un-comisario-general-y-denuncia-contra-marcelo-amitrano\/\",\"name\":\"RETIRO OBLIGATORIO A UN COMISARIO GENERAL Y DENUNCIA CONTRA MARCELO AMITRANO - Apuntes de San Luis\",\"isPartOf\":{\"@id\":\"https:\/\/apuntesdesanluis.com\/#website\"},\"primaryImageOfPage\":{\"@id\":\"https:\/\/apuntesdesanluis.com\/index.php\/2023\/12\/17\/retiro-obligatorio-a-un-comisario-general-y-denuncia-contra-marcelo-amitrano\/#primaryimage\"},\"image\":{\"@id\":\"https:\/\/apuntesdesanluis.com\/index.php\/2023\/12\/17\/retiro-obligatorio-a-un-comisario-general-y-denuncia-contra-marcelo-amitrano\/#primaryimage\"},\"thumbnailUrl\":\"https:\/\/apuntesdesanluis.com\/wp-content\/uploads\/2023\/12\/seguridad.png\",\"datePublished\":\"2023-12-17T12:58:37+00:00\",\"breadcrumb\":{\"@id\":\"https:\/\/apuntesdesanluis.com\/index.php\/2023\/12\/17\/retiro-obligatorio-a-un-comisario-general-y-denuncia-contra-marcelo-amitrano\/#breadcrumb\"},\"inLanguage\":\"es-AR\",\"potentialAction\":[{\"@type\":\"ReadAction\",\"target\":[\"https:\/\/apuntesdesanluis.com\/index.php\/2023\/12\/17\/retiro-obligatorio-a-un-comisario-general-y-denuncia-contra-marcelo-amitrano\/\"]}]},{\"@type\":\"ImageObject\",\"inLanguage\":\"es-AR\",\"@id\":\"https:\/\/apuntesdesanluis.com\/index.php\/2023\/12\/17\/retiro-obligatorio-a-un-comisario-general-y-denuncia-contra-marcelo-amitrano\/#primaryimage\",\"url\":\"https:\/\/apuntesdesanluis.com\/wp-content\/uploads\/2023\/12\/seguridad.png\",\"contentUrl\":\"https:\/\/apuntesdesanluis.com\/wp-content\/uploads\/2023\/12\/seguridad.png\",\"width\":600,\"height\":368},{\"@type\":\"BreadcrumbList\",\"@id\":\"https:\/\/apuntesdesanluis.com\/index.php\/2023\/12\/17\/retiro-obligatorio-a-un-comisario-general-y-denuncia-contra-marcelo-amitrano\/#breadcrumb\",\"itemListElement\":[{\"@type\":\"ListItem\",\"position\":1,\"name\":\"Inicio\",\"item\":\"https:\/\/apuntesdesanluis.com\/\"},{\"@type\":\"ListItem\",\"position\":2,\"name\":\"RETIRO OBLIGATORIO A UN COMISARIO GENERAL Y DENUNCIA CONTRA MARCELO AMITRANO\"}]},{\"@type\":\"WebSite\",\"@id\":\"https:\/\/apuntesdesanluis.com\/#website\",\"url\":\"https:\/\/apuntesdesanluis.com\/\",\"name\":\"Apuntes de San Luis\",\"description\":\"\",\"publisher\":{\"@id\":\"https:\/\/apuntesdesanluis.com\/#\/schema\/person\/b55151d52296fcce64d1a72538a70b90\"},\"potentialAction\":[{\"@type\":\"SearchAction\",\"target\":{\"@type\":\"EntryPoint\",\"urlTemplate\":\"https:\/\/apuntesdesanluis.com\/?s={search_term_string}\"},\"query-input\":{\"@type\":\"PropertyValueSpecification\",\"valueRequired\":true,\"valueName\":\"search_term_string\"}}],\"inLanguage\":\"es-AR\"},{\"@type\":[\"Person\",\"Organization\"],\"@id\":\"https:\/\/apuntesdesanluis.com\/#\/schema\/person\/b55151d52296fcce64d1a72538a70b90\",\"name\":\"apuntesdesanluis.com\",\"image\":{\"@type\":\"ImageObject\",\"inLanguage\":\"es-AR\",\"@id\":\"https:\/\/apuntesdesanluis.com\/#\/schema\/person\/image\/\",\"url\":\"https:\/\/apuntesdesanluis.com\/wp-content\/uploads\/2023\/07\/cropped-apuntesdesanluis.png\",\"contentUrl\":\"https:\/\/apuntesdesanluis.com\/wp-content\/uploads\/2023\/07\/cropped-apuntesdesanluis.png\",\"width\":450,\"height\":112,\"caption\":\"apuntesdesanluis.com\"},\"logo\":{\"@id\":\"https:\/\/apuntesdesanluis.com\/#\/schema\/person\/image\/\"},\"sameAs\":[\"https:\/\/apuntesdesanluis.com\"],\"url\":\"https:\/\/apuntesdesanluis.com\/index.php\/author\/apuntesdesanluis-com\/\"}]}<\/script>\n<!-- \/ Yoast SEO plugin. -->","yoast_head_json":{"title":"RETIRO OBLIGATORIO A UN COMISARIO GENERAL Y DENUNCIA CONTRA MARCELO AMITRANO - Apuntes de San Luis","robots":{"index":"index","follow":"follow","max-snippet":"max-snippet:-1","max-image-preview":"max-image-preview:large","max-video-preview":"max-video-preview:-1"},"canonical":"https:\/\/apuntesdesanluis.com\/index.php\/2023\/12\/17\/retiro-obligatorio-a-un-comisario-general-y-denuncia-contra-marcelo-amitrano\/","og_locale":"es_ES","og_type":"article","og_title":"RETIRO OBLIGATORIO A UN COMISARIO GENERAL Y DENUNCIA CONTRA MARCELO AMITRANO - Apuntes de San Luis","og_description":"La investigaci\u00f3n se inici\u00f3 por el faltante de cinco veh\u00edculos pertenecientes al Estado provincial y...","og_url":"https:\/\/apuntesdesanluis.com\/index.php\/2023\/12\/17\/retiro-obligatorio-a-un-comisario-general-y-denuncia-contra-marcelo-amitrano\/","og_site_name":"Apuntes de San Luis","article_published_time":"2023-12-17T12:58:37+00:00","og_image":[{"width":600,"height":368,"url":"https:\/\/apuntesdesanluis.com\/wp-content\/uploads\/2023\/12\/seguridad.png","type":"image\/png"}],"author":"apuntesdesanluis.com","twitter_card":"summary_large_image","twitter_misc":{"Escrito por":"apuntesdesanluis.com","Tiempo de lectura":"2 minutos"},"schema":{"@context":"https:\/\/schema.org","@graph":[{"@type":"Article","@id":"https:\/\/apuntesdesanluis.com\/index.php\/2023\/12\/17\/retiro-obligatorio-a-un-comisario-general-y-denuncia-contra-marcelo-amitrano\/#article","isPartOf":{"@id":"https:\/\/apuntesdesanluis.com\/index.php\/2023\/12\/17\/retiro-obligatorio-a-un-comisario-general-y-denuncia-contra-marcelo-amitrano\/"},"author":{"name":"apuntesdesanluis.com","@id":"https:\/\/apuntesdesanluis.com\/#\/schema\/person\/b55151d52296fcce64d1a72538a70b90"},"headline":"RETIRO OBLIGATORIO A UN COMISARIO GENERAL Y DENUNCIA CONTRA MARCELO AMITRANO","datePublished":"2023-12-17T12:58:37+00:00","mainEntityOfPage":{"@id":"https:\/\/apuntesdesanluis.com\/index.php\/2023\/12\/17\/retiro-obligatorio-a-un-comisario-general-y-denuncia-contra-marcelo-amitrano\/"},"wordCount":469,"publisher":{"@id":"https:\/\/apuntesdesanluis.com\/#\/schema\/person\/b55151d52296fcce64d1a72538a70b90"},"image":{"@id":"https:\/\/apuntesdesanluis.com\/index.php\/2023\/12\/17\/retiro-obligatorio-a-un-comisario-general-y-denuncia-contra-marcelo-amitrano\/#primaryimage"},"thumbnailUrl":"https:\/\/apuntesdesanluis.com\/wp-content\/uploads\/2023\/12\/seguridad.png","articleSection":["Ciudad\/Provincia"],"inLanguage":"es-AR"},{"@type":"WebPage","@id":"https:\/\/apuntesdesanluis.com\/index.php\/2023\/12\/17\/retiro-obligatorio-a-un-comisario-general-y-denuncia-contra-marcelo-amitrano\/","url":"https:\/\/apuntesdesanluis.com\/index.php\/2023\/12\/17\/retiro-obligatorio-a-un-comisario-general-y-denuncia-contra-marcelo-amitrano\/","name":"RETIRO OBLIGATORIO A UN COMISARIO GENERAL Y DENUNCIA CONTRA MARCELO AMITRANO - Apuntes de San Luis","isPartOf":{"@id":"https:\/\/apuntesdesanluis.com\/#website"},"primaryImageOfPage":{"@id":"https:\/\/apuntesdesanluis.com\/index.php\/2023\/12\/17\/retiro-obligatorio-a-un-comisario-general-y-denuncia-contra-marcelo-amitrano\/#primaryimage"},"image":{"@id":"https:\/\/apuntesdesanluis.com\/index.php\/2023\/12\/17\/retiro-obligatorio-a-un-comisario-general-y-denuncia-contra-marcelo-amitrano\/#primaryimage"},"thumbnailUrl":"https:\/\/apuntesdesanluis.com\/wp-content\/uploads\/2023\/12\/seguridad.png","datePublished":"2023-12-17T12:58:37+00:00","breadcrumb":{"@id":"https:\/\/apuntesdesanluis.com\/index.php\/2023\/12\/17\/retiro-obligatorio-a-un-comisario-general-y-denuncia-contra-marcelo-amitrano\/#breadcrumb"},"inLanguage":"es-AR","potentialAction":[{"@type":"ReadAction","target":["https:\/\/apuntesdesanluis.com\/index.php\/2023\/12\/17\/retiro-obligatorio-a-un-comisario-general-y-denuncia-contra-marcelo-amitrano\/"]}]},{"@type":"ImageObject","inLanguage":"es-AR","@id":"https:\/\/apuntesdesanluis.com\/index.php\/2023\/12\/17\/retiro-obligatorio-a-un-comisario-general-y-denuncia-contra-marcelo-amitrano\/#primaryimage","url":"https:\/\/apuntesdesanluis.com\/wp-content\/uploads\/2023\/12\/seguridad.png","contentUrl":"https:\/\/apuntesdesanluis.com\/wp-content\/uploads\/2023\/12\/seguridad.png","width":600,"height":368},{"@type":"BreadcrumbList","@id":"https:\/\/apuntesdesanluis.com\/index.php\/2023\/12\/17\/retiro-obligatorio-a-un-comisario-general-y-denuncia-contra-marcelo-amitrano\/#breadcrumb","itemListElement":[{"@type":"ListItem","position":1,"name":"Inicio","item":"https:\/\/apuntesdesanluis.com\/"},{"@type":"ListItem","position":2,"name":"RETIRO OBLIGATORIO A UN COMISARIO GENERAL Y DENUNCIA CONTRA MARCELO AMITRANO"}]},{"@type":"WebSite","@id":"https:\/\/apuntesdesanluis.com\/#website","url":"https:\/\/apuntesdesanluis.com\/","name":"Apuntes de San Luis","description":"","publisher":{"@id":"https:\/\/apuntesdesanluis.com\/#\/schema\/person\/b55151d52296fcce64d1a72538a70b90"},"potentialAction":[{"@type":"SearchAction","target":{"@type":"EntryPoint","urlTemplate":"https:\/\/apuntesdesanluis.com\/?s={search_term_string}"},"query-input":{"@type":"PropertyValueSpecification","valueRequired":true,"valueName":"search_term_string"}}],"inLanguage":"es-AR"},{"@type":["Person","Organization"],"@id":"https:\/\/apuntesdesanluis.com\/#\/schema\/person\/b55151d52296fcce64d1a72538a70b90","name":"apuntesdesanluis.com","image":{"@type":"ImageObject","inLanguage":"es-AR","@id":"https:\/\/apuntesdesanluis.com\/#\/schema\/person\/image\/","url":"https:\/\/apuntesdesanluis.com\/wp-content\/uploads\/2023\/07\/cropped-apuntesdesanluis.png","contentUrl":"https:\/\/apuntesdesanluis.com\/wp-content\/uploads\/2023\/07\/cropped-apuntesdesanluis.png","width":450,"height":112,"caption":"apuntesdesanluis.com"},"logo":{"@id":"https:\/\/apuntesdesanluis.com\/#\/schema\/person\/image\/"},"sameAs":["https:\/\/apuntesdesanluis.com"],"url":"https:\/\/apuntesdesanluis.com\/index.php\/author\/apuntesdesanluis-com\/"}]}},"featured_image_urls":{"full":["https:\/\/apuntesdesanluis.com\/wp-content\/uploads\/2023\/12\/seguridad.png",600,368,false],"thumbnail":["https:\/\/apuntesdesanluis.com\/wp-content\/uploads\/2023\/12\/seguridad-150x150.png",150,150,true],"medium":["https:\/\/apuntesdesanluis.com\/wp-content\/uploads\/2023\/12\/seguridad-300x184.png",300,184,true],"medium_large":["https:\/\/apuntesdesanluis.com\/wp-content\/uploads\/2023\/12\/seguridad.png",600,368,false],"large":["https:\/\/apuntesdesanluis.com\/wp-content\/uploads\/2023\/12\/seguridad.png",600,368,false],"1536x1536":["https:\/\/apuntesdesanluis.com\/wp-content\/uploads\/2023\/12\/seguridad.png",600,368,false],"2048x2048":["https:\/\/apuntesdesanluis.com\/wp-content\/uploads\/2023\/12\/seguridad.png",600,368,false],"newsever-slider-full":["https:\/\/apuntesdesanluis.com\/wp-content\/uploads\/2023\/12\/seguridad.png",600,368,false],"newsever-featured":["https:\/\/apuntesdesanluis.com\/wp-content\/uploads\/2023\/12\/seguridad.png",600,368,false],"newsever-medium":["https:\/\/apuntesdesanluis.com\/wp-content\/uploads\/2023\/12\/seguridad.png",600,368,false]},"author_info":{"display_name":"apuntesdesanluis.com","author_link":"https:\/\/apuntesdesanluis.com\/index.php\/author\/apuntesdesanluis-com\/"},"category_info":"<a href=\"https:\/\/apuntesdesanluis.com\/index.php\/category\/ciudad-provincia\/\" rel=\"category tag\">Ciudad\/Provincia<\/a>","tag_info":"Ciudad\/Provincia","comment_count":"0","_links":{"self":[{"href":"https:\/\/apuntesdesanluis.com\/index.php\/wp-json\/wp\/v2\/posts\/8493","targetHints":{"allow":["GET"]}}],"collection":[{"href":"https:\/\/apuntesdesanluis.com\/index.php\/wp-json\/wp\/v2\/posts"}],"about":[{"href":"https:\/\/apuntesdesanluis.com\/index.php\/wp-json\/wp\/v2\/types\/post"}],"author":[{"embeddable":true,"href":"https:\/\/apuntesdesanluis.com\/index.php\/wp-json\/wp\/v2\/users\/1"}],"replies":[{"embeddable":true,"href":"https:\/\/apuntesdesanluis.com\/index.php\/wp-json\/wp\/v2\/comments?post=8493"}],"version-history":[{"count":1,"href":"https:\/\/apuntesdesanluis.com\/index.php\/wp-json\/wp\/v2\/posts\/8493\/revisions"}],"predecessor-version":[{"id":8495,"href":"https:\/\/apuntesdesanluis.com\/index.php\/wp-json\/wp\/v2\/posts\/8493\/revisions\/8495"}],"wp:featuredmedia":[{"embeddable":true,"href":"https:\/\/apuntesdesanluis.com\/index.php\/wp-json\/wp\/v2\/media\/8494"}],"wp:attachment":[{"href":"https:\/\/apuntesdesanluis.com\/index.php\/wp-json\/wp\/v2\/media?parent=8493"}],"wp:term":[{"taxonomy":"category","embeddable":true,"href":"https:\/\/apuntesdesanluis.com\/index.php\/wp-json\/wp\/v2\/categories?post=8493"},{"taxonomy":"post_tag","embeddable":true,"href":"https:\/\/apuntesdesanluis.com\/index.php\/wp-json\/wp\/v2\/tags?post=8493"}],"curies":[{"name":"wp","href":"https:\/\/api.w.org\/{rel}","templated":true}]}}