{"id":8496,"date":"2023-12-17T10:06:10","date_gmt":"2023-12-17T13:06:10","guid":{"rendered":"https:\/\/apuntesdesanluis.com\/?p=8496"},"modified":"2023-12-17T10:08:07","modified_gmt":"2023-12-17T13:08:07","slug":"conformaron-consejo-provincial-productivo","status":"publish","type":"post","link":"https:\/\/apuntesdesanluis.com\/index.php\/2023\/12\/17\/conformaron-consejo-provincial-productivo\/","title":{"rendered":"CONFORMARON CONSEJO PROVINCIAL PRODUCTIVO PARA REACTIVAR LA ECONOM\u00cdA"},"content":{"rendered":"<h3>El gobernador <strong>Claudio Poggi<\/strong> condujo el acto realizado este s\u00e1bado y anunci\u00f3 que habr\u00e1 mesas de trabajo en un mapa productivo que divide a San Luis en siete regiones. Comenzar\u00e1n a reunirse para idear pol\u00edticas que favorezcan la generaci\u00f3n de empleo y la reactivaci\u00f3n econ\u00f3mica tras el declive que se produjo en los \u00faltimos a\u00f1os fruto de una mala administraci\u00f3n.<\/h3>\n<h3>Mediante la firma de un decreto, el mandatario cre\u00f3 formalmente el <strong>Consejo Provincial Productivo<\/strong>, el mapa productivo de la provincia de San Luis y las mesas sectoriales y regionales que reunir\u00e1n al \u00e1mbito p\u00fablico y el privado. Fue en un acto que cont\u00f3 con un gran marco de gente en el Sal\u00f3n Blanco de Terrazas del Portezuelo.<\/h3>\n<h3>El Consejo Provincial Productivo ser\u00e1 un \u00f3rgano colegiado y de participaci\u00f3n ciudadana para el encuentro, el debate y la b\u00fasqueda de consensos sobre prioridades estrat\u00e9gicas para el desarrollo productivo de la provincia.<\/h3>\n<p><img fetchpriority=\"high\" decoding=\"async\" class=\"wp-image-8498 aligncenter\" src=\"https:\/\/apuntesdesanluis.com\/wp-content\/uploads\/2023\/12\/regiones-productivas-300x222.png\" alt=\"\" width=\"703\" height=\"520\" srcset=\"https:\/\/apuntesdesanluis.com\/wp-content\/uploads\/2023\/12\/regiones-productivas-300x222.png 300w, https:\/\/apuntesdesanluis.com\/wp-content\/uploads\/2023\/12\/regiones-productivas.png 600w\" sizes=\"(max-width: 703px) 100vw, 703px\" \/><\/p>\n<h3>El mapa productivo y las mesas sectoriales y regionales, en tanto, facilitar\u00e1n la gesti\u00f3n p\u00fablica y privada para alcanzar esos objetivos. Ser\u00e1n \u00f3rganos de participaci\u00f3n ciudadana, gubernamental y no gubernamental, que articular\u00e1n todas las funciones y permitir\u00e1n que el Consejo pueda funcionar de manera plena y constante.<\/h3>\n<h3>Poggi dedic\u00f3 un buen rato a repasar la desastrosa situaci\u00f3n econ\u00f3mica y financiera en la que recibi\u00f3 la provincia, repasando incluso los cuadros con el d\u00e9ficit operativo que hab\u00eda brindado el jueves a la poblaci\u00f3n. Todos los presentes pudieron as\u00ed dimensionar el volumen del problema que afecta a las cuentas p\u00fablicas.<\/h3>\n<h3>Pero tambi\u00e9n tuvo tiempo para alentarlos a confiar en el futuro y en este Consejo Provincial Productivo. \u201cLa cercan\u00eda, la escucha activa y la empat\u00eda van a ser los factores de este nuevo v\u00ednculo con el sector privado de San Luis. Los objetivos generales que tiene el\u00a0 plan, que es productivo pero tambi\u00e9n de servicios, es fortalecer la competitividad de la provincia, crear valor\u201d. Y agreg\u00f3 que \u201ctenemos que buscar mercados en el mundo para nuestros productos. Cuidando nuestro ecosistema, lo que lo va a permitir ser sustentable. Tenemos que cuidar el agua, la tierra, el aire. Hacer todo sustentable, sostenible en el tiempo\u201d.<\/h3>\n<h3>El mapa productivo est\u00e1 dividido en siete regiones que abarcan toda la geograf\u00eda de San Luis. En febrero, ya\u00a0 hay un cronograma para que comiencen a reunirse las mesas de trabajo p\u00fablico-privadas para comenzar a delinear la tarea conjunta de alentar la producci\u00f3n, lo que va a mejorar la calidad de vida de todos, porque producir en casa significa m\u00e1s trabajo, m\u00e1s divisas, m\u00e1s intercambios para movilizar la econom\u00eda. El primer encuentro ser\u00e1 el 3 de febrero en la regi\u00f3n Llanura Sur.<\/h3>\n<h3>Estuvieron presentes representantes de universidades nacionales y provinciales, universidades privadas, escuelas t\u00e9cnicas, instituciones del \u00e1mbito p\u00fablico y privado relacionadas con la producci\u00f3n, c\u00e1maras y asociaciones empresariales, productivas, tur\u00edsticas, comerciales y de servicios, sindicatos que representan a trabajadores de todos los \u00e1mbitos productivos de San Luis, colegios profesionales y t\u00e9cnicos, empresarios, productores, comerciantes y profesionales, entidades financieras, intendentes y comisionados municipales, legisladores provinciales y municipales y el gabinete en pleno.<\/h3>\n<h3><span style=\"color: #3366ff;\">AGENDA DE TRABAJO<\/span><\/h3>\n<p><img decoding=\"async\" class=\"wp-image-8499 aligncenter\" src=\"https:\/\/apuntesdesanluis.com\/wp-content\/uploads\/2023\/12\/agenda-de-trabajo-300x194.png\" alt=\"\" width=\"688\" height=\"445\" srcset=\"https:\/\/apuntesdesanluis.com\/wp-content\/uploads\/2023\/12\/agenda-de-trabajo-300x194.png 300w, https:\/\/apuntesdesanluis.com\/wp-content\/uploads\/2023\/12\/agenda-de-trabajo.png 600w\" sizes=\"(max-width: 688px) 100vw, 688px\" \/><\/p>\n<p>&nbsp;<\/p>\n<p>&nbsp;<\/p>\n<p>&nbsp;<\/p>\n","protected":false},"excerpt":{"rendered":"<p>El gobernador Claudio Poggi condujo el acto realizado este s\u00e1bado y anunci\u00f3 que habr\u00e1 mesas&#8230;<\/p>\n","protected":false},"author":1,"featured_media":8497,"comment_status":"closed","ping_status":"closed","sticky":false,"template":"","format":"standard","meta":{"footnotes":""},"categories":[6],"tags":[],"class_list":["post-8496","post","type-post","status-publish","format-standard","has-post-thumbnail","hentry","category-ciudad-provincia"],"yoast_head":"<!-- This site is optimized with the Yoast SEO plugin v26.1.1 - https:\/\/yoast.com\/wordpress\/plugins\/seo\/ -->\n<title>CONFORMARON CONSEJO PROVINCIAL PRODUCTIVO PARA REACTIVAR LA ECONOM\u00cdA - Apuntes de San Luis<\/title>\n<meta name=\"robots\" content=\"index, follow, max-snippet:-1, max-image-preview:large, max-video-preview:-1\" \/>\n<link rel=\"canonical\" href=\"https:\/\/apuntesdesanluis.com\/index.php\/2023\/12\/17\/conformaron-consejo-provincial-productivo\/\" \/>\n<meta property=\"og:locale\" content=\"es_ES\" \/>\n<meta property=\"og:type\" content=\"article\" \/>\n<meta property=\"og:title\" content=\"CONFORMARON CONSEJO PROVINCIAL PRODUCTIVO PARA REACTIVAR LA ECONOM\u00cdA - Apuntes de San Luis\" \/>\n<meta property=\"og:description\" content=\"El gobernador Claudio Poggi condujo el acto realizado este s\u00e1bado y anunci\u00f3 que habr\u00e1 mesas...\" \/>\n<meta property=\"og:url\" content=\"https:\/\/apuntesdesanluis.com\/index.php\/2023\/12\/17\/conformaron-consejo-provincial-productivo\/\" \/>\n<meta property=\"og:site_name\" content=\"Apuntes de San Luis\" \/>\n<meta property=\"article:published_time\" content=\"2023-12-17T13:06:10+00:00\" \/>\n<meta property=\"article:modified_time\" content=\"2023-12-17T13:08:07+00:00\" \/>\n<meta property=\"og:image\" content=\"https:\/\/apuntesdesanluis.com\/wp-content\/uploads\/2023\/12\/consejo-productivo.png\" \/>\n\t<meta property=\"og:image:width\" content=\"600\" \/>\n\t<meta property=\"og:image:height\" content=\"332\" \/>\n\t<meta property=\"og:image:type\" content=\"image\/png\" \/>\n<meta name=\"author\" content=\"apuntesdesanluis.com\" \/>\n<meta name=\"twitter:card\" content=\"summary_large_image\" \/>\n<meta name=\"twitter:label1\" content=\"Escrito por\" \/>\n\t<meta name=\"twitter:data1\" content=\"apuntesdesanluis.com\" \/>\n\t<meta name=\"twitter:label2\" content=\"Tiempo de lectura\" \/>\n\t<meta name=\"twitter:data2\" content=\"3 minutos\" \/>\n<script type=\"application\/ld+json\" class=\"yoast-schema-graph\">{\"@context\":\"https:\/\/schema.org\",\"@graph\":[{\"@type\":\"Article\",\"@id\":\"https:\/\/apuntesdesanluis.com\/index.php\/2023\/12\/17\/conformaron-consejo-provincial-productivo\/#article\",\"isPartOf\":{\"@id\":\"https:\/\/apuntesdesanluis.com\/index.php\/2023\/12\/17\/conformaron-consejo-provincial-productivo\/\"},\"author\":{\"name\":\"apuntesdesanluis.com\",\"@id\":\"https:\/\/apuntesdesanluis.com\/#\/schema\/person\/b55151d52296fcce64d1a72538a70b90\"},\"headline\":\"CONFORMARON CONSEJO PROVINCIAL PRODUCTIVO PARA REACTIVAR LA ECONOM\u00cdA\",\"datePublished\":\"2023-12-17T13:06:10+00:00\",\"dateModified\":\"2023-12-17T13:08:07+00:00\",\"mainEntityOfPage\":{\"@id\":\"https:\/\/apuntesdesanluis.com\/index.php\/2023\/12\/17\/conformaron-consejo-provincial-productivo\/\"},\"wordCount\":562,\"publisher\":{\"@id\":\"https:\/\/apuntesdesanluis.com\/#\/schema\/person\/b55151d52296fcce64d1a72538a70b90\"},\"image\":{\"@id\":\"https:\/\/apuntesdesanluis.com\/index.php\/2023\/12\/17\/conformaron-consejo-provincial-productivo\/#primaryimage\"},\"thumbnailUrl\":\"https:\/\/apuntesdesanluis.com\/wp-content\/uploads\/2023\/12\/consejo-productivo.png\",\"articleSection\":[\"Ciudad\/Provincia\"],\"inLanguage\":\"es-AR\"},{\"@type\":\"WebPage\",\"@id\":\"https:\/\/apuntesdesanluis.com\/index.php\/2023\/12\/17\/conformaron-consejo-provincial-productivo\/\",\"url\":\"https:\/\/apuntesdesanluis.com\/index.php\/2023\/12\/17\/conformaron-consejo-provincial-productivo\/\",\"name\":\"CONFORMARON CONSEJO PROVINCIAL PRODUCTIVO PARA REACTIVAR LA ECONOM\u00cdA - Apuntes de San Luis\",\"isPartOf\":{\"@id\":\"https:\/\/apuntesdesanluis.com\/#website\"},\"primaryImageOfPage\":{\"@id\":\"https:\/\/apuntesdesanluis.com\/index.php\/2023\/12\/17\/conformaron-consejo-provincial-productivo\/#primaryimage\"},\"image\":{\"@id\":\"https:\/\/apuntesdesanluis.com\/index.php\/2023\/12\/17\/conformaron-consejo-provincial-productivo\/#primaryimage\"},\"thumbnailUrl\":\"https:\/\/apuntesdesanluis.com\/wp-content\/uploads\/2023\/12\/consejo-productivo.png\",\"datePublished\":\"2023-12-17T13:06:10+00:00\",\"dateModified\":\"2023-12-17T13:08:07+00:00\",\"breadcrumb\":{\"@id\":\"https:\/\/apuntesdesanluis.com\/index.php\/2023\/12\/17\/conformaron-consejo-provincial-productivo\/#breadcrumb\"},\"inLanguage\":\"es-AR\",\"potentialAction\":[{\"@type\":\"ReadAction\",\"target\":[\"https:\/\/apuntesdesanluis.com\/index.php\/2023\/12\/17\/conformaron-consejo-provincial-productivo\/\"]}]},{\"@type\":\"ImageObject\",\"inLanguage\":\"es-AR\",\"@id\":\"https:\/\/apuntesdesanluis.com\/index.php\/2023\/12\/17\/conformaron-consejo-provincial-productivo\/#primaryimage\",\"url\":\"https:\/\/apuntesdesanluis.com\/wp-content\/uploads\/2023\/12\/consejo-productivo.png\",\"contentUrl\":\"https:\/\/apuntesdesanluis.com\/wp-content\/uploads\/2023\/12\/consejo-productivo.png\",\"width\":600,\"height\":332},{\"@type\":\"BreadcrumbList\",\"@id\":\"https:\/\/apuntesdesanluis.com\/index.php\/2023\/12\/17\/conformaron-consejo-provincial-productivo\/#breadcrumb\",\"itemListElement\":[{\"@type\":\"ListItem\",\"position\":1,\"name\":\"Inicio\",\"item\":\"https:\/\/apuntesdesanluis.com\/\"},{\"@type\":\"ListItem\",\"position\":2,\"name\":\"CONFORMARON CONSEJO PROVINCIAL PRODUCTIVO PARA REACTIVAR LA ECONOM\u00cdA\"}]},{\"@type\":\"WebSite\",\"@id\":\"https:\/\/apuntesdesanluis.com\/#website\",\"url\":\"https:\/\/apuntesdesanluis.com\/\",\"name\":\"Apuntes de San Luis\",\"description\":\"\",\"publisher\":{\"@id\":\"https:\/\/apuntesdesanluis.com\/#\/schema\/person\/b55151d52296fcce64d1a72538a70b90\"},\"potentialAction\":[{\"@type\":\"SearchAction\",\"target\":{\"@type\":\"EntryPoint\",\"urlTemplate\":\"https:\/\/apuntesdesanluis.com\/?s={search_term_string}\"},\"query-input\":{\"@type\":\"PropertyValueSpecification\",\"valueRequired\":true,\"valueName\":\"search_term_string\"}}],\"inLanguage\":\"es-AR\"},{\"@type\":[\"Person\",\"Organization\"],\"@id\":\"https:\/\/apuntesdesanluis.com\/#\/schema\/person\/b55151d52296fcce64d1a72538a70b90\",\"name\":\"apuntesdesanluis.com\",\"image\":{\"@type\":\"ImageObject\",\"inLanguage\":\"es-AR\",\"@id\":\"https:\/\/apuntesdesanluis.com\/#\/schema\/person\/image\/\",\"url\":\"https:\/\/apuntesdesanluis.com\/wp-content\/uploads\/2023\/07\/cropped-apuntesdesanluis.png\",\"contentUrl\":\"https:\/\/apuntesdesanluis.com\/wp-content\/uploads\/2023\/07\/cropped-apuntesdesanluis.png\",\"width\":450,\"height\":112,\"caption\":\"apuntesdesanluis.com\"},\"logo\":{\"@id\":\"https:\/\/apuntesdesanluis.com\/#\/schema\/person\/image\/\"},\"sameAs\":[\"https:\/\/apuntesdesanluis.com\"],\"url\":\"https:\/\/apuntesdesanluis.com\/index.php\/author\/apuntesdesanluis-com\/\"}]}<\/script>\n<!-- \/ Yoast SEO plugin. -->","yoast_head_json":{"title":"CONFORMARON CONSEJO PROVINCIAL PRODUCTIVO PARA REACTIVAR LA ECONOM\u00cdA - Apuntes de San Luis","robots":{"index":"index","follow":"follow","max-snippet":"max-snippet:-1","max-image-preview":"max-image-preview:large","max-video-preview":"max-video-preview:-1"},"canonical":"https:\/\/apuntesdesanluis.com\/index.php\/2023\/12\/17\/conformaron-consejo-provincial-productivo\/","og_locale":"es_ES","og_type":"article","og_title":"CONFORMARON CONSEJO PROVINCIAL PRODUCTIVO PARA REACTIVAR LA ECONOM\u00cdA - Apuntes de San Luis","og_description":"El gobernador Claudio Poggi condujo el acto realizado este s\u00e1bado y anunci\u00f3 que habr\u00e1 mesas...","og_url":"https:\/\/apuntesdesanluis.com\/index.php\/2023\/12\/17\/conformaron-consejo-provincial-productivo\/","og_site_name":"Apuntes de San Luis","article_published_time":"2023-12-17T13:06:10+00:00","article_modified_time":"2023-12-17T13:08:07+00:00","og_image":[{"width":600,"height":332,"url":"https:\/\/apuntesdesanluis.com\/wp-content\/uploads\/2023\/12\/consejo-productivo.png","type":"image\/png"}],"author":"apuntesdesanluis.com","twitter_card":"summary_large_image","twitter_misc":{"Escrito por":"apuntesdesanluis.com","Tiempo de lectura":"3 minutos"},"schema":{"@context":"https:\/\/schema.org","@graph":[{"@type":"Article","@id":"https:\/\/apuntesdesanluis.com\/index.php\/2023\/12\/17\/conformaron-consejo-provincial-productivo\/#article","isPartOf":{"@id":"https:\/\/apuntesdesanluis.com\/index.php\/2023\/12\/17\/conformaron-consejo-provincial-productivo\/"},"author":{"name":"apuntesdesanluis.com","@id":"https:\/\/apuntesdesanluis.com\/#\/schema\/person\/b55151d52296fcce64d1a72538a70b90"},"headline":"CONFORMARON CONSEJO PROVINCIAL PRODUCTIVO PARA REACTIVAR LA ECONOM\u00cdA","datePublished":"2023-12-17T13:06:10+00:00","dateModified":"2023-12-17T13:08:07+00:00","mainEntityOfPage":{"@id":"https:\/\/apuntesdesanluis.com\/index.php\/2023\/12\/17\/conformaron-consejo-provincial-productivo\/"},"wordCount":562,"publisher":{"@id":"https:\/\/apuntesdesanluis.com\/#\/schema\/person\/b55151d52296fcce64d1a72538a70b90"},"image":{"@id":"https:\/\/apuntesdesanluis.com\/index.php\/2023\/12\/17\/conformaron-consejo-provincial-productivo\/#primaryimage"},"thumbnailUrl":"https:\/\/apuntesdesanluis.com\/wp-content\/uploads\/2023\/12\/consejo-productivo.png","articleSection":["Ciudad\/Provincia"],"inLanguage":"es-AR"},{"@type":"WebPage","@id":"https:\/\/apuntesdesanluis.com\/index.php\/2023\/12\/17\/conformaron-consejo-provincial-productivo\/","url":"https:\/\/apuntesdesanluis.com\/index.php\/2023\/12\/17\/conformaron-consejo-provincial-productivo\/","name":"CONFORMARON CONSEJO PROVINCIAL PRODUCTIVO PARA REACTIVAR LA ECONOM\u00cdA - Apuntes de San Luis","isPartOf":{"@id":"https:\/\/apuntesdesanluis.com\/#website"},"primaryImageOfPage":{"@id":"https:\/\/apuntesdesanluis.com\/index.php\/2023\/12\/17\/conformaron-consejo-provincial-productivo\/#primaryimage"},"image":{"@id":"https:\/\/apuntesdesanluis.com\/index.php\/2023\/12\/17\/conformaron-consejo-provincial-productivo\/#primaryimage"},"thumbnailUrl":"https:\/\/apuntesdesanluis.com\/wp-content\/uploads\/2023\/12\/consejo-productivo.png","datePublished":"2023-12-17T13:06:10+00:00","dateModified":"2023-12-17T13:08:07+00:00","breadcrumb":{"@id":"https:\/\/apuntesdesanluis.com\/index.php\/2023\/12\/17\/conformaron-consejo-provincial-productivo\/#breadcrumb"},"inLanguage":"es-AR","potentialAction":[{"@type":"ReadAction","target":["https:\/\/apuntesdesanluis.com\/index.php\/2023\/12\/17\/conformaron-consejo-provincial-productivo\/"]}]},{"@type":"ImageObject","inLanguage":"es-AR","@id":"https:\/\/apuntesdesanluis.com\/index.php\/2023\/12\/17\/conformaron-consejo-provincial-productivo\/#primaryimage","url":"https:\/\/apuntesdesanluis.com\/wp-content\/uploads\/2023\/12\/consejo-productivo.png","contentUrl":"https:\/\/apuntesdesanluis.com\/wp-content\/uploads\/2023\/12\/consejo-productivo.png","width":600,"height":332},{"@type":"BreadcrumbList","@id":"https:\/\/apuntesdesanluis.com\/index.php\/2023\/12\/17\/conformaron-consejo-provincial-productivo\/#breadcrumb","itemListElement":[{"@type":"ListItem","position":1,"name":"Inicio","item":"https:\/\/apuntesdesanluis.com\/"},{"@type":"ListItem","position":2,"name":"CONFORMARON CONSEJO PROVINCIAL PRODUCTIVO PARA REACTIVAR LA ECONOM\u00cdA"}]},{"@type":"WebSite","@id":"https:\/\/apuntesdesanluis.com\/#website","url":"https:\/\/apuntesdesanluis.com\/","name":"Apuntes de San Luis","description":"","publisher":{"@id":"https:\/\/apuntesdesanluis.com\/#\/schema\/person\/b55151d52296fcce64d1a72538a70b90"},"potentialAction":[{"@type":"SearchAction","target":{"@type":"EntryPoint","urlTemplate":"https:\/\/apuntesdesanluis.com\/?s={search_term_string}"},"query-input":{"@type":"PropertyValueSpecification","valueRequired":true,"valueName":"search_term_string"}}],"inLanguage":"es-AR"},{"@type":["Person","Organization"],"@id":"https:\/\/apuntesdesanluis.com\/#\/schema\/person\/b55151d52296fcce64d1a72538a70b90","name":"apuntesdesanluis.com","image":{"@type":"ImageObject","inLanguage":"es-AR","@id":"https:\/\/apuntesdesanluis.com\/#\/schema\/person\/image\/","url":"https:\/\/apuntesdesanluis.com\/wp-content\/uploads\/2023\/07\/cropped-apuntesdesanluis.png","contentUrl":"https:\/\/apuntesdesanluis.com\/wp-content\/uploads\/2023\/07\/cropped-apuntesdesanluis.png","width":450,"height":112,"caption":"apuntesdesanluis.com"},"logo":{"@id":"https:\/\/apuntesdesanluis.com\/#\/schema\/person\/image\/"},"sameAs":["https:\/\/apuntesdesanluis.com"],"url":"https:\/\/apuntesdesanluis.com\/index.php\/author\/apuntesdesanluis-com\/"}]}},"featured_image_urls":{"full":["https:\/\/apuntesdesanluis.com\/wp-content\/uploads\/2023\/12\/consejo-productivo.png",600,332,false],"thumbnail":["https:\/\/apuntesdesanluis.com\/wp-content\/uploads\/2023\/12\/consejo-productivo-150x150.png",150,150,true],"medium":["https:\/\/apuntesdesanluis.com\/wp-content\/uploads\/2023\/12\/consejo-productivo-300x166.png",300,166,true],"medium_large":["https:\/\/apuntesdesanluis.com\/wp-content\/uploads\/2023\/12\/consejo-productivo.png",600,332,false],"large":["https:\/\/apuntesdesanluis.com\/wp-content\/uploads\/2023\/12\/consejo-productivo.png",600,332,false],"1536x1536":["https:\/\/apuntesdesanluis.com\/wp-content\/uploads\/2023\/12\/consejo-productivo.png",600,332,false],"2048x2048":["https:\/\/apuntesdesanluis.com\/wp-content\/uploads\/2023\/12\/consejo-productivo.png",600,332,false],"newsever-slider-full":["https:\/\/apuntesdesanluis.com\/wp-content\/uploads\/2023\/12\/consejo-productivo.png",600,332,false],"newsever-featured":["https:\/\/apuntesdesanluis.com\/wp-content\/uploads\/2023\/12\/consejo-productivo.png",600,332,false],"newsever-medium":["https:\/\/apuntesdesanluis.com\/wp-content\/uploads\/2023\/12\/consejo-productivo.png",600,332,false]},"author_info":{"display_name":"apuntesdesanluis.com","author_link":"https:\/\/apuntesdesanluis.com\/index.php\/author\/apuntesdesanluis-com\/"},"category_info":"<a href=\"https:\/\/apuntesdesanluis.com\/index.php\/category\/ciudad-provincia\/\" rel=\"category tag\">Ciudad\/Provincia<\/a>","tag_info":"Ciudad\/Provincia","comment_count":"0","_links":{"self":[{"href":"https:\/\/apuntesdesanluis.com\/index.php\/wp-json\/wp\/v2\/posts\/8496","targetHints":{"allow":["GET"]}}],"collection":[{"href":"https:\/\/apuntesdesanluis.com\/index.php\/wp-json\/wp\/v2\/posts"}],"about":[{"href":"https:\/\/apuntesdesanluis.com\/index.php\/wp-json\/wp\/v2\/types\/post"}],"author":[{"embeddable":true,"href":"https:\/\/apuntesdesanluis.com\/index.php\/wp-json\/wp\/v2\/users\/1"}],"replies":[{"embeddable":true,"href":"https:\/\/apuntesdesanluis.com\/index.php\/wp-json\/wp\/v2\/comments?post=8496"}],"version-history":[{"count":4,"href":"https:\/\/apuntesdesanluis.com\/index.php\/wp-json\/wp\/v2\/posts\/8496\/revisions"}],"predecessor-version":[{"id":8503,"href":"https:\/\/apuntesdesanluis.com\/index.php\/wp-json\/wp\/v2\/posts\/8496\/revisions\/8503"}],"wp:featuredmedia":[{"embeddable":true,"href":"https:\/\/apuntesdesanluis.com\/index.php\/wp-json\/wp\/v2\/media\/8497"}],"wp:attachment":[{"href":"https:\/\/apuntesdesanluis.com\/index.php\/wp-json\/wp\/v2\/media?parent=8496"}],"wp:term":[{"taxonomy":"category","embeddable":true,"href":"https:\/\/apuntesdesanluis.com\/index.php\/wp-json\/wp\/v2\/categories?post=8496"},{"taxonomy":"post_tag","embeddable":true,"href":"https:\/\/apuntesdesanluis.com\/index.php\/wp-json\/wp\/v2\/tags?post=8496"}],"curies":[{"name":"wp","href":"https:\/\/api.w.org\/{rel}","templated":true}]}}