{"id":8504,"date":"2023-12-17T18:21:54","date_gmt":"2023-12-17T21:21:54","guid":{"rendered":"https:\/\/apuntesdesanluis.com\/?p=8504"},"modified":"2023-12-17T18:21:54","modified_gmt":"2023-12-17T21:21:54","slug":"giraudo-visito-la-sede-de-a-p-a-d-para-constatar-los-danos-por-la-tormenta","status":"publish","type":"post","link":"https:\/\/apuntesdesanluis.com\/index.php\/2023\/12\/17\/giraudo-visito-la-sede-de-a-p-a-d-para-constatar-los-danos-por-la-tormenta\/","title":{"rendered":"GIRAUDO VISIT\u00d3 LA SEDE DE A.P.A.D. PARA CONSTATAR LOS DA\u00d1OS POR LA TORMENTA"},"content":{"rendered":"<h3>Para constatar la gravedad de los da\u00f1os que produjo el temporal, el secretario de Personas con Discapacidad, <strong>Luis Giraudo<\/strong>, recorri\u00f3 las instalaciones de la sede de la Asociaci\u00f3n Pro-Ayuda al Discapacitado (A.P.A.D).<\/h3>\n<h3>El predio que posee la instituci\u00f3n fue afectado en su estructura por los fuertes vientos. Para constatar esta situaci\u00f3n, Giraudo se present\u00f3 junto a <strong>Carolina Sosa<\/strong> de Acci\u00f3n Social del municipio y <strong>Julieta Fern\u00e1ndez<\/strong> de la Secretaria de Desarrollo.<\/h3>\n<h3>Durante la visita observaron en primera persona los da\u00f1os,\u00a0 principalmente en el sector donde realizan actividades deportivas (una cancha de bochas techada en la que realizan otras actividades tambi\u00e9n) que sufri\u00f3 la voladura de gran parte del techo.<\/h3>\n<p><img fetchpriority=\"high\" decoding=\"async\" class=\"wp-image-8506 aligncenter\" src=\"https:\/\/apuntesdesanluis.com\/wp-content\/uploads\/2023\/12\/giraudo-aad-16-12-300x204.png\" alt=\"\" width=\"691\" height=\"470\" srcset=\"https:\/\/apuntesdesanluis.com\/wp-content\/uploads\/2023\/12\/giraudo-aad-16-12-300x204.png 300w, https:\/\/apuntesdesanluis.com\/wp-content\/uploads\/2023\/12\/giraudo-aad-16-12.png 600w\" sizes=\"(max-width: 691px) 100vw, 691px\" \/><\/p>\n<h3>Tanto el Secretario de Estado, Luis Giraudo, como Carolina Sosa, se comprometieron en agilizar las acciones para solucionar los problemas en la entidad, formando esto parte de los trabajos que acordaron realizar en conjunto entre la Secretaria de Personas con Discapacidad y el municipio en beneficio de toda la comunidad.<\/h3>\n<p>&nbsp;<\/p>\n<p>&nbsp;<\/p>\n","protected":false},"excerpt":{"rendered":"<p>Para constatar la gravedad de los da\u00f1os que produjo el temporal, el secretario de Personas&#8230;<\/p>\n","protected":false},"author":1,"featured_media":8505,"comment_status":"closed","ping_status":"closed","sticky":false,"template":"","format":"standard","meta":{"footnotes":""},"categories":[6],"tags":[],"class_list":["post-8504","post","type-post","status-publish","format-standard","has-post-thumbnail","hentry","category-ciudad-provincia"],"yoast_head":"<!-- This site is optimized with the Yoast SEO plugin v26.1.1 - https:\/\/yoast.com\/wordpress\/plugins\/seo\/ -->\n<title>GIRAUDO VISIT\u00d3 LA SEDE DE A.P.A.D. PARA CONSTATAR LOS DA\u00d1OS POR LA TORMENTA - Apuntes de San Luis<\/title>\n<meta name=\"robots\" content=\"index, follow, max-snippet:-1, max-image-preview:large, max-video-preview:-1\" \/>\n<link rel=\"canonical\" href=\"https:\/\/apuntesdesanluis.com\/index.php\/2023\/12\/17\/giraudo-visito-la-sede-de-a-p-a-d-para-constatar-los-danos-por-la-tormenta\/\" \/>\n<meta property=\"og:locale\" content=\"es_ES\" \/>\n<meta property=\"og:type\" content=\"article\" \/>\n<meta property=\"og:title\" content=\"GIRAUDO VISIT\u00d3 LA SEDE DE A.P.A.D. PARA CONSTATAR LOS DA\u00d1OS POR LA TORMENTA - Apuntes de San Luis\" \/>\n<meta property=\"og:description\" content=\"Para constatar la gravedad de los da\u00f1os que produjo el temporal, el secretario de Personas...\" \/>\n<meta property=\"og:url\" content=\"https:\/\/apuntesdesanluis.com\/index.php\/2023\/12\/17\/giraudo-visito-la-sede-de-a-p-a-d-para-constatar-los-danos-por-la-tormenta\/\" \/>\n<meta property=\"og:site_name\" content=\"Apuntes de San Luis\" \/>\n<meta property=\"article:published_time\" content=\"2023-12-17T21:21:54+00:00\" \/>\n<meta property=\"og:image\" content=\"https:\/\/apuntesdesanluis.com\/wp-content\/uploads\/2023\/12\/giraudo-visita-apad-16_12_2023_01-630x420-1.jpg\" \/>\n\t<meta property=\"og:image:width\" content=\"630\" \/>\n\t<meta property=\"og:image:height\" content=\"420\" \/>\n\t<meta property=\"og:image:type\" content=\"image\/jpeg\" \/>\n<meta name=\"author\" content=\"apuntesdesanluis.com\" \/>\n<meta name=\"twitter:card\" content=\"summary_large_image\" \/>\n<meta name=\"twitter:label1\" content=\"Escrito por\" \/>\n\t<meta name=\"twitter:data1\" content=\"apuntesdesanluis.com\" \/>\n\t<meta name=\"twitter:label2\" content=\"Tiempo de lectura\" \/>\n\t<meta name=\"twitter:data2\" content=\"1 minuto\" \/>\n<script type=\"application\/ld+json\" class=\"yoast-schema-graph\">{\"@context\":\"https:\/\/schema.org\",\"@graph\":[{\"@type\":\"Article\",\"@id\":\"https:\/\/apuntesdesanluis.com\/index.php\/2023\/12\/17\/giraudo-visito-la-sede-de-a-p-a-d-para-constatar-los-danos-por-la-tormenta\/#article\",\"isPartOf\":{\"@id\":\"https:\/\/apuntesdesanluis.com\/index.php\/2023\/12\/17\/giraudo-visito-la-sede-de-a-p-a-d-para-constatar-los-danos-por-la-tormenta\/\"},\"author\":{\"name\":\"apuntesdesanluis.com\",\"@id\":\"https:\/\/apuntesdesanluis.com\/#\/schema\/person\/b55151d52296fcce64d1a72538a70b90\"},\"headline\":\"GIRAUDO VISIT\u00d3 LA SEDE DE A.P.A.D. PARA CONSTATAR LOS DA\u00d1OS POR LA TORMENTA\",\"datePublished\":\"2023-12-17T21:21:54+00:00\",\"mainEntityOfPage\":{\"@id\":\"https:\/\/apuntesdesanluis.com\/index.php\/2023\/12\/17\/giraudo-visito-la-sede-de-a-p-a-d-para-constatar-los-danos-por-la-tormenta\/\"},\"wordCount\":189,\"publisher\":{\"@id\":\"https:\/\/apuntesdesanluis.com\/#\/schema\/person\/b55151d52296fcce64d1a72538a70b90\"},\"image\":{\"@id\":\"https:\/\/apuntesdesanluis.com\/index.php\/2023\/12\/17\/giraudo-visito-la-sede-de-a-p-a-d-para-constatar-los-danos-por-la-tormenta\/#primaryimage\"},\"thumbnailUrl\":\"https:\/\/apuntesdesanluis.com\/wp-content\/uploads\/2023\/12\/giraudo-visita-apad-16_12_2023_01-630x420-1.jpg\",\"articleSection\":[\"Ciudad\/Provincia\"],\"inLanguage\":\"es-AR\"},{\"@type\":\"WebPage\",\"@id\":\"https:\/\/apuntesdesanluis.com\/index.php\/2023\/12\/17\/giraudo-visito-la-sede-de-a-p-a-d-para-constatar-los-danos-por-la-tormenta\/\",\"url\":\"https:\/\/apuntesdesanluis.com\/index.php\/2023\/12\/17\/giraudo-visito-la-sede-de-a-p-a-d-para-constatar-los-danos-por-la-tormenta\/\",\"name\":\"GIRAUDO VISIT\u00d3 LA SEDE DE A.P.A.D. PARA CONSTATAR LOS DA\u00d1OS POR LA TORMENTA - Apuntes de San Luis\",\"isPartOf\":{\"@id\":\"https:\/\/apuntesdesanluis.com\/#website\"},\"primaryImageOfPage\":{\"@id\":\"https:\/\/apuntesdesanluis.com\/index.php\/2023\/12\/17\/giraudo-visito-la-sede-de-a-p-a-d-para-constatar-los-danos-por-la-tormenta\/#primaryimage\"},\"image\":{\"@id\":\"https:\/\/apuntesdesanluis.com\/index.php\/2023\/12\/17\/giraudo-visito-la-sede-de-a-p-a-d-para-constatar-los-danos-por-la-tormenta\/#primaryimage\"},\"thumbnailUrl\":\"https:\/\/apuntesdesanluis.com\/wp-content\/uploads\/2023\/12\/giraudo-visita-apad-16_12_2023_01-630x420-1.jpg\",\"datePublished\":\"2023-12-17T21:21:54+00:00\",\"breadcrumb\":{\"@id\":\"https:\/\/apuntesdesanluis.com\/index.php\/2023\/12\/17\/giraudo-visito-la-sede-de-a-p-a-d-para-constatar-los-danos-por-la-tormenta\/#breadcrumb\"},\"inLanguage\":\"es-AR\",\"potentialAction\":[{\"@type\":\"ReadAction\",\"target\":[\"https:\/\/apuntesdesanluis.com\/index.php\/2023\/12\/17\/giraudo-visito-la-sede-de-a-p-a-d-para-constatar-los-danos-por-la-tormenta\/\"]}]},{\"@type\":\"ImageObject\",\"inLanguage\":\"es-AR\",\"@id\":\"https:\/\/apuntesdesanluis.com\/index.php\/2023\/12\/17\/giraudo-visito-la-sede-de-a-p-a-d-para-constatar-los-danos-por-la-tormenta\/#primaryimage\",\"url\":\"https:\/\/apuntesdesanluis.com\/wp-content\/uploads\/2023\/12\/giraudo-visita-apad-16_12_2023_01-630x420-1.jpg\",\"contentUrl\":\"https:\/\/apuntesdesanluis.com\/wp-content\/uploads\/2023\/12\/giraudo-visita-apad-16_12_2023_01-630x420-1.jpg\",\"width\":630,\"height\":420},{\"@type\":\"BreadcrumbList\",\"@id\":\"https:\/\/apuntesdesanluis.com\/index.php\/2023\/12\/17\/giraudo-visito-la-sede-de-a-p-a-d-para-constatar-los-danos-por-la-tormenta\/#breadcrumb\",\"itemListElement\":[{\"@type\":\"ListItem\",\"position\":1,\"name\":\"Inicio\",\"item\":\"https:\/\/apuntesdesanluis.com\/\"},{\"@type\":\"ListItem\",\"position\":2,\"name\":\"GIRAUDO VISIT\u00d3 LA SEDE DE A.P.A.D. PARA CONSTATAR LOS DA\u00d1OS POR LA TORMENTA\"}]},{\"@type\":\"WebSite\",\"@id\":\"https:\/\/apuntesdesanluis.com\/#website\",\"url\":\"https:\/\/apuntesdesanluis.com\/\",\"name\":\"Apuntes de San Luis\",\"description\":\"\",\"publisher\":{\"@id\":\"https:\/\/apuntesdesanluis.com\/#\/schema\/person\/b55151d52296fcce64d1a72538a70b90\"},\"potentialAction\":[{\"@type\":\"SearchAction\",\"target\":{\"@type\":\"EntryPoint\",\"urlTemplate\":\"https:\/\/apuntesdesanluis.com\/?s={search_term_string}\"},\"query-input\":{\"@type\":\"PropertyValueSpecification\",\"valueRequired\":true,\"valueName\":\"search_term_string\"}}],\"inLanguage\":\"es-AR\"},{\"@type\":[\"Person\",\"Organization\"],\"@id\":\"https:\/\/apuntesdesanluis.com\/#\/schema\/person\/b55151d52296fcce64d1a72538a70b90\",\"name\":\"apuntesdesanluis.com\",\"image\":{\"@type\":\"ImageObject\",\"inLanguage\":\"es-AR\",\"@id\":\"https:\/\/apuntesdesanluis.com\/#\/schema\/person\/image\/\",\"url\":\"https:\/\/apuntesdesanluis.com\/wp-content\/uploads\/2023\/07\/cropped-apuntesdesanluis.png\",\"contentUrl\":\"https:\/\/apuntesdesanluis.com\/wp-content\/uploads\/2023\/07\/cropped-apuntesdesanluis.png\",\"width\":450,\"height\":112,\"caption\":\"apuntesdesanluis.com\"},\"logo\":{\"@id\":\"https:\/\/apuntesdesanluis.com\/#\/schema\/person\/image\/\"},\"sameAs\":[\"https:\/\/apuntesdesanluis.com\"],\"url\":\"https:\/\/apuntesdesanluis.com\/index.php\/author\/apuntesdesanluis-com\/\"}]}<\/script>\n<!-- \/ Yoast SEO plugin. -->","yoast_head_json":{"title":"GIRAUDO VISIT\u00d3 LA SEDE DE A.P.A.D. PARA CONSTATAR LOS DA\u00d1OS POR LA TORMENTA - Apuntes de San Luis","robots":{"index":"index","follow":"follow","max-snippet":"max-snippet:-1","max-image-preview":"max-image-preview:large","max-video-preview":"max-video-preview:-1"},"canonical":"https:\/\/apuntesdesanluis.com\/index.php\/2023\/12\/17\/giraudo-visito-la-sede-de-a-p-a-d-para-constatar-los-danos-por-la-tormenta\/","og_locale":"es_ES","og_type":"article","og_title":"GIRAUDO VISIT\u00d3 LA SEDE DE A.P.A.D. PARA CONSTATAR LOS DA\u00d1OS POR LA TORMENTA - Apuntes de San Luis","og_description":"Para constatar la gravedad de los da\u00f1os que produjo el temporal, el secretario de Personas...","og_url":"https:\/\/apuntesdesanluis.com\/index.php\/2023\/12\/17\/giraudo-visito-la-sede-de-a-p-a-d-para-constatar-los-danos-por-la-tormenta\/","og_site_name":"Apuntes de San Luis","article_published_time":"2023-12-17T21:21:54+00:00","og_image":[{"width":630,"height":420,"url":"https:\/\/apuntesdesanluis.com\/wp-content\/uploads\/2023\/12\/giraudo-visita-apad-16_12_2023_01-630x420-1.jpg","type":"image\/jpeg"}],"author":"apuntesdesanluis.com","twitter_card":"summary_large_image","twitter_misc":{"Escrito por":"apuntesdesanluis.com","Tiempo de lectura":"1 minuto"},"schema":{"@context":"https:\/\/schema.org","@graph":[{"@type":"Article","@id":"https:\/\/apuntesdesanluis.com\/index.php\/2023\/12\/17\/giraudo-visito-la-sede-de-a-p-a-d-para-constatar-los-danos-por-la-tormenta\/#article","isPartOf":{"@id":"https:\/\/apuntesdesanluis.com\/index.php\/2023\/12\/17\/giraudo-visito-la-sede-de-a-p-a-d-para-constatar-los-danos-por-la-tormenta\/"},"author":{"name":"apuntesdesanluis.com","@id":"https:\/\/apuntesdesanluis.com\/#\/schema\/person\/b55151d52296fcce64d1a72538a70b90"},"headline":"GIRAUDO VISIT\u00d3 LA SEDE DE A.P.A.D. PARA CONSTATAR LOS DA\u00d1OS POR LA TORMENTA","datePublished":"2023-12-17T21:21:54+00:00","mainEntityOfPage":{"@id":"https:\/\/apuntesdesanluis.com\/index.php\/2023\/12\/17\/giraudo-visito-la-sede-de-a-p-a-d-para-constatar-los-danos-por-la-tormenta\/"},"wordCount":189,"publisher":{"@id":"https:\/\/apuntesdesanluis.com\/#\/schema\/person\/b55151d52296fcce64d1a72538a70b90"},"image":{"@id":"https:\/\/apuntesdesanluis.com\/index.php\/2023\/12\/17\/giraudo-visito-la-sede-de-a-p-a-d-para-constatar-los-danos-por-la-tormenta\/#primaryimage"},"thumbnailUrl":"https:\/\/apuntesdesanluis.com\/wp-content\/uploads\/2023\/12\/giraudo-visita-apad-16_12_2023_01-630x420-1.jpg","articleSection":["Ciudad\/Provincia"],"inLanguage":"es-AR"},{"@type":"WebPage","@id":"https:\/\/apuntesdesanluis.com\/index.php\/2023\/12\/17\/giraudo-visito-la-sede-de-a-p-a-d-para-constatar-los-danos-por-la-tormenta\/","url":"https:\/\/apuntesdesanluis.com\/index.php\/2023\/12\/17\/giraudo-visito-la-sede-de-a-p-a-d-para-constatar-los-danos-por-la-tormenta\/","name":"GIRAUDO VISIT\u00d3 LA SEDE DE A.P.A.D. PARA CONSTATAR LOS DA\u00d1OS POR LA TORMENTA - Apuntes de San Luis","isPartOf":{"@id":"https:\/\/apuntesdesanluis.com\/#website"},"primaryImageOfPage":{"@id":"https:\/\/apuntesdesanluis.com\/index.php\/2023\/12\/17\/giraudo-visito-la-sede-de-a-p-a-d-para-constatar-los-danos-por-la-tormenta\/#primaryimage"},"image":{"@id":"https:\/\/apuntesdesanluis.com\/index.php\/2023\/12\/17\/giraudo-visito-la-sede-de-a-p-a-d-para-constatar-los-danos-por-la-tormenta\/#primaryimage"},"thumbnailUrl":"https:\/\/apuntesdesanluis.com\/wp-content\/uploads\/2023\/12\/giraudo-visita-apad-16_12_2023_01-630x420-1.jpg","datePublished":"2023-12-17T21:21:54+00:00","breadcrumb":{"@id":"https:\/\/apuntesdesanluis.com\/index.php\/2023\/12\/17\/giraudo-visito-la-sede-de-a-p-a-d-para-constatar-los-danos-por-la-tormenta\/#breadcrumb"},"inLanguage":"es-AR","potentialAction":[{"@type":"ReadAction","target":["https:\/\/apuntesdesanluis.com\/index.php\/2023\/12\/17\/giraudo-visito-la-sede-de-a-p-a-d-para-constatar-los-danos-por-la-tormenta\/"]}]},{"@type":"ImageObject","inLanguage":"es-AR","@id":"https:\/\/apuntesdesanluis.com\/index.php\/2023\/12\/17\/giraudo-visito-la-sede-de-a-p-a-d-para-constatar-los-danos-por-la-tormenta\/#primaryimage","url":"https:\/\/apuntesdesanluis.com\/wp-content\/uploads\/2023\/12\/giraudo-visita-apad-16_12_2023_01-630x420-1.jpg","contentUrl":"https:\/\/apuntesdesanluis.com\/wp-content\/uploads\/2023\/12\/giraudo-visita-apad-16_12_2023_01-630x420-1.jpg","width":630,"height":420},{"@type":"BreadcrumbList","@id":"https:\/\/apuntesdesanluis.com\/index.php\/2023\/12\/17\/giraudo-visito-la-sede-de-a-p-a-d-para-constatar-los-danos-por-la-tormenta\/#breadcrumb","itemListElement":[{"@type":"ListItem","position":1,"name":"Inicio","item":"https:\/\/apuntesdesanluis.com\/"},{"@type":"ListItem","position":2,"name":"GIRAUDO VISIT\u00d3 LA SEDE DE A.P.A.D. PARA CONSTATAR LOS DA\u00d1OS POR LA TORMENTA"}]},{"@type":"WebSite","@id":"https:\/\/apuntesdesanluis.com\/#website","url":"https:\/\/apuntesdesanluis.com\/","name":"Apuntes de San Luis","description":"","publisher":{"@id":"https:\/\/apuntesdesanluis.com\/#\/schema\/person\/b55151d52296fcce64d1a72538a70b90"},"potentialAction":[{"@type":"SearchAction","target":{"@type":"EntryPoint","urlTemplate":"https:\/\/apuntesdesanluis.com\/?s={search_term_string}"},"query-input":{"@type":"PropertyValueSpecification","valueRequired":true,"valueName":"search_term_string"}}],"inLanguage":"es-AR"},{"@type":["Person","Organization"],"@id":"https:\/\/apuntesdesanluis.com\/#\/schema\/person\/b55151d52296fcce64d1a72538a70b90","name":"apuntesdesanluis.com","image":{"@type":"ImageObject","inLanguage":"es-AR","@id":"https:\/\/apuntesdesanluis.com\/#\/schema\/person\/image\/","url":"https:\/\/apuntesdesanluis.com\/wp-content\/uploads\/2023\/07\/cropped-apuntesdesanluis.png","contentUrl":"https:\/\/apuntesdesanluis.com\/wp-content\/uploads\/2023\/07\/cropped-apuntesdesanluis.png","width":450,"height":112,"caption":"apuntesdesanluis.com"},"logo":{"@id":"https:\/\/apuntesdesanluis.com\/#\/schema\/person\/image\/"},"sameAs":["https:\/\/apuntesdesanluis.com"],"url":"https:\/\/apuntesdesanluis.com\/index.php\/author\/apuntesdesanluis-com\/"}]}},"featured_image_urls":{"full":["https:\/\/apuntesdesanluis.com\/wp-content\/uploads\/2023\/12\/giraudo-visita-apad-16_12_2023_01-630x420-1.jpg",630,420,false],"thumbnail":["https:\/\/apuntesdesanluis.com\/wp-content\/uploads\/2023\/12\/giraudo-visita-apad-16_12_2023_01-630x420-1-150x150.jpg",150,150,true],"medium":["https:\/\/apuntesdesanluis.com\/wp-content\/uploads\/2023\/12\/giraudo-visita-apad-16_12_2023_01-630x420-1-300x200.jpg",300,200,true],"medium_large":["https:\/\/apuntesdesanluis.com\/wp-content\/uploads\/2023\/12\/giraudo-visita-apad-16_12_2023_01-630x420-1.jpg",630,420,false],"large":["https:\/\/apuntesdesanluis.com\/wp-content\/uploads\/2023\/12\/giraudo-visita-apad-16_12_2023_01-630x420-1.jpg",630,420,false],"1536x1536":["https:\/\/apuntesdesanluis.com\/wp-content\/uploads\/2023\/12\/giraudo-visita-apad-16_12_2023_01-630x420-1.jpg",630,420,false],"2048x2048":["https:\/\/apuntesdesanluis.com\/wp-content\/uploads\/2023\/12\/giraudo-visita-apad-16_12_2023_01-630x420-1.jpg",630,420,false],"newsever-slider-full":["https:\/\/apuntesdesanluis.com\/wp-content\/uploads\/2023\/12\/giraudo-visita-apad-16_12_2023_01-630x420-1.jpg",630,420,false],"newsever-featured":["https:\/\/apuntesdesanluis.com\/wp-content\/uploads\/2023\/12\/giraudo-visita-apad-16_12_2023_01-630x420-1.jpg",630,420,false],"newsever-medium":["https:\/\/apuntesdesanluis.com\/wp-content\/uploads\/2023\/12\/giraudo-visita-apad-16_12_2023_01-630x420-1.jpg",630,420,false]},"author_info":{"display_name":"apuntesdesanluis.com","author_link":"https:\/\/apuntesdesanluis.com\/index.php\/author\/apuntesdesanluis-com\/"},"category_info":"<a href=\"https:\/\/apuntesdesanluis.com\/index.php\/category\/ciudad-provincia\/\" rel=\"category tag\">Ciudad\/Provincia<\/a>","tag_info":"Ciudad\/Provincia","comment_count":"0","_links":{"self":[{"href":"https:\/\/apuntesdesanluis.com\/index.php\/wp-json\/wp\/v2\/posts\/8504","targetHints":{"allow":["GET"]}}],"collection":[{"href":"https:\/\/apuntesdesanluis.com\/index.php\/wp-json\/wp\/v2\/posts"}],"about":[{"href":"https:\/\/apuntesdesanluis.com\/index.php\/wp-json\/wp\/v2\/types\/post"}],"author":[{"embeddable":true,"href":"https:\/\/apuntesdesanluis.com\/index.php\/wp-json\/wp\/v2\/users\/1"}],"replies":[{"embeddable":true,"href":"https:\/\/apuntesdesanluis.com\/index.php\/wp-json\/wp\/v2\/comments?post=8504"}],"version-history":[{"count":1,"href":"https:\/\/apuntesdesanluis.com\/index.php\/wp-json\/wp\/v2\/posts\/8504\/revisions"}],"predecessor-version":[{"id":8507,"href":"https:\/\/apuntesdesanluis.com\/index.php\/wp-json\/wp\/v2\/posts\/8504\/revisions\/8507"}],"wp:featuredmedia":[{"embeddable":true,"href":"https:\/\/apuntesdesanluis.com\/index.php\/wp-json\/wp\/v2\/media\/8505"}],"wp:attachment":[{"href":"https:\/\/apuntesdesanluis.com\/index.php\/wp-json\/wp\/v2\/media?parent=8504"}],"wp:term":[{"taxonomy":"category","embeddable":true,"href":"https:\/\/apuntesdesanluis.com\/index.php\/wp-json\/wp\/v2\/categories?post=8504"},{"taxonomy":"post_tag","embeddable":true,"href":"https:\/\/apuntesdesanluis.com\/index.php\/wp-json\/wp\/v2\/tags?post=8504"}],"curies":[{"name":"wp","href":"https:\/\/api.w.org\/{rel}","templated":true}]}}