{"id":853,"date":"2023-08-01T13:19:53","date_gmt":"2023-08-01T16:19:53","guid":{"rendered":"https:\/\/apuntesdesanluis.com\/?p=853"},"modified":"2023-08-01T18:21:05","modified_gmt":"2023-08-01T21:21:05","slug":"renuncio-a-su-bancada-un-senador-del-bloque-justicialista","status":"publish","type":"post","link":"https:\/\/apuntesdesanluis.com\/index.php\/2023\/08\/01\/renuncio-a-su-bancada-un-senador-del-bloque-justicialista\/","title":{"rendered":"RENUNCI\u00d3 A SU BANCADA UN SENADOR DEL BLOQUE JUSTICIALISTA"},"content":{"rendered":"<h3>Se trata del senador provincial <strong>Marcelo Debandi<\/strong>, quien lo comunic\u00f3 este lunes a las autoridades de la C\u00e1mara Alta, al tiempo que anunci\u00f3 la conformaci\u00f3n del bloque unipersonal &#8220;Doctrina Peronista&#8221;.<\/h3>\n<h3>El legislador del Departamento Chacabuco se ausent\u00f3 en la sesi\u00f3n de la semana pasada, en oportunidad de votarse la pol\u00e9mica ley que crea 53 nuevos cargos en la Legislatura, con sueldos cercanos a los $800.000.<\/h3>\n<h3>En di\u00e1logo con la prensa, Debandi formul\u00f3 un llamado a la reflexi\u00f3n y a la austeridad: \u201cLo que no crea conveniente para el pueblo no lo acompa\u00f1ar\u00e9\u201d, por lo que adelant\u00f3 la intenci\u00f3n de \u201cpresentar alguna reforma, porque toda la gente no est\u00e1 de acuerdo, entonces una de las cosas cuando uno gobierna dentro de esta autoridad peronista, lo hace para el pueblo y hay que hacer lo que \u00e9l quiere\u201d.<\/h3>\n<h3>En referencia a su renuncia al bloque, expres\u00f3: \u201cHago un llamado a la reflexi\u00f3n en estos tiempos que corren. Es una decisi\u00f3n que tuve que tomar, me pareci\u00f3 muy necesaria a ra\u00edz de que tenemos que buscar los acuerdos, todo el di\u00e1logo posible para una transici\u00f3n ordenada como se merece la gente de San Luis porque primero est\u00e1 el pueblo y no podemos tener discusiones innecesarias. Ac\u00e1 hay decisiones que tomar lo m\u00e1s cerca de la gente posible\u201d, manifest\u00f3 el legislador en una entrevista en La Ma\u00f1ana de Dimensi\u00f3n.<\/h3>\n<h3>Agreg\u00f3 que quienes tienen responsabilidades p\u00fablicas \u201cdeben pensar bien las cosas, porque son momentos muy dif\u00edciles por la situaci\u00f3n econ\u00f3mica y social que pasa el pa\u00eds\u201d.<\/h3>\n<h3>\u201cSeguimos generando grietas y hay que tratar de que no se sigan abriendo. En el caso nuestro tener una transici\u00f3n ordenada, pero hay que seguir gobernando, tenemos muchas necesidades y realmente hay una cosa que es el bien com\u00fan, no tenemos que apartarnos de eso y ser lo m\u00e1s responsables posibles. Pero para todos los que tengamos una responsabilidad social, sobre todo los pol\u00edticos, pero tambi\u00e9n los medios de comunicaci\u00f3n y dejar muchas diferencias de lado para que las cosas salgan de la mejor manera posible\u201d, sostuvo el senador.<\/h3>\n<h3>En relaci\u00f3n a la decisi\u00f3n del gobernador Alberto Rodr\u00edguez Sa\u00e1 de no iniciar la transici\u00f3n con la gesti\u00f3n entrante, sostuvo: \u201cAh\u00ed es donde tambi\u00e9n tenemos que aportar como legisladores y tratar de que ese di\u00e1logo se concrete, que realmente comience ese proceso y sea ordenado\u201d.<\/h3>\n<h3>\u201cPor eso arm\u00e9 este bloque unipersonal por ahora, pero por ah\u00ed se va a sumar alguien m\u00e1s, pero en la base de que podamos hacer todo el esfuerzo y busquemos que ese di\u00e1logo se produzca porque es para el bien de los puntanos\u201d, se\u00f1al\u00f3. \u201cLas situaciones no dan para m\u00e1s, la gente no puede ser reh\u00e9n de estas cosas, por eso hay que tener toda la calma y dejar las diferencias personales, los personalismos\u201d.<\/h3>\n<h3>Debandi explic\u00f3 que se reuni\u00f3 con los senadores del oficialismo por la ley que cre\u00f3 la estructura de funcionarios de la Legislatura y les comunic\u00f3 que propondr\u00e1 una reforma. \u201cA veces uno se puede equivocar y se pueden rever las situaciones\u201d, indic\u00f3.<\/h3>\n<h3>A su vez, plante\u00f3 que no est\u00e1 de acuerdo con el gasto p\u00fablico que implicar\u00eda, ya que esos funcionarios percibir\u00e1n sueldos de $800 mil y significar\u00eda un costo anual de m\u00e1s de $500 millones.<\/h3>\n<h3>\u201cEn este momento hay que ser austero en todo lo que sea la administraci\u00f3n p\u00fablica porque los tiempos son muy dif\u00edciles, no soy partidario de que se derogue, pero tenemos que reformarla en cuanto al gasto como que ganen menos, que se busquen los recursos para ver d\u00f3nde va a salir dinero y adecuar cuestiones econ\u00f3micas\u201d, expuso.<\/h3>\n<h3>A Debandi tambi\u00e9n se le pregunt\u00f3 sobre otros proyectos de ley que envi\u00f3 el Gobierno sobre modificar un art\u00edculo del Presupuesto 2023 (permite generar m\u00e1s empleo p\u00fablico) y una reforma en Universidad Provincial de Oficios (Upro) que le otorgar\u00e1 m\u00e1s recursos y no tendr\u00e1 mayores controles.<\/h3>\n<h3>\u201cLas voy a analizar profundamente, pero lo que no crea conveniente para el pueblo, no lo voy a acompa\u00f1ar de ninguna manera. Hay que analizar, acordar, hablar con los sectores, con la oposici\u00f3n, con el oficialismo, tenemos que llegar a acuerdos de que realmente esto tenga concordancia tambi\u00e9n para el Gobierno que viene y el pr\u00f3ximo a\u00f1o seamos una oposici\u00f3n constructiva, hay que construir no destruir\u201d, se\u00f1al\u00f3.<\/h3>\n<h3>Asegur\u00f3 que seguir\u00e1 trabajando en la pol\u00edtica luego de que termine su mandato este pr\u00f3ximo 10 de diciembre.<\/h3>\n<h3>Adem\u00e1s, anticip\u00f3 que en la Asamblea Legislativo de hoy no votar\u00e1 a favor de la designaci\u00f3n de Enrique Ponce como Defensor del Pueblo: &#8220;Me gusta que quien ocupe el cargo tenga callos en las manos, necesitar\u00edamos alguien del interior y otro tipo de persona\u201d, describi\u00f3.<\/h3>\n","protected":false},"excerpt":{"rendered":"<p>Se trata del senador provincial Marcelo Debandi, quien lo comunic\u00f3 este lunes a las autoridades&#8230;<\/p>\n","protected":false},"author":1,"featured_media":854,"comment_status":"closed","ping_status":"closed","sticky":false,"template":"","format":"standard","meta":{"footnotes":""},"categories":[6],"tags":[],"class_list":["post-853","post","type-post","status-publish","format-standard","has-post-thumbnail","hentry","category-ciudad-provincia"],"yoast_head":"<!-- This site is optimized with the Yoast SEO plugin v26.1.1 - https:\/\/yoast.com\/wordpress\/plugins\/seo\/ -->\n<title>RENUNCI\u00d3 A SU BANCADA UN SENADOR DEL BLOQUE JUSTICIALISTA - Apuntes de San Luis<\/title>\n<meta name=\"robots\" content=\"index, follow, max-snippet:-1, max-image-preview:large, max-video-preview:-1\" \/>\n<link rel=\"canonical\" href=\"https:\/\/apuntesdesanluis.com\/index.php\/2023\/08\/01\/renuncio-a-su-bancada-un-senador-del-bloque-justicialista\/\" \/>\n<meta property=\"og:locale\" content=\"es_ES\" \/>\n<meta property=\"og:type\" content=\"article\" \/>\n<meta property=\"og:title\" content=\"RENUNCI\u00d3 A SU BANCADA UN SENADOR DEL BLOQUE JUSTICIALISTA - Apuntes de San Luis\" \/>\n<meta property=\"og:description\" content=\"Se trata del senador provincial Marcelo Debandi, quien lo comunic\u00f3 este lunes a las autoridades...\" \/>\n<meta property=\"og:url\" content=\"https:\/\/apuntesdesanluis.com\/index.php\/2023\/08\/01\/renuncio-a-su-bancada-un-senador-del-bloque-justicialista\/\" \/>\n<meta property=\"og:site_name\" content=\"Apuntes de San Luis\" \/>\n<meta property=\"article:published_time\" content=\"2023-08-01T16:19:53+00:00\" \/>\n<meta property=\"article:modified_time\" content=\"2023-08-01T21:21:05+00:00\" \/>\n<meta property=\"og:image\" content=\"https:\/\/apuntesdesanluis.com\/wp-content\/uploads\/2023\/08\/marcelo-debandi.png\" \/>\n\t<meta property=\"og:image:width\" content=\"521\" \/>\n\t<meta property=\"og:image:height\" content=\"331\" \/>\n\t<meta property=\"og:image:type\" content=\"image\/png\" \/>\n<meta name=\"author\" content=\"apuntesdesanluis.com\" \/>\n<meta name=\"twitter:card\" content=\"summary_large_image\" \/>\n<meta name=\"twitter:label1\" content=\"Escrito por\" \/>\n\t<meta name=\"twitter:data1\" content=\"apuntesdesanluis.com\" \/>\n\t<meta name=\"twitter:label2\" content=\"Tiempo de lectura\" \/>\n\t<meta name=\"twitter:data2\" content=\"4 minutos\" \/>\n<script type=\"application\/ld+json\" class=\"yoast-schema-graph\">{\"@context\":\"https:\/\/schema.org\",\"@graph\":[{\"@type\":\"Article\",\"@id\":\"https:\/\/apuntesdesanluis.com\/index.php\/2023\/08\/01\/renuncio-a-su-bancada-un-senador-del-bloque-justicialista\/#article\",\"isPartOf\":{\"@id\":\"https:\/\/apuntesdesanluis.com\/index.php\/2023\/08\/01\/renuncio-a-su-bancada-un-senador-del-bloque-justicialista\/\"},\"author\":{\"name\":\"apuntesdesanluis.com\",\"@id\":\"https:\/\/apuntesdesanluis.com\/#\/schema\/person\/b55151d52296fcce64d1a72538a70b90\"},\"headline\":\"RENUNCI\u00d3 A SU BANCADA UN SENADOR DEL BLOQUE JUSTICIALISTA\",\"datePublished\":\"2023-08-01T16:19:53+00:00\",\"dateModified\":\"2023-08-01T21:21:05+00:00\",\"mainEntityOfPage\":{\"@id\":\"https:\/\/apuntesdesanluis.com\/index.php\/2023\/08\/01\/renuncio-a-su-bancada-un-senador-del-bloque-justicialista\/\"},\"wordCount\":837,\"publisher\":{\"@id\":\"https:\/\/apuntesdesanluis.com\/#\/schema\/person\/b55151d52296fcce64d1a72538a70b90\"},\"image\":{\"@id\":\"https:\/\/apuntesdesanluis.com\/index.php\/2023\/08\/01\/renuncio-a-su-bancada-un-senador-del-bloque-justicialista\/#primaryimage\"},\"thumbnailUrl\":\"https:\/\/apuntesdesanluis.com\/wp-content\/uploads\/2023\/08\/marcelo-debandi.png\",\"articleSection\":[\"Ciudad\/Provincia\"],\"inLanguage\":\"es-AR\"},{\"@type\":\"WebPage\",\"@id\":\"https:\/\/apuntesdesanluis.com\/index.php\/2023\/08\/01\/renuncio-a-su-bancada-un-senador-del-bloque-justicialista\/\",\"url\":\"https:\/\/apuntesdesanluis.com\/index.php\/2023\/08\/01\/renuncio-a-su-bancada-un-senador-del-bloque-justicialista\/\",\"name\":\"RENUNCI\u00d3 A SU BANCADA UN SENADOR DEL BLOQUE JUSTICIALISTA - Apuntes de San Luis\",\"isPartOf\":{\"@id\":\"https:\/\/apuntesdesanluis.com\/#website\"},\"primaryImageOfPage\":{\"@id\":\"https:\/\/apuntesdesanluis.com\/index.php\/2023\/08\/01\/renuncio-a-su-bancada-un-senador-del-bloque-justicialista\/#primaryimage\"},\"image\":{\"@id\":\"https:\/\/apuntesdesanluis.com\/index.php\/2023\/08\/01\/renuncio-a-su-bancada-un-senador-del-bloque-justicialista\/#primaryimage\"},\"thumbnailUrl\":\"https:\/\/apuntesdesanluis.com\/wp-content\/uploads\/2023\/08\/marcelo-debandi.png\",\"datePublished\":\"2023-08-01T16:19:53+00:00\",\"dateModified\":\"2023-08-01T21:21:05+00:00\",\"breadcrumb\":{\"@id\":\"https:\/\/apuntesdesanluis.com\/index.php\/2023\/08\/01\/renuncio-a-su-bancada-un-senador-del-bloque-justicialista\/#breadcrumb\"},\"inLanguage\":\"es-AR\",\"potentialAction\":[{\"@type\":\"ReadAction\",\"target\":[\"https:\/\/apuntesdesanluis.com\/index.php\/2023\/08\/01\/renuncio-a-su-bancada-un-senador-del-bloque-justicialista\/\"]}]},{\"@type\":\"ImageObject\",\"inLanguage\":\"es-AR\",\"@id\":\"https:\/\/apuntesdesanluis.com\/index.php\/2023\/08\/01\/renuncio-a-su-bancada-un-senador-del-bloque-justicialista\/#primaryimage\",\"url\":\"https:\/\/apuntesdesanluis.com\/wp-content\/uploads\/2023\/08\/marcelo-debandi.png\",\"contentUrl\":\"https:\/\/apuntesdesanluis.com\/wp-content\/uploads\/2023\/08\/marcelo-debandi.png\",\"width\":521,\"height\":331},{\"@type\":\"BreadcrumbList\",\"@id\":\"https:\/\/apuntesdesanluis.com\/index.php\/2023\/08\/01\/renuncio-a-su-bancada-un-senador-del-bloque-justicialista\/#breadcrumb\",\"itemListElement\":[{\"@type\":\"ListItem\",\"position\":1,\"name\":\"Inicio\",\"item\":\"https:\/\/apuntesdesanluis.com\/\"},{\"@type\":\"ListItem\",\"position\":2,\"name\":\"RENUNCI\u00d3 A SU BANCADA UN SENADOR DEL BLOQUE JUSTICIALISTA\"}]},{\"@type\":\"WebSite\",\"@id\":\"https:\/\/apuntesdesanluis.com\/#website\",\"url\":\"https:\/\/apuntesdesanluis.com\/\",\"name\":\"Apuntes de San Luis\",\"description\":\"\",\"publisher\":{\"@id\":\"https:\/\/apuntesdesanluis.com\/#\/schema\/person\/b55151d52296fcce64d1a72538a70b90\"},\"potentialAction\":[{\"@type\":\"SearchAction\",\"target\":{\"@type\":\"EntryPoint\",\"urlTemplate\":\"https:\/\/apuntesdesanluis.com\/?s={search_term_string}\"},\"query-input\":{\"@type\":\"PropertyValueSpecification\",\"valueRequired\":true,\"valueName\":\"search_term_string\"}}],\"inLanguage\":\"es-AR\"},{\"@type\":[\"Person\",\"Organization\"],\"@id\":\"https:\/\/apuntesdesanluis.com\/#\/schema\/person\/b55151d52296fcce64d1a72538a70b90\",\"name\":\"apuntesdesanluis.com\",\"image\":{\"@type\":\"ImageObject\",\"inLanguage\":\"es-AR\",\"@id\":\"https:\/\/apuntesdesanluis.com\/#\/schema\/person\/image\/\",\"url\":\"https:\/\/apuntesdesanluis.com\/wp-content\/uploads\/2023\/07\/cropped-apuntesdesanluis.png\",\"contentUrl\":\"https:\/\/apuntesdesanluis.com\/wp-content\/uploads\/2023\/07\/cropped-apuntesdesanluis.png\",\"width\":450,\"height\":112,\"caption\":\"apuntesdesanluis.com\"},\"logo\":{\"@id\":\"https:\/\/apuntesdesanluis.com\/#\/schema\/person\/image\/\"},\"sameAs\":[\"https:\/\/apuntesdesanluis.com\"],\"url\":\"https:\/\/apuntesdesanluis.com\/index.php\/author\/apuntesdesanluis-com\/\"}]}<\/script>\n<!-- \/ Yoast SEO plugin. -->","yoast_head_json":{"title":"RENUNCI\u00d3 A SU BANCADA UN SENADOR DEL BLOQUE JUSTICIALISTA - Apuntes de San Luis","robots":{"index":"index","follow":"follow","max-snippet":"max-snippet:-1","max-image-preview":"max-image-preview:large","max-video-preview":"max-video-preview:-1"},"canonical":"https:\/\/apuntesdesanluis.com\/index.php\/2023\/08\/01\/renuncio-a-su-bancada-un-senador-del-bloque-justicialista\/","og_locale":"es_ES","og_type":"article","og_title":"RENUNCI\u00d3 A SU BANCADA UN SENADOR DEL BLOQUE JUSTICIALISTA - Apuntes de San Luis","og_description":"Se trata del senador provincial Marcelo Debandi, quien lo comunic\u00f3 este lunes a las autoridades...","og_url":"https:\/\/apuntesdesanluis.com\/index.php\/2023\/08\/01\/renuncio-a-su-bancada-un-senador-del-bloque-justicialista\/","og_site_name":"Apuntes de San Luis","article_published_time":"2023-08-01T16:19:53+00:00","article_modified_time":"2023-08-01T21:21:05+00:00","og_image":[{"width":521,"height":331,"url":"https:\/\/apuntesdesanluis.com\/wp-content\/uploads\/2023\/08\/marcelo-debandi.png","type":"image\/png"}],"author":"apuntesdesanluis.com","twitter_card":"summary_large_image","twitter_misc":{"Escrito por":"apuntesdesanluis.com","Tiempo de lectura":"4 minutos"},"schema":{"@context":"https:\/\/schema.org","@graph":[{"@type":"Article","@id":"https:\/\/apuntesdesanluis.com\/index.php\/2023\/08\/01\/renuncio-a-su-bancada-un-senador-del-bloque-justicialista\/#article","isPartOf":{"@id":"https:\/\/apuntesdesanluis.com\/index.php\/2023\/08\/01\/renuncio-a-su-bancada-un-senador-del-bloque-justicialista\/"},"author":{"name":"apuntesdesanluis.com","@id":"https:\/\/apuntesdesanluis.com\/#\/schema\/person\/b55151d52296fcce64d1a72538a70b90"},"headline":"RENUNCI\u00d3 A SU BANCADA UN SENADOR DEL BLOQUE JUSTICIALISTA","datePublished":"2023-08-01T16:19:53+00:00","dateModified":"2023-08-01T21:21:05+00:00","mainEntityOfPage":{"@id":"https:\/\/apuntesdesanluis.com\/index.php\/2023\/08\/01\/renuncio-a-su-bancada-un-senador-del-bloque-justicialista\/"},"wordCount":837,"publisher":{"@id":"https:\/\/apuntesdesanluis.com\/#\/schema\/person\/b55151d52296fcce64d1a72538a70b90"},"image":{"@id":"https:\/\/apuntesdesanluis.com\/index.php\/2023\/08\/01\/renuncio-a-su-bancada-un-senador-del-bloque-justicialista\/#primaryimage"},"thumbnailUrl":"https:\/\/apuntesdesanluis.com\/wp-content\/uploads\/2023\/08\/marcelo-debandi.png","articleSection":["Ciudad\/Provincia"],"inLanguage":"es-AR"},{"@type":"WebPage","@id":"https:\/\/apuntesdesanluis.com\/index.php\/2023\/08\/01\/renuncio-a-su-bancada-un-senador-del-bloque-justicialista\/","url":"https:\/\/apuntesdesanluis.com\/index.php\/2023\/08\/01\/renuncio-a-su-bancada-un-senador-del-bloque-justicialista\/","name":"RENUNCI\u00d3 A SU BANCADA UN SENADOR DEL BLOQUE JUSTICIALISTA - Apuntes de San Luis","isPartOf":{"@id":"https:\/\/apuntesdesanluis.com\/#website"},"primaryImageOfPage":{"@id":"https:\/\/apuntesdesanluis.com\/index.php\/2023\/08\/01\/renuncio-a-su-bancada-un-senador-del-bloque-justicialista\/#primaryimage"},"image":{"@id":"https:\/\/apuntesdesanluis.com\/index.php\/2023\/08\/01\/renuncio-a-su-bancada-un-senador-del-bloque-justicialista\/#primaryimage"},"thumbnailUrl":"https:\/\/apuntesdesanluis.com\/wp-content\/uploads\/2023\/08\/marcelo-debandi.png","datePublished":"2023-08-01T16:19:53+00:00","dateModified":"2023-08-01T21:21:05+00:00","breadcrumb":{"@id":"https:\/\/apuntesdesanluis.com\/index.php\/2023\/08\/01\/renuncio-a-su-bancada-un-senador-del-bloque-justicialista\/#breadcrumb"},"inLanguage":"es-AR","potentialAction":[{"@type":"ReadAction","target":["https:\/\/apuntesdesanluis.com\/index.php\/2023\/08\/01\/renuncio-a-su-bancada-un-senador-del-bloque-justicialista\/"]}]},{"@type":"ImageObject","inLanguage":"es-AR","@id":"https:\/\/apuntesdesanluis.com\/index.php\/2023\/08\/01\/renuncio-a-su-bancada-un-senador-del-bloque-justicialista\/#primaryimage","url":"https:\/\/apuntesdesanluis.com\/wp-content\/uploads\/2023\/08\/marcelo-debandi.png","contentUrl":"https:\/\/apuntesdesanluis.com\/wp-content\/uploads\/2023\/08\/marcelo-debandi.png","width":521,"height":331},{"@type":"BreadcrumbList","@id":"https:\/\/apuntesdesanluis.com\/index.php\/2023\/08\/01\/renuncio-a-su-bancada-un-senador-del-bloque-justicialista\/#breadcrumb","itemListElement":[{"@type":"ListItem","position":1,"name":"Inicio","item":"https:\/\/apuntesdesanluis.com\/"},{"@type":"ListItem","position":2,"name":"RENUNCI\u00d3 A SU BANCADA UN SENADOR DEL BLOQUE JUSTICIALISTA"}]},{"@type":"WebSite","@id":"https:\/\/apuntesdesanluis.com\/#website","url":"https:\/\/apuntesdesanluis.com\/","name":"Apuntes de San Luis","description":"","publisher":{"@id":"https:\/\/apuntesdesanluis.com\/#\/schema\/person\/b55151d52296fcce64d1a72538a70b90"},"potentialAction":[{"@type":"SearchAction","target":{"@type":"EntryPoint","urlTemplate":"https:\/\/apuntesdesanluis.com\/?s={search_term_string}"},"query-input":{"@type":"PropertyValueSpecification","valueRequired":true,"valueName":"search_term_string"}}],"inLanguage":"es-AR"},{"@type":["Person","Organization"],"@id":"https:\/\/apuntesdesanluis.com\/#\/schema\/person\/b55151d52296fcce64d1a72538a70b90","name":"apuntesdesanluis.com","image":{"@type":"ImageObject","inLanguage":"es-AR","@id":"https:\/\/apuntesdesanluis.com\/#\/schema\/person\/image\/","url":"https:\/\/apuntesdesanluis.com\/wp-content\/uploads\/2023\/07\/cropped-apuntesdesanluis.png","contentUrl":"https:\/\/apuntesdesanluis.com\/wp-content\/uploads\/2023\/07\/cropped-apuntesdesanluis.png","width":450,"height":112,"caption":"apuntesdesanluis.com"},"logo":{"@id":"https:\/\/apuntesdesanluis.com\/#\/schema\/person\/image\/"},"sameAs":["https:\/\/apuntesdesanluis.com"],"url":"https:\/\/apuntesdesanluis.com\/index.php\/author\/apuntesdesanluis-com\/"}]}},"featured_image_urls":{"full":["https:\/\/apuntesdesanluis.com\/wp-content\/uploads\/2023\/08\/marcelo-debandi.png",521,331,false],"thumbnail":["https:\/\/apuntesdesanluis.com\/wp-content\/uploads\/2023\/08\/marcelo-debandi-150x150.png",150,150,true],"medium":["https:\/\/apuntesdesanluis.com\/wp-content\/uploads\/2023\/08\/marcelo-debandi-300x191.png",300,191,true],"medium_large":["https:\/\/apuntesdesanluis.com\/wp-content\/uploads\/2023\/08\/marcelo-debandi.png",521,331,false],"large":["https:\/\/apuntesdesanluis.com\/wp-content\/uploads\/2023\/08\/marcelo-debandi.png",521,331,false],"1536x1536":["https:\/\/apuntesdesanluis.com\/wp-content\/uploads\/2023\/08\/marcelo-debandi.png",521,331,false],"2048x2048":["https:\/\/apuntesdesanluis.com\/wp-content\/uploads\/2023\/08\/marcelo-debandi.png",521,331,false],"newsever-slider-full":["https:\/\/apuntesdesanluis.com\/wp-content\/uploads\/2023\/08\/marcelo-debandi.png",521,331,false],"newsever-featured":["https:\/\/apuntesdesanluis.com\/wp-content\/uploads\/2023\/08\/marcelo-debandi.png",521,331,false],"newsever-medium":["https:\/\/apuntesdesanluis.com\/wp-content\/uploads\/2023\/08\/marcelo-debandi.png",521,331,false]},"author_info":{"display_name":"apuntesdesanluis.com","author_link":"https:\/\/apuntesdesanluis.com\/index.php\/author\/apuntesdesanluis-com\/"},"category_info":"<a href=\"https:\/\/apuntesdesanluis.com\/index.php\/category\/ciudad-provincia\/\" rel=\"category tag\">Ciudad\/Provincia<\/a>","tag_info":"Ciudad\/Provincia","comment_count":"0","_links":{"self":[{"href":"https:\/\/apuntesdesanluis.com\/index.php\/wp-json\/wp\/v2\/posts\/853","targetHints":{"allow":["GET"]}}],"collection":[{"href":"https:\/\/apuntesdesanluis.com\/index.php\/wp-json\/wp\/v2\/posts"}],"about":[{"href":"https:\/\/apuntesdesanluis.com\/index.php\/wp-json\/wp\/v2\/types\/post"}],"author":[{"embeddable":true,"href":"https:\/\/apuntesdesanluis.com\/index.php\/wp-json\/wp\/v2\/users\/1"}],"replies":[{"embeddable":true,"href":"https:\/\/apuntesdesanluis.com\/index.php\/wp-json\/wp\/v2\/comments?post=853"}],"version-history":[{"count":1,"href":"https:\/\/apuntesdesanluis.com\/index.php\/wp-json\/wp\/v2\/posts\/853\/revisions"}],"predecessor-version":[{"id":855,"href":"https:\/\/apuntesdesanluis.com\/index.php\/wp-json\/wp\/v2\/posts\/853\/revisions\/855"}],"wp:featuredmedia":[{"embeddable":true,"href":"https:\/\/apuntesdesanluis.com\/index.php\/wp-json\/wp\/v2\/media\/854"}],"wp:attachment":[{"href":"https:\/\/apuntesdesanluis.com\/index.php\/wp-json\/wp\/v2\/media?parent=853"}],"wp:term":[{"taxonomy":"category","embeddable":true,"href":"https:\/\/apuntesdesanluis.com\/index.php\/wp-json\/wp\/v2\/categories?post=853"},{"taxonomy":"post_tag","embeddable":true,"href":"https:\/\/apuntesdesanluis.com\/index.php\/wp-json\/wp\/v2\/tags?post=853"}],"curies":[{"name":"wp","href":"https:\/\/api.w.org\/{rel}","templated":true}]}}