{"id":8534,"date":"2023-12-18T15:05:54","date_gmt":"2023-12-18T18:05:54","guid":{"rendered":"https:\/\/apuntesdesanluis.com\/?p=8534"},"modified":"2023-12-18T18:59:51","modified_gmt":"2023-12-18T21:59:51","slug":"el-senador-abdala-le-pidio-a-poggi-que-reconsidere-las-medidas-que-anuncio","status":"publish","type":"post","link":"https:\/\/apuntesdesanluis.com\/index.php\/2023\/12\/18\/el-senador-abdala-le-pidio-a-poggi-que-reconsidere-las-medidas-que-anuncio\/","title":{"rendered":"EL SENADOR ABDALA LE PIDI\u00d3 A POGGI QUE \u201cRECONSIDERE LAS MEDIDAS\u201d QUE ANUNCI\u00d3"},"content":{"rendered":"<h3>Lo hizo a trav\u00e9s de una &#8220;<strong>Carta Abierta al Gobernador<\/strong>&#8220;, en la que cuestion\u00f3 el pago desdoblado a los empleados p\u00fablicos y que haya dejado sin efecto el Acuerdo de La Toma, que garantizaba los fondos a los municipios.<\/h3>\n<h3>Se ignora si el senador nacional <strong>Bartolom\u00e9 Abdala<\/strong> present\u00f3 una nota similar por mesa de entradas, que es lo que corresponder\u00eda, o si eligi\u00f3 s\u00f3lo el modo medi\u00e1tico para difundir su postura personal.<\/h3>\n<h3>Suena sugestiva la nota del libertario que venci\u00f3 en las pasadas elecciones, teniendo en cuenta que tambi\u00e9n tendr\u00e1n un fuerte impacto sobre diferentes sectores las medidas de ajuste anunciadas por Milei la semana pasada. Entre ellas, la quita de subsidios a los servicios p\u00fablicos, el restablecimiento del impuesto a las ganancias, la suba de las retenciones a las exportaciones agropecuarias, la reducci\u00f3n al m\u00ednimo de las transferencias a las provincias y la no licitaci\u00f3n de obras p\u00fablicas, entre otras.<\/h3>\n<h3>Adem\u00e1s de cuestionar a la gesti\u00f3n de Rodr\u00edguez Sa\u00e1 y a la actual, por no haber podido concretar una transici\u00f3n ordenada, el legislador reprodujo conceptos del Presidente de la Naci\u00f3n <strong>Javier Milei<\/strong>: &#8220;Buscar el camino hacia el equilibrio y el saneamiento de las finanzas p\u00fablicas debe recaer sobre los privilegios de la casta pol\u00edtica; jam\u00e1s sobre el pueblo. El esfuerzo para atravesar este duro momento requiere de gran inteligencia y reitero sensibilidad&#8221;.<\/h3>\n<h3>La carta completa del Vicepresidente Provisional del Senado Nacional se\u00f1ala en forma textual:<\/h3>\n<h3><em>Las medidas anunciadas por el Se\u00f1or Gobernador Claudio Poggi han generado una profunda angustia y pesar en todos los vecinos de la provincia. Situaci\u00f3n generada bajo la responsabilidad exclusiva de la administraci\u00f3n provincial.<\/em><\/h3>\n<h3><em>Es inadmisible que San Luis, con una trayectoria de equilibrio fiscal de 40 a\u00f1os, deba atravesar esta emergencia que perjudica a trabajadores, comerciantes y a la sociedad entera.<\/em><\/h3>\n<h3><em>Es inadmisible que las cabezas de las administraciones saliente y entrante no quisieron, no pudieron y no lograron realizar una transici\u00f3n adecuadas producto de egos personales.<\/em><\/h3>\n<h3><em>Es inadmisible que no se tomen las medidas necesarias de manera inmediata para que los mayores responsables de esta cat\u00e1strofe social y econ\u00f3mica rindan cuentas.<\/em><\/h3>\n<h3><em>\u201cEl que las hace, las paga\u201d y tanto Alberto Rodriguez Sa\u00e1 como el Sr. Eloy Horcajo, que cuentan con m\u00e1s de una gesti\u00f3n administrando las cuentas p\u00fablicas, deben ser citados para dar explicaciones al pueblo de San Luis.<\/em><\/h3>\n<h3><em>Es a\u00fan m\u00e1s inadmisible que producto de esa insensibilidad, las consecuencias de esta crisis recaiga en las espaldas de las y los trabajadores; en un contexto de casi el 50% de pobreza, donde los ni\u00f1os no tienen para comer. El Acuerdo de La Toma, que tiene por objeto garantizar un salario digno, se debe respetar. Por lo tanto se requiere al se\u00f1or gobernador mayor sensibilidad humana en este tiempo navide\u00f1o.<\/em><\/h3>\n<h3><em>Como se\u00f1ala el Presidente de la Naci\u00f3n Javier Milei, buscar el camino hacia el equilibrio y el saneamiento de las finanzas p\u00fablicas debe recaer sobre los privilegios de la casta pol\u00edtica; jam\u00e1s sobre el pueblo. El esfuerzo para atravesar este duro momento requiere de gran inteligencia y reitero sensibilidad.<\/em><\/h3>\n<h3><em>Como consecuencia de este desm\u00e1n del gobierno provincial anterior, es que en mi condici\u00f3n de Senador Nacional por la Provincia de San Luis, me pongo a su entera disposici\u00f3n para colaborar en la b\u00fasqueda de alternativas que den prioridad al salario de la gente.<\/em><\/h3>\n<h3><em>Le solicito al Se\u00f1or Gobernador Claudio Poggi reconsidere las medidas anunciadas la semana pasada y garantice el pago del salario de los empleados p\u00fablicos en su totalidad.<\/em><\/h3>\n<h3><em><strong>\u201cDale al trabajador su salario, antes que se haya secado el sudor de su frente\u201d.\u00a0<\/strong><strong>Mahoma.<\/strong><\/em><\/h3>\n<p>&nbsp;<\/p>\n<p>&nbsp;<\/p>\n","protected":false},"excerpt":{"rendered":"<p>Lo hizo a trav\u00e9s de una &#8220;Carta Abierta al Gobernador&#8220;, en la que cuestion\u00f3 el&#8230;<\/p>\n","protected":false},"author":1,"featured_media":8535,"comment_status":"closed","ping_status":"closed","sticky":false,"template":"","format":"standard","meta":{"footnotes":""},"categories":[6],"tags":[],"class_list":["post-8534","post","type-post","status-publish","format-standard","has-post-thumbnail","hentry","category-ciudad-provincia"],"yoast_head":"<!-- This site is optimized with the Yoast SEO plugin v26.1.1 - https:\/\/yoast.com\/wordpress\/plugins\/seo\/ -->\n<title>EL SENADOR ABDALA LE PIDI\u00d3 A POGGI QUE \u201cRECONSIDERE LAS MEDIDAS\u201d QUE ANUNCI\u00d3 - Apuntes de San Luis<\/title>\n<meta name=\"robots\" content=\"index, follow, max-snippet:-1, max-image-preview:large, max-video-preview:-1\" \/>\n<link rel=\"canonical\" href=\"https:\/\/apuntesdesanluis.com\/index.php\/2023\/12\/18\/el-senador-abdala-le-pidio-a-poggi-que-reconsidere-las-medidas-que-anuncio\/\" \/>\n<meta property=\"og:locale\" content=\"es_ES\" \/>\n<meta property=\"og:type\" content=\"article\" \/>\n<meta property=\"og:title\" content=\"EL SENADOR ABDALA LE PIDI\u00d3 A POGGI QUE \u201cRECONSIDERE LAS MEDIDAS\u201d QUE ANUNCI\u00d3 - Apuntes de San Luis\" \/>\n<meta property=\"og:description\" content=\"Lo hizo a trav\u00e9s de una &#8220;Carta Abierta al Gobernador&#8220;, en la que cuestion\u00f3 el...\" \/>\n<meta property=\"og:url\" content=\"https:\/\/apuntesdesanluis.com\/index.php\/2023\/12\/18\/el-senador-abdala-le-pidio-a-poggi-que-reconsidere-las-medidas-que-anuncio\/\" \/>\n<meta property=\"og:site_name\" content=\"Apuntes de San Luis\" \/>\n<meta property=\"article:published_time\" content=\"2023-12-18T18:05:54+00:00\" \/>\n<meta property=\"article:modified_time\" content=\"2023-12-18T21:59:51+00:00\" \/>\n<meta property=\"og:image\" content=\"https:\/\/apuntesdesanluis.com\/wp-content\/uploads\/2023\/12\/poggi-abdala.png\" \/>\n\t<meta property=\"og:image:width\" content=\"400\" \/>\n\t<meta property=\"og:image:height\" content=\"214\" \/>\n\t<meta property=\"og:image:type\" content=\"image\/png\" \/>\n<meta name=\"author\" content=\"apuntesdesanluis.com\" \/>\n<meta name=\"twitter:card\" content=\"summary_large_image\" \/>\n<meta name=\"twitter:label1\" content=\"Escrito por\" \/>\n\t<meta name=\"twitter:data1\" content=\"apuntesdesanluis.com\" \/>\n\t<meta name=\"twitter:label2\" content=\"Tiempo de lectura\" \/>\n\t<meta name=\"twitter:data2\" content=\"3 minutos\" \/>\n<script type=\"application\/ld+json\" class=\"yoast-schema-graph\">{\"@context\":\"https:\/\/schema.org\",\"@graph\":[{\"@type\":\"Article\",\"@id\":\"https:\/\/apuntesdesanluis.com\/index.php\/2023\/12\/18\/el-senador-abdala-le-pidio-a-poggi-que-reconsidere-las-medidas-que-anuncio\/#article\",\"isPartOf\":{\"@id\":\"https:\/\/apuntesdesanluis.com\/index.php\/2023\/12\/18\/el-senador-abdala-le-pidio-a-poggi-que-reconsidere-las-medidas-que-anuncio\/\"},\"author\":{\"name\":\"apuntesdesanluis.com\",\"@id\":\"https:\/\/apuntesdesanluis.com\/#\/schema\/person\/b55151d52296fcce64d1a72538a70b90\"},\"headline\":\"EL SENADOR ABDALA LE PIDI\u00d3 A POGGI QUE \u201cRECONSIDERE LAS MEDIDAS\u201d QUE ANUNCI\u00d3\",\"datePublished\":\"2023-12-18T18:05:54+00:00\",\"dateModified\":\"2023-12-18T21:59:51+00:00\",\"mainEntityOfPage\":{\"@id\":\"https:\/\/apuntesdesanluis.com\/index.php\/2023\/12\/18\/el-senador-abdala-le-pidio-a-poggi-que-reconsidere-las-medidas-que-anuncio\/\"},\"wordCount\":652,\"publisher\":{\"@id\":\"https:\/\/apuntesdesanluis.com\/#\/schema\/person\/b55151d52296fcce64d1a72538a70b90\"},\"image\":{\"@id\":\"https:\/\/apuntesdesanluis.com\/index.php\/2023\/12\/18\/el-senador-abdala-le-pidio-a-poggi-que-reconsidere-las-medidas-que-anuncio\/#primaryimage\"},\"thumbnailUrl\":\"https:\/\/apuntesdesanluis.com\/wp-content\/uploads\/2023\/12\/poggi-abdala.png\",\"articleSection\":[\"Ciudad\/Provincia\"],\"inLanguage\":\"es-AR\"},{\"@type\":\"WebPage\",\"@id\":\"https:\/\/apuntesdesanluis.com\/index.php\/2023\/12\/18\/el-senador-abdala-le-pidio-a-poggi-que-reconsidere-las-medidas-que-anuncio\/\",\"url\":\"https:\/\/apuntesdesanluis.com\/index.php\/2023\/12\/18\/el-senador-abdala-le-pidio-a-poggi-que-reconsidere-las-medidas-que-anuncio\/\",\"name\":\"EL SENADOR ABDALA LE PIDI\u00d3 A POGGI QUE \u201cRECONSIDERE LAS MEDIDAS\u201d QUE ANUNCI\u00d3 - Apuntes de San Luis\",\"isPartOf\":{\"@id\":\"https:\/\/apuntesdesanluis.com\/#website\"},\"primaryImageOfPage\":{\"@id\":\"https:\/\/apuntesdesanluis.com\/index.php\/2023\/12\/18\/el-senador-abdala-le-pidio-a-poggi-que-reconsidere-las-medidas-que-anuncio\/#primaryimage\"},\"image\":{\"@id\":\"https:\/\/apuntesdesanluis.com\/index.php\/2023\/12\/18\/el-senador-abdala-le-pidio-a-poggi-que-reconsidere-las-medidas-que-anuncio\/#primaryimage\"},\"thumbnailUrl\":\"https:\/\/apuntesdesanluis.com\/wp-content\/uploads\/2023\/12\/poggi-abdala.png\",\"datePublished\":\"2023-12-18T18:05:54+00:00\",\"dateModified\":\"2023-12-18T21:59:51+00:00\",\"breadcrumb\":{\"@id\":\"https:\/\/apuntesdesanluis.com\/index.php\/2023\/12\/18\/el-senador-abdala-le-pidio-a-poggi-que-reconsidere-las-medidas-que-anuncio\/#breadcrumb\"},\"inLanguage\":\"es-AR\",\"potentialAction\":[{\"@type\":\"ReadAction\",\"target\":[\"https:\/\/apuntesdesanluis.com\/index.php\/2023\/12\/18\/el-senador-abdala-le-pidio-a-poggi-que-reconsidere-las-medidas-que-anuncio\/\"]}]},{\"@type\":\"ImageObject\",\"inLanguage\":\"es-AR\",\"@id\":\"https:\/\/apuntesdesanluis.com\/index.php\/2023\/12\/18\/el-senador-abdala-le-pidio-a-poggi-que-reconsidere-las-medidas-que-anuncio\/#primaryimage\",\"url\":\"https:\/\/apuntesdesanluis.com\/wp-content\/uploads\/2023\/12\/poggi-abdala.png\",\"contentUrl\":\"https:\/\/apuntesdesanluis.com\/wp-content\/uploads\/2023\/12\/poggi-abdala.png\",\"width\":400,\"height\":214},{\"@type\":\"BreadcrumbList\",\"@id\":\"https:\/\/apuntesdesanluis.com\/index.php\/2023\/12\/18\/el-senador-abdala-le-pidio-a-poggi-que-reconsidere-las-medidas-que-anuncio\/#breadcrumb\",\"itemListElement\":[{\"@type\":\"ListItem\",\"position\":1,\"name\":\"Inicio\",\"item\":\"https:\/\/apuntesdesanluis.com\/\"},{\"@type\":\"ListItem\",\"position\":2,\"name\":\"EL SENADOR ABDALA LE PIDI\u00d3 A POGGI QUE \u201cRECONSIDERE LAS MEDIDAS\u201d QUE ANUNCI\u00d3\"}]},{\"@type\":\"WebSite\",\"@id\":\"https:\/\/apuntesdesanluis.com\/#website\",\"url\":\"https:\/\/apuntesdesanluis.com\/\",\"name\":\"Apuntes de San Luis\",\"description\":\"\",\"publisher\":{\"@id\":\"https:\/\/apuntesdesanluis.com\/#\/schema\/person\/b55151d52296fcce64d1a72538a70b90\"},\"potentialAction\":[{\"@type\":\"SearchAction\",\"target\":{\"@type\":\"EntryPoint\",\"urlTemplate\":\"https:\/\/apuntesdesanluis.com\/?s={search_term_string}\"},\"query-input\":{\"@type\":\"PropertyValueSpecification\",\"valueRequired\":true,\"valueName\":\"search_term_string\"}}],\"inLanguage\":\"es-AR\"},{\"@type\":[\"Person\",\"Organization\"],\"@id\":\"https:\/\/apuntesdesanluis.com\/#\/schema\/person\/b55151d52296fcce64d1a72538a70b90\",\"name\":\"apuntesdesanluis.com\",\"image\":{\"@type\":\"ImageObject\",\"inLanguage\":\"es-AR\",\"@id\":\"https:\/\/apuntesdesanluis.com\/#\/schema\/person\/image\/\",\"url\":\"https:\/\/apuntesdesanluis.com\/wp-content\/uploads\/2023\/07\/cropped-apuntesdesanluis.png\",\"contentUrl\":\"https:\/\/apuntesdesanluis.com\/wp-content\/uploads\/2023\/07\/cropped-apuntesdesanluis.png\",\"width\":450,\"height\":112,\"caption\":\"apuntesdesanluis.com\"},\"logo\":{\"@id\":\"https:\/\/apuntesdesanluis.com\/#\/schema\/person\/image\/\"},\"sameAs\":[\"https:\/\/apuntesdesanluis.com\"],\"url\":\"https:\/\/apuntesdesanluis.com\/index.php\/author\/apuntesdesanluis-com\/\"}]}<\/script>\n<!-- \/ Yoast SEO plugin. -->","yoast_head_json":{"title":"EL SENADOR ABDALA LE PIDI\u00d3 A POGGI QUE \u201cRECONSIDERE LAS MEDIDAS\u201d QUE ANUNCI\u00d3 - Apuntes de San Luis","robots":{"index":"index","follow":"follow","max-snippet":"max-snippet:-1","max-image-preview":"max-image-preview:large","max-video-preview":"max-video-preview:-1"},"canonical":"https:\/\/apuntesdesanluis.com\/index.php\/2023\/12\/18\/el-senador-abdala-le-pidio-a-poggi-que-reconsidere-las-medidas-que-anuncio\/","og_locale":"es_ES","og_type":"article","og_title":"EL SENADOR ABDALA LE PIDI\u00d3 A POGGI QUE \u201cRECONSIDERE LAS MEDIDAS\u201d QUE ANUNCI\u00d3 - Apuntes de San Luis","og_description":"Lo hizo a trav\u00e9s de una &#8220;Carta Abierta al Gobernador&#8220;, en la que cuestion\u00f3 el...","og_url":"https:\/\/apuntesdesanluis.com\/index.php\/2023\/12\/18\/el-senador-abdala-le-pidio-a-poggi-que-reconsidere-las-medidas-que-anuncio\/","og_site_name":"Apuntes de San Luis","article_published_time":"2023-12-18T18:05:54+00:00","article_modified_time":"2023-12-18T21:59:51+00:00","og_image":[{"width":400,"height":214,"url":"https:\/\/apuntesdesanluis.com\/wp-content\/uploads\/2023\/12\/poggi-abdala.png","type":"image\/png"}],"author":"apuntesdesanluis.com","twitter_card":"summary_large_image","twitter_misc":{"Escrito por":"apuntesdesanluis.com","Tiempo de lectura":"3 minutos"},"schema":{"@context":"https:\/\/schema.org","@graph":[{"@type":"Article","@id":"https:\/\/apuntesdesanluis.com\/index.php\/2023\/12\/18\/el-senador-abdala-le-pidio-a-poggi-que-reconsidere-las-medidas-que-anuncio\/#article","isPartOf":{"@id":"https:\/\/apuntesdesanluis.com\/index.php\/2023\/12\/18\/el-senador-abdala-le-pidio-a-poggi-que-reconsidere-las-medidas-que-anuncio\/"},"author":{"name":"apuntesdesanluis.com","@id":"https:\/\/apuntesdesanluis.com\/#\/schema\/person\/b55151d52296fcce64d1a72538a70b90"},"headline":"EL SENADOR ABDALA LE PIDI\u00d3 A POGGI QUE \u201cRECONSIDERE LAS MEDIDAS\u201d QUE ANUNCI\u00d3","datePublished":"2023-12-18T18:05:54+00:00","dateModified":"2023-12-18T21:59:51+00:00","mainEntityOfPage":{"@id":"https:\/\/apuntesdesanluis.com\/index.php\/2023\/12\/18\/el-senador-abdala-le-pidio-a-poggi-que-reconsidere-las-medidas-que-anuncio\/"},"wordCount":652,"publisher":{"@id":"https:\/\/apuntesdesanluis.com\/#\/schema\/person\/b55151d52296fcce64d1a72538a70b90"},"image":{"@id":"https:\/\/apuntesdesanluis.com\/index.php\/2023\/12\/18\/el-senador-abdala-le-pidio-a-poggi-que-reconsidere-las-medidas-que-anuncio\/#primaryimage"},"thumbnailUrl":"https:\/\/apuntesdesanluis.com\/wp-content\/uploads\/2023\/12\/poggi-abdala.png","articleSection":["Ciudad\/Provincia"],"inLanguage":"es-AR"},{"@type":"WebPage","@id":"https:\/\/apuntesdesanluis.com\/index.php\/2023\/12\/18\/el-senador-abdala-le-pidio-a-poggi-que-reconsidere-las-medidas-que-anuncio\/","url":"https:\/\/apuntesdesanluis.com\/index.php\/2023\/12\/18\/el-senador-abdala-le-pidio-a-poggi-que-reconsidere-las-medidas-que-anuncio\/","name":"EL SENADOR ABDALA LE PIDI\u00d3 A POGGI QUE \u201cRECONSIDERE LAS MEDIDAS\u201d QUE ANUNCI\u00d3 - Apuntes de San Luis","isPartOf":{"@id":"https:\/\/apuntesdesanluis.com\/#website"},"primaryImageOfPage":{"@id":"https:\/\/apuntesdesanluis.com\/index.php\/2023\/12\/18\/el-senador-abdala-le-pidio-a-poggi-que-reconsidere-las-medidas-que-anuncio\/#primaryimage"},"image":{"@id":"https:\/\/apuntesdesanluis.com\/index.php\/2023\/12\/18\/el-senador-abdala-le-pidio-a-poggi-que-reconsidere-las-medidas-que-anuncio\/#primaryimage"},"thumbnailUrl":"https:\/\/apuntesdesanluis.com\/wp-content\/uploads\/2023\/12\/poggi-abdala.png","datePublished":"2023-12-18T18:05:54+00:00","dateModified":"2023-12-18T21:59:51+00:00","breadcrumb":{"@id":"https:\/\/apuntesdesanluis.com\/index.php\/2023\/12\/18\/el-senador-abdala-le-pidio-a-poggi-que-reconsidere-las-medidas-que-anuncio\/#breadcrumb"},"inLanguage":"es-AR","potentialAction":[{"@type":"ReadAction","target":["https:\/\/apuntesdesanluis.com\/index.php\/2023\/12\/18\/el-senador-abdala-le-pidio-a-poggi-que-reconsidere-las-medidas-que-anuncio\/"]}]},{"@type":"ImageObject","inLanguage":"es-AR","@id":"https:\/\/apuntesdesanluis.com\/index.php\/2023\/12\/18\/el-senador-abdala-le-pidio-a-poggi-que-reconsidere-las-medidas-que-anuncio\/#primaryimage","url":"https:\/\/apuntesdesanluis.com\/wp-content\/uploads\/2023\/12\/poggi-abdala.png","contentUrl":"https:\/\/apuntesdesanluis.com\/wp-content\/uploads\/2023\/12\/poggi-abdala.png","width":400,"height":214},{"@type":"BreadcrumbList","@id":"https:\/\/apuntesdesanluis.com\/index.php\/2023\/12\/18\/el-senador-abdala-le-pidio-a-poggi-que-reconsidere-las-medidas-que-anuncio\/#breadcrumb","itemListElement":[{"@type":"ListItem","position":1,"name":"Inicio","item":"https:\/\/apuntesdesanluis.com\/"},{"@type":"ListItem","position":2,"name":"EL SENADOR ABDALA LE PIDI\u00d3 A POGGI QUE \u201cRECONSIDERE LAS MEDIDAS\u201d QUE ANUNCI\u00d3"}]},{"@type":"WebSite","@id":"https:\/\/apuntesdesanluis.com\/#website","url":"https:\/\/apuntesdesanluis.com\/","name":"Apuntes de San Luis","description":"","publisher":{"@id":"https:\/\/apuntesdesanluis.com\/#\/schema\/person\/b55151d52296fcce64d1a72538a70b90"},"potentialAction":[{"@type":"SearchAction","target":{"@type":"EntryPoint","urlTemplate":"https:\/\/apuntesdesanluis.com\/?s={search_term_string}"},"query-input":{"@type":"PropertyValueSpecification","valueRequired":true,"valueName":"search_term_string"}}],"inLanguage":"es-AR"},{"@type":["Person","Organization"],"@id":"https:\/\/apuntesdesanluis.com\/#\/schema\/person\/b55151d52296fcce64d1a72538a70b90","name":"apuntesdesanluis.com","image":{"@type":"ImageObject","inLanguage":"es-AR","@id":"https:\/\/apuntesdesanluis.com\/#\/schema\/person\/image\/","url":"https:\/\/apuntesdesanluis.com\/wp-content\/uploads\/2023\/07\/cropped-apuntesdesanluis.png","contentUrl":"https:\/\/apuntesdesanluis.com\/wp-content\/uploads\/2023\/07\/cropped-apuntesdesanluis.png","width":450,"height":112,"caption":"apuntesdesanluis.com"},"logo":{"@id":"https:\/\/apuntesdesanluis.com\/#\/schema\/person\/image\/"},"sameAs":["https:\/\/apuntesdesanluis.com"],"url":"https:\/\/apuntesdesanluis.com\/index.php\/author\/apuntesdesanluis-com\/"}]}},"featured_image_urls":{"full":["https:\/\/apuntesdesanluis.com\/wp-content\/uploads\/2023\/12\/poggi-abdala.png",400,214,false],"thumbnail":["https:\/\/apuntesdesanluis.com\/wp-content\/uploads\/2023\/12\/poggi-abdala-150x150.png",150,150,true],"medium":["https:\/\/apuntesdesanluis.com\/wp-content\/uploads\/2023\/12\/poggi-abdala-300x161.png",300,161,true],"medium_large":["https:\/\/apuntesdesanluis.com\/wp-content\/uploads\/2023\/12\/poggi-abdala.png",400,214,false],"large":["https:\/\/apuntesdesanluis.com\/wp-content\/uploads\/2023\/12\/poggi-abdala.png",400,214,false],"1536x1536":["https:\/\/apuntesdesanluis.com\/wp-content\/uploads\/2023\/12\/poggi-abdala.png",400,214,false],"2048x2048":["https:\/\/apuntesdesanluis.com\/wp-content\/uploads\/2023\/12\/poggi-abdala.png",400,214,false],"newsever-slider-full":["https:\/\/apuntesdesanluis.com\/wp-content\/uploads\/2023\/12\/poggi-abdala.png",400,214,false],"newsever-featured":["https:\/\/apuntesdesanluis.com\/wp-content\/uploads\/2023\/12\/poggi-abdala.png",400,214,false],"newsever-medium":["https:\/\/apuntesdesanluis.com\/wp-content\/uploads\/2023\/12\/poggi-abdala.png",400,214,false]},"author_info":{"display_name":"apuntesdesanluis.com","author_link":"https:\/\/apuntesdesanluis.com\/index.php\/author\/apuntesdesanluis-com\/"},"category_info":"<a href=\"https:\/\/apuntesdesanluis.com\/index.php\/category\/ciudad-provincia\/\" rel=\"category tag\">Ciudad\/Provincia<\/a>","tag_info":"Ciudad\/Provincia","comment_count":"0","_links":{"self":[{"href":"https:\/\/apuntesdesanluis.com\/index.php\/wp-json\/wp\/v2\/posts\/8534","targetHints":{"allow":["GET"]}}],"collection":[{"href":"https:\/\/apuntesdesanluis.com\/index.php\/wp-json\/wp\/v2\/posts"}],"about":[{"href":"https:\/\/apuntesdesanluis.com\/index.php\/wp-json\/wp\/v2\/types\/post"}],"author":[{"embeddable":true,"href":"https:\/\/apuntesdesanluis.com\/index.php\/wp-json\/wp\/v2\/users\/1"}],"replies":[{"embeddable":true,"href":"https:\/\/apuntesdesanluis.com\/index.php\/wp-json\/wp\/v2\/comments?post=8534"}],"version-history":[{"count":4,"href":"https:\/\/apuntesdesanluis.com\/index.php\/wp-json\/wp\/v2\/posts\/8534\/revisions"}],"predecessor-version":[{"id":8539,"href":"https:\/\/apuntesdesanluis.com\/index.php\/wp-json\/wp\/v2\/posts\/8534\/revisions\/8539"}],"wp:featuredmedia":[{"embeddable":true,"href":"https:\/\/apuntesdesanluis.com\/index.php\/wp-json\/wp\/v2\/media\/8535"}],"wp:attachment":[{"href":"https:\/\/apuntesdesanluis.com\/index.php\/wp-json\/wp\/v2\/media?parent=8534"}],"wp:term":[{"taxonomy":"category","embeddable":true,"href":"https:\/\/apuntesdesanluis.com\/index.php\/wp-json\/wp\/v2\/categories?post=8534"},{"taxonomy":"post_tag","embeddable":true,"href":"https:\/\/apuntesdesanluis.com\/index.php\/wp-json\/wp\/v2\/tags?post=8534"}],"curies":[{"name":"wp","href":"https:\/\/api.w.org\/{rel}","templated":true}]}}