{"id":8540,"date":"2023-12-18T19:08:19","date_gmt":"2023-12-18T22:08:19","guid":{"rendered":"https:\/\/apuntesdesanluis.com\/?p=8540"},"modified":"2023-12-18T19:08:40","modified_gmt":"2023-12-18T22:08:40","slug":"la-upro-trabaja-en-la-puesta-en-marcha-de-la-oferta-academica-y-en-la-optimizacion-de-su-funcionamiento","status":"publish","type":"post","link":"https:\/\/apuntesdesanluis.com\/index.php\/2023\/12\/18\/la-upro-trabaja-en-la-puesta-en-marcha-de-la-oferta-academica-y-en-la-optimizacion-de-su-funcionamiento\/","title":{"rendered":"LA UPRO TRABAJA EN LA PUESTA EN MARCHA DE LA OFERTA ACAD\u00c9MICA Y EN LA OPTIMIZACI\u00d3N DE SU FUNCIONAMIENTO"},"content":{"rendered":"<h3>El rector de la casa de estudios, <strong>Rudy C\u00e1mera<\/strong>, mantuvo una reuni\u00f3n general con todo el personal administrativo para elaborar un informe sobre el estado de gesti\u00f3n de las distintas \u00e1reas y llevarles tranquilidad sobre su situaci\u00f3n laboral.<\/h3>\n<h3>Las nuevas autoridades sostienen que no hubo transici\u00f3n y que el trabajo administrativo estuvo virtualmente parado los \u00faltimos tres meses.<\/h3>\n<h3>El estado de situaci\u00f3n de la Universidad Provincial de Oficios (UPrO) no difiere demasiado de lo encontrado en otras \u00e1reas de gobierno. En algunas, los nuevos funcionarios encontraron desprolijidades, pero en otras observaron hechos que podr\u00edan configurar faltas de diversa gravedad. En ese caso el rector asegur\u00f3 QUE no dudar\u00e1n en tomar las medidas judiciales que correspondan.<\/h3>\n<h3>La nueva gesti\u00f3n encontr\u00f3 una universidad paralizada y sin toda la informaci\u00f3n correspondiente, lo que configura una importante p\u00e9rdida de tiempo y patrimonial para todos los sanluise\u00f1os. Tambi\u00e9n detectaron que el trabajo administrativo estuvo virtualmente parado los \u00faltimos tres meses, por lo cual invitaron a los empleados a brindar la informaci\u00f3n que pueda ser de inter\u00e9s institucional para el correcto funcionamiento de la casa de estudios.<\/h3>\n<p><img fetchpriority=\"high\" decoding=\"async\" class=\"wp-image-8542 aligncenter\" src=\"https:\/\/apuntesdesanluis.com\/wp-content\/uploads\/2023\/12\/RUDY-CAMERA-GALPON-300x169.png\" alt=\"\" width=\"714\" height=\"402\" srcset=\"https:\/\/apuntesdesanluis.com\/wp-content\/uploads\/2023\/12\/RUDY-CAMERA-GALPON-300x169.png 300w, https:\/\/apuntesdesanluis.com\/wp-content\/uploads\/2023\/12\/RUDY-CAMERA-GALPON.png 600w\" sizes=\"(max-width: 714px) 100vw, 714px\" \/><\/p>\n<h3>En los pr\u00f3ximos d\u00edas, luego de reunir toda la informaci\u00f3n, se emitir\u00e1 un informe pormenorizado de la realidad de la UPrO. Asimismo, C\u00e1mera llev\u00f3 tranquilidad a todos los trabajadores sobre su situaci\u00f3n laboral, en consonancia con los lineamientos establecidos por el gobernador Claudio Poggi.<\/h3>\n<h3>La nueva gesti\u00f3n se enfocar\u00e1 en trabajar por la puesta en marcha de la oferta acad\u00e9mica y en la normalizaci\u00f3n del funcionamiento y no en cuestiones personales ni pol\u00edticas.<\/h3>\n<p>&nbsp;<\/p>\n<p>&nbsp;<\/p>\n<p>&nbsp;<\/p>\n<p>&nbsp;<\/p>\n","protected":false},"excerpt":{"rendered":"<p>El rector de la casa de estudios, Rudy C\u00e1mera, mantuvo una reuni\u00f3n general con todo&#8230;<\/p>\n","protected":false},"author":1,"featured_media":8541,"comment_status":"closed","ping_status":"closed","sticky":false,"template":"","format":"standard","meta":{"footnotes":""},"categories":[6],"tags":[],"class_list":["post-8540","post","type-post","status-publish","format-standard","has-post-thumbnail","hentry","category-ciudad-provincia"],"yoast_head":"<!-- This site is optimized with the Yoast SEO plugin v26.1.1 - https:\/\/yoast.com\/wordpress\/plugins\/seo\/ -->\n<title>LA UPRO TRABAJA EN LA PUESTA EN MARCHA DE LA OFERTA ACAD\u00c9MICA Y EN LA OPTIMIZACI\u00d3N DE SU FUNCIONAMIENTO - Apuntes de San Luis<\/title>\n<meta name=\"robots\" content=\"index, follow, max-snippet:-1, max-image-preview:large, max-video-preview:-1\" \/>\n<link rel=\"canonical\" href=\"https:\/\/apuntesdesanluis.com\/index.php\/2023\/12\/18\/la-upro-trabaja-en-la-puesta-en-marcha-de-la-oferta-academica-y-en-la-optimizacion-de-su-funcionamiento\/\" \/>\n<meta property=\"og:locale\" content=\"es_ES\" \/>\n<meta property=\"og:type\" content=\"article\" \/>\n<meta property=\"og:title\" content=\"LA UPRO TRABAJA EN LA PUESTA EN MARCHA DE LA OFERTA ACAD\u00c9MICA Y EN LA OPTIMIZACI\u00d3N DE SU FUNCIONAMIENTO - Apuntes de San Luis\" \/>\n<meta property=\"og:description\" content=\"El rector de la casa de estudios, Rudy C\u00e1mera, mantuvo una reuni\u00f3n general con todo...\" \/>\n<meta property=\"og:url\" content=\"https:\/\/apuntesdesanluis.com\/index.php\/2023\/12\/18\/la-upro-trabaja-en-la-puesta-en-marcha-de-la-oferta-academica-y-en-la-optimizacion-de-su-funcionamiento\/\" \/>\n<meta property=\"og:site_name\" content=\"Apuntes de San Luis\" \/>\n<meta property=\"article:published_time\" content=\"2023-12-18T22:08:19+00:00\" \/>\n<meta property=\"article:modified_time\" content=\"2023-12-18T22:08:40+00:00\" \/>\n<meta property=\"og:image\" content=\"https:\/\/apuntesdesanluis.com\/wp-content\/uploads\/2023\/12\/RUDY-CAMERA.png\" \/>\n\t<meta property=\"og:image:width\" content=\"600\" \/>\n\t<meta property=\"og:image:height\" content=\"325\" \/>\n\t<meta property=\"og:image:type\" content=\"image\/png\" \/>\n<meta name=\"author\" content=\"apuntesdesanluis.com\" \/>\n<meta name=\"twitter:card\" content=\"summary_large_image\" \/>\n<meta name=\"twitter:label1\" content=\"Escrito por\" \/>\n\t<meta name=\"twitter:data1\" content=\"apuntesdesanluis.com\" \/>\n\t<meta name=\"twitter:label2\" content=\"Tiempo de lectura\" \/>\n\t<meta name=\"twitter:data2\" content=\"2 minutos\" \/>\n<script type=\"application\/ld+json\" class=\"yoast-schema-graph\">{\"@context\":\"https:\/\/schema.org\",\"@graph\":[{\"@type\":\"Article\",\"@id\":\"https:\/\/apuntesdesanluis.com\/index.php\/2023\/12\/18\/la-upro-trabaja-en-la-puesta-en-marcha-de-la-oferta-academica-y-en-la-optimizacion-de-su-funcionamiento\/#article\",\"isPartOf\":{\"@id\":\"https:\/\/apuntesdesanluis.com\/index.php\/2023\/12\/18\/la-upro-trabaja-en-la-puesta-en-marcha-de-la-oferta-academica-y-en-la-optimizacion-de-su-funcionamiento\/\"},\"author\":{\"name\":\"apuntesdesanluis.com\",\"@id\":\"https:\/\/apuntesdesanluis.com\/#\/schema\/person\/b55151d52296fcce64d1a72538a70b90\"},\"headline\":\"LA UPRO TRABAJA EN LA PUESTA EN MARCHA DE LA OFERTA ACAD\u00c9MICA Y EN LA OPTIMIZACI\u00d3N DE SU FUNCIONAMIENTO\",\"datePublished\":\"2023-12-18T22:08:19+00:00\",\"dateModified\":\"2023-12-18T22:08:40+00:00\",\"mainEntityOfPage\":{\"@id\":\"https:\/\/apuntesdesanluis.com\/index.php\/2023\/12\/18\/la-upro-trabaja-en-la-puesta-en-marcha-de-la-oferta-academica-y-en-la-optimizacion-de-su-funcionamiento\/\"},\"wordCount\":303,\"publisher\":{\"@id\":\"https:\/\/apuntesdesanluis.com\/#\/schema\/person\/b55151d52296fcce64d1a72538a70b90\"},\"image\":{\"@id\":\"https:\/\/apuntesdesanluis.com\/index.php\/2023\/12\/18\/la-upro-trabaja-en-la-puesta-en-marcha-de-la-oferta-academica-y-en-la-optimizacion-de-su-funcionamiento\/#primaryimage\"},\"thumbnailUrl\":\"https:\/\/apuntesdesanluis.com\/wp-content\/uploads\/2023\/12\/RUDY-CAMERA.png\",\"articleSection\":[\"Ciudad\/Provincia\"],\"inLanguage\":\"es-AR\"},{\"@type\":\"WebPage\",\"@id\":\"https:\/\/apuntesdesanluis.com\/index.php\/2023\/12\/18\/la-upro-trabaja-en-la-puesta-en-marcha-de-la-oferta-academica-y-en-la-optimizacion-de-su-funcionamiento\/\",\"url\":\"https:\/\/apuntesdesanluis.com\/index.php\/2023\/12\/18\/la-upro-trabaja-en-la-puesta-en-marcha-de-la-oferta-academica-y-en-la-optimizacion-de-su-funcionamiento\/\",\"name\":\"LA UPRO TRABAJA EN LA PUESTA EN MARCHA DE LA OFERTA ACAD\u00c9MICA Y EN LA OPTIMIZACI\u00d3N DE SU FUNCIONAMIENTO - Apuntes de San Luis\",\"isPartOf\":{\"@id\":\"https:\/\/apuntesdesanluis.com\/#website\"},\"primaryImageOfPage\":{\"@id\":\"https:\/\/apuntesdesanluis.com\/index.php\/2023\/12\/18\/la-upro-trabaja-en-la-puesta-en-marcha-de-la-oferta-academica-y-en-la-optimizacion-de-su-funcionamiento\/#primaryimage\"},\"image\":{\"@id\":\"https:\/\/apuntesdesanluis.com\/index.php\/2023\/12\/18\/la-upro-trabaja-en-la-puesta-en-marcha-de-la-oferta-academica-y-en-la-optimizacion-de-su-funcionamiento\/#primaryimage\"},\"thumbnailUrl\":\"https:\/\/apuntesdesanluis.com\/wp-content\/uploads\/2023\/12\/RUDY-CAMERA.png\",\"datePublished\":\"2023-12-18T22:08:19+00:00\",\"dateModified\":\"2023-12-18T22:08:40+00:00\",\"breadcrumb\":{\"@id\":\"https:\/\/apuntesdesanluis.com\/index.php\/2023\/12\/18\/la-upro-trabaja-en-la-puesta-en-marcha-de-la-oferta-academica-y-en-la-optimizacion-de-su-funcionamiento\/#breadcrumb\"},\"inLanguage\":\"es-AR\",\"potentialAction\":[{\"@type\":\"ReadAction\",\"target\":[\"https:\/\/apuntesdesanluis.com\/index.php\/2023\/12\/18\/la-upro-trabaja-en-la-puesta-en-marcha-de-la-oferta-academica-y-en-la-optimizacion-de-su-funcionamiento\/\"]}]},{\"@type\":\"ImageObject\",\"inLanguage\":\"es-AR\",\"@id\":\"https:\/\/apuntesdesanluis.com\/index.php\/2023\/12\/18\/la-upro-trabaja-en-la-puesta-en-marcha-de-la-oferta-academica-y-en-la-optimizacion-de-su-funcionamiento\/#primaryimage\",\"url\":\"https:\/\/apuntesdesanluis.com\/wp-content\/uploads\/2023\/12\/RUDY-CAMERA.png\",\"contentUrl\":\"https:\/\/apuntesdesanluis.com\/wp-content\/uploads\/2023\/12\/RUDY-CAMERA.png\",\"width\":600,\"height\":325},{\"@type\":\"BreadcrumbList\",\"@id\":\"https:\/\/apuntesdesanluis.com\/index.php\/2023\/12\/18\/la-upro-trabaja-en-la-puesta-en-marcha-de-la-oferta-academica-y-en-la-optimizacion-de-su-funcionamiento\/#breadcrumb\",\"itemListElement\":[{\"@type\":\"ListItem\",\"position\":1,\"name\":\"Inicio\",\"item\":\"https:\/\/apuntesdesanluis.com\/\"},{\"@type\":\"ListItem\",\"position\":2,\"name\":\"LA UPRO TRABAJA EN LA PUESTA EN MARCHA DE LA OFERTA ACAD\u00c9MICA Y EN LA OPTIMIZACI\u00d3N DE SU FUNCIONAMIENTO\"}]},{\"@type\":\"WebSite\",\"@id\":\"https:\/\/apuntesdesanluis.com\/#website\",\"url\":\"https:\/\/apuntesdesanluis.com\/\",\"name\":\"Apuntes de San Luis\",\"description\":\"\",\"publisher\":{\"@id\":\"https:\/\/apuntesdesanluis.com\/#\/schema\/person\/b55151d52296fcce64d1a72538a70b90\"},\"potentialAction\":[{\"@type\":\"SearchAction\",\"target\":{\"@type\":\"EntryPoint\",\"urlTemplate\":\"https:\/\/apuntesdesanluis.com\/?s={search_term_string}\"},\"query-input\":{\"@type\":\"PropertyValueSpecification\",\"valueRequired\":true,\"valueName\":\"search_term_string\"}}],\"inLanguage\":\"es-AR\"},{\"@type\":[\"Person\",\"Organization\"],\"@id\":\"https:\/\/apuntesdesanluis.com\/#\/schema\/person\/b55151d52296fcce64d1a72538a70b90\",\"name\":\"apuntesdesanluis.com\",\"image\":{\"@type\":\"ImageObject\",\"inLanguage\":\"es-AR\",\"@id\":\"https:\/\/apuntesdesanluis.com\/#\/schema\/person\/image\/\",\"url\":\"https:\/\/apuntesdesanluis.com\/wp-content\/uploads\/2023\/07\/cropped-apuntesdesanluis.png\",\"contentUrl\":\"https:\/\/apuntesdesanluis.com\/wp-content\/uploads\/2023\/07\/cropped-apuntesdesanluis.png\",\"width\":450,\"height\":112,\"caption\":\"apuntesdesanluis.com\"},\"logo\":{\"@id\":\"https:\/\/apuntesdesanluis.com\/#\/schema\/person\/image\/\"},\"sameAs\":[\"https:\/\/apuntesdesanluis.com\"],\"url\":\"https:\/\/apuntesdesanluis.com\/index.php\/author\/apuntesdesanluis-com\/\"}]}<\/script>\n<!-- \/ Yoast SEO plugin. -->","yoast_head_json":{"title":"LA UPRO TRABAJA EN LA PUESTA EN MARCHA DE LA OFERTA ACAD\u00c9MICA Y EN LA OPTIMIZACI\u00d3N DE SU FUNCIONAMIENTO - Apuntes de San Luis","robots":{"index":"index","follow":"follow","max-snippet":"max-snippet:-1","max-image-preview":"max-image-preview:large","max-video-preview":"max-video-preview:-1"},"canonical":"https:\/\/apuntesdesanluis.com\/index.php\/2023\/12\/18\/la-upro-trabaja-en-la-puesta-en-marcha-de-la-oferta-academica-y-en-la-optimizacion-de-su-funcionamiento\/","og_locale":"es_ES","og_type":"article","og_title":"LA UPRO TRABAJA EN LA PUESTA EN MARCHA DE LA OFERTA ACAD\u00c9MICA Y EN LA OPTIMIZACI\u00d3N DE SU FUNCIONAMIENTO - Apuntes de San Luis","og_description":"El rector de la casa de estudios, Rudy C\u00e1mera, mantuvo una reuni\u00f3n general con todo...","og_url":"https:\/\/apuntesdesanluis.com\/index.php\/2023\/12\/18\/la-upro-trabaja-en-la-puesta-en-marcha-de-la-oferta-academica-y-en-la-optimizacion-de-su-funcionamiento\/","og_site_name":"Apuntes de San Luis","article_published_time":"2023-12-18T22:08:19+00:00","article_modified_time":"2023-12-18T22:08:40+00:00","og_image":[{"width":600,"height":325,"url":"https:\/\/apuntesdesanluis.com\/wp-content\/uploads\/2023\/12\/RUDY-CAMERA.png","type":"image\/png"}],"author":"apuntesdesanluis.com","twitter_card":"summary_large_image","twitter_misc":{"Escrito por":"apuntesdesanluis.com","Tiempo de lectura":"2 minutos"},"schema":{"@context":"https:\/\/schema.org","@graph":[{"@type":"Article","@id":"https:\/\/apuntesdesanluis.com\/index.php\/2023\/12\/18\/la-upro-trabaja-en-la-puesta-en-marcha-de-la-oferta-academica-y-en-la-optimizacion-de-su-funcionamiento\/#article","isPartOf":{"@id":"https:\/\/apuntesdesanluis.com\/index.php\/2023\/12\/18\/la-upro-trabaja-en-la-puesta-en-marcha-de-la-oferta-academica-y-en-la-optimizacion-de-su-funcionamiento\/"},"author":{"name":"apuntesdesanluis.com","@id":"https:\/\/apuntesdesanluis.com\/#\/schema\/person\/b55151d52296fcce64d1a72538a70b90"},"headline":"LA UPRO TRABAJA EN LA PUESTA EN MARCHA DE LA OFERTA ACAD\u00c9MICA Y EN LA OPTIMIZACI\u00d3N DE SU FUNCIONAMIENTO","datePublished":"2023-12-18T22:08:19+00:00","dateModified":"2023-12-18T22:08:40+00:00","mainEntityOfPage":{"@id":"https:\/\/apuntesdesanluis.com\/index.php\/2023\/12\/18\/la-upro-trabaja-en-la-puesta-en-marcha-de-la-oferta-academica-y-en-la-optimizacion-de-su-funcionamiento\/"},"wordCount":303,"publisher":{"@id":"https:\/\/apuntesdesanluis.com\/#\/schema\/person\/b55151d52296fcce64d1a72538a70b90"},"image":{"@id":"https:\/\/apuntesdesanluis.com\/index.php\/2023\/12\/18\/la-upro-trabaja-en-la-puesta-en-marcha-de-la-oferta-academica-y-en-la-optimizacion-de-su-funcionamiento\/#primaryimage"},"thumbnailUrl":"https:\/\/apuntesdesanluis.com\/wp-content\/uploads\/2023\/12\/RUDY-CAMERA.png","articleSection":["Ciudad\/Provincia"],"inLanguage":"es-AR"},{"@type":"WebPage","@id":"https:\/\/apuntesdesanluis.com\/index.php\/2023\/12\/18\/la-upro-trabaja-en-la-puesta-en-marcha-de-la-oferta-academica-y-en-la-optimizacion-de-su-funcionamiento\/","url":"https:\/\/apuntesdesanluis.com\/index.php\/2023\/12\/18\/la-upro-trabaja-en-la-puesta-en-marcha-de-la-oferta-academica-y-en-la-optimizacion-de-su-funcionamiento\/","name":"LA UPRO TRABAJA EN LA PUESTA EN MARCHA DE LA OFERTA ACAD\u00c9MICA Y EN LA OPTIMIZACI\u00d3N DE SU FUNCIONAMIENTO - Apuntes de San Luis","isPartOf":{"@id":"https:\/\/apuntesdesanluis.com\/#website"},"primaryImageOfPage":{"@id":"https:\/\/apuntesdesanluis.com\/index.php\/2023\/12\/18\/la-upro-trabaja-en-la-puesta-en-marcha-de-la-oferta-academica-y-en-la-optimizacion-de-su-funcionamiento\/#primaryimage"},"image":{"@id":"https:\/\/apuntesdesanluis.com\/index.php\/2023\/12\/18\/la-upro-trabaja-en-la-puesta-en-marcha-de-la-oferta-academica-y-en-la-optimizacion-de-su-funcionamiento\/#primaryimage"},"thumbnailUrl":"https:\/\/apuntesdesanluis.com\/wp-content\/uploads\/2023\/12\/RUDY-CAMERA.png","datePublished":"2023-12-18T22:08:19+00:00","dateModified":"2023-12-18T22:08:40+00:00","breadcrumb":{"@id":"https:\/\/apuntesdesanluis.com\/index.php\/2023\/12\/18\/la-upro-trabaja-en-la-puesta-en-marcha-de-la-oferta-academica-y-en-la-optimizacion-de-su-funcionamiento\/#breadcrumb"},"inLanguage":"es-AR","potentialAction":[{"@type":"ReadAction","target":["https:\/\/apuntesdesanluis.com\/index.php\/2023\/12\/18\/la-upro-trabaja-en-la-puesta-en-marcha-de-la-oferta-academica-y-en-la-optimizacion-de-su-funcionamiento\/"]}]},{"@type":"ImageObject","inLanguage":"es-AR","@id":"https:\/\/apuntesdesanluis.com\/index.php\/2023\/12\/18\/la-upro-trabaja-en-la-puesta-en-marcha-de-la-oferta-academica-y-en-la-optimizacion-de-su-funcionamiento\/#primaryimage","url":"https:\/\/apuntesdesanluis.com\/wp-content\/uploads\/2023\/12\/RUDY-CAMERA.png","contentUrl":"https:\/\/apuntesdesanluis.com\/wp-content\/uploads\/2023\/12\/RUDY-CAMERA.png","width":600,"height":325},{"@type":"BreadcrumbList","@id":"https:\/\/apuntesdesanluis.com\/index.php\/2023\/12\/18\/la-upro-trabaja-en-la-puesta-en-marcha-de-la-oferta-academica-y-en-la-optimizacion-de-su-funcionamiento\/#breadcrumb","itemListElement":[{"@type":"ListItem","position":1,"name":"Inicio","item":"https:\/\/apuntesdesanluis.com\/"},{"@type":"ListItem","position":2,"name":"LA UPRO TRABAJA EN LA PUESTA EN MARCHA DE LA OFERTA ACAD\u00c9MICA Y EN LA OPTIMIZACI\u00d3N DE SU FUNCIONAMIENTO"}]},{"@type":"WebSite","@id":"https:\/\/apuntesdesanluis.com\/#website","url":"https:\/\/apuntesdesanluis.com\/","name":"Apuntes de San Luis","description":"","publisher":{"@id":"https:\/\/apuntesdesanluis.com\/#\/schema\/person\/b55151d52296fcce64d1a72538a70b90"},"potentialAction":[{"@type":"SearchAction","target":{"@type":"EntryPoint","urlTemplate":"https:\/\/apuntesdesanluis.com\/?s={search_term_string}"},"query-input":{"@type":"PropertyValueSpecification","valueRequired":true,"valueName":"search_term_string"}}],"inLanguage":"es-AR"},{"@type":["Person","Organization"],"@id":"https:\/\/apuntesdesanluis.com\/#\/schema\/person\/b55151d52296fcce64d1a72538a70b90","name":"apuntesdesanluis.com","image":{"@type":"ImageObject","inLanguage":"es-AR","@id":"https:\/\/apuntesdesanluis.com\/#\/schema\/person\/image\/","url":"https:\/\/apuntesdesanluis.com\/wp-content\/uploads\/2023\/07\/cropped-apuntesdesanluis.png","contentUrl":"https:\/\/apuntesdesanluis.com\/wp-content\/uploads\/2023\/07\/cropped-apuntesdesanluis.png","width":450,"height":112,"caption":"apuntesdesanluis.com"},"logo":{"@id":"https:\/\/apuntesdesanluis.com\/#\/schema\/person\/image\/"},"sameAs":["https:\/\/apuntesdesanluis.com"],"url":"https:\/\/apuntesdesanluis.com\/index.php\/author\/apuntesdesanluis-com\/"}]}},"featured_image_urls":{"full":["https:\/\/apuntesdesanluis.com\/wp-content\/uploads\/2023\/12\/RUDY-CAMERA.png",600,325,false],"thumbnail":["https:\/\/apuntesdesanluis.com\/wp-content\/uploads\/2023\/12\/RUDY-CAMERA-150x150.png",150,150,true],"medium":["https:\/\/apuntesdesanluis.com\/wp-content\/uploads\/2023\/12\/RUDY-CAMERA-300x163.png",300,163,true],"medium_large":["https:\/\/apuntesdesanluis.com\/wp-content\/uploads\/2023\/12\/RUDY-CAMERA.png",600,325,false],"large":["https:\/\/apuntesdesanluis.com\/wp-content\/uploads\/2023\/12\/RUDY-CAMERA.png",600,325,false],"1536x1536":["https:\/\/apuntesdesanluis.com\/wp-content\/uploads\/2023\/12\/RUDY-CAMERA.png",600,325,false],"2048x2048":["https:\/\/apuntesdesanluis.com\/wp-content\/uploads\/2023\/12\/RUDY-CAMERA.png",600,325,false],"newsever-slider-full":["https:\/\/apuntesdesanluis.com\/wp-content\/uploads\/2023\/12\/RUDY-CAMERA.png",600,325,false],"newsever-featured":["https:\/\/apuntesdesanluis.com\/wp-content\/uploads\/2023\/12\/RUDY-CAMERA.png",600,325,false],"newsever-medium":["https:\/\/apuntesdesanluis.com\/wp-content\/uploads\/2023\/12\/RUDY-CAMERA.png",600,325,false]},"author_info":{"display_name":"apuntesdesanluis.com","author_link":"https:\/\/apuntesdesanluis.com\/index.php\/author\/apuntesdesanluis-com\/"},"category_info":"<a href=\"https:\/\/apuntesdesanluis.com\/index.php\/category\/ciudad-provincia\/\" rel=\"category tag\">Ciudad\/Provincia<\/a>","tag_info":"Ciudad\/Provincia","comment_count":"0","_links":{"self":[{"href":"https:\/\/apuntesdesanluis.com\/index.php\/wp-json\/wp\/v2\/posts\/8540","targetHints":{"allow":["GET"]}}],"collection":[{"href":"https:\/\/apuntesdesanluis.com\/index.php\/wp-json\/wp\/v2\/posts"}],"about":[{"href":"https:\/\/apuntesdesanluis.com\/index.php\/wp-json\/wp\/v2\/types\/post"}],"author":[{"embeddable":true,"href":"https:\/\/apuntesdesanluis.com\/index.php\/wp-json\/wp\/v2\/users\/1"}],"replies":[{"embeddable":true,"href":"https:\/\/apuntesdesanluis.com\/index.php\/wp-json\/wp\/v2\/comments?post=8540"}],"version-history":[{"count":2,"href":"https:\/\/apuntesdesanluis.com\/index.php\/wp-json\/wp\/v2\/posts\/8540\/revisions"}],"predecessor-version":[{"id":8544,"href":"https:\/\/apuntesdesanluis.com\/index.php\/wp-json\/wp\/v2\/posts\/8540\/revisions\/8544"}],"wp:featuredmedia":[{"embeddable":true,"href":"https:\/\/apuntesdesanluis.com\/index.php\/wp-json\/wp\/v2\/media\/8541"}],"wp:attachment":[{"href":"https:\/\/apuntesdesanluis.com\/index.php\/wp-json\/wp\/v2\/media?parent=8540"}],"wp:term":[{"taxonomy":"category","embeddable":true,"href":"https:\/\/apuntesdesanluis.com\/index.php\/wp-json\/wp\/v2\/categories?post=8540"},{"taxonomy":"post_tag","embeddable":true,"href":"https:\/\/apuntesdesanluis.com\/index.php\/wp-json\/wp\/v2\/tags?post=8540"}],"curies":[{"name":"wp","href":"https:\/\/api.w.org\/{rel}","templated":true}]}}