{"id":856,"date":"2023-08-01T19:32:40","date_gmt":"2023-08-01T22:32:40","guid":{"rendered":"https:\/\/apuntesdesanluis.com\/?p=856"},"modified":"2023-08-01T19:55:40","modified_gmt":"2023-08-01T22:55:40","slug":"al-igual-que-larreta-bullrich-tambien-sufrio-escraches-en-su-paso-por-san-luis","status":"publish","type":"post","link":"https:\/\/apuntesdesanluis.com\/index.php\/2023\/08\/01\/al-igual-que-larreta-bullrich-tambien-sufrio-escraches-en-su-paso-por-san-luis\/","title":{"rendered":"AL IGUAL QUE LARRETA, BULLRICH TAMBI\u00c9N SUFRI\u00d3 ESCRACHES EN SU PASO POR SAN LUIS"},"content":{"rendered":"<h3>Este martes en horas del mediod\u00eda la precandidata a presidenta de Juntos por el Cambio, <strong>Patricia Bullrich<\/strong>, junto a su compa\u00f1ero de f\u00f3rmula, el diputado nacional <strong>Luis Petri<\/strong>, participaron de una caminata por las calles c\u00e9ntricas de la ciudad capital, en el marco de su campa\u00f1a electoral rumbo a las PASO del 13 de agosto.<\/h3>\n<h3>Mientras se desarrollaba el paso de los dirigentes y seguidores, un grupo reducido de j\u00f3venes que ser\u00edan militantes de la agrupaci\u00f3n universitaria San Luis Independiente comenzaron a abuchearla con c\u00e1nticos y gritos, reproch\u00e1ndole su accionar en la desaparici\u00f3n de Santiago Maldonado, durante su gesti\u00f3n como ministra de Seguridad de Mauricio Macri.<\/h3>\n<h3>La dirigente estuvo acompa\u00f1ada a su lado por el precandidato a senador nacional <strong>Jorge Lucero<\/strong>, quien la abrazaba en forma protectora, casi como si fuera su guardaespaldas, y el resto de los postulantes locales. Tambi\u00e9n pudieron verse al ex gobernador <strong>\u00c1ngel Rafael Ruiz<\/strong> y al ex diputado nacional <strong>Walter Ceballos<\/strong>.<\/h3>\n<h3>Posteriormente estaba pautada una conferencia de prensa en la vereda de una confiter\u00eda del Paseo del Padre, pero a poco de iniciarse los manifestantes se acercaron y continuaron el escrache, cuando efectuaba la presentaci\u00f3n el diputado provincial <strong>Carlos \u201cCharly\u201d Pereira<\/strong> (PRO), precandidato al ParlaSur.<\/h3>\n<h3>Parte del p\u00fablico trat\u00f3 de alejar a los j\u00f3venes que protestaban y se produjo un agresivo intercambio que no pas\u00f3 a mayores, pero que oblig\u00f3 a los organizadores a pasar al interior de la confiter\u00eda para poder continuar la conferencia.<\/h3>\n<p><img fetchpriority=\"high\" decoding=\"async\" class=\"wp-image-858 aligncenter\" src=\"https:\/\/apuntesdesanluis.com\/wp-content\/uploads\/2023\/08\/escrache-300x180.png\" alt=\"\" width=\"552\" height=\"331\" srcset=\"https:\/\/apuntesdesanluis.com\/wp-content\/uploads\/2023\/08\/escrache-300x180.png 300w, https:\/\/apuntesdesanluis.com\/wp-content\/uploads\/2023\/08\/escrache.png 635w\" sizes=\"(max-width: 552px) 100vw, 552px\" \/><\/p>\n<h3>Bullrich se\u00f1al\u00f3 que \u201cse necesita una presidencia fuerte, con decisi\u00f3n y coraje, justamente para poder proteger a los gobiernos provinciales de estos intentos de cooptaci\u00f3n de aquellos que no se quieren ir del poder, que hace 40 a\u00f1os est\u00e1n y ahora quieren condicionar a los que vienen. Estamos convencidos que se necesita un equipo como el que representamos para acompa\u00f1ar a los gobernadores de Juntos por el Cambio, que cada vez son m\u00e1s. La decisi\u00f3n del kirchnerismo, es tratar de quedarse, someternos e impedirnos gobernar\u201d, enfatiz\u00f3.<\/h3>\n<h3>Con respecto a la la multitudinaria marcha que se realiz\u00f3 ayer en la ciudad de San Luis en rechazo a las medidas que lleva adelante el gobernador, Alberto Rodr\u00edguez Sa\u00e1, apunt\u00f3: \u201cSalieron los puntanos a la calle a defender lo que va a ser el pr\u00f3ximo Gobierno de Poggi, que lo quieren condicionar desde el nombramiento de personas en el Estado y la cooptaci\u00f3n de las instituciones\u201d, expuso.<\/h3>\n<p><img decoding=\"async\" class=\"wp-image-859 aligncenter\" src=\"https:\/\/apuntesdesanluis.com\/wp-content\/uploads\/2023\/08\/conferenia-de-bullrich-en-san-luis-300x175.png\" alt=\"\" width=\"550\" height=\"321\" srcset=\"https:\/\/apuntesdesanluis.com\/wp-content\/uploads\/2023\/08\/conferenia-de-bullrich-en-san-luis-300x175.png 300w, https:\/\/apuntesdesanluis.com\/wp-content\/uploads\/2023\/08\/conferenia-de-bullrich-en-san-luis.png 598w\" sizes=\"(max-width: 550px) 100vw, 550px\" \/><\/p>\n<h3>Adem\u00e1s cuestion\u00f3 las medidas que lleva adelante el ministro de Econom\u00eda y postulante presidencial por Uni\u00f3n por la Patria, Sergio Massa: \u201cEst\u00e1 colocando parche tras parche. Est\u00e1 emitiendo, aumentando el gasto p\u00fablico y generando una situaci\u00f3n exactamente contraria a la que deber\u00eda hacer en este momento para bajar la inflaci\u00f3n. Est\u00e1 queriendo alargar la mecha para una bomba cada vez m\u00e1s grande, pero las variables se le van y no las puede manejar\u201d.<\/h3>\n<h3>Bullrich estuvo acompa\u00f1ada por los precandidatos a vicepresidente <strong>Luis Petri<\/strong>; a senadores nacionales por San Luis <strong>Jorge Lucero y Sandra Barroso<\/strong>; a diputados nacionales <strong>Carlos Almena y Luz Echenique<\/strong>; y a parlamentario del Mercosur, <strong>Charly Pereira<\/strong>.<\/h3>\n<h3>Asegur\u00f3 que en su recorrido por el pa\u00eds hay dos principales demandas que le plantean los argentinos: bajar la inflaci\u00f3n y mejorar la seguridad.<\/h3>\n<h3>La exministra de Seguridad tambi\u00e9n traz\u00f3 un paralelismo con lo que podr\u00eda suceder ante un eventual gobierno suyo: &#8220;Esto es lo que est\u00e1n instalando si gana Juntos por el Cambio, que van a salir a tirar piedras y a hacer paros. Con cada piedra vamos a construir un puente, y a cada obst\u00e1culo le vamos a poner m\u00e1s ganas al cambio&#8221;.<\/h3>\n<h3>&#8220;Con la violencia que llevaron hoy a la conferencia prensa ya est\u00e1n mostrando los dientes. No saben convivir en democracia. \u00bfCon ellos vamos a dialogar?&#8221;, cuestion\u00f3 la aspirante presidencial de Juntos por el Cambio.<\/h3>\n<h3>En su cuenta de Twitter,\u00a0<strong>Bullrich public\u00f3 un video para mostrar lo sucedido:<\/strong>\u00a0&#8220;Est\u00e1 claro que no saben convivir en democracia y en San Luis lo est\u00e1n demostrando de nuevo. Como dijo Claudio Poggi el lunes ante m\u00e1s de 10 mil personas: &#8216;D\u00e9jese de joder, gobernador, respete al pueblo'&#8221;.<\/h3>\n<p><a href=\"https:\/\/twitter.com\/i\/status\/1686435886005702667\"><img decoding=\"async\" class=\"wp-image-861 aligncenter\" src=\"https:\/\/apuntesdesanluis.com\/wp-content\/uploads\/2023\/08\/twuit-de-bullrich-236x300.png\" alt=\"\" width=\"591\" height=\"751\" srcset=\"https:\/\/apuntesdesanluis.com\/wp-content\/uploads\/2023\/08\/twuit-de-bullrich-236x300.png 236w, https:\/\/apuntesdesanluis.com\/wp-content\/uploads\/2023\/08\/twuit-de-bullrich.png 561w\" sizes=\"(max-width: 591px) 100vw, 591px\" \/><\/a><\/p>\n<p>&nbsp;<\/p>\n<p>&nbsp;<\/p>\n","protected":false},"excerpt":{"rendered":"<p>Este martes en horas del mediod\u00eda la precandidata a presidenta de Juntos por el Cambio,&#8230;<\/p>\n","protected":false},"author":1,"featured_media":857,"comment_status":"closed","ping_status":"closed","sticky":false,"template":"","format":"standard","meta":{"footnotes":""},"categories":[6],"tags":[],"class_list":["post-856","post","type-post","status-publish","format-standard","has-post-thumbnail","hentry","category-ciudad-provincia"],"yoast_head":"<!-- This site is optimized with the Yoast SEO plugin v26.1.1 - https:\/\/yoast.com\/wordpress\/plugins\/seo\/ -->\n<title>AL IGUAL QUE LARRETA, BULLRICH TAMBI\u00c9N SUFRI\u00d3 ESCRACHES EN SU PASO POR SAN LUIS - Apuntes de San Luis<\/title>\n<meta name=\"robots\" content=\"index, follow, max-snippet:-1, max-image-preview:large, max-video-preview:-1\" \/>\n<link rel=\"canonical\" href=\"https:\/\/apuntesdesanluis.com\/index.php\/2023\/08\/01\/al-igual-que-larreta-bullrich-tambien-sufrio-escraches-en-su-paso-por-san-luis\/\" \/>\n<meta property=\"og:locale\" content=\"es_ES\" \/>\n<meta property=\"og:type\" content=\"article\" \/>\n<meta property=\"og:title\" content=\"AL IGUAL QUE LARRETA, BULLRICH TAMBI\u00c9N SUFRI\u00d3 ESCRACHES EN SU PASO POR SAN LUIS - Apuntes de San Luis\" \/>\n<meta property=\"og:description\" content=\"Este martes en horas del mediod\u00eda la precandidata a presidenta de Juntos por el Cambio,...\" \/>\n<meta property=\"og:url\" content=\"https:\/\/apuntesdesanluis.com\/index.php\/2023\/08\/01\/al-igual-que-larreta-bullrich-tambien-sufrio-escraches-en-su-paso-por-san-luis\/\" \/>\n<meta property=\"og:site_name\" content=\"Apuntes de San Luis\" \/>\n<meta property=\"article:published_time\" content=\"2023-08-01T22:32:40+00:00\" \/>\n<meta property=\"article:modified_time\" content=\"2023-08-01T22:55:40+00:00\" \/>\n<meta property=\"og:image\" content=\"https:\/\/apuntesdesanluis.com\/wp-content\/uploads\/2023\/08\/bullrich-tapa-apuntesdesanluis.png\" \/>\n\t<meta property=\"og:image:width\" content=\"1126\" \/>\n\t<meta property=\"og:image:height\" content=\"674\" \/>\n\t<meta property=\"og:image:type\" content=\"image\/png\" \/>\n<meta name=\"author\" content=\"apuntesdesanluis.com\" \/>\n<meta name=\"twitter:card\" content=\"summary_large_image\" \/>\n<meta name=\"twitter:label1\" content=\"Escrito por\" \/>\n\t<meta name=\"twitter:data1\" content=\"apuntesdesanluis.com\" \/>\n\t<meta name=\"twitter:label2\" content=\"Tiempo de lectura\" \/>\n\t<meta name=\"twitter:data2\" content=\"4 minutos\" \/>\n<script type=\"application\/ld+json\" class=\"yoast-schema-graph\">{\"@context\":\"https:\/\/schema.org\",\"@graph\":[{\"@type\":\"Article\",\"@id\":\"https:\/\/apuntesdesanluis.com\/index.php\/2023\/08\/01\/al-igual-que-larreta-bullrich-tambien-sufrio-escraches-en-su-paso-por-san-luis\/#article\",\"isPartOf\":{\"@id\":\"https:\/\/apuntesdesanluis.com\/index.php\/2023\/08\/01\/al-igual-que-larreta-bullrich-tambien-sufrio-escraches-en-su-paso-por-san-luis\/\"},\"author\":{\"name\":\"apuntesdesanluis.com\",\"@id\":\"https:\/\/apuntesdesanluis.com\/#\/schema\/person\/b55151d52296fcce64d1a72538a70b90\"},\"headline\":\"AL IGUAL QUE LARRETA, BULLRICH TAMBI\u00c9N SUFRI\u00d3 ESCRACHES EN SU PASO POR SAN LUIS\",\"datePublished\":\"2023-08-01T22:32:40+00:00\",\"dateModified\":\"2023-08-01T22:55:40+00:00\",\"mainEntityOfPage\":{\"@id\":\"https:\/\/apuntesdesanluis.com\/index.php\/2023\/08\/01\/al-igual-que-larreta-bullrich-tambien-sufrio-escraches-en-su-paso-por-san-luis\/\"},\"wordCount\":735,\"publisher\":{\"@id\":\"https:\/\/apuntesdesanluis.com\/#\/schema\/person\/b55151d52296fcce64d1a72538a70b90\"},\"image\":{\"@id\":\"https:\/\/apuntesdesanluis.com\/index.php\/2023\/08\/01\/al-igual-que-larreta-bullrich-tambien-sufrio-escraches-en-su-paso-por-san-luis\/#primaryimage\"},\"thumbnailUrl\":\"https:\/\/apuntesdesanluis.com\/wp-content\/uploads\/2023\/08\/bullrich-tapa-apuntesdesanluis.png\",\"articleSection\":[\"Ciudad\/Provincia\"],\"inLanguage\":\"es-AR\"},{\"@type\":\"WebPage\",\"@id\":\"https:\/\/apuntesdesanluis.com\/index.php\/2023\/08\/01\/al-igual-que-larreta-bullrich-tambien-sufrio-escraches-en-su-paso-por-san-luis\/\",\"url\":\"https:\/\/apuntesdesanluis.com\/index.php\/2023\/08\/01\/al-igual-que-larreta-bullrich-tambien-sufrio-escraches-en-su-paso-por-san-luis\/\",\"name\":\"AL IGUAL QUE LARRETA, BULLRICH TAMBI\u00c9N SUFRI\u00d3 ESCRACHES EN SU PASO POR SAN LUIS - Apuntes de San Luis\",\"isPartOf\":{\"@id\":\"https:\/\/apuntesdesanluis.com\/#website\"},\"primaryImageOfPage\":{\"@id\":\"https:\/\/apuntesdesanluis.com\/index.php\/2023\/08\/01\/al-igual-que-larreta-bullrich-tambien-sufrio-escraches-en-su-paso-por-san-luis\/#primaryimage\"},\"image\":{\"@id\":\"https:\/\/apuntesdesanluis.com\/index.php\/2023\/08\/01\/al-igual-que-larreta-bullrich-tambien-sufrio-escraches-en-su-paso-por-san-luis\/#primaryimage\"},\"thumbnailUrl\":\"https:\/\/apuntesdesanluis.com\/wp-content\/uploads\/2023\/08\/bullrich-tapa-apuntesdesanluis.png\",\"datePublished\":\"2023-08-01T22:32:40+00:00\",\"dateModified\":\"2023-08-01T22:55:40+00:00\",\"breadcrumb\":{\"@id\":\"https:\/\/apuntesdesanluis.com\/index.php\/2023\/08\/01\/al-igual-que-larreta-bullrich-tambien-sufrio-escraches-en-su-paso-por-san-luis\/#breadcrumb\"},\"inLanguage\":\"es-AR\",\"potentialAction\":[{\"@type\":\"ReadAction\",\"target\":[\"https:\/\/apuntesdesanluis.com\/index.php\/2023\/08\/01\/al-igual-que-larreta-bullrich-tambien-sufrio-escraches-en-su-paso-por-san-luis\/\"]}]},{\"@type\":\"ImageObject\",\"inLanguage\":\"es-AR\",\"@id\":\"https:\/\/apuntesdesanluis.com\/index.php\/2023\/08\/01\/al-igual-que-larreta-bullrich-tambien-sufrio-escraches-en-su-paso-por-san-luis\/#primaryimage\",\"url\":\"https:\/\/apuntesdesanluis.com\/wp-content\/uploads\/2023\/08\/bullrich-tapa-apuntesdesanluis.png\",\"contentUrl\":\"https:\/\/apuntesdesanluis.com\/wp-content\/uploads\/2023\/08\/bullrich-tapa-apuntesdesanluis.png\",\"width\":1126,\"height\":674},{\"@type\":\"BreadcrumbList\",\"@id\":\"https:\/\/apuntesdesanluis.com\/index.php\/2023\/08\/01\/al-igual-que-larreta-bullrich-tambien-sufrio-escraches-en-su-paso-por-san-luis\/#breadcrumb\",\"itemListElement\":[{\"@type\":\"ListItem\",\"position\":1,\"name\":\"Inicio\",\"item\":\"https:\/\/apuntesdesanluis.com\/\"},{\"@type\":\"ListItem\",\"position\":2,\"name\":\"AL IGUAL QUE LARRETA, BULLRICH TAMBI\u00c9N SUFRI\u00d3 ESCRACHES EN SU PASO POR SAN LUIS\"}]},{\"@type\":\"WebSite\",\"@id\":\"https:\/\/apuntesdesanluis.com\/#website\",\"url\":\"https:\/\/apuntesdesanluis.com\/\",\"name\":\"Apuntes de San Luis\",\"description\":\"\",\"publisher\":{\"@id\":\"https:\/\/apuntesdesanluis.com\/#\/schema\/person\/b55151d52296fcce64d1a72538a70b90\"},\"potentialAction\":[{\"@type\":\"SearchAction\",\"target\":{\"@type\":\"EntryPoint\",\"urlTemplate\":\"https:\/\/apuntesdesanluis.com\/?s={search_term_string}\"},\"query-input\":{\"@type\":\"PropertyValueSpecification\",\"valueRequired\":true,\"valueName\":\"search_term_string\"}}],\"inLanguage\":\"es-AR\"},{\"@type\":[\"Person\",\"Organization\"],\"@id\":\"https:\/\/apuntesdesanluis.com\/#\/schema\/person\/b55151d52296fcce64d1a72538a70b90\",\"name\":\"apuntesdesanluis.com\",\"image\":{\"@type\":\"ImageObject\",\"inLanguage\":\"es-AR\",\"@id\":\"https:\/\/apuntesdesanluis.com\/#\/schema\/person\/image\/\",\"url\":\"https:\/\/apuntesdesanluis.com\/wp-content\/uploads\/2023\/07\/cropped-apuntesdesanluis.png\",\"contentUrl\":\"https:\/\/apuntesdesanluis.com\/wp-content\/uploads\/2023\/07\/cropped-apuntesdesanluis.png\",\"width\":450,\"height\":112,\"caption\":\"apuntesdesanluis.com\"},\"logo\":{\"@id\":\"https:\/\/apuntesdesanluis.com\/#\/schema\/person\/image\/\"},\"sameAs\":[\"https:\/\/apuntesdesanluis.com\"],\"url\":\"https:\/\/apuntesdesanluis.com\/index.php\/author\/apuntesdesanluis-com\/\"}]}<\/script>\n<!-- \/ Yoast SEO plugin. -->","yoast_head_json":{"title":"AL IGUAL QUE LARRETA, BULLRICH TAMBI\u00c9N SUFRI\u00d3 ESCRACHES EN SU PASO POR SAN LUIS - Apuntes de San Luis","robots":{"index":"index","follow":"follow","max-snippet":"max-snippet:-1","max-image-preview":"max-image-preview:large","max-video-preview":"max-video-preview:-1"},"canonical":"https:\/\/apuntesdesanluis.com\/index.php\/2023\/08\/01\/al-igual-que-larreta-bullrich-tambien-sufrio-escraches-en-su-paso-por-san-luis\/","og_locale":"es_ES","og_type":"article","og_title":"AL IGUAL QUE LARRETA, BULLRICH TAMBI\u00c9N SUFRI\u00d3 ESCRACHES EN SU PASO POR SAN LUIS - Apuntes de San Luis","og_description":"Este martes en horas del mediod\u00eda la precandidata a presidenta de Juntos por el Cambio,...","og_url":"https:\/\/apuntesdesanluis.com\/index.php\/2023\/08\/01\/al-igual-que-larreta-bullrich-tambien-sufrio-escraches-en-su-paso-por-san-luis\/","og_site_name":"Apuntes de San Luis","article_published_time":"2023-08-01T22:32:40+00:00","article_modified_time":"2023-08-01T22:55:40+00:00","og_image":[{"width":1126,"height":674,"url":"https:\/\/apuntesdesanluis.com\/wp-content\/uploads\/2023\/08\/bullrich-tapa-apuntesdesanluis.png","type":"image\/png"}],"author":"apuntesdesanluis.com","twitter_card":"summary_large_image","twitter_misc":{"Escrito por":"apuntesdesanluis.com","Tiempo de lectura":"4 minutos"},"schema":{"@context":"https:\/\/schema.org","@graph":[{"@type":"Article","@id":"https:\/\/apuntesdesanluis.com\/index.php\/2023\/08\/01\/al-igual-que-larreta-bullrich-tambien-sufrio-escraches-en-su-paso-por-san-luis\/#article","isPartOf":{"@id":"https:\/\/apuntesdesanluis.com\/index.php\/2023\/08\/01\/al-igual-que-larreta-bullrich-tambien-sufrio-escraches-en-su-paso-por-san-luis\/"},"author":{"name":"apuntesdesanluis.com","@id":"https:\/\/apuntesdesanluis.com\/#\/schema\/person\/b55151d52296fcce64d1a72538a70b90"},"headline":"AL IGUAL QUE LARRETA, BULLRICH TAMBI\u00c9N SUFRI\u00d3 ESCRACHES EN SU PASO POR SAN LUIS","datePublished":"2023-08-01T22:32:40+00:00","dateModified":"2023-08-01T22:55:40+00:00","mainEntityOfPage":{"@id":"https:\/\/apuntesdesanluis.com\/index.php\/2023\/08\/01\/al-igual-que-larreta-bullrich-tambien-sufrio-escraches-en-su-paso-por-san-luis\/"},"wordCount":735,"publisher":{"@id":"https:\/\/apuntesdesanluis.com\/#\/schema\/person\/b55151d52296fcce64d1a72538a70b90"},"image":{"@id":"https:\/\/apuntesdesanluis.com\/index.php\/2023\/08\/01\/al-igual-que-larreta-bullrich-tambien-sufrio-escraches-en-su-paso-por-san-luis\/#primaryimage"},"thumbnailUrl":"https:\/\/apuntesdesanluis.com\/wp-content\/uploads\/2023\/08\/bullrich-tapa-apuntesdesanluis.png","articleSection":["Ciudad\/Provincia"],"inLanguage":"es-AR"},{"@type":"WebPage","@id":"https:\/\/apuntesdesanluis.com\/index.php\/2023\/08\/01\/al-igual-que-larreta-bullrich-tambien-sufrio-escraches-en-su-paso-por-san-luis\/","url":"https:\/\/apuntesdesanluis.com\/index.php\/2023\/08\/01\/al-igual-que-larreta-bullrich-tambien-sufrio-escraches-en-su-paso-por-san-luis\/","name":"AL IGUAL QUE LARRETA, BULLRICH TAMBI\u00c9N SUFRI\u00d3 ESCRACHES EN SU PASO POR SAN LUIS - Apuntes de San Luis","isPartOf":{"@id":"https:\/\/apuntesdesanluis.com\/#website"},"primaryImageOfPage":{"@id":"https:\/\/apuntesdesanluis.com\/index.php\/2023\/08\/01\/al-igual-que-larreta-bullrich-tambien-sufrio-escraches-en-su-paso-por-san-luis\/#primaryimage"},"image":{"@id":"https:\/\/apuntesdesanluis.com\/index.php\/2023\/08\/01\/al-igual-que-larreta-bullrich-tambien-sufrio-escraches-en-su-paso-por-san-luis\/#primaryimage"},"thumbnailUrl":"https:\/\/apuntesdesanluis.com\/wp-content\/uploads\/2023\/08\/bullrich-tapa-apuntesdesanluis.png","datePublished":"2023-08-01T22:32:40+00:00","dateModified":"2023-08-01T22:55:40+00:00","breadcrumb":{"@id":"https:\/\/apuntesdesanluis.com\/index.php\/2023\/08\/01\/al-igual-que-larreta-bullrich-tambien-sufrio-escraches-en-su-paso-por-san-luis\/#breadcrumb"},"inLanguage":"es-AR","potentialAction":[{"@type":"ReadAction","target":["https:\/\/apuntesdesanluis.com\/index.php\/2023\/08\/01\/al-igual-que-larreta-bullrich-tambien-sufrio-escraches-en-su-paso-por-san-luis\/"]}]},{"@type":"ImageObject","inLanguage":"es-AR","@id":"https:\/\/apuntesdesanluis.com\/index.php\/2023\/08\/01\/al-igual-que-larreta-bullrich-tambien-sufrio-escraches-en-su-paso-por-san-luis\/#primaryimage","url":"https:\/\/apuntesdesanluis.com\/wp-content\/uploads\/2023\/08\/bullrich-tapa-apuntesdesanluis.png","contentUrl":"https:\/\/apuntesdesanluis.com\/wp-content\/uploads\/2023\/08\/bullrich-tapa-apuntesdesanluis.png","width":1126,"height":674},{"@type":"BreadcrumbList","@id":"https:\/\/apuntesdesanluis.com\/index.php\/2023\/08\/01\/al-igual-que-larreta-bullrich-tambien-sufrio-escraches-en-su-paso-por-san-luis\/#breadcrumb","itemListElement":[{"@type":"ListItem","position":1,"name":"Inicio","item":"https:\/\/apuntesdesanluis.com\/"},{"@type":"ListItem","position":2,"name":"AL IGUAL QUE LARRETA, BULLRICH TAMBI\u00c9N SUFRI\u00d3 ESCRACHES EN SU PASO POR SAN LUIS"}]},{"@type":"WebSite","@id":"https:\/\/apuntesdesanluis.com\/#website","url":"https:\/\/apuntesdesanluis.com\/","name":"Apuntes de San Luis","description":"","publisher":{"@id":"https:\/\/apuntesdesanluis.com\/#\/schema\/person\/b55151d52296fcce64d1a72538a70b90"},"potentialAction":[{"@type":"SearchAction","target":{"@type":"EntryPoint","urlTemplate":"https:\/\/apuntesdesanluis.com\/?s={search_term_string}"},"query-input":{"@type":"PropertyValueSpecification","valueRequired":true,"valueName":"search_term_string"}}],"inLanguage":"es-AR"},{"@type":["Person","Organization"],"@id":"https:\/\/apuntesdesanluis.com\/#\/schema\/person\/b55151d52296fcce64d1a72538a70b90","name":"apuntesdesanluis.com","image":{"@type":"ImageObject","inLanguage":"es-AR","@id":"https:\/\/apuntesdesanluis.com\/#\/schema\/person\/image\/","url":"https:\/\/apuntesdesanluis.com\/wp-content\/uploads\/2023\/07\/cropped-apuntesdesanluis.png","contentUrl":"https:\/\/apuntesdesanluis.com\/wp-content\/uploads\/2023\/07\/cropped-apuntesdesanluis.png","width":450,"height":112,"caption":"apuntesdesanluis.com"},"logo":{"@id":"https:\/\/apuntesdesanluis.com\/#\/schema\/person\/image\/"},"sameAs":["https:\/\/apuntesdesanluis.com"],"url":"https:\/\/apuntesdesanluis.com\/index.php\/author\/apuntesdesanluis-com\/"}]}},"featured_image_urls":{"full":["https:\/\/apuntesdesanluis.com\/wp-content\/uploads\/2023\/08\/bullrich-tapa-apuntesdesanluis.png",1126,674,false],"thumbnail":["https:\/\/apuntesdesanluis.com\/wp-content\/uploads\/2023\/08\/bullrich-tapa-apuntesdesanluis-150x150.png",150,150,true],"medium":["https:\/\/apuntesdesanluis.com\/wp-content\/uploads\/2023\/08\/bullrich-tapa-apuntesdesanluis-300x180.png",300,180,true],"medium_large":["https:\/\/apuntesdesanluis.com\/wp-content\/uploads\/2023\/08\/bullrich-tapa-apuntesdesanluis-768x460.png",640,383,true],"large":["https:\/\/apuntesdesanluis.com\/wp-content\/uploads\/2023\/08\/bullrich-tapa-apuntesdesanluis-1024x613.png",640,383,true],"1536x1536":["https:\/\/apuntesdesanluis.com\/wp-content\/uploads\/2023\/08\/bullrich-tapa-apuntesdesanluis.png",1126,674,false],"2048x2048":["https:\/\/apuntesdesanluis.com\/wp-content\/uploads\/2023\/08\/bullrich-tapa-apuntesdesanluis.png",1126,674,false],"newsever-slider-full":["https:\/\/apuntesdesanluis.com\/wp-content\/uploads\/2023\/08\/bullrich-tapa-apuntesdesanluis.png",1126,674,false],"newsever-featured":["https:\/\/apuntesdesanluis.com\/wp-content\/uploads\/2023\/08\/bullrich-tapa-apuntesdesanluis-1024x613.png",1024,613,true],"newsever-medium":["https:\/\/apuntesdesanluis.com\/wp-content\/uploads\/2023\/08\/bullrich-tapa-apuntesdesanluis-720x475.png",720,475,true]},"author_info":{"display_name":"apuntesdesanluis.com","author_link":"https:\/\/apuntesdesanluis.com\/index.php\/author\/apuntesdesanluis-com\/"},"category_info":"<a href=\"https:\/\/apuntesdesanluis.com\/index.php\/category\/ciudad-provincia\/\" rel=\"category tag\">Ciudad\/Provincia<\/a>","tag_info":"Ciudad\/Provincia","comment_count":"0","_links":{"self":[{"href":"https:\/\/apuntesdesanluis.com\/index.php\/wp-json\/wp\/v2\/posts\/856","targetHints":{"allow":["GET"]}}],"collection":[{"href":"https:\/\/apuntesdesanluis.com\/index.php\/wp-json\/wp\/v2\/posts"}],"about":[{"href":"https:\/\/apuntesdesanluis.com\/index.php\/wp-json\/wp\/v2\/types\/post"}],"author":[{"embeddable":true,"href":"https:\/\/apuntesdesanluis.com\/index.php\/wp-json\/wp\/v2\/users\/1"}],"replies":[{"embeddable":true,"href":"https:\/\/apuntesdesanluis.com\/index.php\/wp-json\/wp\/v2\/comments?post=856"}],"version-history":[{"count":5,"href":"https:\/\/apuntesdesanluis.com\/index.php\/wp-json\/wp\/v2\/posts\/856\/revisions"}],"predecessor-version":[{"id":869,"href":"https:\/\/apuntesdesanluis.com\/index.php\/wp-json\/wp\/v2\/posts\/856\/revisions\/869"}],"wp:featuredmedia":[{"embeddable":true,"href":"https:\/\/apuntesdesanluis.com\/index.php\/wp-json\/wp\/v2\/media\/857"}],"wp:attachment":[{"href":"https:\/\/apuntesdesanluis.com\/index.php\/wp-json\/wp\/v2\/media?parent=856"}],"wp:term":[{"taxonomy":"category","embeddable":true,"href":"https:\/\/apuntesdesanluis.com\/index.php\/wp-json\/wp\/v2\/categories?post=856"},{"taxonomy":"post_tag","embeddable":true,"href":"https:\/\/apuntesdesanluis.com\/index.php\/wp-json\/wp\/v2\/tags?post=856"}],"curies":[{"name":"wp","href":"https:\/\/api.w.org\/{rel}","templated":true}]}}