{"id":8565,"date":"2023-12-18T20:18:08","date_gmt":"2023-12-18T23:18:08","guid":{"rendered":"https:\/\/apuntesdesanluis.com\/?p=8565"},"modified":"2023-12-18T20:18:08","modified_gmt":"2023-12-18T23:18:08","slug":"el-gobierno-quitara-los-planes-sociales-a-quienes-corten-calles-y-elimino-la-intermediacion","status":"publish","type":"post","link":"https:\/\/apuntesdesanluis.com\/index.php\/2023\/12\/18\/el-gobierno-quitara-los-planes-sociales-a-quienes-corten-calles-y-elimino-la-intermediacion\/","title":{"rendered":"EL GOBIERNO QUITAR\u00c1 LOS PLANES SOCIALES A QUIENES CORTEN CALLES Y ELIMIN\u00d3 LA INTERMEDIACI\u00d3N"},"content":{"rendered":"<h3>La ministra de Capital Humano, <strong>Sandra Pettovello<\/strong>, anunci\u00f3 que le quitar\u00e1 los planes a quienes corten las calles y la suspensi\u00f3n del sistema de control de presencialidad en los planes sociales.<\/h3>\n<h3>De esta manera, el presidente Javier Milei concret\u00f3 una de sus promesas de campa\u00f1a en la materia, que era la eliminaci\u00f3n de la intermediaci\u00f3n.<\/h3>\n<h3>En un breve video de dos minutos, Pettovello hizo su primera\u00a0 aparici\u00f3n p\u00fablica como titular de la cartera con un mensaje dirigido directamente a los beneficiarios de planes.<\/h3>\n<p><iframe title=\"Sandra Pettovello: &quot;Los que vayan a las marchas no van a cobrar el plan&quot;\" width=\"640\" height=\"360\" src=\"https:\/\/www.youtube.com\/embed\/CPfJSjZxjnk?start=1&#038;feature=oembed\" frameborder=\"0\" allow=\"accelerometer; autoplay; clipboard-write; encrypted-media; gyroscope; picture-in-picture; web-share\" referrerpolicy=\"strict-origin-when-cross-origin\" allowfullscreen><\/iframe><\/p>\n<h3>&#8220;A las madres, los ni\u00f1os y familias que necesitan asistencia en estos momentos dif\u00edciles que vive en nuestro pa\u00eds. Para los pr\u00f3ximos d\u00edas organizaciones piqueteras han convocado una marcha de protesta&#8221;, inici\u00f3.<\/h3>\n<h3>En esa l\u00ednea, continu\u00f3: &#8220;Queremos puntualizar que si bien es un derecho manifestarse, tambi\u00e9n lo es respetar el derecho de las personas a circular libremente para dirigirse a su trabajo&#8221;.<\/h3>\n<h3>&#8220;Por ello informamos que todos aquellos que hayan promovido, instigado, organizado o participado de los cortes perder\u00e1n todo tipo de di\u00e1logo con el Ministerio de Capital Humano&#8221;, resalt\u00f3.<\/h3>\n<h3>Adem\u00e1s, Pettovello comunic\u00f3 que Capital Humano comenzar\u00e1 a auditar a &#8220;todas las organizaciones sociales&#8221; para iniciar &#8220;un proceso de eliminaci\u00f3n de la intermediaci\u00f3n&#8221;.<\/h3>\n<h3>Seg\u00fan especific\u00f3 la ministra, el Gobierno cree imprescindible llevar &#8220;tranquilidad a los beneficiarios de los planes&#8221; y subray\u00f3: &#8220;Deben saber que nadie puede obligarlos a ir a una marcha con la amenaza de dar de baja el plan&#8221;.<\/h3>\n<h3>&#8220;Por esta raz\u00f3n suspenderemos el control de los certificados de presencialidad que dan las organizaciones sociales. Reiteramos que ya no van a poder dar de baja tu plan&#8221;, remarc\u00f3 Pettovello.<\/h3>\n<h3>Tambi\u00e9n enfatiz\u00f3 en &#8220;las madres que concurren con sus hijos a las marchas&#8221;, a dos d\u00edas de la movilizaci\u00f3n que convoc\u00f3 el Polo Obrero y otras organizaciones.<\/h3>\n<h3>&#8220;Es innecesario exponerlos al calor y a la violencia de las manifestaciones. Esta situaci\u00f3n en la nueva Argentina tiene que terminar&#8221;, sostuvo.<\/h3>\n<h3>En ese sentido, Pettovello recalc\u00f3 que &#8220;los \u00fanicos que no van a cobrar el plan son los que vayan a la marcha y corten la calle&#8221; y cit\u00f3 a Milei: &#8220;Ya lo dijo el presidente, el que corta no cobra&#8221;.<\/h3>\n<h3>Por otro lado, la titular de Capital Humano dej\u00f3 en claro que el Poder Ejecutivo acompa\u00f1ar\u00e1 a los beneficiarios de los planes y retom\u00f3 una parte de los anuncios que realiz\u00f3 el ministro de Econom\u00eda, Luis Caputo, la semana pasada.<\/h3>\n<h3>&#8220;Decidimos duplicar la Asignaci\u00f3n Universal por Hijo y aumentar un 50% la Tarjeta Alimentar&#8221;, finaliz\u00f3.<\/h3>\n","protected":false},"excerpt":{"rendered":"<p>La ministra de Capital Humano, Sandra Pettovello, anunci\u00f3 que le quitar\u00e1 los planes a quienes&#8230;<\/p>\n","protected":false},"author":1,"featured_media":8566,"comment_status":"closed","ping_status":"closed","sticky":false,"template":"","format":"standard","meta":{"footnotes":""},"categories":[5],"tags":[],"class_list":["post-8565","post","type-post","status-publish","format-standard","has-post-thumbnail","hentry","category-nacionales-internacionales"],"yoast_head":"<!-- This site is optimized with the Yoast SEO plugin v26.1.1 - https:\/\/yoast.com\/wordpress\/plugins\/seo\/ -->\n<title>EL GOBIERNO QUITAR\u00c1 LOS PLANES SOCIALES A QUIENES CORTEN CALLES Y ELIMIN\u00d3 LA INTERMEDIACI\u00d3N - Apuntes de San Luis<\/title>\n<meta name=\"robots\" content=\"index, follow, max-snippet:-1, max-image-preview:large, max-video-preview:-1\" \/>\n<link rel=\"canonical\" href=\"https:\/\/apuntesdesanluis.com\/index.php\/2023\/12\/18\/el-gobierno-quitara-los-planes-sociales-a-quienes-corten-calles-y-elimino-la-intermediacion\/\" \/>\n<meta property=\"og:locale\" content=\"es_ES\" \/>\n<meta property=\"og:type\" content=\"article\" \/>\n<meta property=\"og:title\" content=\"EL GOBIERNO QUITAR\u00c1 LOS PLANES SOCIALES A QUIENES CORTEN CALLES Y ELIMIN\u00d3 LA INTERMEDIACI\u00d3N - Apuntes de San Luis\" \/>\n<meta property=\"og:description\" content=\"La ministra de Capital Humano, Sandra Pettovello, anunci\u00f3 que le quitar\u00e1 los planes a quienes...\" \/>\n<meta property=\"og:url\" content=\"https:\/\/apuntesdesanluis.com\/index.php\/2023\/12\/18\/el-gobierno-quitara-los-planes-sociales-a-quienes-corten-calles-y-elimino-la-intermediacion\/\" \/>\n<meta property=\"og:site_name\" content=\"Apuntes de San Luis\" \/>\n<meta property=\"article:published_time\" content=\"2023-12-18T23:18:08+00:00\" \/>\n<meta property=\"og:image\" content=\"https:\/\/apuntesdesanluis.com\/wp-content\/uploads\/2023\/12\/SANDRA-PETTOVELLO.png\" \/>\n\t<meta property=\"og:image:width\" content=\"600\" \/>\n\t<meta property=\"og:image:height\" content=\"337\" \/>\n\t<meta property=\"og:image:type\" content=\"image\/png\" \/>\n<meta name=\"author\" content=\"apuntesdesanluis.com\" \/>\n<meta name=\"twitter:card\" content=\"summary_large_image\" \/>\n<meta name=\"twitter:label1\" content=\"Escrito por\" \/>\n\t<meta name=\"twitter:data1\" content=\"apuntesdesanluis.com\" \/>\n\t<meta name=\"twitter:label2\" content=\"Tiempo de lectura\" \/>\n\t<meta name=\"twitter:data2\" content=\"2 minutos\" \/>\n<script type=\"application\/ld+json\" class=\"yoast-schema-graph\">{\"@context\":\"https:\/\/schema.org\",\"@graph\":[{\"@type\":\"Article\",\"@id\":\"https:\/\/apuntesdesanluis.com\/index.php\/2023\/12\/18\/el-gobierno-quitara-los-planes-sociales-a-quienes-corten-calles-y-elimino-la-intermediacion\/#article\",\"isPartOf\":{\"@id\":\"https:\/\/apuntesdesanluis.com\/index.php\/2023\/12\/18\/el-gobierno-quitara-los-planes-sociales-a-quienes-corten-calles-y-elimino-la-intermediacion\/\"},\"author\":{\"name\":\"apuntesdesanluis.com\",\"@id\":\"https:\/\/apuntesdesanluis.com\/#\/schema\/person\/b55151d52296fcce64d1a72538a70b90\"},\"headline\":\"EL GOBIERNO QUITAR\u00c1 LOS PLANES SOCIALES A QUIENES CORTEN CALLES Y ELIMIN\u00d3 LA INTERMEDIACI\u00d3N\",\"datePublished\":\"2023-12-18T23:18:08+00:00\",\"mainEntityOfPage\":{\"@id\":\"https:\/\/apuntesdesanluis.com\/index.php\/2023\/12\/18\/el-gobierno-quitara-los-planes-sociales-a-quienes-corten-calles-y-elimino-la-intermediacion\/\"},\"wordCount\":456,\"publisher\":{\"@id\":\"https:\/\/apuntesdesanluis.com\/#\/schema\/person\/b55151d52296fcce64d1a72538a70b90\"},\"image\":{\"@id\":\"https:\/\/apuntesdesanluis.com\/index.php\/2023\/12\/18\/el-gobierno-quitara-los-planes-sociales-a-quienes-corten-calles-y-elimino-la-intermediacion\/#primaryimage\"},\"thumbnailUrl\":\"https:\/\/apuntesdesanluis.com\/wp-content\/uploads\/2023\/12\/SANDRA-PETTOVELLO.png\",\"articleSection\":[\"Nacionales\/Internacionales\"],\"inLanguage\":\"es-AR\"},{\"@type\":\"WebPage\",\"@id\":\"https:\/\/apuntesdesanluis.com\/index.php\/2023\/12\/18\/el-gobierno-quitara-los-planes-sociales-a-quienes-corten-calles-y-elimino-la-intermediacion\/\",\"url\":\"https:\/\/apuntesdesanluis.com\/index.php\/2023\/12\/18\/el-gobierno-quitara-los-planes-sociales-a-quienes-corten-calles-y-elimino-la-intermediacion\/\",\"name\":\"EL GOBIERNO QUITAR\u00c1 LOS PLANES SOCIALES A QUIENES CORTEN CALLES Y ELIMIN\u00d3 LA INTERMEDIACI\u00d3N - Apuntes de San Luis\",\"isPartOf\":{\"@id\":\"https:\/\/apuntesdesanluis.com\/#website\"},\"primaryImageOfPage\":{\"@id\":\"https:\/\/apuntesdesanluis.com\/index.php\/2023\/12\/18\/el-gobierno-quitara-los-planes-sociales-a-quienes-corten-calles-y-elimino-la-intermediacion\/#primaryimage\"},\"image\":{\"@id\":\"https:\/\/apuntesdesanluis.com\/index.php\/2023\/12\/18\/el-gobierno-quitara-los-planes-sociales-a-quienes-corten-calles-y-elimino-la-intermediacion\/#primaryimage\"},\"thumbnailUrl\":\"https:\/\/apuntesdesanluis.com\/wp-content\/uploads\/2023\/12\/SANDRA-PETTOVELLO.png\",\"datePublished\":\"2023-12-18T23:18:08+00:00\",\"breadcrumb\":{\"@id\":\"https:\/\/apuntesdesanluis.com\/index.php\/2023\/12\/18\/el-gobierno-quitara-los-planes-sociales-a-quienes-corten-calles-y-elimino-la-intermediacion\/#breadcrumb\"},\"inLanguage\":\"es-AR\",\"potentialAction\":[{\"@type\":\"ReadAction\",\"target\":[\"https:\/\/apuntesdesanluis.com\/index.php\/2023\/12\/18\/el-gobierno-quitara-los-planes-sociales-a-quienes-corten-calles-y-elimino-la-intermediacion\/\"]}]},{\"@type\":\"ImageObject\",\"inLanguage\":\"es-AR\",\"@id\":\"https:\/\/apuntesdesanluis.com\/index.php\/2023\/12\/18\/el-gobierno-quitara-los-planes-sociales-a-quienes-corten-calles-y-elimino-la-intermediacion\/#primaryimage\",\"url\":\"https:\/\/apuntesdesanluis.com\/wp-content\/uploads\/2023\/12\/SANDRA-PETTOVELLO.png\",\"contentUrl\":\"https:\/\/apuntesdesanluis.com\/wp-content\/uploads\/2023\/12\/SANDRA-PETTOVELLO.png\",\"width\":600,\"height\":337},{\"@type\":\"BreadcrumbList\",\"@id\":\"https:\/\/apuntesdesanluis.com\/index.php\/2023\/12\/18\/el-gobierno-quitara-los-planes-sociales-a-quienes-corten-calles-y-elimino-la-intermediacion\/#breadcrumb\",\"itemListElement\":[{\"@type\":\"ListItem\",\"position\":1,\"name\":\"Inicio\",\"item\":\"https:\/\/apuntesdesanluis.com\/\"},{\"@type\":\"ListItem\",\"position\":2,\"name\":\"EL GOBIERNO QUITAR\u00c1 LOS PLANES SOCIALES A QUIENES CORTEN CALLES Y ELIMIN\u00d3 LA INTERMEDIACI\u00d3N\"}]},{\"@type\":\"WebSite\",\"@id\":\"https:\/\/apuntesdesanluis.com\/#website\",\"url\":\"https:\/\/apuntesdesanluis.com\/\",\"name\":\"Apuntes de San Luis\",\"description\":\"\",\"publisher\":{\"@id\":\"https:\/\/apuntesdesanluis.com\/#\/schema\/person\/b55151d52296fcce64d1a72538a70b90\"},\"potentialAction\":[{\"@type\":\"SearchAction\",\"target\":{\"@type\":\"EntryPoint\",\"urlTemplate\":\"https:\/\/apuntesdesanluis.com\/?s={search_term_string}\"},\"query-input\":{\"@type\":\"PropertyValueSpecification\",\"valueRequired\":true,\"valueName\":\"search_term_string\"}}],\"inLanguage\":\"es-AR\"},{\"@type\":[\"Person\",\"Organization\"],\"@id\":\"https:\/\/apuntesdesanluis.com\/#\/schema\/person\/b55151d52296fcce64d1a72538a70b90\",\"name\":\"apuntesdesanluis.com\",\"image\":{\"@type\":\"ImageObject\",\"inLanguage\":\"es-AR\",\"@id\":\"https:\/\/apuntesdesanluis.com\/#\/schema\/person\/image\/\",\"url\":\"https:\/\/apuntesdesanluis.com\/wp-content\/uploads\/2023\/07\/cropped-apuntesdesanluis.png\",\"contentUrl\":\"https:\/\/apuntesdesanluis.com\/wp-content\/uploads\/2023\/07\/cropped-apuntesdesanluis.png\",\"width\":450,\"height\":112,\"caption\":\"apuntesdesanluis.com\"},\"logo\":{\"@id\":\"https:\/\/apuntesdesanluis.com\/#\/schema\/person\/image\/\"},\"sameAs\":[\"https:\/\/apuntesdesanluis.com\"],\"url\":\"https:\/\/apuntesdesanluis.com\/index.php\/author\/apuntesdesanluis-com\/\"}]}<\/script>\n<!-- \/ Yoast SEO plugin. -->","yoast_head_json":{"title":"EL GOBIERNO QUITAR\u00c1 LOS PLANES SOCIALES A QUIENES CORTEN CALLES Y ELIMIN\u00d3 LA INTERMEDIACI\u00d3N - Apuntes de San Luis","robots":{"index":"index","follow":"follow","max-snippet":"max-snippet:-1","max-image-preview":"max-image-preview:large","max-video-preview":"max-video-preview:-1"},"canonical":"https:\/\/apuntesdesanluis.com\/index.php\/2023\/12\/18\/el-gobierno-quitara-los-planes-sociales-a-quienes-corten-calles-y-elimino-la-intermediacion\/","og_locale":"es_ES","og_type":"article","og_title":"EL GOBIERNO QUITAR\u00c1 LOS PLANES SOCIALES A QUIENES CORTEN CALLES Y ELIMIN\u00d3 LA INTERMEDIACI\u00d3N - Apuntes de San Luis","og_description":"La ministra de Capital Humano, Sandra Pettovello, anunci\u00f3 que le quitar\u00e1 los planes a quienes...","og_url":"https:\/\/apuntesdesanluis.com\/index.php\/2023\/12\/18\/el-gobierno-quitara-los-planes-sociales-a-quienes-corten-calles-y-elimino-la-intermediacion\/","og_site_name":"Apuntes de San Luis","article_published_time":"2023-12-18T23:18:08+00:00","og_image":[{"width":600,"height":337,"url":"https:\/\/apuntesdesanluis.com\/wp-content\/uploads\/2023\/12\/SANDRA-PETTOVELLO.png","type":"image\/png"}],"author":"apuntesdesanluis.com","twitter_card":"summary_large_image","twitter_misc":{"Escrito por":"apuntesdesanluis.com","Tiempo de lectura":"2 minutos"},"schema":{"@context":"https:\/\/schema.org","@graph":[{"@type":"Article","@id":"https:\/\/apuntesdesanluis.com\/index.php\/2023\/12\/18\/el-gobierno-quitara-los-planes-sociales-a-quienes-corten-calles-y-elimino-la-intermediacion\/#article","isPartOf":{"@id":"https:\/\/apuntesdesanluis.com\/index.php\/2023\/12\/18\/el-gobierno-quitara-los-planes-sociales-a-quienes-corten-calles-y-elimino-la-intermediacion\/"},"author":{"name":"apuntesdesanluis.com","@id":"https:\/\/apuntesdesanluis.com\/#\/schema\/person\/b55151d52296fcce64d1a72538a70b90"},"headline":"EL GOBIERNO QUITAR\u00c1 LOS PLANES SOCIALES A QUIENES CORTEN CALLES Y ELIMIN\u00d3 LA INTERMEDIACI\u00d3N","datePublished":"2023-12-18T23:18:08+00:00","mainEntityOfPage":{"@id":"https:\/\/apuntesdesanluis.com\/index.php\/2023\/12\/18\/el-gobierno-quitara-los-planes-sociales-a-quienes-corten-calles-y-elimino-la-intermediacion\/"},"wordCount":456,"publisher":{"@id":"https:\/\/apuntesdesanluis.com\/#\/schema\/person\/b55151d52296fcce64d1a72538a70b90"},"image":{"@id":"https:\/\/apuntesdesanluis.com\/index.php\/2023\/12\/18\/el-gobierno-quitara-los-planes-sociales-a-quienes-corten-calles-y-elimino-la-intermediacion\/#primaryimage"},"thumbnailUrl":"https:\/\/apuntesdesanluis.com\/wp-content\/uploads\/2023\/12\/SANDRA-PETTOVELLO.png","articleSection":["Nacionales\/Internacionales"],"inLanguage":"es-AR"},{"@type":"WebPage","@id":"https:\/\/apuntesdesanluis.com\/index.php\/2023\/12\/18\/el-gobierno-quitara-los-planes-sociales-a-quienes-corten-calles-y-elimino-la-intermediacion\/","url":"https:\/\/apuntesdesanluis.com\/index.php\/2023\/12\/18\/el-gobierno-quitara-los-planes-sociales-a-quienes-corten-calles-y-elimino-la-intermediacion\/","name":"EL GOBIERNO QUITAR\u00c1 LOS PLANES SOCIALES A QUIENES CORTEN CALLES Y ELIMIN\u00d3 LA INTERMEDIACI\u00d3N - Apuntes de San Luis","isPartOf":{"@id":"https:\/\/apuntesdesanluis.com\/#website"},"primaryImageOfPage":{"@id":"https:\/\/apuntesdesanluis.com\/index.php\/2023\/12\/18\/el-gobierno-quitara-los-planes-sociales-a-quienes-corten-calles-y-elimino-la-intermediacion\/#primaryimage"},"image":{"@id":"https:\/\/apuntesdesanluis.com\/index.php\/2023\/12\/18\/el-gobierno-quitara-los-planes-sociales-a-quienes-corten-calles-y-elimino-la-intermediacion\/#primaryimage"},"thumbnailUrl":"https:\/\/apuntesdesanluis.com\/wp-content\/uploads\/2023\/12\/SANDRA-PETTOVELLO.png","datePublished":"2023-12-18T23:18:08+00:00","breadcrumb":{"@id":"https:\/\/apuntesdesanluis.com\/index.php\/2023\/12\/18\/el-gobierno-quitara-los-planes-sociales-a-quienes-corten-calles-y-elimino-la-intermediacion\/#breadcrumb"},"inLanguage":"es-AR","potentialAction":[{"@type":"ReadAction","target":["https:\/\/apuntesdesanluis.com\/index.php\/2023\/12\/18\/el-gobierno-quitara-los-planes-sociales-a-quienes-corten-calles-y-elimino-la-intermediacion\/"]}]},{"@type":"ImageObject","inLanguage":"es-AR","@id":"https:\/\/apuntesdesanluis.com\/index.php\/2023\/12\/18\/el-gobierno-quitara-los-planes-sociales-a-quienes-corten-calles-y-elimino-la-intermediacion\/#primaryimage","url":"https:\/\/apuntesdesanluis.com\/wp-content\/uploads\/2023\/12\/SANDRA-PETTOVELLO.png","contentUrl":"https:\/\/apuntesdesanluis.com\/wp-content\/uploads\/2023\/12\/SANDRA-PETTOVELLO.png","width":600,"height":337},{"@type":"BreadcrumbList","@id":"https:\/\/apuntesdesanluis.com\/index.php\/2023\/12\/18\/el-gobierno-quitara-los-planes-sociales-a-quienes-corten-calles-y-elimino-la-intermediacion\/#breadcrumb","itemListElement":[{"@type":"ListItem","position":1,"name":"Inicio","item":"https:\/\/apuntesdesanluis.com\/"},{"@type":"ListItem","position":2,"name":"EL GOBIERNO QUITAR\u00c1 LOS PLANES SOCIALES A QUIENES CORTEN CALLES Y ELIMIN\u00d3 LA INTERMEDIACI\u00d3N"}]},{"@type":"WebSite","@id":"https:\/\/apuntesdesanluis.com\/#website","url":"https:\/\/apuntesdesanluis.com\/","name":"Apuntes de San Luis","description":"","publisher":{"@id":"https:\/\/apuntesdesanluis.com\/#\/schema\/person\/b55151d52296fcce64d1a72538a70b90"},"potentialAction":[{"@type":"SearchAction","target":{"@type":"EntryPoint","urlTemplate":"https:\/\/apuntesdesanluis.com\/?s={search_term_string}"},"query-input":{"@type":"PropertyValueSpecification","valueRequired":true,"valueName":"search_term_string"}}],"inLanguage":"es-AR"},{"@type":["Person","Organization"],"@id":"https:\/\/apuntesdesanluis.com\/#\/schema\/person\/b55151d52296fcce64d1a72538a70b90","name":"apuntesdesanluis.com","image":{"@type":"ImageObject","inLanguage":"es-AR","@id":"https:\/\/apuntesdesanluis.com\/#\/schema\/person\/image\/","url":"https:\/\/apuntesdesanluis.com\/wp-content\/uploads\/2023\/07\/cropped-apuntesdesanluis.png","contentUrl":"https:\/\/apuntesdesanluis.com\/wp-content\/uploads\/2023\/07\/cropped-apuntesdesanluis.png","width":450,"height":112,"caption":"apuntesdesanluis.com"},"logo":{"@id":"https:\/\/apuntesdesanluis.com\/#\/schema\/person\/image\/"},"sameAs":["https:\/\/apuntesdesanluis.com"],"url":"https:\/\/apuntesdesanluis.com\/index.php\/author\/apuntesdesanluis-com\/"}]}},"featured_image_urls":{"full":["https:\/\/apuntesdesanluis.com\/wp-content\/uploads\/2023\/12\/SANDRA-PETTOVELLO.png",600,337,false],"thumbnail":["https:\/\/apuntesdesanluis.com\/wp-content\/uploads\/2023\/12\/SANDRA-PETTOVELLO-150x150.png",150,150,true],"medium":["https:\/\/apuntesdesanluis.com\/wp-content\/uploads\/2023\/12\/SANDRA-PETTOVELLO-300x169.png",300,169,true],"medium_large":["https:\/\/apuntesdesanluis.com\/wp-content\/uploads\/2023\/12\/SANDRA-PETTOVELLO.png",600,337,false],"large":["https:\/\/apuntesdesanluis.com\/wp-content\/uploads\/2023\/12\/SANDRA-PETTOVELLO.png",600,337,false],"1536x1536":["https:\/\/apuntesdesanluis.com\/wp-content\/uploads\/2023\/12\/SANDRA-PETTOVELLO.png",600,337,false],"2048x2048":["https:\/\/apuntesdesanluis.com\/wp-content\/uploads\/2023\/12\/SANDRA-PETTOVELLO.png",600,337,false],"newsever-slider-full":["https:\/\/apuntesdesanluis.com\/wp-content\/uploads\/2023\/12\/SANDRA-PETTOVELLO.png",600,337,false],"newsever-featured":["https:\/\/apuntesdesanluis.com\/wp-content\/uploads\/2023\/12\/SANDRA-PETTOVELLO.png",600,337,false],"newsever-medium":["https:\/\/apuntesdesanluis.com\/wp-content\/uploads\/2023\/12\/SANDRA-PETTOVELLO.png",600,337,false]},"author_info":{"display_name":"apuntesdesanluis.com","author_link":"https:\/\/apuntesdesanluis.com\/index.php\/author\/apuntesdesanluis-com\/"},"category_info":"<a href=\"https:\/\/apuntesdesanluis.com\/index.php\/category\/nacionales-internacionales\/\" rel=\"category tag\">Nacionales\/Internacionales<\/a>","tag_info":"Nacionales\/Internacionales","comment_count":"0","_links":{"self":[{"href":"https:\/\/apuntesdesanluis.com\/index.php\/wp-json\/wp\/v2\/posts\/8565","targetHints":{"allow":["GET"]}}],"collection":[{"href":"https:\/\/apuntesdesanluis.com\/index.php\/wp-json\/wp\/v2\/posts"}],"about":[{"href":"https:\/\/apuntesdesanluis.com\/index.php\/wp-json\/wp\/v2\/types\/post"}],"author":[{"embeddable":true,"href":"https:\/\/apuntesdesanluis.com\/index.php\/wp-json\/wp\/v2\/users\/1"}],"replies":[{"embeddable":true,"href":"https:\/\/apuntesdesanluis.com\/index.php\/wp-json\/wp\/v2\/comments?post=8565"}],"version-history":[{"count":1,"href":"https:\/\/apuntesdesanluis.com\/index.php\/wp-json\/wp\/v2\/posts\/8565\/revisions"}],"predecessor-version":[{"id":8567,"href":"https:\/\/apuntesdesanluis.com\/index.php\/wp-json\/wp\/v2\/posts\/8565\/revisions\/8567"}],"wp:featuredmedia":[{"embeddable":true,"href":"https:\/\/apuntesdesanluis.com\/index.php\/wp-json\/wp\/v2\/media\/8566"}],"wp:attachment":[{"href":"https:\/\/apuntesdesanluis.com\/index.php\/wp-json\/wp\/v2\/media?parent=8565"}],"wp:term":[{"taxonomy":"category","embeddable":true,"href":"https:\/\/apuntesdesanluis.com\/index.php\/wp-json\/wp\/v2\/categories?post=8565"},{"taxonomy":"post_tag","embeddable":true,"href":"https:\/\/apuntesdesanluis.com\/index.php\/wp-json\/wp\/v2\/tags?post=8565"}],"curies":[{"name":"wp","href":"https:\/\/api.w.org\/{rel}","templated":true}]}}