{"id":8586,"date":"2023-12-18T21:35:15","date_gmt":"2023-12-19T00:35:15","guid":{"rendered":"https:\/\/apuntesdesanluis.com\/?p=8586"},"modified":"2023-12-18T21:47:59","modified_gmt":"2023-12-19T00:47:59","slug":"este-martes-se-aprobaria-el-achique-del-gabinete-municipal-de-frontera","status":"publish","type":"post","link":"https:\/\/apuntesdesanluis.com\/index.php\/2023\/12\/18\/este-martes-se-aprobaria-el-achique-del-gabinete-municipal-de-frontera\/","title":{"rendered":"ESTE MARTES SE APROBAR\u00cdA \u201cEL ACHIQUE\u201d DEL GABINETE MUNICIPAL DE FRONTERA"},"content":{"rendered":"<h3>El <strong>Concejo Deliberante de Villa Mercedes<\/strong>, bajo la presidencia de <strong>Silvina Galetto<\/strong>\u00a0(foto), sesionar\u00e1 este martes a las 10:00 h, con un tema que se destaca por sobre el resto: la reducci\u00f3n del organigrama municipal.<\/h3>\n<h3>Como anunci\u00f3 en exclusiva <a href=\"https:\/\/apuntesdesanluis.com\/index.php\/2023\/12\/08\/primicia-frontera-pidio-renuncias-y-no-designara-nuevo-gabinete-hasta-fin-de-mes\/\"><span style=\"color: #000000;\"><strong>Apuntes de San Luis<\/strong><\/span><\/a>, la semana previa a asumir su segundo mandato el intendente <strong>Maximiliano Frontera<\/strong> envi\u00f3 un proyecto al Concejo Deliberante, estableciendo que la \u201cfuncionalidad ejecutiva del Departamento Ejecutivo Municipal estar\u00e1 a cargo de seis (6) secretar\u00edas\u201d, no nueve (9) como en la actualidad.<\/h3>\n<h3>En la norma indica que se manejar\u00e1 con las siguientes secretar\u00edas:<\/h3>\n<ul>\n<li>\n<h3><strong>Secretar\u00eda General, del Deporte, de las Culturas y del Turismo.<\/strong><\/h3>\n<\/li>\n<li>\n<h3><strong>Secretar\u00eda de Gobierno.<\/strong><\/h3>\n<\/li>\n<li>\n<h3><strong>Secretar\u00eda de Econom\u00eda y Finanzas.<\/strong><\/h3>\n<\/li>\n<li>\n<h3><strong>Secretar\u00eda de Desarrollo Social, de la Familia, Mujer, Minoridad, Adultos mayores y Discapacidad.<\/strong><\/h3>\n<\/li>\n<li>\n<h3><strong>Secretar\u00eda de Infraestructura, Obras P\u00fablicas y Servicios Urbanos.<\/strong><\/h3>\n<\/li>\n<li>\n<h3><strong>Secretar\u00eda de Producci\u00f3n, Medio Ambiente y Tecnolog\u00eda.<\/strong><\/h3>\n<\/li>\n<\/ul>\n<h3>Precisamente, a la espera de que el cuerpo deliberativo trate este proyecto, la semana pasada Frontera solicit\u00f3 la renuncia a todos sus funcionarios, pero les prorrog\u00f3 sus funciones hasta fin de mes.<\/h3>\n<h3>D\u00edas antes de cerrar el a\u00f1o dar\u00e1 a conocer su nuevo gabinete, el que tendr\u00e1 varias modificaciones, dado que varios de sus colaboradores asumieron cargos legislativos en la C\u00e1mara de Diputados y en el Concejo Deliberante.<\/h3>\n<h3>A tono con las restricciones econ\u00f3micas que impone el actual contexto, trascendi\u00f3 que el jefe comunal tambi\u00e9n instruy\u00f3 a todas las \u00e1reas a que preparen y le eleven un informe de reducci\u00f3n de gastos, para afrontar un a\u00f1o que visualiza \u201cmuy complicado para todos\u201d.<\/h3>\n<h3>Seg\u00fan pudo averiguar este medio, a pesar de ello el Municipio tendr\u00eda los fondos suficientes para pagar en los pr\u00f3ximos d\u00edas aguinaldo y sueldo completo a su personal, sin desdoblamiento.<\/h3>\n<h3><\/h3>\n<h3><strong>Ver: <span style=\"color: #3366ff;\"><a style=\"color: #3366ff;\" href=\"https:\/\/apuntesdesanluis.com\/wp-content\/uploads\/2023\/12\/ORDEN-DEL-DIA-Circ.-1618-Sesion-Ordinaria-19-12-23.pdf\">ORDEN DEL D\u00cdA Circ. 1618- Sesi\u00f3n Ordinaria 19-12-23<\/a><\/span><\/strong><\/h3>\n<h3><\/h3>\n<h3><strong><span style=\"color: #0000ff;\">NOTICIA RELACIONADA:<\/span><\/strong><\/h3>\n<p>&nbsp;<\/p>\n<p><a href=\"https:\/\/apuntesdesanluis.com\/index.php\/2023\/12\/08\/primicia-frontera-pidio-renuncias-y-no-designara-nuevo-gabinete-hasta-fin-de-mes\/\"><img fetchpriority=\"high\" decoding=\"async\" class=\"alignnone wp-image-8587\" src=\"https:\/\/apuntesdesanluis.com\/wp-content\/uploads\/2023\/12\/posteo-apuntes-3-300x232.png\" alt=\"\" width=\"537\" height=\"415\" srcset=\"https:\/\/apuntesdesanluis.com\/wp-content\/uploads\/2023\/12\/posteo-apuntes-3-300x232.png 300w, https:\/\/apuntesdesanluis.com\/wp-content\/uploads\/2023\/12\/posteo-apuntes-3.png 688w\" sizes=\"(max-width: 537px) 100vw, 537px\" \/><\/a><\/p>\n<p>&nbsp;<\/p>\n<p>&nbsp;<\/p>\n<p>&nbsp;<\/p>\n","protected":false},"excerpt":{"rendered":"<p>El Concejo Deliberante de Villa Mercedes, bajo la presidencia de Silvina Galetto\u00a0(foto), sesionar\u00e1 este martes&#8230;<\/p>\n","protected":false},"author":1,"featured_media":8590,"comment_status":"closed","ping_status":"closed","sticky":false,"template":"","format":"standard","meta":{"footnotes":""},"categories":[6],"tags":[],"class_list":["post-8586","post","type-post","status-publish","format-standard","has-post-thumbnail","hentry","category-ciudad-provincia"],"yoast_head":"<!-- This site is optimized with the Yoast SEO plugin v26.1.1 - https:\/\/yoast.com\/wordpress\/plugins\/seo\/ -->\n<title>ESTE MARTES SE APROBAR\u00cdA \u201cEL ACHIQUE\u201d DEL GABINETE MUNICIPAL DE FRONTERA - Apuntes de San Luis<\/title>\n<meta name=\"robots\" content=\"index, follow, max-snippet:-1, max-image-preview:large, max-video-preview:-1\" \/>\n<link rel=\"canonical\" href=\"https:\/\/apuntesdesanluis.com\/index.php\/2023\/12\/18\/este-martes-se-aprobaria-el-achique-del-gabinete-municipal-de-frontera\/\" \/>\n<meta property=\"og:locale\" content=\"es_ES\" \/>\n<meta property=\"og:type\" content=\"article\" \/>\n<meta property=\"og:title\" content=\"ESTE MARTES SE APROBAR\u00cdA \u201cEL ACHIQUE\u201d DEL GABINETE MUNICIPAL DE FRONTERA - Apuntes de San Luis\" \/>\n<meta property=\"og:description\" content=\"El Concejo Deliberante de Villa Mercedes, bajo la presidencia de Silvina Galetto\u00a0(foto), sesionar\u00e1 este martes...\" \/>\n<meta property=\"og:url\" content=\"https:\/\/apuntesdesanluis.com\/index.php\/2023\/12\/18\/este-martes-se-aprobaria-el-achique-del-gabinete-municipal-de-frontera\/\" \/>\n<meta property=\"og:site_name\" content=\"Apuntes de San Luis\" \/>\n<meta property=\"article:published_time\" content=\"2023-12-19T00:35:15+00:00\" \/>\n<meta property=\"article:modified_time\" content=\"2023-12-19T00:47:59+00:00\" \/>\n<meta property=\"og:image\" content=\"https:\/\/apuntesdesanluis.com\/wp-content\/uploads\/2023\/12\/Silvina-Galetto.png\" \/>\n\t<meta property=\"og:image:width\" content=\"600\" \/>\n\t<meta property=\"og:image:height\" content=\"349\" \/>\n\t<meta property=\"og:image:type\" content=\"image\/png\" \/>\n<meta name=\"author\" content=\"apuntesdesanluis.com\" \/>\n<meta name=\"twitter:card\" content=\"summary_large_image\" \/>\n<meta name=\"twitter:label1\" content=\"Escrito por\" \/>\n\t<meta name=\"twitter:data1\" content=\"apuntesdesanluis.com\" \/>\n\t<meta name=\"twitter:label2\" content=\"Tiempo de lectura\" \/>\n\t<meta name=\"twitter:data2\" content=\"2 minutos\" \/>\n<script type=\"application\/ld+json\" class=\"yoast-schema-graph\">{\"@context\":\"https:\/\/schema.org\",\"@graph\":[{\"@type\":\"Article\",\"@id\":\"https:\/\/apuntesdesanluis.com\/index.php\/2023\/12\/18\/este-martes-se-aprobaria-el-achique-del-gabinete-municipal-de-frontera\/#article\",\"isPartOf\":{\"@id\":\"https:\/\/apuntesdesanluis.com\/index.php\/2023\/12\/18\/este-martes-se-aprobaria-el-achique-del-gabinete-municipal-de-frontera\/\"},\"author\":{\"name\":\"apuntesdesanluis.com\",\"@id\":\"https:\/\/apuntesdesanluis.com\/#\/schema\/person\/b55151d52296fcce64d1a72538a70b90\"},\"headline\":\"ESTE MARTES SE APROBAR\u00cdA \u201cEL ACHIQUE\u201d DEL GABINETE MUNICIPAL DE FRONTERA\",\"datePublished\":\"2023-12-19T00:35:15+00:00\",\"dateModified\":\"2023-12-19T00:47:59+00:00\",\"mainEntityOfPage\":{\"@id\":\"https:\/\/apuntesdesanluis.com\/index.php\/2023\/12\/18\/este-martes-se-aprobaria-el-achique-del-gabinete-municipal-de-frontera\/\"},\"wordCount\":334,\"publisher\":{\"@id\":\"https:\/\/apuntesdesanluis.com\/#\/schema\/person\/b55151d52296fcce64d1a72538a70b90\"},\"image\":{\"@id\":\"https:\/\/apuntesdesanluis.com\/index.php\/2023\/12\/18\/este-martes-se-aprobaria-el-achique-del-gabinete-municipal-de-frontera\/#primaryimage\"},\"thumbnailUrl\":\"https:\/\/apuntesdesanluis.com\/wp-content\/uploads\/2023\/12\/Silvina-Galetto.png\",\"articleSection\":[\"Ciudad\/Provincia\"],\"inLanguage\":\"es-AR\"},{\"@type\":\"WebPage\",\"@id\":\"https:\/\/apuntesdesanluis.com\/index.php\/2023\/12\/18\/este-martes-se-aprobaria-el-achique-del-gabinete-municipal-de-frontera\/\",\"url\":\"https:\/\/apuntesdesanluis.com\/index.php\/2023\/12\/18\/este-martes-se-aprobaria-el-achique-del-gabinete-municipal-de-frontera\/\",\"name\":\"ESTE MARTES SE APROBAR\u00cdA \u201cEL ACHIQUE\u201d DEL GABINETE MUNICIPAL DE FRONTERA - Apuntes de San Luis\",\"isPartOf\":{\"@id\":\"https:\/\/apuntesdesanluis.com\/#website\"},\"primaryImageOfPage\":{\"@id\":\"https:\/\/apuntesdesanluis.com\/index.php\/2023\/12\/18\/este-martes-se-aprobaria-el-achique-del-gabinete-municipal-de-frontera\/#primaryimage\"},\"image\":{\"@id\":\"https:\/\/apuntesdesanluis.com\/index.php\/2023\/12\/18\/este-martes-se-aprobaria-el-achique-del-gabinete-municipal-de-frontera\/#primaryimage\"},\"thumbnailUrl\":\"https:\/\/apuntesdesanluis.com\/wp-content\/uploads\/2023\/12\/Silvina-Galetto.png\",\"datePublished\":\"2023-12-19T00:35:15+00:00\",\"dateModified\":\"2023-12-19T00:47:59+00:00\",\"breadcrumb\":{\"@id\":\"https:\/\/apuntesdesanluis.com\/index.php\/2023\/12\/18\/este-martes-se-aprobaria-el-achique-del-gabinete-municipal-de-frontera\/#breadcrumb\"},\"inLanguage\":\"es-AR\",\"potentialAction\":[{\"@type\":\"ReadAction\",\"target\":[\"https:\/\/apuntesdesanluis.com\/index.php\/2023\/12\/18\/este-martes-se-aprobaria-el-achique-del-gabinete-municipal-de-frontera\/\"]}]},{\"@type\":\"ImageObject\",\"inLanguage\":\"es-AR\",\"@id\":\"https:\/\/apuntesdesanluis.com\/index.php\/2023\/12\/18\/este-martes-se-aprobaria-el-achique-del-gabinete-municipal-de-frontera\/#primaryimage\",\"url\":\"https:\/\/apuntesdesanluis.com\/wp-content\/uploads\/2023\/12\/Silvina-Galetto.png\",\"contentUrl\":\"https:\/\/apuntesdesanluis.com\/wp-content\/uploads\/2023\/12\/Silvina-Galetto.png\",\"width\":600,\"height\":349},{\"@type\":\"BreadcrumbList\",\"@id\":\"https:\/\/apuntesdesanluis.com\/index.php\/2023\/12\/18\/este-martes-se-aprobaria-el-achique-del-gabinete-municipal-de-frontera\/#breadcrumb\",\"itemListElement\":[{\"@type\":\"ListItem\",\"position\":1,\"name\":\"Inicio\",\"item\":\"https:\/\/apuntesdesanluis.com\/\"},{\"@type\":\"ListItem\",\"position\":2,\"name\":\"ESTE MARTES SE APROBAR\u00cdA \u201cEL ACHIQUE\u201d DEL GABINETE MUNICIPAL DE FRONTERA\"}]},{\"@type\":\"WebSite\",\"@id\":\"https:\/\/apuntesdesanluis.com\/#website\",\"url\":\"https:\/\/apuntesdesanluis.com\/\",\"name\":\"Apuntes de San Luis\",\"description\":\"\",\"publisher\":{\"@id\":\"https:\/\/apuntesdesanluis.com\/#\/schema\/person\/b55151d52296fcce64d1a72538a70b90\"},\"potentialAction\":[{\"@type\":\"SearchAction\",\"target\":{\"@type\":\"EntryPoint\",\"urlTemplate\":\"https:\/\/apuntesdesanluis.com\/?s={search_term_string}\"},\"query-input\":{\"@type\":\"PropertyValueSpecification\",\"valueRequired\":true,\"valueName\":\"search_term_string\"}}],\"inLanguage\":\"es-AR\"},{\"@type\":[\"Person\",\"Organization\"],\"@id\":\"https:\/\/apuntesdesanluis.com\/#\/schema\/person\/b55151d52296fcce64d1a72538a70b90\",\"name\":\"apuntesdesanluis.com\",\"image\":{\"@type\":\"ImageObject\",\"inLanguage\":\"es-AR\",\"@id\":\"https:\/\/apuntesdesanluis.com\/#\/schema\/person\/image\/\",\"url\":\"https:\/\/apuntesdesanluis.com\/wp-content\/uploads\/2023\/07\/cropped-apuntesdesanluis.png\",\"contentUrl\":\"https:\/\/apuntesdesanluis.com\/wp-content\/uploads\/2023\/07\/cropped-apuntesdesanluis.png\",\"width\":450,\"height\":112,\"caption\":\"apuntesdesanluis.com\"},\"logo\":{\"@id\":\"https:\/\/apuntesdesanluis.com\/#\/schema\/person\/image\/\"},\"sameAs\":[\"https:\/\/apuntesdesanluis.com\"],\"url\":\"https:\/\/apuntesdesanluis.com\/index.php\/author\/apuntesdesanluis-com\/\"}]}<\/script>\n<!-- \/ Yoast SEO plugin. -->","yoast_head_json":{"title":"ESTE MARTES SE APROBAR\u00cdA \u201cEL ACHIQUE\u201d DEL GABINETE MUNICIPAL DE FRONTERA - Apuntes de San Luis","robots":{"index":"index","follow":"follow","max-snippet":"max-snippet:-1","max-image-preview":"max-image-preview:large","max-video-preview":"max-video-preview:-1"},"canonical":"https:\/\/apuntesdesanluis.com\/index.php\/2023\/12\/18\/este-martes-se-aprobaria-el-achique-del-gabinete-municipal-de-frontera\/","og_locale":"es_ES","og_type":"article","og_title":"ESTE MARTES SE APROBAR\u00cdA \u201cEL ACHIQUE\u201d DEL GABINETE MUNICIPAL DE FRONTERA - Apuntes de San Luis","og_description":"El Concejo Deliberante de Villa Mercedes, bajo la presidencia de Silvina Galetto\u00a0(foto), sesionar\u00e1 este martes...","og_url":"https:\/\/apuntesdesanluis.com\/index.php\/2023\/12\/18\/este-martes-se-aprobaria-el-achique-del-gabinete-municipal-de-frontera\/","og_site_name":"Apuntes de San Luis","article_published_time":"2023-12-19T00:35:15+00:00","article_modified_time":"2023-12-19T00:47:59+00:00","og_image":[{"width":600,"height":349,"url":"https:\/\/apuntesdesanluis.com\/wp-content\/uploads\/2023\/12\/Silvina-Galetto.png","type":"image\/png"}],"author":"apuntesdesanluis.com","twitter_card":"summary_large_image","twitter_misc":{"Escrito por":"apuntesdesanluis.com","Tiempo de lectura":"2 minutos"},"schema":{"@context":"https:\/\/schema.org","@graph":[{"@type":"Article","@id":"https:\/\/apuntesdesanluis.com\/index.php\/2023\/12\/18\/este-martes-se-aprobaria-el-achique-del-gabinete-municipal-de-frontera\/#article","isPartOf":{"@id":"https:\/\/apuntesdesanluis.com\/index.php\/2023\/12\/18\/este-martes-se-aprobaria-el-achique-del-gabinete-municipal-de-frontera\/"},"author":{"name":"apuntesdesanluis.com","@id":"https:\/\/apuntesdesanluis.com\/#\/schema\/person\/b55151d52296fcce64d1a72538a70b90"},"headline":"ESTE MARTES SE APROBAR\u00cdA \u201cEL ACHIQUE\u201d DEL GABINETE MUNICIPAL DE FRONTERA","datePublished":"2023-12-19T00:35:15+00:00","dateModified":"2023-12-19T00:47:59+00:00","mainEntityOfPage":{"@id":"https:\/\/apuntesdesanluis.com\/index.php\/2023\/12\/18\/este-martes-se-aprobaria-el-achique-del-gabinete-municipal-de-frontera\/"},"wordCount":334,"publisher":{"@id":"https:\/\/apuntesdesanluis.com\/#\/schema\/person\/b55151d52296fcce64d1a72538a70b90"},"image":{"@id":"https:\/\/apuntesdesanluis.com\/index.php\/2023\/12\/18\/este-martes-se-aprobaria-el-achique-del-gabinete-municipal-de-frontera\/#primaryimage"},"thumbnailUrl":"https:\/\/apuntesdesanluis.com\/wp-content\/uploads\/2023\/12\/Silvina-Galetto.png","articleSection":["Ciudad\/Provincia"],"inLanguage":"es-AR"},{"@type":"WebPage","@id":"https:\/\/apuntesdesanluis.com\/index.php\/2023\/12\/18\/este-martes-se-aprobaria-el-achique-del-gabinete-municipal-de-frontera\/","url":"https:\/\/apuntesdesanluis.com\/index.php\/2023\/12\/18\/este-martes-se-aprobaria-el-achique-del-gabinete-municipal-de-frontera\/","name":"ESTE MARTES SE APROBAR\u00cdA \u201cEL ACHIQUE\u201d DEL GABINETE MUNICIPAL DE FRONTERA - Apuntes de San Luis","isPartOf":{"@id":"https:\/\/apuntesdesanluis.com\/#website"},"primaryImageOfPage":{"@id":"https:\/\/apuntesdesanluis.com\/index.php\/2023\/12\/18\/este-martes-se-aprobaria-el-achique-del-gabinete-municipal-de-frontera\/#primaryimage"},"image":{"@id":"https:\/\/apuntesdesanluis.com\/index.php\/2023\/12\/18\/este-martes-se-aprobaria-el-achique-del-gabinete-municipal-de-frontera\/#primaryimage"},"thumbnailUrl":"https:\/\/apuntesdesanluis.com\/wp-content\/uploads\/2023\/12\/Silvina-Galetto.png","datePublished":"2023-12-19T00:35:15+00:00","dateModified":"2023-12-19T00:47:59+00:00","breadcrumb":{"@id":"https:\/\/apuntesdesanluis.com\/index.php\/2023\/12\/18\/este-martes-se-aprobaria-el-achique-del-gabinete-municipal-de-frontera\/#breadcrumb"},"inLanguage":"es-AR","potentialAction":[{"@type":"ReadAction","target":["https:\/\/apuntesdesanluis.com\/index.php\/2023\/12\/18\/este-martes-se-aprobaria-el-achique-del-gabinete-municipal-de-frontera\/"]}]},{"@type":"ImageObject","inLanguage":"es-AR","@id":"https:\/\/apuntesdesanluis.com\/index.php\/2023\/12\/18\/este-martes-se-aprobaria-el-achique-del-gabinete-municipal-de-frontera\/#primaryimage","url":"https:\/\/apuntesdesanluis.com\/wp-content\/uploads\/2023\/12\/Silvina-Galetto.png","contentUrl":"https:\/\/apuntesdesanluis.com\/wp-content\/uploads\/2023\/12\/Silvina-Galetto.png","width":600,"height":349},{"@type":"BreadcrumbList","@id":"https:\/\/apuntesdesanluis.com\/index.php\/2023\/12\/18\/este-martes-se-aprobaria-el-achique-del-gabinete-municipal-de-frontera\/#breadcrumb","itemListElement":[{"@type":"ListItem","position":1,"name":"Inicio","item":"https:\/\/apuntesdesanluis.com\/"},{"@type":"ListItem","position":2,"name":"ESTE MARTES SE APROBAR\u00cdA \u201cEL ACHIQUE\u201d DEL GABINETE MUNICIPAL DE FRONTERA"}]},{"@type":"WebSite","@id":"https:\/\/apuntesdesanluis.com\/#website","url":"https:\/\/apuntesdesanluis.com\/","name":"Apuntes de San Luis","description":"","publisher":{"@id":"https:\/\/apuntesdesanluis.com\/#\/schema\/person\/b55151d52296fcce64d1a72538a70b90"},"potentialAction":[{"@type":"SearchAction","target":{"@type":"EntryPoint","urlTemplate":"https:\/\/apuntesdesanluis.com\/?s={search_term_string}"},"query-input":{"@type":"PropertyValueSpecification","valueRequired":true,"valueName":"search_term_string"}}],"inLanguage":"es-AR"},{"@type":["Person","Organization"],"@id":"https:\/\/apuntesdesanluis.com\/#\/schema\/person\/b55151d52296fcce64d1a72538a70b90","name":"apuntesdesanluis.com","image":{"@type":"ImageObject","inLanguage":"es-AR","@id":"https:\/\/apuntesdesanluis.com\/#\/schema\/person\/image\/","url":"https:\/\/apuntesdesanluis.com\/wp-content\/uploads\/2023\/07\/cropped-apuntesdesanluis.png","contentUrl":"https:\/\/apuntesdesanluis.com\/wp-content\/uploads\/2023\/07\/cropped-apuntesdesanluis.png","width":450,"height":112,"caption":"apuntesdesanluis.com"},"logo":{"@id":"https:\/\/apuntesdesanluis.com\/#\/schema\/person\/image\/"},"sameAs":["https:\/\/apuntesdesanluis.com"],"url":"https:\/\/apuntesdesanluis.com\/index.php\/author\/apuntesdesanluis-com\/"}]}},"featured_image_urls":{"full":["https:\/\/apuntesdesanluis.com\/wp-content\/uploads\/2023\/12\/Silvina-Galetto.png",600,349,false],"thumbnail":["https:\/\/apuntesdesanluis.com\/wp-content\/uploads\/2023\/12\/Silvina-Galetto-150x150.png",150,150,true],"medium":["https:\/\/apuntesdesanluis.com\/wp-content\/uploads\/2023\/12\/Silvina-Galetto-300x175.png",300,175,true],"medium_large":["https:\/\/apuntesdesanluis.com\/wp-content\/uploads\/2023\/12\/Silvina-Galetto.png",600,349,false],"large":["https:\/\/apuntesdesanluis.com\/wp-content\/uploads\/2023\/12\/Silvina-Galetto.png",600,349,false],"1536x1536":["https:\/\/apuntesdesanluis.com\/wp-content\/uploads\/2023\/12\/Silvina-Galetto.png",600,349,false],"2048x2048":["https:\/\/apuntesdesanluis.com\/wp-content\/uploads\/2023\/12\/Silvina-Galetto.png",600,349,false],"newsever-slider-full":["https:\/\/apuntesdesanluis.com\/wp-content\/uploads\/2023\/12\/Silvina-Galetto.png",600,349,false],"newsever-featured":["https:\/\/apuntesdesanluis.com\/wp-content\/uploads\/2023\/12\/Silvina-Galetto.png",600,349,false],"newsever-medium":["https:\/\/apuntesdesanluis.com\/wp-content\/uploads\/2023\/12\/Silvina-Galetto.png",600,349,false]},"author_info":{"display_name":"apuntesdesanluis.com","author_link":"https:\/\/apuntesdesanluis.com\/index.php\/author\/apuntesdesanluis-com\/"},"category_info":"<a href=\"https:\/\/apuntesdesanluis.com\/index.php\/category\/ciudad-provincia\/\" rel=\"category tag\">Ciudad\/Provincia<\/a>","tag_info":"Ciudad\/Provincia","comment_count":"0","_links":{"self":[{"href":"https:\/\/apuntesdesanluis.com\/index.php\/wp-json\/wp\/v2\/posts\/8586","targetHints":{"allow":["GET"]}}],"collection":[{"href":"https:\/\/apuntesdesanluis.com\/index.php\/wp-json\/wp\/v2\/posts"}],"about":[{"href":"https:\/\/apuntesdesanluis.com\/index.php\/wp-json\/wp\/v2\/types\/post"}],"author":[{"embeddable":true,"href":"https:\/\/apuntesdesanluis.com\/index.php\/wp-json\/wp\/v2\/users\/1"}],"replies":[{"embeddable":true,"href":"https:\/\/apuntesdesanluis.com\/index.php\/wp-json\/wp\/v2\/comments?post=8586"}],"version-history":[{"count":11,"href":"https:\/\/apuntesdesanluis.com\/index.php\/wp-json\/wp\/v2\/posts\/8586\/revisions"}],"predecessor-version":[{"id":8600,"href":"https:\/\/apuntesdesanluis.com\/index.php\/wp-json\/wp\/v2\/posts\/8586\/revisions\/8600"}],"wp:featuredmedia":[{"embeddable":true,"href":"https:\/\/apuntesdesanluis.com\/index.php\/wp-json\/wp\/v2\/media\/8590"}],"wp:attachment":[{"href":"https:\/\/apuntesdesanluis.com\/index.php\/wp-json\/wp\/v2\/media?parent=8586"}],"wp:term":[{"taxonomy":"category","embeddable":true,"href":"https:\/\/apuntesdesanluis.com\/index.php\/wp-json\/wp\/v2\/categories?post=8586"},{"taxonomy":"post_tag","embeddable":true,"href":"https:\/\/apuntesdesanluis.com\/index.php\/wp-json\/wp\/v2\/tags?post=8586"}],"curies":[{"name":"wp","href":"https:\/\/api.w.org\/{rel}","templated":true}]}}