{"id":8647,"date":"2023-12-19T15:26:50","date_gmt":"2023-12-19T18:26:50","guid":{"rendered":"https:\/\/apuntesdesanluis.com\/?p=8647"},"modified":"2023-12-19T15:26:50","modified_gmt":"2023-12-19T18:26:50","slug":"merlo-10-anos-de-prision-para-la-joven-que-intento-quitarle-la-vida-a-su-bebe-recien-nacida","status":"publish","type":"post","link":"https:\/\/apuntesdesanluis.com\/index.php\/2023\/12\/19\/merlo-10-anos-de-prision-para-la-joven-que-intento-quitarle-la-vida-a-su-bebe-recien-nacida\/","title":{"rendered":"MERLO: 10 A\u00d1OS DE PRISI\u00d3N PARA LA JOVEN QUE INTENT\u00d3 QUITARLE LA VIDA A SU BEB\u00c9 RECI\u00c9N NACIDA"},"content":{"rendered":"<h3>Este martes el tribunal integrado por Gustavo Daniel Sanchi\u00f1o, Virna Eguinoa y Sebasti\u00e1n Cadelago Filippi, declar\u00f3 culpable a D.A.A. como autora material y penalmente responsable del delito de homicidio agravado por el v\u00ednculo, en grado de tentativa, en perjuicio de su hija reci\u00e9n nacida.<\/h3>\n<h3>El hecho juzgado ocurri\u00f3 en la Villa de Merlo, entre las 00:00 y la 01:00 de la madrugada del 17 de noviembre de 2021, cuando la joven dio a luz a la beb\u00e9 en el ba\u00f1o de la vivienda que alquilaba. Ella se dirigi\u00f3 al hospital para recibir atenci\u00f3n m\u00e9dica, sin informar a los profesionales acerca del parto, transcurriendo varias horas hasta que indic\u00f3 donde hab\u00eda dejado a la beba.<\/h3>\n<p><img fetchpriority=\"high\" decoding=\"async\" class=\"wp-image-8649 aligncenter\" src=\"https:\/\/apuntesdesanluis.com\/wp-content\/uploads\/2023\/12\/juicio-3-300x180.png\" alt=\"\" width=\"527\" height=\"316\" srcset=\"https:\/\/apuntesdesanluis.com\/wp-content\/uploads\/2023\/12\/juicio-3-300x180.png 300w, https:\/\/apuntesdesanluis.com\/wp-content\/uploads\/2023\/12\/juicio-3.png 600w\" sizes=\"(max-width: 527px) 100vw, 527px\" \/><\/p>\n<h3>La peque\u00f1a fue encontrada con vida, aproximadamente 18 horas despu\u00e9s de su nacimiento. Estaba en el suelo de la ducha, con una bolsa de nylon atada fuertemente a su cuello.<\/h3>\n<h3>El juicio para definir la situaci\u00f3n procesal de la joven de 22 a\u00f1os, comenz\u00f3 el pasado 4 de diciembre. Durante las dos primeras jornadas del debate, se recepcion\u00f3 la declaraci\u00f3n de m\u00e1s de 20 testigos y, este martes, luego de escuchar los alegatos de las partes, el tribunal emiti\u00f3 su veredicto, resolviendo condenar a la acusada a la pena de 10 a\u00f1os de prisi\u00f3n, accesorias de ley y costas procesales, y ordenando su inmediato traslado al Servicio Penitenciario Provincial para el cumplimiento de la condena.<\/h3>\n<h3>\u2026\u2026\u2026\u2026\u2026.<\/h3>\n<h3><em>Nota aclarativa: por tratarse de un delito en perjuicio de una persona menor de edad, no se consignan los datos identificatorios de las partes a fin de preservar el derecho a la intimidad, privacidad y confidencialidad de la v\u00edctima (Art.22 Ley 26.061).<\/em><\/h3>\n<p>&nbsp;<\/p>\n<p>&nbsp;<\/p>\n<p>&nbsp;<\/p>\n<p>&nbsp;<\/p>\n","protected":false},"excerpt":{"rendered":"<p>Este martes el tribunal integrado por Gustavo Daniel Sanchi\u00f1o, Virna Eguinoa y Sebasti\u00e1n Cadelago Filippi,&#8230;<\/p>\n","protected":false},"author":1,"featured_media":8648,"comment_status":"closed","ping_status":"closed","sticky":false,"template":"","format":"standard","meta":{"footnotes":""},"categories":[6],"tags":[],"class_list":["post-8647","post","type-post","status-publish","format-standard","has-post-thumbnail","hentry","category-ciudad-provincia"],"yoast_head":"<!-- This site is optimized with the Yoast SEO plugin v26.1.1 - https:\/\/yoast.com\/wordpress\/plugins\/seo\/ -->\n<title>MERLO: 10 A\u00d1OS DE PRISI\u00d3N PARA LA JOVEN QUE INTENT\u00d3 QUITARLE LA VIDA A SU BEB\u00c9 RECI\u00c9N NACIDA - Apuntes de San Luis<\/title>\n<meta name=\"robots\" content=\"index, follow, max-snippet:-1, max-image-preview:large, max-video-preview:-1\" \/>\n<link rel=\"canonical\" href=\"https:\/\/apuntesdesanluis.com\/index.php\/2023\/12\/19\/merlo-10-anos-de-prision-para-la-joven-que-intento-quitarle-la-vida-a-su-bebe-recien-nacida\/\" \/>\n<meta property=\"og:locale\" content=\"es_ES\" \/>\n<meta property=\"og:type\" content=\"article\" \/>\n<meta property=\"og:title\" content=\"MERLO: 10 A\u00d1OS DE PRISI\u00d3N PARA LA JOVEN QUE INTENT\u00d3 QUITARLE LA VIDA A SU BEB\u00c9 RECI\u00c9N NACIDA - Apuntes de San Luis\" \/>\n<meta property=\"og:description\" content=\"Este martes el tribunal integrado por Gustavo Daniel Sanchi\u00f1o, Virna Eguinoa y Sebasti\u00e1n Cadelago Filippi,...\" \/>\n<meta property=\"og:url\" content=\"https:\/\/apuntesdesanluis.com\/index.php\/2023\/12\/19\/merlo-10-anos-de-prision-para-la-joven-que-intento-quitarle-la-vida-a-su-bebe-recien-nacida\/\" \/>\n<meta property=\"og:site_name\" content=\"Apuntes de San Luis\" \/>\n<meta property=\"article:published_time\" content=\"2023-12-19T18:26:50+00:00\" \/>\n<meta property=\"og:image\" content=\"https:\/\/apuntesdesanluis.com\/wp-content\/uploads\/2023\/12\/condenada.png\" \/>\n\t<meta property=\"og:image:width\" content=\"600\" \/>\n\t<meta property=\"og:image:height\" content=\"345\" \/>\n\t<meta property=\"og:image:type\" content=\"image\/png\" \/>\n<meta name=\"author\" content=\"apuntesdesanluis.com\" \/>\n<meta name=\"twitter:card\" content=\"summary_large_image\" \/>\n<meta name=\"twitter:label1\" content=\"Escrito por\" \/>\n\t<meta name=\"twitter:data1\" content=\"apuntesdesanluis.com\" \/>\n\t<meta name=\"twitter:label2\" content=\"Tiempo de lectura\" \/>\n\t<meta name=\"twitter:data2\" content=\"2 minutos\" \/>\n<script type=\"application\/ld+json\" class=\"yoast-schema-graph\">{\"@context\":\"https:\/\/schema.org\",\"@graph\":[{\"@type\":\"Article\",\"@id\":\"https:\/\/apuntesdesanluis.com\/index.php\/2023\/12\/19\/merlo-10-anos-de-prision-para-la-joven-que-intento-quitarle-la-vida-a-su-bebe-recien-nacida\/#article\",\"isPartOf\":{\"@id\":\"https:\/\/apuntesdesanluis.com\/index.php\/2023\/12\/19\/merlo-10-anos-de-prision-para-la-joven-que-intento-quitarle-la-vida-a-su-bebe-recien-nacida\/\"},\"author\":{\"name\":\"apuntesdesanluis.com\",\"@id\":\"https:\/\/apuntesdesanluis.com\/#\/schema\/person\/b55151d52296fcce64d1a72538a70b90\"},\"headline\":\"MERLO: 10 A\u00d1OS DE PRISI\u00d3N PARA LA JOVEN QUE INTENT\u00d3 QUITARLE LA VIDA A SU BEB\u00c9 RECI\u00c9N NACIDA\",\"datePublished\":\"2023-12-19T18:26:50+00:00\",\"mainEntityOfPage\":{\"@id\":\"https:\/\/apuntesdesanluis.com\/index.php\/2023\/12\/19\/merlo-10-anos-de-prision-para-la-joven-que-intento-quitarle-la-vida-a-su-bebe-recien-nacida\/\"},\"wordCount\":304,\"publisher\":{\"@id\":\"https:\/\/apuntesdesanluis.com\/#\/schema\/person\/b55151d52296fcce64d1a72538a70b90\"},\"image\":{\"@id\":\"https:\/\/apuntesdesanluis.com\/index.php\/2023\/12\/19\/merlo-10-anos-de-prision-para-la-joven-que-intento-quitarle-la-vida-a-su-bebe-recien-nacida\/#primaryimage\"},\"thumbnailUrl\":\"https:\/\/apuntesdesanluis.com\/wp-content\/uploads\/2023\/12\/condenada.png\",\"articleSection\":[\"Ciudad\/Provincia\"],\"inLanguage\":\"es-AR\"},{\"@type\":\"WebPage\",\"@id\":\"https:\/\/apuntesdesanluis.com\/index.php\/2023\/12\/19\/merlo-10-anos-de-prision-para-la-joven-que-intento-quitarle-la-vida-a-su-bebe-recien-nacida\/\",\"url\":\"https:\/\/apuntesdesanluis.com\/index.php\/2023\/12\/19\/merlo-10-anos-de-prision-para-la-joven-que-intento-quitarle-la-vida-a-su-bebe-recien-nacida\/\",\"name\":\"MERLO: 10 A\u00d1OS DE PRISI\u00d3N PARA LA JOVEN QUE INTENT\u00d3 QUITARLE LA VIDA A SU BEB\u00c9 RECI\u00c9N NACIDA - Apuntes de San Luis\",\"isPartOf\":{\"@id\":\"https:\/\/apuntesdesanluis.com\/#website\"},\"primaryImageOfPage\":{\"@id\":\"https:\/\/apuntesdesanluis.com\/index.php\/2023\/12\/19\/merlo-10-anos-de-prision-para-la-joven-que-intento-quitarle-la-vida-a-su-bebe-recien-nacida\/#primaryimage\"},\"image\":{\"@id\":\"https:\/\/apuntesdesanluis.com\/index.php\/2023\/12\/19\/merlo-10-anos-de-prision-para-la-joven-que-intento-quitarle-la-vida-a-su-bebe-recien-nacida\/#primaryimage\"},\"thumbnailUrl\":\"https:\/\/apuntesdesanluis.com\/wp-content\/uploads\/2023\/12\/condenada.png\",\"datePublished\":\"2023-12-19T18:26:50+00:00\",\"breadcrumb\":{\"@id\":\"https:\/\/apuntesdesanluis.com\/index.php\/2023\/12\/19\/merlo-10-anos-de-prision-para-la-joven-que-intento-quitarle-la-vida-a-su-bebe-recien-nacida\/#breadcrumb\"},\"inLanguage\":\"es-AR\",\"potentialAction\":[{\"@type\":\"ReadAction\",\"target\":[\"https:\/\/apuntesdesanluis.com\/index.php\/2023\/12\/19\/merlo-10-anos-de-prision-para-la-joven-que-intento-quitarle-la-vida-a-su-bebe-recien-nacida\/\"]}]},{\"@type\":\"ImageObject\",\"inLanguage\":\"es-AR\",\"@id\":\"https:\/\/apuntesdesanluis.com\/index.php\/2023\/12\/19\/merlo-10-anos-de-prision-para-la-joven-que-intento-quitarle-la-vida-a-su-bebe-recien-nacida\/#primaryimage\",\"url\":\"https:\/\/apuntesdesanluis.com\/wp-content\/uploads\/2023\/12\/condenada.png\",\"contentUrl\":\"https:\/\/apuntesdesanluis.com\/wp-content\/uploads\/2023\/12\/condenada.png\",\"width\":600,\"height\":345},{\"@type\":\"BreadcrumbList\",\"@id\":\"https:\/\/apuntesdesanluis.com\/index.php\/2023\/12\/19\/merlo-10-anos-de-prision-para-la-joven-que-intento-quitarle-la-vida-a-su-bebe-recien-nacida\/#breadcrumb\",\"itemListElement\":[{\"@type\":\"ListItem\",\"position\":1,\"name\":\"Inicio\",\"item\":\"https:\/\/apuntesdesanluis.com\/\"},{\"@type\":\"ListItem\",\"position\":2,\"name\":\"MERLO: 10 A\u00d1OS DE PRISI\u00d3N PARA LA JOVEN QUE INTENT\u00d3 QUITARLE LA VIDA A SU BEB\u00c9 RECI\u00c9N NACIDA\"}]},{\"@type\":\"WebSite\",\"@id\":\"https:\/\/apuntesdesanluis.com\/#website\",\"url\":\"https:\/\/apuntesdesanluis.com\/\",\"name\":\"Apuntes de San Luis\",\"description\":\"\",\"publisher\":{\"@id\":\"https:\/\/apuntesdesanluis.com\/#\/schema\/person\/b55151d52296fcce64d1a72538a70b90\"},\"potentialAction\":[{\"@type\":\"SearchAction\",\"target\":{\"@type\":\"EntryPoint\",\"urlTemplate\":\"https:\/\/apuntesdesanluis.com\/?s={search_term_string}\"},\"query-input\":{\"@type\":\"PropertyValueSpecification\",\"valueRequired\":true,\"valueName\":\"search_term_string\"}}],\"inLanguage\":\"es-AR\"},{\"@type\":[\"Person\",\"Organization\"],\"@id\":\"https:\/\/apuntesdesanluis.com\/#\/schema\/person\/b55151d52296fcce64d1a72538a70b90\",\"name\":\"apuntesdesanluis.com\",\"image\":{\"@type\":\"ImageObject\",\"inLanguage\":\"es-AR\",\"@id\":\"https:\/\/apuntesdesanluis.com\/#\/schema\/person\/image\/\",\"url\":\"https:\/\/apuntesdesanluis.com\/wp-content\/uploads\/2023\/07\/cropped-apuntesdesanluis.png\",\"contentUrl\":\"https:\/\/apuntesdesanluis.com\/wp-content\/uploads\/2023\/07\/cropped-apuntesdesanluis.png\",\"width\":450,\"height\":112,\"caption\":\"apuntesdesanluis.com\"},\"logo\":{\"@id\":\"https:\/\/apuntesdesanluis.com\/#\/schema\/person\/image\/\"},\"sameAs\":[\"https:\/\/apuntesdesanluis.com\"],\"url\":\"https:\/\/apuntesdesanluis.com\/index.php\/author\/apuntesdesanluis-com\/\"}]}<\/script>\n<!-- \/ Yoast SEO plugin. -->","yoast_head_json":{"title":"MERLO: 10 A\u00d1OS DE PRISI\u00d3N PARA LA JOVEN QUE INTENT\u00d3 QUITARLE LA VIDA A SU BEB\u00c9 RECI\u00c9N NACIDA - Apuntes de San Luis","robots":{"index":"index","follow":"follow","max-snippet":"max-snippet:-1","max-image-preview":"max-image-preview:large","max-video-preview":"max-video-preview:-1"},"canonical":"https:\/\/apuntesdesanluis.com\/index.php\/2023\/12\/19\/merlo-10-anos-de-prision-para-la-joven-que-intento-quitarle-la-vida-a-su-bebe-recien-nacida\/","og_locale":"es_ES","og_type":"article","og_title":"MERLO: 10 A\u00d1OS DE PRISI\u00d3N PARA LA JOVEN QUE INTENT\u00d3 QUITARLE LA VIDA A SU BEB\u00c9 RECI\u00c9N NACIDA - Apuntes de San Luis","og_description":"Este martes el tribunal integrado por Gustavo Daniel Sanchi\u00f1o, Virna Eguinoa y Sebasti\u00e1n Cadelago Filippi,...","og_url":"https:\/\/apuntesdesanluis.com\/index.php\/2023\/12\/19\/merlo-10-anos-de-prision-para-la-joven-que-intento-quitarle-la-vida-a-su-bebe-recien-nacida\/","og_site_name":"Apuntes de San Luis","article_published_time":"2023-12-19T18:26:50+00:00","og_image":[{"width":600,"height":345,"url":"https:\/\/apuntesdesanluis.com\/wp-content\/uploads\/2023\/12\/condenada.png","type":"image\/png"}],"author":"apuntesdesanluis.com","twitter_card":"summary_large_image","twitter_misc":{"Escrito por":"apuntesdesanluis.com","Tiempo de lectura":"2 minutos"},"schema":{"@context":"https:\/\/schema.org","@graph":[{"@type":"Article","@id":"https:\/\/apuntesdesanluis.com\/index.php\/2023\/12\/19\/merlo-10-anos-de-prision-para-la-joven-que-intento-quitarle-la-vida-a-su-bebe-recien-nacida\/#article","isPartOf":{"@id":"https:\/\/apuntesdesanluis.com\/index.php\/2023\/12\/19\/merlo-10-anos-de-prision-para-la-joven-que-intento-quitarle-la-vida-a-su-bebe-recien-nacida\/"},"author":{"name":"apuntesdesanluis.com","@id":"https:\/\/apuntesdesanluis.com\/#\/schema\/person\/b55151d52296fcce64d1a72538a70b90"},"headline":"MERLO: 10 A\u00d1OS DE PRISI\u00d3N PARA LA JOVEN QUE INTENT\u00d3 QUITARLE LA VIDA A SU BEB\u00c9 RECI\u00c9N NACIDA","datePublished":"2023-12-19T18:26:50+00:00","mainEntityOfPage":{"@id":"https:\/\/apuntesdesanluis.com\/index.php\/2023\/12\/19\/merlo-10-anos-de-prision-para-la-joven-que-intento-quitarle-la-vida-a-su-bebe-recien-nacida\/"},"wordCount":304,"publisher":{"@id":"https:\/\/apuntesdesanluis.com\/#\/schema\/person\/b55151d52296fcce64d1a72538a70b90"},"image":{"@id":"https:\/\/apuntesdesanluis.com\/index.php\/2023\/12\/19\/merlo-10-anos-de-prision-para-la-joven-que-intento-quitarle-la-vida-a-su-bebe-recien-nacida\/#primaryimage"},"thumbnailUrl":"https:\/\/apuntesdesanluis.com\/wp-content\/uploads\/2023\/12\/condenada.png","articleSection":["Ciudad\/Provincia"],"inLanguage":"es-AR"},{"@type":"WebPage","@id":"https:\/\/apuntesdesanluis.com\/index.php\/2023\/12\/19\/merlo-10-anos-de-prision-para-la-joven-que-intento-quitarle-la-vida-a-su-bebe-recien-nacida\/","url":"https:\/\/apuntesdesanluis.com\/index.php\/2023\/12\/19\/merlo-10-anos-de-prision-para-la-joven-que-intento-quitarle-la-vida-a-su-bebe-recien-nacida\/","name":"MERLO: 10 A\u00d1OS DE PRISI\u00d3N PARA LA JOVEN QUE INTENT\u00d3 QUITARLE LA VIDA A SU BEB\u00c9 RECI\u00c9N NACIDA - Apuntes de San Luis","isPartOf":{"@id":"https:\/\/apuntesdesanluis.com\/#website"},"primaryImageOfPage":{"@id":"https:\/\/apuntesdesanluis.com\/index.php\/2023\/12\/19\/merlo-10-anos-de-prision-para-la-joven-que-intento-quitarle-la-vida-a-su-bebe-recien-nacida\/#primaryimage"},"image":{"@id":"https:\/\/apuntesdesanluis.com\/index.php\/2023\/12\/19\/merlo-10-anos-de-prision-para-la-joven-que-intento-quitarle-la-vida-a-su-bebe-recien-nacida\/#primaryimage"},"thumbnailUrl":"https:\/\/apuntesdesanluis.com\/wp-content\/uploads\/2023\/12\/condenada.png","datePublished":"2023-12-19T18:26:50+00:00","breadcrumb":{"@id":"https:\/\/apuntesdesanluis.com\/index.php\/2023\/12\/19\/merlo-10-anos-de-prision-para-la-joven-que-intento-quitarle-la-vida-a-su-bebe-recien-nacida\/#breadcrumb"},"inLanguage":"es-AR","potentialAction":[{"@type":"ReadAction","target":["https:\/\/apuntesdesanluis.com\/index.php\/2023\/12\/19\/merlo-10-anos-de-prision-para-la-joven-que-intento-quitarle-la-vida-a-su-bebe-recien-nacida\/"]}]},{"@type":"ImageObject","inLanguage":"es-AR","@id":"https:\/\/apuntesdesanluis.com\/index.php\/2023\/12\/19\/merlo-10-anos-de-prision-para-la-joven-que-intento-quitarle-la-vida-a-su-bebe-recien-nacida\/#primaryimage","url":"https:\/\/apuntesdesanluis.com\/wp-content\/uploads\/2023\/12\/condenada.png","contentUrl":"https:\/\/apuntesdesanluis.com\/wp-content\/uploads\/2023\/12\/condenada.png","width":600,"height":345},{"@type":"BreadcrumbList","@id":"https:\/\/apuntesdesanluis.com\/index.php\/2023\/12\/19\/merlo-10-anos-de-prision-para-la-joven-que-intento-quitarle-la-vida-a-su-bebe-recien-nacida\/#breadcrumb","itemListElement":[{"@type":"ListItem","position":1,"name":"Inicio","item":"https:\/\/apuntesdesanluis.com\/"},{"@type":"ListItem","position":2,"name":"MERLO: 10 A\u00d1OS DE PRISI\u00d3N PARA LA JOVEN QUE INTENT\u00d3 QUITARLE LA VIDA A SU BEB\u00c9 RECI\u00c9N NACIDA"}]},{"@type":"WebSite","@id":"https:\/\/apuntesdesanluis.com\/#website","url":"https:\/\/apuntesdesanluis.com\/","name":"Apuntes de San Luis","description":"","publisher":{"@id":"https:\/\/apuntesdesanluis.com\/#\/schema\/person\/b55151d52296fcce64d1a72538a70b90"},"potentialAction":[{"@type":"SearchAction","target":{"@type":"EntryPoint","urlTemplate":"https:\/\/apuntesdesanluis.com\/?s={search_term_string}"},"query-input":{"@type":"PropertyValueSpecification","valueRequired":true,"valueName":"search_term_string"}}],"inLanguage":"es-AR"},{"@type":["Person","Organization"],"@id":"https:\/\/apuntesdesanluis.com\/#\/schema\/person\/b55151d52296fcce64d1a72538a70b90","name":"apuntesdesanluis.com","image":{"@type":"ImageObject","inLanguage":"es-AR","@id":"https:\/\/apuntesdesanluis.com\/#\/schema\/person\/image\/","url":"https:\/\/apuntesdesanluis.com\/wp-content\/uploads\/2023\/07\/cropped-apuntesdesanluis.png","contentUrl":"https:\/\/apuntesdesanluis.com\/wp-content\/uploads\/2023\/07\/cropped-apuntesdesanluis.png","width":450,"height":112,"caption":"apuntesdesanluis.com"},"logo":{"@id":"https:\/\/apuntesdesanluis.com\/#\/schema\/person\/image\/"},"sameAs":["https:\/\/apuntesdesanluis.com"],"url":"https:\/\/apuntesdesanluis.com\/index.php\/author\/apuntesdesanluis-com\/"}]}},"featured_image_urls":{"full":["https:\/\/apuntesdesanluis.com\/wp-content\/uploads\/2023\/12\/condenada.png",600,345,false],"thumbnail":["https:\/\/apuntesdesanluis.com\/wp-content\/uploads\/2023\/12\/condenada-150x150.png",150,150,true],"medium":["https:\/\/apuntesdesanluis.com\/wp-content\/uploads\/2023\/12\/condenada-300x173.png",300,173,true],"medium_large":["https:\/\/apuntesdesanluis.com\/wp-content\/uploads\/2023\/12\/condenada.png",600,345,false],"large":["https:\/\/apuntesdesanluis.com\/wp-content\/uploads\/2023\/12\/condenada.png",600,345,false],"1536x1536":["https:\/\/apuntesdesanluis.com\/wp-content\/uploads\/2023\/12\/condenada.png",600,345,false],"2048x2048":["https:\/\/apuntesdesanluis.com\/wp-content\/uploads\/2023\/12\/condenada.png",600,345,false],"newsever-slider-full":["https:\/\/apuntesdesanluis.com\/wp-content\/uploads\/2023\/12\/condenada.png",600,345,false],"newsever-featured":["https:\/\/apuntesdesanluis.com\/wp-content\/uploads\/2023\/12\/condenada.png",600,345,false],"newsever-medium":["https:\/\/apuntesdesanluis.com\/wp-content\/uploads\/2023\/12\/condenada.png",600,345,false]},"author_info":{"display_name":"apuntesdesanluis.com","author_link":"https:\/\/apuntesdesanluis.com\/index.php\/author\/apuntesdesanluis-com\/"},"category_info":"<a href=\"https:\/\/apuntesdesanluis.com\/index.php\/category\/ciudad-provincia\/\" rel=\"category tag\">Ciudad\/Provincia<\/a>","tag_info":"Ciudad\/Provincia","comment_count":"0","_links":{"self":[{"href":"https:\/\/apuntesdesanluis.com\/index.php\/wp-json\/wp\/v2\/posts\/8647","targetHints":{"allow":["GET"]}}],"collection":[{"href":"https:\/\/apuntesdesanluis.com\/index.php\/wp-json\/wp\/v2\/posts"}],"about":[{"href":"https:\/\/apuntesdesanluis.com\/index.php\/wp-json\/wp\/v2\/types\/post"}],"author":[{"embeddable":true,"href":"https:\/\/apuntesdesanluis.com\/index.php\/wp-json\/wp\/v2\/users\/1"}],"replies":[{"embeddable":true,"href":"https:\/\/apuntesdesanluis.com\/index.php\/wp-json\/wp\/v2\/comments?post=8647"}],"version-history":[{"count":1,"href":"https:\/\/apuntesdesanluis.com\/index.php\/wp-json\/wp\/v2\/posts\/8647\/revisions"}],"predecessor-version":[{"id":8650,"href":"https:\/\/apuntesdesanluis.com\/index.php\/wp-json\/wp\/v2\/posts\/8647\/revisions\/8650"}],"wp:featuredmedia":[{"embeddable":true,"href":"https:\/\/apuntesdesanluis.com\/index.php\/wp-json\/wp\/v2\/media\/8648"}],"wp:attachment":[{"href":"https:\/\/apuntesdesanluis.com\/index.php\/wp-json\/wp\/v2\/media?parent=8647"}],"wp:term":[{"taxonomy":"category","embeddable":true,"href":"https:\/\/apuntesdesanluis.com\/index.php\/wp-json\/wp\/v2\/categories?post=8647"},{"taxonomy":"post_tag","embeddable":true,"href":"https:\/\/apuntesdesanluis.com\/index.php\/wp-json\/wp\/v2\/tags?post=8647"}],"curies":[{"name":"wp","href":"https:\/\/api.w.org\/{rel}","templated":true}]}}