{"id":8651,"date":"2023-12-19T15:49:00","date_gmt":"2023-12-19T18:49:00","guid":{"rendered":"https:\/\/apuntesdesanluis.com\/?p=8651"},"modified":"2023-12-19T15:49:00","modified_gmt":"2023-12-19T18:49:00","slug":"poggi-aplico-el-ejemplo-de-pedernera-primero-cobran-los-empleados-y-despues-los-funcionarios","status":"publish","type":"post","link":"https:\/\/apuntesdesanluis.com\/index.php\/2023\/12\/19\/poggi-aplico-el-ejemplo-de-pedernera-primero-cobran-los-empleados-y-despues-los-funcionarios\/","title":{"rendered":"POGGI APLIC\u00d3 EL EJEMPLO DE PEDERNERA: PRIMERO COBRAN LOS EMPLEADOS Y DESPU\u00c9S LOS FUNCIONARIOS"},"content":{"rendered":"<h3>El gobierno dispuso la medida atento al d\u00e9ficit fiscal de $125.000 millones heredado de la gesti\u00f3n anterior. De esta manera se recoge el ejemplo hist\u00f3rico del ex gobernador de San Luis, <strong>Juan Esteban Pedernera<\/strong>, quien dispuso lo mismo en 1859.<\/h3>\n<h3>El gobernador <strong>Claudio Pogg<\/strong>i anunci\u00f3 que, ante el dif\u00edcil panorama provocado por el d\u00e9ficit fiscal que dej\u00f3 la administraci\u00f3n anterior, los funcionarios reci\u00e9n van a cobrar sus sueldos el 16 de enero. De esa manera, se liberan fondos en una provincia fundida para que los beneficiarios del Plan de Inclusi\u00f3n Laboral puedan recibir el 100% de sus haberes a fines de diciembre.<\/h3>\n<h3>Se mantendr\u00e1 por ahora la decisi\u00f3n de que los empleados p\u00fablicos de planta cobren sus salarios en dos veces. Una parte a fin de a\u00f1o y la otra el 16 de enero, cuando los funcionarios reciban la totalidad de sus sueldos.<\/h3>\n<h3>El anuncio se conoci\u00f3 en la reuni\u00f3n de gabinete ampliada llevada a cabo en el Sal\u00f3n Blanco de Terrazas del Portezuelo, donde Poggi reiter\u00f3 que toma estas medidas \u201ccon profundo dolor y bronca\u201d, pero que son inevitables debido al desastroso estado en el que encontr\u00f3 las finanzas p\u00fablicas.<\/h3>\n<h3><strong>PEDERNERA<\/strong><\/h3>\n<h3>Luego de la Batalla de Caseros del 3 de febrero de 1852, el General <strong>Juan Esteban Pedernera<\/strong> jug\u00f3 un papel relevante en la nueva etapa que se iniciaba, convirti\u00e9ndose en un referente nacional y hombre de confianza de Justo Jos\u00e9 de Urquiza.<\/h3>\n<h3>En 1855 volvi\u00f3 a nuestra provincia\u00a0designado Jefe de Fronteras de C\u00f3rdoba y San Luis. En pleno ejercicio de dicho cargo particip\u00f3 en la fundaci\u00f3n del Fuerte Constitucional, que con el tiempo ser\u00eda <strong>Villa Mercedes<\/strong>. Posteriormente se encontr\u00f3 ocupando puestos de mayor responsabilidad.<\/h3>\n<h3>Su desempe\u00f1o y prestigio lo llevaron en 1859 a ser electo <strong>gobernador de San Luis<\/strong>.<\/h3>\n<h3>Relata <strong>Carmen Gui\u00f1az\u00fa de Berrondo<\/strong> en su obra \u201cEl B\u00faho de la tradici\u00f3n\u201d (1924), que en cierta oportunidad se present\u00f3 ante el gobernador Pedernera su secretario, portando el sueldo correspondiente a su cargo. Antes de proseguir el mandatario pregunt\u00f3 si todos los empleados hab\u00edan cobrado, a lo cual el secretario respondi\u00f3 que no todos lo hab\u00edan recibido por falta de fondos. Entonces, alzando la vista y fij\u00e1ndola en el secretario, Pedernera le dijo: \u201cLl\u00e9vense ese dinero, y prevenga a quien corresponda que los sueldos de los empleados deben ser abonados en orden inverso a la importancia de los cargos\u201d. (Gui\u00f1az\u00fa de Berrondo, 1924: 53)<\/h3>\n","protected":false},"excerpt":{"rendered":"<p>El gobierno dispuso la medida atento al d\u00e9ficit fiscal de $125.000 millones heredado de la&#8230;<\/p>\n","protected":false},"author":1,"featured_media":8652,"comment_status":"closed","ping_status":"closed","sticky":false,"template":"","format":"standard","meta":{"footnotes":""},"categories":[6],"tags":[],"class_list":["post-8651","post","type-post","status-publish","format-standard","has-post-thumbnail","hentry","category-ciudad-provincia"],"yoast_head":"<!-- This site is optimized with the Yoast SEO plugin v26.1.1 - https:\/\/yoast.com\/wordpress\/plugins\/seo\/ -->\n<title>POGGI APLIC\u00d3 EL EJEMPLO DE PEDERNERA: PRIMERO COBRAN LOS EMPLEADOS Y DESPU\u00c9S LOS FUNCIONARIOS - Apuntes de San Luis<\/title>\n<meta name=\"robots\" content=\"index, follow, max-snippet:-1, max-image-preview:large, max-video-preview:-1\" \/>\n<link rel=\"canonical\" href=\"https:\/\/apuntesdesanluis.com\/index.php\/2023\/12\/19\/poggi-aplico-el-ejemplo-de-pedernera-primero-cobran-los-empleados-y-despues-los-funcionarios\/\" \/>\n<meta property=\"og:locale\" content=\"es_ES\" \/>\n<meta property=\"og:type\" content=\"article\" \/>\n<meta property=\"og:title\" content=\"POGGI APLIC\u00d3 EL EJEMPLO DE PEDERNERA: PRIMERO COBRAN LOS EMPLEADOS Y DESPU\u00c9S LOS FUNCIONARIOS - Apuntes de San Luis\" \/>\n<meta property=\"og:description\" content=\"El gobierno dispuso la medida atento al d\u00e9ficit fiscal de $125.000 millones heredado de la...\" \/>\n<meta property=\"og:url\" content=\"https:\/\/apuntesdesanluis.com\/index.php\/2023\/12\/19\/poggi-aplico-el-ejemplo-de-pedernera-primero-cobran-los-empleados-y-despues-los-funcionarios\/\" \/>\n<meta property=\"og:site_name\" content=\"Apuntes de San Luis\" \/>\n<meta property=\"article:published_time\" content=\"2023-12-19T18:49:00+00:00\" \/>\n<meta property=\"og:image\" content=\"https:\/\/apuntesdesanluis.com\/wp-content\/uploads\/2023\/12\/poggi-y-pedernera.png\" \/>\n\t<meta property=\"og:image:width\" content=\"512\" \/>\n\t<meta property=\"og:image:height\" content=\"322\" \/>\n\t<meta property=\"og:image:type\" content=\"image\/png\" \/>\n<meta name=\"author\" content=\"apuntesdesanluis.com\" \/>\n<meta name=\"twitter:card\" content=\"summary_large_image\" \/>\n<meta name=\"twitter:label1\" content=\"Escrito por\" \/>\n\t<meta name=\"twitter:data1\" content=\"apuntesdesanluis.com\" \/>\n\t<meta name=\"twitter:label2\" content=\"Tiempo de lectura\" \/>\n\t<meta name=\"twitter:data2\" content=\"2 minutos\" \/>\n<script type=\"application\/ld+json\" class=\"yoast-schema-graph\">{\"@context\":\"https:\/\/schema.org\",\"@graph\":[{\"@type\":\"Article\",\"@id\":\"https:\/\/apuntesdesanluis.com\/index.php\/2023\/12\/19\/poggi-aplico-el-ejemplo-de-pedernera-primero-cobran-los-empleados-y-despues-los-funcionarios\/#article\",\"isPartOf\":{\"@id\":\"https:\/\/apuntesdesanluis.com\/index.php\/2023\/12\/19\/poggi-aplico-el-ejemplo-de-pedernera-primero-cobran-los-empleados-y-despues-los-funcionarios\/\"},\"author\":{\"name\":\"apuntesdesanluis.com\",\"@id\":\"https:\/\/apuntesdesanluis.com\/#\/schema\/person\/b55151d52296fcce64d1a72538a70b90\"},\"headline\":\"POGGI APLIC\u00d3 EL EJEMPLO DE PEDERNERA: PRIMERO COBRAN LOS EMPLEADOS Y DESPU\u00c9S LOS FUNCIONARIOS\",\"datePublished\":\"2023-12-19T18:49:00+00:00\",\"mainEntityOfPage\":{\"@id\":\"https:\/\/apuntesdesanluis.com\/index.php\/2023\/12\/19\/poggi-aplico-el-ejemplo-de-pedernera-primero-cobran-los-empleados-y-despues-los-funcionarios\/\"},\"wordCount\":426,\"publisher\":{\"@id\":\"https:\/\/apuntesdesanluis.com\/#\/schema\/person\/b55151d52296fcce64d1a72538a70b90\"},\"image\":{\"@id\":\"https:\/\/apuntesdesanluis.com\/index.php\/2023\/12\/19\/poggi-aplico-el-ejemplo-de-pedernera-primero-cobran-los-empleados-y-despues-los-funcionarios\/#primaryimage\"},\"thumbnailUrl\":\"https:\/\/apuntesdesanluis.com\/wp-content\/uploads\/2023\/12\/poggi-y-pedernera.png\",\"articleSection\":[\"Ciudad\/Provincia\"],\"inLanguage\":\"es-AR\"},{\"@type\":\"WebPage\",\"@id\":\"https:\/\/apuntesdesanluis.com\/index.php\/2023\/12\/19\/poggi-aplico-el-ejemplo-de-pedernera-primero-cobran-los-empleados-y-despues-los-funcionarios\/\",\"url\":\"https:\/\/apuntesdesanluis.com\/index.php\/2023\/12\/19\/poggi-aplico-el-ejemplo-de-pedernera-primero-cobran-los-empleados-y-despues-los-funcionarios\/\",\"name\":\"POGGI APLIC\u00d3 EL EJEMPLO DE PEDERNERA: PRIMERO COBRAN LOS EMPLEADOS Y DESPU\u00c9S LOS FUNCIONARIOS - Apuntes de San Luis\",\"isPartOf\":{\"@id\":\"https:\/\/apuntesdesanluis.com\/#website\"},\"primaryImageOfPage\":{\"@id\":\"https:\/\/apuntesdesanluis.com\/index.php\/2023\/12\/19\/poggi-aplico-el-ejemplo-de-pedernera-primero-cobran-los-empleados-y-despues-los-funcionarios\/#primaryimage\"},\"image\":{\"@id\":\"https:\/\/apuntesdesanluis.com\/index.php\/2023\/12\/19\/poggi-aplico-el-ejemplo-de-pedernera-primero-cobran-los-empleados-y-despues-los-funcionarios\/#primaryimage\"},\"thumbnailUrl\":\"https:\/\/apuntesdesanluis.com\/wp-content\/uploads\/2023\/12\/poggi-y-pedernera.png\",\"datePublished\":\"2023-12-19T18:49:00+00:00\",\"breadcrumb\":{\"@id\":\"https:\/\/apuntesdesanluis.com\/index.php\/2023\/12\/19\/poggi-aplico-el-ejemplo-de-pedernera-primero-cobran-los-empleados-y-despues-los-funcionarios\/#breadcrumb\"},\"inLanguage\":\"es-AR\",\"potentialAction\":[{\"@type\":\"ReadAction\",\"target\":[\"https:\/\/apuntesdesanluis.com\/index.php\/2023\/12\/19\/poggi-aplico-el-ejemplo-de-pedernera-primero-cobran-los-empleados-y-despues-los-funcionarios\/\"]}]},{\"@type\":\"ImageObject\",\"inLanguage\":\"es-AR\",\"@id\":\"https:\/\/apuntesdesanluis.com\/index.php\/2023\/12\/19\/poggi-aplico-el-ejemplo-de-pedernera-primero-cobran-los-empleados-y-despues-los-funcionarios\/#primaryimage\",\"url\":\"https:\/\/apuntesdesanluis.com\/wp-content\/uploads\/2023\/12\/poggi-y-pedernera.png\",\"contentUrl\":\"https:\/\/apuntesdesanluis.com\/wp-content\/uploads\/2023\/12\/poggi-y-pedernera.png\",\"width\":512,\"height\":322},{\"@type\":\"BreadcrumbList\",\"@id\":\"https:\/\/apuntesdesanluis.com\/index.php\/2023\/12\/19\/poggi-aplico-el-ejemplo-de-pedernera-primero-cobran-los-empleados-y-despues-los-funcionarios\/#breadcrumb\",\"itemListElement\":[{\"@type\":\"ListItem\",\"position\":1,\"name\":\"Inicio\",\"item\":\"https:\/\/apuntesdesanluis.com\/\"},{\"@type\":\"ListItem\",\"position\":2,\"name\":\"POGGI APLIC\u00d3 EL EJEMPLO DE PEDERNERA: PRIMERO COBRAN LOS EMPLEADOS Y DESPU\u00c9S LOS FUNCIONARIOS\"}]},{\"@type\":\"WebSite\",\"@id\":\"https:\/\/apuntesdesanluis.com\/#website\",\"url\":\"https:\/\/apuntesdesanluis.com\/\",\"name\":\"Apuntes de San Luis\",\"description\":\"\",\"publisher\":{\"@id\":\"https:\/\/apuntesdesanluis.com\/#\/schema\/person\/b55151d52296fcce64d1a72538a70b90\"},\"potentialAction\":[{\"@type\":\"SearchAction\",\"target\":{\"@type\":\"EntryPoint\",\"urlTemplate\":\"https:\/\/apuntesdesanluis.com\/?s={search_term_string}\"},\"query-input\":{\"@type\":\"PropertyValueSpecification\",\"valueRequired\":true,\"valueName\":\"search_term_string\"}}],\"inLanguage\":\"es-AR\"},{\"@type\":[\"Person\",\"Organization\"],\"@id\":\"https:\/\/apuntesdesanluis.com\/#\/schema\/person\/b55151d52296fcce64d1a72538a70b90\",\"name\":\"apuntesdesanluis.com\",\"image\":{\"@type\":\"ImageObject\",\"inLanguage\":\"es-AR\",\"@id\":\"https:\/\/apuntesdesanluis.com\/#\/schema\/person\/image\/\",\"url\":\"https:\/\/apuntesdesanluis.com\/wp-content\/uploads\/2023\/07\/cropped-apuntesdesanluis.png\",\"contentUrl\":\"https:\/\/apuntesdesanluis.com\/wp-content\/uploads\/2023\/07\/cropped-apuntesdesanluis.png\",\"width\":450,\"height\":112,\"caption\":\"apuntesdesanluis.com\"},\"logo\":{\"@id\":\"https:\/\/apuntesdesanluis.com\/#\/schema\/person\/image\/\"},\"sameAs\":[\"https:\/\/apuntesdesanluis.com\"],\"url\":\"https:\/\/apuntesdesanluis.com\/index.php\/author\/apuntesdesanluis-com\/\"}]}<\/script>\n<!-- \/ Yoast SEO plugin. -->","yoast_head_json":{"title":"POGGI APLIC\u00d3 EL EJEMPLO DE PEDERNERA: PRIMERO COBRAN LOS EMPLEADOS Y DESPU\u00c9S LOS FUNCIONARIOS - Apuntes de San Luis","robots":{"index":"index","follow":"follow","max-snippet":"max-snippet:-1","max-image-preview":"max-image-preview:large","max-video-preview":"max-video-preview:-1"},"canonical":"https:\/\/apuntesdesanluis.com\/index.php\/2023\/12\/19\/poggi-aplico-el-ejemplo-de-pedernera-primero-cobran-los-empleados-y-despues-los-funcionarios\/","og_locale":"es_ES","og_type":"article","og_title":"POGGI APLIC\u00d3 EL EJEMPLO DE PEDERNERA: PRIMERO COBRAN LOS EMPLEADOS Y DESPU\u00c9S LOS FUNCIONARIOS - Apuntes de San Luis","og_description":"El gobierno dispuso la medida atento al d\u00e9ficit fiscal de $125.000 millones heredado de la...","og_url":"https:\/\/apuntesdesanluis.com\/index.php\/2023\/12\/19\/poggi-aplico-el-ejemplo-de-pedernera-primero-cobran-los-empleados-y-despues-los-funcionarios\/","og_site_name":"Apuntes de San Luis","article_published_time":"2023-12-19T18:49:00+00:00","og_image":[{"width":512,"height":322,"url":"https:\/\/apuntesdesanluis.com\/wp-content\/uploads\/2023\/12\/poggi-y-pedernera.png","type":"image\/png"}],"author":"apuntesdesanluis.com","twitter_card":"summary_large_image","twitter_misc":{"Escrito por":"apuntesdesanluis.com","Tiempo de lectura":"2 minutos"},"schema":{"@context":"https:\/\/schema.org","@graph":[{"@type":"Article","@id":"https:\/\/apuntesdesanluis.com\/index.php\/2023\/12\/19\/poggi-aplico-el-ejemplo-de-pedernera-primero-cobran-los-empleados-y-despues-los-funcionarios\/#article","isPartOf":{"@id":"https:\/\/apuntesdesanluis.com\/index.php\/2023\/12\/19\/poggi-aplico-el-ejemplo-de-pedernera-primero-cobran-los-empleados-y-despues-los-funcionarios\/"},"author":{"name":"apuntesdesanluis.com","@id":"https:\/\/apuntesdesanluis.com\/#\/schema\/person\/b55151d52296fcce64d1a72538a70b90"},"headline":"POGGI APLIC\u00d3 EL EJEMPLO DE PEDERNERA: PRIMERO COBRAN LOS EMPLEADOS Y DESPU\u00c9S LOS FUNCIONARIOS","datePublished":"2023-12-19T18:49:00+00:00","mainEntityOfPage":{"@id":"https:\/\/apuntesdesanluis.com\/index.php\/2023\/12\/19\/poggi-aplico-el-ejemplo-de-pedernera-primero-cobran-los-empleados-y-despues-los-funcionarios\/"},"wordCount":426,"publisher":{"@id":"https:\/\/apuntesdesanluis.com\/#\/schema\/person\/b55151d52296fcce64d1a72538a70b90"},"image":{"@id":"https:\/\/apuntesdesanluis.com\/index.php\/2023\/12\/19\/poggi-aplico-el-ejemplo-de-pedernera-primero-cobran-los-empleados-y-despues-los-funcionarios\/#primaryimage"},"thumbnailUrl":"https:\/\/apuntesdesanluis.com\/wp-content\/uploads\/2023\/12\/poggi-y-pedernera.png","articleSection":["Ciudad\/Provincia"],"inLanguage":"es-AR"},{"@type":"WebPage","@id":"https:\/\/apuntesdesanluis.com\/index.php\/2023\/12\/19\/poggi-aplico-el-ejemplo-de-pedernera-primero-cobran-los-empleados-y-despues-los-funcionarios\/","url":"https:\/\/apuntesdesanluis.com\/index.php\/2023\/12\/19\/poggi-aplico-el-ejemplo-de-pedernera-primero-cobran-los-empleados-y-despues-los-funcionarios\/","name":"POGGI APLIC\u00d3 EL EJEMPLO DE PEDERNERA: PRIMERO COBRAN LOS EMPLEADOS Y DESPU\u00c9S LOS FUNCIONARIOS - Apuntes de San Luis","isPartOf":{"@id":"https:\/\/apuntesdesanluis.com\/#website"},"primaryImageOfPage":{"@id":"https:\/\/apuntesdesanluis.com\/index.php\/2023\/12\/19\/poggi-aplico-el-ejemplo-de-pedernera-primero-cobran-los-empleados-y-despues-los-funcionarios\/#primaryimage"},"image":{"@id":"https:\/\/apuntesdesanluis.com\/index.php\/2023\/12\/19\/poggi-aplico-el-ejemplo-de-pedernera-primero-cobran-los-empleados-y-despues-los-funcionarios\/#primaryimage"},"thumbnailUrl":"https:\/\/apuntesdesanluis.com\/wp-content\/uploads\/2023\/12\/poggi-y-pedernera.png","datePublished":"2023-12-19T18:49:00+00:00","breadcrumb":{"@id":"https:\/\/apuntesdesanluis.com\/index.php\/2023\/12\/19\/poggi-aplico-el-ejemplo-de-pedernera-primero-cobran-los-empleados-y-despues-los-funcionarios\/#breadcrumb"},"inLanguage":"es-AR","potentialAction":[{"@type":"ReadAction","target":["https:\/\/apuntesdesanluis.com\/index.php\/2023\/12\/19\/poggi-aplico-el-ejemplo-de-pedernera-primero-cobran-los-empleados-y-despues-los-funcionarios\/"]}]},{"@type":"ImageObject","inLanguage":"es-AR","@id":"https:\/\/apuntesdesanluis.com\/index.php\/2023\/12\/19\/poggi-aplico-el-ejemplo-de-pedernera-primero-cobran-los-empleados-y-despues-los-funcionarios\/#primaryimage","url":"https:\/\/apuntesdesanluis.com\/wp-content\/uploads\/2023\/12\/poggi-y-pedernera.png","contentUrl":"https:\/\/apuntesdesanluis.com\/wp-content\/uploads\/2023\/12\/poggi-y-pedernera.png","width":512,"height":322},{"@type":"BreadcrumbList","@id":"https:\/\/apuntesdesanluis.com\/index.php\/2023\/12\/19\/poggi-aplico-el-ejemplo-de-pedernera-primero-cobran-los-empleados-y-despues-los-funcionarios\/#breadcrumb","itemListElement":[{"@type":"ListItem","position":1,"name":"Inicio","item":"https:\/\/apuntesdesanluis.com\/"},{"@type":"ListItem","position":2,"name":"POGGI APLIC\u00d3 EL EJEMPLO DE PEDERNERA: PRIMERO COBRAN LOS EMPLEADOS Y DESPU\u00c9S LOS FUNCIONARIOS"}]},{"@type":"WebSite","@id":"https:\/\/apuntesdesanluis.com\/#website","url":"https:\/\/apuntesdesanluis.com\/","name":"Apuntes de San Luis","description":"","publisher":{"@id":"https:\/\/apuntesdesanluis.com\/#\/schema\/person\/b55151d52296fcce64d1a72538a70b90"},"potentialAction":[{"@type":"SearchAction","target":{"@type":"EntryPoint","urlTemplate":"https:\/\/apuntesdesanluis.com\/?s={search_term_string}"},"query-input":{"@type":"PropertyValueSpecification","valueRequired":true,"valueName":"search_term_string"}}],"inLanguage":"es-AR"},{"@type":["Person","Organization"],"@id":"https:\/\/apuntesdesanluis.com\/#\/schema\/person\/b55151d52296fcce64d1a72538a70b90","name":"apuntesdesanluis.com","image":{"@type":"ImageObject","inLanguage":"es-AR","@id":"https:\/\/apuntesdesanluis.com\/#\/schema\/person\/image\/","url":"https:\/\/apuntesdesanluis.com\/wp-content\/uploads\/2023\/07\/cropped-apuntesdesanluis.png","contentUrl":"https:\/\/apuntesdesanluis.com\/wp-content\/uploads\/2023\/07\/cropped-apuntesdesanluis.png","width":450,"height":112,"caption":"apuntesdesanluis.com"},"logo":{"@id":"https:\/\/apuntesdesanluis.com\/#\/schema\/person\/image\/"},"sameAs":["https:\/\/apuntesdesanluis.com"],"url":"https:\/\/apuntesdesanluis.com\/index.php\/author\/apuntesdesanluis-com\/"}]}},"featured_image_urls":{"full":["https:\/\/apuntesdesanluis.com\/wp-content\/uploads\/2023\/12\/poggi-y-pedernera.png",512,322,false],"thumbnail":["https:\/\/apuntesdesanluis.com\/wp-content\/uploads\/2023\/12\/poggi-y-pedernera-150x150.png",150,150,true],"medium":["https:\/\/apuntesdesanluis.com\/wp-content\/uploads\/2023\/12\/poggi-y-pedernera-300x189.png",300,189,true],"medium_large":["https:\/\/apuntesdesanluis.com\/wp-content\/uploads\/2023\/12\/poggi-y-pedernera.png",512,322,false],"large":["https:\/\/apuntesdesanluis.com\/wp-content\/uploads\/2023\/12\/poggi-y-pedernera.png",512,322,false],"1536x1536":["https:\/\/apuntesdesanluis.com\/wp-content\/uploads\/2023\/12\/poggi-y-pedernera.png",512,322,false],"2048x2048":["https:\/\/apuntesdesanluis.com\/wp-content\/uploads\/2023\/12\/poggi-y-pedernera.png",512,322,false],"newsever-slider-full":["https:\/\/apuntesdesanluis.com\/wp-content\/uploads\/2023\/12\/poggi-y-pedernera.png",512,322,false],"newsever-featured":["https:\/\/apuntesdesanluis.com\/wp-content\/uploads\/2023\/12\/poggi-y-pedernera.png",512,322,false],"newsever-medium":["https:\/\/apuntesdesanluis.com\/wp-content\/uploads\/2023\/12\/poggi-y-pedernera.png",512,322,false]},"author_info":{"display_name":"apuntesdesanluis.com","author_link":"https:\/\/apuntesdesanluis.com\/index.php\/author\/apuntesdesanluis-com\/"},"category_info":"<a href=\"https:\/\/apuntesdesanluis.com\/index.php\/category\/ciudad-provincia\/\" rel=\"category tag\">Ciudad\/Provincia<\/a>","tag_info":"Ciudad\/Provincia","comment_count":"0","_links":{"self":[{"href":"https:\/\/apuntesdesanluis.com\/index.php\/wp-json\/wp\/v2\/posts\/8651","targetHints":{"allow":["GET"]}}],"collection":[{"href":"https:\/\/apuntesdesanluis.com\/index.php\/wp-json\/wp\/v2\/posts"}],"about":[{"href":"https:\/\/apuntesdesanluis.com\/index.php\/wp-json\/wp\/v2\/types\/post"}],"author":[{"embeddable":true,"href":"https:\/\/apuntesdesanluis.com\/index.php\/wp-json\/wp\/v2\/users\/1"}],"replies":[{"embeddable":true,"href":"https:\/\/apuntesdesanluis.com\/index.php\/wp-json\/wp\/v2\/comments?post=8651"}],"version-history":[{"count":1,"href":"https:\/\/apuntesdesanluis.com\/index.php\/wp-json\/wp\/v2\/posts\/8651\/revisions"}],"predecessor-version":[{"id":8653,"href":"https:\/\/apuntesdesanluis.com\/index.php\/wp-json\/wp\/v2\/posts\/8651\/revisions\/8653"}],"wp:featuredmedia":[{"embeddable":true,"href":"https:\/\/apuntesdesanluis.com\/index.php\/wp-json\/wp\/v2\/media\/8652"}],"wp:attachment":[{"href":"https:\/\/apuntesdesanluis.com\/index.php\/wp-json\/wp\/v2\/media?parent=8651"}],"wp:term":[{"taxonomy":"category","embeddable":true,"href":"https:\/\/apuntesdesanluis.com\/index.php\/wp-json\/wp\/v2\/categories?post=8651"},{"taxonomy":"post_tag","embeddable":true,"href":"https:\/\/apuntesdesanluis.com\/index.php\/wp-json\/wp\/v2\/tags?post=8651"}],"curies":[{"name":"wp","href":"https:\/\/api.w.org\/{rel}","templated":true}]}}