{"id":8654,"date":"2023-12-19T16:02:17","date_gmt":"2023-12-19T19:02:17","guid":{"rendered":"https:\/\/apuntesdesanluis.com\/?p=8654"},"modified":"2023-12-19T16:02:59","modified_gmt":"2023-12-19T19:02:59","slug":"caso-lucio-dupuy-pidieron-la-destitucion-de-la-jueza-y-la-asesora-de-menores-acusadas","status":"publish","type":"post","link":"https:\/\/apuntesdesanluis.com\/index.php\/2023\/12\/19\/caso-lucio-dupuy-pidieron-la-destitucion-de-la-jueza-y-la-asesora-de-menores-acusadas\/","title":{"rendered":"CASO LUCIO DUPUY: PIDIERON LA DESTITUCI\u00d3N DE LA JUEZA Y LA ASESORA DE MENORES ACUSADAS"},"content":{"rendered":"<h3>Este martes se desarrollaron los alegatos del juicio contra la jueza y la asesora de menores acusadas de mal desempe\u00f1o en el caso <strong>Lucio Dupuy<\/strong>.<\/h3>\n<h3>Luego del fuerte careo entre el abuelo de Lucio Dupuy y su ex abogada, el juicio contra la jueza de La Pampa <strong>Ana Clara P\u00e9rez Ballester<\/strong> y la asesora de menores <strong>Elisa Alejandra Cat\u00e1n<\/strong>, continu\u00f3 con los alegatos de clausura, donde se pidi\u00f3 la destituci\u00f3n de ambas acusadas.<\/h3>\n<h3>Primero fue el turno del procurador general subrogante Guillermo Sancho, en representaci\u00f3n de la acusaci\u00f3n.<\/h3>\n<h3>El funcionario dividi\u00f3 su alegato en dos partes. Primeramente, se refiri\u00f3 al legajo mediante el cual P\u00e9rez Ballester le entreg\u00f3 la tutela de Lucio a la t\u00eda pol\u00edtica del ni\u00f1o, Leticia Hidalgo, el 2 de julio de 2019, debido a que la madre no estaba en condiciones econ\u00f3micas de mantenerlo. Ello ocurri\u00f3 despu\u00e9s de realizarle un estudio socio-ambiental a la familia de Hidalgo, esposa de Maximiliano Dupuy (hermano del padre de Lucio, Christian Dupuy). La entrega del ni\u00f1o fue de com\u00fan acuerdo entre las partes.<\/h3>\n<h3>Cabe recordar que, en este caso, en la apertura del debate Sancho hab\u00eda cuestionado a las acusadas por cuatro hechos: no haber escuchado la opini\u00f3n de Lucio, no haber citado ni recabado la opini\u00f3n del padre y no haberle dado intervenci\u00f3n a la autoridad de aplicaci\u00f3n administrativa (Direcci\u00f3n General de Ni\u00f1ez) ante \u201cla posible vulneraci\u00f3n de derechos\u201d. Adem\u00e1s, a Cat\u00e1n le imput\u00f3 que consintiera el archivo del expediente, por lo que \u201cde esa manera no se control\u00f3 la tutela\u201d.<\/h3>\n<h3>Sin embargo, luego de que se escucharan las declaraciones de 33 testigos y se incorporaran por lectura pruebas documentales y f\u00edlmicas a lo largo del proceso, el procurador decidi\u00f3 no sostener la acusaci\u00f3n respecto a la actuaci\u00f3n de la jueza en dos de esos puntos.<\/h3>\n<h3><img fetchpriority=\"high\" decoding=\"async\" class=\"wp-image-8656 aligncenter\" src=\"https:\/\/apuntesdesanluis.com\/wp-content\/uploads\/2023\/12\/CAREO-300x178.png\" alt=\"\" width=\"502\" height=\"298\" srcset=\"https:\/\/apuntesdesanluis.com\/wp-content\/uploads\/2023\/12\/CAREO-300x178.png 300w, https:\/\/apuntesdesanluis.com\/wp-content\/uploads\/2023\/12\/CAREO.png 600w\" sizes=\"(max-width: 502px) 100vw, 502px\" \/><\/h3>\n<h4 style=\"text-align: center;\"><em>Previo a los alegatos, hubo un careo entre Ram\u00f3n Dupuy y su ex abogada.<\/em><\/h4>\n<h3>En el alegato de cierre de este martes, Sancho dijo que entendi\u00f3 que \u201cno era necesario\u201d escuchar la palabra de Lucio en el expediente por la tutela. \u201cPorque el padre no estaba y la madre se iba de mochilera, por lo que lo mejor para el ni\u00f1o era estar con la t\u00eda. No era necesario por la edad de Lucio (en ese momento dos a\u00f1os) y por la situaci\u00f3n que estaba viviendo ya que no lo criaba nadie. La t\u00eda, en cambio, era una persona apta, de acuerdo al estudio socio-ambiental, por lo que haberlo escuchado no hubiera tenido tampoco sentido para resolver una cuesti\u00f3n urgente. Con la t\u00eda, el ni\u00f1o ten\u00eda una familia ampliada, ya que era uno hijo m\u00e1s\u201d, explic\u00f3.<\/h3>\n<h3>Tampoco mantuvo la acusaci\u00f3n del archivo de ese expediente contra P\u00e9rez Ballester, aunque s\u00ed contra Cat\u00e1n por considerar que \u201csu responsabilidad era controlar la tutela. Esa falta de control permiti\u00f3 desconocer que, cuando se inici\u00f3 el conflicto con la madre por el cuidado personal (a mediados de 2020), ya estaba viviendo con ella cuando la responsabilidad de la tutela era de la t\u00eda. Sin embargo, eso para la asesor\u00eda era absolutamente desconocido\u201d.<\/h3>\n<h3>Con respecto al segundo punto (convocatoria al padre), la acusaci\u00f3n sostuvo que \u201cla asesora debi\u00f3 peticionar de oficio la escucha del padre porque \u00e9l no hab\u00eda perdido en ese momento la responsabilidad parental. Debi\u00f3 ser citado y escuchado\u201d.<\/h3>\n<h3>A su vez, acerca del punto tercero (no comunicar a la autoridad de aplicaci\u00f3n), el procurador record\u00f3 que el director de Ni\u00f1ez declar\u00f3 que muchas veces reciben comunicaciones a partir de las que analizan eventuales intervenciones. \u201cEn este caso, m\u00e1s all\u00e1 de que hab\u00eda un padre que no estaba presente, era importante que esa autoridad, sea la Direcci\u00f3n Ni\u00f1ez o la Unidad Local de Ni\u00f1ez, lo supiera porque no exist\u00eda un control sobre lo que pasaba con el ni\u00f1o. Era importante que estuviera al tanto, m\u00e1s all\u00e1 de que despu\u00e9s se viera si hab\u00eda o no derechos vulnerados\u201d.<\/h3>\n<h3>El otro fragmento del alegato de Sancho estuvo centrado en el acuerdo entre Hidalgo y Esp\u00f3sito Valenti para dejar sin efecto la tutela y que, de ese modo, el cuidado personal pasara a manos de la madre. Eso fue homologado por P\u00e9rez Ballester el 4 de noviembre de 2020.<\/h3>\n<h3>En este caso, la procuraci\u00f3n repiti\u00f3 las acusaciones iniciales. Volvi\u00f3 a cuestionar que tampoco se oyera al ni\u00f1o y al padre. A eso le sum\u00f3 que no se le dio intervenci\u00f3n al equipo t\u00e9cnico interdisciplinario del Poder Judicial -que consiste de un psic\u00f3logo, m\u00e9dico y un asistente social-, ni que se haya actuado de oficio. Y tambi\u00e9n se\u00f1al\u00f3 que se omiti\u00f3 toda comunicaci\u00f3n a la autoridad de aplicaci\u00f3n, a pesar de que la madre en una denuncia contra Maximiliano Dupuy, por impedimento de contacto \u2013en el marco de un r\u00e9gimen comunicacional\u2013, dej\u00f3 trascender que Lucio ten\u00eda un sarpullido en la zona de los genitales.<\/h3>\n<h3>Para Sancho, \u201cfue una falta grave\u201d no haber dado lugar a que Lucio se expresara. \u201cM\u00e1s a\u00fan en el contexto en que se dio la homologaci\u00f3n del acuerdo (cuando ya exist\u00edan exposiciones y denuncias cruzadas entre la madre y el t\u00edo)\u201d, subray\u00f3. \u201cSin ser escuchado sobre qu\u00e9 quer\u00eda hacer, le cambiaron el centro de vida y termin\u00f3 viviendo en Santa Rosa\u201d, ampli\u00f3.<\/h3>\n<h3>\u201cNo se puede partir de una presunci\u00f3n de que por una determinada edad un ni\u00f1o no puede ser escuchado. En forma verbal, gestual o por dibujos, se pudo comunicar\u201d, insisti\u00f3. En esa l\u00ednea, record\u00f3 una pericia al ni\u00f1o en la que se infirieron indicadores de abuso sexual infantil. \u201cCon esto quiero marcar que, un tiempo despu\u00e9s, a trav\u00e9s de los dibujos el ni\u00f1o se expres\u00f3\u201d.<\/h3>\n<h3><img decoding=\"async\" class=\"wp-image-8657 aligncenter\" src=\"https:\/\/apuntesdesanluis.com\/wp-content\/uploads\/2023\/12\/JUEZA-ANA-CLARA-BALLESTER-300x240.png\" alt=\"\" width=\"530\" height=\"424\" srcset=\"https:\/\/apuntesdesanluis.com\/wp-content\/uploads\/2023\/12\/JUEZA-ANA-CLARA-BALLESTER-300x240.png 300w, https:\/\/apuntesdesanluis.com\/wp-content\/uploads\/2023\/12\/JUEZA-ANA-CLARA-BALLESTER.png 461w\" sizes=\"(max-width: 530px) 100vw, 530px\" \/><\/h3>\n<h4 style=\"text-align: center;\"><em>La jueza Ana Clara P\u00e9rez Ballester.<\/em><\/h4>\n<h3>Con respecto a la citaci\u00f3n al padre, Sancho remarc\u00f3 que la jueza de familia de General Pico, Alejandra Campos, declar\u00f3 que en el caso de un cuidado unipersonal \u201cera conveniente\u201d hacerlo.<\/h3>\n<h3>\u201cHubo que tener en cuenta que se iba a sacar a Lucio de una familia que ten\u00eda la tutela y, a\u00fan as\u00ed, se priv\u00f3 al padre de brindar su opini\u00f3n cuando no estaba privado de la responsabilidad parental. La jueza debi\u00f3 citarlo de oficio y la asesora no lo peticion\u00f3 (\u2026) Se dej\u00f3 sobrevolar que la opini\u00f3n hubiera sido irrelevante porque al padre no le interesaba el cuidado personal de su hijo porque no interven\u00eda en el proceso y porque en la mediaci\u00f3n por alimentos y el r\u00e9gimen comunicacional no lo reclam\u00f3. Pero eso ocurri\u00f3 mucho tiempo despu\u00e9s que le entregaran el ni\u00f1o a su madre. Eso ocurri\u00f3 en 2021 y ac\u00e1 estamos hablamos de 2020\u2033, remarc\u00f3.<\/h3>\n<h3>Y agreg\u00f3: \u201cTodo lo que se hizo para entregar la tutela, es decir citar testigos y realizar el informe socio-ambiental, nada se hizo en el expediente del cuidado personal. No hubo ning\u00fan informe, simplemente se homolog\u00f3 el acuerdo. Y, en ese sentido, el testimonio de Leticia Hidalgo fue conmovedor cuando expres\u00f3 que nadie le daba respuestas, que todos le dec\u00edan que la madre es la madre y que siempre tendr\u00eda raz\u00f3n, y que estaba agotada de seguir luchando contra el sistema\u201d.<\/h3>\n<h3>Sancho luego apunt\u00f3 a la actuaci\u00f3n de Cat\u00e1n: \u201cEl 3 de septiembre de 2020 el juzgado le dio intervenci\u00f3n a la Asesor\u00eda. El 7 de septiembre ese traslado lo recibi\u00f3 un empleado o ex empleado de la Asesor\u00eda y ese mismo d\u00eda, 20 minutos despu\u00e9s, se conoci\u00f3 el dictamen de la asesora homologando el acuerdo, atento al inter\u00e9s superior del ni\u00f1o, y diciendo que deb\u00eda dejarse la tutela sin efecto\u201d.<\/h3>\n<h3>Entonces, \u201cen 20 minutos se dictamin\u00f3 que todo estaba bien, no se mir\u00f3 absolutamente nada\u201d, critic\u00f3. \u201cNo vi en ning\u00fan lugar del expediente la firma en papel de la asesora y dif\u00edcilmente est\u00e9 porque quien firm\u00f3 el cargo fue el empleado o exempleado. Del sistema inform\u00e1tico surge que la asesora no entr\u00f3 para ver las exposiciones y las denuncias y que no firm\u00f3 el dictamen, m\u00e1s all\u00e1 que en el encabezado dice Elisa Cat\u00e1n\u2026 El cargo lo firm\u00f3 una persona que fue ella. Es cierto que muchas veces se le puede dictar un dictamen a un empleado, pero eso debe quedar por escrito\u201d.<\/h3>\n<h3>En este marco, Sancho acus\u00f3 a las funcionarias de \u201cincumplimiento reiterado de los deberes inherentes al cargo\u201d y de \u201cincompetencia o negligencia reiterada, demostrada en el ejercicio del cargo\u201d.<\/h3>\n<h3>Tras un breve cuarto intermedio, Pablo Rodr\u00edguez Salto, abogado particular de P\u00e9rez Ballester, tom\u00f3 la palabra y pidi\u00f3 la absoluci\u00f3n de su defendida. Dijo que al juzgado de la acusada \u201cno lleg\u00f3 ninguna informaci\u00f3n advirtiendo sobre situaciones de riesgo para Lucio\u201d y resalt\u00f3 que \u201cno se puede destituir a un funcionario por una cuesti\u00f3n opinable\u201d, sino que debe hac\u00e9rselo cuando se producen errores reiterados, seg\u00fan lo especifica el art\u00edculo 22 de la ley 313.<\/h3>\n<h3>\u201cSi hubo una cosa sola que se hizo mal, eso no podr\u00eda llevar a la destituci\u00f3n (&#8230;) Ac\u00e1 no se actu\u00f3 mal, se actu\u00f3 de acuerdo a lo que se conoc\u00eda y a lo que se pod\u00eda hacer en ese contexto. Si las partes no llevaron indicios (al tribunal), no pidan otra soluci\u00f3n humanamente posible\u201d, argument\u00f3.<\/h3>\n<h3>Rodr\u00edguez Salto, adem\u00e1s, mencion\u00f3 que \u201cno se quebrant\u00f3 el derecho del cuidado personal del padre porque no lo estaba ejerciendo\u201d, que la jueza nunca supo de una presunta foto de Lucio en medio de plantas de marihuana y que \u201ca un ni\u00f1o hay que escucharlo cuando puede generar un juicio sobre el tema de que se trata\u201d. \u201cDebe entender sobre la materia que hay que resolver. En este caso no hubiera tenido utilidad porque Lucio era muy chiquito para que entendiera de qu\u00e9 se trataba\u201d, consider\u00f3.<\/h3>\n<h3>A su turno, las defensoras Carina Ganuza y Ana Carolina D\u00edaz, en representaci\u00f3n de Cat\u00e1n, adhirieron a los dichos y el pedido de absoluci\u00f3n de Rodr\u00edguez Salto. Tambi\u00e9n solicitaron iniciar una causa por falso testimonio contra Ram\u00f3n Dupuy.<\/h3>\n<h3>El veredicto, que podr\u00eda resultar en la destituci\u00f3n de ambas, se espera para este viernes.<\/h3>\n<h3><\/h3>\n<h3><\/h3>\n<h3><\/h3>\n<h3><\/h3>\n","protected":false},"excerpt":{"rendered":"<p>Este martes se desarrollaron los alegatos del juicio contra la jueza y la asesora de&#8230;<\/p>\n","protected":false},"author":1,"featured_media":8655,"comment_status":"closed","ping_status":"closed","sticky":false,"template":"","format":"standard","meta":{"footnotes":""},"categories":[5],"tags":[],"class_list":["post-8654","post","type-post","status-publish","format-standard","has-post-thumbnail","hentry","category-nacionales-internacionales"],"yoast_head":"<!-- This site is optimized with the Yoast SEO plugin v26.1.1 - https:\/\/yoast.com\/wordpress\/plugins\/seo\/ -->\n<title>CASO LUCIO DUPUY: PIDIERON LA DESTITUCI\u00d3N DE LA JUEZA Y LA ASESORA DE MENORES ACUSADAS - Apuntes de San Luis<\/title>\n<meta name=\"robots\" content=\"index, follow, max-snippet:-1, max-image-preview:large, max-video-preview:-1\" \/>\n<link rel=\"canonical\" href=\"https:\/\/apuntesdesanluis.com\/index.php\/2023\/12\/19\/caso-lucio-dupuy-pidieron-la-destitucion-de-la-jueza-y-la-asesora-de-menores-acusadas\/\" \/>\n<meta property=\"og:locale\" content=\"es_ES\" \/>\n<meta property=\"og:type\" content=\"article\" \/>\n<meta property=\"og:title\" content=\"CASO LUCIO DUPUY: PIDIERON LA DESTITUCI\u00d3N DE LA JUEZA Y LA ASESORA DE MENORES ACUSADAS - Apuntes de San Luis\" \/>\n<meta property=\"og:description\" content=\"Este martes se desarrollaron los alegatos del juicio contra la jueza y la asesora de...\" \/>\n<meta property=\"og:url\" content=\"https:\/\/apuntesdesanluis.com\/index.php\/2023\/12\/19\/caso-lucio-dupuy-pidieron-la-destitucion-de-la-jueza-y-la-asesora-de-menores-acusadas\/\" \/>\n<meta property=\"og:site_name\" content=\"Apuntes de San Luis\" \/>\n<meta property=\"article:published_time\" content=\"2023-12-19T19:02:17+00:00\" \/>\n<meta property=\"article:modified_time\" content=\"2023-12-19T19:02:59+00:00\" \/>\n<meta property=\"og:image\" content=\"https:\/\/apuntesdesanluis.com\/wp-content\/uploads\/2023\/12\/CASO-LUCIO-DUPUY.png\" \/>\n\t<meta property=\"og:image:width\" content=\"600\" \/>\n\t<meta property=\"og:image:height\" content=\"332\" \/>\n\t<meta property=\"og:image:type\" content=\"image\/png\" \/>\n<meta name=\"author\" content=\"apuntesdesanluis.com\" \/>\n<meta name=\"twitter:card\" content=\"summary_large_image\" \/>\n<meta name=\"twitter:label1\" content=\"Escrito por\" \/>\n\t<meta name=\"twitter:data1\" content=\"apuntesdesanluis.com\" \/>\n\t<meta name=\"twitter:label2\" content=\"Tiempo de lectura\" \/>\n\t<meta name=\"twitter:data2\" content=\"8 minutos\" \/>\n<script type=\"application\/ld+json\" class=\"yoast-schema-graph\">{\"@context\":\"https:\/\/schema.org\",\"@graph\":[{\"@type\":\"Article\",\"@id\":\"https:\/\/apuntesdesanluis.com\/index.php\/2023\/12\/19\/caso-lucio-dupuy-pidieron-la-destitucion-de-la-jueza-y-la-asesora-de-menores-acusadas\/#article\",\"isPartOf\":{\"@id\":\"https:\/\/apuntesdesanluis.com\/index.php\/2023\/12\/19\/caso-lucio-dupuy-pidieron-la-destitucion-de-la-jueza-y-la-asesora-de-menores-acusadas\/\"},\"author\":{\"name\":\"apuntesdesanluis.com\",\"@id\":\"https:\/\/apuntesdesanluis.com\/#\/schema\/person\/b55151d52296fcce64d1a72538a70b90\"},\"headline\":\"CASO LUCIO DUPUY: PIDIERON LA DESTITUCI\u00d3N DE LA JUEZA Y LA ASESORA DE MENORES ACUSADAS\",\"datePublished\":\"2023-12-19T19:02:17+00:00\",\"dateModified\":\"2023-12-19T19:02:59+00:00\",\"mainEntityOfPage\":{\"@id\":\"https:\/\/apuntesdesanluis.com\/index.php\/2023\/12\/19\/caso-lucio-dupuy-pidieron-la-destitucion-de-la-jueza-y-la-asesora-de-menores-acusadas\/\"},\"wordCount\":1765,\"publisher\":{\"@id\":\"https:\/\/apuntesdesanluis.com\/#\/schema\/person\/b55151d52296fcce64d1a72538a70b90\"},\"image\":{\"@id\":\"https:\/\/apuntesdesanluis.com\/index.php\/2023\/12\/19\/caso-lucio-dupuy-pidieron-la-destitucion-de-la-jueza-y-la-asesora-de-menores-acusadas\/#primaryimage\"},\"thumbnailUrl\":\"https:\/\/apuntesdesanluis.com\/wp-content\/uploads\/2023\/12\/CASO-LUCIO-DUPUY.png\",\"articleSection\":[\"Nacionales\/Internacionales\"],\"inLanguage\":\"es-AR\"},{\"@type\":\"WebPage\",\"@id\":\"https:\/\/apuntesdesanluis.com\/index.php\/2023\/12\/19\/caso-lucio-dupuy-pidieron-la-destitucion-de-la-jueza-y-la-asesora-de-menores-acusadas\/\",\"url\":\"https:\/\/apuntesdesanluis.com\/index.php\/2023\/12\/19\/caso-lucio-dupuy-pidieron-la-destitucion-de-la-jueza-y-la-asesora-de-menores-acusadas\/\",\"name\":\"CASO LUCIO DUPUY: PIDIERON LA DESTITUCI\u00d3N DE LA JUEZA Y LA ASESORA DE MENORES ACUSADAS - Apuntes de San Luis\",\"isPartOf\":{\"@id\":\"https:\/\/apuntesdesanluis.com\/#website\"},\"primaryImageOfPage\":{\"@id\":\"https:\/\/apuntesdesanluis.com\/index.php\/2023\/12\/19\/caso-lucio-dupuy-pidieron-la-destitucion-de-la-jueza-y-la-asesora-de-menores-acusadas\/#primaryimage\"},\"image\":{\"@id\":\"https:\/\/apuntesdesanluis.com\/index.php\/2023\/12\/19\/caso-lucio-dupuy-pidieron-la-destitucion-de-la-jueza-y-la-asesora-de-menores-acusadas\/#primaryimage\"},\"thumbnailUrl\":\"https:\/\/apuntesdesanluis.com\/wp-content\/uploads\/2023\/12\/CASO-LUCIO-DUPUY.png\",\"datePublished\":\"2023-12-19T19:02:17+00:00\",\"dateModified\":\"2023-12-19T19:02:59+00:00\",\"breadcrumb\":{\"@id\":\"https:\/\/apuntesdesanluis.com\/index.php\/2023\/12\/19\/caso-lucio-dupuy-pidieron-la-destitucion-de-la-jueza-y-la-asesora-de-menores-acusadas\/#breadcrumb\"},\"inLanguage\":\"es-AR\",\"potentialAction\":[{\"@type\":\"ReadAction\",\"target\":[\"https:\/\/apuntesdesanluis.com\/index.php\/2023\/12\/19\/caso-lucio-dupuy-pidieron-la-destitucion-de-la-jueza-y-la-asesora-de-menores-acusadas\/\"]}]},{\"@type\":\"ImageObject\",\"inLanguage\":\"es-AR\",\"@id\":\"https:\/\/apuntesdesanluis.com\/index.php\/2023\/12\/19\/caso-lucio-dupuy-pidieron-la-destitucion-de-la-jueza-y-la-asesora-de-menores-acusadas\/#primaryimage\",\"url\":\"https:\/\/apuntesdesanluis.com\/wp-content\/uploads\/2023\/12\/CASO-LUCIO-DUPUY.png\",\"contentUrl\":\"https:\/\/apuntesdesanluis.com\/wp-content\/uploads\/2023\/12\/CASO-LUCIO-DUPUY.png\",\"width\":600,\"height\":332},{\"@type\":\"BreadcrumbList\",\"@id\":\"https:\/\/apuntesdesanluis.com\/index.php\/2023\/12\/19\/caso-lucio-dupuy-pidieron-la-destitucion-de-la-jueza-y-la-asesora-de-menores-acusadas\/#breadcrumb\",\"itemListElement\":[{\"@type\":\"ListItem\",\"position\":1,\"name\":\"Inicio\",\"item\":\"https:\/\/apuntesdesanluis.com\/\"},{\"@type\":\"ListItem\",\"position\":2,\"name\":\"CASO LUCIO DUPUY: PIDIERON LA DESTITUCI\u00d3N DE LA JUEZA Y LA ASESORA DE MENORES ACUSADAS\"}]},{\"@type\":\"WebSite\",\"@id\":\"https:\/\/apuntesdesanluis.com\/#website\",\"url\":\"https:\/\/apuntesdesanluis.com\/\",\"name\":\"Apuntes de San Luis\",\"description\":\"\",\"publisher\":{\"@id\":\"https:\/\/apuntesdesanluis.com\/#\/schema\/person\/b55151d52296fcce64d1a72538a70b90\"},\"potentialAction\":[{\"@type\":\"SearchAction\",\"target\":{\"@type\":\"EntryPoint\",\"urlTemplate\":\"https:\/\/apuntesdesanluis.com\/?s={search_term_string}\"},\"query-input\":{\"@type\":\"PropertyValueSpecification\",\"valueRequired\":true,\"valueName\":\"search_term_string\"}}],\"inLanguage\":\"es-AR\"},{\"@type\":[\"Person\",\"Organization\"],\"@id\":\"https:\/\/apuntesdesanluis.com\/#\/schema\/person\/b55151d52296fcce64d1a72538a70b90\",\"name\":\"apuntesdesanluis.com\",\"image\":{\"@type\":\"ImageObject\",\"inLanguage\":\"es-AR\",\"@id\":\"https:\/\/apuntesdesanluis.com\/#\/schema\/person\/image\/\",\"url\":\"https:\/\/apuntesdesanluis.com\/wp-content\/uploads\/2023\/07\/cropped-apuntesdesanluis.png\",\"contentUrl\":\"https:\/\/apuntesdesanluis.com\/wp-content\/uploads\/2023\/07\/cropped-apuntesdesanluis.png\",\"width\":450,\"height\":112,\"caption\":\"apuntesdesanluis.com\"},\"logo\":{\"@id\":\"https:\/\/apuntesdesanluis.com\/#\/schema\/person\/image\/\"},\"sameAs\":[\"https:\/\/apuntesdesanluis.com\"],\"url\":\"https:\/\/apuntesdesanluis.com\/index.php\/author\/apuntesdesanluis-com\/\"}]}<\/script>\n<!-- \/ Yoast SEO plugin. -->","yoast_head_json":{"title":"CASO LUCIO DUPUY: PIDIERON LA DESTITUCI\u00d3N DE LA JUEZA Y LA ASESORA DE MENORES ACUSADAS - Apuntes de San Luis","robots":{"index":"index","follow":"follow","max-snippet":"max-snippet:-1","max-image-preview":"max-image-preview:large","max-video-preview":"max-video-preview:-1"},"canonical":"https:\/\/apuntesdesanluis.com\/index.php\/2023\/12\/19\/caso-lucio-dupuy-pidieron-la-destitucion-de-la-jueza-y-la-asesora-de-menores-acusadas\/","og_locale":"es_ES","og_type":"article","og_title":"CASO LUCIO DUPUY: PIDIERON LA DESTITUCI\u00d3N DE LA JUEZA Y LA ASESORA DE MENORES ACUSADAS - Apuntes de San Luis","og_description":"Este martes se desarrollaron los alegatos del juicio contra la jueza y la asesora de...","og_url":"https:\/\/apuntesdesanluis.com\/index.php\/2023\/12\/19\/caso-lucio-dupuy-pidieron-la-destitucion-de-la-jueza-y-la-asesora-de-menores-acusadas\/","og_site_name":"Apuntes de San Luis","article_published_time":"2023-12-19T19:02:17+00:00","article_modified_time":"2023-12-19T19:02:59+00:00","og_image":[{"width":600,"height":332,"url":"https:\/\/apuntesdesanluis.com\/wp-content\/uploads\/2023\/12\/CASO-LUCIO-DUPUY.png","type":"image\/png"}],"author":"apuntesdesanluis.com","twitter_card":"summary_large_image","twitter_misc":{"Escrito por":"apuntesdesanluis.com","Tiempo de lectura":"8 minutos"},"schema":{"@context":"https:\/\/schema.org","@graph":[{"@type":"Article","@id":"https:\/\/apuntesdesanluis.com\/index.php\/2023\/12\/19\/caso-lucio-dupuy-pidieron-la-destitucion-de-la-jueza-y-la-asesora-de-menores-acusadas\/#article","isPartOf":{"@id":"https:\/\/apuntesdesanluis.com\/index.php\/2023\/12\/19\/caso-lucio-dupuy-pidieron-la-destitucion-de-la-jueza-y-la-asesora-de-menores-acusadas\/"},"author":{"name":"apuntesdesanluis.com","@id":"https:\/\/apuntesdesanluis.com\/#\/schema\/person\/b55151d52296fcce64d1a72538a70b90"},"headline":"CASO LUCIO DUPUY: PIDIERON LA DESTITUCI\u00d3N DE LA JUEZA Y LA ASESORA DE MENORES ACUSADAS","datePublished":"2023-12-19T19:02:17+00:00","dateModified":"2023-12-19T19:02:59+00:00","mainEntityOfPage":{"@id":"https:\/\/apuntesdesanluis.com\/index.php\/2023\/12\/19\/caso-lucio-dupuy-pidieron-la-destitucion-de-la-jueza-y-la-asesora-de-menores-acusadas\/"},"wordCount":1765,"publisher":{"@id":"https:\/\/apuntesdesanluis.com\/#\/schema\/person\/b55151d52296fcce64d1a72538a70b90"},"image":{"@id":"https:\/\/apuntesdesanluis.com\/index.php\/2023\/12\/19\/caso-lucio-dupuy-pidieron-la-destitucion-de-la-jueza-y-la-asesora-de-menores-acusadas\/#primaryimage"},"thumbnailUrl":"https:\/\/apuntesdesanluis.com\/wp-content\/uploads\/2023\/12\/CASO-LUCIO-DUPUY.png","articleSection":["Nacionales\/Internacionales"],"inLanguage":"es-AR"},{"@type":"WebPage","@id":"https:\/\/apuntesdesanluis.com\/index.php\/2023\/12\/19\/caso-lucio-dupuy-pidieron-la-destitucion-de-la-jueza-y-la-asesora-de-menores-acusadas\/","url":"https:\/\/apuntesdesanluis.com\/index.php\/2023\/12\/19\/caso-lucio-dupuy-pidieron-la-destitucion-de-la-jueza-y-la-asesora-de-menores-acusadas\/","name":"CASO LUCIO DUPUY: PIDIERON LA DESTITUCI\u00d3N DE LA JUEZA Y LA ASESORA DE MENORES ACUSADAS - Apuntes de San Luis","isPartOf":{"@id":"https:\/\/apuntesdesanluis.com\/#website"},"primaryImageOfPage":{"@id":"https:\/\/apuntesdesanluis.com\/index.php\/2023\/12\/19\/caso-lucio-dupuy-pidieron-la-destitucion-de-la-jueza-y-la-asesora-de-menores-acusadas\/#primaryimage"},"image":{"@id":"https:\/\/apuntesdesanluis.com\/index.php\/2023\/12\/19\/caso-lucio-dupuy-pidieron-la-destitucion-de-la-jueza-y-la-asesora-de-menores-acusadas\/#primaryimage"},"thumbnailUrl":"https:\/\/apuntesdesanluis.com\/wp-content\/uploads\/2023\/12\/CASO-LUCIO-DUPUY.png","datePublished":"2023-12-19T19:02:17+00:00","dateModified":"2023-12-19T19:02:59+00:00","breadcrumb":{"@id":"https:\/\/apuntesdesanluis.com\/index.php\/2023\/12\/19\/caso-lucio-dupuy-pidieron-la-destitucion-de-la-jueza-y-la-asesora-de-menores-acusadas\/#breadcrumb"},"inLanguage":"es-AR","potentialAction":[{"@type":"ReadAction","target":["https:\/\/apuntesdesanluis.com\/index.php\/2023\/12\/19\/caso-lucio-dupuy-pidieron-la-destitucion-de-la-jueza-y-la-asesora-de-menores-acusadas\/"]}]},{"@type":"ImageObject","inLanguage":"es-AR","@id":"https:\/\/apuntesdesanluis.com\/index.php\/2023\/12\/19\/caso-lucio-dupuy-pidieron-la-destitucion-de-la-jueza-y-la-asesora-de-menores-acusadas\/#primaryimage","url":"https:\/\/apuntesdesanluis.com\/wp-content\/uploads\/2023\/12\/CASO-LUCIO-DUPUY.png","contentUrl":"https:\/\/apuntesdesanluis.com\/wp-content\/uploads\/2023\/12\/CASO-LUCIO-DUPUY.png","width":600,"height":332},{"@type":"BreadcrumbList","@id":"https:\/\/apuntesdesanluis.com\/index.php\/2023\/12\/19\/caso-lucio-dupuy-pidieron-la-destitucion-de-la-jueza-y-la-asesora-de-menores-acusadas\/#breadcrumb","itemListElement":[{"@type":"ListItem","position":1,"name":"Inicio","item":"https:\/\/apuntesdesanluis.com\/"},{"@type":"ListItem","position":2,"name":"CASO LUCIO DUPUY: PIDIERON LA DESTITUCI\u00d3N DE LA JUEZA Y LA ASESORA DE MENORES ACUSADAS"}]},{"@type":"WebSite","@id":"https:\/\/apuntesdesanluis.com\/#website","url":"https:\/\/apuntesdesanluis.com\/","name":"Apuntes de San Luis","description":"","publisher":{"@id":"https:\/\/apuntesdesanluis.com\/#\/schema\/person\/b55151d52296fcce64d1a72538a70b90"},"potentialAction":[{"@type":"SearchAction","target":{"@type":"EntryPoint","urlTemplate":"https:\/\/apuntesdesanluis.com\/?s={search_term_string}"},"query-input":{"@type":"PropertyValueSpecification","valueRequired":true,"valueName":"search_term_string"}}],"inLanguage":"es-AR"},{"@type":["Person","Organization"],"@id":"https:\/\/apuntesdesanluis.com\/#\/schema\/person\/b55151d52296fcce64d1a72538a70b90","name":"apuntesdesanluis.com","image":{"@type":"ImageObject","inLanguage":"es-AR","@id":"https:\/\/apuntesdesanluis.com\/#\/schema\/person\/image\/","url":"https:\/\/apuntesdesanluis.com\/wp-content\/uploads\/2023\/07\/cropped-apuntesdesanluis.png","contentUrl":"https:\/\/apuntesdesanluis.com\/wp-content\/uploads\/2023\/07\/cropped-apuntesdesanluis.png","width":450,"height":112,"caption":"apuntesdesanluis.com"},"logo":{"@id":"https:\/\/apuntesdesanluis.com\/#\/schema\/person\/image\/"},"sameAs":["https:\/\/apuntesdesanluis.com"],"url":"https:\/\/apuntesdesanluis.com\/index.php\/author\/apuntesdesanluis-com\/"}]}},"featured_image_urls":{"full":["https:\/\/apuntesdesanluis.com\/wp-content\/uploads\/2023\/12\/CASO-LUCIO-DUPUY.png",600,332,false],"thumbnail":["https:\/\/apuntesdesanluis.com\/wp-content\/uploads\/2023\/12\/CASO-LUCIO-DUPUY-150x150.png",150,150,true],"medium":["https:\/\/apuntesdesanluis.com\/wp-content\/uploads\/2023\/12\/CASO-LUCIO-DUPUY-300x166.png",300,166,true],"medium_large":["https:\/\/apuntesdesanluis.com\/wp-content\/uploads\/2023\/12\/CASO-LUCIO-DUPUY.png",600,332,false],"large":["https:\/\/apuntesdesanluis.com\/wp-content\/uploads\/2023\/12\/CASO-LUCIO-DUPUY.png",600,332,false],"1536x1536":["https:\/\/apuntesdesanluis.com\/wp-content\/uploads\/2023\/12\/CASO-LUCIO-DUPUY.png",600,332,false],"2048x2048":["https:\/\/apuntesdesanluis.com\/wp-content\/uploads\/2023\/12\/CASO-LUCIO-DUPUY.png",600,332,false],"newsever-slider-full":["https:\/\/apuntesdesanluis.com\/wp-content\/uploads\/2023\/12\/CASO-LUCIO-DUPUY.png",600,332,false],"newsever-featured":["https:\/\/apuntesdesanluis.com\/wp-content\/uploads\/2023\/12\/CASO-LUCIO-DUPUY.png",600,332,false],"newsever-medium":["https:\/\/apuntesdesanluis.com\/wp-content\/uploads\/2023\/12\/CASO-LUCIO-DUPUY.png",600,332,false]},"author_info":{"display_name":"apuntesdesanluis.com","author_link":"https:\/\/apuntesdesanluis.com\/index.php\/author\/apuntesdesanluis-com\/"},"category_info":"<a href=\"https:\/\/apuntesdesanluis.com\/index.php\/category\/nacionales-internacionales\/\" rel=\"category tag\">Nacionales\/Internacionales<\/a>","tag_info":"Nacionales\/Internacionales","comment_count":"0","_links":{"self":[{"href":"https:\/\/apuntesdesanluis.com\/index.php\/wp-json\/wp\/v2\/posts\/8654","targetHints":{"allow":["GET"]}}],"collection":[{"href":"https:\/\/apuntesdesanluis.com\/index.php\/wp-json\/wp\/v2\/posts"}],"about":[{"href":"https:\/\/apuntesdesanluis.com\/index.php\/wp-json\/wp\/v2\/types\/post"}],"author":[{"embeddable":true,"href":"https:\/\/apuntesdesanluis.com\/index.php\/wp-json\/wp\/v2\/users\/1"}],"replies":[{"embeddable":true,"href":"https:\/\/apuntesdesanluis.com\/index.php\/wp-json\/wp\/v2\/comments?post=8654"}],"version-history":[{"count":2,"href":"https:\/\/apuntesdesanluis.com\/index.php\/wp-json\/wp\/v2\/posts\/8654\/revisions"}],"predecessor-version":[{"id":8659,"href":"https:\/\/apuntesdesanluis.com\/index.php\/wp-json\/wp\/v2\/posts\/8654\/revisions\/8659"}],"wp:featuredmedia":[{"embeddable":true,"href":"https:\/\/apuntesdesanluis.com\/index.php\/wp-json\/wp\/v2\/media\/8655"}],"wp:attachment":[{"href":"https:\/\/apuntesdesanluis.com\/index.php\/wp-json\/wp\/v2\/media?parent=8654"}],"wp:term":[{"taxonomy":"category","embeddable":true,"href":"https:\/\/apuntesdesanluis.com\/index.php\/wp-json\/wp\/v2\/categories?post=8654"},{"taxonomy":"post_tag","embeddable":true,"href":"https:\/\/apuntesdesanluis.com\/index.php\/wp-json\/wp\/v2\/tags?post=8654"}],"curies":[{"name":"wp","href":"https:\/\/api.w.org\/{rel}","templated":true}]}}