{"id":8662,"date":"2023-12-19T16:19:26","date_gmt":"2023-12-19T19:19:26","guid":{"rendered":"https:\/\/apuntesdesanluis.com\/?p=8662"},"modified":"2023-12-19T16:59:04","modified_gmt":"2023-12-19T19:59:04","slug":"milei-confirmo-a-los-gobernadores-que-restablecera-el-impuesto-a-las-ganancias-por-un-ano","status":"publish","type":"post","link":"https:\/\/apuntesdesanluis.com\/index.php\/2023\/12\/19\/milei-confirmo-a-los-gobernadores-que-restablecera-el-impuesto-a-las-ganancias-por-un-ano\/","title":{"rendered":"MILEI CONFIRM\u00d3 A LOS GOBERNADORES QUE RESTABLECER\u00c1 EL IMPUESTO A LAS GANANCIAS POR UN A\u00d1O"},"content":{"rendered":"<h3>Sin tel\u00e9fonos celulares y con asistencia perfecta, los 24 mandatarios provinciales protagonizaron la primera reuni\u00f3n con el Presidente en el Sal\u00f3n Eva Per\u00f3n de la Casa Rosada.<\/h3>\n<h3>El presidente <strong>Javier Milei<\/strong> se reuni\u00f3 hoy en Casa Rosada con los 24 gobernadores del pa\u00eds para analizar la situaci\u00f3n de las provincias en medio de la delicada situaci\u00f3n econ\u00f3mica del pa\u00eds y accedi\u00f3 a reinstalar el Impuesto a las Ganancias para compensar la ca\u00edda de la recaudaci\u00f3n de los distritos por la casi eliminaci\u00f3n de ese gravamen, aunque se aclar\u00f3 que ser\u00e1 por un a\u00f1o.<\/h3>\n<h3>El presidente pidi\u00f3 este martes a los gobernadores apoyo para el paquete de leyes que enviar\u00e1 esta semana al Parlamento con el fin de impulsar reformas econ\u00f3micas, a la vez que ofreci\u00f3 el respaldo de la Naci\u00f3n para enfrentar las problem\u00e1ticas de cada provincia.<\/p>\n<p>Esos fueron los ejes de la reuni\u00f3n que Milei celebr\u00f3 en la Casa Rosada con los gobernadores de las 23 provincias argentinas y de la ciudad de Buenos Aires, la primera desde que asumi\u00f3 el poder el pasado 10 de de diciembre.<\/h3>\n<h3>Los mandatarios provinciales de todos los colores pol\u00edticos protagonizaron la primera reuni\u00f3n de la era Milei, que se extendi\u00f3 por dos horas y media y donde escucharon los lineamientos del mandatario, mientras que tambi\u00e9n expusieron sus pedidos con un tiempo de cinco minutos por turno.<\/h3>\n<h3>&#8220;Los gobernadores plantearon el problema del desfinanciamiento por la p\u00e9rdida del Impuesto a las Ganancias y la rebaja del IVA y el Presidente se comprometi\u00f3 a resolverlo. Se va revertir durante un a\u00f1o en relaci\u00f3n al Presupuesto (septiembre a septiembre)&#8221;, indicaron fuentes de Presidencia tras el encuentro.<\/h3>\n<h3>La baja del Impuesto a las Ganancias fue impulsada por el ex candidato presidencial del peronismo, <strong>Sergio Massa<\/strong>, y votada por la mayor\u00eda de los legisladores que responden a gobernadores de Uni\u00f3n por la Patria en plena campa\u00f1a.<\/h3>\n<h3>Pero sorpresivamente tambi\u00e9n la iniciativa fue votada por el entonces diputado <strong>Milei<\/strong>, rival de Massa en la contienda electoral, quien cuando dio su discurso en el tratamiento del proyecto argument\u00f3 que <strong>por su ideolog\u00eda liberal-libertaria apoyar\u00eda todo lo que implique reducir o eliminar impuestos<\/strong>.<\/h3>\n<h3>El regreso de Ganancias cerrar\u00e1 definitivamente la puerta a la alternativa que propon\u00edan los gobernadores de que la Naci\u00f3n coparticipe lo que recauda por el Impuesto al Cheque para compensarlos, lo que significaba una merma de ingresos para las arcas nacionales.<\/h3>\n<h3>Milei recibi\u00f3 por primera vez a los 24 gobernadores del pa\u00eds en el Sal\u00f3n Eva Per\u00f3n de la Casa Rosada. El intercambio gener\u00f3 expectativas en el Gobierno que ley\u00f3 como \u201cun gui\u00f1o\u201d al mandatario la asistencia perfecta.<\/h3>\n<h3>Al t\u00e9rmino de la reuni\u00f3n hubo una declaraci\u00f3n, sin preguntas de la prensa, del ministro del Interior, Guillermo Francos, y los gobernadores S\u00e1enz, Llaryora y Jalil.<\/h3>\n<p><iframe title=\"Francos asegur\u00f3 que la reuni\u00f3n de Milei con gobernadores fue &quot;de comprensi\u00f3n mutua&quot;\" width=\"640\" height=\"360\" src=\"https:\/\/www.youtube.com\/embed\/HZspKWexf9I?feature=oembed\" frameborder=\"0\" allow=\"accelerometer; autoplay; clipboard-write; encrypted-media; gyroscope; picture-in-picture; web-share\" referrerpolicy=\"strict-origin-when-cross-origin\" allowfullscreen><\/iframe><\/p>\n<h3>Los gobernadores ingresaron de a uno al sal\u00f3n, con carpetas celestes y sin celulares lo que desde el Gobierno califican como \u201cuna pr\u00e1ctica habitual\u201d que se utiliza para entrevistarse con el mandatario.<\/h3>\n<h3>Por el peronismo asistieron los gobernadores de Buenos Aires, Axel Kicillof; de Catamarca, Ra\u00fal Jalil; de Formosa, Gildo Insfr\u00e1n; de La Pampa, Sergio Ziliotto; de Santiago del Estero, Gerardo Zamora; de Tucum\u00e1n, Osvaldo Jaldo; de Tierra del Fuego, Gustavo Melella; de Misiones, Hugo Passalacqua y de la Rioja, Ricardo Quintela.<\/h3>\n<h3>Dieron el presente tambi\u00e9n los independientes: Alberto Weretilneck (R\u00edo Negro), Rolando Figueroa (Neuqu\u00e9n), <strong>Claudio Poggi<\/strong> (San Luis), Claudio Vidal (Santa Cruz), Marcelo Orrego (San Juan), Gustavo S\u00e1enz (Salta), y Mart\u00edn Llaryora (C\u00f3rdoba).<\/h3>\n<h3>Completaron la delegaci\u00f3n los opositores de la Uni\u00f3n C\u00edvica Radical (UCR) encabezados por Alfredo Cornejo (Mendoza) junto a Maximiliano Pullaro (Santa Fe), Leandro Zdero (Chaco), Gustavo Vald\u00e9s (Corrientes) y Carlos Sadir (Jujuy), y del PRO, Jorge Macri (CABA), Rogelio Frigerio (Entre R\u00edos) e Ignacio Torres (Chubut).<\/h3>\n<h3>El Presidente asisti\u00f3 acompa\u00f1ado de una delegaci\u00f3n compuesta por la vicepresidenta Victoria Villarruel; la secretaria General de la Presidencia, Karina Milei; el jefe de Gabinete, Nicol\u00e1s Posse; el ministro Francos y el titular de la C\u00e1mara de Diputados, Mart\u00edn Menem.<\/h3>\n<h3>Con el Decreto de Necesidad y Urgencia (DNU) y el paquete de leyes en la cocina, el jefe de Estado intentar\u00e1 sumar el apoyo legislativo de todos los bloques para aprobar en el Congreso sus reformas.<\/h3>\n<p>&nbsp;<\/p>\n<p>&nbsp;<\/p>\n<p>&nbsp;<\/p>\n","protected":false},"excerpt":{"rendered":"<p>Sin tel\u00e9fonos celulares y con asistencia perfecta, los 24 mandatarios provinciales protagonizaron la primera reuni\u00f3n&#8230;<\/p>\n","protected":false},"author":1,"featured_media":8663,"comment_status":"closed","ping_status":"closed","sticky":false,"template":"","format":"standard","meta":{"footnotes":""},"categories":[5],"tags":[],"class_list":["post-8662","post","type-post","status-publish","format-standard","has-post-thumbnail","hentry","category-nacionales-internacionales"],"yoast_head":"<!-- This site is optimized with the Yoast SEO plugin v26.1.1 - https:\/\/yoast.com\/wordpress\/plugins\/seo\/ -->\n<title>MILEI CONFIRM\u00d3 A LOS GOBERNADORES QUE RESTABLECER\u00c1 EL IMPUESTO A LAS GANANCIAS POR UN A\u00d1O - Apuntes de San Luis<\/title>\n<meta name=\"robots\" content=\"index, follow, max-snippet:-1, max-image-preview:large, max-video-preview:-1\" \/>\n<link rel=\"canonical\" href=\"https:\/\/apuntesdesanluis.com\/index.php\/2023\/12\/19\/milei-confirmo-a-los-gobernadores-que-restablecera-el-impuesto-a-las-ganancias-por-un-ano\/\" \/>\n<meta property=\"og:locale\" content=\"es_ES\" \/>\n<meta property=\"og:type\" content=\"article\" \/>\n<meta property=\"og:title\" content=\"MILEI CONFIRM\u00d3 A LOS GOBERNADORES QUE RESTABLECER\u00c1 EL IMPUESTO A LAS GANANCIAS POR UN A\u00d1O - Apuntes de San Luis\" \/>\n<meta property=\"og:description\" content=\"Sin tel\u00e9fonos celulares y con asistencia perfecta, los 24 mandatarios provinciales protagonizaron la primera reuni\u00f3n...\" \/>\n<meta property=\"og:url\" content=\"https:\/\/apuntesdesanluis.com\/index.php\/2023\/12\/19\/milei-confirmo-a-los-gobernadores-que-restablecera-el-impuesto-a-las-ganancias-por-un-ano\/\" \/>\n<meta property=\"og:site_name\" content=\"Apuntes de San Luis\" \/>\n<meta property=\"article:published_time\" content=\"2023-12-19T19:19:26+00:00\" \/>\n<meta property=\"article:modified_time\" content=\"2023-12-19T19:59:04+00:00\" \/>\n<meta property=\"og:image\" content=\"https:\/\/apuntesdesanluis.com\/wp-content\/uploads\/2023\/12\/GOBERNADORES-CON-MILEI.png\" \/>\n\t<meta property=\"og:image:width\" content=\"600\" \/>\n\t<meta property=\"og:image:height\" content=\"331\" \/>\n\t<meta property=\"og:image:type\" content=\"image\/png\" \/>\n<meta name=\"author\" content=\"apuntesdesanluis.com\" \/>\n<meta name=\"twitter:card\" content=\"summary_large_image\" \/>\n<meta name=\"twitter:label1\" content=\"Escrito por\" \/>\n\t<meta name=\"twitter:data1\" content=\"apuntesdesanluis.com\" \/>\n\t<meta name=\"twitter:label2\" content=\"Tiempo de lectura\" \/>\n\t<meta name=\"twitter:data2\" content=\"4 minutos\" \/>\n<script type=\"application\/ld+json\" class=\"yoast-schema-graph\">{\"@context\":\"https:\/\/schema.org\",\"@graph\":[{\"@type\":\"Article\",\"@id\":\"https:\/\/apuntesdesanluis.com\/index.php\/2023\/12\/19\/milei-confirmo-a-los-gobernadores-que-restablecera-el-impuesto-a-las-ganancias-por-un-ano\/#article\",\"isPartOf\":{\"@id\":\"https:\/\/apuntesdesanluis.com\/index.php\/2023\/12\/19\/milei-confirmo-a-los-gobernadores-que-restablecera-el-impuesto-a-las-ganancias-por-un-ano\/\"},\"author\":{\"name\":\"apuntesdesanluis.com\",\"@id\":\"https:\/\/apuntesdesanluis.com\/#\/schema\/person\/b55151d52296fcce64d1a72538a70b90\"},\"headline\":\"MILEI CONFIRM\u00d3 A LOS GOBERNADORES QUE RESTABLECER\u00c1 EL IMPUESTO A LAS GANANCIAS POR UN A\u00d1O\",\"datePublished\":\"2023-12-19T19:19:26+00:00\",\"dateModified\":\"2023-12-19T19:59:04+00:00\",\"mainEntityOfPage\":{\"@id\":\"https:\/\/apuntesdesanluis.com\/index.php\/2023\/12\/19\/milei-confirmo-a-los-gobernadores-que-restablecera-el-impuesto-a-las-ganancias-por-un-ano\/\"},\"wordCount\":774,\"publisher\":{\"@id\":\"https:\/\/apuntesdesanluis.com\/#\/schema\/person\/b55151d52296fcce64d1a72538a70b90\"},\"image\":{\"@id\":\"https:\/\/apuntesdesanluis.com\/index.php\/2023\/12\/19\/milei-confirmo-a-los-gobernadores-que-restablecera-el-impuesto-a-las-ganancias-por-un-ano\/#primaryimage\"},\"thumbnailUrl\":\"https:\/\/apuntesdesanluis.com\/wp-content\/uploads\/2023\/12\/GOBERNADORES-CON-MILEI.png\",\"articleSection\":[\"Nacionales\/Internacionales\"],\"inLanguage\":\"es-AR\"},{\"@type\":\"WebPage\",\"@id\":\"https:\/\/apuntesdesanluis.com\/index.php\/2023\/12\/19\/milei-confirmo-a-los-gobernadores-que-restablecera-el-impuesto-a-las-ganancias-por-un-ano\/\",\"url\":\"https:\/\/apuntesdesanluis.com\/index.php\/2023\/12\/19\/milei-confirmo-a-los-gobernadores-que-restablecera-el-impuesto-a-las-ganancias-por-un-ano\/\",\"name\":\"MILEI CONFIRM\u00d3 A LOS GOBERNADORES QUE RESTABLECER\u00c1 EL IMPUESTO A LAS GANANCIAS POR UN A\u00d1O - Apuntes de San Luis\",\"isPartOf\":{\"@id\":\"https:\/\/apuntesdesanluis.com\/#website\"},\"primaryImageOfPage\":{\"@id\":\"https:\/\/apuntesdesanluis.com\/index.php\/2023\/12\/19\/milei-confirmo-a-los-gobernadores-que-restablecera-el-impuesto-a-las-ganancias-por-un-ano\/#primaryimage\"},\"image\":{\"@id\":\"https:\/\/apuntesdesanluis.com\/index.php\/2023\/12\/19\/milei-confirmo-a-los-gobernadores-que-restablecera-el-impuesto-a-las-ganancias-por-un-ano\/#primaryimage\"},\"thumbnailUrl\":\"https:\/\/apuntesdesanluis.com\/wp-content\/uploads\/2023\/12\/GOBERNADORES-CON-MILEI.png\",\"datePublished\":\"2023-12-19T19:19:26+00:00\",\"dateModified\":\"2023-12-19T19:59:04+00:00\",\"breadcrumb\":{\"@id\":\"https:\/\/apuntesdesanluis.com\/index.php\/2023\/12\/19\/milei-confirmo-a-los-gobernadores-que-restablecera-el-impuesto-a-las-ganancias-por-un-ano\/#breadcrumb\"},\"inLanguage\":\"es-AR\",\"potentialAction\":[{\"@type\":\"ReadAction\",\"target\":[\"https:\/\/apuntesdesanluis.com\/index.php\/2023\/12\/19\/milei-confirmo-a-los-gobernadores-que-restablecera-el-impuesto-a-las-ganancias-por-un-ano\/\"]}]},{\"@type\":\"ImageObject\",\"inLanguage\":\"es-AR\",\"@id\":\"https:\/\/apuntesdesanluis.com\/index.php\/2023\/12\/19\/milei-confirmo-a-los-gobernadores-que-restablecera-el-impuesto-a-las-ganancias-por-un-ano\/#primaryimage\",\"url\":\"https:\/\/apuntesdesanluis.com\/wp-content\/uploads\/2023\/12\/GOBERNADORES-CON-MILEI.png\",\"contentUrl\":\"https:\/\/apuntesdesanluis.com\/wp-content\/uploads\/2023\/12\/GOBERNADORES-CON-MILEI.png\",\"width\":600,\"height\":331},{\"@type\":\"BreadcrumbList\",\"@id\":\"https:\/\/apuntesdesanluis.com\/index.php\/2023\/12\/19\/milei-confirmo-a-los-gobernadores-que-restablecera-el-impuesto-a-las-ganancias-por-un-ano\/#breadcrumb\",\"itemListElement\":[{\"@type\":\"ListItem\",\"position\":1,\"name\":\"Inicio\",\"item\":\"https:\/\/apuntesdesanluis.com\/\"},{\"@type\":\"ListItem\",\"position\":2,\"name\":\"MILEI CONFIRM\u00d3 A LOS GOBERNADORES QUE RESTABLECER\u00c1 EL IMPUESTO A LAS GANANCIAS POR UN A\u00d1O\"}]},{\"@type\":\"WebSite\",\"@id\":\"https:\/\/apuntesdesanluis.com\/#website\",\"url\":\"https:\/\/apuntesdesanluis.com\/\",\"name\":\"Apuntes de San Luis\",\"description\":\"\",\"publisher\":{\"@id\":\"https:\/\/apuntesdesanluis.com\/#\/schema\/person\/b55151d52296fcce64d1a72538a70b90\"},\"potentialAction\":[{\"@type\":\"SearchAction\",\"target\":{\"@type\":\"EntryPoint\",\"urlTemplate\":\"https:\/\/apuntesdesanluis.com\/?s={search_term_string}\"},\"query-input\":{\"@type\":\"PropertyValueSpecification\",\"valueRequired\":true,\"valueName\":\"search_term_string\"}}],\"inLanguage\":\"es-AR\"},{\"@type\":[\"Person\",\"Organization\"],\"@id\":\"https:\/\/apuntesdesanluis.com\/#\/schema\/person\/b55151d52296fcce64d1a72538a70b90\",\"name\":\"apuntesdesanluis.com\",\"image\":{\"@type\":\"ImageObject\",\"inLanguage\":\"es-AR\",\"@id\":\"https:\/\/apuntesdesanluis.com\/#\/schema\/person\/image\/\",\"url\":\"https:\/\/apuntesdesanluis.com\/wp-content\/uploads\/2023\/07\/cropped-apuntesdesanluis.png\",\"contentUrl\":\"https:\/\/apuntesdesanluis.com\/wp-content\/uploads\/2023\/07\/cropped-apuntesdesanluis.png\",\"width\":450,\"height\":112,\"caption\":\"apuntesdesanluis.com\"},\"logo\":{\"@id\":\"https:\/\/apuntesdesanluis.com\/#\/schema\/person\/image\/\"},\"sameAs\":[\"https:\/\/apuntesdesanluis.com\"],\"url\":\"https:\/\/apuntesdesanluis.com\/index.php\/author\/apuntesdesanluis-com\/\"}]}<\/script>\n<!-- \/ Yoast SEO plugin. -->","yoast_head_json":{"title":"MILEI CONFIRM\u00d3 A LOS GOBERNADORES QUE RESTABLECER\u00c1 EL IMPUESTO A LAS GANANCIAS POR UN A\u00d1O - Apuntes de San Luis","robots":{"index":"index","follow":"follow","max-snippet":"max-snippet:-1","max-image-preview":"max-image-preview:large","max-video-preview":"max-video-preview:-1"},"canonical":"https:\/\/apuntesdesanluis.com\/index.php\/2023\/12\/19\/milei-confirmo-a-los-gobernadores-que-restablecera-el-impuesto-a-las-ganancias-por-un-ano\/","og_locale":"es_ES","og_type":"article","og_title":"MILEI CONFIRM\u00d3 A LOS GOBERNADORES QUE RESTABLECER\u00c1 EL IMPUESTO A LAS GANANCIAS POR UN A\u00d1O - Apuntes de San Luis","og_description":"Sin tel\u00e9fonos celulares y con asistencia perfecta, los 24 mandatarios provinciales protagonizaron la primera reuni\u00f3n...","og_url":"https:\/\/apuntesdesanluis.com\/index.php\/2023\/12\/19\/milei-confirmo-a-los-gobernadores-que-restablecera-el-impuesto-a-las-ganancias-por-un-ano\/","og_site_name":"Apuntes de San Luis","article_published_time":"2023-12-19T19:19:26+00:00","article_modified_time":"2023-12-19T19:59:04+00:00","og_image":[{"width":600,"height":331,"url":"https:\/\/apuntesdesanluis.com\/wp-content\/uploads\/2023\/12\/GOBERNADORES-CON-MILEI.png","type":"image\/png"}],"author":"apuntesdesanluis.com","twitter_card":"summary_large_image","twitter_misc":{"Escrito por":"apuntesdesanluis.com","Tiempo de lectura":"4 minutos"},"schema":{"@context":"https:\/\/schema.org","@graph":[{"@type":"Article","@id":"https:\/\/apuntesdesanluis.com\/index.php\/2023\/12\/19\/milei-confirmo-a-los-gobernadores-que-restablecera-el-impuesto-a-las-ganancias-por-un-ano\/#article","isPartOf":{"@id":"https:\/\/apuntesdesanluis.com\/index.php\/2023\/12\/19\/milei-confirmo-a-los-gobernadores-que-restablecera-el-impuesto-a-las-ganancias-por-un-ano\/"},"author":{"name":"apuntesdesanluis.com","@id":"https:\/\/apuntesdesanluis.com\/#\/schema\/person\/b55151d52296fcce64d1a72538a70b90"},"headline":"MILEI CONFIRM\u00d3 A LOS GOBERNADORES QUE RESTABLECER\u00c1 EL IMPUESTO A LAS GANANCIAS POR UN A\u00d1O","datePublished":"2023-12-19T19:19:26+00:00","dateModified":"2023-12-19T19:59:04+00:00","mainEntityOfPage":{"@id":"https:\/\/apuntesdesanluis.com\/index.php\/2023\/12\/19\/milei-confirmo-a-los-gobernadores-que-restablecera-el-impuesto-a-las-ganancias-por-un-ano\/"},"wordCount":774,"publisher":{"@id":"https:\/\/apuntesdesanluis.com\/#\/schema\/person\/b55151d52296fcce64d1a72538a70b90"},"image":{"@id":"https:\/\/apuntesdesanluis.com\/index.php\/2023\/12\/19\/milei-confirmo-a-los-gobernadores-que-restablecera-el-impuesto-a-las-ganancias-por-un-ano\/#primaryimage"},"thumbnailUrl":"https:\/\/apuntesdesanluis.com\/wp-content\/uploads\/2023\/12\/GOBERNADORES-CON-MILEI.png","articleSection":["Nacionales\/Internacionales"],"inLanguage":"es-AR"},{"@type":"WebPage","@id":"https:\/\/apuntesdesanluis.com\/index.php\/2023\/12\/19\/milei-confirmo-a-los-gobernadores-que-restablecera-el-impuesto-a-las-ganancias-por-un-ano\/","url":"https:\/\/apuntesdesanluis.com\/index.php\/2023\/12\/19\/milei-confirmo-a-los-gobernadores-que-restablecera-el-impuesto-a-las-ganancias-por-un-ano\/","name":"MILEI CONFIRM\u00d3 A LOS GOBERNADORES QUE RESTABLECER\u00c1 EL IMPUESTO A LAS GANANCIAS POR UN A\u00d1O - Apuntes de San Luis","isPartOf":{"@id":"https:\/\/apuntesdesanluis.com\/#website"},"primaryImageOfPage":{"@id":"https:\/\/apuntesdesanluis.com\/index.php\/2023\/12\/19\/milei-confirmo-a-los-gobernadores-que-restablecera-el-impuesto-a-las-ganancias-por-un-ano\/#primaryimage"},"image":{"@id":"https:\/\/apuntesdesanluis.com\/index.php\/2023\/12\/19\/milei-confirmo-a-los-gobernadores-que-restablecera-el-impuesto-a-las-ganancias-por-un-ano\/#primaryimage"},"thumbnailUrl":"https:\/\/apuntesdesanluis.com\/wp-content\/uploads\/2023\/12\/GOBERNADORES-CON-MILEI.png","datePublished":"2023-12-19T19:19:26+00:00","dateModified":"2023-12-19T19:59:04+00:00","breadcrumb":{"@id":"https:\/\/apuntesdesanluis.com\/index.php\/2023\/12\/19\/milei-confirmo-a-los-gobernadores-que-restablecera-el-impuesto-a-las-ganancias-por-un-ano\/#breadcrumb"},"inLanguage":"es-AR","potentialAction":[{"@type":"ReadAction","target":["https:\/\/apuntesdesanluis.com\/index.php\/2023\/12\/19\/milei-confirmo-a-los-gobernadores-que-restablecera-el-impuesto-a-las-ganancias-por-un-ano\/"]}]},{"@type":"ImageObject","inLanguage":"es-AR","@id":"https:\/\/apuntesdesanluis.com\/index.php\/2023\/12\/19\/milei-confirmo-a-los-gobernadores-que-restablecera-el-impuesto-a-las-ganancias-por-un-ano\/#primaryimage","url":"https:\/\/apuntesdesanluis.com\/wp-content\/uploads\/2023\/12\/GOBERNADORES-CON-MILEI.png","contentUrl":"https:\/\/apuntesdesanluis.com\/wp-content\/uploads\/2023\/12\/GOBERNADORES-CON-MILEI.png","width":600,"height":331},{"@type":"BreadcrumbList","@id":"https:\/\/apuntesdesanluis.com\/index.php\/2023\/12\/19\/milei-confirmo-a-los-gobernadores-que-restablecera-el-impuesto-a-las-ganancias-por-un-ano\/#breadcrumb","itemListElement":[{"@type":"ListItem","position":1,"name":"Inicio","item":"https:\/\/apuntesdesanluis.com\/"},{"@type":"ListItem","position":2,"name":"MILEI CONFIRM\u00d3 A LOS GOBERNADORES QUE RESTABLECER\u00c1 EL IMPUESTO A LAS GANANCIAS POR UN A\u00d1O"}]},{"@type":"WebSite","@id":"https:\/\/apuntesdesanluis.com\/#website","url":"https:\/\/apuntesdesanluis.com\/","name":"Apuntes de San Luis","description":"","publisher":{"@id":"https:\/\/apuntesdesanluis.com\/#\/schema\/person\/b55151d52296fcce64d1a72538a70b90"},"potentialAction":[{"@type":"SearchAction","target":{"@type":"EntryPoint","urlTemplate":"https:\/\/apuntesdesanluis.com\/?s={search_term_string}"},"query-input":{"@type":"PropertyValueSpecification","valueRequired":true,"valueName":"search_term_string"}}],"inLanguage":"es-AR"},{"@type":["Person","Organization"],"@id":"https:\/\/apuntesdesanluis.com\/#\/schema\/person\/b55151d52296fcce64d1a72538a70b90","name":"apuntesdesanluis.com","image":{"@type":"ImageObject","inLanguage":"es-AR","@id":"https:\/\/apuntesdesanluis.com\/#\/schema\/person\/image\/","url":"https:\/\/apuntesdesanluis.com\/wp-content\/uploads\/2023\/07\/cropped-apuntesdesanluis.png","contentUrl":"https:\/\/apuntesdesanluis.com\/wp-content\/uploads\/2023\/07\/cropped-apuntesdesanluis.png","width":450,"height":112,"caption":"apuntesdesanluis.com"},"logo":{"@id":"https:\/\/apuntesdesanluis.com\/#\/schema\/person\/image\/"},"sameAs":["https:\/\/apuntesdesanluis.com"],"url":"https:\/\/apuntesdesanluis.com\/index.php\/author\/apuntesdesanluis-com\/"}]}},"featured_image_urls":{"full":["https:\/\/apuntesdesanluis.com\/wp-content\/uploads\/2023\/12\/GOBERNADORES-CON-MILEI.png",600,331,false],"thumbnail":["https:\/\/apuntesdesanluis.com\/wp-content\/uploads\/2023\/12\/GOBERNADORES-CON-MILEI-150x150.png",150,150,true],"medium":["https:\/\/apuntesdesanluis.com\/wp-content\/uploads\/2023\/12\/GOBERNADORES-CON-MILEI-300x166.png",300,166,true],"medium_large":["https:\/\/apuntesdesanluis.com\/wp-content\/uploads\/2023\/12\/GOBERNADORES-CON-MILEI.png",600,331,false],"large":["https:\/\/apuntesdesanluis.com\/wp-content\/uploads\/2023\/12\/GOBERNADORES-CON-MILEI.png",600,331,false],"1536x1536":["https:\/\/apuntesdesanluis.com\/wp-content\/uploads\/2023\/12\/GOBERNADORES-CON-MILEI.png",600,331,false],"2048x2048":["https:\/\/apuntesdesanluis.com\/wp-content\/uploads\/2023\/12\/GOBERNADORES-CON-MILEI.png",600,331,false],"newsever-slider-full":["https:\/\/apuntesdesanluis.com\/wp-content\/uploads\/2023\/12\/GOBERNADORES-CON-MILEI.png",600,331,false],"newsever-featured":["https:\/\/apuntesdesanluis.com\/wp-content\/uploads\/2023\/12\/GOBERNADORES-CON-MILEI.png",600,331,false],"newsever-medium":["https:\/\/apuntesdesanluis.com\/wp-content\/uploads\/2023\/12\/GOBERNADORES-CON-MILEI.png",600,331,false]},"author_info":{"display_name":"apuntesdesanluis.com","author_link":"https:\/\/apuntesdesanluis.com\/index.php\/author\/apuntesdesanluis-com\/"},"category_info":"<a href=\"https:\/\/apuntesdesanluis.com\/index.php\/category\/nacionales-internacionales\/\" rel=\"category tag\">Nacionales\/Internacionales<\/a>","tag_info":"Nacionales\/Internacionales","comment_count":"0","_links":{"self":[{"href":"https:\/\/apuntesdesanluis.com\/index.php\/wp-json\/wp\/v2\/posts\/8662","targetHints":{"allow":["GET"]}}],"collection":[{"href":"https:\/\/apuntesdesanluis.com\/index.php\/wp-json\/wp\/v2\/posts"}],"about":[{"href":"https:\/\/apuntesdesanluis.com\/index.php\/wp-json\/wp\/v2\/types\/post"}],"author":[{"embeddable":true,"href":"https:\/\/apuntesdesanluis.com\/index.php\/wp-json\/wp\/v2\/users\/1"}],"replies":[{"embeddable":true,"href":"https:\/\/apuntesdesanluis.com\/index.php\/wp-json\/wp\/v2\/comments?post=8662"}],"version-history":[{"count":4,"href":"https:\/\/apuntesdesanluis.com\/index.php\/wp-json\/wp\/v2\/posts\/8662\/revisions"}],"predecessor-version":[{"id":8679,"href":"https:\/\/apuntesdesanluis.com\/index.php\/wp-json\/wp\/v2\/posts\/8662\/revisions\/8679"}],"wp:featuredmedia":[{"embeddable":true,"href":"https:\/\/apuntesdesanluis.com\/index.php\/wp-json\/wp\/v2\/media\/8663"}],"wp:attachment":[{"href":"https:\/\/apuntesdesanluis.com\/index.php\/wp-json\/wp\/v2\/media?parent=8662"}],"wp:term":[{"taxonomy":"category","embeddable":true,"href":"https:\/\/apuntesdesanluis.com\/index.php\/wp-json\/wp\/v2\/categories?post=8662"},{"taxonomy":"post_tag","embeddable":true,"href":"https:\/\/apuntesdesanluis.com\/index.php\/wp-json\/wp\/v2\/tags?post=8662"}],"curies":[{"name":"wp","href":"https:\/\/api.w.org\/{rel}","templated":true}]}}