{"id":8670,"date":"2023-12-19T16:45:06","date_gmt":"2023-12-19T19:45:06","guid":{"rendered":"https:\/\/apuntesdesanluis.com\/?p=8670"},"modified":"2023-12-19T16:46:55","modified_gmt":"2023-12-19T19:46:55","slug":"un-fallo-inedito-considero-a-un-perro-ser-sintiente-y-establecio-regimen-de-visitas","status":"publish","type":"post","link":"https:\/\/apuntesdesanluis.com\/index.php\/2023\/12\/19\/un-fallo-inedito-considero-a-un-perro-ser-sintiente-y-establecio-regimen-de-visitas\/","title":{"rendered":"UN FALLO IN\u00c9DITO CONSIDER\u00d3 A UN PERRO &#8220;SER SINTIENTE&#8221; Y ESTABLECI\u00d3 R\u00c9GIMEN DE VISITAS"},"content":{"rendered":"<h3>Un Juzgado de Familia dict\u00f3 una medida cautelar para que un perro &#8220;salchicha&#8221; pase los fines de semana con una mujer que se hab\u00eda separado de su pareja. Se trata de &#8220;la primera medida cautelar de estas caracter\u00edsticas en el pa\u00eds que no se da en el marco de un divorcio&#8221;.<\/h3>\n<h3>Una jueza de la provincia de Corrientes consider\u00f3 a una mascota como &#8220;un ser sintiente&#8221; y dict\u00f3 una medida cautelar para que provisoriamente un perro &#8220;salchicha&#8221; pase los fines de semana con una mujer que se hab\u00eda separado de su pareja, inform\u00f3 el Poder Judicial.<\/h3>\n<p><img fetchpriority=\"high\" decoding=\"async\" class=\"wp-image-8673 aligncenter\" src=\"https:\/\/apuntesdesanluis.com\/wp-content\/uploads\/2023\/12\/PERRITO-300x179.png\" alt=\"\" width=\"516\" height=\"308\" srcset=\"https:\/\/apuntesdesanluis.com\/wp-content\/uploads\/2023\/12\/PERRITO-300x179.png 300w, https:\/\/apuntesdesanluis.com\/wp-content\/uploads\/2023\/12\/PERRITO.png 600w\" sizes=\"(max-width: 516px) 100vw, 516px\" \/><\/p>\n<h3>La medida cautelar a favor de los derechos del animal fue solicitada por el Instituto de Derecho Animal del Colegio de Abogados local ante el Juzgado de Familia N\u00b04 y el fallo de la jueza Carolina Macarrein es in\u00e9dito en Corrientes.<\/h3>\n<h3>Si bien el C\u00f3digo de Familia, Ni\u00f1ez y Adolescencia no establece el derecho de comunicaci\u00f3n respecto de los seres afectivos (mascotas), la magistrada entendi\u00f3 que &#8220;lo correcto es valorarlos como partes integrantes de la familia multiespecie&#8221;, detalla el informe judicial.<\/h3>\n<h3>Respecto del caso, se explica que la pareja decidi\u00f3 adquirir la mascota y ambos aportaron econ\u00f3micamente para que el perrito &#8220;Pope&#8221; llegara a sus vidas.<\/h3>\n<h3>&#8220;&#8216;Pope&#8217; es un perro salchicha de un a\u00f1o, adquirido por la pareja separada, viv\u00eda con su due\u00f1o y la mujer lo ve\u00eda cotidianamente, hasta que surgieron problemas en la relaci\u00f3n y el v\u00ednculo se cort\u00f3&#8221;, precisa sobre la situaci\u00f3n.<\/h3>\n<h3>Agrega que tras el corte del v\u00ednculo &#8220;la due\u00f1a no pudo tener m\u00e1s contacto con &#8216;Pope&#8217;, por lo que se present\u00f3 ante la Justicia para revertir esta situaci\u00f3n, lo que finalmente logr\u00f3 tras la medida de la jueza Macarrein&#8221;.<\/h3>\n<h3><\/h3>\n<h3 style=\"text-align: center;\"><em><span style=\"color: #3366ff;\">La magistrada entendi\u00f3 que &#8220;lo correcto es valorarlos como partes integrantes de la familia multiespecie&#8221;.<\/span><\/em><\/h3>\n<h3><\/h3>\n<h3>Por otra parte, se fundament\u00f3 respecto de la decisi\u00f3n de la titular del Juzgado de Familia N\u00b04, Macarrein, que &#8220;se bas\u00f3 en la necesidad de mantener el v\u00ednculo materno-filial que exist\u00eda, considerando a la mascota un ser sintiente&#8221;.<\/h3>\n<p><a href=\"https:\/\/www.facebook.com\/photo.php?fbid=768851401935747&amp;set=a.768850848602469&amp;type=3&amp;ref=embed_post\"><img decoding=\"async\" class=\"wp-image-8671 aligncenter\" src=\"https:\/\/apuntesdesanluis.com\/wp-content\/uploads\/2023\/12\/FALLO-300x174.png\" alt=\"\" width=\"514\" height=\"298\" srcset=\"https:\/\/apuntesdesanluis.com\/wp-content\/uploads\/2023\/12\/FALLO-300x174.png 300w, https:\/\/apuntesdesanluis.com\/wp-content\/uploads\/2023\/12\/FALLO.png 600w\" sizes=\"(max-width: 514px) 100vw, 514px\" \/><\/a><\/p>\n<h3>Adem\u00e1s, se destaca como &#8220;la primera medida cautelar de estas caracter\u00edsticas en el pa\u00eds que no se da en el marco de un divorcio&#8221;, ya que la pareja no era conviviente, sino que la mujer ve\u00eda asiduamente a la mascota que viv\u00eda con el hombre.<\/h3>\n<h3>Finalmente, el Poder Judicial de Corrientes comunic\u00f3 que el pr\u00f3ximo 7 de marzo de 2024 a las 9 se realizar\u00e1 la audiencia respectiva con participaci\u00f3n de las partes.<\/h3>\n<p>&nbsp;<\/p>\n<p>&nbsp;<\/p>\n<p>&nbsp;<\/p>\n<p>&nbsp;<\/p>\n","protected":false},"excerpt":{"rendered":"<p>Un Juzgado de Familia dict\u00f3 una medida cautelar para que un perro &#8220;salchicha&#8221; pase los&#8230;<\/p>\n","protected":false},"author":1,"featured_media":8672,"comment_status":"closed","ping_status":"closed","sticky":false,"template":"","format":"standard","meta":{"footnotes":""},"categories":[5],"tags":[],"class_list":["post-8670","post","type-post","status-publish","format-standard","has-post-thumbnail","hentry","category-nacionales-internacionales"],"yoast_head":"<!-- This site is optimized with the Yoast SEO plugin v26.1.1 - https:\/\/yoast.com\/wordpress\/plugins\/seo\/ -->\n<title>UN FALLO IN\u00c9DITO CONSIDER\u00d3 A UN PERRO &quot;SER SINTIENTE&quot; Y ESTABLECI\u00d3 R\u00c9GIMEN DE VISITAS - Apuntes de San Luis<\/title>\n<meta name=\"robots\" content=\"index, follow, max-snippet:-1, max-image-preview:large, max-video-preview:-1\" \/>\n<link rel=\"canonical\" href=\"https:\/\/apuntesdesanluis.com\/index.php\/2023\/12\/19\/un-fallo-inedito-considero-a-un-perro-ser-sintiente-y-establecio-regimen-de-visitas\/\" \/>\n<meta property=\"og:locale\" content=\"es_ES\" \/>\n<meta property=\"og:type\" content=\"article\" \/>\n<meta property=\"og:title\" content=\"UN FALLO IN\u00c9DITO CONSIDER\u00d3 A UN PERRO &quot;SER SINTIENTE&quot; Y ESTABLECI\u00d3 R\u00c9GIMEN DE VISITAS - Apuntes de San Luis\" \/>\n<meta property=\"og:description\" content=\"Un Juzgado de Familia dict\u00f3 una medida cautelar para que un perro &#8220;salchicha&#8221; pase los...\" \/>\n<meta property=\"og:url\" content=\"https:\/\/apuntesdesanluis.com\/index.php\/2023\/12\/19\/un-fallo-inedito-considero-a-un-perro-ser-sintiente-y-establecio-regimen-de-visitas\/\" \/>\n<meta property=\"og:site_name\" content=\"Apuntes de San Luis\" \/>\n<meta property=\"article:published_time\" content=\"2023-12-19T19:45:06+00:00\" \/>\n<meta property=\"article:modified_time\" content=\"2023-12-19T19:46:55+00:00\" \/>\n<meta property=\"og:image\" content=\"https:\/\/apuntesdesanluis.com\/wp-content\/uploads\/2023\/12\/SER-SINTIENTE.png\" \/>\n\t<meta property=\"og:image:width\" content=\"600\" \/>\n\t<meta property=\"og:image:height\" content=\"364\" \/>\n\t<meta property=\"og:image:type\" content=\"image\/png\" \/>\n<meta name=\"author\" content=\"apuntesdesanluis.com\" \/>\n<meta name=\"twitter:card\" content=\"summary_large_image\" \/>\n<meta name=\"twitter:label1\" content=\"Escrito por\" \/>\n\t<meta name=\"twitter:data1\" content=\"apuntesdesanluis.com\" \/>\n\t<meta name=\"twitter:label2\" content=\"Tiempo de lectura\" \/>\n\t<meta name=\"twitter:data2\" content=\"3 minutos\" \/>\n<script type=\"application\/ld+json\" class=\"yoast-schema-graph\">{\"@context\":\"https:\/\/schema.org\",\"@graph\":[{\"@type\":\"Article\",\"@id\":\"https:\/\/apuntesdesanluis.com\/index.php\/2023\/12\/19\/un-fallo-inedito-considero-a-un-perro-ser-sintiente-y-establecio-regimen-de-visitas\/#article\",\"isPartOf\":{\"@id\":\"https:\/\/apuntesdesanluis.com\/index.php\/2023\/12\/19\/un-fallo-inedito-considero-a-un-perro-ser-sintiente-y-establecio-regimen-de-visitas\/\"},\"author\":{\"name\":\"apuntesdesanluis.com\",\"@id\":\"https:\/\/apuntesdesanluis.com\/#\/schema\/person\/b55151d52296fcce64d1a72538a70b90\"},\"headline\":\"UN FALLO IN\u00c9DITO CONSIDER\u00d3 A UN PERRO &#8220;SER SINTIENTE&#8221; Y ESTABLECI\u00d3 R\u00c9GIMEN DE VISITAS\",\"datePublished\":\"2023-12-19T19:45:06+00:00\",\"dateModified\":\"2023-12-19T19:46:55+00:00\",\"mainEntityOfPage\":{\"@id\":\"https:\/\/apuntesdesanluis.com\/index.php\/2023\/12\/19\/un-fallo-inedito-considero-a-un-perro-ser-sintiente-y-establecio-regimen-de-visitas\/\"},\"wordCount\":453,\"publisher\":{\"@id\":\"https:\/\/apuntesdesanluis.com\/#\/schema\/person\/b55151d52296fcce64d1a72538a70b90\"},\"image\":{\"@id\":\"https:\/\/apuntesdesanluis.com\/index.php\/2023\/12\/19\/un-fallo-inedito-considero-a-un-perro-ser-sintiente-y-establecio-regimen-de-visitas\/#primaryimage\"},\"thumbnailUrl\":\"https:\/\/apuntesdesanluis.com\/wp-content\/uploads\/2023\/12\/SER-SINTIENTE.png\",\"articleSection\":[\"Nacionales\/Internacionales\"],\"inLanguage\":\"es-AR\"},{\"@type\":\"WebPage\",\"@id\":\"https:\/\/apuntesdesanluis.com\/index.php\/2023\/12\/19\/un-fallo-inedito-considero-a-un-perro-ser-sintiente-y-establecio-regimen-de-visitas\/\",\"url\":\"https:\/\/apuntesdesanluis.com\/index.php\/2023\/12\/19\/un-fallo-inedito-considero-a-un-perro-ser-sintiente-y-establecio-regimen-de-visitas\/\",\"name\":\"UN FALLO IN\u00c9DITO CONSIDER\u00d3 A UN PERRO \\\"SER SINTIENTE\\\" Y ESTABLECI\u00d3 R\u00c9GIMEN DE VISITAS - Apuntes de San Luis\",\"isPartOf\":{\"@id\":\"https:\/\/apuntesdesanluis.com\/#website\"},\"primaryImageOfPage\":{\"@id\":\"https:\/\/apuntesdesanluis.com\/index.php\/2023\/12\/19\/un-fallo-inedito-considero-a-un-perro-ser-sintiente-y-establecio-regimen-de-visitas\/#primaryimage\"},\"image\":{\"@id\":\"https:\/\/apuntesdesanluis.com\/index.php\/2023\/12\/19\/un-fallo-inedito-considero-a-un-perro-ser-sintiente-y-establecio-regimen-de-visitas\/#primaryimage\"},\"thumbnailUrl\":\"https:\/\/apuntesdesanluis.com\/wp-content\/uploads\/2023\/12\/SER-SINTIENTE.png\",\"datePublished\":\"2023-12-19T19:45:06+00:00\",\"dateModified\":\"2023-12-19T19:46:55+00:00\",\"breadcrumb\":{\"@id\":\"https:\/\/apuntesdesanluis.com\/index.php\/2023\/12\/19\/un-fallo-inedito-considero-a-un-perro-ser-sintiente-y-establecio-regimen-de-visitas\/#breadcrumb\"},\"inLanguage\":\"es-AR\",\"potentialAction\":[{\"@type\":\"ReadAction\",\"target\":[\"https:\/\/apuntesdesanluis.com\/index.php\/2023\/12\/19\/un-fallo-inedito-considero-a-un-perro-ser-sintiente-y-establecio-regimen-de-visitas\/\"]}]},{\"@type\":\"ImageObject\",\"inLanguage\":\"es-AR\",\"@id\":\"https:\/\/apuntesdesanluis.com\/index.php\/2023\/12\/19\/un-fallo-inedito-considero-a-un-perro-ser-sintiente-y-establecio-regimen-de-visitas\/#primaryimage\",\"url\":\"https:\/\/apuntesdesanluis.com\/wp-content\/uploads\/2023\/12\/SER-SINTIENTE.png\",\"contentUrl\":\"https:\/\/apuntesdesanluis.com\/wp-content\/uploads\/2023\/12\/SER-SINTIENTE.png\",\"width\":600,\"height\":364},{\"@type\":\"BreadcrumbList\",\"@id\":\"https:\/\/apuntesdesanluis.com\/index.php\/2023\/12\/19\/un-fallo-inedito-considero-a-un-perro-ser-sintiente-y-establecio-regimen-de-visitas\/#breadcrumb\",\"itemListElement\":[{\"@type\":\"ListItem\",\"position\":1,\"name\":\"Inicio\",\"item\":\"https:\/\/apuntesdesanluis.com\/\"},{\"@type\":\"ListItem\",\"position\":2,\"name\":\"UN FALLO IN\u00c9DITO CONSIDER\u00d3 A UN PERRO &#8220;SER SINTIENTE&#8221; Y ESTABLECI\u00d3 R\u00c9GIMEN DE VISITAS\"}]},{\"@type\":\"WebSite\",\"@id\":\"https:\/\/apuntesdesanluis.com\/#website\",\"url\":\"https:\/\/apuntesdesanluis.com\/\",\"name\":\"Apuntes de San Luis\",\"description\":\"\",\"publisher\":{\"@id\":\"https:\/\/apuntesdesanluis.com\/#\/schema\/person\/b55151d52296fcce64d1a72538a70b90\"},\"potentialAction\":[{\"@type\":\"SearchAction\",\"target\":{\"@type\":\"EntryPoint\",\"urlTemplate\":\"https:\/\/apuntesdesanluis.com\/?s={search_term_string}\"},\"query-input\":{\"@type\":\"PropertyValueSpecification\",\"valueRequired\":true,\"valueName\":\"search_term_string\"}}],\"inLanguage\":\"es-AR\"},{\"@type\":[\"Person\",\"Organization\"],\"@id\":\"https:\/\/apuntesdesanluis.com\/#\/schema\/person\/b55151d52296fcce64d1a72538a70b90\",\"name\":\"apuntesdesanluis.com\",\"image\":{\"@type\":\"ImageObject\",\"inLanguage\":\"es-AR\",\"@id\":\"https:\/\/apuntesdesanluis.com\/#\/schema\/person\/image\/\",\"url\":\"https:\/\/apuntesdesanluis.com\/wp-content\/uploads\/2023\/07\/cropped-apuntesdesanluis.png\",\"contentUrl\":\"https:\/\/apuntesdesanluis.com\/wp-content\/uploads\/2023\/07\/cropped-apuntesdesanluis.png\",\"width\":450,\"height\":112,\"caption\":\"apuntesdesanluis.com\"},\"logo\":{\"@id\":\"https:\/\/apuntesdesanluis.com\/#\/schema\/person\/image\/\"},\"sameAs\":[\"https:\/\/apuntesdesanluis.com\"],\"url\":\"https:\/\/apuntesdesanluis.com\/index.php\/author\/apuntesdesanluis-com\/\"}]}<\/script>\n<!-- \/ Yoast SEO plugin. -->","yoast_head_json":{"title":"UN FALLO IN\u00c9DITO CONSIDER\u00d3 A UN PERRO \"SER SINTIENTE\" Y ESTABLECI\u00d3 R\u00c9GIMEN DE VISITAS - Apuntes de San Luis","robots":{"index":"index","follow":"follow","max-snippet":"max-snippet:-1","max-image-preview":"max-image-preview:large","max-video-preview":"max-video-preview:-1"},"canonical":"https:\/\/apuntesdesanluis.com\/index.php\/2023\/12\/19\/un-fallo-inedito-considero-a-un-perro-ser-sintiente-y-establecio-regimen-de-visitas\/","og_locale":"es_ES","og_type":"article","og_title":"UN FALLO IN\u00c9DITO CONSIDER\u00d3 A UN PERRO \"SER SINTIENTE\" Y ESTABLECI\u00d3 R\u00c9GIMEN DE VISITAS - Apuntes de San Luis","og_description":"Un Juzgado de Familia dict\u00f3 una medida cautelar para que un perro &#8220;salchicha&#8221; pase los...","og_url":"https:\/\/apuntesdesanluis.com\/index.php\/2023\/12\/19\/un-fallo-inedito-considero-a-un-perro-ser-sintiente-y-establecio-regimen-de-visitas\/","og_site_name":"Apuntes de San Luis","article_published_time":"2023-12-19T19:45:06+00:00","article_modified_time":"2023-12-19T19:46:55+00:00","og_image":[{"width":600,"height":364,"url":"https:\/\/apuntesdesanluis.com\/wp-content\/uploads\/2023\/12\/SER-SINTIENTE.png","type":"image\/png"}],"author":"apuntesdesanluis.com","twitter_card":"summary_large_image","twitter_misc":{"Escrito por":"apuntesdesanluis.com","Tiempo de lectura":"3 minutos"},"schema":{"@context":"https:\/\/schema.org","@graph":[{"@type":"Article","@id":"https:\/\/apuntesdesanluis.com\/index.php\/2023\/12\/19\/un-fallo-inedito-considero-a-un-perro-ser-sintiente-y-establecio-regimen-de-visitas\/#article","isPartOf":{"@id":"https:\/\/apuntesdesanluis.com\/index.php\/2023\/12\/19\/un-fallo-inedito-considero-a-un-perro-ser-sintiente-y-establecio-regimen-de-visitas\/"},"author":{"name":"apuntesdesanluis.com","@id":"https:\/\/apuntesdesanluis.com\/#\/schema\/person\/b55151d52296fcce64d1a72538a70b90"},"headline":"UN FALLO IN\u00c9DITO CONSIDER\u00d3 A UN PERRO &#8220;SER SINTIENTE&#8221; Y ESTABLECI\u00d3 R\u00c9GIMEN DE VISITAS","datePublished":"2023-12-19T19:45:06+00:00","dateModified":"2023-12-19T19:46:55+00:00","mainEntityOfPage":{"@id":"https:\/\/apuntesdesanluis.com\/index.php\/2023\/12\/19\/un-fallo-inedito-considero-a-un-perro-ser-sintiente-y-establecio-regimen-de-visitas\/"},"wordCount":453,"publisher":{"@id":"https:\/\/apuntesdesanluis.com\/#\/schema\/person\/b55151d52296fcce64d1a72538a70b90"},"image":{"@id":"https:\/\/apuntesdesanluis.com\/index.php\/2023\/12\/19\/un-fallo-inedito-considero-a-un-perro-ser-sintiente-y-establecio-regimen-de-visitas\/#primaryimage"},"thumbnailUrl":"https:\/\/apuntesdesanluis.com\/wp-content\/uploads\/2023\/12\/SER-SINTIENTE.png","articleSection":["Nacionales\/Internacionales"],"inLanguage":"es-AR"},{"@type":"WebPage","@id":"https:\/\/apuntesdesanluis.com\/index.php\/2023\/12\/19\/un-fallo-inedito-considero-a-un-perro-ser-sintiente-y-establecio-regimen-de-visitas\/","url":"https:\/\/apuntesdesanluis.com\/index.php\/2023\/12\/19\/un-fallo-inedito-considero-a-un-perro-ser-sintiente-y-establecio-regimen-de-visitas\/","name":"UN FALLO IN\u00c9DITO CONSIDER\u00d3 A UN PERRO \"SER SINTIENTE\" Y ESTABLECI\u00d3 R\u00c9GIMEN DE VISITAS - Apuntes de San Luis","isPartOf":{"@id":"https:\/\/apuntesdesanluis.com\/#website"},"primaryImageOfPage":{"@id":"https:\/\/apuntesdesanluis.com\/index.php\/2023\/12\/19\/un-fallo-inedito-considero-a-un-perro-ser-sintiente-y-establecio-regimen-de-visitas\/#primaryimage"},"image":{"@id":"https:\/\/apuntesdesanluis.com\/index.php\/2023\/12\/19\/un-fallo-inedito-considero-a-un-perro-ser-sintiente-y-establecio-regimen-de-visitas\/#primaryimage"},"thumbnailUrl":"https:\/\/apuntesdesanluis.com\/wp-content\/uploads\/2023\/12\/SER-SINTIENTE.png","datePublished":"2023-12-19T19:45:06+00:00","dateModified":"2023-12-19T19:46:55+00:00","breadcrumb":{"@id":"https:\/\/apuntesdesanluis.com\/index.php\/2023\/12\/19\/un-fallo-inedito-considero-a-un-perro-ser-sintiente-y-establecio-regimen-de-visitas\/#breadcrumb"},"inLanguage":"es-AR","potentialAction":[{"@type":"ReadAction","target":["https:\/\/apuntesdesanluis.com\/index.php\/2023\/12\/19\/un-fallo-inedito-considero-a-un-perro-ser-sintiente-y-establecio-regimen-de-visitas\/"]}]},{"@type":"ImageObject","inLanguage":"es-AR","@id":"https:\/\/apuntesdesanluis.com\/index.php\/2023\/12\/19\/un-fallo-inedito-considero-a-un-perro-ser-sintiente-y-establecio-regimen-de-visitas\/#primaryimage","url":"https:\/\/apuntesdesanluis.com\/wp-content\/uploads\/2023\/12\/SER-SINTIENTE.png","contentUrl":"https:\/\/apuntesdesanluis.com\/wp-content\/uploads\/2023\/12\/SER-SINTIENTE.png","width":600,"height":364},{"@type":"BreadcrumbList","@id":"https:\/\/apuntesdesanluis.com\/index.php\/2023\/12\/19\/un-fallo-inedito-considero-a-un-perro-ser-sintiente-y-establecio-regimen-de-visitas\/#breadcrumb","itemListElement":[{"@type":"ListItem","position":1,"name":"Inicio","item":"https:\/\/apuntesdesanluis.com\/"},{"@type":"ListItem","position":2,"name":"UN FALLO IN\u00c9DITO CONSIDER\u00d3 A UN PERRO &#8220;SER SINTIENTE&#8221; Y ESTABLECI\u00d3 R\u00c9GIMEN DE VISITAS"}]},{"@type":"WebSite","@id":"https:\/\/apuntesdesanluis.com\/#website","url":"https:\/\/apuntesdesanluis.com\/","name":"Apuntes de San Luis","description":"","publisher":{"@id":"https:\/\/apuntesdesanluis.com\/#\/schema\/person\/b55151d52296fcce64d1a72538a70b90"},"potentialAction":[{"@type":"SearchAction","target":{"@type":"EntryPoint","urlTemplate":"https:\/\/apuntesdesanluis.com\/?s={search_term_string}"},"query-input":{"@type":"PropertyValueSpecification","valueRequired":true,"valueName":"search_term_string"}}],"inLanguage":"es-AR"},{"@type":["Person","Organization"],"@id":"https:\/\/apuntesdesanluis.com\/#\/schema\/person\/b55151d52296fcce64d1a72538a70b90","name":"apuntesdesanluis.com","image":{"@type":"ImageObject","inLanguage":"es-AR","@id":"https:\/\/apuntesdesanluis.com\/#\/schema\/person\/image\/","url":"https:\/\/apuntesdesanluis.com\/wp-content\/uploads\/2023\/07\/cropped-apuntesdesanluis.png","contentUrl":"https:\/\/apuntesdesanluis.com\/wp-content\/uploads\/2023\/07\/cropped-apuntesdesanluis.png","width":450,"height":112,"caption":"apuntesdesanluis.com"},"logo":{"@id":"https:\/\/apuntesdesanluis.com\/#\/schema\/person\/image\/"},"sameAs":["https:\/\/apuntesdesanluis.com"],"url":"https:\/\/apuntesdesanluis.com\/index.php\/author\/apuntesdesanluis-com\/"}]}},"featured_image_urls":{"full":["https:\/\/apuntesdesanluis.com\/wp-content\/uploads\/2023\/12\/SER-SINTIENTE.png",600,364,false],"thumbnail":["https:\/\/apuntesdesanluis.com\/wp-content\/uploads\/2023\/12\/SER-SINTIENTE-150x150.png",150,150,true],"medium":["https:\/\/apuntesdesanluis.com\/wp-content\/uploads\/2023\/12\/SER-SINTIENTE-300x182.png",300,182,true],"medium_large":["https:\/\/apuntesdesanluis.com\/wp-content\/uploads\/2023\/12\/SER-SINTIENTE.png",600,364,false],"large":["https:\/\/apuntesdesanluis.com\/wp-content\/uploads\/2023\/12\/SER-SINTIENTE.png",600,364,false],"1536x1536":["https:\/\/apuntesdesanluis.com\/wp-content\/uploads\/2023\/12\/SER-SINTIENTE.png",600,364,false],"2048x2048":["https:\/\/apuntesdesanluis.com\/wp-content\/uploads\/2023\/12\/SER-SINTIENTE.png",600,364,false],"newsever-slider-full":["https:\/\/apuntesdesanluis.com\/wp-content\/uploads\/2023\/12\/SER-SINTIENTE.png",600,364,false],"newsever-featured":["https:\/\/apuntesdesanluis.com\/wp-content\/uploads\/2023\/12\/SER-SINTIENTE.png",600,364,false],"newsever-medium":["https:\/\/apuntesdesanluis.com\/wp-content\/uploads\/2023\/12\/SER-SINTIENTE.png",600,364,false]},"author_info":{"display_name":"apuntesdesanluis.com","author_link":"https:\/\/apuntesdesanluis.com\/index.php\/author\/apuntesdesanluis-com\/"},"category_info":"<a href=\"https:\/\/apuntesdesanluis.com\/index.php\/category\/nacionales-internacionales\/\" rel=\"category tag\">Nacionales\/Internacionales<\/a>","tag_info":"Nacionales\/Internacionales","comment_count":"0","_links":{"self":[{"href":"https:\/\/apuntesdesanluis.com\/index.php\/wp-json\/wp\/v2\/posts\/8670","targetHints":{"allow":["GET"]}}],"collection":[{"href":"https:\/\/apuntesdesanluis.com\/index.php\/wp-json\/wp\/v2\/posts"}],"about":[{"href":"https:\/\/apuntesdesanluis.com\/index.php\/wp-json\/wp\/v2\/types\/post"}],"author":[{"embeddable":true,"href":"https:\/\/apuntesdesanluis.com\/index.php\/wp-json\/wp\/v2\/users\/1"}],"replies":[{"embeddable":true,"href":"https:\/\/apuntesdesanluis.com\/index.php\/wp-json\/wp\/v2\/comments?post=8670"}],"version-history":[{"count":4,"href":"https:\/\/apuntesdesanluis.com\/index.php\/wp-json\/wp\/v2\/posts\/8670\/revisions"}],"predecessor-version":[{"id":8677,"href":"https:\/\/apuntesdesanluis.com\/index.php\/wp-json\/wp\/v2\/posts\/8670\/revisions\/8677"}],"wp:featuredmedia":[{"embeddable":true,"href":"https:\/\/apuntesdesanluis.com\/index.php\/wp-json\/wp\/v2\/media\/8672"}],"wp:attachment":[{"href":"https:\/\/apuntesdesanluis.com\/index.php\/wp-json\/wp\/v2\/media?parent=8670"}],"wp:term":[{"taxonomy":"category","embeddable":true,"href":"https:\/\/apuntesdesanluis.com\/index.php\/wp-json\/wp\/v2\/categories?post=8670"},{"taxonomy":"post_tag","embeddable":true,"href":"https:\/\/apuntesdesanluis.com\/index.php\/wp-json\/wp\/v2\/tags?post=8670"}],"curies":[{"name":"wp","href":"https:\/\/api.w.org\/{rel}","templated":true}]}}