{"id":8697,"date":"2023-12-19T19:56:48","date_gmt":"2023-12-19T22:56:48","guid":{"rendered":"https:\/\/apuntesdesanluis.com\/?p=8697"},"modified":"2023-12-19T20:14:20","modified_gmt":"2023-12-19T23:14:20","slug":"intiman-al-gobernador-a-abonar-los-sueldos-completos-de-los-empleados-publicos","status":"publish","type":"post","link":"https:\/\/apuntesdesanluis.com\/index.php\/2023\/12\/19\/intiman-al-gobernador-a-abonar-los-sueldos-completos-de-los-empleados-publicos\/","title":{"rendered":"INTIMAN AL GOBERNADOR A ABONAR LOS SUELDOS COMPLETOS DE LOS EMPLEADOS P\u00daBLICOS"},"content":{"rendered":"<h3>Lo hizo a trav\u00e9s de una carta documento la presidenta del <strong>Bloque de Diputados Justicialistas<\/strong> de la C\u00e1mara de Diputados de la provincia, <strong>Claudia Pinelli<\/strong>.<\/h3>\n<h3>El hecho pol\u00edtico marca la continuidad de la tensi\u00f3n que existe entre el oficialismo y la ahora oposici\u00f3n justicialista, que no demuestra tener disposici\u00f3n a acompa\u00f1ar las acciones de gobierno, mientras desde Terrazas cada d\u00eda se dan a conocer nuevos hechos irregulares o de corrupci\u00f3n que enardecen al ex gobernador <strong>Alberto Rodr\u00edguez Sa\u00e1<\/strong>, quien seg\u00fan el sitio <span style=\"color: #000000;\"><strong>De Pol\u00edtica<\/strong><\/span>, se encuentra ocupado en su nuevo berret\u00edn, como editor del diario de su propiedad. (Ver:\u00a0<a href=\"https:\/\/depolitica.com.ar\/de-bono-vox-a-alberto-rodriguez-saa-el-oficio-de-editar-un-diario\/\"><span style=\"color: #3366ff;\">De Bono Vox a Alberto Rodr\u00edguez Sa\u00e1, el oficio de editar un diario<\/span><\/a>)<\/h3>\n<h3>La misiva de la legisladora est\u00e1 fechada este martes 19 y lo intima al gobernador Claudio Poggi a \u201chacer efectivo antes del 31 de diciembre el pago de la totalidad de los sueldos de la administraci\u00f3n p\u00fablica provincial, correspondiente al mes de diciembre 2023, absteni\u00e9ndose de efectuar pagos parciales y\/o en cuotas, en virtud de contar con los fondos suficientes conforme se encuentra acreditado en Decreto 11631-MHP-2023\u201d.<\/h3>\n<h3>Finalmente agrega que de no cumplir con dicha obligaci\u00f3n, le notifican que efectivizar\u00e1n &#8220;la denuncia correspondiente por retenci\u00f3n indebida de fondos\u201d.<\/h3>\n<h3>La \u00e1spera carta documento se da en el preciso momento en que el Ejecutivo Provincial analiza la convocatoria a sesiones extraordinarias, para que la Legislatura trate la necesidad de tomar un empr\u00e9stito de 150 mil millones de pesos, con el objetivo de hacer frente al pago de sus pr\u00f3ximas obligaciones.<\/h3>\n<h3>Por el momento el gobierno analiza la fecha m\u00e1s conveniente para dicho llamado, teniendo en cuenta que para lograr su cometido necesita una mayor\u00eda agravada de la que &#8211; por ahora \u2013 carece en ambas c\u00e1maras.<\/h3>\n<p>&nbsp;<\/p>\n<p><img fetchpriority=\"high\" decoding=\"async\" class=\"wp-image-8698 aligncenter\" src=\"https:\/\/apuntesdesanluis.com\/wp-content\/uploads\/2023\/12\/carta-documento-a-poggi-193x300.png\" alt=\"\" width=\"566\" height=\"880\" srcset=\"https:\/\/apuntesdesanluis.com\/wp-content\/uploads\/2023\/12\/carta-documento-a-poggi-193x300.png 193w, https:\/\/apuntesdesanluis.com\/wp-content\/uploads\/2023\/12\/carta-documento-a-poggi.png 553w\" sizes=\"(max-width: 566px) 100vw, 566px\" \/><\/p>\n<p>&nbsp;<\/p>\n<p>&nbsp;<\/p>\n<p>&nbsp;<\/p>\n<p>&nbsp;<\/p>\n","protected":false},"excerpt":{"rendered":"<p>Lo hizo a trav\u00e9s de una carta documento la presidenta del Bloque de Diputados Justicialistas&#8230;<\/p>\n","protected":false},"author":1,"featured_media":8699,"comment_status":"closed","ping_status":"closed","sticky":false,"template":"","format":"standard","meta":{"footnotes":""},"categories":[6],"tags":[],"class_list":["post-8697","post","type-post","status-publish","format-standard","has-post-thumbnail","hentry","category-ciudad-provincia"],"yoast_head":"<!-- This site is optimized with the Yoast SEO plugin v26.1.1 - https:\/\/yoast.com\/wordpress\/plugins\/seo\/ -->\n<title>INTIMAN AL GOBERNADOR A ABONAR LOS SUELDOS COMPLETOS DE LOS EMPLEADOS P\u00daBLICOS - Apuntes de San Luis<\/title>\n<meta name=\"robots\" content=\"index, follow, max-snippet:-1, max-image-preview:large, max-video-preview:-1\" \/>\n<link rel=\"canonical\" href=\"https:\/\/apuntesdesanluis.com\/index.php\/2023\/12\/19\/intiman-al-gobernador-a-abonar-los-sueldos-completos-de-los-empleados-publicos\/\" \/>\n<meta property=\"og:locale\" content=\"es_ES\" \/>\n<meta property=\"og:type\" content=\"article\" \/>\n<meta property=\"og:title\" content=\"INTIMAN AL GOBERNADOR A ABONAR LOS SUELDOS COMPLETOS DE LOS EMPLEADOS P\u00daBLICOS - Apuntes de San Luis\" \/>\n<meta property=\"og:description\" content=\"Lo hizo a trav\u00e9s de una carta documento la presidenta del Bloque de Diputados Justicialistas...\" \/>\n<meta property=\"og:url\" content=\"https:\/\/apuntesdesanluis.com\/index.php\/2023\/12\/19\/intiman-al-gobernador-a-abonar-los-sueldos-completos-de-los-empleados-publicos\/\" \/>\n<meta property=\"og:site_name\" content=\"Apuntes de San Luis\" \/>\n<meta property=\"article:published_time\" content=\"2023-12-19T22:56:48+00:00\" \/>\n<meta property=\"article:modified_time\" content=\"2023-12-19T23:14:20+00:00\" \/>\n<meta property=\"og:image\" content=\"https:\/\/apuntesdesanluis.com\/wp-content\/uploads\/2023\/12\/claudia-pinelli.png\" \/>\n\t<meta property=\"og:image:width\" content=\"600\" \/>\n\t<meta property=\"og:image:height\" content=\"358\" \/>\n\t<meta property=\"og:image:type\" content=\"image\/png\" \/>\n<meta name=\"author\" content=\"apuntesdesanluis.com\" \/>\n<meta name=\"twitter:card\" content=\"summary_large_image\" \/>\n<meta name=\"twitter:label1\" content=\"Escrito por\" \/>\n\t<meta name=\"twitter:data1\" content=\"apuntesdesanluis.com\" \/>\n\t<meta name=\"twitter:label2\" content=\"Tiempo de lectura\" \/>\n\t<meta name=\"twitter:data2\" content=\"2 minutos\" \/>\n<script type=\"application\/ld+json\" class=\"yoast-schema-graph\">{\"@context\":\"https:\/\/schema.org\",\"@graph\":[{\"@type\":\"Article\",\"@id\":\"https:\/\/apuntesdesanluis.com\/index.php\/2023\/12\/19\/intiman-al-gobernador-a-abonar-los-sueldos-completos-de-los-empleados-publicos\/#article\",\"isPartOf\":{\"@id\":\"https:\/\/apuntesdesanluis.com\/index.php\/2023\/12\/19\/intiman-al-gobernador-a-abonar-los-sueldos-completos-de-los-empleados-publicos\/\"},\"author\":{\"name\":\"apuntesdesanluis.com\",\"@id\":\"https:\/\/apuntesdesanluis.com\/#\/schema\/person\/b55151d52296fcce64d1a72538a70b90\"},\"headline\":\"INTIMAN AL GOBERNADOR A ABONAR LOS SUELDOS COMPLETOS DE LOS EMPLEADOS P\u00daBLICOS\",\"datePublished\":\"2023-12-19T22:56:48+00:00\",\"dateModified\":\"2023-12-19T23:14:20+00:00\",\"mainEntityOfPage\":{\"@id\":\"https:\/\/apuntesdesanluis.com\/index.php\/2023\/12\/19\/intiman-al-gobernador-a-abonar-los-sueldos-completos-de-los-empleados-publicos\/\"},\"wordCount\":325,\"publisher\":{\"@id\":\"https:\/\/apuntesdesanluis.com\/#\/schema\/person\/b55151d52296fcce64d1a72538a70b90\"},\"image\":{\"@id\":\"https:\/\/apuntesdesanluis.com\/index.php\/2023\/12\/19\/intiman-al-gobernador-a-abonar-los-sueldos-completos-de-los-empleados-publicos\/#primaryimage\"},\"thumbnailUrl\":\"https:\/\/apuntesdesanluis.com\/wp-content\/uploads\/2023\/12\/claudia-pinelli.png\",\"articleSection\":[\"Ciudad\/Provincia\"],\"inLanguage\":\"es-AR\"},{\"@type\":\"WebPage\",\"@id\":\"https:\/\/apuntesdesanluis.com\/index.php\/2023\/12\/19\/intiman-al-gobernador-a-abonar-los-sueldos-completos-de-los-empleados-publicos\/\",\"url\":\"https:\/\/apuntesdesanluis.com\/index.php\/2023\/12\/19\/intiman-al-gobernador-a-abonar-los-sueldos-completos-de-los-empleados-publicos\/\",\"name\":\"INTIMAN AL GOBERNADOR A ABONAR LOS SUELDOS COMPLETOS DE LOS EMPLEADOS P\u00daBLICOS - Apuntes de San Luis\",\"isPartOf\":{\"@id\":\"https:\/\/apuntesdesanluis.com\/#website\"},\"primaryImageOfPage\":{\"@id\":\"https:\/\/apuntesdesanluis.com\/index.php\/2023\/12\/19\/intiman-al-gobernador-a-abonar-los-sueldos-completos-de-los-empleados-publicos\/#primaryimage\"},\"image\":{\"@id\":\"https:\/\/apuntesdesanluis.com\/index.php\/2023\/12\/19\/intiman-al-gobernador-a-abonar-los-sueldos-completos-de-los-empleados-publicos\/#primaryimage\"},\"thumbnailUrl\":\"https:\/\/apuntesdesanluis.com\/wp-content\/uploads\/2023\/12\/claudia-pinelli.png\",\"datePublished\":\"2023-12-19T22:56:48+00:00\",\"dateModified\":\"2023-12-19T23:14:20+00:00\",\"breadcrumb\":{\"@id\":\"https:\/\/apuntesdesanluis.com\/index.php\/2023\/12\/19\/intiman-al-gobernador-a-abonar-los-sueldos-completos-de-los-empleados-publicos\/#breadcrumb\"},\"inLanguage\":\"es-AR\",\"potentialAction\":[{\"@type\":\"ReadAction\",\"target\":[\"https:\/\/apuntesdesanluis.com\/index.php\/2023\/12\/19\/intiman-al-gobernador-a-abonar-los-sueldos-completos-de-los-empleados-publicos\/\"]}]},{\"@type\":\"ImageObject\",\"inLanguage\":\"es-AR\",\"@id\":\"https:\/\/apuntesdesanluis.com\/index.php\/2023\/12\/19\/intiman-al-gobernador-a-abonar-los-sueldos-completos-de-los-empleados-publicos\/#primaryimage\",\"url\":\"https:\/\/apuntesdesanluis.com\/wp-content\/uploads\/2023\/12\/claudia-pinelli.png\",\"contentUrl\":\"https:\/\/apuntesdesanluis.com\/wp-content\/uploads\/2023\/12\/claudia-pinelli.png\",\"width\":600,\"height\":358},{\"@type\":\"BreadcrumbList\",\"@id\":\"https:\/\/apuntesdesanluis.com\/index.php\/2023\/12\/19\/intiman-al-gobernador-a-abonar-los-sueldos-completos-de-los-empleados-publicos\/#breadcrumb\",\"itemListElement\":[{\"@type\":\"ListItem\",\"position\":1,\"name\":\"Inicio\",\"item\":\"https:\/\/apuntesdesanluis.com\/\"},{\"@type\":\"ListItem\",\"position\":2,\"name\":\"INTIMAN AL GOBERNADOR A ABONAR LOS SUELDOS COMPLETOS DE LOS EMPLEADOS P\u00daBLICOS\"}]},{\"@type\":\"WebSite\",\"@id\":\"https:\/\/apuntesdesanluis.com\/#website\",\"url\":\"https:\/\/apuntesdesanluis.com\/\",\"name\":\"Apuntes de San Luis\",\"description\":\"\",\"publisher\":{\"@id\":\"https:\/\/apuntesdesanluis.com\/#\/schema\/person\/b55151d52296fcce64d1a72538a70b90\"},\"potentialAction\":[{\"@type\":\"SearchAction\",\"target\":{\"@type\":\"EntryPoint\",\"urlTemplate\":\"https:\/\/apuntesdesanluis.com\/?s={search_term_string}\"},\"query-input\":{\"@type\":\"PropertyValueSpecification\",\"valueRequired\":true,\"valueName\":\"search_term_string\"}}],\"inLanguage\":\"es-AR\"},{\"@type\":[\"Person\",\"Organization\"],\"@id\":\"https:\/\/apuntesdesanluis.com\/#\/schema\/person\/b55151d52296fcce64d1a72538a70b90\",\"name\":\"apuntesdesanluis.com\",\"image\":{\"@type\":\"ImageObject\",\"inLanguage\":\"es-AR\",\"@id\":\"https:\/\/apuntesdesanluis.com\/#\/schema\/person\/image\/\",\"url\":\"https:\/\/apuntesdesanluis.com\/wp-content\/uploads\/2023\/07\/cropped-apuntesdesanluis.png\",\"contentUrl\":\"https:\/\/apuntesdesanluis.com\/wp-content\/uploads\/2023\/07\/cropped-apuntesdesanluis.png\",\"width\":450,\"height\":112,\"caption\":\"apuntesdesanluis.com\"},\"logo\":{\"@id\":\"https:\/\/apuntesdesanluis.com\/#\/schema\/person\/image\/\"},\"sameAs\":[\"https:\/\/apuntesdesanluis.com\"],\"url\":\"https:\/\/apuntesdesanluis.com\/index.php\/author\/apuntesdesanluis-com\/\"}]}<\/script>\n<!-- \/ Yoast SEO plugin. -->","yoast_head_json":{"title":"INTIMAN AL GOBERNADOR A ABONAR LOS SUELDOS COMPLETOS DE LOS EMPLEADOS P\u00daBLICOS - Apuntes de San Luis","robots":{"index":"index","follow":"follow","max-snippet":"max-snippet:-1","max-image-preview":"max-image-preview:large","max-video-preview":"max-video-preview:-1"},"canonical":"https:\/\/apuntesdesanluis.com\/index.php\/2023\/12\/19\/intiman-al-gobernador-a-abonar-los-sueldos-completos-de-los-empleados-publicos\/","og_locale":"es_ES","og_type":"article","og_title":"INTIMAN AL GOBERNADOR A ABONAR LOS SUELDOS COMPLETOS DE LOS EMPLEADOS P\u00daBLICOS - Apuntes de San Luis","og_description":"Lo hizo a trav\u00e9s de una carta documento la presidenta del Bloque de Diputados Justicialistas...","og_url":"https:\/\/apuntesdesanluis.com\/index.php\/2023\/12\/19\/intiman-al-gobernador-a-abonar-los-sueldos-completos-de-los-empleados-publicos\/","og_site_name":"Apuntes de San Luis","article_published_time":"2023-12-19T22:56:48+00:00","article_modified_time":"2023-12-19T23:14:20+00:00","og_image":[{"width":600,"height":358,"url":"https:\/\/apuntesdesanluis.com\/wp-content\/uploads\/2023\/12\/claudia-pinelli.png","type":"image\/png"}],"author":"apuntesdesanluis.com","twitter_card":"summary_large_image","twitter_misc":{"Escrito por":"apuntesdesanluis.com","Tiempo de lectura":"2 minutos"},"schema":{"@context":"https:\/\/schema.org","@graph":[{"@type":"Article","@id":"https:\/\/apuntesdesanluis.com\/index.php\/2023\/12\/19\/intiman-al-gobernador-a-abonar-los-sueldos-completos-de-los-empleados-publicos\/#article","isPartOf":{"@id":"https:\/\/apuntesdesanluis.com\/index.php\/2023\/12\/19\/intiman-al-gobernador-a-abonar-los-sueldos-completos-de-los-empleados-publicos\/"},"author":{"name":"apuntesdesanluis.com","@id":"https:\/\/apuntesdesanluis.com\/#\/schema\/person\/b55151d52296fcce64d1a72538a70b90"},"headline":"INTIMAN AL GOBERNADOR A ABONAR LOS SUELDOS COMPLETOS DE LOS EMPLEADOS P\u00daBLICOS","datePublished":"2023-12-19T22:56:48+00:00","dateModified":"2023-12-19T23:14:20+00:00","mainEntityOfPage":{"@id":"https:\/\/apuntesdesanluis.com\/index.php\/2023\/12\/19\/intiman-al-gobernador-a-abonar-los-sueldos-completos-de-los-empleados-publicos\/"},"wordCount":325,"publisher":{"@id":"https:\/\/apuntesdesanluis.com\/#\/schema\/person\/b55151d52296fcce64d1a72538a70b90"},"image":{"@id":"https:\/\/apuntesdesanluis.com\/index.php\/2023\/12\/19\/intiman-al-gobernador-a-abonar-los-sueldos-completos-de-los-empleados-publicos\/#primaryimage"},"thumbnailUrl":"https:\/\/apuntesdesanluis.com\/wp-content\/uploads\/2023\/12\/claudia-pinelli.png","articleSection":["Ciudad\/Provincia"],"inLanguage":"es-AR"},{"@type":"WebPage","@id":"https:\/\/apuntesdesanluis.com\/index.php\/2023\/12\/19\/intiman-al-gobernador-a-abonar-los-sueldos-completos-de-los-empleados-publicos\/","url":"https:\/\/apuntesdesanluis.com\/index.php\/2023\/12\/19\/intiman-al-gobernador-a-abonar-los-sueldos-completos-de-los-empleados-publicos\/","name":"INTIMAN AL GOBERNADOR A ABONAR LOS SUELDOS COMPLETOS DE LOS EMPLEADOS P\u00daBLICOS - Apuntes de San Luis","isPartOf":{"@id":"https:\/\/apuntesdesanluis.com\/#website"},"primaryImageOfPage":{"@id":"https:\/\/apuntesdesanluis.com\/index.php\/2023\/12\/19\/intiman-al-gobernador-a-abonar-los-sueldos-completos-de-los-empleados-publicos\/#primaryimage"},"image":{"@id":"https:\/\/apuntesdesanluis.com\/index.php\/2023\/12\/19\/intiman-al-gobernador-a-abonar-los-sueldos-completos-de-los-empleados-publicos\/#primaryimage"},"thumbnailUrl":"https:\/\/apuntesdesanluis.com\/wp-content\/uploads\/2023\/12\/claudia-pinelli.png","datePublished":"2023-12-19T22:56:48+00:00","dateModified":"2023-12-19T23:14:20+00:00","breadcrumb":{"@id":"https:\/\/apuntesdesanluis.com\/index.php\/2023\/12\/19\/intiman-al-gobernador-a-abonar-los-sueldos-completos-de-los-empleados-publicos\/#breadcrumb"},"inLanguage":"es-AR","potentialAction":[{"@type":"ReadAction","target":["https:\/\/apuntesdesanluis.com\/index.php\/2023\/12\/19\/intiman-al-gobernador-a-abonar-los-sueldos-completos-de-los-empleados-publicos\/"]}]},{"@type":"ImageObject","inLanguage":"es-AR","@id":"https:\/\/apuntesdesanluis.com\/index.php\/2023\/12\/19\/intiman-al-gobernador-a-abonar-los-sueldos-completos-de-los-empleados-publicos\/#primaryimage","url":"https:\/\/apuntesdesanluis.com\/wp-content\/uploads\/2023\/12\/claudia-pinelli.png","contentUrl":"https:\/\/apuntesdesanluis.com\/wp-content\/uploads\/2023\/12\/claudia-pinelli.png","width":600,"height":358},{"@type":"BreadcrumbList","@id":"https:\/\/apuntesdesanluis.com\/index.php\/2023\/12\/19\/intiman-al-gobernador-a-abonar-los-sueldos-completos-de-los-empleados-publicos\/#breadcrumb","itemListElement":[{"@type":"ListItem","position":1,"name":"Inicio","item":"https:\/\/apuntesdesanluis.com\/"},{"@type":"ListItem","position":2,"name":"INTIMAN AL GOBERNADOR A ABONAR LOS SUELDOS COMPLETOS DE LOS EMPLEADOS P\u00daBLICOS"}]},{"@type":"WebSite","@id":"https:\/\/apuntesdesanluis.com\/#website","url":"https:\/\/apuntesdesanluis.com\/","name":"Apuntes de San Luis","description":"","publisher":{"@id":"https:\/\/apuntesdesanluis.com\/#\/schema\/person\/b55151d52296fcce64d1a72538a70b90"},"potentialAction":[{"@type":"SearchAction","target":{"@type":"EntryPoint","urlTemplate":"https:\/\/apuntesdesanluis.com\/?s={search_term_string}"},"query-input":{"@type":"PropertyValueSpecification","valueRequired":true,"valueName":"search_term_string"}}],"inLanguage":"es-AR"},{"@type":["Person","Organization"],"@id":"https:\/\/apuntesdesanluis.com\/#\/schema\/person\/b55151d52296fcce64d1a72538a70b90","name":"apuntesdesanluis.com","image":{"@type":"ImageObject","inLanguage":"es-AR","@id":"https:\/\/apuntesdesanluis.com\/#\/schema\/person\/image\/","url":"https:\/\/apuntesdesanluis.com\/wp-content\/uploads\/2023\/07\/cropped-apuntesdesanluis.png","contentUrl":"https:\/\/apuntesdesanluis.com\/wp-content\/uploads\/2023\/07\/cropped-apuntesdesanluis.png","width":450,"height":112,"caption":"apuntesdesanluis.com"},"logo":{"@id":"https:\/\/apuntesdesanluis.com\/#\/schema\/person\/image\/"},"sameAs":["https:\/\/apuntesdesanluis.com"],"url":"https:\/\/apuntesdesanluis.com\/index.php\/author\/apuntesdesanluis-com\/"}]}},"featured_image_urls":{"full":["https:\/\/apuntesdesanluis.com\/wp-content\/uploads\/2023\/12\/claudia-pinelli.png",600,358,false],"thumbnail":["https:\/\/apuntesdesanluis.com\/wp-content\/uploads\/2023\/12\/claudia-pinelli-150x150.png",150,150,true],"medium":["https:\/\/apuntesdesanluis.com\/wp-content\/uploads\/2023\/12\/claudia-pinelli-300x179.png",300,179,true],"medium_large":["https:\/\/apuntesdesanluis.com\/wp-content\/uploads\/2023\/12\/claudia-pinelli.png",600,358,false],"large":["https:\/\/apuntesdesanluis.com\/wp-content\/uploads\/2023\/12\/claudia-pinelli.png",600,358,false],"1536x1536":["https:\/\/apuntesdesanluis.com\/wp-content\/uploads\/2023\/12\/claudia-pinelli.png",600,358,false],"2048x2048":["https:\/\/apuntesdesanluis.com\/wp-content\/uploads\/2023\/12\/claudia-pinelli.png",600,358,false],"newsever-slider-full":["https:\/\/apuntesdesanluis.com\/wp-content\/uploads\/2023\/12\/claudia-pinelli.png",600,358,false],"newsever-featured":["https:\/\/apuntesdesanluis.com\/wp-content\/uploads\/2023\/12\/claudia-pinelli.png",600,358,false],"newsever-medium":["https:\/\/apuntesdesanluis.com\/wp-content\/uploads\/2023\/12\/claudia-pinelli.png",600,358,false]},"author_info":{"display_name":"apuntesdesanluis.com","author_link":"https:\/\/apuntesdesanluis.com\/index.php\/author\/apuntesdesanluis-com\/"},"category_info":"<a href=\"https:\/\/apuntesdesanluis.com\/index.php\/category\/ciudad-provincia\/\" rel=\"category tag\">Ciudad\/Provincia<\/a>","tag_info":"Ciudad\/Provincia","comment_count":"0","_links":{"self":[{"href":"https:\/\/apuntesdesanluis.com\/index.php\/wp-json\/wp\/v2\/posts\/8697","targetHints":{"allow":["GET"]}}],"collection":[{"href":"https:\/\/apuntesdesanluis.com\/index.php\/wp-json\/wp\/v2\/posts"}],"about":[{"href":"https:\/\/apuntesdesanluis.com\/index.php\/wp-json\/wp\/v2\/types\/post"}],"author":[{"embeddable":true,"href":"https:\/\/apuntesdesanluis.com\/index.php\/wp-json\/wp\/v2\/users\/1"}],"replies":[{"embeddable":true,"href":"https:\/\/apuntesdesanluis.com\/index.php\/wp-json\/wp\/v2\/comments?post=8697"}],"version-history":[{"count":9,"href":"https:\/\/apuntesdesanluis.com\/index.php\/wp-json\/wp\/v2\/posts\/8697\/revisions"}],"predecessor-version":[{"id":8708,"href":"https:\/\/apuntesdesanluis.com\/index.php\/wp-json\/wp\/v2\/posts\/8697\/revisions\/8708"}],"wp:featuredmedia":[{"embeddable":true,"href":"https:\/\/apuntesdesanluis.com\/index.php\/wp-json\/wp\/v2\/media\/8699"}],"wp:attachment":[{"href":"https:\/\/apuntesdesanluis.com\/index.php\/wp-json\/wp\/v2\/media?parent=8697"}],"wp:term":[{"taxonomy":"category","embeddable":true,"href":"https:\/\/apuntesdesanluis.com\/index.php\/wp-json\/wp\/v2\/categories?post=8697"},{"taxonomy":"post_tag","embeddable":true,"href":"https:\/\/apuntesdesanluis.com\/index.php\/wp-json\/wp\/v2\/tags?post=8697"}],"curies":[{"name":"wp","href":"https:\/\/api.w.org\/{rel}","templated":true}]}}