{"id":8709,"date":"2023-12-19T20:28:34","date_gmt":"2023-12-19T23:28:34","guid":{"rendered":"https:\/\/apuntesdesanluis.com\/?p=8709"},"modified":"2023-12-19T20:28:34","modified_gmt":"2023-12-19T23:28:34","slug":"poggi-evaluo-como-positiva-su-primera-reunion-con-el-presidente-javier-milei","status":"publish","type":"post","link":"https:\/\/apuntesdesanluis.com\/index.php\/2023\/12\/19\/poggi-evaluo-como-positiva-su-primera-reunion-con-el-presidente-javier-milei\/","title":{"rendered":"POGGI EVALU\u00d3 COMO \u201cPOSITIVA\u201d SU PRIMERA REUNI\u00d3N CON EL PRESIDENTE JAVIER MILEI"},"content":{"rendered":"<h3>El primer mandatario de San Luis, junto con el resto de los gobernadores, estuvo m\u00e1s de dos horas conversando con el presidente de la Naci\u00f3n y su vice. Tocaron temas referidos a la coparticipaci\u00f3n, muy sensible en una provincia que hoy muestra un fuerte d\u00e9ficit fiscal, y todos pudieron expresar su visi\u00f3n de la realidad Argentina.<\/h3>\n<h3>El gobernador <strong>Claudio Poggi<\/strong> asisti\u00f3, junto con sus pares de todas las provincias, a un primer encuentro con <strong>Javier Milei<\/strong>, el presidente de la Naci\u00f3n, quien les ofreci\u00f3 un panorama de la realidad econ\u00f3mica del pa\u00eds. Lo titulares de las provincias tambi\u00e9n expusieron su visi\u00f3n y luego remarcaron la voluntad de di\u00e1logo de todas las partes.<\/h3>\n<p><iframe title=\"Claudio Javier Poggi, Gobernador de la Provincia de San Luis\" width=\"640\" height=\"360\" src=\"https:\/\/www.youtube.com\/embed\/OYkTaM9W8PM?start=2&#038;feature=oembed\" frameborder=\"0\" allow=\"accelerometer; autoplay; clipboard-write; encrypted-media; gyroscope; picture-in-picture; web-share\" referrerpolicy=\"strict-origin-when-cross-origin\" allowfullscreen><\/iframe><\/p>\n<h3>\u201cFue una buena reuni\u00f3n, porque adem\u00e1s fue la primera con el nuevo gobierno. El presidente plante\u00f3 su visi\u00f3n, sus medidas. El objetivo de no emitir m\u00e1s, eliminar el d\u00e9ficit fiscal y terminar con las asimetr\u00edas que hay en la Argentina\u201d, cont\u00f3 Poggi a la ANSL a la salida de la Casa Rosada, y reconoci\u00f3 que \u201cse abri\u00f3 un canal de di\u00e1logo, se habl\u00f3 de la posibilidad de revertir la reforma del impuesto a las ganancias, el presidente lo tom\u00f3 como propio, ser\u00eda una manera de restituir recursos a las provincias. Por eso eval\u00fao la reuni\u00f3n como positiva\u201d.<\/h3>\n<h3>Por su parte el sitio <strong>El Chorrillero<\/strong> agreg\u00f3 lo que Poggi dijo en su intervenci\u00f3n: \u201cRecib\u00ed la Provincia en una situaci\u00f3n ca\u00f3tica con un d\u00e9ficit que oblig\u00f3 a desdoblar el pago de salarios a los empleados p\u00fablicos\u201d.<\/h3>\n<h3>Seg\u00fan pudo reconstruir ese medio, esa es la \u201capretad\u00edsima s\u00edntesis\u201d de un pasaje de la alocuci\u00f3n de Claudio Poggi durante la reuni\u00f3n que mantuvo en el Sal\u00f3n Eva Per\u00f3n en la Casa Rosada, junto a sus pares con el presidente Javier Milei; la vicepresidenta <strong>Victoria Villarruel<\/strong>; el jefe de Gabinete Nicol\u00e1s Pose; el presidente de Diputados, Mart\u00edn Menem y el ministro del Interior, Guillermo Francos.<\/h3>\n<p><img fetchpriority=\"high\" decoding=\"async\" class=\"wp-image-8711 aligncenter\" src=\"https:\/\/apuntesdesanluis.com\/wp-content\/uploads\/2023\/12\/Poggi-con-villarruel-300x177.png\" alt=\"\" width=\"814\" height=\"480\" srcset=\"https:\/\/apuntesdesanluis.com\/wp-content\/uploads\/2023\/12\/Poggi-con-villarruel-300x177.png 300w, https:\/\/apuntesdesanluis.com\/wp-content\/uploads\/2023\/12\/Poggi-con-villarruel-768x454.png 768w, https:\/\/apuntesdesanluis.com\/wp-content\/uploads\/2023\/12\/Poggi-con-villarruel.png 942w\" sizes=\"(max-width: 814px) 100vw, 814px\" \/><\/p>\n","protected":false},"excerpt":{"rendered":"<p>El primer mandatario de San Luis, junto con el resto de los gobernadores, estuvo m\u00e1s&#8230;<\/p>\n","protected":false},"author":1,"featured_media":8710,"comment_status":"closed","ping_status":"closed","sticky":false,"template":"","format":"standard","meta":{"footnotes":""},"categories":[6],"tags":[],"class_list":["post-8709","post","type-post","status-publish","format-standard","has-post-thumbnail","hentry","category-ciudad-provincia"],"yoast_head":"<!-- This site is optimized with the Yoast SEO plugin v26.1.1 - https:\/\/yoast.com\/wordpress\/plugins\/seo\/ -->\n<title>POGGI EVALU\u00d3 COMO \u201cPOSITIVA\u201d SU PRIMERA REUNI\u00d3N CON EL PRESIDENTE JAVIER MILEI - Apuntes de San Luis<\/title>\n<meta name=\"robots\" content=\"index, follow, max-snippet:-1, max-image-preview:large, max-video-preview:-1\" \/>\n<link rel=\"canonical\" href=\"https:\/\/apuntesdesanluis.com\/index.php\/2023\/12\/19\/poggi-evaluo-como-positiva-su-primera-reunion-con-el-presidente-javier-milei\/\" \/>\n<meta property=\"og:locale\" content=\"es_ES\" \/>\n<meta property=\"og:type\" content=\"article\" \/>\n<meta property=\"og:title\" content=\"POGGI EVALU\u00d3 COMO \u201cPOSITIVA\u201d SU PRIMERA REUNI\u00d3N CON EL PRESIDENTE JAVIER MILEI - Apuntes de San Luis\" \/>\n<meta property=\"og:description\" content=\"El primer mandatario de San Luis, junto con el resto de los gobernadores, estuvo m\u00e1s...\" \/>\n<meta property=\"og:url\" content=\"https:\/\/apuntesdesanluis.com\/index.php\/2023\/12\/19\/poggi-evaluo-como-positiva-su-primera-reunion-con-el-presidente-javier-milei\/\" \/>\n<meta property=\"og:site_name\" content=\"Apuntes de San Luis\" \/>\n<meta property=\"article:published_time\" content=\"2023-12-19T23:28:34+00:00\" \/>\n<meta property=\"og:image\" content=\"https:\/\/apuntesdesanluis.com\/wp-content\/uploads\/2023\/12\/poggi-en-la-rosada.png\" \/>\n\t<meta property=\"og:image:width\" content=\"600\" \/>\n\t<meta property=\"og:image:height\" content=\"359\" \/>\n\t<meta property=\"og:image:type\" content=\"image\/png\" \/>\n<meta name=\"author\" content=\"apuntesdesanluis.com\" \/>\n<meta name=\"twitter:card\" content=\"summary_large_image\" \/>\n<meta name=\"twitter:label1\" content=\"Escrito por\" \/>\n\t<meta name=\"twitter:data1\" content=\"apuntesdesanluis.com\" \/>\n\t<meta name=\"twitter:label2\" content=\"Tiempo de lectura\" \/>\n\t<meta name=\"twitter:data2\" content=\"2 minutos\" \/>\n<script type=\"application\/ld+json\" class=\"yoast-schema-graph\">{\"@context\":\"https:\/\/schema.org\",\"@graph\":[{\"@type\":\"Article\",\"@id\":\"https:\/\/apuntesdesanluis.com\/index.php\/2023\/12\/19\/poggi-evaluo-como-positiva-su-primera-reunion-con-el-presidente-javier-milei\/#article\",\"isPartOf\":{\"@id\":\"https:\/\/apuntesdesanluis.com\/index.php\/2023\/12\/19\/poggi-evaluo-como-positiva-su-primera-reunion-con-el-presidente-javier-milei\/\"},\"author\":{\"name\":\"apuntesdesanluis.com\",\"@id\":\"https:\/\/apuntesdesanluis.com\/#\/schema\/person\/b55151d52296fcce64d1a72538a70b90\"},\"headline\":\"POGGI EVALU\u00d3 COMO \u201cPOSITIVA\u201d SU PRIMERA REUNI\u00d3N CON EL PRESIDENTE JAVIER MILEI\",\"datePublished\":\"2023-12-19T23:28:34+00:00\",\"mainEntityOfPage\":{\"@id\":\"https:\/\/apuntesdesanluis.com\/index.php\/2023\/12\/19\/poggi-evaluo-como-positiva-su-primera-reunion-con-el-presidente-javier-milei\/\"},\"wordCount\":368,\"publisher\":{\"@id\":\"https:\/\/apuntesdesanluis.com\/#\/schema\/person\/b55151d52296fcce64d1a72538a70b90\"},\"image\":{\"@id\":\"https:\/\/apuntesdesanluis.com\/index.php\/2023\/12\/19\/poggi-evaluo-como-positiva-su-primera-reunion-con-el-presidente-javier-milei\/#primaryimage\"},\"thumbnailUrl\":\"https:\/\/apuntesdesanluis.com\/wp-content\/uploads\/2023\/12\/poggi-en-la-rosada.png\",\"articleSection\":[\"Ciudad\/Provincia\"],\"inLanguage\":\"es-AR\"},{\"@type\":\"WebPage\",\"@id\":\"https:\/\/apuntesdesanluis.com\/index.php\/2023\/12\/19\/poggi-evaluo-como-positiva-su-primera-reunion-con-el-presidente-javier-milei\/\",\"url\":\"https:\/\/apuntesdesanluis.com\/index.php\/2023\/12\/19\/poggi-evaluo-como-positiva-su-primera-reunion-con-el-presidente-javier-milei\/\",\"name\":\"POGGI EVALU\u00d3 COMO \u201cPOSITIVA\u201d SU PRIMERA REUNI\u00d3N CON EL PRESIDENTE JAVIER MILEI - Apuntes de San Luis\",\"isPartOf\":{\"@id\":\"https:\/\/apuntesdesanluis.com\/#website\"},\"primaryImageOfPage\":{\"@id\":\"https:\/\/apuntesdesanluis.com\/index.php\/2023\/12\/19\/poggi-evaluo-como-positiva-su-primera-reunion-con-el-presidente-javier-milei\/#primaryimage\"},\"image\":{\"@id\":\"https:\/\/apuntesdesanluis.com\/index.php\/2023\/12\/19\/poggi-evaluo-como-positiva-su-primera-reunion-con-el-presidente-javier-milei\/#primaryimage\"},\"thumbnailUrl\":\"https:\/\/apuntesdesanluis.com\/wp-content\/uploads\/2023\/12\/poggi-en-la-rosada.png\",\"datePublished\":\"2023-12-19T23:28:34+00:00\",\"breadcrumb\":{\"@id\":\"https:\/\/apuntesdesanluis.com\/index.php\/2023\/12\/19\/poggi-evaluo-como-positiva-su-primera-reunion-con-el-presidente-javier-milei\/#breadcrumb\"},\"inLanguage\":\"es-AR\",\"potentialAction\":[{\"@type\":\"ReadAction\",\"target\":[\"https:\/\/apuntesdesanluis.com\/index.php\/2023\/12\/19\/poggi-evaluo-como-positiva-su-primera-reunion-con-el-presidente-javier-milei\/\"]}]},{\"@type\":\"ImageObject\",\"inLanguage\":\"es-AR\",\"@id\":\"https:\/\/apuntesdesanluis.com\/index.php\/2023\/12\/19\/poggi-evaluo-como-positiva-su-primera-reunion-con-el-presidente-javier-milei\/#primaryimage\",\"url\":\"https:\/\/apuntesdesanluis.com\/wp-content\/uploads\/2023\/12\/poggi-en-la-rosada.png\",\"contentUrl\":\"https:\/\/apuntesdesanluis.com\/wp-content\/uploads\/2023\/12\/poggi-en-la-rosada.png\",\"width\":600,\"height\":359},{\"@type\":\"BreadcrumbList\",\"@id\":\"https:\/\/apuntesdesanluis.com\/index.php\/2023\/12\/19\/poggi-evaluo-como-positiva-su-primera-reunion-con-el-presidente-javier-milei\/#breadcrumb\",\"itemListElement\":[{\"@type\":\"ListItem\",\"position\":1,\"name\":\"Inicio\",\"item\":\"https:\/\/apuntesdesanluis.com\/\"},{\"@type\":\"ListItem\",\"position\":2,\"name\":\"POGGI EVALU\u00d3 COMO \u201cPOSITIVA\u201d SU PRIMERA REUNI\u00d3N CON EL PRESIDENTE JAVIER MILEI\"}]},{\"@type\":\"WebSite\",\"@id\":\"https:\/\/apuntesdesanluis.com\/#website\",\"url\":\"https:\/\/apuntesdesanluis.com\/\",\"name\":\"Apuntes de San Luis\",\"description\":\"\",\"publisher\":{\"@id\":\"https:\/\/apuntesdesanluis.com\/#\/schema\/person\/b55151d52296fcce64d1a72538a70b90\"},\"potentialAction\":[{\"@type\":\"SearchAction\",\"target\":{\"@type\":\"EntryPoint\",\"urlTemplate\":\"https:\/\/apuntesdesanluis.com\/?s={search_term_string}\"},\"query-input\":{\"@type\":\"PropertyValueSpecification\",\"valueRequired\":true,\"valueName\":\"search_term_string\"}}],\"inLanguage\":\"es-AR\"},{\"@type\":[\"Person\",\"Organization\"],\"@id\":\"https:\/\/apuntesdesanluis.com\/#\/schema\/person\/b55151d52296fcce64d1a72538a70b90\",\"name\":\"apuntesdesanluis.com\",\"image\":{\"@type\":\"ImageObject\",\"inLanguage\":\"es-AR\",\"@id\":\"https:\/\/apuntesdesanluis.com\/#\/schema\/person\/image\/\",\"url\":\"https:\/\/apuntesdesanluis.com\/wp-content\/uploads\/2023\/07\/cropped-apuntesdesanluis.png\",\"contentUrl\":\"https:\/\/apuntesdesanluis.com\/wp-content\/uploads\/2023\/07\/cropped-apuntesdesanluis.png\",\"width\":450,\"height\":112,\"caption\":\"apuntesdesanluis.com\"},\"logo\":{\"@id\":\"https:\/\/apuntesdesanluis.com\/#\/schema\/person\/image\/\"},\"sameAs\":[\"https:\/\/apuntesdesanluis.com\"],\"url\":\"https:\/\/apuntesdesanluis.com\/index.php\/author\/apuntesdesanluis-com\/\"}]}<\/script>\n<!-- \/ Yoast SEO plugin. -->","yoast_head_json":{"title":"POGGI EVALU\u00d3 COMO \u201cPOSITIVA\u201d SU PRIMERA REUNI\u00d3N CON EL PRESIDENTE JAVIER MILEI - Apuntes de San Luis","robots":{"index":"index","follow":"follow","max-snippet":"max-snippet:-1","max-image-preview":"max-image-preview:large","max-video-preview":"max-video-preview:-1"},"canonical":"https:\/\/apuntesdesanluis.com\/index.php\/2023\/12\/19\/poggi-evaluo-como-positiva-su-primera-reunion-con-el-presidente-javier-milei\/","og_locale":"es_ES","og_type":"article","og_title":"POGGI EVALU\u00d3 COMO \u201cPOSITIVA\u201d SU PRIMERA REUNI\u00d3N CON EL PRESIDENTE JAVIER MILEI - Apuntes de San Luis","og_description":"El primer mandatario de San Luis, junto con el resto de los gobernadores, estuvo m\u00e1s...","og_url":"https:\/\/apuntesdesanluis.com\/index.php\/2023\/12\/19\/poggi-evaluo-como-positiva-su-primera-reunion-con-el-presidente-javier-milei\/","og_site_name":"Apuntes de San Luis","article_published_time":"2023-12-19T23:28:34+00:00","og_image":[{"width":600,"height":359,"url":"https:\/\/apuntesdesanluis.com\/wp-content\/uploads\/2023\/12\/poggi-en-la-rosada.png","type":"image\/png"}],"author":"apuntesdesanluis.com","twitter_card":"summary_large_image","twitter_misc":{"Escrito por":"apuntesdesanluis.com","Tiempo de lectura":"2 minutos"},"schema":{"@context":"https:\/\/schema.org","@graph":[{"@type":"Article","@id":"https:\/\/apuntesdesanluis.com\/index.php\/2023\/12\/19\/poggi-evaluo-como-positiva-su-primera-reunion-con-el-presidente-javier-milei\/#article","isPartOf":{"@id":"https:\/\/apuntesdesanluis.com\/index.php\/2023\/12\/19\/poggi-evaluo-como-positiva-su-primera-reunion-con-el-presidente-javier-milei\/"},"author":{"name":"apuntesdesanluis.com","@id":"https:\/\/apuntesdesanluis.com\/#\/schema\/person\/b55151d52296fcce64d1a72538a70b90"},"headline":"POGGI EVALU\u00d3 COMO \u201cPOSITIVA\u201d SU PRIMERA REUNI\u00d3N CON EL PRESIDENTE JAVIER MILEI","datePublished":"2023-12-19T23:28:34+00:00","mainEntityOfPage":{"@id":"https:\/\/apuntesdesanluis.com\/index.php\/2023\/12\/19\/poggi-evaluo-como-positiva-su-primera-reunion-con-el-presidente-javier-milei\/"},"wordCount":368,"publisher":{"@id":"https:\/\/apuntesdesanluis.com\/#\/schema\/person\/b55151d52296fcce64d1a72538a70b90"},"image":{"@id":"https:\/\/apuntesdesanluis.com\/index.php\/2023\/12\/19\/poggi-evaluo-como-positiva-su-primera-reunion-con-el-presidente-javier-milei\/#primaryimage"},"thumbnailUrl":"https:\/\/apuntesdesanluis.com\/wp-content\/uploads\/2023\/12\/poggi-en-la-rosada.png","articleSection":["Ciudad\/Provincia"],"inLanguage":"es-AR"},{"@type":"WebPage","@id":"https:\/\/apuntesdesanluis.com\/index.php\/2023\/12\/19\/poggi-evaluo-como-positiva-su-primera-reunion-con-el-presidente-javier-milei\/","url":"https:\/\/apuntesdesanluis.com\/index.php\/2023\/12\/19\/poggi-evaluo-como-positiva-su-primera-reunion-con-el-presidente-javier-milei\/","name":"POGGI EVALU\u00d3 COMO \u201cPOSITIVA\u201d SU PRIMERA REUNI\u00d3N CON EL PRESIDENTE JAVIER MILEI - Apuntes de San Luis","isPartOf":{"@id":"https:\/\/apuntesdesanluis.com\/#website"},"primaryImageOfPage":{"@id":"https:\/\/apuntesdesanluis.com\/index.php\/2023\/12\/19\/poggi-evaluo-como-positiva-su-primera-reunion-con-el-presidente-javier-milei\/#primaryimage"},"image":{"@id":"https:\/\/apuntesdesanluis.com\/index.php\/2023\/12\/19\/poggi-evaluo-como-positiva-su-primera-reunion-con-el-presidente-javier-milei\/#primaryimage"},"thumbnailUrl":"https:\/\/apuntesdesanluis.com\/wp-content\/uploads\/2023\/12\/poggi-en-la-rosada.png","datePublished":"2023-12-19T23:28:34+00:00","breadcrumb":{"@id":"https:\/\/apuntesdesanluis.com\/index.php\/2023\/12\/19\/poggi-evaluo-como-positiva-su-primera-reunion-con-el-presidente-javier-milei\/#breadcrumb"},"inLanguage":"es-AR","potentialAction":[{"@type":"ReadAction","target":["https:\/\/apuntesdesanluis.com\/index.php\/2023\/12\/19\/poggi-evaluo-como-positiva-su-primera-reunion-con-el-presidente-javier-milei\/"]}]},{"@type":"ImageObject","inLanguage":"es-AR","@id":"https:\/\/apuntesdesanluis.com\/index.php\/2023\/12\/19\/poggi-evaluo-como-positiva-su-primera-reunion-con-el-presidente-javier-milei\/#primaryimage","url":"https:\/\/apuntesdesanluis.com\/wp-content\/uploads\/2023\/12\/poggi-en-la-rosada.png","contentUrl":"https:\/\/apuntesdesanluis.com\/wp-content\/uploads\/2023\/12\/poggi-en-la-rosada.png","width":600,"height":359},{"@type":"BreadcrumbList","@id":"https:\/\/apuntesdesanluis.com\/index.php\/2023\/12\/19\/poggi-evaluo-como-positiva-su-primera-reunion-con-el-presidente-javier-milei\/#breadcrumb","itemListElement":[{"@type":"ListItem","position":1,"name":"Inicio","item":"https:\/\/apuntesdesanluis.com\/"},{"@type":"ListItem","position":2,"name":"POGGI EVALU\u00d3 COMO \u201cPOSITIVA\u201d SU PRIMERA REUNI\u00d3N CON EL PRESIDENTE JAVIER MILEI"}]},{"@type":"WebSite","@id":"https:\/\/apuntesdesanluis.com\/#website","url":"https:\/\/apuntesdesanluis.com\/","name":"Apuntes de San Luis","description":"","publisher":{"@id":"https:\/\/apuntesdesanluis.com\/#\/schema\/person\/b55151d52296fcce64d1a72538a70b90"},"potentialAction":[{"@type":"SearchAction","target":{"@type":"EntryPoint","urlTemplate":"https:\/\/apuntesdesanluis.com\/?s={search_term_string}"},"query-input":{"@type":"PropertyValueSpecification","valueRequired":true,"valueName":"search_term_string"}}],"inLanguage":"es-AR"},{"@type":["Person","Organization"],"@id":"https:\/\/apuntesdesanluis.com\/#\/schema\/person\/b55151d52296fcce64d1a72538a70b90","name":"apuntesdesanluis.com","image":{"@type":"ImageObject","inLanguage":"es-AR","@id":"https:\/\/apuntesdesanluis.com\/#\/schema\/person\/image\/","url":"https:\/\/apuntesdesanluis.com\/wp-content\/uploads\/2023\/07\/cropped-apuntesdesanluis.png","contentUrl":"https:\/\/apuntesdesanluis.com\/wp-content\/uploads\/2023\/07\/cropped-apuntesdesanluis.png","width":450,"height":112,"caption":"apuntesdesanluis.com"},"logo":{"@id":"https:\/\/apuntesdesanluis.com\/#\/schema\/person\/image\/"},"sameAs":["https:\/\/apuntesdesanluis.com"],"url":"https:\/\/apuntesdesanluis.com\/index.php\/author\/apuntesdesanluis-com\/"}]}},"featured_image_urls":{"full":["https:\/\/apuntesdesanluis.com\/wp-content\/uploads\/2023\/12\/poggi-en-la-rosada.png",600,359,false],"thumbnail":["https:\/\/apuntesdesanluis.com\/wp-content\/uploads\/2023\/12\/poggi-en-la-rosada-150x150.png",150,150,true],"medium":["https:\/\/apuntesdesanluis.com\/wp-content\/uploads\/2023\/12\/poggi-en-la-rosada-300x180.png",300,180,true],"medium_large":["https:\/\/apuntesdesanluis.com\/wp-content\/uploads\/2023\/12\/poggi-en-la-rosada.png",600,359,false],"large":["https:\/\/apuntesdesanluis.com\/wp-content\/uploads\/2023\/12\/poggi-en-la-rosada.png",600,359,false],"1536x1536":["https:\/\/apuntesdesanluis.com\/wp-content\/uploads\/2023\/12\/poggi-en-la-rosada.png",600,359,false],"2048x2048":["https:\/\/apuntesdesanluis.com\/wp-content\/uploads\/2023\/12\/poggi-en-la-rosada.png",600,359,false],"newsever-slider-full":["https:\/\/apuntesdesanluis.com\/wp-content\/uploads\/2023\/12\/poggi-en-la-rosada.png",600,359,false],"newsever-featured":["https:\/\/apuntesdesanluis.com\/wp-content\/uploads\/2023\/12\/poggi-en-la-rosada.png",600,359,false],"newsever-medium":["https:\/\/apuntesdesanluis.com\/wp-content\/uploads\/2023\/12\/poggi-en-la-rosada.png",600,359,false]},"author_info":{"display_name":"apuntesdesanluis.com","author_link":"https:\/\/apuntesdesanluis.com\/index.php\/author\/apuntesdesanluis-com\/"},"category_info":"<a href=\"https:\/\/apuntesdesanluis.com\/index.php\/category\/ciudad-provincia\/\" rel=\"category tag\">Ciudad\/Provincia<\/a>","tag_info":"Ciudad\/Provincia","comment_count":"0","_links":{"self":[{"href":"https:\/\/apuntesdesanluis.com\/index.php\/wp-json\/wp\/v2\/posts\/8709","targetHints":{"allow":["GET"]}}],"collection":[{"href":"https:\/\/apuntesdesanluis.com\/index.php\/wp-json\/wp\/v2\/posts"}],"about":[{"href":"https:\/\/apuntesdesanluis.com\/index.php\/wp-json\/wp\/v2\/types\/post"}],"author":[{"embeddable":true,"href":"https:\/\/apuntesdesanluis.com\/index.php\/wp-json\/wp\/v2\/users\/1"}],"replies":[{"embeddable":true,"href":"https:\/\/apuntesdesanluis.com\/index.php\/wp-json\/wp\/v2\/comments?post=8709"}],"version-history":[{"count":1,"href":"https:\/\/apuntesdesanluis.com\/index.php\/wp-json\/wp\/v2\/posts\/8709\/revisions"}],"predecessor-version":[{"id":8712,"href":"https:\/\/apuntesdesanluis.com\/index.php\/wp-json\/wp\/v2\/posts\/8709\/revisions\/8712"}],"wp:featuredmedia":[{"embeddable":true,"href":"https:\/\/apuntesdesanluis.com\/index.php\/wp-json\/wp\/v2\/media\/8710"}],"wp:attachment":[{"href":"https:\/\/apuntesdesanluis.com\/index.php\/wp-json\/wp\/v2\/media?parent=8709"}],"wp:term":[{"taxonomy":"category","embeddable":true,"href":"https:\/\/apuntesdesanluis.com\/index.php\/wp-json\/wp\/v2\/categories?post=8709"},{"taxonomy":"post_tag","embeddable":true,"href":"https:\/\/apuntesdesanluis.com\/index.php\/wp-json\/wp\/v2\/tags?post=8709"}],"curies":[{"name":"wp","href":"https:\/\/api.w.org\/{rel}","templated":true}]}}