{"id":8718,"date":"2023-12-20T14:59:30","date_gmt":"2023-12-20T17:59:30","guid":{"rendered":"https:\/\/apuntesdesanluis.com\/?p=8718"},"modified":"2023-12-20T15:00:28","modified_gmt":"2023-12-20T18:00:28","slug":"merlo-elaboraran-un-plan-urbano-territorial-e-invitan-al-mercado-navideno","status":"publish","type":"post","link":"https:\/\/apuntesdesanluis.com\/index.php\/2023\/12\/20\/merlo-elaboraran-un-plan-urbano-territorial-e-invitan-al-mercado-navideno\/","title":{"rendered":"MERLO: ELABORAR\u00c1N UN PLAN URBANO TERRITORIAL E INVITAN AL MERCADO NAVIDE\u00d1O"},"content":{"rendered":"<h3>En un esfuerzo conjunto por el desarrollo sostenible y la calidad de vida de la villa tur\u00edstica, este martes el intendente <strong>Juan \u00c1lvarez Pinto<\/strong> formaliz\u00f3 un acuerdo trascendental con la reconocida consultora cordobesa &#8220;Estudio Estrategias&#8221;.<\/h3>\n<h3>El objetivo primordial de este convenio es la confecci\u00f3n de un <strong>Plan Urbano Territorial para abordar los desaf\u00edos actuales y futuros que enfrenta esta pujante ciudad; <\/strong>permitiendo un crecimiento sostenible y equilibrado de la localidad, que tiene importantes desaf\u00edos, promovidos especialmente por el crecimiento urbano, degradaci\u00f3n ambiental, impacto tur\u00edstico, crisis social y vulnerabilidad de recursos y riesgos naturales, entre otros.<\/h3>\n<p><img fetchpriority=\"high\" decoding=\"async\" class=\"wp-image-8719 aligncenter\" src=\"https:\/\/apuntesdesanluis.com\/wp-content\/uploads\/2023\/12\/firma-300x169.jpg\" alt=\"\" width=\"527\" height=\"297\" srcset=\"https:\/\/apuntesdesanluis.com\/wp-content\/uploads\/2023\/12\/firma-300x169.jpg 300w, https:\/\/apuntesdesanluis.com\/wp-content\/uploads\/2023\/12\/firma.jpg 600w\" sizes=\"(max-width: 527px) 100vw, 527px\" \/><\/p>\n<h3>\u201c<em>Comenzamos a trabajar con Estudio Estrategias en el diagn\u00f3stico de nuestra ciudad, su desarrollo y su ordenamiento. En conjunto con nuestra comunidad, trabajaremos por una Villa de Merlo sostenible y con calidad de vida hacia el futuro inmediato y mediato<\/em>\u201d, se\u00f1al\u00f3 el intendente, Juan \u00c1lvarez Pinto.<\/h3>\n<h3>Este Plan Urbano Territorial estar\u00e1 a cargo de la Arq. <strong>Gabriela Gonz\u00e1lez Rodio<\/strong>.<\/h3>\n<h3>El mismo se enfocar\u00e1 en la participaci\u00f3n activa de todos los actores relevantes de la comunidad, considerando que una planificaci\u00f3n estrat\u00e9gica del territorio podr\u00e1 colaborar en ordenar cada actividad, preservar los recursos naturales, organizar los servicios, conectar la producci\u00f3n con otros mercados y regiones, dar seguridad a las inversiones e identificar las necesidades de servicios de infraestructura requeridas para la comunidad.<\/h3>\n<h3><strong>MERCADO NAVIDE\u00d1O<\/strong><\/h3>\n<h3>Por otro lado, desde la <strong>Secretar\u00eda de Gesti\u00f3n Cultural e Identidad Merlina<\/strong> se invita a participar del\u00a0 Mercado Navide\u00f1o, indicando que se trata de \u201cuna oportunidad invaluable para unirnos en tiempos desafiantes, celebrar con austeridad la fuerza local y sumergirnos en el esp\u00edritu navide\u00f1o en familia\u201d.<\/h3>\n<h3>En este sentido, invita a celebrar una \u201cnoche m\u00e1gica\u201d. Ser\u00e1 el <strong>viernes 22 a partir de las 18.00 hs. en Casa Museo Palmira Scrosoppi, <\/strong>donde diferentes artistas deleitar\u00e1n con su talento.<\/h3>\n<p><img decoding=\"async\" class=\"wp-image-8720 aligncenter\" src=\"https:\/\/apuntesdesanluis.com\/wp-content\/uploads\/2023\/12\/Navidad-en-merlo-300x181.png\" alt=\"\" width=\"529\" height=\"319\" srcset=\"https:\/\/apuntesdesanluis.com\/wp-content\/uploads\/2023\/12\/Navidad-en-merlo-300x181.png 300w, https:\/\/apuntesdesanluis.com\/wp-content\/uploads\/2023\/12\/Navidad-en-merlo.png 604w\" sizes=\"(max-width: 529px) 100vw, 529px\" \/><\/p>\n<h3>Estar\u00e1n presentes el <strong>Coro Parroquial Nuestra Se\u00f1ora del Rosario, SHEKINA <\/strong>de la Iglesia Portal del Cielo y la <strong>Misa Criolla <\/strong>que es<em>, <\/em>sin lugar a dudas, uno de los grandes hitos de la m\u00fasica popular argentina, que sintetiza de modo notable la esencia de la m\u00fasica folcl\u00f3rica argentina y el esp\u00edritu de la liturgia cat\u00f3lica.<\/h3>\n<h3>En esta oportunidad estar\u00e1 a cargo de D\u00e9bora Villalba, Pablo Aphalo y Neri Villalba. El cierre estar\u00e1 a cargo de El Salta y Las Lindas.<\/h3>\n<h3>Adem\u00e1s, habr\u00e1 exposiciones y productos donde se har\u00e1n presentes Mujeres en Red, emprendedoras locales exhibiendo su talento y creaciones; productores locales con sus artesan\u00edas, tejidos, cer\u00e1mica y vitrofusi\u00f3n, con el sello Hecho en Merlo y Artistas de la Sierra que dibujar\u00e1n y pintar\u00e1n en vivo, brindando una experiencia visual imperdible.<\/h3>\n<h3>Tambi\u00e9n se contar\u00e1 con la presencia de Pap\u00e1 Noel, por lo que se invita a ni\u00f1os y ni\u00f1as a llevar sus cartitas y no se pierdan el pesebre art\u00edstico, perfecto para capturar esos momentos m\u00e1gicos e inolvidables.<\/h3>\n<p>&nbsp;<\/p>\n<p>&nbsp;<\/p>\n","protected":false},"excerpt":{"rendered":"<p>En un esfuerzo conjunto por el desarrollo sostenible y la calidad de vida de la&#8230;<\/p>\n","protected":false},"author":1,"featured_media":3120,"comment_status":"closed","ping_status":"closed","sticky":false,"template":"","format":"standard","meta":{"footnotes":""},"categories":[6],"tags":[],"class_list":["post-8718","post","type-post","status-publish","format-standard","has-post-thumbnail","hentry","category-ciudad-provincia"],"yoast_head":"<!-- This site is optimized with the Yoast SEO plugin v26.1.1 - https:\/\/yoast.com\/wordpress\/plugins\/seo\/ -->\n<title>MERLO: ELABORAR\u00c1N UN PLAN URBANO TERRITORIAL E INVITAN AL MERCADO NAVIDE\u00d1O - Apuntes de San Luis<\/title>\n<meta name=\"robots\" content=\"index, follow, max-snippet:-1, max-image-preview:large, max-video-preview:-1\" \/>\n<link rel=\"canonical\" href=\"https:\/\/apuntesdesanluis.com\/index.php\/2023\/12\/20\/merlo-elaboraran-un-plan-urbano-territorial-e-invitan-al-mercado-navideno\/\" \/>\n<meta property=\"og:locale\" content=\"es_ES\" \/>\n<meta property=\"og:type\" content=\"article\" \/>\n<meta property=\"og:title\" content=\"MERLO: ELABORAR\u00c1N UN PLAN URBANO TERRITORIAL E INVITAN AL MERCADO NAVIDE\u00d1O - Apuntes de San Luis\" \/>\n<meta property=\"og:description\" content=\"En un esfuerzo conjunto por el desarrollo sostenible y la calidad de vida de la...\" \/>\n<meta property=\"og:url\" content=\"https:\/\/apuntesdesanluis.com\/index.php\/2023\/12\/20\/merlo-elaboraran-un-plan-urbano-territorial-e-invitan-al-mercado-navideno\/\" \/>\n<meta property=\"og:site_name\" content=\"Apuntes de San Luis\" \/>\n<meta property=\"article:published_time\" content=\"2023-12-20T17:59:30+00:00\" \/>\n<meta property=\"article:modified_time\" content=\"2023-12-20T18:00:28+00:00\" \/>\n<meta property=\"og:image\" content=\"https:\/\/apuntesdesanluis.com\/wp-content\/uploads\/2023\/09\/merlo.png\" \/>\n\t<meta property=\"og:image:width\" content=\"900\" \/>\n\t<meta property=\"og:image:height\" content=\"562\" \/>\n\t<meta property=\"og:image:type\" content=\"image\/png\" \/>\n<meta name=\"author\" content=\"apuntesdesanluis.com\" \/>\n<meta name=\"twitter:card\" content=\"summary_large_image\" \/>\n<meta name=\"twitter:label1\" content=\"Escrito por\" \/>\n\t<meta name=\"twitter:data1\" content=\"apuntesdesanluis.com\" \/>\n\t<meta name=\"twitter:label2\" content=\"Tiempo de lectura\" \/>\n\t<meta name=\"twitter:data2\" content=\"3 minutos\" \/>\n<script type=\"application\/ld+json\" class=\"yoast-schema-graph\">{\"@context\":\"https:\/\/schema.org\",\"@graph\":[{\"@type\":\"Article\",\"@id\":\"https:\/\/apuntesdesanluis.com\/index.php\/2023\/12\/20\/merlo-elaboraran-un-plan-urbano-territorial-e-invitan-al-mercado-navideno\/#article\",\"isPartOf\":{\"@id\":\"https:\/\/apuntesdesanluis.com\/index.php\/2023\/12\/20\/merlo-elaboraran-un-plan-urbano-territorial-e-invitan-al-mercado-navideno\/\"},\"author\":{\"name\":\"apuntesdesanluis.com\",\"@id\":\"https:\/\/apuntesdesanluis.com\/#\/schema\/person\/b55151d52296fcce64d1a72538a70b90\"},\"headline\":\"MERLO: ELABORAR\u00c1N UN PLAN URBANO TERRITORIAL E INVITAN AL MERCADO NAVIDE\u00d1O\",\"datePublished\":\"2023-12-20T17:59:30+00:00\",\"dateModified\":\"2023-12-20T18:00:28+00:00\",\"mainEntityOfPage\":{\"@id\":\"https:\/\/apuntesdesanluis.com\/index.php\/2023\/12\/20\/merlo-elaboraran-un-plan-urbano-territorial-e-invitan-al-mercado-navideno\/\"},\"wordCount\":515,\"publisher\":{\"@id\":\"https:\/\/apuntesdesanluis.com\/#\/schema\/person\/b55151d52296fcce64d1a72538a70b90\"},\"image\":{\"@id\":\"https:\/\/apuntesdesanluis.com\/index.php\/2023\/12\/20\/merlo-elaboraran-un-plan-urbano-territorial-e-invitan-al-mercado-navideno\/#primaryimage\"},\"thumbnailUrl\":\"https:\/\/apuntesdesanluis.com\/wp-content\/uploads\/2023\/09\/merlo.png\",\"articleSection\":[\"Ciudad\/Provincia\"],\"inLanguage\":\"es-AR\"},{\"@type\":\"WebPage\",\"@id\":\"https:\/\/apuntesdesanluis.com\/index.php\/2023\/12\/20\/merlo-elaboraran-un-plan-urbano-territorial-e-invitan-al-mercado-navideno\/\",\"url\":\"https:\/\/apuntesdesanluis.com\/index.php\/2023\/12\/20\/merlo-elaboraran-un-plan-urbano-territorial-e-invitan-al-mercado-navideno\/\",\"name\":\"MERLO: ELABORAR\u00c1N UN PLAN URBANO TERRITORIAL E INVITAN AL MERCADO NAVIDE\u00d1O - Apuntes de San Luis\",\"isPartOf\":{\"@id\":\"https:\/\/apuntesdesanluis.com\/#website\"},\"primaryImageOfPage\":{\"@id\":\"https:\/\/apuntesdesanluis.com\/index.php\/2023\/12\/20\/merlo-elaboraran-un-plan-urbano-territorial-e-invitan-al-mercado-navideno\/#primaryimage\"},\"image\":{\"@id\":\"https:\/\/apuntesdesanluis.com\/index.php\/2023\/12\/20\/merlo-elaboraran-un-plan-urbano-territorial-e-invitan-al-mercado-navideno\/#primaryimage\"},\"thumbnailUrl\":\"https:\/\/apuntesdesanluis.com\/wp-content\/uploads\/2023\/09\/merlo.png\",\"datePublished\":\"2023-12-20T17:59:30+00:00\",\"dateModified\":\"2023-12-20T18:00:28+00:00\",\"breadcrumb\":{\"@id\":\"https:\/\/apuntesdesanluis.com\/index.php\/2023\/12\/20\/merlo-elaboraran-un-plan-urbano-territorial-e-invitan-al-mercado-navideno\/#breadcrumb\"},\"inLanguage\":\"es-AR\",\"potentialAction\":[{\"@type\":\"ReadAction\",\"target\":[\"https:\/\/apuntesdesanluis.com\/index.php\/2023\/12\/20\/merlo-elaboraran-un-plan-urbano-territorial-e-invitan-al-mercado-navideno\/\"]}]},{\"@type\":\"ImageObject\",\"inLanguage\":\"es-AR\",\"@id\":\"https:\/\/apuntesdesanluis.com\/index.php\/2023\/12\/20\/merlo-elaboraran-un-plan-urbano-territorial-e-invitan-al-mercado-navideno\/#primaryimage\",\"url\":\"https:\/\/apuntesdesanluis.com\/wp-content\/uploads\/2023\/09\/merlo.png\",\"contentUrl\":\"https:\/\/apuntesdesanluis.com\/wp-content\/uploads\/2023\/09\/merlo.png\",\"width\":900,\"height\":562},{\"@type\":\"BreadcrumbList\",\"@id\":\"https:\/\/apuntesdesanluis.com\/index.php\/2023\/12\/20\/merlo-elaboraran-un-plan-urbano-territorial-e-invitan-al-mercado-navideno\/#breadcrumb\",\"itemListElement\":[{\"@type\":\"ListItem\",\"position\":1,\"name\":\"Inicio\",\"item\":\"https:\/\/apuntesdesanluis.com\/\"},{\"@type\":\"ListItem\",\"position\":2,\"name\":\"MERLO: ELABORAR\u00c1N UN PLAN URBANO TERRITORIAL E INVITAN AL MERCADO NAVIDE\u00d1O\"}]},{\"@type\":\"WebSite\",\"@id\":\"https:\/\/apuntesdesanluis.com\/#website\",\"url\":\"https:\/\/apuntesdesanluis.com\/\",\"name\":\"Apuntes de San Luis\",\"description\":\"\",\"publisher\":{\"@id\":\"https:\/\/apuntesdesanluis.com\/#\/schema\/person\/b55151d52296fcce64d1a72538a70b90\"},\"potentialAction\":[{\"@type\":\"SearchAction\",\"target\":{\"@type\":\"EntryPoint\",\"urlTemplate\":\"https:\/\/apuntesdesanluis.com\/?s={search_term_string}\"},\"query-input\":{\"@type\":\"PropertyValueSpecification\",\"valueRequired\":true,\"valueName\":\"search_term_string\"}}],\"inLanguage\":\"es-AR\"},{\"@type\":[\"Person\",\"Organization\"],\"@id\":\"https:\/\/apuntesdesanluis.com\/#\/schema\/person\/b55151d52296fcce64d1a72538a70b90\",\"name\":\"apuntesdesanluis.com\",\"image\":{\"@type\":\"ImageObject\",\"inLanguage\":\"es-AR\",\"@id\":\"https:\/\/apuntesdesanluis.com\/#\/schema\/person\/image\/\",\"url\":\"https:\/\/apuntesdesanluis.com\/wp-content\/uploads\/2023\/07\/cropped-apuntesdesanluis.png\",\"contentUrl\":\"https:\/\/apuntesdesanluis.com\/wp-content\/uploads\/2023\/07\/cropped-apuntesdesanluis.png\",\"width\":450,\"height\":112,\"caption\":\"apuntesdesanluis.com\"},\"logo\":{\"@id\":\"https:\/\/apuntesdesanluis.com\/#\/schema\/person\/image\/\"},\"sameAs\":[\"https:\/\/apuntesdesanluis.com\"],\"url\":\"https:\/\/apuntesdesanluis.com\/index.php\/author\/apuntesdesanluis-com\/\"}]}<\/script>\n<!-- \/ Yoast SEO plugin. -->","yoast_head_json":{"title":"MERLO: ELABORAR\u00c1N UN PLAN URBANO TERRITORIAL E INVITAN AL MERCADO NAVIDE\u00d1O - Apuntes de San Luis","robots":{"index":"index","follow":"follow","max-snippet":"max-snippet:-1","max-image-preview":"max-image-preview:large","max-video-preview":"max-video-preview:-1"},"canonical":"https:\/\/apuntesdesanluis.com\/index.php\/2023\/12\/20\/merlo-elaboraran-un-plan-urbano-territorial-e-invitan-al-mercado-navideno\/","og_locale":"es_ES","og_type":"article","og_title":"MERLO: ELABORAR\u00c1N UN PLAN URBANO TERRITORIAL E INVITAN AL MERCADO NAVIDE\u00d1O - Apuntes de San Luis","og_description":"En un esfuerzo conjunto por el desarrollo sostenible y la calidad de vida de la...","og_url":"https:\/\/apuntesdesanluis.com\/index.php\/2023\/12\/20\/merlo-elaboraran-un-plan-urbano-territorial-e-invitan-al-mercado-navideno\/","og_site_name":"Apuntes de San Luis","article_published_time":"2023-12-20T17:59:30+00:00","article_modified_time":"2023-12-20T18:00:28+00:00","og_image":[{"width":900,"height":562,"url":"https:\/\/apuntesdesanluis.com\/wp-content\/uploads\/2023\/09\/merlo.png","type":"image\/png"}],"author":"apuntesdesanluis.com","twitter_card":"summary_large_image","twitter_misc":{"Escrito por":"apuntesdesanluis.com","Tiempo de lectura":"3 minutos"},"schema":{"@context":"https:\/\/schema.org","@graph":[{"@type":"Article","@id":"https:\/\/apuntesdesanluis.com\/index.php\/2023\/12\/20\/merlo-elaboraran-un-plan-urbano-territorial-e-invitan-al-mercado-navideno\/#article","isPartOf":{"@id":"https:\/\/apuntesdesanluis.com\/index.php\/2023\/12\/20\/merlo-elaboraran-un-plan-urbano-territorial-e-invitan-al-mercado-navideno\/"},"author":{"name":"apuntesdesanluis.com","@id":"https:\/\/apuntesdesanluis.com\/#\/schema\/person\/b55151d52296fcce64d1a72538a70b90"},"headline":"MERLO: ELABORAR\u00c1N UN PLAN URBANO TERRITORIAL E INVITAN AL MERCADO NAVIDE\u00d1O","datePublished":"2023-12-20T17:59:30+00:00","dateModified":"2023-12-20T18:00:28+00:00","mainEntityOfPage":{"@id":"https:\/\/apuntesdesanluis.com\/index.php\/2023\/12\/20\/merlo-elaboraran-un-plan-urbano-territorial-e-invitan-al-mercado-navideno\/"},"wordCount":515,"publisher":{"@id":"https:\/\/apuntesdesanluis.com\/#\/schema\/person\/b55151d52296fcce64d1a72538a70b90"},"image":{"@id":"https:\/\/apuntesdesanluis.com\/index.php\/2023\/12\/20\/merlo-elaboraran-un-plan-urbano-territorial-e-invitan-al-mercado-navideno\/#primaryimage"},"thumbnailUrl":"https:\/\/apuntesdesanluis.com\/wp-content\/uploads\/2023\/09\/merlo.png","articleSection":["Ciudad\/Provincia"],"inLanguage":"es-AR"},{"@type":"WebPage","@id":"https:\/\/apuntesdesanluis.com\/index.php\/2023\/12\/20\/merlo-elaboraran-un-plan-urbano-territorial-e-invitan-al-mercado-navideno\/","url":"https:\/\/apuntesdesanluis.com\/index.php\/2023\/12\/20\/merlo-elaboraran-un-plan-urbano-territorial-e-invitan-al-mercado-navideno\/","name":"MERLO: ELABORAR\u00c1N UN PLAN URBANO TERRITORIAL E INVITAN AL MERCADO NAVIDE\u00d1O - Apuntes de San Luis","isPartOf":{"@id":"https:\/\/apuntesdesanluis.com\/#website"},"primaryImageOfPage":{"@id":"https:\/\/apuntesdesanluis.com\/index.php\/2023\/12\/20\/merlo-elaboraran-un-plan-urbano-territorial-e-invitan-al-mercado-navideno\/#primaryimage"},"image":{"@id":"https:\/\/apuntesdesanluis.com\/index.php\/2023\/12\/20\/merlo-elaboraran-un-plan-urbano-territorial-e-invitan-al-mercado-navideno\/#primaryimage"},"thumbnailUrl":"https:\/\/apuntesdesanluis.com\/wp-content\/uploads\/2023\/09\/merlo.png","datePublished":"2023-12-20T17:59:30+00:00","dateModified":"2023-12-20T18:00:28+00:00","breadcrumb":{"@id":"https:\/\/apuntesdesanluis.com\/index.php\/2023\/12\/20\/merlo-elaboraran-un-plan-urbano-territorial-e-invitan-al-mercado-navideno\/#breadcrumb"},"inLanguage":"es-AR","potentialAction":[{"@type":"ReadAction","target":["https:\/\/apuntesdesanluis.com\/index.php\/2023\/12\/20\/merlo-elaboraran-un-plan-urbano-territorial-e-invitan-al-mercado-navideno\/"]}]},{"@type":"ImageObject","inLanguage":"es-AR","@id":"https:\/\/apuntesdesanluis.com\/index.php\/2023\/12\/20\/merlo-elaboraran-un-plan-urbano-territorial-e-invitan-al-mercado-navideno\/#primaryimage","url":"https:\/\/apuntesdesanluis.com\/wp-content\/uploads\/2023\/09\/merlo.png","contentUrl":"https:\/\/apuntesdesanluis.com\/wp-content\/uploads\/2023\/09\/merlo.png","width":900,"height":562},{"@type":"BreadcrumbList","@id":"https:\/\/apuntesdesanluis.com\/index.php\/2023\/12\/20\/merlo-elaboraran-un-plan-urbano-territorial-e-invitan-al-mercado-navideno\/#breadcrumb","itemListElement":[{"@type":"ListItem","position":1,"name":"Inicio","item":"https:\/\/apuntesdesanluis.com\/"},{"@type":"ListItem","position":2,"name":"MERLO: ELABORAR\u00c1N UN PLAN URBANO TERRITORIAL E INVITAN AL MERCADO NAVIDE\u00d1O"}]},{"@type":"WebSite","@id":"https:\/\/apuntesdesanluis.com\/#website","url":"https:\/\/apuntesdesanluis.com\/","name":"Apuntes de San Luis","description":"","publisher":{"@id":"https:\/\/apuntesdesanluis.com\/#\/schema\/person\/b55151d52296fcce64d1a72538a70b90"},"potentialAction":[{"@type":"SearchAction","target":{"@type":"EntryPoint","urlTemplate":"https:\/\/apuntesdesanluis.com\/?s={search_term_string}"},"query-input":{"@type":"PropertyValueSpecification","valueRequired":true,"valueName":"search_term_string"}}],"inLanguage":"es-AR"},{"@type":["Person","Organization"],"@id":"https:\/\/apuntesdesanluis.com\/#\/schema\/person\/b55151d52296fcce64d1a72538a70b90","name":"apuntesdesanluis.com","image":{"@type":"ImageObject","inLanguage":"es-AR","@id":"https:\/\/apuntesdesanluis.com\/#\/schema\/person\/image\/","url":"https:\/\/apuntesdesanluis.com\/wp-content\/uploads\/2023\/07\/cropped-apuntesdesanluis.png","contentUrl":"https:\/\/apuntesdesanluis.com\/wp-content\/uploads\/2023\/07\/cropped-apuntesdesanluis.png","width":450,"height":112,"caption":"apuntesdesanluis.com"},"logo":{"@id":"https:\/\/apuntesdesanluis.com\/#\/schema\/person\/image\/"},"sameAs":["https:\/\/apuntesdesanluis.com"],"url":"https:\/\/apuntesdesanluis.com\/index.php\/author\/apuntesdesanluis-com\/"}]}},"featured_image_urls":{"full":["https:\/\/apuntesdesanluis.com\/wp-content\/uploads\/2023\/09\/merlo.png",900,562,false],"thumbnail":["https:\/\/apuntesdesanluis.com\/wp-content\/uploads\/2023\/09\/merlo-150x150.png",150,150,true],"medium":["https:\/\/apuntesdesanluis.com\/wp-content\/uploads\/2023\/09\/merlo-300x187.png",300,187,true],"medium_large":["https:\/\/apuntesdesanluis.com\/wp-content\/uploads\/2023\/09\/merlo-768x480.png",640,400,true],"large":["https:\/\/apuntesdesanluis.com\/wp-content\/uploads\/2023\/09\/merlo.png",640,400,false],"1536x1536":["https:\/\/apuntesdesanluis.com\/wp-content\/uploads\/2023\/09\/merlo.png",900,562,false],"2048x2048":["https:\/\/apuntesdesanluis.com\/wp-content\/uploads\/2023\/09\/merlo.png",900,562,false],"newsever-slider-full":["https:\/\/apuntesdesanluis.com\/wp-content\/uploads\/2023\/09\/merlo.png",900,562,false],"newsever-featured":["https:\/\/apuntesdesanluis.com\/wp-content\/uploads\/2023\/09\/merlo.png",900,562,false],"newsever-medium":["https:\/\/apuntesdesanluis.com\/wp-content\/uploads\/2023\/09\/merlo-720x475.png",720,475,true]},"author_info":{"display_name":"apuntesdesanluis.com","author_link":"https:\/\/apuntesdesanluis.com\/index.php\/author\/apuntesdesanluis-com\/"},"category_info":"<a href=\"https:\/\/apuntesdesanluis.com\/index.php\/category\/ciudad-provincia\/\" rel=\"category tag\">Ciudad\/Provincia<\/a>","tag_info":"Ciudad\/Provincia","comment_count":"0","_links":{"self":[{"href":"https:\/\/apuntesdesanluis.com\/index.php\/wp-json\/wp\/v2\/posts\/8718","targetHints":{"allow":["GET"]}}],"collection":[{"href":"https:\/\/apuntesdesanluis.com\/index.php\/wp-json\/wp\/v2\/posts"}],"about":[{"href":"https:\/\/apuntesdesanluis.com\/index.php\/wp-json\/wp\/v2\/types\/post"}],"author":[{"embeddable":true,"href":"https:\/\/apuntesdesanluis.com\/index.php\/wp-json\/wp\/v2\/users\/1"}],"replies":[{"embeddable":true,"href":"https:\/\/apuntesdesanluis.com\/index.php\/wp-json\/wp\/v2\/comments?post=8718"}],"version-history":[{"count":3,"href":"https:\/\/apuntesdesanluis.com\/index.php\/wp-json\/wp\/v2\/posts\/8718\/revisions"}],"predecessor-version":[{"id":8723,"href":"https:\/\/apuntesdesanluis.com\/index.php\/wp-json\/wp\/v2\/posts\/8718\/revisions\/8723"}],"wp:featuredmedia":[{"embeddable":true,"href":"https:\/\/apuntesdesanluis.com\/index.php\/wp-json\/wp\/v2\/media\/3120"}],"wp:attachment":[{"href":"https:\/\/apuntesdesanluis.com\/index.php\/wp-json\/wp\/v2\/media?parent=8718"}],"wp:term":[{"taxonomy":"category","embeddable":true,"href":"https:\/\/apuntesdesanluis.com\/index.php\/wp-json\/wp\/v2\/categories?post=8718"},{"taxonomy":"post_tag","embeddable":true,"href":"https:\/\/apuntesdesanluis.com\/index.php\/wp-json\/wp\/v2\/tags?post=8718"}],"curies":[{"name":"wp","href":"https:\/\/api.w.org\/{rel}","templated":true}]}}