{"id":8724,"date":"2023-12-20T20:28:41","date_gmt":"2023-12-20T23:28:41","guid":{"rendered":"https:\/\/apuntesdesanluis.com\/?p=8724"},"modified":"2023-12-20T20:28:41","modified_gmt":"2023-12-20T23:28:41","slug":"caza-furtiva-formularon-cargos-a-dos-hombres-que-cazaron-chanchos-jabalies","status":"publish","type":"post","link":"https:\/\/apuntesdesanluis.com\/index.php\/2023\/12\/20\/caza-furtiva-formularon-cargos-a-dos-hombres-que-cazaron-chanchos-jabalies\/","title":{"rendered":"CAZA FURTIVA: FORMULARON CARGOS A DOS HOMBRES QUE CAZARON CHANCHOS JABAL\u00cdES"},"content":{"rendered":"<h3>El hecho ocurri\u00f3 en la localidad de El Fort\u00edn el Patria. El Juez tuvo por formulados los cargos por infracci\u00f3n a la Ley 22.421.<\/h3>\n<h3>Este mi\u00e9rcoles, se desarroll\u00f3 en el Juzgado de Garant\u00eda N\u00ba 2 de la Segunda Circunscripci\u00f3n Judicial una audiencia de formulaci\u00f3n de cargos en el marco de un hecho ocurrido el pasado 18 de diciembre en El Fort\u00edn El Patria, localidad ubicada al sur provincial.<\/h3>\n<h3>Los representantes del Ministerio P\u00fablico Fiscal, Dra. Andrea Court y Dr. Marcelo Palacios formularon cargos a dos hombres por el delito de infracci\u00f3n a la Ley 22.421 (art. 24) en calidad de co-autores.<\/h3>\n<h3>La Ley N\u00ba 22.421 de Conservaci\u00f3n de la fauna es un ordenamiento legal que tiende a resolver los problemas derivados de la depredaci\u00f3n que sufre la fauna silvestre. El Art 24 de dicha ley expresa que \u201cser\u00e1 reprimido con prisi\u00f3n de un (1) mes a un (1) a\u00f1o y con inhabilitaci\u00f3n especial de hasta tres (3) a\u00f1os, el que cazare animales de la fauna silvestre en campo ajeno sin la autorizaci\u00f3n establecida en el Art\u00edculo 16, inciso a), el cual establece que \u201cSer\u00e1 requisito indispensable para practicar la caza: a) Contar con la autorizaci\u00f3n del propietario o administrador o poseedor o tenedor a cualquier t\u00edtulo leg\u00edtimo del fundo\u201d.<\/h3>\n<h3>La fiscal\u00eda relat\u00f3 que el hecho ocurri\u00f3 el 18 de diciembre a las 9:00 hs aproximadamente cuando los imputados ingresaron al establecimiento rural \u201cEl Patria\u201d sin autorizaci\u00f3n y cazaron de manera furtiva dos chanchos jabal\u00edes.<\/h3>\n<h3>En ese momento el casero escuch\u00f3 disparos y se dirigi\u00f3 hacia el lugar donde encontr\u00f3 rastros de una camioneta por lo cual inform\u00f3 a personal policial, luego\u00a0 se dirigi\u00f3 al lugar y a 100 metros de los alambrados estaban los animales.<\/h3>\n<h3>Continu\u00f3 hacia la intersecci\u00f3n de ruta 12 y camino vecinal \u201cPerdido el \u00e1guila\u201d en donde dio con los imputados quienes ten\u00edan un fusil en su poder y la vestimenta con manchas de sangre. Asimismo, la fiscal adjunta inform\u00f3 que el encargado del establecimiento manifest\u00f3 que no hab\u00eda otorgado autorizaci\u00f3n para la caza.<\/h3>\n<h3>La defensa -ejercida por los Dres. Flavio y Gustavo \u00c1vila- manifest\u00f3 que, atento a la hip\u00f3tesis expresada por la fiscal\u00eda,\u00a0 la posici\u00f3n de la defensa es la de determinar algunas cuestiones para elaborar la teor\u00eda del caso que sostendr\u00e1n y agreg\u00f3 que se tomar\u00e1n los tiempos procesales establecidos por el c\u00f3digo para focalizar o verter una hip\u00f3tesis distinta a la fiscal\u00eda o el ofrecimiento de una soluci\u00f3n alternativa. Los imputados se abstuvieron de declarar.<\/h3>\n<h3>En relaci\u00f3n a las medidas de coerci\u00f3n, los fiscales solicitaron la firma del libro del 1 al 10 de cada mes \u2013por el t\u00e9rmino de cuatro meses- en la comisaria correspondiente a la jurisdicci\u00f3n de Fort\u00edn el Patria. La defensa adhiri\u00f3 a la solicitud del Ministerio P\u00fablico Fiscal y pidi\u00f3 la libertad de sus defendidos.<\/h3>\n<h3>Luego de la exposici\u00f3n de las partes, el Dr. Mat\u00edas Farinazzo Tempestini, Juez de Garant\u00edas N\u00ba 2 admiti\u00f3 los cargos formulados por fiscal\u00eda e hizo lugar a las medidas solicitadas.<\/h3>\n","protected":false},"excerpt":{"rendered":"<p>El hecho ocurri\u00f3 en la localidad de El Fort\u00edn el Patria. El Juez tuvo por&#8230;<\/p>\n","protected":false},"author":1,"featured_media":8725,"comment_status":"closed","ping_status":"closed","sticky":false,"template":"","format":"standard","meta":{"footnotes":""},"categories":[6],"tags":[],"class_list":["post-8724","post","type-post","status-publish","format-standard","has-post-thumbnail","hentry","category-ciudad-provincia"],"yoast_head":"<!-- This site is optimized with the Yoast SEO plugin v26.1.1 - https:\/\/yoast.com\/wordpress\/plugins\/seo\/ -->\n<title>CAZA FURTIVA: FORMULARON CARGOS A DOS HOMBRES QUE CAZARON CHANCHOS JABAL\u00cdES - Apuntes de San Luis<\/title>\n<meta name=\"robots\" content=\"index, follow, max-snippet:-1, max-image-preview:large, max-video-preview:-1\" \/>\n<link rel=\"canonical\" href=\"https:\/\/apuntesdesanluis.com\/index.php\/2023\/12\/20\/caza-furtiva-formularon-cargos-a-dos-hombres-que-cazaron-chanchos-jabalies\/\" \/>\n<meta property=\"og:locale\" content=\"es_ES\" \/>\n<meta property=\"og:type\" content=\"article\" \/>\n<meta property=\"og:title\" content=\"CAZA FURTIVA: FORMULARON CARGOS A DOS HOMBRES QUE CAZARON CHANCHOS JABAL\u00cdES - Apuntes de San Luis\" \/>\n<meta property=\"og:description\" content=\"El hecho ocurri\u00f3 en la localidad de El Fort\u00edn el Patria. El Juez tuvo por...\" \/>\n<meta property=\"og:url\" content=\"https:\/\/apuntesdesanluis.com\/index.php\/2023\/12\/20\/caza-furtiva-formularon-cargos-a-dos-hombres-que-cazaron-chanchos-jabalies\/\" \/>\n<meta property=\"og:site_name\" content=\"Apuntes de San Luis\" \/>\n<meta property=\"article:published_time\" content=\"2023-12-20T23:28:41+00:00\" \/>\n<meta property=\"og:image\" content=\"https:\/\/apuntesdesanluis.com\/wp-content\/uploads\/2023\/12\/audiencia-7.png\" \/>\n\t<meta property=\"og:image:width\" content=\"670\" \/>\n\t<meta property=\"og:image:height\" content=\"454\" \/>\n\t<meta property=\"og:image:type\" content=\"image\/png\" \/>\n<meta name=\"author\" content=\"apuntesdesanluis.com\" \/>\n<meta name=\"twitter:card\" content=\"summary_large_image\" \/>\n<meta name=\"twitter:label1\" content=\"Escrito por\" \/>\n\t<meta name=\"twitter:data1\" content=\"apuntesdesanluis.com\" \/>\n\t<meta name=\"twitter:label2\" content=\"Tiempo de lectura\" \/>\n\t<meta name=\"twitter:data2\" content=\"3 minutos\" \/>\n<script type=\"application\/ld+json\" class=\"yoast-schema-graph\">{\"@context\":\"https:\/\/schema.org\",\"@graph\":[{\"@type\":\"Article\",\"@id\":\"https:\/\/apuntesdesanluis.com\/index.php\/2023\/12\/20\/caza-furtiva-formularon-cargos-a-dos-hombres-que-cazaron-chanchos-jabalies\/#article\",\"isPartOf\":{\"@id\":\"https:\/\/apuntesdesanluis.com\/index.php\/2023\/12\/20\/caza-furtiva-formularon-cargos-a-dos-hombres-que-cazaron-chanchos-jabalies\/\"},\"author\":{\"name\":\"apuntesdesanluis.com\",\"@id\":\"https:\/\/apuntesdesanluis.com\/#\/schema\/person\/b55151d52296fcce64d1a72538a70b90\"},\"headline\":\"CAZA FURTIVA: FORMULARON CARGOS A DOS HOMBRES QUE CAZARON CHANCHOS JABAL\u00cdES\",\"datePublished\":\"2023-12-20T23:28:41+00:00\",\"mainEntityOfPage\":{\"@id\":\"https:\/\/apuntesdesanluis.com\/index.php\/2023\/12\/20\/caza-furtiva-formularon-cargos-a-dos-hombres-que-cazaron-chanchos-jabalies\/\"},\"wordCount\":537,\"publisher\":{\"@id\":\"https:\/\/apuntesdesanluis.com\/#\/schema\/person\/b55151d52296fcce64d1a72538a70b90\"},\"image\":{\"@id\":\"https:\/\/apuntesdesanluis.com\/index.php\/2023\/12\/20\/caza-furtiva-formularon-cargos-a-dos-hombres-que-cazaron-chanchos-jabalies\/#primaryimage\"},\"thumbnailUrl\":\"https:\/\/apuntesdesanluis.com\/wp-content\/uploads\/2023\/12\/audiencia-7.png\",\"articleSection\":[\"Ciudad\/Provincia\"],\"inLanguage\":\"es-AR\"},{\"@type\":\"WebPage\",\"@id\":\"https:\/\/apuntesdesanluis.com\/index.php\/2023\/12\/20\/caza-furtiva-formularon-cargos-a-dos-hombres-que-cazaron-chanchos-jabalies\/\",\"url\":\"https:\/\/apuntesdesanluis.com\/index.php\/2023\/12\/20\/caza-furtiva-formularon-cargos-a-dos-hombres-que-cazaron-chanchos-jabalies\/\",\"name\":\"CAZA FURTIVA: FORMULARON CARGOS A DOS HOMBRES QUE CAZARON CHANCHOS JABAL\u00cdES - Apuntes de San Luis\",\"isPartOf\":{\"@id\":\"https:\/\/apuntesdesanluis.com\/#website\"},\"primaryImageOfPage\":{\"@id\":\"https:\/\/apuntesdesanluis.com\/index.php\/2023\/12\/20\/caza-furtiva-formularon-cargos-a-dos-hombres-que-cazaron-chanchos-jabalies\/#primaryimage\"},\"image\":{\"@id\":\"https:\/\/apuntesdesanluis.com\/index.php\/2023\/12\/20\/caza-furtiva-formularon-cargos-a-dos-hombres-que-cazaron-chanchos-jabalies\/#primaryimage\"},\"thumbnailUrl\":\"https:\/\/apuntesdesanluis.com\/wp-content\/uploads\/2023\/12\/audiencia-7.png\",\"datePublished\":\"2023-12-20T23:28:41+00:00\",\"breadcrumb\":{\"@id\":\"https:\/\/apuntesdesanluis.com\/index.php\/2023\/12\/20\/caza-furtiva-formularon-cargos-a-dos-hombres-que-cazaron-chanchos-jabalies\/#breadcrumb\"},\"inLanguage\":\"es-AR\",\"potentialAction\":[{\"@type\":\"ReadAction\",\"target\":[\"https:\/\/apuntesdesanluis.com\/index.php\/2023\/12\/20\/caza-furtiva-formularon-cargos-a-dos-hombres-que-cazaron-chanchos-jabalies\/\"]}]},{\"@type\":\"ImageObject\",\"inLanguage\":\"es-AR\",\"@id\":\"https:\/\/apuntesdesanluis.com\/index.php\/2023\/12\/20\/caza-furtiva-formularon-cargos-a-dos-hombres-que-cazaron-chanchos-jabalies\/#primaryimage\",\"url\":\"https:\/\/apuntesdesanluis.com\/wp-content\/uploads\/2023\/12\/audiencia-7.png\",\"contentUrl\":\"https:\/\/apuntesdesanluis.com\/wp-content\/uploads\/2023\/12\/audiencia-7.png\",\"width\":670,\"height\":454},{\"@type\":\"BreadcrumbList\",\"@id\":\"https:\/\/apuntesdesanluis.com\/index.php\/2023\/12\/20\/caza-furtiva-formularon-cargos-a-dos-hombres-que-cazaron-chanchos-jabalies\/#breadcrumb\",\"itemListElement\":[{\"@type\":\"ListItem\",\"position\":1,\"name\":\"Inicio\",\"item\":\"https:\/\/apuntesdesanluis.com\/\"},{\"@type\":\"ListItem\",\"position\":2,\"name\":\"CAZA FURTIVA: FORMULARON CARGOS A DOS HOMBRES QUE CAZARON CHANCHOS JABAL\u00cdES\"}]},{\"@type\":\"WebSite\",\"@id\":\"https:\/\/apuntesdesanluis.com\/#website\",\"url\":\"https:\/\/apuntesdesanluis.com\/\",\"name\":\"Apuntes de San Luis\",\"description\":\"\",\"publisher\":{\"@id\":\"https:\/\/apuntesdesanluis.com\/#\/schema\/person\/b55151d52296fcce64d1a72538a70b90\"},\"potentialAction\":[{\"@type\":\"SearchAction\",\"target\":{\"@type\":\"EntryPoint\",\"urlTemplate\":\"https:\/\/apuntesdesanluis.com\/?s={search_term_string}\"},\"query-input\":{\"@type\":\"PropertyValueSpecification\",\"valueRequired\":true,\"valueName\":\"search_term_string\"}}],\"inLanguage\":\"es-AR\"},{\"@type\":[\"Person\",\"Organization\"],\"@id\":\"https:\/\/apuntesdesanluis.com\/#\/schema\/person\/b55151d52296fcce64d1a72538a70b90\",\"name\":\"apuntesdesanluis.com\",\"image\":{\"@type\":\"ImageObject\",\"inLanguage\":\"es-AR\",\"@id\":\"https:\/\/apuntesdesanluis.com\/#\/schema\/person\/image\/\",\"url\":\"https:\/\/apuntesdesanluis.com\/wp-content\/uploads\/2023\/07\/cropped-apuntesdesanluis.png\",\"contentUrl\":\"https:\/\/apuntesdesanluis.com\/wp-content\/uploads\/2023\/07\/cropped-apuntesdesanluis.png\",\"width\":450,\"height\":112,\"caption\":\"apuntesdesanluis.com\"},\"logo\":{\"@id\":\"https:\/\/apuntesdesanluis.com\/#\/schema\/person\/image\/\"},\"sameAs\":[\"https:\/\/apuntesdesanluis.com\"],\"url\":\"https:\/\/apuntesdesanluis.com\/index.php\/author\/apuntesdesanluis-com\/\"}]}<\/script>\n<!-- \/ Yoast SEO plugin. -->","yoast_head_json":{"title":"CAZA FURTIVA: FORMULARON CARGOS A DOS HOMBRES QUE CAZARON CHANCHOS JABAL\u00cdES - Apuntes de San Luis","robots":{"index":"index","follow":"follow","max-snippet":"max-snippet:-1","max-image-preview":"max-image-preview:large","max-video-preview":"max-video-preview:-1"},"canonical":"https:\/\/apuntesdesanluis.com\/index.php\/2023\/12\/20\/caza-furtiva-formularon-cargos-a-dos-hombres-que-cazaron-chanchos-jabalies\/","og_locale":"es_ES","og_type":"article","og_title":"CAZA FURTIVA: FORMULARON CARGOS A DOS HOMBRES QUE CAZARON CHANCHOS JABAL\u00cdES - Apuntes de San Luis","og_description":"El hecho ocurri\u00f3 en la localidad de El Fort\u00edn el Patria. El Juez tuvo por...","og_url":"https:\/\/apuntesdesanluis.com\/index.php\/2023\/12\/20\/caza-furtiva-formularon-cargos-a-dos-hombres-que-cazaron-chanchos-jabalies\/","og_site_name":"Apuntes de San Luis","article_published_time":"2023-12-20T23:28:41+00:00","og_image":[{"width":670,"height":454,"url":"https:\/\/apuntesdesanluis.com\/wp-content\/uploads\/2023\/12\/audiencia-7.png","type":"image\/png"}],"author":"apuntesdesanluis.com","twitter_card":"summary_large_image","twitter_misc":{"Escrito por":"apuntesdesanluis.com","Tiempo de lectura":"3 minutos"},"schema":{"@context":"https:\/\/schema.org","@graph":[{"@type":"Article","@id":"https:\/\/apuntesdesanluis.com\/index.php\/2023\/12\/20\/caza-furtiva-formularon-cargos-a-dos-hombres-que-cazaron-chanchos-jabalies\/#article","isPartOf":{"@id":"https:\/\/apuntesdesanluis.com\/index.php\/2023\/12\/20\/caza-furtiva-formularon-cargos-a-dos-hombres-que-cazaron-chanchos-jabalies\/"},"author":{"name":"apuntesdesanluis.com","@id":"https:\/\/apuntesdesanluis.com\/#\/schema\/person\/b55151d52296fcce64d1a72538a70b90"},"headline":"CAZA FURTIVA: FORMULARON CARGOS A DOS HOMBRES QUE CAZARON CHANCHOS JABAL\u00cdES","datePublished":"2023-12-20T23:28:41+00:00","mainEntityOfPage":{"@id":"https:\/\/apuntesdesanluis.com\/index.php\/2023\/12\/20\/caza-furtiva-formularon-cargos-a-dos-hombres-que-cazaron-chanchos-jabalies\/"},"wordCount":537,"publisher":{"@id":"https:\/\/apuntesdesanluis.com\/#\/schema\/person\/b55151d52296fcce64d1a72538a70b90"},"image":{"@id":"https:\/\/apuntesdesanluis.com\/index.php\/2023\/12\/20\/caza-furtiva-formularon-cargos-a-dos-hombres-que-cazaron-chanchos-jabalies\/#primaryimage"},"thumbnailUrl":"https:\/\/apuntesdesanluis.com\/wp-content\/uploads\/2023\/12\/audiencia-7.png","articleSection":["Ciudad\/Provincia"],"inLanguage":"es-AR"},{"@type":"WebPage","@id":"https:\/\/apuntesdesanluis.com\/index.php\/2023\/12\/20\/caza-furtiva-formularon-cargos-a-dos-hombres-que-cazaron-chanchos-jabalies\/","url":"https:\/\/apuntesdesanluis.com\/index.php\/2023\/12\/20\/caza-furtiva-formularon-cargos-a-dos-hombres-que-cazaron-chanchos-jabalies\/","name":"CAZA FURTIVA: FORMULARON CARGOS A DOS HOMBRES QUE CAZARON CHANCHOS JABAL\u00cdES - Apuntes de San Luis","isPartOf":{"@id":"https:\/\/apuntesdesanluis.com\/#website"},"primaryImageOfPage":{"@id":"https:\/\/apuntesdesanluis.com\/index.php\/2023\/12\/20\/caza-furtiva-formularon-cargos-a-dos-hombres-que-cazaron-chanchos-jabalies\/#primaryimage"},"image":{"@id":"https:\/\/apuntesdesanluis.com\/index.php\/2023\/12\/20\/caza-furtiva-formularon-cargos-a-dos-hombres-que-cazaron-chanchos-jabalies\/#primaryimage"},"thumbnailUrl":"https:\/\/apuntesdesanluis.com\/wp-content\/uploads\/2023\/12\/audiencia-7.png","datePublished":"2023-12-20T23:28:41+00:00","breadcrumb":{"@id":"https:\/\/apuntesdesanluis.com\/index.php\/2023\/12\/20\/caza-furtiva-formularon-cargos-a-dos-hombres-que-cazaron-chanchos-jabalies\/#breadcrumb"},"inLanguage":"es-AR","potentialAction":[{"@type":"ReadAction","target":["https:\/\/apuntesdesanluis.com\/index.php\/2023\/12\/20\/caza-furtiva-formularon-cargos-a-dos-hombres-que-cazaron-chanchos-jabalies\/"]}]},{"@type":"ImageObject","inLanguage":"es-AR","@id":"https:\/\/apuntesdesanluis.com\/index.php\/2023\/12\/20\/caza-furtiva-formularon-cargos-a-dos-hombres-que-cazaron-chanchos-jabalies\/#primaryimage","url":"https:\/\/apuntesdesanluis.com\/wp-content\/uploads\/2023\/12\/audiencia-7.png","contentUrl":"https:\/\/apuntesdesanluis.com\/wp-content\/uploads\/2023\/12\/audiencia-7.png","width":670,"height":454},{"@type":"BreadcrumbList","@id":"https:\/\/apuntesdesanluis.com\/index.php\/2023\/12\/20\/caza-furtiva-formularon-cargos-a-dos-hombres-que-cazaron-chanchos-jabalies\/#breadcrumb","itemListElement":[{"@type":"ListItem","position":1,"name":"Inicio","item":"https:\/\/apuntesdesanluis.com\/"},{"@type":"ListItem","position":2,"name":"CAZA FURTIVA: FORMULARON CARGOS A DOS HOMBRES QUE CAZARON CHANCHOS JABAL\u00cdES"}]},{"@type":"WebSite","@id":"https:\/\/apuntesdesanluis.com\/#website","url":"https:\/\/apuntesdesanluis.com\/","name":"Apuntes de San Luis","description":"","publisher":{"@id":"https:\/\/apuntesdesanluis.com\/#\/schema\/person\/b55151d52296fcce64d1a72538a70b90"},"potentialAction":[{"@type":"SearchAction","target":{"@type":"EntryPoint","urlTemplate":"https:\/\/apuntesdesanluis.com\/?s={search_term_string}"},"query-input":{"@type":"PropertyValueSpecification","valueRequired":true,"valueName":"search_term_string"}}],"inLanguage":"es-AR"},{"@type":["Person","Organization"],"@id":"https:\/\/apuntesdesanluis.com\/#\/schema\/person\/b55151d52296fcce64d1a72538a70b90","name":"apuntesdesanluis.com","image":{"@type":"ImageObject","inLanguage":"es-AR","@id":"https:\/\/apuntesdesanluis.com\/#\/schema\/person\/image\/","url":"https:\/\/apuntesdesanluis.com\/wp-content\/uploads\/2023\/07\/cropped-apuntesdesanluis.png","contentUrl":"https:\/\/apuntesdesanluis.com\/wp-content\/uploads\/2023\/07\/cropped-apuntesdesanluis.png","width":450,"height":112,"caption":"apuntesdesanluis.com"},"logo":{"@id":"https:\/\/apuntesdesanluis.com\/#\/schema\/person\/image\/"},"sameAs":["https:\/\/apuntesdesanluis.com"],"url":"https:\/\/apuntesdesanluis.com\/index.php\/author\/apuntesdesanluis-com\/"}]}},"featured_image_urls":{"full":["https:\/\/apuntesdesanluis.com\/wp-content\/uploads\/2023\/12\/audiencia-7.png",670,454,false],"thumbnail":["https:\/\/apuntesdesanluis.com\/wp-content\/uploads\/2023\/12\/audiencia-7-150x150.png",150,150,true],"medium":["https:\/\/apuntesdesanluis.com\/wp-content\/uploads\/2023\/12\/audiencia-7-300x203.png",300,203,true],"medium_large":["https:\/\/apuntesdesanluis.com\/wp-content\/uploads\/2023\/12\/audiencia-7.png",640,434,false],"large":["https:\/\/apuntesdesanluis.com\/wp-content\/uploads\/2023\/12\/audiencia-7.png",640,434,false],"1536x1536":["https:\/\/apuntesdesanluis.com\/wp-content\/uploads\/2023\/12\/audiencia-7.png",670,454,false],"2048x2048":["https:\/\/apuntesdesanluis.com\/wp-content\/uploads\/2023\/12\/audiencia-7.png",670,454,false],"newsever-slider-full":["https:\/\/apuntesdesanluis.com\/wp-content\/uploads\/2023\/12\/audiencia-7.png",670,454,false],"newsever-featured":["https:\/\/apuntesdesanluis.com\/wp-content\/uploads\/2023\/12\/audiencia-7.png",670,454,false],"newsever-medium":["https:\/\/apuntesdesanluis.com\/wp-content\/uploads\/2023\/12\/audiencia-7.png",670,454,false]},"author_info":{"display_name":"apuntesdesanluis.com","author_link":"https:\/\/apuntesdesanluis.com\/index.php\/author\/apuntesdesanluis-com\/"},"category_info":"<a href=\"https:\/\/apuntesdesanluis.com\/index.php\/category\/ciudad-provincia\/\" rel=\"category tag\">Ciudad\/Provincia<\/a>","tag_info":"Ciudad\/Provincia","comment_count":"0","_links":{"self":[{"href":"https:\/\/apuntesdesanluis.com\/index.php\/wp-json\/wp\/v2\/posts\/8724","targetHints":{"allow":["GET"]}}],"collection":[{"href":"https:\/\/apuntesdesanluis.com\/index.php\/wp-json\/wp\/v2\/posts"}],"about":[{"href":"https:\/\/apuntesdesanluis.com\/index.php\/wp-json\/wp\/v2\/types\/post"}],"author":[{"embeddable":true,"href":"https:\/\/apuntesdesanluis.com\/index.php\/wp-json\/wp\/v2\/users\/1"}],"replies":[{"embeddable":true,"href":"https:\/\/apuntesdesanluis.com\/index.php\/wp-json\/wp\/v2\/comments?post=8724"}],"version-history":[{"count":1,"href":"https:\/\/apuntesdesanluis.com\/index.php\/wp-json\/wp\/v2\/posts\/8724\/revisions"}],"predecessor-version":[{"id":8726,"href":"https:\/\/apuntesdesanluis.com\/index.php\/wp-json\/wp\/v2\/posts\/8724\/revisions\/8726"}],"wp:featuredmedia":[{"embeddable":true,"href":"https:\/\/apuntesdesanluis.com\/index.php\/wp-json\/wp\/v2\/media\/8725"}],"wp:attachment":[{"href":"https:\/\/apuntesdesanluis.com\/index.php\/wp-json\/wp\/v2\/media?parent=8724"}],"wp:term":[{"taxonomy":"category","embeddable":true,"href":"https:\/\/apuntesdesanluis.com\/index.php\/wp-json\/wp\/v2\/categories?post=8724"},{"taxonomy":"post_tag","embeddable":true,"href":"https:\/\/apuntesdesanluis.com\/index.php\/wp-json\/wp\/v2\/tags?post=8724"}],"curies":[{"name":"wp","href":"https:\/\/api.w.org\/{rel}","templated":true}]}}