{"id":8727,"date":"2023-12-20T20:40:18","date_gmt":"2023-12-20T23:40:18","guid":{"rendered":"https:\/\/apuntesdesanluis.com\/?p=8727"},"modified":"2023-12-20T20:40:18","modified_gmt":"2023-12-20T23:40:18","slug":"grandes-perdidas-materiales-tras-incendiarse-galpon-en-la-zona-franca-de-justo-daract","status":"publish","type":"post","link":"https:\/\/apuntesdesanluis.com\/index.php\/2023\/12\/20\/grandes-perdidas-materiales-tras-incendiarse-galpon-en-la-zona-franca-de-justo-daract\/","title":{"rendered":"GRANDES P\u00c9RDIDAS MATERIALES TRAS INCENDIARSE GALP\u00d3N EN LA ZONA FRANCA DE JUSTO DARACT"},"content":{"rendered":"<h3 class=\"yiv7409174924ydp6329976emsonormal\" style=\"text-align: justify; background: white;\"><span style=\"font-family: 'Arial','sans-serif'; color: #1d2228;\">Durante la madrugada de hoy se detect\u00f3 fuego en el galp\u00f3n N\u00ba 3 del predio. Las llamas avanzaron r\u00e1pidamente y consumieron los elementos que se encontraban en el interior, que eran parte del stock de producci\u00f3n de varias empresas. Fue sofocado aproximadamente a las 8:00. En la investigaci\u00f3n intervienen la Justicia y la Polic\u00eda Federal por tratarse de una zona de tr\u00e1nsito federal.<\/span><\/h3>\n<h3 class=\"yiv7409174924ydp6329976emsonormal\" style=\"text-align: justify; background: white;\"><span style=\"font-family: 'Arial','sans-serif'; color: #1d2228;\">El secretario de Actividades Log\u00edsticas, <strong>Harold Bridger<\/strong>, inform\u00f3 que aproximadamente a las 3:30 de la madrugada de este mi\u00e9rcoles tomaron conocimiento de un principio de incendio en uno de los siete galpones de la Zona Franca de Justo Daract. Espec\u00edficamente en el galp\u00f3n N\u00ba 3.<\/span><\/h3>\n<h3 class=\"yiv7409174924ydp6329976emsonormal\" style=\"text-align: justify; background: white;\"><span style=\"font-family: 'Arial','sans-serif'; color: #1d2228;\">\u201cInmediatamente se dio aviso a los bomberos y me dirig\u00ed al lugar para interiorizarme de la situaci\u00f3n. Con el correr de los minutos el fuego avanz\u00f3 y tom\u00f3 la totalidad del galp\u00f3n, que qued\u00f3 destrozado\u201d, indic\u00f3 el funcionario, y agreg\u00f3 que en el interior del edificio hab\u00eda maquinaria y stock de varias empresas, principalmente discos de corte y cubiertas de m\u00e1quinas viales, las que se cree pudieron acelerar el incendio.<\/span><\/h3>\n<p><img fetchpriority=\"high\" decoding=\"async\" class=\"wp-image-8729 aligncenter\" src=\"https:\/\/apuntesdesanluis.com\/wp-content\/uploads\/2023\/12\/dos-1-300x92.png\" alt=\"\" width=\"714\" height=\"219\" srcset=\"https:\/\/apuntesdesanluis.com\/wp-content\/uploads\/2023\/12\/dos-1-300x92.png 300w, https:\/\/apuntesdesanluis.com\/wp-content\/uploads\/2023\/12\/dos-1.png 600w\" sizes=\"(max-width: 714px) 100vw, 714px\" \/><\/p>\n<h3 class=\"yiv7409174924ydp6329976emsonormal\" style=\"text-align: justify; background: white;\"><span style=\"font-family: 'Arial','sans-serif'; color: #1d2228;\">En el lugar actuaron bomberos voluntarios de Justo Daract y de Villa Mercedes quienes lograron sofocar el fuego aproximadamente a las 8:00. En lo que respecta a la investigaci\u00f3n para determinar la causa del incendio, se dio intervenci\u00f3n a la Polic\u00eda Federal, a la Justicia Federal y a la Secretar\u00eda de \u00c9tica P\u00fablica y Control de Gesti\u00f3n de la Provincia. \u201cEs importante determinar la causa del fuego, como y por qu\u00e9 comenz\u00f3\u201d, enfatiz\u00f3 Bridger, quien estim\u00f3 que los peritos podr\u00e1n comenzar a trabajar una vez que la zona se enfr\u00ede.<\/span><\/h3>\n<p class=\"yiv7409174924ydp6329976emsonormal\" style=\"text-align: justify; background: white;\"><span style=\"font-family: 'Arial','sans-serif'; color: #1d2228;\">\u00a0<\/span><\/p>\n<p>&nbsp;<\/p>\n<p>&nbsp;<\/p>\n","protected":false},"excerpt":{"rendered":"<p>Durante la madrugada de hoy se detect\u00f3 fuego en el galp\u00f3n N\u00ba 3 del predio&#8230;.<\/p>\n","protected":false},"author":1,"featured_media":8728,"comment_status":"closed","ping_status":"closed","sticky":false,"template":"","format":"standard","meta":{"footnotes":""},"categories":[6],"tags":[],"class_list":["post-8727","post","type-post","status-publish","format-standard","has-post-thumbnail","hentry","category-ciudad-provincia"],"yoast_head":"<!-- This site is optimized with the Yoast SEO plugin v26.1.1 - https:\/\/yoast.com\/wordpress\/plugins\/seo\/ -->\n<title>GRANDES P\u00c9RDIDAS MATERIALES TRAS INCENDIARSE GALP\u00d3N EN LA ZONA FRANCA DE JUSTO DARACT - Apuntes de San Luis<\/title>\n<meta name=\"robots\" content=\"index, follow, max-snippet:-1, max-image-preview:large, max-video-preview:-1\" \/>\n<link rel=\"canonical\" href=\"https:\/\/apuntesdesanluis.com\/index.php\/2023\/12\/20\/grandes-perdidas-materiales-tras-incendiarse-galpon-en-la-zona-franca-de-justo-daract\/\" \/>\n<meta property=\"og:locale\" content=\"es_ES\" \/>\n<meta property=\"og:type\" content=\"article\" \/>\n<meta property=\"og:title\" content=\"GRANDES P\u00c9RDIDAS MATERIALES TRAS INCENDIARSE GALP\u00d3N EN LA ZONA FRANCA DE JUSTO DARACT - Apuntes de San Luis\" \/>\n<meta property=\"og:description\" content=\"Durante la madrugada de hoy se detect\u00f3 fuego en el galp\u00f3n N\u00ba 3 del predio....\" \/>\n<meta property=\"og:url\" content=\"https:\/\/apuntesdesanluis.com\/index.php\/2023\/12\/20\/grandes-perdidas-materiales-tras-incendiarse-galpon-en-la-zona-franca-de-justo-daract\/\" \/>\n<meta property=\"og:site_name\" content=\"Apuntes de San Luis\" \/>\n<meta property=\"article:published_time\" content=\"2023-12-20T23:40:18+00:00\" \/>\n<meta property=\"og:image\" content=\"https:\/\/apuntesdesanluis.com\/wp-content\/uploads\/2023\/12\/galpon.png\" \/>\n\t<meta property=\"og:image:width\" content=\"600\" \/>\n\t<meta property=\"og:image:height\" content=\"360\" \/>\n\t<meta property=\"og:image:type\" content=\"image\/png\" \/>\n<meta name=\"author\" content=\"apuntesdesanluis.com\" \/>\n<meta name=\"twitter:card\" content=\"summary_large_image\" \/>\n<meta name=\"twitter:label1\" content=\"Escrito por\" \/>\n\t<meta name=\"twitter:data1\" content=\"apuntesdesanluis.com\" \/>\n\t<meta name=\"twitter:label2\" content=\"Tiempo de lectura\" \/>\n\t<meta name=\"twitter:data2\" content=\"2 minutos\" \/>\n<script type=\"application\/ld+json\" class=\"yoast-schema-graph\">{\"@context\":\"https:\/\/schema.org\",\"@graph\":[{\"@type\":\"Article\",\"@id\":\"https:\/\/apuntesdesanluis.com\/index.php\/2023\/12\/20\/grandes-perdidas-materiales-tras-incendiarse-galpon-en-la-zona-franca-de-justo-daract\/#article\",\"isPartOf\":{\"@id\":\"https:\/\/apuntesdesanluis.com\/index.php\/2023\/12\/20\/grandes-perdidas-materiales-tras-incendiarse-galpon-en-la-zona-franca-de-justo-daract\/\"},\"author\":{\"name\":\"apuntesdesanluis.com\",\"@id\":\"https:\/\/apuntesdesanluis.com\/#\/schema\/person\/b55151d52296fcce64d1a72538a70b90\"},\"headline\":\"GRANDES P\u00c9RDIDAS MATERIALES TRAS INCENDIARSE GALP\u00d3N EN LA ZONA FRANCA DE JUSTO DARACT\",\"datePublished\":\"2023-12-20T23:40:18+00:00\",\"mainEntityOfPage\":{\"@id\":\"https:\/\/apuntesdesanluis.com\/index.php\/2023\/12\/20\/grandes-perdidas-materiales-tras-incendiarse-galpon-en-la-zona-franca-de-justo-daract\/\"},\"wordCount\":302,\"publisher\":{\"@id\":\"https:\/\/apuntesdesanluis.com\/#\/schema\/person\/b55151d52296fcce64d1a72538a70b90\"},\"image\":{\"@id\":\"https:\/\/apuntesdesanluis.com\/index.php\/2023\/12\/20\/grandes-perdidas-materiales-tras-incendiarse-galpon-en-la-zona-franca-de-justo-daract\/#primaryimage\"},\"thumbnailUrl\":\"https:\/\/apuntesdesanluis.com\/wp-content\/uploads\/2023\/12\/galpon.png\",\"articleSection\":[\"Ciudad\/Provincia\"],\"inLanguage\":\"es-AR\"},{\"@type\":\"WebPage\",\"@id\":\"https:\/\/apuntesdesanluis.com\/index.php\/2023\/12\/20\/grandes-perdidas-materiales-tras-incendiarse-galpon-en-la-zona-franca-de-justo-daract\/\",\"url\":\"https:\/\/apuntesdesanluis.com\/index.php\/2023\/12\/20\/grandes-perdidas-materiales-tras-incendiarse-galpon-en-la-zona-franca-de-justo-daract\/\",\"name\":\"GRANDES P\u00c9RDIDAS MATERIALES TRAS INCENDIARSE GALP\u00d3N EN LA ZONA FRANCA DE JUSTO DARACT - Apuntes de San Luis\",\"isPartOf\":{\"@id\":\"https:\/\/apuntesdesanluis.com\/#website\"},\"primaryImageOfPage\":{\"@id\":\"https:\/\/apuntesdesanluis.com\/index.php\/2023\/12\/20\/grandes-perdidas-materiales-tras-incendiarse-galpon-en-la-zona-franca-de-justo-daract\/#primaryimage\"},\"image\":{\"@id\":\"https:\/\/apuntesdesanluis.com\/index.php\/2023\/12\/20\/grandes-perdidas-materiales-tras-incendiarse-galpon-en-la-zona-franca-de-justo-daract\/#primaryimage\"},\"thumbnailUrl\":\"https:\/\/apuntesdesanluis.com\/wp-content\/uploads\/2023\/12\/galpon.png\",\"datePublished\":\"2023-12-20T23:40:18+00:00\",\"breadcrumb\":{\"@id\":\"https:\/\/apuntesdesanluis.com\/index.php\/2023\/12\/20\/grandes-perdidas-materiales-tras-incendiarse-galpon-en-la-zona-franca-de-justo-daract\/#breadcrumb\"},\"inLanguage\":\"es-AR\",\"potentialAction\":[{\"@type\":\"ReadAction\",\"target\":[\"https:\/\/apuntesdesanluis.com\/index.php\/2023\/12\/20\/grandes-perdidas-materiales-tras-incendiarse-galpon-en-la-zona-franca-de-justo-daract\/\"]}]},{\"@type\":\"ImageObject\",\"inLanguage\":\"es-AR\",\"@id\":\"https:\/\/apuntesdesanluis.com\/index.php\/2023\/12\/20\/grandes-perdidas-materiales-tras-incendiarse-galpon-en-la-zona-franca-de-justo-daract\/#primaryimage\",\"url\":\"https:\/\/apuntesdesanluis.com\/wp-content\/uploads\/2023\/12\/galpon.png\",\"contentUrl\":\"https:\/\/apuntesdesanluis.com\/wp-content\/uploads\/2023\/12\/galpon.png\",\"width\":600,\"height\":360},{\"@type\":\"BreadcrumbList\",\"@id\":\"https:\/\/apuntesdesanluis.com\/index.php\/2023\/12\/20\/grandes-perdidas-materiales-tras-incendiarse-galpon-en-la-zona-franca-de-justo-daract\/#breadcrumb\",\"itemListElement\":[{\"@type\":\"ListItem\",\"position\":1,\"name\":\"Inicio\",\"item\":\"https:\/\/apuntesdesanluis.com\/\"},{\"@type\":\"ListItem\",\"position\":2,\"name\":\"GRANDES P\u00c9RDIDAS MATERIALES TRAS INCENDIARSE GALP\u00d3N EN LA ZONA FRANCA DE JUSTO DARACT\"}]},{\"@type\":\"WebSite\",\"@id\":\"https:\/\/apuntesdesanluis.com\/#website\",\"url\":\"https:\/\/apuntesdesanluis.com\/\",\"name\":\"Apuntes de San Luis\",\"description\":\"\",\"publisher\":{\"@id\":\"https:\/\/apuntesdesanluis.com\/#\/schema\/person\/b55151d52296fcce64d1a72538a70b90\"},\"potentialAction\":[{\"@type\":\"SearchAction\",\"target\":{\"@type\":\"EntryPoint\",\"urlTemplate\":\"https:\/\/apuntesdesanluis.com\/?s={search_term_string}\"},\"query-input\":{\"@type\":\"PropertyValueSpecification\",\"valueRequired\":true,\"valueName\":\"search_term_string\"}}],\"inLanguage\":\"es-AR\"},{\"@type\":[\"Person\",\"Organization\"],\"@id\":\"https:\/\/apuntesdesanluis.com\/#\/schema\/person\/b55151d52296fcce64d1a72538a70b90\",\"name\":\"apuntesdesanluis.com\",\"image\":{\"@type\":\"ImageObject\",\"inLanguage\":\"es-AR\",\"@id\":\"https:\/\/apuntesdesanluis.com\/#\/schema\/person\/image\/\",\"url\":\"https:\/\/apuntesdesanluis.com\/wp-content\/uploads\/2023\/07\/cropped-apuntesdesanluis.png\",\"contentUrl\":\"https:\/\/apuntesdesanluis.com\/wp-content\/uploads\/2023\/07\/cropped-apuntesdesanluis.png\",\"width\":450,\"height\":112,\"caption\":\"apuntesdesanluis.com\"},\"logo\":{\"@id\":\"https:\/\/apuntesdesanluis.com\/#\/schema\/person\/image\/\"},\"sameAs\":[\"https:\/\/apuntesdesanluis.com\"],\"url\":\"https:\/\/apuntesdesanluis.com\/index.php\/author\/apuntesdesanluis-com\/\"}]}<\/script>\n<!-- \/ Yoast SEO plugin. -->","yoast_head_json":{"title":"GRANDES P\u00c9RDIDAS MATERIALES TRAS INCENDIARSE GALP\u00d3N EN LA ZONA FRANCA DE JUSTO DARACT - Apuntes de San Luis","robots":{"index":"index","follow":"follow","max-snippet":"max-snippet:-1","max-image-preview":"max-image-preview:large","max-video-preview":"max-video-preview:-1"},"canonical":"https:\/\/apuntesdesanluis.com\/index.php\/2023\/12\/20\/grandes-perdidas-materiales-tras-incendiarse-galpon-en-la-zona-franca-de-justo-daract\/","og_locale":"es_ES","og_type":"article","og_title":"GRANDES P\u00c9RDIDAS MATERIALES TRAS INCENDIARSE GALP\u00d3N EN LA ZONA FRANCA DE JUSTO DARACT - Apuntes de San Luis","og_description":"Durante la madrugada de hoy se detect\u00f3 fuego en el galp\u00f3n N\u00ba 3 del predio....","og_url":"https:\/\/apuntesdesanluis.com\/index.php\/2023\/12\/20\/grandes-perdidas-materiales-tras-incendiarse-galpon-en-la-zona-franca-de-justo-daract\/","og_site_name":"Apuntes de San Luis","article_published_time":"2023-12-20T23:40:18+00:00","og_image":[{"width":600,"height":360,"url":"https:\/\/apuntesdesanluis.com\/wp-content\/uploads\/2023\/12\/galpon.png","type":"image\/png"}],"author":"apuntesdesanluis.com","twitter_card":"summary_large_image","twitter_misc":{"Escrito por":"apuntesdesanluis.com","Tiempo de lectura":"2 minutos"},"schema":{"@context":"https:\/\/schema.org","@graph":[{"@type":"Article","@id":"https:\/\/apuntesdesanluis.com\/index.php\/2023\/12\/20\/grandes-perdidas-materiales-tras-incendiarse-galpon-en-la-zona-franca-de-justo-daract\/#article","isPartOf":{"@id":"https:\/\/apuntesdesanluis.com\/index.php\/2023\/12\/20\/grandes-perdidas-materiales-tras-incendiarse-galpon-en-la-zona-franca-de-justo-daract\/"},"author":{"name":"apuntesdesanluis.com","@id":"https:\/\/apuntesdesanluis.com\/#\/schema\/person\/b55151d52296fcce64d1a72538a70b90"},"headline":"GRANDES P\u00c9RDIDAS MATERIALES TRAS INCENDIARSE GALP\u00d3N EN LA ZONA FRANCA DE JUSTO DARACT","datePublished":"2023-12-20T23:40:18+00:00","mainEntityOfPage":{"@id":"https:\/\/apuntesdesanluis.com\/index.php\/2023\/12\/20\/grandes-perdidas-materiales-tras-incendiarse-galpon-en-la-zona-franca-de-justo-daract\/"},"wordCount":302,"publisher":{"@id":"https:\/\/apuntesdesanluis.com\/#\/schema\/person\/b55151d52296fcce64d1a72538a70b90"},"image":{"@id":"https:\/\/apuntesdesanluis.com\/index.php\/2023\/12\/20\/grandes-perdidas-materiales-tras-incendiarse-galpon-en-la-zona-franca-de-justo-daract\/#primaryimage"},"thumbnailUrl":"https:\/\/apuntesdesanluis.com\/wp-content\/uploads\/2023\/12\/galpon.png","articleSection":["Ciudad\/Provincia"],"inLanguage":"es-AR"},{"@type":"WebPage","@id":"https:\/\/apuntesdesanluis.com\/index.php\/2023\/12\/20\/grandes-perdidas-materiales-tras-incendiarse-galpon-en-la-zona-franca-de-justo-daract\/","url":"https:\/\/apuntesdesanluis.com\/index.php\/2023\/12\/20\/grandes-perdidas-materiales-tras-incendiarse-galpon-en-la-zona-franca-de-justo-daract\/","name":"GRANDES P\u00c9RDIDAS MATERIALES TRAS INCENDIARSE GALP\u00d3N EN LA ZONA FRANCA DE JUSTO DARACT - Apuntes de San Luis","isPartOf":{"@id":"https:\/\/apuntesdesanluis.com\/#website"},"primaryImageOfPage":{"@id":"https:\/\/apuntesdesanluis.com\/index.php\/2023\/12\/20\/grandes-perdidas-materiales-tras-incendiarse-galpon-en-la-zona-franca-de-justo-daract\/#primaryimage"},"image":{"@id":"https:\/\/apuntesdesanluis.com\/index.php\/2023\/12\/20\/grandes-perdidas-materiales-tras-incendiarse-galpon-en-la-zona-franca-de-justo-daract\/#primaryimage"},"thumbnailUrl":"https:\/\/apuntesdesanluis.com\/wp-content\/uploads\/2023\/12\/galpon.png","datePublished":"2023-12-20T23:40:18+00:00","breadcrumb":{"@id":"https:\/\/apuntesdesanluis.com\/index.php\/2023\/12\/20\/grandes-perdidas-materiales-tras-incendiarse-galpon-en-la-zona-franca-de-justo-daract\/#breadcrumb"},"inLanguage":"es-AR","potentialAction":[{"@type":"ReadAction","target":["https:\/\/apuntesdesanluis.com\/index.php\/2023\/12\/20\/grandes-perdidas-materiales-tras-incendiarse-galpon-en-la-zona-franca-de-justo-daract\/"]}]},{"@type":"ImageObject","inLanguage":"es-AR","@id":"https:\/\/apuntesdesanluis.com\/index.php\/2023\/12\/20\/grandes-perdidas-materiales-tras-incendiarse-galpon-en-la-zona-franca-de-justo-daract\/#primaryimage","url":"https:\/\/apuntesdesanluis.com\/wp-content\/uploads\/2023\/12\/galpon.png","contentUrl":"https:\/\/apuntesdesanluis.com\/wp-content\/uploads\/2023\/12\/galpon.png","width":600,"height":360},{"@type":"BreadcrumbList","@id":"https:\/\/apuntesdesanluis.com\/index.php\/2023\/12\/20\/grandes-perdidas-materiales-tras-incendiarse-galpon-en-la-zona-franca-de-justo-daract\/#breadcrumb","itemListElement":[{"@type":"ListItem","position":1,"name":"Inicio","item":"https:\/\/apuntesdesanluis.com\/"},{"@type":"ListItem","position":2,"name":"GRANDES P\u00c9RDIDAS MATERIALES TRAS INCENDIARSE GALP\u00d3N EN LA ZONA FRANCA DE JUSTO DARACT"}]},{"@type":"WebSite","@id":"https:\/\/apuntesdesanluis.com\/#website","url":"https:\/\/apuntesdesanluis.com\/","name":"Apuntes de San Luis","description":"","publisher":{"@id":"https:\/\/apuntesdesanluis.com\/#\/schema\/person\/b55151d52296fcce64d1a72538a70b90"},"potentialAction":[{"@type":"SearchAction","target":{"@type":"EntryPoint","urlTemplate":"https:\/\/apuntesdesanluis.com\/?s={search_term_string}"},"query-input":{"@type":"PropertyValueSpecification","valueRequired":true,"valueName":"search_term_string"}}],"inLanguage":"es-AR"},{"@type":["Person","Organization"],"@id":"https:\/\/apuntesdesanluis.com\/#\/schema\/person\/b55151d52296fcce64d1a72538a70b90","name":"apuntesdesanluis.com","image":{"@type":"ImageObject","inLanguage":"es-AR","@id":"https:\/\/apuntesdesanluis.com\/#\/schema\/person\/image\/","url":"https:\/\/apuntesdesanluis.com\/wp-content\/uploads\/2023\/07\/cropped-apuntesdesanluis.png","contentUrl":"https:\/\/apuntesdesanluis.com\/wp-content\/uploads\/2023\/07\/cropped-apuntesdesanluis.png","width":450,"height":112,"caption":"apuntesdesanluis.com"},"logo":{"@id":"https:\/\/apuntesdesanluis.com\/#\/schema\/person\/image\/"},"sameAs":["https:\/\/apuntesdesanluis.com"],"url":"https:\/\/apuntesdesanluis.com\/index.php\/author\/apuntesdesanluis-com\/"}]}},"featured_image_urls":{"full":["https:\/\/apuntesdesanluis.com\/wp-content\/uploads\/2023\/12\/galpon.png",600,360,false],"thumbnail":["https:\/\/apuntesdesanluis.com\/wp-content\/uploads\/2023\/12\/galpon-150x150.png",150,150,true],"medium":["https:\/\/apuntesdesanluis.com\/wp-content\/uploads\/2023\/12\/galpon-300x180.png",300,180,true],"medium_large":["https:\/\/apuntesdesanluis.com\/wp-content\/uploads\/2023\/12\/galpon.png",600,360,false],"large":["https:\/\/apuntesdesanluis.com\/wp-content\/uploads\/2023\/12\/galpon.png",600,360,false],"1536x1536":["https:\/\/apuntesdesanluis.com\/wp-content\/uploads\/2023\/12\/galpon.png",600,360,false],"2048x2048":["https:\/\/apuntesdesanluis.com\/wp-content\/uploads\/2023\/12\/galpon.png",600,360,false],"newsever-slider-full":["https:\/\/apuntesdesanluis.com\/wp-content\/uploads\/2023\/12\/galpon.png",600,360,false],"newsever-featured":["https:\/\/apuntesdesanluis.com\/wp-content\/uploads\/2023\/12\/galpon.png",600,360,false],"newsever-medium":["https:\/\/apuntesdesanluis.com\/wp-content\/uploads\/2023\/12\/galpon.png",600,360,false]},"author_info":{"display_name":"apuntesdesanluis.com","author_link":"https:\/\/apuntesdesanluis.com\/index.php\/author\/apuntesdesanluis-com\/"},"category_info":"<a href=\"https:\/\/apuntesdesanluis.com\/index.php\/category\/ciudad-provincia\/\" rel=\"category tag\">Ciudad\/Provincia<\/a>","tag_info":"Ciudad\/Provincia","comment_count":"0","_links":{"self":[{"href":"https:\/\/apuntesdesanluis.com\/index.php\/wp-json\/wp\/v2\/posts\/8727","targetHints":{"allow":["GET"]}}],"collection":[{"href":"https:\/\/apuntesdesanluis.com\/index.php\/wp-json\/wp\/v2\/posts"}],"about":[{"href":"https:\/\/apuntesdesanluis.com\/index.php\/wp-json\/wp\/v2\/types\/post"}],"author":[{"embeddable":true,"href":"https:\/\/apuntesdesanluis.com\/index.php\/wp-json\/wp\/v2\/users\/1"}],"replies":[{"embeddable":true,"href":"https:\/\/apuntesdesanluis.com\/index.php\/wp-json\/wp\/v2\/comments?post=8727"}],"version-history":[{"count":1,"href":"https:\/\/apuntesdesanluis.com\/index.php\/wp-json\/wp\/v2\/posts\/8727\/revisions"}],"predecessor-version":[{"id":8730,"href":"https:\/\/apuntesdesanluis.com\/index.php\/wp-json\/wp\/v2\/posts\/8727\/revisions\/8730"}],"wp:featuredmedia":[{"embeddable":true,"href":"https:\/\/apuntesdesanluis.com\/index.php\/wp-json\/wp\/v2\/media\/8728"}],"wp:attachment":[{"href":"https:\/\/apuntesdesanluis.com\/index.php\/wp-json\/wp\/v2\/media?parent=8727"}],"wp:term":[{"taxonomy":"category","embeddable":true,"href":"https:\/\/apuntesdesanluis.com\/index.php\/wp-json\/wp\/v2\/categories?post=8727"},{"taxonomy":"post_tag","embeddable":true,"href":"https:\/\/apuntesdesanluis.com\/index.php\/wp-json\/wp\/v2\/tags?post=8727"}],"curies":[{"name":"wp","href":"https:\/\/api.w.org\/{rel}","templated":true}]}}