{"id":873,"date":"2023-08-01T20:39:24","date_gmt":"2023-08-01T23:39:24","guid":{"rendered":"https:\/\/apuntesdesanluis.com\/?p=873"},"modified":"2023-08-01T20:41:51","modified_gmt":"2023-08-01T23:41:51","slug":"el-oficialismo-sigue-ganando-espacios-designo-al-defensor-del-pueblo-y-copo-el-tribunal-de-cuentas","status":"publish","type":"post","link":"https:\/\/apuntesdesanluis.com\/index.php\/2023\/08\/01\/el-oficialismo-sigue-ganando-espacios-designo-al-defensor-del-pueblo-y-copo-el-tribunal-de-cuentas\/","title":{"rendered":"EL OFICIALISMO SIGUE GANANDO ESPACIOS: DESIGN\u00d3 AL DEFENSOR DEL PUEBLO Y COP\u00d3 EL TRIBUNAL DE CUENTAS"},"content":{"rendered":"<h3>Ignorando la marcha opositora del lunes y los fuertes cuestionamientos de los legisladores opositores, el oficialismo concret\u00f3 otro paso en pos de \u201ccolonizar\u201d los diferentes espacios de representaci\u00f3n institucional, al designar a <strong>Enrique Ponce<\/strong> como Defensor del Pueblo de la provincia.<\/h3>\n<h3>Fue durante la Asamblea Legislativa desarrollada este martes, presidida por el vicegobernador <strong>Eduardo Mones Ruiz<\/strong>.<\/h3>\n<h3>La designaci\u00f3n del flamante ombudsman se alcanz\u00f3 por la votaci\u00f3n de la mayor\u00eda de los senadores y diputados provinciales del oficialismo, en un encuentro de casi una hora de debate, en donde no faltaron fuertes cruces verbales con miembros opositores. Finalmente la propuesta para elegir al zigzagueante dirigente, Enrique Ponce, fue impuesta por la mayor\u00eda oficialista: 28 votos afirmativos y 20 negativos.<\/h3>\n<h3>Eduardo Mones Ruiz, presidente de la Asamblea Legislativa, fue el encargado de tomarle juramento a Ponce como nuevo defensor del pueblo, para ocupar este cargo que se encontraba vacante desde hace 19 a\u00f1os.<\/h3>\n<h3>Ponce expres\u00f3 que se sent\u00eda \u201chonrado y contento, dispuesto a cumplir con integridad, equidad y responsabilidad\u201d el cargo por el que fue elegido para defender \u201clos intereses del pueblo de la comunidad y de todas aquellas personas que sientan que est\u00e1n siendo vulneradas en sus derechos\u201d.<\/h3>\n<h3>En referencia a la oposici\u00f3n de algunos legisladores a su designaci\u00f3n, afirm\u00f3 que respetaba la opini\u00f3n de todos, pero cre\u00eda que \u201calgunos tienen un error de interpretaci\u00f3n legal, porque como lo dijo tambi\u00e9n uno de ellos, obedece a una formalidad que se ha cumplido y en cuanto a la incompatibilidad, no se cumple, porque como bien lo explic\u00f3 la legisladora Gloria Petrino, corre a partir del momento en el cual uno entra en funciones\u201d.<\/h3>\n<p><img fetchpriority=\"high\" decoding=\"async\" class=\"wp-image-875 aligncenter\" src=\"https:\/\/apuntesdesanluis.com\/wp-content\/uploads\/2023\/08\/Asamblea-Legislativa-300x165.png\" alt=\"\" width=\"825\" height=\"454\" srcset=\"https:\/\/apuntesdesanluis.com\/wp-content\/uploads\/2023\/08\/Asamblea-Legislativa-300x165.png 300w, https:\/\/apuntesdesanluis.com\/wp-content\/uploads\/2023\/08\/Asamblea-Legislativa.png 600w\" sizes=\"(max-width: 825px) 100vw, 825px\" \/><\/p>\n<h3><\/h3>\n<h3><strong>TRIBUNAL DE CUENTAS<\/strong><\/h3>\n<h3>Asimismo, el gobierno cop\u00f3 con integrantes propios el Tribunal de Cuentas de la provincia, que no tendr\u00e1 representaci\u00f3n opositora.<\/h3>\n<h3>En primer t\u00e9rmino, eligi\u00f3 por unanimidad a la actual secretaria de Finanzas, <strong>Cecilia Badaloni<\/strong>, con el apoyo de la oposici\u00f3n. Pero luego, cuando la oposici\u00f3n postul\u00f3 al contador p\u00fablico, <strong>N\u00e9stor Ordo\u00f1ez<\/strong>, para ocupar el lugar de la minor\u00eda, el diputado oficialista (e integrante de un monobloque), Mario Alume Nasif, nomin\u00f3 al actual contador General, <strong>Daniel Marone<\/strong>.<\/h3>\n<h3>En ese momento, en medio de la sorpresa, la totalidad del interbloque opositor se retir\u00f3 del recinto para no convalidar la maniobra.<\/h3>\n<h3>\u201cViene a reflejar una vieja estrategia que ha utilizado en su momento, Cristina Kirchner en el Senado: generar bloques apartes para vulnerar y seguir, de alguna manera, resguardando a los amigos\u201d, sostuvo el diputado <strong>Gast\u00f3n Hissa<\/strong>, afirmando que se trataba de \u201cuna medida \u201cfraudulenta y estafadora para con el pueblo de San Luis\u201d.<\/h3>\n<h3>\u201cUstedes con estas jugarretas, de alguna manera u otra, lo hacen para poder cobijar a los dos mil funcionarios en alg\u00fan lugar. Ya no saben d\u00f3nde, pero est\u00e1n encontrando los lugares. Generan un bloque unipersonal. Con el respecto que me merece el diputado (Alume), viene siendo funcional desde el primer d\u00eda, seguramente tendr\u00e1 tambi\u00e9n alg\u00fan lugar despu\u00e9s del 10 de diciembre\u201d, agreg\u00f3.<\/h3>\n<h3>\u00a0\u201cNo vamos a convalidar esta maniobra porque vamos a judicializar esta actitud que han tenido hoy en la Casa de la Democracia\u201d, adelant\u00f3 Hissa.<\/h3>\n","protected":false},"excerpt":{"rendered":"<p>Ignorando la marcha opositora del lunes y los fuertes cuestionamientos de los legisladores opositores, el&#8230;<\/p>\n","protected":false},"author":1,"featured_media":874,"comment_status":"closed","ping_status":"closed","sticky":false,"template":"","format":"standard","meta":{"footnotes":""},"categories":[6],"tags":[],"class_list":["post-873","post","type-post","status-publish","format-standard","has-post-thumbnail","hentry","category-ciudad-provincia"],"yoast_head":"<!-- This site is optimized with the Yoast SEO plugin v26.1.1 - https:\/\/yoast.com\/wordpress\/plugins\/seo\/ -->\n<title>EL OFICIALISMO SIGUE GANANDO ESPACIOS: DESIGN\u00d3 AL DEFENSOR DEL PUEBLO Y COP\u00d3 EL TRIBUNAL DE CUENTAS - Apuntes de San Luis<\/title>\n<meta name=\"robots\" content=\"index, follow, max-snippet:-1, max-image-preview:large, max-video-preview:-1\" \/>\n<link rel=\"canonical\" href=\"https:\/\/apuntesdesanluis.com\/index.php\/2023\/08\/01\/el-oficialismo-sigue-ganando-espacios-designo-al-defensor-del-pueblo-y-copo-el-tribunal-de-cuentas\/\" \/>\n<meta property=\"og:locale\" content=\"es_ES\" \/>\n<meta property=\"og:type\" content=\"article\" \/>\n<meta property=\"og:title\" content=\"EL OFICIALISMO SIGUE GANANDO ESPACIOS: DESIGN\u00d3 AL DEFENSOR DEL PUEBLO Y COP\u00d3 EL TRIBUNAL DE CUENTAS - Apuntes de San Luis\" \/>\n<meta property=\"og:description\" content=\"Ignorando la marcha opositora del lunes y los fuertes cuestionamientos de los legisladores opositores, el...\" \/>\n<meta property=\"og:url\" content=\"https:\/\/apuntesdesanluis.com\/index.php\/2023\/08\/01\/el-oficialismo-sigue-ganando-espacios-designo-al-defensor-del-pueblo-y-copo-el-tribunal-de-cuentas\/\" \/>\n<meta property=\"og:site_name\" content=\"Apuntes de San Luis\" \/>\n<meta property=\"article:published_time\" content=\"2023-08-01T23:39:24+00:00\" \/>\n<meta property=\"article:modified_time\" content=\"2023-08-01T23:41:51+00:00\" \/>\n<meta property=\"og:image\" content=\"https:\/\/apuntesdesanluis.com\/wp-content\/uploads\/2023\/08\/ponce.png\" \/>\n\t<meta property=\"og:image:width\" content=\"764\" \/>\n\t<meta property=\"og:image:height\" content=\"493\" \/>\n\t<meta property=\"og:image:type\" content=\"image\/png\" \/>\n<meta name=\"author\" content=\"apuntesdesanluis.com\" \/>\n<meta name=\"twitter:card\" content=\"summary_large_image\" \/>\n<meta name=\"twitter:label1\" content=\"Escrito por\" \/>\n\t<meta name=\"twitter:data1\" content=\"apuntesdesanluis.com\" \/>\n\t<meta name=\"twitter:label2\" content=\"Tiempo de lectura\" \/>\n\t<meta name=\"twitter:data2\" content=\"3 minutos\" \/>\n<script type=\"application\/ld+json\" class=\"yoast-schema-graph\">{\"@context\":\"https:\/\/schema.org\",\"@graph\":[{\"@type\":\"Article\",\"@id\":\"https:\/\/apuntesdesanluis.com\/index.php\/2023\/08\/01\/el-oficialismo-sigue-ganando-espacios-designo-al-defensor-del-pueblo-y-copo-el-tribunal-de-cuentas\/#article\",\"isPartOf\":{\"@id\":\"https:\/\/apuntesdesanluis.com\/index.php\/2023\/08\/01\/el-oficialismo-sigue-ganando-espacios-designo-al-defensor-del-pueblo-y-copo-el-tribunal-de-cuentas\/\"},\"author\":{\"name\":\"apuntesdesanluis.com\",\"@id\":\"https:\/\/apuntesdesanluis.com\/#\/schema\/person\/b55151d52296fcce64d1a72538a70b90\"},\"headline\":\"EL OFICIALISMO SIGUE GANANDO ESPACIOS: DESIGN\u00d3 AL DEFENSOR DEL PUEBLO Y COP\u00d3 EL TRIBUNAL DE CUENTAS\",\"datePublished\":\"2023-08-01T23:39:24+00:00\",\"dateModified\":\"2023-08-01T23:41:51+00:00\",\"mainEntityOfPage\":{\"@id\":\"https:\/\/apuntesdesanluis.com\/index.php\/2023\/08\/01\/el-oficialismo-sigue-ganando-espacios-designo-al-defensor-del-pueblo-y-copo-el-tribunal-de-cuentas\/\"},\"wordCount\":552,\"publisher\":{\"@id\":\"https:\/\/apuntesdesanluis.com\/#\/schema\/person\/b55151d52296fcce64d1a72538a70b90\"},\"image\":{\"@id\":\"https:\/\/apuntesdesanluis.com\/index.php\/2023\/08\/01\/el-oficialismo-sigue-ganando-espacios-designo-al-defensor-del-pueblo-y-copo-el-tribunal-de-cuentas\/#primaryimage\"},\"thumbnailUrl\":\"https:\/\/apuntesdesanluis.com\/wp-content\/uploads\/2023\/08\/ponce.png\",\"articleSection\":[\"Ciudad\/Provincia\"],\"inLanguage\":\"es-AR\"},{\"@type\":\"WebPage\",\"@id\":\"https:\/\/apuntesdesanluis.com\/index.php\/2023\/08\/01\/el-oficialismo-sigue-ganando-espacios-designo-al-defensor-del-pueblo-y-copo-el-tribunal-de-cuentas\/\",\"url\":\"https:\/\/apuntesdesanluis.com\/index.php\/2023\/08\/01\/el-oficialismo-sigue-ganando-espacios-designo-al-defensor-del-pueblo-y-copo-el-tribunal-de-cuentas\/\",\"name\":\"EL OFICIALISMO SIGUE GANANDO ESPACIOS: DESIGN\u00d3 AL DEFENSOR DEL PUEBLO Y COP\u00d3 EL TRIBUNAL DE CUENTAS - Apuntes de San Luis\",\"isPartOf\":{\"@id\":\"https:\/\/apuntesdesanluis.com\/#website\"},\"primaryImageOfPage\":{\"@id\":\"https:\/\/apuntesdesanluis.com\/index.php\/2023\/08\/01\/el-oficialismo-sigue-ganando-espacios-designo-al-defensor-del-pueblo-y-copo-el-tribunal-de-cuentas\/#primaryimage\"},\"image\":{\"@id\":\"https:\/\/apuntesdesanluis.com\/index.php\/2023\/08\/01\/el-oficialismo-sigue-ganando-espacios-designo-al-defensor-del-pueblo-y-copo-el-tribunal-de-cuentas\/#primaryimage\"},\"thumbnailUrl\":\"https:\/\/apuntesdesanluis.com\/wp-content\/uploads\/2023\/08\/ponce.png\",\"datePublished\":\"2023-08-01T23:39:24+00:00\",\"dateModified\":\"2023-08-01T23:41:51+00:00\",\"breadcrumb\":{\"@id\":\"https:\/\/apuntesdesanluis.com\/index.php\/2023\/08\/01\/el-oficialismo-sigue-ganando-espacios-designo-al-defensor-del-pueblo-y-copo-el-tribunal-de-cuentas\/#breadcrumb\"},\"inLanguage\":\"es-AR\",\"potentialAction\":[{\"@type\":\"ReadAction\",\"target\":[\"https:\/\/apuntesdesanluis.com\/index.php\/2023\/08\/01\/el-oficialismo-sigue-ganando-espacios-designo-al-defensor-del-pueblo-y-copo-el-tribunal-de-cuentas\/\"]}]},{\"@type\":\"ImageObject\",\"inLanguage\":\"es-AR\",\"@id\":\"https:\/\/apuntesdesanluis.com\/index.php\/2023\/08\/01\/el-oficialismo-sigue-ganando-espacios-designo-al-defensor-del-pueblo-y-copo-el-tribunal-de-cuentas\/#primaryimage\",\"url\":\"https:\/\/apuntesdesanluis.com\/wp-content\/uploads\/2023\/08\/ponce.png\",\"contentUrl\":\"https:\/\/apuntesdesanluis.com\/wp-content\/uploads\/2023\/08\/ponce.png\",\"width\":764,\"height\":493},{\"@type\":\"BreadcrumbList\",\"@id\":\"https:\/\/apuntesdesanluis.com\/index.php\/2023\/08\/01\/el-oficialismo-sigue-ganando-espacios-designo-al-defensor-del-pueblo-y-copo-el-tribunal-de-cuentas\/#breadcrumb\",\"itemListElement\":[{\"@type\":\"ListItem\",\"position\":1,\"name\":\"Inicio\",\"item\":\"https:\/\/apuntesdesanluis.com\/\"},{\"@type\":\"ListItem\",\"position\":2,\"name\":\"EL OFICIALISMO SIGUE GANANDO ESPACIOS: DESIGN\u00d3 AL DEFENSOR DEL PUEBLO Y COP\u00d3 EL TRIBUNAL DE CUENTAS\"}]},{\"@type\":\"WebSite\",\"@id\":\"https:\/\/apuntesdesanluis.com\/#website\",\"url\":\"https:\/\/apuntesdesanluis.com\/\",\"name\":\"Apuntes de San Luis\",\"description\":\"\",\"publisher\":{\"@id\":\"https:\/\/apuntesdesanluis.com\/#\/schema\/person\/b55151d52296fcce64d1a72538a70b90\"},\"potentialAction\":[{\"@type\":\"SearchAction\",\"target\":{\"@type\":\"EntryPoint\",\"urlTemplate\":\"https:\/\/apuntesdesanluis.com\/?s={search_term_string}\"},\"query-input\":{\"@type\":\"PropertyValueSpecification\",\"valueRequired\":true,\"valueName\":\"search_term_string\"}}],\"inLanguage\":\"es-AR\"},{\"@type\":[\"Person\",\"Organization\"],\"@id\":\"https:\/\/apuntesdesanluis.com\/#\/schema\/person\/b55151d52296fcce64d1a72538a70b90\",\"name\":\"apuntesdesanluis.com\",\"image\":{\"@type\":\"ImageObject\",\"inLanguage\":\"es-AR\",\"@id\":\"https:\/\/apuntesdesanluis.com\/#\/schema\/person\/image\/\",\"url\":\"https:\/\/apuntesdesanluis.com\/wp-content\/uploads\/2023\/07\/cropped-apuntesdesanluis.png\",\"contentUrl\":\"https:\/\/apuntesdesanluis.com\/wp-content\/uploads\/2023\/07\/cropped-apuntesdesanluis.png\",\"width\":450,\"height\":112,\"caption\":\"apuntesdesanluis.com\"},\"logo\":{\"@id\":\"https:\/\/apuntesdesanluis.com\/#\/schema\/person\/image\/\"},\"sameAs\":[\"https:\/\/apuntesdesanluis.com\"],\"url\":\"https:\/\/apuntesdesanluis.com\/index.php\/author\/apuntesdesanluis-com\/\"}]}<\/script>\n<!-- \/ Yoast SEO plugin. -->","yoast_head_json":{"title":"EL OFICIALISMO SIGUE GANANDO ESPACIOS: DESIGN\u00d3 AL DEFENSOR DEL PUEBLO Y COP\u00d3 EL TRIBUNAL DE CUENTAS - Apuntes de San Luis","robots":{"index":"index","follow":"follow","max-snippet":"max-snippet:-1","max-image-preview":"max-image-preview:large","max-video-preview":"max-video-preview:-1"},"canonical":"https:\/\/apuntesdesanluis.com\/index.php\/2023\/08\/01\/el-oficialismo-sigue-ganando-espacios-designo-al-defensor-del-pueblo-y-copo-el-tribunal-de-cuentas\/","og_locale":"es_ES","og_type":"article","og_title":"EL OFICIALISMO SIGUE GANANDO ESPACIOS: DESIGN\u00d3 AL DEFENSOR DEL PUEBLO Y COP\u00d3 EL TRIBUNAL DE CUENTAS - Apuntes de San Luis","og_description":"Ignorando la marcha opositora del lunes y los fuertes cuestionamientos de los legisladores opositores, el...","og_url":"https:\/\/apuntesdesanluis.com\/index.php\/2023\/08\/01\/el-oficialismo-sigue-ganando-espacios-designo-al-defensor-del-pueblo-y-copo-el-tribunal-de-cuentas\/","og_site_name":"Apuntes de San Luis","article_published_time":"2023-08-01T23:39:24+00:00","article_modified_time":"2023-08-01T23:41:51+00:00","og_image":[{"width":764,"height":493,"url":"https:\/\/apuntesdesanluis.com\/wp-content\/uploads\/2023\/08\/ponce.png","type":"image\/png"}],"author":"apuntesdesanluis.com","twitter_card":"summary_large_image","twitter_misc":{"Escrito por":"apuntesdesanluis.com","Tiempo de lectura":"3 minutos"},"schema":{"@context":"https:\/\/schema.org","@graph":[{"@type":"Article","@id":"https:\/\/apuntesdesanluis.com\/index.php\/2023\/08\/01\/el-oficialismo-sigue-ganando-espacios-designo-al-defensor-del-pueblo-y-copo-el-tribunal-de-cuentas\/#article","isPartOf":{"@id":"https:\/\/apuntesdesanluis.com\/index.php\/2023\/08\/01\/el-oficialismo-sigue-ganando-espacios-designo-al-defensor-del-pueblo-y-copo-el-tribunal-de-cuentas\/"},"author":{"name":"apuntesdesanluis.com","@id":"https:\/\/apuntesdesanluis.com\/#\/schema\/person\/b55151d52296fcce64d1a72538a70b90"},"headline":"EL OFICIALISMO SIGUE GANANDO ESPACIOS: DESIGN\u00d3 AL DEFENSOR DEL PUEBLO Y COP\u00d3 EL TRIBUNAL DE CUENTAS","datePublished":"2023-08-01T23:39:24+00:00","dateModified":"2023-08-01T23:41:51+00:00","mainEntityOfPage":{"@id":"https:\/\/apuntesdesanluis.com\/index.php\/2023\/08\/01\/el-oficialismo-sigue-ganando-espacios-designo-al-defensor-del-pueblo-y-copo-el-tribunal-de-cuentas\/"},"wordCount":552,"publisher":{"@id":"https:\/\/apuntesdesanluis.com\/#\/schema\/person\/b55151d52296fcce64d1a72538a70b90"},"image":{"@id":"https:\/\/apuntesdesanluis.com\/index.php\/2023\/08\/01\/el-oficialismo-sigue-ganando-espacios-designo-al-defensor-del-pueblo-y-copo-el-tribunal-de-cuentas\/#primaryimage"},"thumbnailUrl":"https:\/\/apuntesdesanluis.com\/wp-content\/uploads\/2023\/08\/ponce.png","articleSection":["Ciudad\/Provincia"],"inLanguage":"es-AR"},{"@type":"WebPage","@id":"https:\/\/apuntesdesanluis.com\/index.php\/2023\/08\/01\/el-oficialismo-sigue-ganando-espacios-designo-al-defensor-del-pueblo-y-copo-el-tribunal-de-cuentas\/","url":"https:\/\/apuntesdesanluis.com\/index.php\/2023\/08\/01\/el-oficialismo-sigue-ganando-espacios-designo-al-defensor-del-pueblo-y-copo-el-tribunal-de-cuentas\/","name":"EL OFICIALISMO SIGUE GANANDO ESPACIOS: DESIGN\u00d3 AL DEFENSOR DEL PUEBLO Y COP\u00d3 EL TRIBUNAL DE CUENTAS - Apuntes de San Luis","isPartOf":{"@id":"https:\/\/apuntesdesanluis.com\/#website"},"primaryImageOfPage":{"@id":"https:\/\/apuntesdesanluis.com\/index.php\/2023\/08\/01\/el-oficialismo-sigue-ganando-espacios-designo-al-defensor-del-pueblo-y-copo-el-tribunal-de-cuentas\/#primaryimage"},"image":{"@id":"https:\/\/apuntesdesanluis.com\/index.php\/2023\/08\/01\/el-oficialismo-sigue-ganando-espacios-designo-al-defensor-del-pueblo-y-copo-el-tribunal-de-cuentas\/#primaryimage"},"thumbnailUrl":"https:\/\/apuntesdesanluis.com\/wp-content\/uploads\/2023\/08\/ponce.png","datePublished":"2023-08-01T23:39:24+00:00","dateModified":"2023-08-01T23:41:51+00:00","breadcrumb":{"@id":"https:\/\/apuntesdesanluis.com\/index.php\/2023\/08\/01\/el-oficialismo-sigue-ganando-espacios-designo-al-defensor-del-pueblo-y-copo-el-tribunal-de-cuentas\/#breadcrumb"},"inLanguage":"es-AR","potentialAction":[{"@type":"ReadAction","target":["https:\/\/apuntesdesanluis.com\/index.php\/2023\/08\/01\/el-oficialismo-sigue-ganando-espacios-designo-al-defensor-del-pueblo-y-copo-el-tribunal-de-cuentas\/"]}]},{"@type":"ImageObject","inLanguage":"es-AR","@id":"https:\/\/apuntesdesanluis.com\/index.php\/2023\/08\/01\/el-oficialismo-sigue-ganando-espacios-designo-al-defensor-del-pueblo-y-copo-el-tribunal-de-cuentas\/#primaryimage","url":"https:\/\/apuntesdesanluis.com\/wp-content\/uploads\/2023\/08\/ponce.png","contentUrl":"https:\/\/apuntesdesanluis.com\/wp-content\/uploads\/2023\/08\/ponce.png","width":764,"height":493},{"@type":"BreadcrumbList","@id":"https:\/\/apuntesdesanluis.com\/index.php\/2023\/08\/01\/el-oficialismo-sigue-ganando-espacios-designo-al-defensor-del-pueblo-y-copo-el-tribunal-de-cuentas\/#breadcrumb","itemListElement":[{"@type":"ListItem","position":1,"name":"Inicio","item":"https:\/\/apuntesdesanluis.com\/"},{"@type":"ListItem","position":2,"name":"EL OFICIALISMO SIGUE GANANDO ESPACIOS: DESIGN\u00d3 AL DEFENSOR DEL PUEBLO Y COP\u00d3 EL TRIBUNAL DE CUENTAS"}]},{"@type":"WebSite","@id":"https:\/\/apuntesdesanluis.com\/#website","url":"https:\/\/apuntesdesanluis.com\/","name":"Apuntes de San Luis","description":"","publisher":{"@id":"https:\/\/apuntesdesanluis.com\/#\/schema\/person\/b55151d52296fcce64d1a72538a70b90"},"potentialAction":[{"@type":"SearchAction","target":{"@type":"EntryPoint","urlTemplate":"https:\/\/apuntesdesanluis.com\/?s={search_term_string}"},"query-input":{"@type":"PropertyValueSpecification","valueRequired":true,"valueName":"search_term_string"}}],"inLanguage":"es-AR"},{"@type":["Person","Organization"],"@id":"https:\/\/apuntesdesanluis.com\/#\/schema\/person\/b55151d52296fcce64d1a72538a70b90","name":"apuntesdesanluis.com","image":{"@type":"ImageObject","inLanguage":"es-AR","@id":"https:\/\/apuntesdesanluis.com\/#\/schema\/person\/image\/","url":"https:\/\/apuntesdesanluis.com\/wp-content\/uploads\/2023\/07\/cropped-apuntesdesanluis.png","contentUrl":"https:\/\/apuntesdesanluis.com\/wp-content\/uploads\/2023\/07\/cropped-apuntesdesanluis.png","width":450,"height":112,"caption":"apuntesdesanluis.com"},"logo":{"@id":"https:\/\/apuntesdesanluis.com\/#\/schema\/person\/image\/"},"sameAs":["https:\/\/apuntesdesanluis.com"],"url":"https:\/\/apuntesdesanluis.com\/index.php\/author\/apuntesdesanluis-com\/"}]}},"featured_image_urls":{"full":["https:\/\/apuntesdesanluis.com\/wp-content\/uploads\/2023\/08\/ponce.png",764,493,false],"thumbnail":["https:\/\/apuntesdesanluis.com\/wp-content\/uploads\/2023\/08\/ponce-150x150.png",150,150,true],"medium":["https:\/\/apuntesdesanluis.com\/wp-content\/uploads\/2023\/08\/ponce-300x194.png",300,194,true],"medium_large":["https:\/\/apuntesdesanluis.com\/wp-content\/uploads\/2023\/08\/ponce.png",640,413,false],"large":["https:\/\/apuntesdesanluis.com\/wp-content\/uploads\/2023\/08\/ponce.png",640,413,false],"1536x1536":["https:\/\/apuntesdesanluis.com\/wp-content\/uploads\/2023\/08\/ponce.png",764,493,false],"2048x2048":["https:\/\/apuntesdesanluis.com\/wp-content\/uploads\/2023\/08\/ponce.png",764,493,false],"newsever-slider-full":["https:\/\/apuntesdesanluis.com\/wp-content\/uploads\/2023\/08\/ponce.png",764,493,false],"newsever-featured":["https:\/\/apuntesdesanluis.com\/wp-content\/uploads\/2023\/08\/ponce.png",764,493,false],"newsever-medium":["https:\/\/apuntesdesanluis.com\/wp-content\/uploads\/2023\/08\/ponce-720x475.png",720,475,true]},"author_info":{"display_name":"apuntesdesanluis.com","author_link":"https:\/\/apuntesdesanluis.com\/index.php\/author\/apuntesdesanluis-com\/"},"category_info":"<a href=\"https:\/\/apuntesdesanluis.com\/index.php\/category\/ciudad-provincia\/\" rel=\"category tag\">Ciudad\/Provincia<\/a>","tag_info":"Ciudad\/Provincia","comment_count":"0","_links":{"self":[{"href":"https:\/\/apuntesdesanluis.com\/index.php\/wp-json\/wp\/v2\/posts\/873","targetHints":{"allow":["GET"]}}],"collection":[{"href":"https:\/\/apuntesdesanluis.com\/index.php\/wp-json\/wp\/v2\/posts"}],"about":[{"href":"https:\/\/apuntesdesanluis.com\/index.php\/wp-json\/wp\/v2\/types\/post"}],"author":[{"embeddable":true,"href":"https:\/\/apuntesdesanluis.com\/index.php\/wp-json\/wp\/v2\/users\/1"}],"replies":[{"embeddable":true,"href":"https:\/\/apuntesdesanluis.com\/index.php\/wp-json\/wp\/v2\/comments?post=873"}],"version-history":[{"count":4,"href":"https:\/\/apuntesdesanluis.com\/index.php\/wp-json\/wp\/v2\/posts\/873\/revisions"}],"predecessor-version":[{"id":879,"href":"https:\/\/apuntesdesanluis.com\/index.php\/wp-json\/wp\/v2\/posts\/873\/revisions\/879"}],"wp:featuredmedia":[{"embeddable":true,"href":"https:\/\/apuntesdesanluis.com\/index.php\/wp-json\/wp\/v2\/media\/874"}],"wp:attachment":[{"href":"https:\/\/apuntesdesanluis.com\/index.php\/wp-json\/wp\/v2\/media?parent=873"}],"wp:term":[{"taxonomy":"category","embeddable":true,"href":"https:\/\/apuntesdesanluis.com\/index.php\/wp-json\/wp\/v2\/categories?post=873"},{"taxonomy":"post_tag","embeddable":true,"href":"https:\/\/apuntesdesanluis.com\/index.php\/wp-json\/wp\/v2\/tags?post=873"}],"curies":[{"name":"wp","href":"https:\/\/api.w.org\/{rel}","templated":true}]}}