{"id":8731,"date":"2023-12-20T20:49:10","date_gmt":"2023-12-20T23:49:10","guid":{"rendered":"https:\/\/apuntesdesanluis.com\/?p=8731"},"modified":"2023-12-20T20:49:10","modified_gmt":"2023-12-20T23:49:10","slug":"informan-las-sedes-donde-se-realizara-el-censo-a-no-docentes-y-empleados-del-ministerio-de-educacion","status":"publish","type":"post","link":"https:\/\/apuntesdesanluis.com\/index.php\/2023\/12\/20\/informan-las-sedes-donde-se-realizara-el-censo-a-no-docentes-y-empleados-del-ministerio-de-educacion\/","title":{"rendered":"INFORMAN LAS SEDES DONDE SE REALIZAR\u00c1 EL CENSO A NO DOCENTES Y EMPLEADOS DEL MINISTERIO DE EDUCACI\u00d3N"},"content":{"rendered":"<h3 class=\"yiv7409174924ydp6329976emsonormal\" style=\"text-align: justify; background: white;\"><span style=\"font-family: 'Arial','sans-serif'; color: #1d2228;\">Este jueves 21 y el viernes 22 de diciembre se llevar\u00e1 a cabo el censo integral y presencial que anunci\u00f3 el gobernador <strong>Claudio Poggi<\/strong>, para conocer c\u00f3mo se encuentra la planta de empleados p\u00fablicos provinciales, con cu\u00e1ntos agentes cuenta y d\u00f3nde cumplen sus funciones diarias. En esta nota, todos los datos para quienes trabajaban en las escuelas, <strong>a excepci\u00f3n de directores, maestros y profesores<\/strong>.<\/span><\/h3>\n<h3 class=\"yiv7409174924ydp6329976emsonormal\" style=\"text-align: justify; background: white;\"><span style=\"font-family: 'Arial','sans-serif'; color: #1d2228;\">Empleados p\u00fablicos y no docentes pertenecientes al Ministerio de Educaci\u00f3n: \u00bfD\u00f3nde deben presentarse?<\/span><\/h3>\n<h3 class=\"yiv7409174924ydp6329976emsonormal\" style=\"text-align: justify; background: white;\"><strong><span style=\"font-family: 'Arial','sans-serif'; color: #1d2228;\">Ciudades de San Luis y Villa Mercedes<\/span><\/strong><\/h3>\n<h3 class=\"yiv7409174924ydp6329976emsonormal\" style=\"text-align: justify; background: white;\"><span style=\"font-family: 'Arial','sans-serif'; color: #1d2228;\">Empleados p\u00fablicos y no docentes de las ciudades de San Luis y de Villa Mercedes realizar\u00e1n el censo 08:00 a 18:00 en sus lugares de trabajo: escuelas o Ministerio de Educaci\u00f3n.<\/span><\/h3>\n<h3 class=\"yiv7409174924ydp6329976emsonormal\" style=\"text-align: justify; background: white;\"><strong><span style=\"font-family: 'Arial','sans-serif'; color: #1d2228;\">Dpto. Juan Mart\u00edn de Pueyrred\u00f3n<\/span><\/strong><\/h3>\n<h3 class=\"yiv7409174924ydp6329976emsonormal\" style=\"text-align: justify; background: white;\"><span style=\"font-family: 'Arial','sans-serif'; color: #1d2228;\">El personal de las localidades de Potrero de los Funes, La Punta, El Volc\u00e1n y Juana Koslay ser\u00e1 censado en sus instituciones escolares. Presentarse a las 08:00 con el tr\u00e1mite impreso y su DNI.<\/span><\/h3>\n<h3 class=\"yiv7409174924ydp6329976emsonormal\" style=\"text-align: justify; background: white;\"><span style=\"font-family: 'Arial','sans-serif'; color: #1d2228;\">Interior del Dpto. Pueyrred\u00f3n: Beazley, Zanjitas, Salinas del Bebedero, Balde, Alto Pelado, Alto Pencoso, Chosmes, Jarilla, Juan W. Gez, Pozo del Carril, Desaguadero, El Cazador y El Charab\u00f3n, podr\u00e1n realizar el censo el d\u00eda jueves a las 08:00 present\u00e1ndose con el DNI y el tr\u00e1mite impreso, en cualquiera de las 3 sedes que se detallan a continuaci\u00f3n:<\/span><\/h3>\n<h3 class=\"yiv7409174924ydp6329976emsonormal\" style=\"text-align: justify; background: white;\"><span style=\"font-family: 'Arial','sans-serif'; color: #1d2228;\">Jueves 21<\/span><\/h3>\n<h3 class=\"yiv7409174924ydp6329976emsonormal\" style=\"text-align: justify; background: white;\"><span style=\"font-family: 'Arial','sans-serif'; color: #1d2228;\">Zanjitas<\/span><\/h3>\n<h3 class=\"yiv7409174924ydp6329976emsonormal\" style=\"text-align: justify; background: white;\"><span style=\"font-family: 'Arial','sans-serif'; color: #1d2228;\">Escuela de Jornada Extendida N\u00ba13 \u201cAnt\u00e1rtida Argentina\u201d \u2013 Hora: 08:00<\/span><\/h3>\n<h3 class=\"yiv7409174924ydp6329976emsonormal\" style=\"text-align: justify; background: white;\"><span style=\"font-family: 'Arial','sans-serif'; color: #1d2228;\">Alto Pencoso<\/span><\/h3>\n<h3 class=\"yiv7409174924ydp6329976emsonormal\" style=\"text-align: justify; background: white;\"><span style=\"font-family: 'Arial','sans-serif'; color: #1d2228;\">Escuela N\u00ba10 \u201cJuan Esteban Vacca\u201d \u2013 Hora: 08:00.<\/span><\/h3>\n<h3 class=\"yiv7409174924ydp6329976emsonormal\" style=\"text-align: justify; background: white;\"><span style=\"font-family: 'Arial','sans-serif'; color: #1d2228;\">Jueves 21 y viernes 22<\/span><\/h3>\n<h3 class=\"yiv7409174924ydp6329976emsonormal\" style=\"text-align: justify; background: white;\"><span style=\"font-family: 'Arial','sans-serif'; color: #1d2228;\">Terrazas del Portezuelo<\/span><\/h3>\n<h3 class=\"yiv7409174924ydp6329976emsonormal\" style=\"text-align: justify; background: white;\"><span style=\"font-family: 'Arial','sans-serif'; color: #1d2228;\">Edificio Proyecci\u00f3n al Futuro, Bloque 1, planta baja. Hora: 08:00 a 18:00.<\/span><\/h3>\n<h3 class=\"yiv7409174924ydp6329976emsonormal\" style=\"text-align: justify; background: white;\"><span style=\"font-family: 'Arial','sans-serif'; color: #1d2228;\">Respecto a los empleados p\u00fablicos y no docentes del interior provincial podr\u00e1n asistir a los puntos de encuentro m\u00e1s cercanos que detallaremos a continuaci\u00f3n:<\/span><\/h3>\n<h3 class=\"yiv7409174924ydp6329976emsonormal\" style=\"text-align: justify; background: white;\"><strong><span style=\"font-family: 'Arial','sans-serif'; color: #1d2228;\">Departamento Ayacucho<\/span><\/strong><\/h3>\n<h3 class=\"yiv7409174924ydp6329976emsonormal\" style=\"text-align: justify; background: white;\"><span style=\"font-family: 'Arial','sans-serif'; color: #1d2228;\">Jueves 21<\/span><\/h3>\n<h3 class=\"yiv7409174924ydp6329976emsonormal\" style=\"text-align: justify; background: white;\"><span style=\"font-family: 'Arial','sans-serif'; color: #1d2228;\">San Francisco del Monte de Oro<\/span><\/h3>\n<h3 class=\"yiv7409174924ydp6329976emsonormal\" style=\"text-align: justify; background: white;\"><span style=\"font-family: 'Arial','sans-serif'; color: #1d2228;\">Escuela N\u00ba48 \u201cFaustino Francisco Berrondo\u201d- Hora: 08:00 a 12:00.<\/span><\/h3>\n<h3 class=\"yiv7409174924ydp6329976emsonormal\" style=\"text-align: justify; background: white;\"><span style=\"font-family: 'Arial','sans-serif'; color: #1d2228;\">Luj\u00e1n<\/span><\/h3>\n<h3 class=\"yiv7409174924ydp6329976emsonormal\" style=\"text-align: justify; background: white;\"><span style=\"font-family: 'Arial','sans-serif'; color: #1d2228;\">Escuela N\u00ba 52 \u201cSubmarino Armada Rep\u00fablica Argentina San Luis\u201d \u2013 Hora: 14:00 a 18:00.<\/span><\/h3>\n<h3 class=\"yiv7409174924ydp6329976emsonormal\" style=\"text-align: justify; background: white;\"><span style=\"font-family: 'Arial','sans-serif'; color: #1d2228;\">Viernes 22<\/span><\/h3>\n<h3 class=\"yiv7409174924ydp6329976emsonormal\" style=\"text-align: justify; background: white;\"><span style=\"font-family: 'Arial','sans-serif'; color: #1d2228;\">Quines<\/span><\/h3>\n<h3 class=\"yiv7409174924ydp6329976emsonormal\" style=\"text-align: justify; background: white;\"><span style=\"font-family: 'Arial','sans-serif'; color: #1d2228;\">Escuela N\u00ba50 \u201cEulalio Astudillo\u201d \u2013 Hora: 08:00 a 13:00.<\/span><\/h3>\n<h3 class=\"yiv7409174924ydp6329976emsonormal\" style=\"text-align: justify; background: white;\"><span style=\"font-family: 'Arial','sans-serif'; color: #1d2228;\">Candelaria<\/span><\/h3>\n<h3 class=\"yiv7409174924ydp6329976emsonormal\" style=\"text-align: justify; background: white;\"><span style=\"font-family: 'Arial','sans-serif'; color: #1d2228;\">Escuela N\u00ba199 \u201cProvincia de Buenos Aires\u201d\u2013 Hora: 14:00 a 18:00.<\/span><\/h3>\n<h3 class=\"yiv7409174924ydp6329976emsonormal\" style=\"text-align: justify; background: white;\"><strong><span style=\"font-family: 'Arial','sans-serif'; color: #1d2228;\">Departamento Belgrano<\/span><\/strong><\/h3>\n<h3 class=\"yiv7409174924ydp6329976emsonormal\" style=\"text-align: justify; background: white;\"><span style=\"font-family: 'Arial','sans-serif'; color: #1d2228;\">Jueves 21<\/span><\/h3>\n<h3 class=\"yiv7409174924ydp6329976emsonormal\" style=\"text-align: justify; background: white;\"><span style=\"font-family: 'Arial','sans-serif'; color: #1d2228;\">Los Manantiales<\/span><\/h3>\n<h3 class=\"yiv7409174924ydp6329976emsonormal\" style=\"text-align: justify; background: white;\"><span style=\"font-family: 'Arial','sans-serif'; color: #1d2228;\">Escuela N\u00b084 \u201cDalmiro Santiago Adaro\u201d- Hora: 08:00.<\/span><\/h3>\n<h3 class=\"yiv7409174924ydp6329976emsonormal\" style=\"text-align: justify; background: white;\"><span style=\"font-family: 'Arial','sans-serif'; color: #1d2228;\">Nogol\u00ed<\/span><\/h3>\n<h3 class=\"yiv7409174924ydp6329976emsonormal\" style=\"text-align: justify; background: white;\"><span style=\"font-family: 'Arial','sans-serif'; color: #1d2228;\">Centro Educativo N\u00b025 \u201cJusto Jos\u00e9 de Urquiza\u201d- Hora: 08:00.<\/span><\/h3>\n<h3 class=\"yiv7409174924ydp6329976emsonormal\" style=\"text-align: justify; background: white;\"><span style=\"font-family: 'Arial','sans-serif'; color: #1d2228;\">Viernes 22<\/span><\/h3>\n<h3 class=\"yiv7409174924ydp6329976emsonormal\" style=\"text-align: justify; background: white;\"><span style=\"font-family: 'Arial','sans-serif'; color: #1d2228;\">La Calera<\/span><\/h3>\n<h3 class=\"yiv7409174924ydp6329976emsonormal\" style=\"text-align: justify; background: white;\"><span style=\"font-family: 'Arial','sans-serif'; color: #1d2228;\">Centro Educativo N\u00b07 \u201cGe\u00f3logo Rom\u00e1n Gui\u00f1az\u00fa\u201d- Hora: 08:00.<\/span><\/h3>\n<h3 class=\"yiv7409174924ydp6329976emsonormal\" style=\"text-align: justify; background: white;\"><strong><span style=\"font-family: 'Arial','sans-serif'; color: #1d2228;\">Departamento Dupuy<\/span><\/strong><\/h3>\n<h3 class=\"yiv7409174924ydp6329976emsonormal\" style=\"text-align: justify; background: white;\"><span style=\"font-family: 'Arial','sans-serif'; color: #1d2228;\">Jueves 21<\/span><\/h3>\n<h3 class=\"yiv7409174924ydp6329976emsonormal\" style=\"text-align: justify; background: white;\"><span style=\"font-family: 'Arial','sans-serif'; color: #1d2228;\">Arizona<\/span><\/h3>\n<h3 class=\"yiv7409174924ydp6329976emsonormal\" style=\"text-align: justify; background: white;\"><span style=\"font-family: 'Arial','sans-serif'; color: #1d2228;\">Escuela N\u00b045 \u201cJuan de Dios Escobar\u201d- Hora: 8:00 a 12:00.<\/span><\/h3>\n<h3 class=\"yiv7409174924ydp6329976emsonormal\" style=\"text-align: justify; background: white;\"><span style=\"font-family: 'Arial','sans-serif'; color: #1d2228;\">Nueva Galia<\/span><\/h3>\n<h3 class=\"yiv7409174924ydp6329976emsonormal\" style=\"text-align: justify; background: white;\"><span style=\"font-family: 'Arial','sans-serif'; color: #1d2228;\">Escuela N\u00b0438 \u201cBernardino Rivadavia\u201d- Hora: 13:00 a 16:00.<\/span><\/h3>\n<h3 class=\"yiv7409174924ydp6329976emsonormal\" style=\"text-align: justify; background: white;\"><span style=\"font-family: 'Arial','sans-serif'; color: #1d2228;\">Uni\u00f3n<\/span><\/h3>\n<h3 class=\"yiv7409174924ydp6329976emsonormal\" style=\"text-align: justify; background: white;\"><span style=\"font-family: 'Arial','sans-serif'; color: #1d2228;\">Colegio N\u00b022 \u201cJos\u00e9 Manuel Estrada\u201d \u2013 Hora: 8:00 a 14:00.<\/span><\/h3>\n<h3 class=\"yiv7409174924ydp6329976emsonormal\" style=\"text-align: justify; background: white;\"><span style=\"font-family: 'Arial','sans-serif'; color: #1d2228;\">Viernes 22<\/span><\/h3>\n<h3 class=\"yiv7409174924ydp6329976emsonormal\" style=\"text-align: justify; background: white;\"><span style=\"font-family: 'Arial','sans-serif'; color: #1d2228;\">Buena Esperanza<\/span><\/h3>\n<h3 class=\"yiv7409174924ydp6329976emsonormal\" style=\"text-align: justify; background: white;\"><span style=\"font-family: 'Arial','sans-serif'; color: #1d2228;\">Escuela N\u00b0191 \u201cProvincia de La Pampa\u201d- Hora: 08:00 a 13:00.<\/span><\/h3>\n<h3 class=\"yiv7409174924ydp6329976emsonormal\" style=\"text-align: justify; background: white;\"><span style=\"font-family: 'Arial','sans-serif'; color: #1d2228;\">Uni\u00f3n<\/span><\/h3>\n<h3 class=\"yiv7409174924ydp6329976emsonormal\" style=\"text-align: justify; background: white;\"><span style=\"font-family: 'Arial','sans-serif'; color: #1d2228;\">Colegio N\u00b022 \u201cJos\u00e9 Manuel Estrada\u201d \u2013 Hora:8:00 a 14:00-<\/span><\/h3>\n<h3 class=\"yiv7409174924ydp6329976emsonormal\" style=\"text-align: justify; background: white;\"><strong><span style=\"font-family: 'Arial','sans-serif'; color: #1d2228;\">Departamento Jun\u00edn<\/span><\/strong><\/h3>\n<h3 class=\"yiv7409174924ydp6329976emsonormal\" style=\"text-align: justify; background: white;\"><span style=\"font-family: 'Arial','sans-serif'; color: #1d2228;\">Jueves y viernes de 08:00 a 18:00<\/span><\/h3>\n<h3 class=\"yiv7409174924ydp6329976emsonormal\" style=\"text-align: justify; background: white;\"><span style=\"font-family: 'Arial','sans-serif'; color: #1d2228;\">Villa de Merlo<\/span><\/h3>\n<h3 class=\"yiv7409174924ydp6329976emsonormal\" style=\"text-align: justify; background: white;\"><span style=\"font-family: 'Arial','sans-serif'; color: #1d2228;\">Centro Educativo N\u00b027 \u2018Santiago Besso\u2019.<\/span><\/h3>\n<h3 class=\"yiv7409174924ydp6329976emsonormal\" style=\"text-align: justify; background: white;\"><span style=\"font-family: 'Arial','sans-serif'; color: #1d2228;\">Santa Rosa del Conlara<\/span><\/h3>\n<h3 class=\"yiv7409174924ydp6329976emsonormal\" style=\"text-align: justify; background: white;\"><span style=\"font-family: 'Arial','sans-serif'; color: #1d2228;\">Centro Educativo N\u00b017 \u2018Hip\u00f3lito Irigoyen\u2019.<\/span><\/h3>\n<h3 class=\"yiv7409174924ydp6329976emsonormal\" style=\"text-align: justify; background: white;\"><strong><span style=\"font-family: 'Arial','sans-serif'; color: #1d2228;\">Departamento San Mart\u00edn<\/span><\/strong><\/h3>\n<h3 class=\"yiv7409174924ydp6329976emsonormal\" style=\"text-align: justify; background: white;\"><span style=\"font-family: 'Arial','sans-serif'; color: #1d2228;\">Jueves 21<\/span><\/h3>\n<h3 class=\"yiv7409174924ydp6329976emsonormal\" style=\"text-align: justify; background: white;\"><span style=\"font-family: 'Arial','sans-serif'; color: #1d2228;\">Paso Grande<\/span><\/h3>\n<h3 class=\"yiv7409174924ydp6329976emsonormal\" style=\"text-align: justify; background: white;\"><span style=\"font-family: 'Arial','sans-serif'; color: #1d2228;\">Escuela N\u00b0104 \u2018Domingo Faustino Sarmiento\u2019- Hora: 08:00 a 13:00.<\/span><\/h3>\n<h3 class=\"yiv7409174924ydp6329976emsonormal\" style=\"text-align: justify; background: white;\"><span style=\"font-family: 'Arial','sans-serif'; color: #1d2228;\">Villa Praga<\/span><\/h3>\n<h3 class=\"yiv7409174924ydp6329976emsonormal\" style=\"text-align: justify; background: white;\"><span style=\"font-family: 'Arial','sans-serif'; color: #1d2228;\">Escuela N\u00b0249 Escuela \u2018Conrado G. Torres\u2019 \u2013 Hora: 15:00 a 20:00.<\/span><\/h3>\n<h3 class=\"yiv7409174924ydp6329976emsonormal\" style=\"text-align: justify; background: white;\"><span style=\"font-family: 'Arial','sans-serif'; color: #1d2228;\">Viernes 22<\/span><\/h3>\n<h3 class=\"yiv7409174924ydp6329976emsonormal\" style=\"text-align: justify; background: white;\"><span style=\"font-family: 'Arial','sans-serif'; color: #1d2228;\">San Mart\u00edn<\/span><\/h3>\n<h3 class=\"yiv7409174924ydp6329976emsonormal\" style=\"text-align: justify; background: white;\"><span style=\"font-family: 'Arial','sans-serif'; color: #1d2228;\">Centro Educativo N\u00b018 \u2018Cesar Rosales\u2019 \u2013 Hora: 08:00 a 13:00.<\/span><\/h3>\n<h3 class=\"yiv7409174924ydp6329976emsonormal\" style=\"text-align: justify; background: white;\"><span style=\"font-family: 'Arial','sans-serif'; color: #1d2228;\">Paraje Tala Verde <\/span><\/h3>\n<h3 class=\"yiv7409174924ydp6329976emsonormal\" style=\"text-align: justify; background: white;\"><span style=\"font-family: 'Arial','sans-serif'; color: #1d2228;\">Escuela N\u00b015 \u2018Santa Catalina de Siena\u2019- Hora: 15:00 a 20:00.<\/span><\/h3>\n<h3 class=\"yiv7409174924ydp6329976emsonormal\" style=\"text-align: justify; background: white;\"><strong><span style=\"font-family: 'Arial','sans-serif'; color: #1d2228;\">Departamento Pringles<\/span><\/strong><\/h3>\n<h3 class=\"yiv7409174924ydp6329976emsonormal\" style=\"text-align: justify; background: white;\"><span style=\"font-family: 'Arial','sans-serif'; color: #1d2228;\">Jueves<\/span><\/h3>\n<h3 class=\"yiv7409174924ydp6329976emsonormal\" style=\"text-align: justify; background: white;\"><span style=\"font-family: 'Arial','sans-serif'; color: #1d2228;\">Fraga<\/span><\/h3>\n<h3 class=\"yiv7409174924ydp6329976emsonormal\" style=\"text-align: justify; background: white;\"><span style=\"font-family: 'Arial','sans-serif'; color: #1d2228;\">Centro Educativo N\u00b022 \u201cUrbano J. N\u00fa\u00f1ez\u201d \u2013 9:00 a 11:00.Saladillo<\/span><\/h3>\n<h3 class=\"yiv7409174924ydp6329976emsonormal\" style=\"text-align: justify; background: white;\"><span style=\"font-family: 'Arial','sans-serif'; color: #1d2228;\">Escuela N\u00b0113 \u201cJuan A. Ortiz Estrada\u201d \u2013Hora: 13:30 a 14:30.<\/span><\/h3>\n<h3 class=\"yiv7409174924ydp6329976emsonormal\" style=\"text-align: justify; background: white;\"><span style=\"font-family: 'Arial','sans-serif'; color: #1d2228;\">La Toma<\/span><\/h3>\n<h3 class=\"yiv7409174924ydp6329976emsonormal\" style=\"text-align: justify; background: white;\"><span style=\"font-family: 'Arial','sans-serif'; color: #1d2228;\">Escuela T\u00e9cnica N\u00b028 \u201cGral. Juan M. de Pueyrred\u00f3n\u201d \u2013 Hora: 15:00 a 18:00.<\/span><\/h3>\n<h3 class=\"yiv7409174924ydp6329976emsonormal\" style=\"text-align: justify; background: white;\"><span style=\"font-family: 'Arial','sans-serif'; color: #1d2228;\">Viernes<\/span><\/h3>\n<h3 class=\"yiv7409174924ydp6329976emsonormal\" style=\"text-align: justify; background: white;\"><span style=\"font-family: 'Arial','sans-serif'; color: #1d2228;\">La Carolina:<\/span><\/h3>\n<h3 class=\"yiv7409174924ydp6329976emsonormal\" style=\"text-align: justify; background: white;\"><span style=\"font-family: 'Arial','sans-serif'; color: #1d2228;\">Escuela N\u00b0204 \u201cMaestro Nemecio Villegas\u201d \u2013 Hora: 9:00 a 12:00.<\/span><\/h3>\n<h3 class=\"yiv7409174924ydp6329976emsonormal\" style=\"text-align: justify; background: white;\"><span style=\"font-family: 'Arial','sans-serif'; color: #1d2228;\">El Trapiche<\/span><\/h3>\n<h3 class=\"yiv7409174924ydp6329976emsonormal\" style=\"text-align: justify; background: white;\"><span style=\"font-family: 'Arial','sans-serif'; color: #1d2228;\">Centro Educativo N\u00b05 \u201cSenador Alfredo Bert\u00edn\u201d \u2013 Hora: 13:00 a 18:00.<\/span><\/h3>\n<h3 class=\"yiv7409174924ydp6329976emsonormal\" style=\"text-align: justify; background: white;\"><strong><span style=\"font-family: 'Arial','sans-serif'; color: #1d2228;\">Departamento Chacabuco<\/span><\/strong><\/h3>\n<h3 class=\"yiv7409174924ydp6329976emsonormal\" style=\"text-align: justify; background: white;\"><span style=\"font-family: 'Arial','sans-serif'; color: #1d2228;\">Jueves 21<\/span><\/h3>\n<h3 class=\"yiv7409174924ydp6329976emsonormal\" style=\"text-align: justify; background: white;\"><span style=\"font-family: 'Arial','sans-serif'; color: #1d2228;\">Naschel<\/span><\/h3>\n<h3 class=\"yiv7409174924ydp6329976emsonormal\" style=\"text-align: justify; background: white;\"><span style=\"font-family: 'Arial','sans-serif'; color: #1d2228;\">Escuela T\u00e9cnica N\u00b01 \u2018Elena O de Horas\u2019. Hora: 8:00 a 9:00.<\/span><\/h3>\n<h3 class=\"yiv7409174924ydp6329976emsonormal\" style=\"text-align: justify; background: white;\"><span style=\"font-family: 'Arial','sans-serif'; color: #1d2228;\">Escuela N\u00b0250 \u2018Tom\u00e1s Espora\u2019.<\/span><\/h3>\n<h3 class=\"yiv7409174924ydp6329976emsonormal\" style=\"text-align: justify; background: white;\"><span style=\"font-family: 'Arial','sans-serif'; color: #1d2228;\">Renca<\/span><\/h3>\n<h3 class=\"yiv7409174924ydp6329976emsonormal\" style=\"text-align: justify; background: white;\"><span style=\"font-family: 'Arial','sans-serif'; color: #1d2228;\">Escuela N\u00b0173 \u2018Tres Granaderos\u2019- Hora: 9:30 a 10:30.<\/span><\/h3>\n<h3 class=\"yiv7409174924ydp6329976emsonormal\" style=\"text-align: justify; background: white;\"><span style=\"font-family: 'Arial','sans-serif'; color: #1d2228;\">San Pablo<\/span><\/h3>\n<h3 class=\"yiv7409174924ydp6329976emsonormal\" style=\"text-align: justify; background: white;\"><span style=\"font-family: 'Arial','sans-serif'; color: #1d2228;\">Escuela N\u00b076 \u2018Luisa Quiroga\u2019- Hora: 11:00 a 12:00.<\/span><\/h3>\n<h3 class=\"yiv7409174924ydp6329976emsonormal\" style=\"text-align: justify; background: white;\"><span style=\"font-family: 'Arial','sans-serif'; color: #1d2228;\">Tilisarao<\/span><\/h3>\n<h3 class=\"yiv7409174924ydp6329976emsonormal\" style=\"text-align: justify; background: white;\"><span style=\"font-family: 'Arial','sans-serif'; color: #1d2228;\">Escuela N\u00b0251 \u2018Santiago del Estero\u2019 \u2013 Hora: 12:30 a 13:30.<\/span><\/h3>\n<h3 class=\"yiv7409174924ydp6329976emsonormal\" style=\"text-align: justify; background: white;\"><span style=\"font-family: 'Arial','sans-serif'; color: #1d2228;\">Centro N\u00b012 \u2018Leopoldo Lugones\u2019.<\/span><\/h3>\n<h3 class=\"yiv7409174924ydp6329976emsonormal\" style=\"text-align: justify; background: white;\"><span style=\"font-family: 'Arial','sans-serif'; color: #1d2228;\">Escuela N\u00b0417 \u2018Florencio Navarro\u2019.<\/span><\/h3>\n<h3 class=\"yiv7409174924ydp6329976emsonormal\" style=\"text-align: justify; background: white;\"><span style=\"font-family: 'Arial','sans-serif'; color: #1d2228;\">Cortaderas<\/span><\/h3>\n<h3 class=\"yiv7409174924ydp6329976emsonormal\" style=\"text-align: justify; background: white;\"><span style=\"font-family: 'Arial','sans-serif'; color: #1d2228;\">Escuela T\u00e9cnica N\u00b02 y Escuela N\u00b0278 \u2018Franklin Lucero\u2019- Hora: 8:00 a 10:00.<\/span><\/h3>\n<h3 class=\"yiv7409174924ydp6329976emsonormal\" style=\"text-align: justify; background: white;\"><span style=\"font-family: 'Arial','sans-serif'; color: #1d2228;\">Villa Larca<\/span><\/h3>\n<h3 class=\"yiv7409174924ydp6329976emsonormal\" style=\"text-align: justify; background: white;\"><span style=\"font-family: 'Arial','sans-serif'; color: #1d2228;\">Centro Educativo N\u00b014 \u2018Dora O. de Masram\u00f3n\u2019 \u2013 Hora: 10:30 a 12:30.<\/span><\/h3>\n<h3 class=\"yiv7409174924ydp6329976emsonormal\" style=\"text-align: justify; background: white;\"><span style=\"font-family: 'Arial','sans-serif'; color: #1d2228;\">Villa Del Carmen<\/span><\/h3>\n<h3 class=\"yiv7409174924ydp6329976emsonormal\" style=\"text-align: justify; background: white;\"><span style=\"font-family: 'Arial','sans-serif'; color: #1d2228;\">Centro Educativo N\u00b013 \u2018Rosa Burgos de Aguirre\u2019- Hora: 8:00 a 10:00.<\/span><\/h3>\n<h3 class=\"yiv7409174924ydp6329976emsonormal\" style=\"text-align: justify; background: white;\"><span style=\"font-family: 'Arial','sans-serif'; color: #1d2228;\">Papagayos<\/span><\/h3>\n<h3 class=\"yiv7409174924ydp6329976emsonormal\" style=\"text-align: justify; background: white;\"><span style=\"font-family: 'Arial','sans-serif'; color: #1d2228;\">Escuela N\u00b0225 \u2018Maestro Pio Rosario Flores\u2019- Hora: 11:00 a 12:00.<\/span><\/h3>\n<h3 class=\"yiv7409174924ydp6329976emsonormal\" style=\"text-align: justify; background: white;\"><span style=\"font-family: 'Arial','sans-serif'; color: #1d2228;\">Viernes 22<\/span><\/h3>\n<h3 class=\"yiv7409174924ydp6329976emsonormal\" style=\"text-align: justify; background: white;\"><span style=\"font-family: 'Arial','sans-serif'; color: #1d2228;\">Concar\u00e1n<\/span><\/h3>\n<h3 class=\"yiv7409174924ydp6329976emsonormal\" style=\"text-align: justify; background: white;\"><span style=\"font-family: 'Arial','sans-serif'; color: #1d2228;\">Colegio N\u00b027 \u2018Dr. Eleodoro Lobos\u2019- Hora: 8:00 a 10:00.<\/span><\/h3>\n<h3 class=\"yiv7409174924ydp6329976emsonormal\" style=\"text-align: justify; background: white;\"><span style=\"font-family: 'Arial','sans-serif'; color: #1d2228;\">Escuela T\u00e9cnica N\u00b026 \u2018Gdor. El\u00edas Adre\u2019.<\/span><\/h3>\n<h3 class=\"yiv7409174924ydp6329976emsonormal\" style=\"text-align: justify; background: white;\"><span style=\"font-family: 'Arial','sans-serif'; color: #1d2228;\">Escuela N\u00b074 \u2018Benigno Rodr\u00edguez Jurado\u2019.<\/span><\/h3>\n<h3 class=\"yiv7409174924ydp6329976emsonormal\" style=\"text-align: justify; background: white;\"><span style=\"font-family: 'Arial','sans-serif'; color: #1d2228;\">Escuela N\u00b0197 \u2018Teniente Felix Origone\u2019.<\/span><\/h3>\n<h3 class=\"yiv7409174924ydp6329976emsonormal\" style=\"text-align: justify; background: white;\"><span style=\"font-family: 'Arial','sans-serif'; color: #1d2228;\">\u00bfQu\u00e9 personal abarca el censo?<\/span><\/h3>\n<h3 class=\"yiv7409174924ydp6329976emsonormal\" style=\"text-align: justify; background: white;\"><span style=\"font-family: 'Arial','sans-serif'; color: #1d2228;\">Abarca a todo el personal de la administraci\u00f3n central y descentralizada, as\u00ed como a los entes, organismos aut\u00e1rquicos, agencias y entidades de la administraci\u00f3n de San Luis. Abarcar\u00e1 a los empleados de la Administraci\u00f3n Central, a los empleados de los organismos desconcentrados, a las empresas del Estado, al personal de la ULP, de la UPrO y al personal administrativo del Ministerio de Educaci\u00f3n, no a los docentes. Se except\u00faa por ahora a los docentes de todos los niveles, desde Inicial hasta Terciario. En cambio, s\u00ed estar\u00e1n incluidos los no docentes que desempe\u00f1an sus tareas en escuelas.<\/span><\/h3>\n<p class=\"yiv7409174924ydp6329976emsonormal\" style=\"text-align: justify; background: white;\"><span style=\"font-family: 'Arial','sans-serif'; color: #1d2228;\">\u00a0<\/span><\/p>\n<p class=\"yiv7409174924ydp6329976emsonormal\" style=\"text-align: justify; background: white;\"><span style=\"font-family: 'Arial','sans-serif'; color: #1d2228;\">\u00a0<\/span><\/p>\n","protected":false},"excerpt":{"rendered":"<p>Este jueves 21 y el viernes 22 de diciembre se llevar\u00e1 a cabo el censo&#8230;<\/p>\n","protected":false},"author":1,"featured_media":8732,"comment_status":"closed","ping_status":"closed","sticky":false,"template":"","format":"standard","meta":{"footnotes":""},"categories":[6],"tags":[],"class_list":["post-8731","post","type-post","status-publish","format-standard","has-post-thumbnail","hentry","category-ciudad-provincia"],"yoast_head":"<!-- This site is optimized with the Yoast SEO plugin v26.1.1 - https:\/\/yoast.com\/wordpress\/plugins\/seo\/ -->\n<title>INFORMAN LAS SEDES DONDE SE REALIZAR\u00c1 EL CENSO A NO DOCENTES Y EMPLEADOS DEL MINISTERIO DE EDUCACI\u00d3N - Apuntes de San Luis<\/title>\n<meta name=\"robots\" content=\"index, follow, max-snippet:-1, max-image-preview:large, max-video-preview:-1\" \/>\n<link rel=\"canonical\" href=\"https:\/\/apuntesdesanluis.com\/index.php\/2023\/12\/20\/informan-las-sedes-donde-se-realizara-el-censo-a-no-docentes-y-empleados-del-ministerio-de-educacion\/\" \/>\n<meta property=\"og:locale\" content=\"es_ES\" \/>\n<meta property=\"og:type\" content=\"article\" \/>\n<meta property=\"og:title\" content=\"INFORMAN LAS SEDES DONDE SE REALIZAR\u00c1 EL CENSO A NO DOCENTES Y EMPLEADOS DEL MINISTERIO DE EDUCACI\u00d3N - Apuntes de San Luis\" \/>\n<meta property=\"og:description\" content=\"Este jueves 21 y el viernes 22 de diciembre se llevar\u00e1 a cabo el censo...\" \/>\n<meta property=\"og:url\" content=\"https:\/\/apuntesdesanluis.com\/index.php\/2023\/12\/20\/informan-las-sedes-donde-se-realizara-el-censo-a-no-docentes-y-empleados-del-ministerio-de-educacion\/\" \/>\n<meta property=\"og:site_name\" content=\"Apuntes de San Luis\" \/>\n<meta property=\"article:published_time\" content=\"2023-12-20T23:49:10+00:00\" \/>\n<meta property=\"og:image\" content=\"https:\/\/apuntesdesanluis.com\/wp-content\/uploads\/2023\/12\/educacion-terrazas.png\" \/>\n\t<meta property=\"og:image:width\" content=\"650\" \/>\n\t<meta property=\"og:image:height\" content=\"359\" \/>\n\t<meta property=\"og:image:type\" content=\"image\/png\" \/>\n<meta name=\"author\" content=\"apuntesdesanluis.com\" \/>\n<meta name=\"twitter:card\" content=\"summary_large_image\" \/>\n<meta name=\"twitter:label1\" content=\"Escrito por\" \/>\n\t<meta name=\"twitter:data1\" content=\"apuntesdesanluis.com\" \/>\n\t<meta name=\"twitter:label2\" content=\"Tiempo de lectura\" \/>\n\t<meta name=\"twitter:data2\" content=\"4 minutos\" \/>\n<script type=\"application\/ld+json\" class=\"yoast-schema-graph\">{\"@context\":\"https:\/\/schema.org\",\"@graph\":[{\"@type\":\"Article\",\"@id\":\"https:\/\/apuntesdesanluis.com\/index.php\/2023\/12\/20\/informan-las-sedes-donde-se-realizara-el-censo-a-no-docentes-y-empleados-del-ministerio-de-educacion\/#article\",\"isPartOf\":{\"@id\":\"https:\/\/apuntesdesanluis.com\/index.php\/2023\/12\/20\/informan-las-sedes-donde-se-realizara-el-censo-a-no-docentes-y-empleados-del-ministerio-de-educacion\/\"},\"author\":{\"name\":\"apuntesdesanluis.com\",\"@id\":\"https:\/\/apuntesdesanluis.com\/#\/schema\/person\/b55151d52296fcce64d1a72538a70b90\"},\"headline\":\"INFORMAN LAS SEDES DONDE SE REALIZAR\u00c1 EL CENSO A NO DOCENTES Y EMPLEADOS DEL MINISTERIO DE EDUCACI\u00d3N\",\"datePublished\":\"2023-12-20T23:49:10+00:00\",\"mainEntityOfPage\":{\"@id\":\"https:\/\/apuntesdesanluis.com\/index.php\/2023\/12\/20\/informan-las-sedes-donde-se-realizara-el-censo-a-no-docentes-y-empleados-del-ministerio-de-educacion\/\"},\"wordCount\":812,\"publisher\":{\"@id\":\"https:\/\/apuntesdesanluis.com\/#\/schema\/person\/b55151d52296fcce64d1a72538a70b90\"},\"image\":{\"@id\":\"https:\/\/apuntesdesanluis.com\/index.php\/2023\/12\/20\/informan-las-sedes-donde-se-realizara-el-censo-a-no-docentes-y-empleados-del-ministerio-de-educacion\/#primaryimage\"},\"thumbnailUrl\":\"https:\/\/apuntesdesanluis.com\/wp-content\/uploads\/2023\/12\/educacion-terrazas.png\",\"articleSection\":[\"Ciudad\/Provincia\"],\"inLanguage\":\"es-AR\"},{\"@type\":\"WebPage\",\"@id\":\"https:\/\/apuntesdesanluis.com\/index.php\/2023\/12\/20\/informan-las-sedes-donde-se-realizara-el-censo-a-no-docentes-y-empleados-del-ministerio-de-educacion\/\",\"url\":\"https:\/\/apuntesdesanluis.com\/index.php\/2023\/12\/20\/informan-las-sedes-donde-se-realizara-el-censo-a-no-docentes-y-empleados-del-ministerio-de-educacion\/\",\"name\":\"INFORMAN LAS SEDES DONDE SE REALIZAR\u00c1 EL CENSO A NO DOCENTES Y EMPLEADOS DEL MINISTERIO DE EDUCACI\u00d3N - Apuntes de San Luis\",\"isPartOf\":{\"@id\":\"https:\/\/apuntesdesanluis.com\/#website\"},\"primaryImageOfPage\":{\"@id\":\"https:\/\/apuntesdesanluis.com\/index.php\/2023\/12\/20\/informan-las-sedes-donde-se-realizara-el-censo-a-no-docentes-y-empleados-del-ministerio-de-educacion\/#primaryimage\"},\"image\":{\"@id\":\"https:\/\/apuntesdesanluis.com\/index.php\/2023\/12\/20\/informan-las-sedes-donde-se-realizara-el-censo-a-no-docentes-y-empleados-del-ministerio-de-educacion\/#primaryimage\"},\"thumbnailUrl\":\"https:\/\/apuntesdesanluis.com\/wp-content\/uploads\/2023\/12\/educacion-terrazas.png\",\"datePublished\":\"2023-12-20T23:49:10+00:00\",\"breadcrumb\":{\"@id\":\"https:\/\/apuntesdesanluis.com\/index.php\/2023\/12\/20\/informan-las-sedes-donde-se-realizara-el-censo-a-no-docentes-y-empleados-del-ministerio-de-educacion\/#breadcrumb\"},\"inLanguage\":\"es-AR\",\"potentialAction\":[{\"@type\":\"ReadAction\",\"target\":[\"https:\/\/apuntesdesanluis.com\/index.php\/2023\/12\/20\/informan-las-sedes-donde-se-realizara-el-censo-a-no-docentes-y-empleados-del-ministerio-de-educacion\/\"]}]},{\"@type\":\"ImageObject\",\"inLanguage\":\"es-AR\",\"@id\":\"https:\/\/apuntesdesanluis.com\/index.php\/2023\/12\/20\/informan-las-sedes-donde-se-realizara-el-censo-a-no-docentes-y-empleados-del-ministerio-de-educacion\/#primaryimage\",\"url\":\"https:\/\/apuntesdesanluis.com\/wp-content\/uploads\/2023\/12\/educacion-terrazas.png\",\"contentUrl\":\"https:\/\/apuntesdesanluis.com\/wp-content\/uploads\/2023\/12\/educacion-terrazas.png\",\"width\":650,\"height\":359},{\"@type\":\"BreadcrumbList\",\"@id\":\"https:\/\/apuntesdesanluis.com\/index.php\/2023\/12\/20\/informan-las-sedes-donde-se-realizara-el-censo-a-no-docentes-y-empleados-del-ministerio-de-educacion\/#breadcrumb\",\"itemListElement\":[{\"@type\":\"ListItem\",\"position\":1,\"name\":\"Inicio\",\"item\":\"https:\/\/apuntesdesanluis.com\/\"},{\"@type\":\"ListItem\",\"position\":2,\"name\":\"INFORMAN LAS SEDES DONDE SE REALIZAR\u00c1 EL CENSO A NO DOCENTES Y EMPLEADOS DEL MINISTERIO DE EDUCACI\u00d3N\"}]},{\"@type\":\"WebSite\",\"@id\":\"https:\/\/apuntesdesanluis.com\/#website\",\"url\":\"https:\/\/apuntesdesanluis.com\/\",\"name\":\"Apuntes de San Luis\",\"description\":\"\",\"publisher\":{\"@id\":\"https:\/\/apuntesdesanluis.com\/#\/schema\/person\/b55151d52296fcce64d1a72538a70b90\"},\"potentialAction\":[{\"@type\":\"SearchAction\",\"target\":{\"@type\":\"EntryPoint\",\"urlTemplate\":\"https:\/\/apuntesdesanluis.com\/?s={search_term_string}\"},\"query-input\":{\"@type\":\"PropertyValueSpecification\",\"valueRequired\":true,\"valueName\":\"search_term_string\"}}],\"inLanguage\":\"es-AR\"},{\"@type\":[\"Person\",\"Organization\"],\"@id\":\"https:\/\/apuntesdesanluis.com\/#\/schema\/person\/b55151d52296fcce64d1a72538a70b90\",\"name\":\"apuntesdesanluis.com\",\"image\":{\"@type\":\"ImageObject\",\"inLanguage\":\"es-AR\",\"@id\":\"https:\/\/apuntesdesanluis.com\/#\/schema\/person\/image\/\",\"url\":\"https:\/\/apuntesdesanluis.com\/wp-content\/uploads\/2023\/07\/cropped-apuntesdesanluis.png\",\"contentUrl\":\"https:\/\/apuntesdesanluis.com\/wp-content\/uploads\/2023\/07\/cropped-apuntesdesanluis.png\",\"width\":450,\"height\":112,\"caption\":\"apuntesdesanluis.com\"},\"logo\":{\"@id\":\"https:\/\/apuntesdesanluis.com\/#\/schema\/person\/image\/\"},\"sameAs\":[\"https:\/\/apuntesdesanluis.com\"],\"url\":\"https:\/\/apuntesdesanluis.com\/index.php\/author\/apuntesdesanluis-com\/\"}]}<\/script>\n<!-- \/ Yoast SEO plugin. -->","yoast_head_json":{"title":"INFORMAN LAS SEDES DONDE SE REALIZAR\u00c1 EL CENSO A NO DOCENTES Y EMPLEADOS DEL MINISTERIO DE EDUCACI\u00d3N - Apuntes de San Luis","robots":{"index":"index","follow":"follow","max-snippet":"max-snippet:-1","max-image-preview":"max-image-preview:large","max-video-preview":"max-video-preview:-1"},"canonical":"https:\/\/apuntesdesanluis.com\/index.php\/2023\/12\/20\/informan-las-sedes-donde-se-realizara-el-censo-a-no-docentes-y-empleados-del-ministerio-de-educacion\/","og_locale":"es_ES","og_type":"article","og_title":"INFORMAN LAS SEDES DONDE SE REALIZAR\u00c1 EL CENSO A NO DOCENTES Y EMPLEADOS DEL MINISTERIO DE EDUCACI\u00d3N - Apuntes de San Luis","og_description":"Este jueves 21 y el viernes 22 de diciembre se llevar\u00e1 a cabo el censo...","og_url":"https:\/\/apuntesdesanluis.com\/index.php\/2023\/12\/20\/informan-las-sedes-donde-se-realizara-el-censo-a-no-docentes-y-empleados-del-ministerio-de-educacion\/","og_site_name":"Apuntes de San Luis","article_published_time":"2023-12-20T23:49:10+00:00","og_image":[{"width":650,"height":359,"url":"https:\/\/apuntesdesanluis.com\/wp-content\/uploads\/2023\/12\/educacion-terrazas.png","type":"image\/png"}],"author":"apuntesdesanluis.com","twitter_card":"summary_large_image","twitter_misc":{"Escrito por":"apuntesdesanluis.com","Tiempo de lectura":"4 minutos"},"schema":{"@context":"https:\/\/schema.org","@graph":[{"@type":"Article","@id":"https:\/\/apuntesdesanluis.com\/index.php\/2023\/12\/20\/informan-las-sedes-donde-se-realizara-el-censo-a-no-docentes-y-empleados-del-ministerio-de-educacion\/#article","isPartOf":{"@id":"https:\/\/apuntesdesanluis.com\/index.php\/2023\/12\/20\/informan-las-sedes-donde-se-realizara-el-censo-a-no-docentes-y-empleados-del-ministerio-de-educacion\/"},"author":{"name":"apuntesdesanluis.com","@id":"https:\/\/apuntesdesanluis.com\/#\/schema\/person\/b55151d52296fcce64d1a72538a70b90"},"headline":"INFORMAN LAS SEDES DONDE SE REALIZAR\u00c1 EL CENSO A NO DOCENTES Y EMPLEADOS DEL MINISTERIO DE EDUCACI\u00d3N","datePublished":"2023-12-20T23:49:10+00:00","mainEntityOfPage":{"@id":"https:\/\/apuntesdesanluis.com\/index.php\/2023\/12\/20\/informan-las-sedes-donde-se-realizara-el-censo-a-no-docentes-y-empleados-del-ministerio-de-educacion\/"},"wordCount":812,"publisher":{"@id":"https:\/\/apuntesdesanluis.com\/#\/schema\/person\/b55151d52296fcce64d1a72538a70b90"},"image":{"@id":"https:\/\/apuntesdesanluis.com\/index.php\/2023\/12\/20\/informan-las-sedes-donde-se-realizara-el-censo-a-no-docentes-y-empleados-del-ministerio-de-educacion\/#primaryimage"},"thumbnailUrl":"https:\/\/apuntesdesanluis.com\/wp-content\/uploads\/2023\/12\/educacion-terrazas.png","articleSection":["Ciudad\/Provincia"],"inLanguage":"es-AR"},{"@type":"WebPage","@id":"https:\/\/apuntesdesanluis.com\/index.php\/2023\/12\/20\/informan-las-sedes-donde-se-realizara-el-censo-a-no-docentes-y-empleados-del-ministerio-de-educacion\/","url":"https:\/\/apuntesdesanluis.com\/index.php\/2023\/12\/20\/informan-las-sedes-donde-se-realizara-el-censo-a-no-docentes-y-empleados-del-ministerio-de-educacion\/","name":"INFORMAN LAS SEDES DONDE SE REALIZAR\u00c1 EL CENSO A NO DOCENTES Y EMPLEADOS DEL MINISTERIO DE EDUCACI\u00d3N - Apuntes de San Luis","isPartOf":{"@id":"https:\/\/apuntesdesanluis.com\/#website"},"primaryImageOfPage":{"@id":"https:\/\/apuntesdesanluis.com\/index.php\/2023\/12\/20\/informan-las-sedes-donde-se-realizara-el-censo-a-no-docentes-y-empleados-del-ministerio-de-educacion\/#primaryimage"},"image":{"@id":"https:\/\/apuntesdesanluis.com\/index.php\/2023\/12\/20\/informan-las-sedes-donde-se-realizara-el-censo-a-no-docentes-y-empleados-del-ministerio-de-educacion\/#primaryimage"},"thumbnailUrl":"https:\/\/apuntesdesanluis.com\/wp-content\/uploads\/2023\/12\/educacion-terrazas.png","datePublished":"2023-12-20T23:49:10+00:00","breadcrumb":{"@id":"https:\/\/apuntesdesanluis.com\/index.php\/2023\/12\/20\/informan-las-sedes-donde-se-realizara-el-censo-a-no-docentes-y-empleados-del-ministerio-de-educacion\/#breadcrumb"},"inLanguage":"es-AR","potentialAction":[{"@type":"ReadAction","target":["https:\/\/apuntesdesanluis.com\/index.php\/2023\/12\/20\/informan-las-sedes-donde-se-realizara-el-censo-a-no-docentes-y-empleados-del-ministerio-de-educacion\/"]}]},{"@type":"ImageObject","inLanguage":"es-AR","@id":"https:\/\/apuntesdesanluis.com\/index.php\/2023\/12\/20\/informan-las-sedes-donde-se-realizara-el-censo-a-no-docentes-y-empleados-del-ministerio-de-educacion\/#primaryimage","url":"https:\/\/apuntesdesanluis.com\/wp-content\/uploads\/2023\/12\/educacion-terrazas.png","contentUrl":"https:\/\/apuntesdesanluis.com\/wp-content\/uploads\/2023\/12\/educacion-terrazas.png","width":650,"height":359},{"@type":"BreadcrumbList","@id":"https:\/\/apuntesdesanluis.com\/index.php\/2023\/12\/20\/informan-las-sedes-donde-se-realizara-el-censo-a-no-docentes-y-empleados-del-ministerio-de-educacion\/#breadcrumb","itemListElement":[{"@type":"ListItem","position":1,"name":"Inicio","item":"https:\/\/apuntesdesanluis.com\/"},{"@type":"ListItem","position":2,"name":"INFORMAN LAS SEDES DONDE SE REALIZAR\u00c1 EL CENSO A NO DOCENTES Y EMPLEADOS DEL MINISTERIO DE EDUCACI\u00d3N"}]},{"@type":"WebSite","@id":"https:\/\/apuntesdesanluis.com\/#website","url":"https:\/\/apuntesdesanluis.com\/","name":"Apuntes de San Luis","description":"","publisher":{"@id":"https:\/\/apuntesdesanluis.com\/#\/schema\/person\/b55151d52296fcce64d1a72538a70b90"},"potentialAction":[{"@type":"SearchAction","target":{"@type":"EntryPoint","urlTemplate":"https:\/\/apuntesdesanluis.com\/?s={search_term_string}"},"query-input":{"@type":"PropertyValueSpecification","valueRequired":true,"valueName":"search_term_string"}}],"inLanguage":"es-AR"},{"@type":["Person","Organization"],"@id":"https:\/\/apuntesdesanluis.com\/#\/schema\/person\/b55151d52296fcce64d1a72538a70b90","name":"apuntesdesanluis.com","image":{"@type":"ImageObject","inLanguage":"es-AR","@id":"https:\/\/apuntesdesanluis.com\/#\/schema\/person\/image\/","url":"https:\/\/apuntesdesanluis.com\/wp-content\/uploads\/2023\/07\/cropped-apuntesdesanluis.png","contentUrl":"https:\/\/apuntesdesanluis.com\/wp-content\/uploads\/2023\/07\/cropped-apuntesdesanluis.png","width":450,"height":112,"caption":"apuntesdesanluis.com"},"logo":{"@id":"https:\/\/apuntesdesanluis.com\/#\/schema\/person\/image\/"},"sameAs":["https:\/\/apuntesdesanluis.com"],"url":"https:\/\/apuntesdesanluis.com\/index.php\/author\/apuntesdesanluis-com\/"}]}},"featured_image_urls":{"full":["https:\/\/apuntesdesanluis.com\/wp-content\/uploads\/2023\/12\/educacion-terrazas.png",650,359,false],"thumbnail":["https:\/\/apuntesdesanluis.com\/wp-content\/uploads\/2023\/12\/educacion-terrazas-150x150.png",150,150,true],"medium":["https:\/\/apuntesdesanluis.com\/wp-content\/uploads\/2023\/12\/educacion-terrazas-300x166.png",300,166,true],"medium_large":["https:\/\/apuntesdesanluis.com\/wp-content\/uploads\/2023\/12\/educacion-terrazas.png",640,353,false],"large":["https:\/\/apuntesdesanluis.com\/wp-content\/uploads\/2023\/12\/educacion-terrazas.png",640,353,false],"1536x1536":["https:\/\/apuntesdesanluis.com\/wp-content\/uploads\/2023\/12\/educacion-terrazas.png",650,359,false],"2048x2048":["https:\/\/apuntesdesanluis.com\/wp-content\/uploads\/2023\/12\/educacion-terrazas.png",650,359,false],"newsever-slider-full":["https:\/\/apuntesdesanluis.com\/wp-content\/uploads\/2023\/12\/educacion-terrazas.png",650,359,false],"newsever-featured":["https:\/\/apuntesdesanluis.com\/wp-content\/uploads\/2023\/12\/educacion-terrazas.png",650,359,false],"newsever-medium":["https:\/\/apuntesdesanluis.com\/wp-content\/uploads\/2023\/12\/educacion-terrazas.png",650,359,false]},"author_info":{"display_name":"apuntesdesanluis.com","author_link":"https:\/\/apuntesdesanluis.com\/index.php\/author\/apuntesdesanluis-com\/"},"category_info":"<a href=\"https:\/\/apuntesdesanluis.com\/index.php\/category\/ciudad-provincia\/\" rel=\"category tag\">Ciudad\/Provincia<\/a>","tag_info":"Ciudad\/Provincia","comment_count":"0","_links":{"self":[{"href":"https:\/\/apuntesdesanluis.com\/index.php\/wp-json\/wp\/v2\/posts\/8731","targetHints":{"allow":["GET"]}}],"collection":[{"href":"https:\/\/apuntesdesanluis.com\/index.php\/wp-json\/wp\/v2\/posts"}],"about":[{"href":"https:\/\/apuntesdesanluis.com\/index.php\/wp-json\/wp\/v2\/types\/post"}],"author":[{"embeddable":true,"href":"https:\/\/apuntesdesanluis.com\/index.php\/wp-json\/wp\/v2\/users\/1"}],"replies":[{"embeddable":true,"href":"https:\/\/apuntesdesanluis.com\/index.php\/wp-json\/wp\/v2\/comments?post=8731"}],"version-history":[{"count":1,"href":"https:\/\/apuntesdesanluis.com\/index.php\/wp-json\/wp\/v2\/posts\/8731\/revisions"}],"predecessor-version":[{"id":8733,"href":"https:\/\/apuntesdesanluis.com\/index.php\/wp-json\/wp\/v2\/posts\/8731\/revisions\/8733"}],"wp:featuredmedia":[{"embeddable":true,"href":"https:\/\/apuntesdesanluis.com\/index.php\/wp-json\/wp\/v2\/media\/8732"}],"wp:attachment":[{"href":"https:\/\/apuntesdesanluis.com\/index.php\/wp-json\/wp\/v2\/media?parent=8731"}],"wp:term":[{"taxonomy":"category","embeddable":true,"href":"https:\/\/apuntesdesanluis.com\/index.php\/wp-json\/wp\/v2\/categories?post=8731"},{"taxonomy":"post_tag","embeddable":true,"href":"https:\/\/apuntesdesanluis.com\/index.php\/wp-json\/wp\/v2\/tags?post=8731"}],"curies":[{"name":"wp","href":"https:\/\/api.w.org\/{rel}","templated":true}]}}