{"id":8734,"date":"2023-12-20T21:01:44","date_gmt":"2023-12-21T00:01:44","guid":{"rendered":"https:\/\/apuntesdesanluis.com\/?p=8734"},"modified":"2023-12-20T21:01:44","modified_gmt":"2023-12-21T00:01:44","slug":"comienza-el-juicio-por-el-homicidio-de-claudio-leyes-que-tiene-4-imputados","status":"publish","type":"post","link":"https:\/\/apuntesdesanluis.com\/index.php\/2023\/12\/20\/comienza-el-juicio-por-el-homicidio-de-claudio-leyes-que-tiene-4-imputados\/","title":{"rendered":"COMIENZA EL JUICIO POR EL HOMICIDIO DE CLAUDIO LEYES, QUE TIENE 4 IMPUTADOS"},"content":{"rendered":"<h3 class=\"yiv7409174924ydp6329976emsonormal\" style=\"text-align: justify; background: white;\"><span style=\"font-family: 'Arial','sans-serif'; color: #1d2228;\">Desde el 26 al 29 de diciembre se desarrollar\u00e1 el debate oral y p\u00fablico contra <strong>Bernab\u00e9 Ch\u00e1vez, Ver\u00f3nica Ag\u00fcero, An\u00edbal Galeano<\/strong>, y <strong>Yamila Barroso<\/strong>, imputados por el delito de homicidio en ocasi\u00f3n de robo. La v\u00edctima fue <strong>Claudio Leyes<\/strong>, de 50 a\u00f1os, y el hecho que se investiga ocurri\u00f3 en la madrugada del 17 de abril del 2022, en el estacionamiento de una estaci\u00f3n de servicio ubicada sobre la avenida Santos Ort\u00edz, en Juana Koslay.<\/span><\/h3>\n<h3 class=\"yiv7409174924ydp6329976emsonormal\" style=\"text-align: justify; background: white;\"><span style=\"font-family: 'Arial','sans-serif'; color: #1d2228;\">Los cuatro acusados llegan al juicio con prisi\u00f3n preventiva y alojados en el Servicio Penitenciario y enfrentan pedidos de condenas de 16 a 20 a\u00f1os de prisi\u00f3n. El debate estar\u00e1 a cargo del Colegio de Jueces y estar\u00e1 integrado por Mar\u00eda Eugenia Zabala Chacur en la presidencia y por Ariel Parrillis y Jos\u00e9 Luis Flores en las vocal\u00edas.<\/span><\/h3>\n<h3 class=\"yiv7409174924ydp6329976emsonormal\" style=\"text-align: justify; background: white;\"><span style=\"font-family: 'Arial','sans-serif'; color: #1d2228;\">La primera audiencia ser\u00e1 el pr\u00f3ximo martes a las 8:30 horas en la Sala Oral del segundo piso de los tribunales de calle Rivadavia.<\/span><\/h3>\n<h3 class=\"yiv7409174924ydp6329976emsonormal\" style=\"text-align: justify; background: white;\"><span style=\"font-family: 'Arial','sans-serif'; color: #1d2228;\">La Fiscal\u00eda de Juicio estar\u00e1 representada por Virginia Palacios Gonella y como abogado de la querella actuar\u00e1 Iv\u00e1n Coria en representaci\u00f3n de Selva Garro, madre de Leyes. Respecto a las defensas t\u00e9cnicas, Federico Putelli ser\u00e1 el defensor de Galeano y Ch\u00e1vez; Adriana Algarbe, de Barroso y la Defensora Oficial Nadia Ag\u00fandez, de Ag\u00fcero.<\/span><\/h3>\n<p><img fetchpriority=\"high\" decoding=\"async\" class=\"wp-image-8736 aligncenter\" src=\"https:\/\/apuntesdesanluis.com\/wp-content\/uploads\/2023\/12\/ACUSADOS-300x207.png\" alt=\"\" width=\"688\" height=\"475\" srcset=\"https:\/\/apuntesdesanluis.com\/wp-content\/uploads\/2023\/12\/ACUSADOS-300x207.png 300w, https:\/\/apuntesdesanluis.com\/wp-content\/uploads\/2023\/12\/ACUSADOS.png 754w\" sizes=\"(max-width: 688px) 100vw, 688px\" \/><\/p>\n<h3 style=\"text-align: center;\"><em>Las dos parejas al momento de ser detenidas.<\/em><\/h3>\n<h3 class=\"yiv7409174924ydp6329976emsonormal\" style=\"text-align: justify; background: white;\"><span style=\"font-family: 'Arial','sans-serif'; color: #1d2228;\">EL HECHO<\/span><\/h3>\n<h3 class=\"yiv7409174924ydp6329976emsonormal\" style=\"text-align: justify; background: white;\"><span style=\"font-family: 'Arial','sans-serif'; color: #1d2228;\">Seg\u00fan la acusaci\u00f3n del fiscal de Instrucci\u00f3n N\u00ba 3 Esteban Roche, el robo sucedi\u00f3 entre las 5:50 y las 6:00 horas, cuando los imputados y la v\u00edctima acordaron encontrarse en uno de los playones de la estaci\u00f3n Axion. All\u00ed los acusados golpearon a Leyes y le sustrajeron dinero, llaves de la vivienda, el tel\u00e9fono celular y se fugaron.<\/span><\/h3>\n<h3 class=\"yiv7409174924ydp6329976emsonormal\" style=\"text-align: justify; background: white;\"><span style=\"font-family: 'Arial','sans-serif'; color: #1d2228;\">De acuerdo a la reconstrucci\u00f3n que realiz\u00f3 el Ministerio P\u00fablico Fiscal, los imputados se encontraban junto a Reymundo Cabrera ingiriendo bebidas alcoh\u00f3licas en una garita propiedad de An\u00edbal Galeano. Cabrera junto a los cuatro imputados se subieron a un Peugeot 206 y se dirigieron hasta la estaci\u00f3n de servicio donde los esperaba Leyes.<\/span><\/h3>\n<h3 class=\"yiv7409174924ydp6329976emsonormal\" style=\"text-align: justify; background: white;\"><span style=\"font-family: 'Arial','sans-serif'; color: #1d2228;\">\u201cAll\u00ed los cuatro imputados se bajaron del auto, y se dirigieron a donde se encontraba Leyes, con la intenci\u00f3n de sustraer los bienes que ten\u00eda. Primero se acerc\u00f3 Galeano quien lo golpe\u00f3 en el rostro haci\u00e9ndolo caer al piso; luego, Ch\u00e1vez volvi\u00f3 a golpearlo en la zona de la cabeza, todos golpes que le provocaron m\u00faltiples fracturas tanto en el cr\u00e1neo como en la cara\u201d, narr\u00f3 Roche en su acusaci\u00f3n.<\/span><\/h3>\n<h3 class=\"yiv7409174924ydp6329976emsonormal\" style=\"text-align: justify; background: white;\"><span style=\"font-family: 'Arial','sans-serif'; color: #1d2228;\">Y agreg\u00f3: \u201cQue, en dicho contexto, y mientras Leyes estaba en el piso casi inconsciente, le sustrajeron su billetera, la cual conten\u00eda la suma aproximada de entre tres mil y cuatro mil pesos, las llaves de su vivienda y su tel\u00e9fono celular marca Motorola, d\u00e1ndole luego los bienes sustra\u00eddos a Barroso y Ag\u00fcero, d\u00e1ndose todos a la fuga a pie con direcci\u00f3n a la casilla de Galeano\u201d.<\/span><\/h3>\n<h3 class=\"yiv7409174924ydp6329976emsonormal\" style=\"text-align: justify; background: white;\"><span style=\"font-family: 'Arial','sans-serif'; color: #1d2228;\">La v\u00edctima estuvo internada en el Hospital Ram\u00f3n Carrillo durante seis meses. En octubre del 2022 recibi\u00f3 alta domiciliaria y muri\u00f3 el 17 de enero de 2023 en su domicilio del Barrio Maximiliano Toro, a causa de un shock cardiog\u00e9nico irreversible, traumatismos graves de cr\u00e1neo y epilepsia\/convulsi\u00f3n postraum\u00e1tica. En un primer momento, la causa estaba calificada como robo doblemente calificado. Luego de la muerte de Leyes, mut\u00f3 a homicidio en ocasi\u00f3n de robo.<\/span><\/h3>\n<h3 class=\"yiv7409174924ydp6329976emsonormal\" style=\"text-align: justify; background: white;\"><span style=\"font-family: 'Arial','sans-serif'; color: #1d2228;\">A cada uno de los imputados, la Fiscal\u00eda les atribuy\u00f3 el hecho en car\u00e1cter de co-autor ya que tuvieron un dominio funcional del hecho y un objetivo en com\u00fan que fue el de sustraerles elementos a la v\u00edctima.<\/span><\/h3>\n<p class=\"yiv7409174924ydp6329976emsonormal\" style=\"text-align: justify; background: white;\"><span style=\"font-family: 'Arial','sans-serif'; color: #1d2228;\">\u00a0<\/span><\/p>\n<p class=\"yiv7409174924ydp6329976emsonormal\" style=\"text-align: justify; background: white;\"><span style=\"font-family: 'Arial','sans-serif'; color: #1d2228;\">\u00a0<\/span><\/p>\n<p>&nbsp;<\/p>\n","protected":false},"excerpt":{"rendered":"<p>Desde el 26 al 29 de diciembre se desarrollar\u00e1 el debate oral y p\u00fablico contra&#8230;<\/p>\n","protected":false},"author":1,"featured_media":8735,"comment_status":"closed","ping_status":"closed","sticky":false,"template":"","format":"standard","meta":{"footnotes":""},"categories":[6],"tags":[],"class_list":["post-8734","post","type-post","status-publish","format-standard","has-post-thumbnail","hentry","category-ciudad-provincia"],"yoast_head":"<!-- This site is optimized with the Yoast SEO plugin v26.1.1 - https:\/\/yoast.com\/wordpress\/plugins\/seo\/ -->\n<title>COMIENZA EL JUICIO POR EL HOMICIDIO DE CLAUDIO LEYES, QUE TIENE 4 IMPUTADOS - Apuntes de San Luis<\/title>\n<meta name=\"robots\" content=\"index, follow, max-snippet:-1, max-image-preview:large, max-video-preview:-1\" \/>\n<link rel=\"canonical\" href=\"https:\/\/apuntesdesanluis.com\/index.php\/2023\/12\/20\/comienza-el-juicio-por-el-homicidio-de-claudio-leyes-que-tiene-4-imputados\/\" \/>\n<meta property=\"og:locale\" content=\"es_ES\" \/>\n<meta property=\"og:type\" content=\"article\" \/>\n<meta property=\"og:title\" content=\"COMIENZA EL JUICIO POR EL HOMICIDIO DE CLAUDIO LEYES, QUE TIENE 4 IMPUTADOS - Apuntes de San Luis\" \/>\n<meta property=\"og:description\" content=\"Desde el 26 al 29 de diciembre se desarrollar\u00e1 el debate oral y p\u00fablico contra...\" \/>\n<meta property=\"og:url\" content=\"https:\/\/apuntesdesanluis.com\/index.php\/2023\/12\/20\/comienza-el-juicio-por-el-homicidio-de-claudio-leyes-que-tiene-4-imputados\/\" \/>\n<meta property=\"og:site_name\" content=\"Apuntes de San Luis\" \/>\n<meta property=\"article:published_time\" content=\"2023-12-21T00:01:44+00:00\" \/>\n<meta property=\"og:image\" content=\"https:\/\/apuntesdesanluis.com\/wp-content\/uploads\/2023\/12\/TRIBUNALES-scaled-1.jpg\" \/>\n\t<meta property=\"og:image:width\" content=\"600\" \/>\n\t<meta property=\"og:image:height\" content=\"352\" \/>\n\t<meta property=\"og:image:type\" content=\"image\/jpeg\" \/>\n<meta name=\"author\" content=\"apuntesdesanluis.com\" \/>\n<meta name=\"twitter:card\" content=\"summary_large_image\" \/>\n<meta name=\"twitter:label1\" content=\"Escrito por\" \/>\n\t<meta name=\"twitter:data1\" content=\"apuntesdesanluis.com\" \/>\n\t<meta name=\"twitter:label2\" content=\"Tiempo de lectura\" \/>\n\t<meta name=\"twitter:data2\" content=\"3 minutos\" \/>\n<script type=\"application\/ld+json\" class=\"yoast-schema-graph\">{\"@context\":\"https:\/\/schema.org\",\"@graph\":[{\"@type\":\"Article\",\"@id\":\"https:\/\/apuntesdesanluis.com\/index.php\/2023\/12\/20\/comienza-el-juicio-por-el-homicidio-de-claudio-leyes-que-tiene-4-imputados\/#article\",\"isPartOf\":{\"@id\":\"https:\/\/apuntesdesanluis.com\/index.php\/2023\/12\/20\/comienza-el-juicio-por-el-homicidio-de-claudio-leyes-que-tiene-4-imputados\/\"},\"author\":{\"name\":\"apuntesdesanluis.com\",\"@id\":\"https:\/\/apuntesdesanluis.com\/#\/schema\/person\/b55151d52296fcce64d1a72538a70b90\"},\"headline\":\"COMIENZA EL JUICIO POR EL HOMICIDIO DE CLAUDIO LEYES, QUE TIENE 4 IMPUTADOS\",\"datePublished\":\"2023-12-21T00:01:44+00:00\",\"mainEntityOfPage\":{\"@id\":\"https:\/\/apuntesdesanluis.com\/index.php\/2023\/12\/20\/comienza-el-juicio-por-el-homicidio-de-claudio-leyes-que-tiene-4-imputados\/\"},\"wordCount\":637,\"publisher\":{\"@id\":\"https:\/\/apuntesdesanluis.com\/#\/schema\/person\/b55151d52296fcce64d1a72538a70b90\"},\"image\":{\"@id\":\"https:\/\/apuntesdesanluis.com\/index.php\/2023\/12\/20\/comienza-el-juicio-por-el-homicidio-de-claudio-leyes-que-tiene-4-imputados\/#primaryimage\"},\"thumbnailUrl\":\"https:\/\/apuntesdesanluis.com\/wp-content\/uploads\/2023\/12\/TRIBUNALES-scaled-1.jpg\",\"articleSection\":[\"Ciudad\/Provincia\"],\"inLanguage\":\"es-AR\"},{\"@type\":\"WebPage\",\"@id\":\"https:\/\/apuntesdesanluis.com\/index.php\/2023\/12\/20\/comienza-el-juicio-por-el-homicidio-de-claudio-leyes-que-tiene-4-imputados\/\",\"url\":\"https:\/\/apuntesdesanluis.com\/index.php\/2023\/12\/20\/comienza-el-juicio-por-el-homicidio-de-claudio-leyes-que-tiene-4-imputados\/\",\"name\":\"COMIENZA EL JUICIO POR EL HOMICIDIO DE CLAUDIO LEYES, QUE TIENE 4 IMPUTADOS - Apuntes de San Luis\",\"isPartOf\":{\"@id\":\"https:\/\/apuntesdesanluis.com\/#website\"},\"primaryImageOfPage\":{\"@id\":\"https:\/\/apuntesdesanluis.com\/index.php\/2023\/12\/20\/comienza-el-juicio-por-el-homicidio-de-claudio-leyes-que-tiene-4-imputados\/#primaryimage\"},\"image\":{\"@id\":\"https:\/\/apuntesdesanluis.com\/index.php\/2023\/12\/20\/comienza-el-juicio-por-el-homicidio-de-claudio-leyes-que-tiene-4-imputados\/#primaryimage\"},\"thumbnailUrl\":\"https:\/\/apuntesdesanluis.com\/wp-content\/uploads\/2023\/12\/TRIBUNALES-scaled-1.jpg\",\"datePublished\":\"2023-12-21T00:01:44+00:00\",\"breadcrumb\":{\"@id\":\"https:\/\/apuntesdesanluis.com\/index.php\/2023\/12\/20\/comienza-el-juicio-por-el-homicidio-de-claudio-leyes-que-tiene-4-imputados\/#breadcrumb\"},\"inLanguage\":\"es-AR\",\"potentialAction\":[{\"@type\":\"ReadAction\",\"target\":[\"https:\/\/apuntesdesanluis.com\/index.php\/2023\/12\/20\/comienza-el-juicio-por-el-homicidio-de-claudio-leyes-que-tiene-4-imputados\/\"]}]},{\"@type\":\"ImageObject\",\"inLanguage\":\"es-AR\",\"@id\":\"https:\/\/apuntesdesanluis.com\/index.php\/2023\/12\/20\/comienza-el-juicio-por-el-homicidio-de-claudio-leyes-que-tiene-4-imputados\/#primaryimage\",\"url\":\"https:\/\/apuntesdesanluis.com\/wp-content\/uploads\/2023\/12\/TRIBUNALES-scaled-1.jpg\",\"contentUrl\":\"https:\/\/apuntesdesanluis.com\/wp-content\/uploads\/2023\/12\/TRIBUNALES-scaled-1.jpg\",\"width\":600,\"height\":352},{\"@type\":\"BreadcrumbList\",\"@id\":\"https:\/\/apuntesdesanluis.com\/index.php\/2023\/12\/20\/comienza-el-juicio-por-el-homicidio-de-claudio-leyes-que-tiene-4-imputados\/#breadcrumb\",\"itemListElement\":[{\"@type\":\"ListItem\",\"position\":1,\"name\":\"Inicio\",\"item\":\"https:\/\/apuntesdesanluis.com\/\"},{\"@type\":\"ListItem\",\"position\":2,\"name\":\"COMIENZA EL JUICIO POR EL HOMICIDIO DE CLAUDIO LEYES, QUE TIENE 4 IMPUTADOS\"}]},{\"@type\":\"WebSite\",\"@id\":\"https:\/\/apuntesdesanluis.com\/#website\",\"url\":\"https:\/\/apuntesdesanluis.com\/\",\"name\":\"Apuntes de San Luis\",\"description\":\"\",\"publisher\":{\"@id\":\"https:\/\/apuntesdesanluis.com\/#\/schema\/person\/b55151d52296fcce64d1a72538a70b90\"},\"potentialAction\":[{\"@type\":\"SearchAction\",\"target\":{\"@type\":\"EntryPoint\",\"urlTemplate\":\"https:\/\/apuntesdesanluis.com\/?s={search_term_string}\"},\"query-input\":{\"@type\":\"PropertyValueSpecification\",\"valueRequired\":true,\"valueName\":\"search_term_string\"}}],\"inLanguage\":\"es-AR\"},{\"@type\":[\"Person\",\"Organization\"],\"@id\":\"https:\/\/apuntesdesanluis.com\/#\/schema\/person\/b55151d52296fcce64d1a72538a70b90\",\"name\":\"apuntesdesanluis.com\",\"image\":{\"@type\":\"ImageObject\",\"inLanguage\":\"es-AR\",\"@id\":\"https:\/\/apuntesdesanluis.com\/#\/schema\/person\/image\/\",\"url\":\"https:\/\/apuntesdesanluis.com\/wp-content\/uploads\/2023\/07\/cropped-apuntesdesanluis.png\",\"contentUrl\":\"https:\/\/apuntesdesanluis.com\/wp-content\/uploads\/2023\/07\/cropped-apuntesdesanluis.png\",\"width\":450,\"height\":112,\"caption\":\"apuntesdesanluis.com\"},\"logo\":{\"@id\":\"https:\/\/apuntesdesanluis.com\/#\/schema\/person\/image\/\"},\"sameAs\":[\"https:\/\/apuntesdesanluis.com\"],\"url\":\"https:\/\/apuntesdesanluis.com\/index.php\/author\/apuntesdesanluis-com\/\"}]}<\/script>\n<!-- \/ Yoast SEO plugin. -->","yoast_head_json":{"title":"COMIENZA EL JUICIO POR EL HOMICIDIO DE CLAUDIO LEYES, QUE TIENE 4 IMPUTADOS - Apuntes de San Luis","robots":{"index":"index","follow":"follow","max-snippet":"max-snippet:-1","max-image-preview":"max-image-preview:large","max-video-preview":"max-video-preview:-1"},"canonical":"https:\/\/apuntesdesanluis.com\/index.php\/2023\/12\/20\/comienza-el-juicio-por-el-homicidio-de-claudio-leyes-que-tiene-4-imputados\/","og_locale":"es_ES","og_type":"article","og_title":"COMIENZA EL JUICIO POR EL HOMICIDIO DE CLAUDIO LEYES, QUE TIENE 4 IMPUTADOS - Apuntes de San Luis","og_description":"Desde el 26 al 29 de diciembre se desarrollar\u00e1 el debate oral y p\u00fablico contra...","og_url":"https:\/\/apuntesdesanluis.com\/index.php\/2023\/12\/20\/comienza-el-juicio-por-el-homicidio-de-claudio-leyes-que-tiene-4-imputados\/","og_site_name":"Apuntes de San Luis","article_published_time":"2023-12-21T00:01:44+00:00","og_image":[{"width":600,"height":352,"url":"https:\/\/apuntesdesanluis.com\/wp-content\/uploads\/2023\/12\/TRIBUNALES-scaled-1.jpg","type":"image\/jpeg"}],"author":"apuntesdesanluis.com","twitter_card":"summary_large_image","twitter_misc":{"Escrito por":"apuntesdesanluis.com","Tiempo de lectura":"3 minutos"},"schema":{"@context":"https:\/\/schema.org","@graph":[{"@type":"Article","@id":"https:\/\/apuntesdesanluis.com\/index.php\/2023\/12\/20\/comienza-el-juicio-por-el-homicidio-de-claudio-leyes-que-tiene-4-imputados\/#article","isPartOf":{"@id":"https:\/\/apuntesdesanluis.com\/index.php\/2023\/12\/20\/comienza-el-juicio-por-el-homicidio-de-claudio-leyes-que-tiene-4-imputados\/"},"author":{"name":"apuntesdesanluis.com","@id":"https:\/\/apuntesdesanluis.com\/#\/schema\/person\/b55151d52296fcce64d1a72538a70b90"},"headline":"COMIENZA EL JUICIO POR EL HOMICIDIO DE CLAUDIO LEYES, QUE TIENE 4 IMPUTADOS","datePublished":"2023-12-21T00:01:44+00:00","mainEntityOfPage":{"@id":"https:\/\/apuntesdesanluis.com\/index.php\/2023\/12\/20\/comienza-el-juicio-por-el-homicidio-de-claudio-leyes-que-tiene-4-imputados\/"},"wordCount":637,"publisher":{"@id":"https:\/\/apuntesdesanluis.com\/#\/schema\/person\/b55151d52296fcce64d1a72538a70b90"},"image":{"@id":"https:\/\/apuntesdesanluis.com\/index.php\/2023\/12\/20\/comienza-el-juicio-por-el-homicidio-de-claudio-leyes-que-tiene-4-imputados\/#primaryimage"},"thumbnailUrl":"https:\/\/apuntesdesanluis.com\/wp-content\/uploads\/2023\/12\/TRIBUNALES-scaled-1.jpg","articleSection":["Ciudad\/Provincia"],"inLanguage":"es-AR"},{"@type":"WebPage","@id":"https:\/\/apuntesdesanluis.com\/index.php\/2023\/12\/20\/comienza-el-juicio-por-el-homicidio-de-claudio-leyes-que-tiene-4-imputados\/","url":"https:\/\/apuntesdesanluis.com\/index.php\/2023\/12\/20\/comienza-el-juicio-por-el-homicidio-de-claudio-leyes-que-tiene-4-imputados\/","name":"COMIENZA EL JUICIO POR EL HOMICIDIO DE CLAUDIO LEYES, QUE TIENE 4 IMPUTADOS - Apuntes de San Luis","isPartOf":{"@id":"https:\/\/apuntesdesanluis.com\/#website"},"primaryImageOfPage":{"@id":"https:\/\/apuntesdesanluis.com\/index.php\/2023\/12\/20\/comienza-el-juicio-por-el-homicidio-de-claudio-leyes-que-tiene-4-imputados\/#primaryimage"},"image":{"@id":"https:\/\/apuntesdesanluis.com\/index.php\/2023\/12\/20\/comienza-el-juicio-por-el-homicidio-de-claudio-leyes-que-tiene-4-imputados\/#primaryimage"},"thumbnailUrl":"https:\/\/apuntesdesanluis.com\/wp-content\/uploads\/2023\/12\/TRIBUNALES-scaled-1.jpg","datePublished":"2023-12-21T00:01:44+00:00","breadcrumb":{"@id":"https:\/\/apuntesdesanluis.com\/index.php\/2023\/12\/20\/comienza-el-juicio-por-el-homicidio-de-claudio-leyes-que-tiene-4-imputados\/#breadcrumb"},"inLanguage":"es-AR","potentialAction":[{"@type":"ReadAction","target":["https:\/\/apuntesdesanluis.com\/index.php\/2023\/12\/20\/comienza-el-juicio-por-el-homicidio-de-claudio-leyes-que-tiene-4-imputados\/"]}]},{"@type":"ImageObject","inLanguage":"es-AR","@id":"https:\/\/apuntesdesanluis.com\/index.php\/2023\/12\/20\/comienza-el-juicio-por-el-homicidio-de-claudio-leyes-que-tiene-4-imputados\/#primaryimage","url":"https:\/\/apuntesdesanluis.com\/wp-content\/uploads\/2023\/12\/TRIBUNALES-scaled-1.jpg","contentUrl":"https:\/\/apuntesdesanluis.com\/wp-content\/uploads\/2023\/12\/TRIBUNALES-scaled-1.jpg","width":600,"height":352},{"@type":"BreadcrumbList","@id":"https:\/\/apuntesdesanluis.com\/index.php\/2023\/12\/20\/comienza-el-juicio-por-el-homicidio-de-claudio-leyes-que-tiene-4-imputados\/#breadcrumb","itemListElement":[{"@type":"ListItem","position":1,"name":"Inicio","item":"https:\/\/apuntesdesanluis.com\/"},{"@type":"ListItem","position":2,"name":"COMIENZA EL JUICIO POR EL HOMICIDIO DE CLAUDIO LEYES, QUE TIENE 4 IMPUTADOS"}]},{"@type":"WebSite","@id":"https:\/\/apuntesdesanluis.com\/#website","url":"https:\/\/apuntesdesanluis.com\/","name":"Apuntes de San Luis","description":"","publisher":{"@id":"https:\/\/apuntesdesanluis.com\/#\/schema\/person\/b55151d52296fcce64d1a72538a70b90"},"potentialAction":[{"@type":"SearchAction","target":{"@type":"EntryPoint","urlTemplate":"https:\/\/apuntesdesanluis.com\/?s={search_term_string}"},"query-input":{"@type":"PropertyValueSpecification","valueRequired":true,"valueName":"search_term_string"}}],"inLanguage":"es-AR"},{"@type":["Person","Organization"],"@id":"https:\/\/apuntesdesanluis.com\/#\/schema\/person\/b55151d52296fcce64d1a72538a70b90","name":"apuntesdesanluis.com","image":{"@type":"ImageObject","inLanguage":"es-AR","@id":"https:\/\/apuntesdesanluis.com\/#\/schema\/person\/image\/","url":"https:\/\/apuntesdesanluis.com\/wp-content\/uploads\/2023\/07\/cropped-apuntesdesanluis.png","contentUrl":"https:\/\/apuntesdesanluis.com\/wp-content\/uploads\/2023\/07\/cropped-apuntesdesanluis.png","width":450,"height":112,"caption":"apuntesdesanluis.com"},"logo":{"@id":"https:\/\/apuntesdesanluis.com\/#\/schema\/person\/image\/"},"sameAs":["https:\/\/apuntesdesanluis.com"],"url":"https:\/\/apuntesdesanluis.com\/index.php\/author\/apuntesdesanluis-com\/"}]}},"featured_image_urls":{"full":["https:\/\/apuntesdesanluis.com\/wp-content\/uploads\/2023\/12\/TRIBUNALES-scaled-1.jpg",600,352,false],"thumbnail":["https:\/\/apuntesdesanluis.com\/wp-content\/uploads\/2023\/12\/TRIBUNALES-scaled-1-150x150.jpg",150,150,true],"medium":["https:\/\/apuntesdesanluis.com\/wp-content\/uploads\/2023\/12\/TRIBUNALES-scaled-1-300x176.jpg",300,176,true],"medium_large":["https:\/\/apuntesdesanluis.com\/wp-content\/uploads\/2023\/12\/TRIBUNALES-scaled-1.jpg",600,352,false],"large":["https:\/\/apuntesdesanluis.com\/wp-content\/uploads\/2023\/12\/TRIBUNALES-scaled-1.jpg",600,352,false],"1536x1536":["https:\/\/apuntesdesanluis.com\/wp-content\/uploads\/2023\/12\/TRIBUNALES-scaled-1.jpg",600,352,false],"2048x2048":["https:\/\/apuntesdesanluis.com\/wp-content\/uploads\/2023\/12\/TRIBUNALES-scaled-1.jpg",600,352,false],"newsever-slider-full":["https:\/\/apuntesdesanluis.com\/wp-content\/uploads\/2023\/12\/TRIBUNALES-scaled-1.jpg",600,352,false],"newsever-featured":["https:\/\/apuntesdesanluis.com\/wp-content\/uploads\/2023\/12\/TRIBUNALES-scaled-1.jpg",600,352,false],"newsever-medium":["https:\/\/apuntesdesanluis.com\/wp-content\/uploads\/2023\/12\/TRIBUNALES-scaled-1.jpg",600,352,false]},"author_info":{"display_name":"apuntesdesanluis.com","author_link":"https:\/\/apuntesdesanluis.com\/index.php\/author\/apuntesdesanluis-com\/"},"category_info":"<a href=\"https:\/\/apuntesdesanluis.com\/index.php\/category\/ciudad-provincia\/\" rel=\"category tag\">Ciudad\/Provincia<\/a>","tag_info":"Ciudad\/Provincia","comment_count":"0","_links":{"self":[{"href":"https:\/\/apuntesdesanluis.com\/index.php\/wp-json\/wp\/v2\/posts\/8734","targetHints":{"allow":["GET"]}}],"collection":[{"href":"https:\/\/apuntesdesanluis.com\/index.php\/wp-json\/wp\/v2\/posts"}],"about":[{"href":"https:\/\/apuntesdesanluis.com\/index.php\/wp-json\/wp\/v2\/types\/post"}],"author":[{"embeddable":true,"href":"https:\/\/apuntesdesanluis.com\/index.php\/wp-json\/wp\/v2\/users\/1"}],"replies":[{"embeddable":true,"href":"https:\/\/apuntesdesanluis.com\/index.php\/wp-json\/wp\/v2\/comments?post=8734"}],"version-history":[{"count":1,"href":"https:\/\/apuntesdesanluis.com\/index.php\/wp-json\/wp\/v2\/posts\/8734\/revisions"}],"predecessor-version":[{"id":8737,"href":"https:\/\/apuntesdesanluis.com\/index.php\/wp-json\/wp\/v2\/posts\/8734\/revisions\/8737"}],"wp:featuredmedia":[{"embeddable":true,"href":"https:\/\/apuntesdesanluis.com\/index.php\/wp-json\/wp\/v2\/media\/8735"}],"wp:attachment":[{"href":"https:\/\/apuntesdesanluis.com\/index.php\/wp-json\/wp\/v2\/media?parent=8734"}],"wp:term":[{"taxonomy":"category","embeddable":true,"href":"https:\/\/apuntesdesanluis.com\/index.php\/wp-json\/wp\/v2\/categories?post=8734"},{"taxonomy":"post_tag","embeddable":true,"href":"https:\/\/apuntesdesanluis.com\/index.php\/wp-json\/wp\/v2\/tags?post=8734"}],"curies":[{"name":"wp","href":"https:\/\/api.w.org\/{rel}","templated":true}]}}