{"id":8744,"date":"2023-12-20T21:23:05","date_gmt":"2023-12-21T00:23:05","guid":{"rendered":"https:\/\/apuntesdesanluis.com\/?p=8744"},"modified":"2023-12-20T21:23:38","modified_gmt":"2023-12-21T00:23:38","slug":"la-semana-proxima-se-realizara-el-censo-para-el-plan-de-inclusion","status":"publish","type":"post","link":"https:\/\/apuntesdesanluis.com\/index.php\/2023\/12\/20\/la-semana-proxima-se-realizara-el-censo-para-el-plan-de-inclusion\/","title":{"rendered":"LA SEMANA PR\u00d3XIMA SE REALIZAR\u00c1 EL CENSO PARA EL PLAN DE INCLUSI\u00d3N"},"content":{"rendered":"<h3 class=\"yiv7409174924ydp6329976emsonormal\" style=\"text-align: justify; background: white;\"><span style=\"font-family: 'Arial','sans-serif'; color: #1d2228;\">El Gobernador <strong>Claudio Poggi<\/strong> firm\u00f3 el decreto que contempla la realizaci\u00f3n del censo para todas las personas comprendidas en planes sociales provinciales. <\/span><\/h3>\n<h3 class=\"yiv7409174924ydp6329976emsonormal\" style=\"text-align: justify; background: white;\"><span style=\"font-family: 'Arial','sans-serif'; color: #1d2228;\">Sera coordinado por la <strong>Direcci\u00f3n de Estad\u00edstica y Censos<\/strong> y se realizar\u00e1 los d\u00edas jueves 28 y viernes 29 de diciembre.<\/span><\/h3>\n<p><img fetchpriority=\"high\" decoding=\"async\" class=\"wp-image-8746 aligncenter\" src=\"https:\/\/apuntesdesanluis.com\/wp-content\/uploads\/2023\/12\/poggi-1-300x174.png\" alt=\"\" width=\"722\" height=\"419\" srcset=\"https:\/\/apuntesdesanluis.com\/wp-content\/uploads\/2023\/12\/poggi-1-300x174.png 300w, https:\/\/apuntesdesanluis.com\/wp-content\/uploads\/2023\/12\/poggi-1.png 600w\" sizes=\"(max-width: 722px) 100vw, 722px\" \/><\/p>\n<h3 class=\"yiv7409174924ydp6329976emsonormal\" style=\"text-align: justify; background: white;\"><span style=\"font-family: 'Arial','sans-serif'; color: #1d2228;\">El objetivo es actualizar la informaci\u00f3n respecto a la cantidad de beneficiarios en toda la geograf\u00eda provincial y conocer en qu\u00e9 lugar desempe\u00f1an sus tareas.<\/span><\/h3>\n","protected":false},"excerpt":{"rendered":"<p>El Gobernador Claudio Poggi firm\u00f3 el decreto que contempla la realizaci\u00f3n del censo para todas&#8230;<\/p>\n","protected":false},"author":1,"featured_media":8745,"comment_status":"closed","ping_status":"closed","sticky":false,"template":"","format":"standard","meta":{"footnotes":""},"categories":[6],"tags":[],"class_list":["post-8744","post","type-post","status-publish","format-standard","has-post-thumbnail","hentry","category-ciudad-provincia"],"yoast_head":"<!-- This site is optimized with the Yoast SEO plugin v26.1.1 - https:\/\/yoast.com\/wordpress\/plugins\/seo\/ -->\n<title>LA SEMANA PR\u00d3XIMA SE REALIZAR\u00c1 EL CENSO PARA EL PLAN DE INCLUSI\u00d3N - Apuntes de San Luis<\/title>\n<meta name=\"robots\" content=\"index, follow, max-snippet:-1, max-image-preview:large, max-video-preview:-1\" \/>\n<link rel=\"canonical\" href=\"https:\/\/apuntesdesanluis.com\/index.php\/2023\/12\/20\/la-semana-proxima-se-realizara-el-censo-para-el-plan-de-inclusion\/\" \/>\n<meta property=\"og:locale\" content=\"es_ES\" \/>\n<meta property=\"og:type\" content=\"article\" \/>\n<meta property=\"og:title\" content=\"LA SEMANA PR\u00d3XIMA SE REALIZAR\u00c1 EL CENSO PARA EL PLAN DE INCLUSI\u00d3N - Apuntes de San Luis\" \/>\n<meta property=\"og:description\" content=\"El Gobernador Claudio Poggi firm\u00f3 el decreto que contempla la realizaci\u00f3n del censo para todas...\" \/>\n<meta property=\"og:url\" content=\"https:\/\/apuntesdesanluis.com\/index.php\/2023\/12\/20\/la-semana-proxima-se-realizara-el-censo-para-el-plan-de-inclusion\/\" \/>\n<meta property=\"og:site_name\" content=\"Apuntes de San Luis\" \/>\n<meta property=\"article:published_time\" content=\"2023-12-21T00:23:05+00:00\" \/>\n<meta property=\"article:modified_time\" content=\"2023-12-21T00:23:38+00:00\" \/>\n<meta property=\"og:image\" content=\"https:\/\/apuntesdesanluis.com\/wp-content\/uploads\/2023\/12\/trabajadores-de-inclusion.png\" \/>\n\t<meta property=\"og:image:width\" content=\"659\" \/>\n\t<meta property=\"og:image:height\" content=\"402\" \/>\n\t<meta property=\"og:image:type\" content=\"image\/png\" \/>\n<meta name=\"author\" content=\"apuntesdesanluis.com\" \/>\n<meta name=\"twitter:card\" content=\"summary_large_image\" \/>\n<meta name=\"twitter:label1\" content=\"Escrito por\" \/>\n\t<meta name=\"twitter:data1\" content=\"apuntesdesanluis.com\" \/>\n\t<meta name=\"twitter:label2\" content=\"Tiempo de lectura\" \/>\n\t<meta name=\"twitter:data2\" content=\"1 minuto\" \/>\n<script type=\"application\/ld+json\" class=\"yoast-schema-graph\">{\"@context\":\"https:\/\/schema.org\",\"@graph\":[{\"@type\":\"Article\",\"@id\":\"https:\/\/apuntesdesanluis.com\/index.php\/2023\/12\/20\/la-semana-proxima-se-realizara-el-censo-para-el-plan-de-inclusion\/#article\",\"isPartOf\":{\"@id\":\"https:\/\/apuntesdesanluis.com\/index.php\/2023\/12\/20\/la-semana-proxima-se-realizara-el-censo-para-el-plan-de-inclusion\/\"},\"author\":{\"name\":\"apuntesdesanluis.com\",\"@id\":\"https:\/\/apuntesdesanluis.com\/#\/schema\/person\/b55151d52296fcce64d1a72538a70b90\"},\"headline\":\"LA SEMANA PR\u00d3XIMA SE REALIZAR\u00c1 EL CENSO PARA EL PLAN DE INCLUSI\u00d3N\",\"datePublished\":\"2023-12-21T00:23:05+00:00\",\"dateModified\":\"2023-12-21T00:23:38+00:00\",\"mainEntityOfPage\":{\"@id\":\"https:\/\/apuntesdesanluis.com\/index.php\/2023\/12\/20\/la-semana-proxima-se-realizara-el-censo-para-el-plan-de-inclusion\/\"},\"wordCount\":87,\"publisher\":{\"@id\":\"https:\/\/apuntesdesanluis.com\/#\/schema\/person\/b55151d52296fcce64d1a72538a70b90\"},\"image\":{\"@id\":\"https:\/\/apuntesdesanluis.com\/index.php\/2023\/12\/20\/la-semana-proxima-se-realizara-el-censo-para-el-plan-de-inclusion\/#primaryimage\"},\"thumbnailUrl\":\"https:\/\/apuntesdesanluis.com\/wp-content\/uploads\/2023\/12\/trabajadores-de-inclusion.png\",\"articleSection\":[\"Ciudad\/Provincia\"],\"inLanguage\":\"es-AR\"},{\"@type\":\"WebPage\",\"@id\":\"https:\/\/apuntesdesanluis.com\/index.php\/2023\/12\/20\/la-semana-proxima-se-realizara-el-censo-para-el-plan-de-inclusion\/\",\"url\":\"https:\/\/apuntesdesanluis.com\/index.php\/2023\/12\/20\/la-semana-proxima-se-realizara-el-censo-para-el-plan-de-inclusion\/\",\"name\":\"LA SEMANA PR\u00d3XIMA SE REALIZAR\u00c1 EL CENSO PARA EL PLAN DE INCLUSI\u00d3N - Apuntes de San Luis\",\"isPartOf\":{\"@id\":\"https:\/\/apuntesdesanluis.com\/#website\"},\"primaryImageOfPage\":{\"@id\":\"https:\/\/apuntesdesanluis.com\/index.php\/2023\/12\/20\/la-semana-proxima-se-realizara-el-censo-para-el-plan-de-inclusion\/#primaryimage\"},\"image\":{\"@id\":\"https:\/\/apuntesdesanluis.com\/index.php\/2023\/12\/20\/la-semana-proxima-se-realizara-el-censo-para-el-plan-de-inclusion\/#primaryimage\"},\"thumbnailUrl\":\"https:\/\/apuntesdesanluis.com\/wp-content\/uploads\/2023\/12\/trabajadores-de-inclusion.png\",\"datePublished\":\"2023-12-21T00:23:05+00:00\",\"dateModified\":\"2023-12-21T00:23:38+00:00\",\"breadcrumb\":{\"@id\":\"https:\/\/apuntesdesanluis.com\/index.php\/2023\/12\/20\/la-semana-proxima-se-realizara-el-censo-para-el-plan-de-inclusion\/#breadcrumb\"},\"inLanguage\":\"es-AR\",\"potentialAction\":[{\"@type\":\"ReadAction\",\"target\":[\"https:\/\/apuntesdesanluis.com\/index.php\/2023\/12\/20\/la-semana-proxima-se-realizara-el-censo-para-el-plan-de-inclusion\/\"]}]},{\"@type\":\"ImageObject\",\"inLanguage\":\"es-AR\",\"@id\":\"https:\/\/apuntesdesanluis.com\/index.php\/2023\/12\/20\/la-semana-proxima-se-realizara-el-censo-para-el-plan-de-inclusion\/#primaryimage\",\"url\":\"https:\/\/apuntesdesanluis.com\/wp-content\/uploads\/2023\/12\/trabajadores-de-inclusion.png\",\"contentUrl\":\"https:\/\/apuntesdesanluis.com\/wp-content\/uploads\/2023\/12\/trabajadores-de-inclusion.png\",\"width\":659,\"height\":402},{\"@type\":\"BreadcrumbList\",\"@id\":\"https:\/\/apuntesdesanluis.com\/index.php\/2023\/12\/20\/la-semana-proxima-se-realizara-el-censo-para-el-plan-de-inclusion\/#breadcrumb\",\"itemListElement\":[{\"@type\":\"ListItem\",\"position\":1,\"name\":\"Inicio\",\"item\":\"https:\/\/apuntesdesanluis.com\/\"},{\"@type\":\"ListItem\",\"position\":2,\"name\":\"LA SEMANA PR\u00d3XIMA SE REALIZAR\u00c1 EL CENSO PARA EL PLAN DE INCLUSI\u00d3N\"}]},{\"@type\":\"WebSite\",\"@id\":\"https:\/\/apuntesdesanluis.com\/#website\",\"url\":\"https:\/\/apuntesdesanluis.com\/\",\"name\":\"Apuntes de San Luis\",\"description\":\"\",\"publisher\":{\"@id\":\"https:\/\/apuntesdesanluis.com\/#\/schema\/person\/b55151d52296fcce64d1a72538a70b90\"},\"potentialAction\":[{\"@type\":\"SearchAction\",\"target\":{\"@type\":\"EntryPoint\",\"urlTemplate\":\"https:\/\/apuntesdesanluis.com\/?s={search_term_string}\"},\"query-input\":{\"@type\":\"PropertyValueSpecification\",\"valueRequired\":true,\"valueName\":\"search_term_string\"}}],\"inLanguage\":\"es-AR\"},{\"@type\":[\"Person\",\"Organization\"],\"@id\":\"https:\/\/apuntesdesanluis.com\/#\/schema\/person\/b55151d52296fcce64d1a72538a70b90\",\"name\":\"apuntesdesanluis.com\",\"image\":{\"@type\":\"ImageObject\",\"inLanguage\":\"es-AR\",\"@id\":\"https:\/\/apuntesdesanluis.com\/#\/schema\/person\/image\/\",\"url\":\"https:\/\/apuntesdesanluis.com\/wp-content\/uploads\/2023\/07\/cropped-apuntesdesanluis.png\",\"contentUrl\":\"https:\/\/apuntesdesanluis.com\/wp-content\/uploads\/2023\/07\/cropped-apuntesdesanluis.png\",\"width\":450,\"height\":112,\"caption\":\"apuntesdesanluis.com\"},\"logo\":{\"@id\":\"https:\/\/apuntesdesanluis.com\/#\/schema\/person\/image\/\"},\"sameAs\":[\"https:\/\/apuntesdesanluis.com\"],\"url\":\"https:\/\/apuntesdesanluis.com\/index.php\/author\/apuntesdesanluis-com\/\"}]}<\/script>\n<!-- \/ Yoast SEO plugin. -->","yoast_head_json":{"title":"LA SEMANA PR\u00d3XIMA SE REALIZAR\u00c1 EL CENSO PARA EL PLAN DE INCLUSI\u00d3N - Apuntes de San Luis","robots":{"index":"index","follow":"follow","max-snippet":"max-snippet:-1","max-image-preview":"max-image-preview:large","max-video-preview":"max-video-preview:-1"},"canonical":"https:\/\/apuntesdesanluis.com\/index.php\/2023\/12\/20\/la-semana-proxima-se-realizara-el-censo-para-el-plan-de-inclusion\/","og_locale":"es_ES","og_type":"article","og_title":"LA SEMANA PR\u00d3XIMA SE REALIZAR\u00c1 EL CENSO PARA EL PLAN DE INCLUSI\u00d3N - Apuntes de San Luis","og_description":"El Gobernador Claudio Poggi firm\u00f3 el decreto que contempla la realizaci\u00f3n del censo para todas...","og_url":"https:\/\/apuntesdesanluis.com\/index.php\/2023\/12\/20\/la-semana-proxima-se-realizara-el-censo-para-el-plan-de-inclusion\/","og_site_name":"Apuntes de San Luis","article_published_time":"2023-12-21T00:23:05+00:00","article_modified_time":"2023-12-21T00:23:38+00:00","og_image":[{"width":659,"height":402,"url":"https:\/\/apuntesdesanluis.com\/wp-content\/uploads\/2023\/12\/trabajadores-de-inclusion.png","type":"image\/png"}],"author":"apuntesdesanluis.com","twitter_card":"summary_large_image","twitter_misc":{"Escrito por":"apuntesdesanluis.com","Tiempo de lectura":"1 minuto"},"schema":{"@context":"https:\/\/schema.org","@graph":[{"@type":"Article","@id":"https:\/\/apuntesdesanluis.com\/index.php\/2023\/12\/20\/la-semana-proxima-se-realizara-el-censo-para-el-plan-de-inclusion\/#article","isPartOf":{"@id":"https:\/\/apuntesdesanluis.com\/index.php\/2023\/12\/20\/la-semana-proxima-se-realizara-el-censo-para-el-plan-de-inclusion\/"},"author":{"name":"apuntesdesanluis.com","@id":"https:\/\/apuntesdesanluis.com\/#\/schema\/person\/b55151d52296fcce64d1a72538a70b90"},"headline":"LA SEMANA PR\u00d3XIMA SE REALIZAR\u00c1 EL CENSO PARA EL PLAN DE INCLUSI\u00d3N","datePublished":"2023-12-21T00:23:05+00:00","dateModified":"2023-12-21T00:23:38+00:00","mainEntityOfPage":{"@id":"https:\/\/apuntesdesanluis.com\/index.php\/2023\/12\/20\/la-semana-proxima-se-realizara-el-censo-para-el-plan-de-inclusion\/"},"wordCount":87,"publisher":{"@id":"https:\/\/apuntesdesanluis.com\/#\/schema\/person\/b55151d52296fcce64d1a72538a70b90"},"image":{"@id":"https:\/\/apuntesdesanluis.com\/index.php\/2023\/12\/20\/la-semana-proxima-se-realizara-el-censo-para-el-plan-de-inclusion\/#primaryimage"},"thumbnailUrl":"https:\/\/apuntesdesanluis.com\/wp-content\/uploads\/2023\/12\/trabajadores-de-inclusion.png","articleSection":["Ciudad\/Provincia"],"inLanguage":"es-AR"},{"@type":"WebPage","@id":"https:\/\/apuntesdesanluis.com\/index.php\/2023\/12\/20\/la-semana-proxima-se-realizara-el-censo-para-el-plan-de-inclusion\/","url":"https:\/\/apuntesdesanluis.com\/index.php\/2023\/12\/20\/la-semana-proxima-se-realizara-el-censo-para-el-plan-de-inclusion\/","name":"LA SEMANA PR\u00d3XIMA SE REALIZAR\u00c1 EL CENSO PARA EL PLAN DE INCLUSI\u00d3N - Apuntes de San Luis","isPartOf":{"@id":"https:\/\/apuntesdesanluis.com\/#website"},"primaryImageOfPage":{"@id":"https:\/\/apuntesdesanluis.com\/index.php\/2023\/12\/20\/la-semana-proxima-se-realizara-el-censo-para-el-plan-de-inclusion\/#primaryimage"},"image":{"@id":"https:\/\/apuntesdesanluis.com\/index.php\/2023\/12\/20\/la-semana-proxima-se-realizara-el-censo-para-el-plan-de-inclusion\/#primaryimage"},"thumbnailUrl":"https:\/\/apuntesdesanluis.com\/wp-content\/uploads\/2023\/12\/trabajadores-de-inclusion.png","datePublished":"2023-12-21T00:23:05+00:00","dateModified":"2023-12-21T00:23:38+00:00","breadcrumb":{"@id":"https:\/\/apuntesdesanluis.com\/index.php\/2023\/12\/20\/la-semana-proxima-se-realizara-el-censo-para-el-plan-de-inclusion\/#breadcrumb"},"inLanguage":"es-AR","potentialAction":[{"@type":"ReadAction","target":["https:\/\/apuntesdesanluis.com\/index.php\/2023\/12\/20\/la-semana-proxima-se-realizara-el-censo-para-el-plan-de-inclusion\/"]}]},{"@type":"ImageObject","inLanguage":"es-AR","@id":"https:\/\/apuntesdesanluis.com\/index.php\/2023\/12\/20\/la-semana-proxima-se-realizara-el-censo-para-el-plan-de-inclusion\/#primaryimage","url":"https:\/\/apuntesdesanluis.com\/wp-content\/uploads\/2023\/12\/trabajadores-de-inclusion.png","contentUrl":"https:\/\/apuntesdesanluis.com\/wp-content\/uploads\/2023\/12\/trabajadores-de-inclusion.png","width":659,"height":402},{"@type":"BreadcrumbList","@id":"https:\/\/apuntesdesanluis.com\/index.php\/2023\/12\/20\/la-semana-proxima-se-realizara-el-censo-para-el-plan-de-inclusion\/#breadcrumb","itemListElement":[{"@type":"ListItem","position":1,"name":"Inicio","item":"https:\/\/apuntesdesanluis.com\/"},{"@type":"ListItem","position":2,"name":"LA SEMANA PR\u00d3XIMA SE REALIZAR\u00c1 EL CENSO PARA EL PLAN DE INCLUSI\u00d3N"}]},{"@type":"WebSite","@id":"https:\/\/apuntesdesanluis.com\/#website","url":"https:\/\/apuntesdesanluis.com\/","name":"Apuntes de San Luis","description":"","publisher":{"@id":"https:\/\/apuntesdesanluis.com\/#\/schema\/person\/b55151d52296fcce64d1a72538a70b90"},"potentialAction":[{"@type":"SearchAction","target":{"@type":"EntryPoint","urlTemplate":"https:\/\/apuntesdesanluis.com\/?s={search_term_string}"},"query-input":{"@type":"PropertyValueSpecification","valueRequired":true,"valueName":"search_term_string"}}],"inLanguage":"es-AR"},{"@type":["Person","Organization"],"@id":"https:\/\/apuntesdesanluis.com\/#\/schema\/person\/b55151d52296fcce64d1a72538a70b90","name":"apuntesdesanluis.com","image":{"@type":"ImageObject","inLanguage":"es-AR","@id":"https:\/\/apuntesdesanluis.com\/#\/schema\/person\/image\/","url":"https:\/\/apuntesdesanluis.com\/wp-content\/uploads\/2023\/07\/cropped-apuntesdesanluis.png","contentUrl":"https:\/\/apuntesdesanluis.com\/wp-content\/uploads\/2023\/07\/cropped-apuntesdesanluis.png","width":450,"height":112,"caption":"apuntesdesanluis.com"},"logo":{"@id":"https:\/\/apuntesdesanluis.com\/#\/schema\/person\/image\/"},"sameAs":["https:\/\/apuntesdesanluis.com"],"url":"https:\/\/apuntesdesanluis.com\/index.php\/author\/apuntesdesanluis-com\/"}]}},"featured_image_urls":{"full":["https:\/\/apuntesdesanluis.com\/wp-content\/uploads\/2023\/12\/trabajadores-de-inclusion.png",659,402,false],"thumbnail":["https:\/\/apuntesdesanluis.com\/wp-content\/uploads\/2023\/12\/trabajadores-de-inclusion-150x150.png",150,150,true],"medium":["https:\/\/apuntesdesanluis.com\/wp-content\/uploads\/2023\/12\/trabajadores-de-inclusion-300x183.png",300,183,true],"medium_large":["https:\/\/apuntesdesanluis.com\/wp-content\/uploads\/2023\/12\/trabajadores-de-inclusion.png",640,390,false],"large":["https:\/\/apuntesdesanluis.com\/wp-content\/uploads\/2023\/12\/trabajadores-de-inclusion.png",640,390,false],"1536x1536":["https:\/\/apuntesdesanluis.com\/wp-content\/uploads\/2023\/12\/trabajadores-de-inclusion.png",659,402,false],"2048x2048":["https:\/\/apuntesdesanluis.com\/wp-content\/uploads\/2023\/12\/trabajadores-de-inclusion.png",659,402,false],"newsever-slider-full":["https:\/\/apuntesdesanluis.com\/wp-content\/uploads\/2023\/12\/trabajadores-de-inclusion.png",659,402,false],"newsever-featured":["https:\/\/apuntesdesanluis.com\/wp-content\/uploads\/2023\/12\/trabajadores-de-inclusion.png",659,402,false],"newsever-medium":["https:\/\/apuntesdesanluis.com\/wp-content\/uploads\/2023\/12\/trabajadores-de-inclusion.png",659,402,false]},"author_info":{"display_name":"apuntesdesanluis.com","author_link":"https:\/\/apuntesdesanluis.com\/index.php\/author\/apuntesdesanluis-com\/"},"category_info":"<a href=\"https:\/\/apuntesdesanluis.com\/index.php\/category\/ciudad-provincia\/\" rel=\"category tag\">Ciudad\/Provincia<\/a>","tag_info":"Ciudad\/Provincia","comment_count":"0","_links":{"self":[{"href":"https:\/\/apuntesdesanluis.com\/index.php\/wp-json\/wp\/v2\/posts\/8744","targetHints":{"allow":["GET"]}}],"collection":[{"href":"https:\/\/apuntesdesanluis.com\/index.php\/wp-json\/wp\/v2\/posts"}],"about":[{"href":"https:\/\/apuntesdesanluis.com\/index.php\/wp-json\/wp\/v2\/types\/post"}],"author":[{"embeddable":true,"href":"https:\/\/apuntesdesanluis.com\/index.php\/wp-json\/wp\/v2\/users\/1"}],"replies":[{"embeddable":true,"href":"https:\/\/apuntesdesanluis.com\/index.php\/wp-json\/wp\/v2\/comments?post=8744"}],"version-history":[{"count":2,"href":"https:\/\/apuntesdesanluis.com\/index.php\/wp-json\/wp\/v2\/posts\/8744\/revisions"}],"predecessor-version":[{"id":8748,"href":"https:\/\/apuntesdesanluis.com\/index.php\/wp-json\/wp\/v2\/posts\/8744\/revisions\/8748"}],"wp:featuredmedia":[{"embeddable":true,"href":"https:\/\/apuntesdesanluis.com\/index.php\/wp-json\/wp\/v2\/media\/8745"}],"wp:attachment":[{"href":"https:\/\/apuntesdesanluis.com\/index.php\/wp-json\/wp\/v2\/media?parent=8744"}],"wp:term":[{"taxonomy":"category","embeddable":true,"href":"https:\/\/apuntesdesanluis.com\/index.php\/wp-json\/wp\/v2\/categories?post=8744"},{"taxonomy":"post_tag","embeddable":true,"href":"https:\/\/apuntesdesanluis.com\/index.php\/wp-json\/wp\/v2\/tags?post=8744"}],"curies":[{"name":"wp","href":"https:\/\/api.w.org\/{rel}","templated":true}]}}