{"id":8759,"date":"2023-12-20T22:38:18","date_gmt":"2023-12-21T01:38:18","guid":{"rendered":"https:\/\/apuntesdesanluis.com\/?p=8759"},"modified":"2023-12-20T22:38:18","modified_gmt":"2023-12-21T01:38:18","slug":"milei-presento-su-mega-dnu-de-desregulacion-para-que-crezca-la-economia","status":"publish","type":"post","link":"https:\/\/apuntesdesanluis.com\/index.php\/2023\/12\/20\/milei-presento-su-mega-dnu-de-desregulacion-para-que-crezca-la-economia\/","title":{"rendered":"MILEI PRESENT\u00d3 SU MEGA DNU DE DESREGULACI\u00d3N PARA QUE &#8220;CREZCA LA ECONOM\u00cdA&#8221;"},"content":{"rendered":"<h3>El presidente<strong> Javier Milei<\/strong> asegur\u00f3 que el DNU (Decreto de Necesidad y Urgencia) que firm\u00f3 para desregular la econom\u00eda,\u00a0 modificando m\u00e1s de 300 leyes,&#8221;va a destrabar este andamiaje jur\u00eddico opresor que destruy\u00f3&#8221; el pa\u00eds, y permitir que la Argentina \u201cpueda crecer\u201d.<\/h3>\n<h3>En su primera cadena nacional desde que asumi\u00f3 hace diez d\u00edas, el mandatario nacional anunci\u00f3 que en el contenido del DNU est\u00e1 la derogaci\u00f3n de la Ley de Alquileres, la de Abastecimiento; la de G\u00f3ndolas; el Observatorio de precios; desregulaciones de internet, de medicina prepaga, de turismo; la implementaci\u00f3n de cielos abiertos y una reforma laboral, entre muchas otras.<\/h3>\n<h3>Milei hizo un diagn\u00f3stico de la dura situaci\u00f3n econom\u00eda y las cifras de la pobreza,\u00a0 de lo que responsabiliz\u00f3 a &#8220;la casta pol\u00edtica&#8221;, y destac\u00f3 que &#8220;seis de cada diez chicos son pobres&#8221;.<\/h3>\n<h3>Adem\u00e1s, asegur\u00f3 en la cadena, grabada a primera hora de la tarde y donde estuvo acompa\u00f1ado por todos sus ministros, que el pa\u00eds atraviesa esta complicada situaci\u00f3n debido al \u201ccolectivismo\u201d y a la &#8220;doctrina que considera que los pol\u00edticos son Dios&#8221;, cuando -remarc\u00f3- &#8220;no solo que no son Dios sino que son la causa de nuestros problemas&#8221;.<\/h3>\n<p><iframe title=\"El discurso completo del Presidente Javier Milei en cadena nacional\" width=\"640\" height=\"360\" src=\"https:\/\/www.youtube.com\/embed\/st2oVDYWK_0?start=3&#038;feature=oembed\" frameborder=\"0\" allow=\"accelerometer; autoplay; clipboard-write; encrypted-media; gyroscope; picture-in-picture; web-share\" referrerpolicy=\"strict-origin-when-cross-origin\" allowfullscreen><\/iframe><\/p>\n<h3>En esa l\u00ednea, antes de anunciar los detalles del DNU, Milei dedic\u00f3 buena parte de su mensaje de 16 minutos de extensi\u00f3n a cuestionar que &#8220;un grupo de bur\u00f3cratas pueda planificar la vida de los seres humanos&#8221;.<\/h3>\n<h3>&#8220;El problema no es el chef sino la receta, las ideas que fracasaron en Argentina y en todo el planeta donde se intentaron han sido un fracaso en lo econ\u00f3mico, lo social y cultural y le cost\u00f3 la vida a millones de personas. Esa doctrina que le dicen izquierda, comunismo, fascismo o socialismo, y que nosotros le decimos colectivismo, es una forma de pensamiento que diluye al individuo en favor del poder del Estado. Parte de la premisa de que la raz\u00f3n de Estado es m\u00e1s importante que el individuo, que debe someterse al Estado y que por lo tanto los ciudadanos le debemos pleites\u00eda a sus representantes: la casta pol\u00edtica&#8221;, evalu\u00f3.<\/h3>\n<h3>Y agreg\u00f3: \u201cNos hemos acostumbrado y tomado como normales intromisiones estatales que son la causa de nuestros problemas. El saldo es el pa\u00eds que recibimos, la peor herencia de la historia. Un pa\u00eds con d\u00e9ficit consolidado de 15% del PBI, donde 5% del d\u00e9ficit es del Tesoro y 10% del Banco Central\u201d.<\/h3>\n<h3>\u201cUn pa\u00eds que gasta tanto que no le alcanza para pagarlo, ni siquiera con la presi\u00f3n impositiva en blanco, m\u00e1s alta del mundo. Un pa\u00eds sin reservas en el Banco Central y con su confianza crediticia destruida. Un pa\u00eds que ha emitido dinero por 20 puntos del PBI para financiar ese gasto p\u00fablico y que ahora, producto de esa emisi\u00f3n desenfrenada, enfrenta su peor crisis inflacionaria en 40 a\u00f1os\u201d, puntualiz\u00f3.<\/h3>\n<h3>Al respecto, Milei dijo que el cambio de esa situaci\u00f3n &#8220;comienza hoy&#8221; y lament\u00f3 que &#8220;el Estado en su conjunto se ha vuelto una m\u00e1quina de impedir el comercio, el trabajo, la producci\u00f3n, el ahorro, la inversi\u00f3n, la generaci\u00f3n de riqueza, el crecimiento econ\u00f3mico y, fundamentalmente, la libertad&#8221;.<\/h3>\n<h3>&#8220;El empleo privado est\u00e1 estancado en 6 millones de puestos de trabajo desde hace m\u00e1s de una d\u00e9cada. El PBI per c\u00e1pita es 15% inferior al de 2011. 1\/3 de los trabajadores formales son pobres. Tenemos una tasa de desempleo baja, pero que se explica con empleo precario y salarios reales miserables, y seis de cada diez chicos entre cero y 14 a\u00f1os son pobres&#8221;, insisti\u00f3.<\/h3>\n<h3>Tras este repaso, el jefe de Estado comenz\u00f3 a enumerar los 30 principales puntos de las reformas del DNU, de un total de m\u00e1s de 300, cuyo objetivo -dijo- es &#8220;la reconstrucci\u00f3n del pa\u00eds&#8221;.<\/h3>\n<h3>Sobre el final de su discurso, Milei envi\u00f3 un mensaje a los legisladores de todas las fuerzas pol\u00edticas: &#8220;Deber\u00e1n decidir si van ser parte de este cambio o si van a obstruir el proyecto de reformas m\u00e1s ambicioso de los \u00faltimos a\u00f1os. Conf\u00edo en que nuestros representantes defender\u00e1n los intereses de los argentinos y no los de la casta&#8221;.<\/h3>\n<p>&nbsp;<\/p>\n<p>&nbsp;<\/p>\n<p>&nbsp;<\/p>\n<p>&nbsp;<\/p>\n<p>&nbsp;<\/p>\n","protected":false},"excerpt":{"rendered":"<p>El presidente Javier Milei asegur\u00f3 que el DNU (Decreto de Necesidad y Urgencia) que firm\u00f3&#8230;<\/p>\n","protected":false},"author":1,"featured_media":8760,"comment_status":"closed","ping_status":"closed","sticky":false,"template":"","format":"standard","meta":{"footnotes":""},"categories":[5],"tags":[],"class_list":["post-8759","post","type-post","status-publish","format-standard","has-post-thumbnail","hentry","category-nacionales-internacionales"],"yoast_head":"<!-- This site is optimized with the Yoast SEO plugin v26.1.1 - https:\/\/yoast.com\/wordpress\/plugins\/seo\/ -->\n<title>MILEI PRESENT\u00d3 SU MEGA DNU DE DESREGULACI\u00d3N PARA QUE &quot;CREZCA LA ECONOM\u00cdA&quot; - Apuntes de San Luis<\/title>\n<meta name=\"robots\" content=\"index, follow, max-snippet:-1, max-image-preview:large, max-video-preview:-1\" \/>\n<link rel=\"canonical\" href=\"https:\/\/apuntesdesanluis.com\/index.php\/2023\/12\/20\/milei-presento-su-mega-dnu-de-desregulacion-para-que-crezca-la-economia\/\" \/>\n<meta property=\"og:locale\" content=\"es_ES\" \/>\n<meta property=\"og:type\" content=\"article\" \/>\n<meta property=\"og:title\" content=\"MILEI PRESENT\u00d3 SU MEGA DNU DE DESREGULACI\u00d3N PARA QUE &quot;CREZCA LA ECONOM\u00cdA&quot; - Apuntes de San Luis\" \/>\n<meta property=\"og:description\" content=\"El presidente Javier Milei asegur\u00f3 que el DNU (Decreto de Necesidad y Urgencia) que firm\u00f3...\" \/>\n<meta property=\"og:url\" content=\"https:\/\/apuntesdesanluis.com\/index.php\/2023\/12\/20\/milei-presento-su-mega-dnu-de-desregulacion-para-que-crezca-la-economia\/\" \/>\n<meta property=\"og:site_name\" content=\"Apuntes de San Luis\" \/>\n<meta property=\"article:published_time\" content=\"2023-12-21T01:38:18+00:00\" \/>\n<meta property=\"og:image\" content=\"https:\/\/apuntesdesanluis.com\/wp-content\/uploads\/2023\/12\/MILEI-4.png\" \/>\n\t<meta property=\"og:image:width\" content=\"636\" \/>\n\t<meta property=\"og:image:height\" content=\"382\" \/>\n\t<meta property=\"og:image:type\" content=\"image\/png\" \/>\n<meta name=\"author\" content=\"apuntesdesanluis.com\" \/>\n<meta name=\"twitter:card\" content=\"summary_large_image\" \/>\n<meta name=\"twitter:label1\" content=\"Escrito por\" \/>\n\t<meta name=\"twitter:data1\" content=\"apuntesdesanluis.com\" \/>\n\t<meta name=\"twitter:label2\" content=\"Tiempo de lectura\" \/>\n\t<meta name=\"twitter:data2\" content=\"4 minutos\" \/>\n<script type=\"application\/ld+json\" class=\"yoast-schema-graph\">{\"@context\":\"https:\/\/schema.org\",\"@graph\":[{\"@type\":\"Article\",\"@id\":\"https:\/\/apuntesdesanluis.com\/index.php\/2023\/12\/20\/milei-presento-su-mega-dnu-de-desregulacion-para-que-crezca-la-economia\/#article\",\"isPartOf\":{\"@id\":\"https:\/\/apuntesdesanluis.com\/index.php\/2023\/12\/20\/milei-presento-su-mega-dnu-de-desregulacion-para-que-crezca-la-economia\/\"},\"author\":{\"name\":\"apuntesdesanluis.com\",\"@id\":\"https:\/\/apuntesdesanluis.com\/#\/schema\/person\/b55151d52296fcce64d1a72538a70b90\"},\"headline\":\"MILEI PRESENT\u00d3 SU MEGA DNU DE DESREGULACI\u00d3N PARA QUE &#8220;CREZCA LA ECONOM\u00cdA&#8221;\",\"datePublished\":\"2023-12-21T01:38:18+00:00\",\"mainEntityOfPage\":{\"@id\":\"https:\/\/apuntesdesanluis.com\/index.php\/2023\/12\/20\/milei-presento-su-mega-dnu-de-desregulacion-para-que-crezca-la-economia\/\"},\"wordCount\":739,\"publisher\":{\"@id\":\"https:\/\/apuntesdesanluis.com\/#\/schema\/person\/b55151d52296fcce64d1a72538a70b90\"},\"image\":{\"@id\":\"https:\/\/apuntesdesanluis.com\/index.php\/2023\/12\/20\/milei-presento-su-mega-dnu-de-desregulacion-para-que-crezca-la-economia\/#primaryimage\"},\"thumbnailUrl\":\"https:\/\/apuntesdesanluis.com\/wp-content\/uploads\/2023\/12\/MILEI-4.png\",\"articleSection\":[\"Nacionales\/Internacionales\"],\"inLanguage\":\"es-AR\"},{\"@type\":\"WebPage\",\"@id\":\"https:\/\/apuntesdesanluis.com\/index.php\/2023\/12\/20\/milei-presento-su-mega-dnu-de-desregulacion-para-que-crezca-la-economia\/\",\"url\":\"https:\/\/apuntesdesanluis.com\/index.php\/2023\/12\/20\/milei-presento-su-mega-dnu-de-desregulacion-para-que-crezca-la-economia\/\",\"name\":\"MILEI PRESENT\u00d3 SU MEGA DNU DE DESREGULACI\u00d3N PARA QUE \\\"CREZCA LA ECONOM\u00cdA\\\" - Apuntes de San Luis\",\"isPartOf\":{\"@id\":\"https:\/\/apuntesdesanluis.com\/#website\"},\"primaryImageOfPage\":{\"@id\":\"https:\/\/apuntesdesanluis.com\/index.php\/2023\/12\/20\/milei-presento-su-mega-dnu-de-desregulacion-para-que-crezca-la-economia\/#primaryimage\"},\"image\":{\"@id\":\"https:\/\/apuntesdesanluis.com\/index.php\/2023\/12\/20\/milei-presento-su-mega-dnu-de-desregulacion-para-que-crezca-la-economia\/#primaryimage\"},\"thumbnailUrl\":\"https:\/\/apuntesdesanluis.com\/wp-content\/uploads\/2023\/12\/MILEI-4.png\",\"datePublished\":\"2023-12-21T01:38:18+00:00\",\"breadcrumb\":{\"@id\":\"https:\/\/apuntesdesanluis.com\/index.php\/2023\/12\/20\/milei-presento-su-mega-dnu-de-desregulacion-para-que-crezca-la-economia\/#breadcrumb\"},\"inLanguage\":\"es-AR\",\"potentialAction\":[{\"@type\":\"ReadAction\",\"target\":[\"https:\/\/apuntesdesanluis.com\/index.php\/2023\/12\/20\/milei-presento-su-mega-dnu-de-desregulacion-para-que-crezca-la-economia\/\"]}]},{\"@type\":\"ImageObject\",\"inLanguage\":\"es-AR\",\"@id\":\"https:\/\/apuntesdesanluis.com\/index.php\/2023\/12\/20\/milei-presento-su-mega-dnu-de-desregulacion-para-que-crezca-la-economia\/#primaryimage\",\"url\":\"https:\/\/apuntesdesanluis.com\/wp-content\/uploads\/2023\/12\/MILEI-4.png\",\"contentUrl\":\"https:\/\/apuntesdesanluis.com\/wp-content\/uploads\/2023\/12\/MILEI-4.png\",\"width\":636,\"height\":382},{\"@type\":\"BreadcrumbList\",\"@id\":\"https:\/\/apuntesdesanluis.com\/index.php\/2023\/12\/20\/milei-presento-su-mega-dnu-de-desregulacion-para-que-crezca-la-economia\/#breadcrumb\",\"itemListElement\":[{\"@type\":\"ListItem\",\"position\":1,\"name\":\"Inicio\",\"item\":\"https:\/\/apuntesdesanluis.com\/\"},{\"@type\":\"ListItem\",\"position\":2,\"name\":\"MILEI PRESENT\u00d3 SU MEGA DNU DE DESREGULACI\u00d3N PARA QUE &#8220;CREZCA LA ECONOM\u00cdA&#8221;\"}]},{\"@type\":\"WebSite\",\"@id\":\"https:\/\/apuntesdesanluis.com\/#website\",\"url\":\"https:\/\/apuntesdesanluis.com\/\",\"name\":\"Apuntes de San Luis\",\"description\":\"\",\"publisher\":{\"@id\":\"https:\/\/apuntesdesanluis.com\/#\/schema\/person\/b55151d52296fcce64d1a72538a70b90\"},\"potentialAction\":[{\"@type\":\"SearchAction\",\"target\":{\"@type\":\"EntryPoint\",\"urlTemplate\":\"https:\/\/apuntesdesanluis.com\/?s={search_term_string}\"},\"query-input\":{\"@type\":\"PropertyValueSpecification\",\"valueRequired\":true,\"valueName\":\"search_term_string\"}}],\"inLanguage\":\"es-AR\"},{\"@type\":[\"Person\",\"Organization\"],\"@id\":\"https:\/\/apuntesdesanluis.com\/#\/schema\/person\/b55151d52296fcce64d1a72538a70b90\",\"name\":\"apuntesdesanluis.com\",\"image\":{\"@type\":\"ImageObject\",\"inLanguage\":\"es-AR\",\"@id\":\"https:\/\/apuntesdesanluis.com\/#\/schema\/person\/image\/\",\"url\":\"https:\/\/apuntesdesanluis.com\/wp-content\/uploads\/2023\/07\/cropped-apuntesdesanluis.png\",\"contentUrl\":\"https:\/\/apuntesdesanluis.com\/wp-content\/uploads\/2023\/07\/cropped-apuntesdesanluis.png\",\"width\":450,\"height\":112,\"caption\":\"apuntesdesanluis.com\"},\"logo\":{\"@id\":\"https:\/\/apuntesdesanluis.com\/#\/schema\/person\/image\/\"},\"sameAs\":[\"https:\/\/apuntesdesanluis.com\"],\"url\":\"https:\/\/apuntesdesanluis.com\/index.php\/author\/apuntesdesanluis-com\/\"}]}<\/script>\n<!-- \/ Yoast SEO plugin. -->","yoast_head_json":{"title":"MILEI PRESENT\u00d3 SU MEGA DNU DE DESREGULACI\u00d3N PARA QUE \"CREZCA LA ECONOM\u00cdA\" - Apuntes de San Luis","robots":{"index":"index","follow":"follow","max-snippet":"max-snippet:-1","max-image-preview":"max-image-preview:large","max-video-preview":"max-video-preview:-1"},"canonical":"https:\/\/apuntesdesanluis.com\/index.php\/2023\/12\/20\/milei-presento-su-mega-dnu-de-desregulacion-para-que-crezca-la-economia\/","og_locale":"es_ES","og_type":"article","og_title":"MILEI PRESENT\u00d3 SU MEGA DNU DE DESREGULACI\u00d3N PARA QUE \"CREZCA LA ECONOM\u00cdA\" - Apuntes de San Luis","og_description":"El presidente Javier Milei asegur\u00f3 que el DNU (Decreto de Necesidad y Urgencia) que firm\u00f3...","og_url":"https:\/\/apuntesdesanluis.com\/index.php\/2023\/12\/20\/milei-presento-su-mega-dnu-de-desregulacion-para-que-crezca-la-economia\/","og_site_name":"Apuntes de San Luis","article_published_time":"2023-12-21T01:38:18+00:00","og_image":[{"width":636,"height":382,"url":"https:\/\/apuntesdesanluis.com\/wp-content\/uploads\/2023\/12\/MILEI-4.png","type":"image\/png"}],"author":"apuntesdesanluis.com","twitter_card":"summary_large_image","twitter_misc":{"Escrito por":"apuntesdesanluis.com","Tiempo de lectura":"4 minutos"},"schema":{"@context":"https:\/\/schema.org","@graph":[{"@type":"Article","@id":"https:\/\/apuntesdesanluis.com\/index.php\/2023\/12\/20\/milei-presento-su-mega-dnu-de-desregulacion-para-que-crezca-la-economia\/#article","isPartOf":{"@id":"https:\/\/apuntesdesanluis.com\/index.php\/2023\/12\/20\/milei-presento-su-mega-dnu-de-desregulacion-para-que-crezca-la-economia\/"},"author":{"name":"apuntesdesanluis.com","@id":"https:\/\/apuntesdesanluis.com\/#\/schema\/person\/b55151d52296fcce64d1a72538a70b90"},"headline":"MILEI PRESENT\u00d3 SU MEGA DNU DE DESREGULACI\u00d3N PARA QUE &#8220;CREZCA LA ECONOM\u00cdA&#8221;","datePublished":"2023-12-21T01:38:18+00:00","mainEntityOfPage":{"@id":"https:\/\/apuntesdesanluis.com\/index.php\/2023\/12\/20\/milei-presento-su-mega-dnu-de-desregulacion-para-que-crezca-la-economia\/"},"wordCount":739,"publisher":{"@id":"https:\/\/apuntesdesanluis.com\/#\/schema\/person\/b55151d52296fcce64d1a72538a70b90"},"image":{"@id":"https:\/\/apuntesdesanluis.com\/index.php\/2023\/12\/20\/milei-presento-su-mega-dnu-de-desregulacion-para-que-crezca-la-economia\/#primaryimage"},"thumbnailUrl":"https:\/\/apuntesdesanluis.com\/wp-content\/uploads\/2023\/12\/MILEI-4.png","articleSection":["Nacionales\/Internacionales"],"inLanguage":"es-AR"},{"@type":"WebPage","@id":"https:\/\/apuntesdesanluis.com\/index.php\/2023\/12\/20\/milei-presento-su-mega-dnu-de-desregulacion-para-que-crezca-la-economia\/","url":"https:\/\/apuntesdesanluis.com\/index.php\/2023\/12\/20\/milei-presento-su-mega-dnu-de-desregulacion-para-que-crezca-la-economia\/","name":"MILEI PRESENT\u00d3 SU MEGA DNU DE DESREGULACI\u00d3N PARA QUE \"CREZCA LA ECONOM\u00cdA\" - Apuntes de San Luis","isPartOf":{"@id":"https:\/\/apuntesdesanluis.com\/#website"},"primaryImageOfPage":{"@id":"https:\/\/apuntesdesanluis.com\/index.php\/2023\/12\/20\/milei-presento-su-mega-dnu-de-desregulacion-para-que-crezca-la-economia\/#primaryimage"},"image":{"@id":"https:\/\/apuntesdesanluis.com\/index.php\/2023\/12\/20\/milei-presento-su-mega-dnu-de-desregulacion-para-que-crezca-la-economia\/#primaryimage"},"thumbnailUrl":"https:\/\/apuntesdesanluis.com\/wp-content\/uploads\/2023\/12\/MILEI-4.png","datePublished":"2023-12-21T01:38:18+00:00","breadcrumb":{"@id":"https:\/\/apuntesdesanluis.com\/index.php\/2023\/12\/20\/milei-presento-su-mega-dnu-de-desregulacion-para-que-crezca-la-economia\/#breadcrumb"},"inLanguage":"es-AR","potentialAction":[{"@type":"ReadAction","target":["https:\/\/apuntesdesanluis.com\/index.php\/2023\/12\/20\/milei-presento-su-mega-dnu-de-desregulacion-para-que-crezca-la-economia\/"]}]},{"@type":"ImageObject","inLanguage":"es-AR","@id":"https:\/\/apuntesdesanluis.com\/index.php\/2023\/12\/20\/milei-presento-su-mega-dnu-de-desregulacion-para-que-crezca-la-economia\/#primaryimage","url":"https:\/\/apuntesdesanluis.com\/wp-content\/uploads\/2023\/12\/MILEI-4.png","contentUrl":"https:\/\/apuntesdesanluis.com\/wp-content\/uploads\/2023\/12\/MILEI-4.png","width":636,"height":382},{"@type":"BreadcrumbList","@id":"https:\/\/apuntesdesanluis.com\/index.php\/2023\/12\/20\/milei-presento-su-mega-dnu-de-desregulacion-para-que-crezca-la-economia\/#breadcrumb","itemListElement":[{"@type":"ListItem","position":1,"name":"Inicio","item":"https:\/\/apuntesdesanluis.com\/"},{"@type":"ListItem","position":2,"name":"MILEI PRESENT\u00d3 SU MEGA DNU DE DESREGULACI\u00d3N PARA QUE &#8220;CREZCA LA ECONOM\u00cdA&#8221;"}]},{"@type":"WebSite","@id":"https:\/\/apuntesdesanluis.com\/#website","url":"https:\/\/apuntesdesanluis.com\/","name":"Apuntes de San Luis","description":"","publisher":{"@id":"https:\/\/apuntesdesanluis.com\/#\/schema\/person\/b55151d52296fcce64d1a72538a70b90"},"potentialAction":[{"@type":"SearchAction","target":{"@type":"EntryPoint","urlTemplate":"https:\/\/apuntesdesanluis.com\/?s={search_term_string}"},"query-input":{"@type":"PropertyValueSpecification","valueRequired":true,"valueName":"search_term_string"}}],"inLanguage":"es-AR"},{"@type":["Person","Organization"],"@id":"https:\/\/apuntesdesanluis.com\/#\/schema\/person\/b55151d52296fcce64d1a72538a70b90","name":"apuntesdesanluis.com","image":{"@type":"ImageObject","inLanguage":"es-AR","@id":"https:\/\/apuntesdesanluis.com\/#\/schema\/person\/image\/","url":"https:\/\/apuntesdesanluis.com\/wp-content\/uploads\/2023\/07\/cropped-apuntesdesanluis.png","contentUrl":"https:\/\/apuntesdesanluis.com\/wp-content\/uploads\/2023\/07\/cropped-apuntesdesanluis.png","width":450,"height":112,"caption":"apuntesdesanluis.com"},"logo":{"@id":"https:\/\/apuntesdesanluis.com\/#\/schema\/person\/image\/"},"sameAs":["https:\/\/apuntesdesanluis.com"],"url":"https:\/\/apuntesdesanluis.com\/index.php\/author\/apuntesdesanluis-com\/"}]}},"featured_image_urls":{"full":["https:\/\/apuntesdesanluis.com\/wp-content\/uploads\/2023\/12\/MILEI-4.png",636,382,false],"thumbnail":["https:\/\/apuntesdesanluis.com\/wp-content\/uploads\/2023\/12\/MILEI-4-150x150.png",150,150,true],"medium":["https:\/\/apuntesdesanluis.com\/wp-content\/uploads\/2023\/12\/MILEI-4-300x180.png",300,180,true],"medium_large":["https:\/\/apuntesdesanluis.com\/wp-content\/uploads\/2023\/12\/MILEI-4.png",636,382,false],"large":["https:\/\/apuntesdesanluis.com\/wp-content\/uploads\/2023\/12\/MILEI-4.png",636,382,false],"1536x1536":["https:\/\/apuntesdesanluis.com\/wp-content\/uploads\/2023\/12\/MILEI-4.png",636,382,false],"2048x2048":["https:\/\/apuntesdesanluis.com\/wp-content\/uploads\/2023\/12\/MILEI-4.png",636,382,false],"newsever-slider-full":["https:\/\/apuntesdesanluis.com\/wp-content\/uploads\/2023\/12\/MILEI-4.png",636,382,false],"newsever-featured":["https:\/\/apuntesdesanluis.com\/wp-content\/uploads\/2023\/12\/MILEI-4.png",636,382,false],"newsever-medium":["https:\/\/apuntesdesanluis.com\/wp-content\/uploads\/2023\/12\/MILEI-4.png",636,382,false]},"author_info":{"display_name":"apuntesdesanluis.com","author_link":"https:\/\/apuntesdesanluis.com\/index.php\/author\/apuntesdesanluis-com\/"},"category_info":"<a href=\"https:\/\/apuntesdesanluis.com\/index.php\/category\/nacionales-internacionales\/\" rel=\"category tag\">Nacionales\/Internacionales<\/a>","tag_info":"Nacionales\/Internacionales","comment_count":"0","_links":{"self":[{"href":"https:\/\/apuntesdesanluis.com\/index.php\/wp-json\/wp\/v2\/posts\/8759","targetHints":{"allow":["GET"]}}],"collection":[{"href":"https:\/\/apuntesdesanluis.com\/index.php\/wp-json\/wp\/v2\/posts"}],"about":[{"href":"https:\/\/apuntesdesanluis.com\/index.php\/wp-json\/wp\/v2\/types\/post"}],"author":[{"embeddable":true,"href":"https:\/\/apuntesdesanluis.com\/index.php\/wp-json\/wp\/v2\/users\/1"}],"replies":[{"embeddable":true,"href":"https:\/\/apuntesdesanluis.com\/index.php\/wp-json\/wp\/v2\/comments?post=8759"}],"version-history":[{"count":1,"href":"https:\/\/apuntesdesanluis.com\/index.php\/wp-json\/wp\/v2\/posts\/8759\/revisions"}],"predecessor-version":[{"id":8761,"href":"https:\/\/apuntesdesanluis.com\/index.php\/wp-json\/wp\/v2\/posts\/8759\/revisions\/8761"}],"wp:featuredmedia":[{"embeddable":true,"href":"https:\/\/apuntesdesanluis.com\/index.php\/wp-json\/wp\/v2\/media\/8760"}],"wp:attachment":[{"href":"https:\/\/apuntesdesanluis.com\/index.php\/wp-json\/wp\/v2\/media?parent=8759"}],"wp:term":[{"taxonomy":"category","embeddable":true,"href":"https:\/\/apuntesdesanluis.com\/index.php\/wp-json\/wp\/v2\/categories?post=8759"},{"taxonomy":"post_tag","embeddable":true,"href":"https:\/\/apuntesdesanluis.com\/index.php\/wp-json\/wp\/v2\/tags?post=8759"}],"curies":[{"name":"wp","href":"https:\/\/api.w.org\/{rel}","templated":true}]}}