{"id":8789,"date":"2023-12-20T19:41:14","date_gmt":"2023-12-20T22:41:14","guid":{"rendered":"https:\/\/apuntesdesanluis.com\/?p=8789"},"modified":"2023-12-21T00:56:32","modified_gmt":"2023-12-21T03:56:32","slug":"oficialmente-adoi-ya-tiene-su-propia-sede-confirmo-arnoldo-pucci","status":"publish","type":"post","link":"https:\/\/apuntesdesanluis.com\/index.php\/2023\/12\/20\/oficialmente-adoi-ya-tiene-su-propia-sede-confirmo-arnoldo-pucci\/","title":{"rendered":"\u201cOFICIALMENTE ADOI YA TIENE SU PROPIA SEDE\u201d, CONFIRM\u00d3 ARNOLDO PUCCI"},"content":{"rendered":"<h3 class=\"yiv7409174924ydp6329976emsonormal\" style=\"text-align: justify; background: white;\"><span style=\"font-family: 'Arial','sans-serif'; color: #1d2228;\">El Secretario General de la <strong>Asociaci\u00f3n de Docentes e Investigadores<\/strong> de la Universidad Nacional de Villa Mercedes, Ing. <strong>Arnoldo Pucci<\/strong>, firm\u00f3 en la tarde del mi\u00e9rcoles la escritura de compra de la propiedad que se convertir\u00e1 en la sede gremial de la instituci\u00f3n.<\/span><\/h3>\n<h3 class=\"yiv7409174924ydp6329976emsonormal\" style=\"text-align: justify; background: white;\"><span style=\"font-family: 'Arial','sans-serif'; color: #1d2228;\">La misma tiene una excelente localizaci\u00f3n, porque est\u00e1 ubicada en calle Fuerte Constitucional, a dos cuadras de avenida 25 de Mayo. <\/span><\/h3>\n<h3 class=\"yiv7409174924ydp6329976emsonormal\" style=\"text-align: justify; background: white;\"><span style=\"font-family: 'Arial','sans-serif'; color: #1d2228;\">\u201cCuenta con amplias comodidades y estar\u00e1 destinada no s\u00f3lo para la funci\u00f3n gremial, sino tambi\u00e9n para el dictado de cursos y capacitaciones y actividades sociales y recreativas que deseen realizar los afiliados\u201d, aclar\u00f3 el dirigente, quien tambi\u00e9n integra la mesa directiva nacional de CONADU.<\/span><\/h3>\n<p><img fetchpriority=\"high\" decoding=\"async\" class=\"wp-image-8790 aligncenter\" src=\"https:\/\/apuntesdesanluis.com\/wp-content\/uploads\/2023\/12\/ADOI-SEDE-300x172.jpg\" alt=\"\" width=\"740\" height=\"424\" srcset=\"https:\/\/apuntesdesanluis.com\/wp-content\/uploads\/2023\/12\/ADOI-SEDE-300x172.jpg 300w, https:\/\/apuntesdesanluis.com\/wp-content\/uploads\/2023\/12\/ADOI-SEDE.jpg 600w\" sizes=\"(max-width: 740px) 100vw, 740px\" \/><\/p>\n<h3 class=\"yiv7409174924ydp6329976emsonormal\" style=\"text-align: justify; background: white;\"><span style=\"font-family: 'Arial','sans-serif'; color: #1d2228;\">En este sentido, Pucci reiter\u00f3 su agradecimiento a <strong>Carlos De Feo<\/strong>, Secretario General de dicha confederaci\u00f3n docente, \u201cdado que sin el aporte de nuestra Federaci\u00f3n madre, habr\u00eda sido imposible concretar este sue\u00f1o de la casa propia\u201d.<\/span><\/h3>\n<h3 class=\"yiv7409174924ydp6329976emsonormal\" style=\"text-align: justify; background: white;\"><span style=\"font-family: 'Arial','sans-serif'; color: #1d2228;\">\u201cEsta tarde pudimos finalmente concluir todos los tr\u00e1mites y aspectos formales de la compra, lo cual nos pone muy felices. Ahora tenemos que hacer algunos arreglos pero confiamos que a m\u00e1s tardar en febrero estaremos mud\u00e1ndonos a nuestra nueva casa\u201d, inform\u00f3.<\/span><\/h3>\n<h3 class=\"yiv7409174924ydp6329976emsonormal\" style=\"text-align: justify; background: white;\"><span style=\"font-family: 'Arial','sans-serif'; color: #1d2228;\">Finalmente concluy\u00f3 que \u201ceste es un paso muy importante para la vida de ADOI, que se suma al objetivo logrado el a\u00f1o pasado, cuando luego de numerosas trabas logramos obtener la personer\u00eda gremial\u201d.<\/span><\/h3>\n","protected":false},"excerpt":{"rendered":"<p>El Secretario General de la Asociaci\u00f3n de Docentes e Investigadores de la Universidad Nacional de&#8230;<\/p>\n","protected":false},"author":1,"featured_media":8791,"comment_status":"closed","ping_status":"closed","sticky":false,"template":"","format":"standard","meta":{"footnotes":""},"categories":[6],"tags":[],"class_list":["post-8789","post","type-post","status-publish","format-standard","has-post-thumbnail","hentry","category-ciudad-provincia"],"yoast_head":"<!-- This site is optimized with the Yoast SEO plugin v26.1.1 - https:\/\/yoast.com\/wordpress\/plugins\/seo\/ -->\n<title>\u201cOFICIALMENTE ADOI YA TIENE SU PROPIA SEDE\u201d, CONFIRM\u00d3 ARNOLDO PUCCI - Apuntes de San Luis<\/title>\n<meta name=\"robots\" content=\"index, follow, max-snippet:-1, max-image-preview:large, max-video-preview:-1\" \/>\n<link rel=\"canonical\" href=\"https:\/\/apuntesdesanluis.com\/index.php\/2023\/12\/20\/oficialmente-adoi-ya-tiene-su-propia-sede-confirmo-arnoldo-pucci\/\" \/>\n<meta property=\"og:locale\" content=\"es_ES\" \/>\n<meta property=\"og:type\" content=\"article\" \/>\n<meta property=\"og:title\" content=\"\u201cOFICIALMENTE ADOI YA TIENE SU PROPIA SEDE\u201d, CONFIRM\u00d3 ARNOLDO PUCCI - Apuntes de San Luis\" \/>\n<meta property=\"og:description\" content=\"El Secretario General de la Asociaci\u00f3n de Docentes e Investigadores de la Universidad Nacional de...\" \/>\n<meta property=\"og:url\" content=\"https:\/\/apuntesdesanluis.com\/index.php\/2023\/12\/20\/oficialmente-adoi-ya-tiene-su-propia-sede-confirmo-arnoldo-pucci\/\" \/>\n<meta property=\"og:site_name\" content=\"Apuntes de San Luis\" \/>\n<meta property=\"article:published_time\" content=\"2023-12-20T22:41:14+00:00\" \/>\n<meta property=\"article:modified_time\" content=\"2023-12-21T03:56:32+00:00\" \/>\n<meta property=\"og:image\" content=\"https:\/\/apuntesdesanluis.com\/wp-content\/uploads\/2023\/12\/PUCCI-FIRMA.jpg\" \/>\n\t<meta property=\"og:image:width\" content=\"598\" \/>\n\t<meta property=\"og:image:height\" content=\"435\" \/>\n\t<meta property=\"og:image:type\" content=\"image\/jpeg\" \/>\n<meta name=\"author\" content=\"apuntesdesanluis.com\" \/>\n<meta name=\"twitter:card\" content=\"summary_large_image\" \/>\n<meta name=\"twitter:label1\" content=\"Escrito por\" \/>\n\t<meta name=\"twitter:data1\" content=\"apuntesdesanluis.com\" \/>\n\t<meta name=\"twitter:label2\" content=\"Tiempo de lectura\" \/>\n\t<meta name=\"twitter:data2\" content=\"2 minutos\" \/>\n<script type=\"application\/ld+json\" class=\"yoast-schema-graph\">{\"@context\":\"https:\/\/schema.org\",\"@graph\":[{\"@type\":\"Article\",\"@id\":\"https:\/\/apuntesdesanluis.com\/index.php\/2023\/12\/20\/oficialmente-adoi-ya-tiene-su-propia-sede-confirmo-arnoldo-pucci\/#article\",\"isPartOf\":{\"@id\":\"https:\/\/apuntesdesanluis.com\/index.php\/2023\/12\/20\/oficialmente-adoi-ya-tiene-su-propia-sede-confirmo-arnoldo-pucci\/\"},\"author\":{\"name\":\"apuntesdesanluis.com\",\"@id\":\"https:\/\/apuntesdesanluis.com\/#\/schema\/person\/b55151d52296fcce64d1a72538a70b90\"},\"headline\":\"\u201cOFICIALMENTE ADOI YA TIENE SU PROPIA SEDE\u201d, CONFIRM\u00d3 ARNOLDO PUCCI\",\"datePublished\":\"2023-12-20T22:41:14+00:00\",\"dateModified\":\"2023-12-21T03:56:32+00:00\",\"mainEntityOfPage\":{\"@id\":\"https:\/\/apuntesdesanluis.com\/index.php\/2023\/12\/20\/oficialmente-adoi-ya-tiene-su-propia-sede-confirmo-arnoldo-pucci\/\"},\"wordCount\":244,\"publisher\":{\"@id\":\"https:\/\/apuntesdesanluis.com\/#\/schema\/person\/b55151d52296fcce64d1a72538a70b90\"},\"image\":{\"@id\":\"https:\/\/apuntesdesanluis.com\/index.php\/2023\/12\/20\/oficialmente-adoi-ya-tiene-su-propia-sede-confirmo-arnoldo-pucci\/#primaryimage\"},\"thumbnailUrl\":\"https:\/\/apuntesdesanluis.com\/wp-content\/uploads\/2023\/12\/PUCCI-FIRMA.jpg\",\"articleSection\":[\"Ciudad\/Provincia\"],\"inLanguage\":\"es-AR\"},{\"@type\":\"WebPage\",\"@id\":\"https:\/\/apuntesdesanluis.com\/index.php\/2023\/12\/20\/oficialmente-adoi-ya-tiene-su-propia-sede-confirmo-arnoldo-pucci\/\",\"url\":\"https:\/\/apuntesdesanluis.com\/index.php\/2023\/12\/20\/oficialmente-adoi-ya-tiene-su-propia-sede-confirmo-arnoldo-pucci\/\",\"name\":\"\u201cOFICIALMENTE ADOI YA TIENE SU PROPIA SEDE\u201d, CONFIRM\u00d3 ARNOLDO PUCCI - Apuntes de San Luis\",\"isPartOf\":{\"@id\":\"https:\/\/apuntesdesanluis.com\/#website\"},\"primaryImageOfPage\":{\"@id\":\"https:\/\/apuntesdesanluis.com\/index.php\/2023\/12\/20\/oficialmente-adoi-ya-tiene-su-propia-sede-confirmo-arnoldo-pucci\/#primaryimage\"},\"image\":{\"@id\":\"https:\/\/apuntesdesanluis.com\/index.php\/2023\/12\/20\/oficialmente-adoi-ya-tiene-su-propia-sede-confirmo-arnoldo-pucci\/#primaryimage\"},\"thumbnailUrl\":\"https:\/\/apuntesdesanluis.com\/wp-content\/uploads\/2023\/12\/PUCCI-FIRMA.jpg\",\"datePublished\":\"2023-12-20T22:41:14+00:00\",\"dateModified\":\"2023-12-21T03:56:32+00:00\",\"breadcrumb\":{\"@id\":\"https:\/\/apuntesdesanluis.com\/index.php\/2023\/12\/20\/oficialmente-adoi-ya-tiene-su-propia-sede-confirmo-arnoldo-pucci\/#breadcrumb\"},\"inLanguage\":\"es-AR\",\"potentialAction\":[{\"@type\":\"ReadAction\",\"target\":[\"https:\/\/apuntesdesanluis.com\/index.php\/2023\/12\/20\/oficialmente-adoi-ya-tiene-su-propia-sede-confirmo-arnoldo-pucci\/\"]}]},{\"@type\":\"ImageObject\",\"inLanguage\":\"es-AR\",\"@id\":\"https:\/\/apuntesdesanluis.com\/index.php\/2023\/12\/20\/oficialmente-adoi-ya-tiene-su-propia-sede-confirmo-arnoldo-pucci\/#primaryimage\",\"url\":\"https:\/\/apuntesdesanluis.com\/wp-content\/uploads\/2023\/12\/PUCCI-FIRMA.jpg\",\"contentUrl\":\"https:\/\/apuntesdesanluis.com\/wp-content\/uploads\/2023\/12\/PUCCI-FIRMA.jpg\",\"width\":598,\"height\":435},{\"@type\":\"BreadcrumbList\",\"@id\":\"https:\/\/apuntesdesanluis.com\/index.php\/2023\/12\/20\/oficialmente-adoi-ya-tiene-su-propia-sede-confirmo-arnoldo-pucci\/#breadcrumb\",\"itemListElement\":[{\"@type\":\"ListItem\",\"position\":1,\"name\":\"Inicio\",\"item\":\"https:\/\/apuntesdesanluis.com\/\"},{\"@type\":\"ListItem\",\"position\":2,\"name\":\"\u201cOFICIALMENTE ADOI YA TIENE SU PROPIA SEDE\u201d, CONFIRM\u00d3 ARNOLDO PUCCI\"}]},{\"@type\":\"WebSite\",\"@id\":\"https:\/\/apuntesdesanluis.com\/#website\",\"url\":\"https:\/\/apuntesdesanluis.com\/\",\"name\":\"Apuntes de San Luis\",\"description\":\"\",\"publisher\":{\"@id\":\"https:\/\/apuntesdesanluis.com\/#\/schema\/person\/b55151d52296fcce64d1a72538a70b90\"},\"potentialAction\":[{\"@type\":\"SearchAction\",\"target\":{\"@type\":\"EntryPoint\",\"urlTemplate\":\"https:\/\/apuntesdesanluis.com\/?s={search_term_string}\"},\"query-input\":{\"@type\":\"PropertyValueSpecification\",\"valueRequired\":true,\"valueName\":\"search_term_string\"}}],\"inLanguage\":\"es-AR\"},{\"@type\":[\"Person\",\"Organization\"],\"@id\":\"https:\/\/apuntesdesanluis.com\/#\/schema\/person\/b55151d52296fcce64d1a72538a70b90\",\"name\":\"apuntesdesanluis.com\",\"image\":{\"@type\":\"ImageObject\",\"inLanguage\":\"es-AR\",\"@id\":\"https:\/\/apuntesdesanluis.com\/#\/schema\/person\/image\/\",\"url\":\"https:\/\/apuntesdesanluis.com\/wp-content\/uploads\/2023\/07\/cropped-apuntesdesanluis.png\",\"contentUrl\":\"https:\/\/apuntesdesanluis.com\/wp-content\/uploads\/2023\/07\/cropped-apuntesdesanluis.png\",\"width\":450,\"height\":112,\"caption\":\"apuntesdesanluis.com\"},\"logo\":{\"@id\":\"https:\/\/apuntesdesanluis.com\/#\/schema\/person\/image\/\"},\"sameAs\":[\"https:\/\/apuntesdesanluis.com\"],\"url\":\"https:\/\/apuntesdesanluis.com\/index.php\/author\/apuntesdesanluis-com\/\"}]}<\/script>\n<!-- \/ Yoast SEO plugin. -->","yoast_head_json":{"title":"\u201cOFICIALMENTE ADOI YA TIENE SU PROPIA SEDE\u201d, CONFIRM\u00d3 ARNOLDO PUCCI - Apuntes de San Luis","robots":{"index":"index","follow":"follow","max-snippet":"max-snippet:-1","max-image-preview":"max-image-preview:large","max-video-preview":"max-video-preview:-1"},"canonical":"https:\/\/apuntesdesanluis.com\/index.php\/2023\/12\/20\/oficialmente-adoi-ya-tiene-su-propia-sede-confirmo-arnoldo-pucci\/","og_locale":"es_ES","og_type":"article","og_title":"\u201cOFICIALMENTE ADOI YA TIENE SU PROPIA SEDE\u201d, CONFIRM\u00d3 ARNOLDO PUCCI - Apuntes de San Luis","og_description":"El Secretario General de la Asociaci\u00f3n de Docentes e Investigadores de la Universidad Nacional de...","og_url":"https:\/\/apuntesdesanluis.com\/index.php\/2023\/12\/20\/oficialmente-adoi-ya-tiene-su-propia-sede-confirmo-arnoldo-pucci\/","og_site_name":"Apuntes de San Luis","article_published_time":"2023-12-20T22:41:14+00:00","article_modified_time":"2023-12-21T03:56:32+00:00","og_image":[{"width":598,"height":435,"url":"https:\/\/apuntesdesanluis.com\/wp-content\/uploads\/2023\/12\/PUCCI-FIRMA.jpg","type":"image\/jpeg"}],"author":"apuntesdesanluis.com","twitter_card":"summary_large_image","twitter_misc":{"Escrito por":"apuntesdesanluis.com","Tiempo de lectura":"2 minutos"},"schema":{"@context":"https:\/\/schema.org","@graph":[{"@type":"Article","@id":"https:\/\/apuntesdesanluis.com\/index.php\/2023\/12\/20\/oficialmente-adoi-ya-tiene-su-propia-sede-confirmo-arnoldo-pucci\/#article","isPartOf":{"@id":"https:\/\/apuntesdesanluis.com\/index.php\/2023\/12\/20\/oficialmente-adoi-ya-tiene-su-propia-sede-confirmo-arnoldo-pucci\/"},"author":{"name":"apuntesdesanluis.com","@id":"https:\/\/apuntesdesanluis.com\/#\/schema\/person\/b55151d52296fcce64d1a72538a70b90"},"headline":"\u201cOFICIALMENTE ADOI YA TIENE SU PROPIA SEDE\u201d, CONFIRM\u00d3 ARNOLDO PUCCI","datePublished":"2023-12-20T22:41:14+00:00","dateModified":"2023-12-21T03:56:32+00:00","mainEntityOfPage":{"@id":"https:\/\/apuntesdesanluis.com\/index.php\/2023\/12\/20\/oficialmente-adoi-ya-tiene-su-propia-sede-confirmo-arnoldo-pucci\/"},"wordCount":244,"publisher":{"@id":"https:\/\/apuntesdesanluis.com\/#\/schema\/person\/b55151d52296fcce64d1a72538a70b90"},"image":{"@id":"https:\/\/apuntesdesanluis.com\/index.php\/2023\/12\/20\/oficialmente-adoi-ya-tiene-su-propia-sede-confirmo-arnoldo-pucci\/#primaryimage"},"thumbnailUrl":"https:\/\/apuntesdesanluis.com\/wp-content\/uploads\/2023\/12\/PUCCI-FIRMA.jpg","articleSection":["Ciudad\/Provincia"],"inLanguage":"es-AR"},{"@type":"WebPage","@id":"https:\/\/apuntesdesanluis.com\/index.php\/2023\/12\/20\/oficialmente-adoi-ya-tiene-su-propia-sede-confirmo-arnoldo-pucci\/","url":"https:\/\/apuntesdesanluis.com\/index.php\/2023\/12\/20\/oficialmente-adoi-ya-tiene-su-propia-sede-confirmo-arnoldo-pucci\/","name":"\u201cOFICIALMENTE ADOI YA TIENE SU PROPIA SEDE\u201d, CONFIRM\u00d3 ARNOLDO PUCCI - Apuntes de San Luis","isPartOf":{"@id":"https:\/\/apuntesdesanluis.com\/#website"},"primaryImageOfPage":{"@id":"https:\/\/apuntesdesanluis.com\/index.php\/2023\/12\/20\/oficialmente-adoi-ya-tiene-su-propia-sede-confirmo-arnoldo-pucci\/#primaryimage"},"image":{"@id":"https:\/\/apuntesdesanluis.com\/index.php\/2023\/12\/20\/oficialmente-adoi-ya-tiene-su-propia-sede-confirmo-arnoldo-pucci\/#primaryimage"},"thumbnailUrl":"https:\/\/apuntesdesanluis.com\/wp-content\/uploads\/2023\/12\/PUCCI-FIRMA.jpg","datePublished":"2023-12-20T22:41:14+00:00","dateModified":"2023-12-21T03:56:32+00:00","breadcrumb":{"@id":"https:\/\/apuntesdesanluis.com\/index.php\/2023\/12\/20\/oficialmente-adoi-ya-tiene-su-propia-sede-confirmo-arnoldo-pucci\/#breadcrumb"},"inLanguage":"es-AR","potentialAction":[{"@type":"ReadAction","target":["https:\/\/apuntesdesanluis.com\/index.php\/2023\/12\/20\/oficialmente-adoi-ya-tiene-su-propia-sede-confirmo-arnoldo-pucci\/"]}]},{"@type":"ImageObject","inLanguage":"es-AR","@id":"https:\/\/apuntesdesanluis.com\/index.php\/2023\/12\/20\/oficialmente-adoi-ya-tiene-su-propia-sede-confirmo-arnoldo-pucci\/#primaryimage","url":"https:\/\/apuntesdesanluis.com\/wp-content\/uploads\/2023\/12\/PUCCI-FIRMA.jpg","contentUrl":"https:\/\/apuntesdesanluis.com\/wp-content\/uploads\/2023\/12\/PUCCI-FIRMA.jpg","width":598,"height":435},{"@type":"BreadcrumbList","@id":"https:\/\/apuntesdesanluis.com\/index.php\/2023\/12\/20\/oficialmente-adoi-ya-tiene-su-propia-sede-confirmo-arnoldo-pucci\/#breadcrumb","itemListElement":[{"@type":"ListItem","position":1,"name":"Inicio","item":"https:\/\/apuntesdesanluis.com\/"},{"@type":"ListItem","position":2,"name":"\u201cOFICIALMENTE ADOI YA TIENE SU PROPIA SEDE\u201d, CONFIRM\u00d3 ARNOLDO PUCCI"}]},{"@type":"WebSite","@id":"https:\/\/apuntesdesanluis.com\/#website","url":"https:\/\/apuntesdesanluis.com\/","name":"Apuntes de San Luis","description":"","publisher":{"@id":"https:\/\/apuntesdesanluis.com\/#\/schema\/person\/b55151d52296fcce64d1a72538a70b90"},"potentialAction":[{"@type":"SearchAction","target":{"@type":"EntryPoint","urlTemplate":"https:\/\/apuntesdesanluis.com\/?s={search_term_string}"},"query-input":{"@type":"PropertyValueSpecification","valueRequired":true,"valueName":"search_term_string"}}],"inLanguage":"es-AR"},{"@type":["Person","Organization"],"@id":"https:\/\/apuntesdesanluis.com\/#\/schema\/person\/b55151d52296fcce64d1a72538a70b90","name":"apuntesdesanluis.com","image":{"@type":"ImageObject","inLanguage":"es-AR","@id":"https:\/\/apuntesdesanluis.com\/#\/schema\/person\/image\/","url":"https:\/\/apuntesdesanluis.com\/wp-content\/uploads\/2023\/07\/cropped-apuntesdesanluis.png","contentUrl":"https:\/\/apuntesdesanluis.com\/wp-content\/uploads\/2023\/07\/cropped-apuntesdesanluis.png","width":450,"height":112,"caption":"apuntesdesanluis.com"},"logo":{"@id":"https:\/\/apuntesdesanluis.com\/#\/schema\/person\/image\/"},"sameAs":["https:\/\/apuntesdesanluis.com"],"url":"https:\/\/apuntesdesanluis.com\/index.php\/author\/apuntesdesanluis-com\/"}]}},"featured_image_urls":{"full":["https:\/\/apuntesdesanluis.com\/wp-content\/uploads\/2023\/12\/PUCCI-FIRMA.jpg",598,435,false],"thumbnail":["https:\/\/apuntesdesanluis.com\/wp-content\/uploads\/2023\/12\/PUCCI-FIRMA-150x150.jpg",150,150,true],"medium":["https:\/\/apuntesdesanluis.com\/wp-content\/uploads\/2023\/12\/PUCCI-FIRMA-300x218.jpg",300,218,true],"medium_large":["https:\/\/apuntesdesanluis.com\/wp-content\/uploads\/2023\/12\/PUCCI-FIRMA.jpg",598,435,false],"large":["https:\/\/apuntesdesanluis.com\/wp-content\/uploads\/2023\/12\/PUCCI-FIRMA.jpg",598,435,false],"1536x1536":["https:\/\/apuntesdesanluis.com\/wp-content\/uploads\/2023\/12\/PUCCI-FIRMA.jpg",598,435,false],"2048x2048":["https:\/\/apuntesdesanluis.com\/wp-content\/uploads\/2023\/12\/PUCCI-FIRMA.jpg",598,435,false],"newsever-slider-full":["https:\/\/apuntesdesanluis.com\/wp-content\/uploads\/2023\/12\/PUCCI-FIRMA.jpg",598,435,false],"newsever-featured":["https:\/\/apuntesdesanluis.com\/wp-content\/uploads\/2023\/12\/PUCCI-FIRMA.jpg",598,435,false],"newsever-medium":["https:\/\/apuntesdesanluis.com\/wp-content\/uploads\/2023\/12\/PUCCI-FIRMA.jpg",598,435,false]},"author_info":{"display_name":"apuntesdesanluis.com","author_link":"https:\/\/apuntesdesanluis.com\/index.php\/author\/apuntesdesanluis-com\/"},"category_info":"<a href=\"https:\/\/apuntesdesanluis.com\/index.php\/category\/ciudad-provincia\/\" rel=\"category tag\">Ciudad\/Provincia<\/a>","tag_info":"Ciudad\/Provincia","comment_count":"0","_links":{"self":[{"href":"https:\/\/apuntesdesanluis.com\/index.php\/wp-json\/wp\/v2\/posts\/8789","targetHints":{"allow":["GET"]}}],"collection":[{"href":"https:\/\/apuntesdesanluis.com\/index.php\/wp-json\/wp\/v2\/posts"}],"about":[{"href":"https:\/\/apuntesdesanluis.com\/index.php\/wp-json\/wp\/v2\/types\/post"}],"author":[{"embeddable":true,"href":"https:\/\/apuntesdesanluis.com\/index.php\/wp-json\/wp\/v2\/users\/1"}],"replies":[{"embeddable":true,"href":"https:\/\/apuntesdesanluis.com\/index.php\/wp-json\/wp\/v2\/comments?post=8789"}],"version-history":[{"count":4,"href":"https:\/\/apuntesdesanluis.com\/index.php\/wp-json\/wp\/v2\/posts\/8789\/revisions"}],"predecessor-version":[{"id":8795,"href":"https:\/\/apuntesdesanluis.com\/index.php\/wp-json\/wp\/v2\/posts\/8789\/revisions\/8795"}],"wp:featuredmedia":[{"embeddable":true,"href":"https:\/\/apuntesdesanluis.com\/index.php\/wp-json\/wp\/v2\/media\/8791"}],"wp:attachment":[{"href":"https:\/\/apuntesdesanluis.com\/index.php\/wp-json\/wp\/v2\/media?parent=8789"}],"wp:term":[{"taxonomy":"category","embeddable":true,"href":"https:\/\/apuntesdesanluis.com\/index.php\/wp-json\/wp\/v2\/categories?post=8789"},{"taxonomy":"post_tag","embeddable":true,"href":"https:\/\/apuntesdesanluis.com\/index.php\/wp-json\/wp\/v2\/tags?post=8789"}],"curies":[{"name":"wp","href":"https:\/\/api.w.org\/{rel}","templated":true}]}}