{"id":880,"date":"2023-08-01T20:58:35","date_gmt":"2023-08-01T23:58:35","guid":{"rendered":"https:\/\/apuntesdesanluis.com\/?p=880"},"modified":"2023-08-01T20:58:35","modified_gmt":"2023-08-01T23:58:35","slug":"sergio-massa-se-reunio-con-referentes-locales-de-la-produccion-la-cultura-y-el-deporte","status":"publish","type":"post","link":"https:\/\/apuntesdesanluis.com\/index.php\/2023\/08\/01\/sergio-massa-se-reunio-con-referentes-locales-de-la-produccion-la-cultura-y-el-deporte\/","title":{"rendered":"SERGIO MASSA SE REUNI\u00d3 CON REFERENTES LOCALES DE LA PRODUCCI\u00d3N, LA CULTURA Y EL DEPORTE"},"content":{"rendered":"<h3>El candidato a presidente por Uni\u00f3n por la Patria, <strong>Sergio Massa<\/strong>, mantuvo este martes un encuentro en la Caja de los Trebejos de Potrero de los Funes con miembros del sector industrial, productivo, emprendedor, deportivo, cultural e institucional de la provincia.<\/h3>\n<h3>En la reuni\u00f3n el ministro de Econom\u00eda estuvo acompa\u00f1ado del secretario de Comercio e Industria de la naci\u00f3n, <strong>Jos\u00e9 Ignacio De Mendiguren<\/strong>; y los candidatos de Uni\u00f3n por San Luis <strong>Fernando Salino, Cintia Ram\u00edrez, Ernesto Al\u00ed, Silvia Rapisarda<\/strong> y <strong>Anabela Lucero<\/strong>.<\/h3>\n<h3>Al t\u00e9rmino del encuentro mantuvo un contacto con la prensa local donde Massa dijo que vino \u201ca contarle a la comunidad de San Luis vinculada a la producci\u00f3n y el trabajo, cu\u00e1l es el camino que planteamos para los pr\u00f3ximos meses y a\u00f1os, entendiendo que tenemos una responsabilidad de que la Argentina no vuelva para atr\u00e1s porque hay objetivos, derechos y desaf\u00edos que los argentinos tenemos que cuidar porque son de todos\u201d.<\/h3>\n<h3>En otro momento de la charla se\u00f1al\u00f3 que \u201choy la oposici\u00f3n con mucha libertad dice que quiere recortar los derechos sin ning\u00fan prejuicio en nombre de la eliminaci\u00f3n del gasto p\u00fablico, aunque claramente son un perjuicio para las provincias, como por ejemplo para San Luis. La tasa subsidiada en cr\u00e9dito para las pymes que quieren recortar porque dicen que no le corresponde al Estado es un perjuicio para las pymes de San Luis\u201d.<\/h3>\n<h3>Massa se diferenci\u00f3 de la oposici\u00f3n diciendo: \u201cNosotros defendemos el cr\u00e9dito para las pymes a tasa subsidiada, es una propuesta frente a otros que plantean el recorte. Defender los medicamentos para los jubilados de menores ingresos que representa el 20% de lo que gastan por mes, es otra. Defender las becas universitarias para 1,7 millones de pibes, frente a ellos que vienen a recortarlas porque dicen que es gasto y que la universidad debe ser arancelada. Nosotros creemos en la universidad p\u00fablica, gratuita y de calidad\u201d.<\/h3>\n<h3>Sobre la provincia destac\u00f3 que \u201cSan Luis es un ejemplo de que el Estado puede ser eficiente invirtiendo y puede resolver temas como autopistas o viviendas. Cuando yo veo gasto p\u00fablico contra PIB de la provincia es una de las que puede mostrar el menor nivel de empleo p\u00fablico y de gasto p\u00fablico del pa\u00eds. Por lo menos hasta ac\u00e1 habla a las claras de una administraci\u00f3n eficiente. Yo entiendo que lo de ayer tiene m\u00e1s un costado electoral\u00a0 porque estamos a 10 d\u00edas de una elecci\u00f3n. Lo que digo es que no vale el posicionamiento a cualquier precio\u201d.<\/h3>\n<h3>Tambi\u00e9n insisti\u00f3 en que tiene \u201cadmiraci\u00f3n por la provincia porque al volver del norte argentino y ver la autopista iluminada, ver el hospital que pusieron en marcha que hace que m\u00e9dicos de C\u00f3rdoba y de Mendoza quieran venir a trabajar a San Luis; ver que en \u00edndices de inversi\u00f3n en conectividad San Luis es una de las que m\u00e1s hizo para que internet sea un derecho sin importar el lugar donde se vive, me parece que es una provincia l\u00edder, que ha dado el ejemplo y eso genera respeto. Como tambi\u00e9n que haya generado una marca tur\u00edstica que la consolida dentro de las ofertas tur\u00edsticas.<\/h3>\n<h3>Tambi\u00e9n aclar\u00f3 que no tomar\u00e1 licencia en su cargo de ministro de Econom\u00eda porque dijo \u201cno v\u00ed a ninguno de los otros candidatos tomar licencias de sus cargos, por eso tom\u00e9 la decisi\u00f3n de seguir el mismo criterio. Igual estoy muy tranquilo porque tengo un equipo que minuto a minuto me mantiene informado\u201d. (Fuente: El Diario de la Rep\u00fablica)<\/h3>\n","protected":false},"excerpt":{"rendered":"<p>El candidato a presidente por Uni\u00f3n por la Patria, Sergio Massa, mantuvo este martes un&#8230;<\/p>\n","protected":false},"author":1,"featured_media":881,"comment_status":"closed","ping_status":"closed","sticky":false,"template":"","format":"standard","meta":{"footnotes":""},"categories":[6],"tags":[],"class_list":["post-880","post","type-post","status-publish","format-standard","has-post-thumbnail","hentry","category-ciudad-provincia"],"yoast_head":"<!-- This site is optimized with the Yoast SEO plugin v26.1.1 - https:\/\/yoast.com\/wordpress\/plugins\/seo\/ -->\n<title>SERGIO MASSA SE REUNI\u00d3 CON REFERENTES LOCALES DE LA PRODUCCI\u00d3N, LA CULTURA Y EL DEPORTE - Apuntes de San Luis<\/title>\n<meta name=\"robots\" content=\"index, follow, max-snippet:-1, max-image-preview:large, max-video-preview:-1\" \/>\n<link rel=\"canonical\" href=\"https:\/\/apuntesdesanluis.com\/index.php\/2023\/08\/01\/sergio-massa-se-reunio-con-referentes-locales-de-la-produccion-la-cultura-y-el-deporte\/\" \/>\n<meta property=\"og:locale\" content=\"es_ES\" \/>\n<meta property=\"og:type\" content=\"article\" \/>\n<meta property=\"og:title\" content=\"SERGIO MASSA SE REUNI\u00d3 CON REFERENTES LOCALES DE LA PRODUCCI\u00d3N, LA CULTURA Y EL DEPORTE - Apuntes de San Luis\" \/>\n<meta property=\"og:description\" content=\"El candidato a presidente por Uni\u00f3n por la Patria, Sergio Massa, mantuvo este martes un...\" \/>\n<meta property=\"og:url\" content=\"https:\/\/apuntesdesanluis.com\/index.php\/2023\/08\/01\/sergio-massa-se-reunio-con-referentes-locales-de-la-produccion-la-cultura-y-el-deporte\/\" \/>\n<meta property=\"og:site_name\" content=\"Apuntes de San Luis\" \/>\n<meta property=\"article:published_time\" content=\"2023-08-01T23:58:35+00:00\" \/>\n<meta property=\"og:image\" content=\"https:\/\/apuntesdesanluis.com\/wp-content\/uploads\/2023\/08\/massa-en-san-luis.png\" \/>\n\t<meta property=\"og:image:width\" content=\"744\" \/>\n\t<meta property=\"og:image:height\" content=\"462\" \/>\n\t<meta property=\"og:image:type\" content=\"image\/png\" \/>\n<meta name=\"author\" content=\"apuntesdesanluis.com\" \/>\n<meta name=\"twitter:card\" content=\"summary_large_image\" \/>\n<meta name=\"twitter:label1\" content=\"Escrito por\" \/>\n\t<meta name=\"twitter:data1\" content=\"apuntesdesanluis.com\" \/>\n\t<meta name=\"twitter:label2\" content=\"Tiempo de lectura\" \/>\n\t<meta name=\"twitter:data2\" content=\"3 minutos\" \/>\n<script type=\"application\/ld+json\" class=\"yoast-schema-graph\">{\"@context\":\"https:\/\/schema.org\",\"@graph\":[{\"@type\":\"Article\",\"@id\":\"https:\/\/apuntesdesanluis.com\/index.php\/2023\/08\/01\/sergio-massa-se-reunio-con-referentes-locales-de-la-produccion-la-cultura-y-el-deporte\/#article\",\"isPartOf\":{\"@id\":\"https:\/\/apuntesdesanluis.com\/index.php\/2023\/08\/01\/sergio-massa-se-reunio-con-referentes-locales-de-la-produccion-la-cultura-y-el-deporte\/\"},\"author\":{\"name\":\"apuntesdesanluis.com\",\"@id\":\"https:\/\/apuntesdesanluis.com\/#\/schema\/person\/b55151d52296fcce64d1a72538a70b90\"},\"headline\":\"SERGIO MASSA SE REUNI\u00d3 CON REFERENTES LOCALES DE LA PRODUCCI\u00d3N, LA CULTURA Y EL DEPORTE\",\"datePublished\":\"2023-08-01T23:58:35+00:00\",\"mainEntityOfPage\":{\"@id\":\"https:\/\/apuntesdesanluis.com\/index.php\/2023\/08\/01\/sergio-massa-se-reunio-con-referentes-locales-de-la-produccion-la-cultura-y-el-deporte\/\"},\"wordCount\":634,\"publisher\":{\"@id\":\"https:\/\/apuntesdesanluis.com\/#\/schema\/person\/b55151d52296fcce64d1a72538a70b90\"},\"image\":{\"@id\":\"https:\/\/apuntesdesanluis.com\/index.php\/2023\/08\/01\/sergio-massa-se-reunio-con-referentes-locales-de-la-produccion-la-cultura-y-el-deporte\/#primaryimage\"},\"thumbnailUrl\":\"https:\/\/apuntesdesanluis.com\/wp-content\/uploads\/2023\/08\/massa-en-san-luis.png\",\"articleSection\":[\"Ciudad\/Provincia\"],\"inLanguage\":\"es-AR\"},{\"@type\":\"WebPage\",\"@id\":\"https:\/\/apuntesdesanluis.com\/index.php\/2023\/08\/01\/sergio-massa-se-reunio-con-referentes-locales-de-la-produccion-la-cultura-y-el-deporte\/\",\"url\":\"https:\/\/apuntesdesanluis.com\/index.php\/2023\/08\/01\/sergio-massa-se-reunio-con-referentes-locales-de-la-produccion-la-cultura-y-el-deporte\/\",\"name\":\"SERGIO MASSA SE REUNI\u00d3 CON REFERENTES LOCALES DE LA PRODUCCI\u00d3N, LA CULTURA Y EL DEPORTE - Apuntes de San Luis\",\"isPartOf\":{\"@id\":\"https:\/\/apuntesdesanluis.com\/#website\"},\"primaryImageOfPage\":{\"@id\":\"https:\/\/apuntesdesanluis.com\/index.php\/2023\/08\/01\/sergio-massa-se-reunio-con-referentes-locales-de-la-produccion-la-cultura-y-el-deporte\/#primaryimage\"},\"image\":{\"@id\":\"https:\/\/apuntesdesanluis.com\/index.php\/2023\/08\/01\/sergio-massa-se-reunio-con-referentes-locales-de-la-produccion-la-cultura-y-el-deporte\/#primaryimage\"},\"thumbnailUrl\":\"https:\/\/apuntesdesanluis.com\/wp-content\/uploads\/2023\/08\/massa-en-san-luis.png\",\"datePublished\":\"2023-08-01T23:58:35+00:00\",\"breadcrumb\":{\"@id\":\"https:\/\/apuntesdesanluis.com\/index.php\/2023\/08\/01\/sergio-massa-se-reunio-con-referentes-locales-de-la-produccion-la-cultura-y-el-deporte\/#breadcrumb\"},\"inLanguage\":\"es-AR\",\"potentialAction\":[{\"@type\":\"ReadAction\",\"target\":[\"https:\/\/apuntesdesanluis.com\/index.php\/2023\/08\/01\/sergio-massa-se-reunio-con-referentes-locales-de-la-produccion-la-cultura-y-el-deporte\/\"]}]},{\"@type\":\"ImageObject\",\"inLanguage\":\"es-AR\",\"@id\":\"https:\/\/apuntesdesanluis.com\/index.php\/2023\/08\/01\/sergio-massa-se-reunio-con-referentes-locales-de-la-produccion-la-cultura-y-el-deporte\/#primaryimage\",\"url\":\"https:\/\/apuntesdesanluis.com\/wp-content\/uploads\/2023\/08\/massa-en-san-luis.png\",\"contentUrl\":\"https:\/\/apuntesdesanluis.com\/wp-content\/uploads\/2023\/08\/massa-en-san-luis.png\",\"width\":744,\"height\":462},{\"@type\":\"BreadcrumbList\",\"@id\":\"https:\/\/apuntesdesanluis.com\/index.php\/2023\/08\/01\/sergio-massa-se-reunio-con-referentes-locales-de-la-produccion-la-cultura-y-el-deporte\/#breadcrumb\",\"itemListElement\":[{\"@type\":\"ListItem\",\"position\":1,\"name\":\"Inicio\",\"item\":\"https:\/\/apuntesdesanluis.com\/\"},{\"@type\":\"ListItem\",\"position\":2,\"name\":\"SERGIO MASSA SE REUNI\u00d3 CON REFERENTES LOCALES DE LA PRODUCCI\u00d3N, LA CULTURA Y EL DEPORTE\"}]},{\"@type\":\"WebSite\",\"@id\":\"https:\/\/apuntesdesanluis.com\/#website\",\"url\":\"https:\/\/apuntesdesanluis.com\/\",\"name\":\"Apuntes de San Luis\",\"description\":\"\",\"publisher\":{\"@id\":\"https:\/\/apuntesdesanluis.com\/#\/schema\/person\/b55151d52296fcce64d1a72538a70b90\"},\"potentialAction\":[{\"@type\":\"SearchAction\",\"target\":{\"@type\":\"EntryPoint\",\"urlTemplate\":\"https:\/\/apuntesdesanluis.com\/?s={search_term_string}\"},\"query-input\":{\"@type\":\"PropertyValueSpecification\",\"valueRequired\":true,\"valueName\":\"search_term_string\"}}],\"inLanguage\":\"es-AR\"},{\"@type\":[\"Person\",\"Organization\"],\"@id\":\"https:\/\/apuntesdesanluis.com\/#\/schema\/person\/b55151d52296fcce64d1a72538a70b90\",\"name\":\"apuntesdesanluis.com\",\"image\":{\"@type\":\"ImageObject\",\"inLanguage\":\"es-AR\",\"@id\":\"https:\/\/apuntesdesanluis.com\/#\/schema\/person\/image\/\",\"url\":\"https:\/\/apuntesdesanluis.com\/wp-content\/uploads\/2023\/07\/cropped-apuntesdesanluis.png\",\"contentUrl\":\"https:\/\/apuntesdesanluis.com\/wp-content\/uploads\/2023\/07\/cropped-apuntesdesanluis.png\",\"width\":450,\"height\":112,\"caption\":\"apuntesdesanluis.com\"},\"logo\":{\"@id\":\"https:\/\/apuntesdesanluis.com\/#\/schema\/person\/image\/\"},\"sameAs\":[\"https:\/\/apuntesdesanluis.com\"],\"url\":\"https:\/\/apuntesdesanluis.com\/index.php\/author\/apuntesdesanluis-com\/\"}]}<\/script>\n<!-- \/ Yoast SEO plugin. -->","yoast_head_json":{"title":"SERGIO MASSA SE REUNI\u00d3 CON REFERENTES LOCALES DE LA PRODUCCI\u00d3N, LA CULTURA Y EL DEPORTE - Apuntes de San Luis","robots":{"index":"index","follow":"follow","max-snippet":"max-snippet:-1","max-image-preview":"max-image-preview:large","max-video-preview":"max-video-preview:-1"},"canonical":"https:\/\/apuntesdesanluis.com\/index.php\/2023\/08\/01\/sergio-massa-se-reunio-con-referentes-locales-de-la-produccion-la-cultura-y-el-deporte\/","og_locale":"es_ES","og_type":"article","og_title":"SERGIO MASSA SE REUNI\u00d3 CON REFERENTES LOCALES DE LA PRODUCCI\u00d3N, LA CULTURA Y EL DEPORTE - Apuntes de San Luis","og_description":"El candidato a presidente por Uni\u00f3n por la Patria, Sergio Massa, mantuvo este martes un...","og_url":"https:\/\/apuntesdesanluis.com\/index.php\/2023\/08\/01\/sergio-massa-se-reunio-con-referentes-locales-de-la-produccion-la-cultura-y-el-deporte\/","og_site_name":"Apuntes de San Luis","article_published_time":"2023-08-01T23:58:35+00:00","og_image":[{"width":744,"height":462,"url":"https:\/\/apuntesdesanluis.com\/wp-content\/uploads\/2023\/08\/massa-en-san-luis.png","type":"image\/png"}],"author":"apuntesdesanluis.com","twitter_card":"summary_large_image","twitter_misc":{"Escrito por":"apuntesdesanluis.com","Tiempo de lectura":"3 minutos"},"schema":{"@context":"https:\/\/schema.org","@graph":[{"@type":"Article","@id":"https:\/\/apuntesdesanluis.com\/index.php\/2023\/08\/01\/sergio-massa-se-reunio-con-referentes-locales-de-la-produccion-la-cultura-y-el-deporte\/#article","isPartOf":{"@id":"https:\/\/apuntesdesanluis.com\/index.php\/2023\/08\/01\/sergio-massa-se-reunio-con-referentes-locales-de-la-produccion-la-cultura-y-el-deporte\/"},"author":{"name":"apuntesdesanluis.com","@id":"https:\/\/apuntesdesanluis.com\/#\/schema\/person\/b55151d52296fcce64d1a72538a70b90"},"headline":"SERGIO MASSA SE REUNI\u00d3 CON REFERENTES LOCALES DE LA PRODUCCI\u00d3N, LA CULTURA Y EL DEPORTE","datePublished":"2023-08-01T23:58:35+00:00","mainEntityOfPage":{"@id":"https:\/\/apuntesdesanluis.com\/index.php\/2023\/08\/01\/sergio-massa-se-reunio-con-referentes-locales-de-la-produccion-la-cultura-y-el-deporte\/"},"wordCount":634,"publisher":{"@id":"https:\/\/apuntesdesanluis.com\/#\/schema\/person\/b55151d52296fcce64d1a72538a70b90"},"image":{"@id":"https:\/\/apuntesdesanluis.com\/index.php\/2023\/08\/01\/sergio-massa-se-reunio-con-referentes-locales-de-la-produccion-la-cultura-y-el-deporte\/#primaryimage"},"thumbnailUrl":"https:\/\/apuntesdesanluis.com\/wp-content\/uploads\/2023\/08\/massa-en-san-luis.png","articleSection":["Ciudad\/Provincia"],"inLanguage":"es-AR"},{"@type":"WebPage","@id":"https:\/\/apuntesdesanluis.com\/index.php\/2023\/08\/01\/sergio-massa-se-reunio-con-referentes-locales-de-la-produccion-la-cultura-y-el-deporte\/","url":"https:\/\/apuntesdesanluis.com\/index.php\/2023\/08\/01\/sergio-massa-se-reunio-con-referentes-locales-de-la-produccion-la-cultura-y-el-deporte\/","name":"SERGIO MASSA SE REUNI\u00d3 CON REFERENTES LOCALES DE LA PRODUCCI\u00d3N, LA CULTURA Y EL DEPORTE - Apuntes de San Luis","isPartOf":{"@id":"https:\/\/apuntesdesanluis.com\/#website"},"primaryImageOfPage":{"@id":"https:\/\/apuntesdesanluis.com\/index.php\/2023\/08\/01\/sergio-massa-se-reunio-con-referentes-locales-de-la-produccion-la-cultura-y-el-deporte\/#primaryimage"},"image":{"@id":"https:\/\/apuntesdesanluis.com\/index.php\/2023\/08\/01\/sergio-massa-se-reunio-con-referentes-locales-de-la-produccion-la-cultura-y-el-deporte\/#primaryimage"},"thumbnailUrl":"https:\/\/apuntesdesanluis.com\/wp-content\/uploads\/2023\/08\/massa-en-san-luis.png","datePublished":"2023-08-01T23:58:35+00:00","breadcrumb":{"@id":"https:\/\/apuntesdesanluis.com\/index.php\/2023\/08\/01\/sergio-massa-se-reunio-con-referentes-locales-de-la-produccion-la-cultura-y-el-deporte\/#breadcrumb"},"inLanguage":"es-AR","potentialAction":[{"@type":"ReadAction","target":["https:\/\/apuntesdesanluis.com\/index.php\/2023\/08\/01\/sergio-massa-se-reunio-con-referentes-locales-de-la-produccion-la-cultura-y-el-deporte\/"]}]},{"@type":"ImageObject","inLanguage":"es-AR","@id":"https:\/\/apuntesdesanluis.com\/index.php\/2023\/08\/01\/sergio-massa-se-reunio-con-referentes-locales-de-la-produccion-la-cultura-y-el-deporte\/#primaryimage","url":"https:\/\/apuntesdesanluis.com\/wp-content\/uploads\/2023\/08\/massa-en-san-luis.png","contentUrl":"https:\/\/apuntesdesanluis.com\/wp-content\/uploads\/2023\/08\/massa-en-san-luis.png","width":744,"height":462},{"@type":"BreadcrumbList","@id":"https:\/\/apuntesdesanluis.com\/index.php\/2023\/08\/01\/sergio-massa-se-reunio-con-referentes-locales-de-la-produccion-la-cultura-y-el-deporte\/#breadcrumb","itemListElement":[{"@type":"ListItem","position":1,"name":"Inicio","item":"https:\/\/apuntesdesanluis.com\/"},{"@type":"ListItem","position":2,"name":"SERGIO MASSA SE REUNI\u00d3 CON REFERENTES LOCALES DE LA PRODUCCI\u00d3N, LA CULTURA Y EL DEPORTE"}]},{"@type":"WebSite","@id":"https:\/\/apuntesdesanluis.com\/#website","url":"https:\/\/apuntesdesanluis.com\/","name":"Apuntes de San Luis","description":"","publisher":{"@id":"https:\/\/apuntesdesanluis.com\/#\/schema\/person\/b55151d52296fcce64d1a72538a70b90"},"potentialAction":[{"@type":"SearchAction","target":{"@type":"EntryPoint","urlTemplate":"https:\/\/apuntesdesanluis.com\/?s={search_term_string}"},"query-input":{"@type":"PropertyValueSpecification","valueRequired":true,"valueName":"search_term_string"}}],"inLanguage":"es-AR"},{"@type":["Person","Organization"],"@id":"https:\/\/apuntesdesanluis.com\/#\/schema\/person\/b55151d52296fcce64d1a72538a70b90","name":"apuntesdesanluis.com","image":{"@type":"ImageObject","inLanguage":"es-AR","@id":"https:\/\/apuntesdesanluis.com\/#\/schema\/person\/image\/","url":"https:\/\/apuntesdesanluis.com\/wp-content\/uploads\/2023\/07\/cropped-apuntesdesanluis.png","contentUrl":"https:\/\/apuntesdesanluis.com\/wp-content\/uploads\/2023\/07\/cropped-apuntesdesanluis.png","width":450,"height":112,"caption":"apuntesdesanluis.com"},"logo":{"@id":"https:\/\/apuntesdesanluis.com\/#\/schema\/person\/image\/"},"sameAs":["https:\/\/apuntesdesanluis.com"],"url":"https:\/\/apuntesdesanluis.com\/index.php\/author\/apuntesdesanluis-com\/"}]}},"featured_image_urls":{"full":["https:\/\/apuntesdesanluis.com\/wp-content\/uploads\/2023\/08\/massa-en-san-luis.png",744,462,false],"thumbnail":["https:\/\/apuntesdesanluis.com\/wp-content\/uploads\/2023\/08\/massa-en-san-luis-150x150.png",150,150,true],"medium":["https:\/\/apuntesdesanluis.com\/wp-content\/uploads\/2023\/08\/massa-en-san-luis-300x186.png",300,186,true],"medium_large":["https:\/\/apuntesdesanluis.com\/wp-content\/uploads\/2023\/08\/massa-en-san-luis.png",640,397,false],"large":["https:\/\/apuntesdesanluis.com\/wp-content\/uploads\/2023\/08\/massa-en-san-luis.png",640,397,false],"1536x1536":["https:\/\/apuntesdesanluis.com\/wp-content\/uploads\/2023\/08\/massa-en-san-luis.png",744,462,false],"2048x2048":["https:\/\/apuntesdesanluis.com\/wp-content\/uploads\/2023\/08\/massa-en-san-luis.png",744,462,false],"newsever-slider-full":["https:\/\/apuntesdesanluis.com\/wp-content\/uploads\/2023\/08\/massa-en-san-luis.png",744,462,false],"newsever-featured":["https:\/\/apuntesdesanluis.com\/wp-content\/uploads\/2023\/08\/massa-en-san-luis.png",744,462,false],"newsever-medium":["https:\/\/apuntesdesanluis.com\/wp-content\/uploads\/2023\/08\/massa-en-san-luis-720x462.png",720,462,true]},"author_info":{"display_name":"apuntesdesanluis.com","author_link":"https:\/\/apuntesdesanluis.com\/index.php\/author\/apuntesdesanluis-com\/"},"category_info":"<a href=\"https:\/\/apuntesdesanluis.com\/index.php\/category\/ciudad-provincia\/\" rel=\"category tag\">Ciudad\/Provincia<\/a>","tag_info":"Ciudad\/Provincia","comment_count":"0","_links":{"self":[{"href":"https:\/\/apuntesdesanluis.com\/index.php\/wp-json\/wp\/v2\/posts\/880","targetHints":{"allow":["GET"]}}],"collection":[{"href":"https:\/\/apuntesdesanluis.com\/index.php\/wp-json\/wp\/v2\/posts"}],"about":[{"href":"https:\/\/apuntesdesanluis.com\/index.php\/wp-json\/wp\/v2\/types\/post"}],"author":[{"embeddable":true,"href":"https:\/\/apuntesdesanluis.com\/index.php\/wp-json\/wp\/v2\/users\/1"}],"replies":[{"embeddable":true,"href":"https:\/\/apuntesdesanluis.com\/index.php\/wp-json\/wp\/v2\/comments?post=880"}],"version-history":[{"count":1,"href":"https:\/\/apuntesdesanluis.com\/index.php\/wp-json\/wp\/v2\/posts\/880\/revisions"}],"predecessor-version":[{"id":882,"href":"https:\/\/apuntesdesanluis.com\/index.php\/wp-json\/wp\/v2\/posts\/880\/revisions\/882"}],"wp:featuredmedia":[{"embeddable":true,"href":"https:\/\/apuntesdesanluis.com\/index.php\/wp-json\/wp\/v2\/media\/881"}],"wp:attachment":[{"href":"https:\/\/apuntesdesanluis.com\/index.php\/wp-json\/wp\/v2\/media?parent=880"}],"wp:term":[{"taxonomy":"category","embeddable":true,"href":"https:\/\/apuntesdesanluis.com\/index.php\/wp-json\/wp\/v2\/categories?post=880"},{"taxonomy":"post_tag","embeddable":true,"href":"https:\/\/apuntesdesanluis.com\/index.php\/wp-json\/wp\/v2\/tags?post=880"}],"curies":[{"name":"wp","href":"https:\/\/api.w.org\/{rel}","templated":true}]}}