{"id":8801,"date":"2023-12-20T20:19:34","date_gmt":"2023-12-20T23:19:34","guid":{"rendered":"https:\/\/apuntesdesanluis.com\/?p=8801"},"modified":"2023-12-21T01:26:25","modified_gmt":"2023-12-21T04:26:25","slug":"desmienten-falsa-noticia-sobre-el-supuesto-cierre-de-la-escuela-generativa-construyendo-infancias","status":"publish","type":"post","link":"https:\/\/apuntesdesanluis.com\/index.php\/2023\/12\/20\/desmienten-falsa-noticia-sobre-el-supuesto-cierre-de-la-escuela-generativa-construyendo-infancias\/","title":{"rendered":"DESMIENTEN FALSA NOTICIA SOBRE EL SUPUESTO CIERRE DE LA ESCUELA GENERATIVA \u201cCONSTRUYENDO INFANCIAS\u201d"},"content":{"rendered":"<h3 class=\"yiv7409174924ydp6329976emsonormal\" style=\"text-align: justify; background: white;\"><span style=\"font-family: 'Arial','sans-serif'; color: #1d2228;\">Desde el Ministerio de Desarrollo Humano explicaron que esto es mentira y recuerdan que ante cualquier duda, est\u00e1 disponible el canal de WhatsApp que funciona desde el lunes pasado.<\/span><\/h3>\n<h3 class=\"yiv7409174924ydp6329976emsonormal\" style=\"text-align: justify; background: white;\"><span style=\"font-family: 'Arial','sans-serif'; color: #1d2228;\">Una noticia falsa circul\u00f3 en las redes en la ma\u00f1ana del mi\u00e9rcoles. Buscaba preocupar a la comunidad educativa de la <strong>Escuela Generativa \u201cConstruyendo Infancias\u201d<\/strong>, que funciona en el barrio Eva Per\u00f3n II, en Villa Mercedes, puesto que alertaba sobre el cierre del establecimiento a partir de una decisi\u00f3n de la ministra de Desarrollo Humano, <strong>M\u00f3nica Becerra<\/strong>.<\/span><\/h3>\n<p><img fetchpriority=\"high\" decoding=\"async\" class=\"wp-image-8803 aligncenter\" src=\"https:\/\/apuntesdesanluis.com\/wp-content\/uploads\/2023\/12\/falsa-noticia-300x252.png\" alt=\"\" width=\"652\" height=\"548\" srcset=\"https:\/\/apuntesdesanluis.com\/wp-content\/uploads\/2023\/12\/falsa-noticia-300x252.png 300w, https:\/\/apuntesdesanluis.com\/wp-content\/uploads\/2023\/12\/falsa-noticia.png 600w\" sizes=\"(max-width: 652px) 100vw, 652px\" \/><\/p>\n<h3 class=\"yiv7409174924ydp6329976emsonormal\" style=\"text-align: justify; background: white;\"><span style=\"font-family: 'Arial','sans-serif'; color: #1d2228;\">Desde dicha cartera negaron que est\u00e9 en sus planes cerrar la escuela e insisten en la importancia de utilizar el canal de WhatsApp que fue puesto en marcha el lunes pasado. Quienes deseen unirse pueden hacerlo a trav\u00e9s del siguiente link: <a href=\"https:\/\/whatsapp.com\/channel\/0029VaCnulNJENy58w0EGG1M\">https:\/\/whatsapp.com\/channel\/0029VaCnulNJENy58w0EGG1M<\/a> <\/span><\/h3>\n<h3 class=\"yiv7409174924ydp6329976emsonormal\" style=\"text-align: justify; background: white;\"><span style=\"font-family: 'Arial','sans-serif'; color: #1d2228;\">Este canal permite recibir informaci\u00f3n referida al censo, fechas de cobro del beneficio, asistencia en l\u00ednea y dem\u00e1s temas de inter\u00e9s.<\/span><\/h3>\n<p class=\"yiv7409174924ydp6329976emsonormal\" style=\"text-align: justify; background: white;\"><span style=\"font-family: 'Arial','sans-serif'; color: #1d2228;\">\u00a0<\/span><\/p>\n<p class=\"yiv7409174924ydp6329976emsonormal\" style=\"text-align: justify; background: white;\"><span style=\"font-family: 'Arial','sans-serif'; color: #1d2228;\">\u00a0<\/span><\/p>\n<p class=\"yiv7409174924ydp6329976emsonormal\" style=\"text-align: justify; background: white;\"><span style=\"font-family: 'Arial','sans-serif'; color: #1d2228;\">\u00a0<\/span><\/p>\n","protected":false},"excerpt":{"rendered":"<p>Desde el Ministerio de Desarrollo Humano explicaron que esto es mentira y recuerdan que ante&#8230;<\/p>\n","protected":false},"author":1,"featured_media":8802,"comment_status":"closed","ping_status":"closed","sticky":false,"template":"","format":"standard","meta":{"footnotes":""},"categories":[6],"tags":[],"class_list":["post-8801","post","type-post","status-publish","format-standard","has-post-thumbnail","hentry","category-ciudad-provincia"],"yoast_head":"<!-- This site is optimized with the Yoast SEO plugin v26.1.1 - https:\/\/yoast.com\/wordpress\/plugins\/seo\/ -->\n<title>DESMIENTEN FALSA NOTICIA SOBRE EL SUPUESTO CIERRE DE LA ESCUELA GENERATIVA \u201cCONSTRUYENDO INFANCIAS\u201d - Apuntes de San Luis<\/title>\n<meta name=\"robots\" content=\"index, follow, max-snippet:-1, max-image-preview:large, max-video-preview:-1\" \/>\n<link rel=\"canonical\" href=\"https:\/\/apuntesdesanluis.com\/index.php\/2023\/12\/20\/desmienten-falsa-noticia-sobre-el-supuesto-cierre-de-la-escuela-generativa-construyendo-infancias\/\" \/>\n<meta property=\"og:locale\" content=\"es_ES\" \/>\n<meta property=\"og:type\" content=\"article\" \/>\n<meta property=\"og:title\" content=\"DESMIENTEN FALSA NOTICIA SOBRE EL SUPUESTO CIERRE DE LA ESCUELA GENERATIVA \u201cCONSTRUYENDO INFANCIAS\u201d - Apuntes de San Luis\" \/>\n<meta property=\"og:description\" content=\"Desde el Ministerio de Desarrollo Humano explicaron que esto es mentira y recuerdan que ante...\" \/>\n<meta property=\"og:url\" content=\"https:\/\/apuntesdesanluis.com\/index.php\/2023\/12\/20\/desmienten-falsa-noticia-sobre-el-supuesto-cierre-de-la-escuela-generativa-construyendo-infancias\/\" \/>\n<meta property=\"og:site_name\" content=\"Apuntes de San Luis\" \/>\n<meta property=\"article:published_time\" content=\"2023-12-20T23:19:34+00:00\" \/>\n<meta property=\"article:modified_time\" content=\"2023-12-21T04:26:25+00:00\" \/>\n<meta property=\"og:image\" content=\"https:\/\/apuntesdesanluis.com\/wp-content\/uploads\/2023\/12\/escuela-generativa.png\" \/>\n\t<meta property=\"og:image:width\" content=\"600\" \/>\n\t<meta property=\"og:image:height\" content=\"318\" \/>\n\t<meta property=\"og:image:type\" content=\"image\/png\" \/>\n<meta name=\"author\" content=\"apuntesdesanluis.com\" \/>\n<meta name=\"twitter:card\" content=\"summary_large_image\" \/>\n<meta name=\"twitter:label1\" content=\"Escrito por\" \/>\n\t<meta name=\"twitter:data1\" content=\"apuntesdesanluis.com\" \/>\n\t<meta name=\"twitter:label2\" content=\"Tiempo de lectura\" \/>\n\t<meta name=\"twitter:data2\" content=\"1 minuto\" \/>\n<script type=\"application\/ld+json\" class=\"yoast-schema-graph\">{\"@context\":\"https:\/\/schema.org\",\"@graph\":[{\"@type\":\"Article\",\"@id\":\"https:\/\/apuntesdesanluis.com\/index.php\/2023\/12\/20\/desmienten-falsa-noticia-sobre-el-supuesto-cierre-de-la-escuela-generativa-construyendo-infancias\/#article\",\"isPartOf\":{\"@id\":\"https:\/\/apuntesdesanluis.com\/index.php\/2023\/12\/20\/desmienten-falsa-noticia-sobre-el-supuesto-cierre-de-la-escuela-generativa-construyendo-infancias\/\"},\"author\":{\"name\":\"apuntesdesanluis.com\",\"@id\":\"https:\/\/apuntesdesanluis.com\/#\/schema\/person\/b55151d52296fcce64d1a72538a70b90\"},\"headline\":\"DESMIENTEN FALSA NOTICIA SOBRE EL SUPUESTO CIERRE DE LA ESCUELA GENERATIVA \u201cCONSTRUYENDO INFANCIAS\u201d\",\"datePublished\":\"2023-12-20T23:19:34+00:00\",\"dateModified\":\"2023-12-21T04:26:25+00:00\",\"mainEntityOfPage\":{\"@id\":\"https:\/\/apuntesdesanluis.com\/index.php\/2023\/12\/20\/desmienten-falsa-noticia-sobre-el-supuesto-cierre-de-la-escuela-generativa-construyendo-infancias\/\"},\"wordCount\":178,\"publisher\":{\"@id\":\"https:\/\/apuntesdesanluis.com\/#\/schema\/person\/b55151d52296fcce64d1a72538a70b90\"},\"image\":{\"@id\":\"https:\/\/apuntesdesanluis.com\/index.php\/2023\/12\/20\/desmienten-falsa-noticia-sobre-el-supuesto-cierre-de-la-escuela-generativa-construyendo-infancias\/#primaryimage\"},\"thumbnailUrl\":\"https:\/\/apuntesdesanluis.com\/wp-content\/uploads\/2023\/12\/escuela-generativa.png\",\"articleSection\":[\"Ciudad\/Provincia\"],\"inLanguage\":\"es-AR\"},{\"@type\":\"WebPage\",\"@id\":\"https:\/\/apuntesdesanluis.com\/index.php\/2023\/12\/20\/desmienten-falsa-noticia-sobre-el-supuesto-cierre-de-la-escuela-generativa-construyendo-infancias\/\",\"url\":\"https:\/\/apuntesdesanluis.com\/index.php\/2023\/12\/20\/desmienten-falsa-noticia-sobre-el-supuesto-cierre-de-la-escuela-generativa-construyendo-infancias\/\",\"name\":\"DESMIENTEN FALSA NOTICIA SOBRE EL SUPUESTO CIERRE DE LA ESCUELA GENERATIVA \u201cCONSTRUYENDO INFANCIAS\u201d - Apuntes de San Luis\",\"isPartOf\":{\"@id\":\"https:\/\/apuntesdesanluis.com\/#website\"},\"primaryImageOfPage\":{\"@id\":\"https:\/\/apuntesdesanluis.com\/index.php\/2023\/12\/20\/desmienten-falsa-noticia-sobre-el-supuesto-cierre-de-la-escuela-generativa-construyendo-infancias\/#primaryimage\"},\"image\":{\"@id\":\"https:\/\/apuntesdesanluis.com\/index.php\/2023\/12\/20\/desmienten-falsa-noticia-sobre-el-supuesto-cierre-de-la-escuela-generativa-construyendo-infancias\/#primaryimage\"},\"thumbnailUrl\":\"https:\/\/apuntesdesanluis.com\/wp-content\/uploads\/2023\/12\/escuela-generativa.png\",\"datePublished\":\"2023-12-20T23:19:34+00:00\",\"dateModified\":\"2023-12-21T04:26:25+00:00\",\"breadcrumb\":{\"@id\":\"https:\/\/apuntesdesanluis.com\/index.php\/2023\/12\/20\/desmienten-falsa-noticia-sobre-el-supuesto-cierre-de-la-escuela-generativa-construyendo-infancias\/#breadcrumb\"},\"inLanguage\":\"es-AR\",\"potentialAction\":[{\"@type\":\"ReadAction\",\"target\":[\"https:\/\/apuntesdesanluis.com\/index.php\/2023\/12\/20\/desmienten-falsa-noticia-sobre-el-supuesto-cierre-de-la-escuela-generativa-construyendo-infancias\/\"]}]},{\"@type\":\"ImageObject\",\"inLanguage\":\"es-AR\",\"@id\":\"https:\/\/apuntesdesanluis.com\/index.php\/2023\/12\/20\/desmienten-falsa-noticia-sobre-el-supuesto-cierre-de-la-escuela-generativa-construyendo-infancias\/#primaryimage\",\"url\":\"https:\/\/apuntesdesanluis.com\/wp-content\/uploads\/2023\/12\/escuela-generativa.png\",\"contentUrl\":\"https:\/\/apuntesdesanluis.com\/wp-content\/uploads\/2023\/12\/escuela-generativa.png\",\"width\":600,\"height\":318},{\"@type\":\"BreadcrumbList\",\"@id\":\"https:\/\/apuntesdesanluis.com\/index.php\/2023\/12\/20\/desmienten-falsa-noticia-sobre-el-supuesto-cierre-de-la-escuela-generativa-construyendo-infancias\/#breadcrumb\",\"itemListElement\":[{\"@type\":\"ListItem\",\"position\":1,\"name\":\"Inicio\",\"item\":\"https:\/\/apuntesdesanluis.com\/\"},{\"@type\":\"ListItem\",\"position\":2,\"name\":\"DESMIENTEN FALSA NOTICIA SOBRE EL SUPUESTO CIERRE DE LA ESCUELA GENERATIVA \u201cCONSTRUYENDO INFANCIAS\u201d\"}]},{\"@type\":\"WebSite\",\"@id\":\"https:\/\/apuntesdesanluis.com\/#website\",\"url\":\"https:\/\/apuntesdesanluis.com\/\",\"name\":\"Apuntes de San Luis\",\"description\":\"\",\"publisher\":{\"@id\":\"https:\/\/apuntesdesanluis.com\/#\/schema\/person\/b55151d52296fcce64d1a72538a70b90\"},\"potentialAction\":[{\"@type\":\"SearchAction\",\"target\":{\"@type\":\"EntryPoint\",\"urlTemplate\":\"https:\/\/apuntesdesanluis.com\/?s={search_term_string}\"},\"query-input\":{\"@type\":\"PropertyValueSpecification\",\"valueRequired\":true,\"valueName\":\"search_term_string\"}}],\"inLanguage\":\"es-AR\"},{\"@type\":[\"Person\",\"Organization\"],\"@id\":\"https:\/\/apuntesdesanluis.com\/#\/schema\/person\/b55151d52296fcce64d1a72538a70b90\",\"name\":\"apuntesdesanluis.com\",\"image\":{\"@type\":\"ImageObject\",\"inLanguage\":\"es-AR\",\"@id\":\"https:\/\/apuntesdesanluis.com\/#\/schema\/person\/image\/\",\"url\":\"https:\/\/apuntesdesanluis.com\/wp-content\/uploads\/2023\/07\/cropped-apuntesdesanluis.png\",\"contentUrl\":\"https:\/\/apuntesdesanluis.com\/wp-content\/uploads\/2023\/07\/cropped-apuntesdesanluis.png\",\"width\":450,\"height\":112,\"caption\":\"apuntesdesanluis.com\"},\"logo\":{\"@id\":\"https:\/\/apuntesdesanluis.com\/#\/schema\/person\/image\/\"},\"sameAs\":[\"https:\/\/apuntesdesanluis.com\"],\"url\":\"https:\/\/apuntesdesanluis.com\/index.php\/author\/apuntesdesanluis-com\/\"}]}<\/script>\n<!-- \/ Yoast SEO plugin. -->","yoast_head_json":{"title":"DESMIENTEN FALSA NOTICIA SOBRE EL SUPUESTO CIERRE DE LA ESCUELA GENERATIVA \u201cCONSTRUYENDO INFANCIAS\u201d - Apuntes de San Luis","robots":{"index":"index","follow":"follow","max-snippet":"max-snippet:-1","max-image-preview":"max-image-preview:large","max-video-preview":"max-video-preview:-1"},"canonical":"https:\/\/apuntesdesanluis.com\/index.php\/2023\/12\/20\/desmienten-falsa-noticia-sobre-el-supuesto-cierre-de-la-escuela-generativa-construyendo-infancias\/","og_locale":"es_ES","og_type":"article","og_title":"DESMIENTEN FALSA NOTICIA SOBRE EL SUPUESTO CIERRE DE LA ESCUELA GENERATIVA \u201cCONSTRUYENDO INFANCIAS\u201d - Apuntes de San Luis","og_description":"Desde el Ministerio de Desarrollo Humano explicaron que esto es mentira y recuerdan que ante...","og_url":"https:\/\/apuntesdesanluis.com\/index.php\/2023\/12\/20\/desmienten-falsa-noticia-sobre-el-supuesto-cierre-de-la-escuela-generativa-construyendo-infancias\/","og_site_name":"Apuntes de San Luis","article_published_time":"2023-12-20T23:19:34+00:00","article_modified_time":"2023-12-21T04:26:25+00:00","og_image":[{"width":600,"height":318,"url":"https:\/\/apuntesdesanluis.com\/wp-content\/uploads\/2023\/12\/escuela-generativa.png","type":"image\/png"}],"author":"apuntesdesanluis.com","twitter_card":"summary_large_image","twitter_misc":{"Escrito por":"apuntesdesanluis.com","Tiempo de lectura":"1 minuto"},"schema":{"@context":"https:\/\/schema.org","@graph":[{"@type":"Article","@id":"https:\/\/apuntesdesanluis.com\/index.php\/2023\/12\/20\/desmienten-falsa-noticia-sobre-el-supuesto-cierre-de-la-escuela-generativa-construyendo-infancias\/#article","isPartOf":{"@id":"https:\/\/apuntesdesanluis.com\/index.php\/2023\/12\/20\/desmienten-falsa-noticia-sobre-el-supuesto-cierre-de-la-escuela-generativa-construyendo-infancias\/"},"author":{"name":"apuntesdesanluis.com","@id":"https:\/\/apuntesdesanluis.com\/#\/schema\/person\/b55151d52296fcce64d1a72538a70b90"},"headline":"DESMIENTEN FALSA NOTICIA SOBRE EL SUPUESTO CIERRE DE LA ESCUELA GENERATIVA \u201cCONSTRUYENDO INFANCIAS\u201d","datePublished":"2023-12-20T23:19:34+00:00","dateModified":"2023-12-21T04:26:25+00:00","mainEntityOfPage":{"@id":"https:\/\/apuntesdesanluis.com\/index.php\/2023\/12\/20\/desmienten-falsa-noticia-sobre-el-supuesto-cierre-de-la-escuela-generativa-construyendo-infancias\/"},"wordCount":178,"publisher":{"@id":"https:\/\/apuntesdesanluis.com\/#\/schema\/person\/b55151d52296fcce64d1a72538a70b90"},"image":{"@id":"https:\/\/apuntesdesanluis.com\/index.php\/2023\/12\/20\/desmienten-falsa-noticia-sobre-el-supuesto-cierre-de-la-escuela-generativa-construyendo-infancias\/#primaryimage"},"thumbnailUrl":"https:\/\/apuntesdesanluis.com\/wp-content\/uploads\/2023\/12\/escuela-generativa.png","articleSection":["Ciudad\/Provincia"],"inLanguage":"es-AR"},{"@type":"WebPage","@id":"https:\/\/apuntesdesanluis.com\/index.php\/2023\/12\/20\/desmienten-falsa-noticia-sobre-el-supuesto-cierre-de-la-escuela-generativa-construyendo-infancias\/","url":"https:\/\/apuntesdesanluis.com\/index.php\/2023\/12\/20\/desmienten-falsa-noticia-sobre-el-supuesto-cierre-de-la-escuela-generativa-construyendo-infancias\/","name":"DESMIENTEN FALSA NOTICIA SOBRE EL SUPUESTO CIERRE DE LA ESCUELA GENERATIVA \u201cCONSTRUYENDO INFANCIAS\u201d - Apuntes de San Luis","isPartOf":{"@id":"https:\/\/apuntesdesanluis.com\/#website"},"primaryImageOfPage":{"@id":"https:\/\/apuntesdesanluis.com\/index.php\/2023\/12\/20\/desmienten-falsa-noticia-sobre-el-supuesto-cierre-de-la-escuela-generativa-construyendo-infancias\/#primaryimage"},"image":{"@id":"https:\/\/apuntesdesanluis.com\/index.php\/2023\/12\/20\/desmienten-falsa-noticia-sobre-el-supuesto-cierre-de-la-escuela-generativa-construyendo-infancias\/#primaryimage"},"thumbnailUrl":"https:\/\/apuntesdesanluis.com\/wp-content\/uploads\/2023\/12\/escuela-generativa.png","datePublished":"2023-12-20T23:19:34+00:00","dateModified":"2023-12-21T04:26:25+00:00","breadcrumb":{"@id":"https:\/\/apuntesdesanluis.com\/index.php\/2023\/12\/20\/desmienten-falsa-noticia-sobre-el-supuesto-cierre-de-la-escuela-generativa-construyendo-infancias\/#breadcrumb"},"inLanguage":"es-AR","potentialAction":[{"@type":"ReadAction","target":["https:\/\/apuntesdesanluis.com\/index.php\/2023\/12\/20\/desmienten-falsa-noticia-sobre-el-supuesto-cierre-de-la-escuela-generativa-construyendo-infancias\/"]}]},{"@type":"ImageObject","inLanguage":"es-AR","@id":"https:\/\/apuntesdesanluis.com\/index.php\/2023\/12\/20\/desmienten-falsa-noticia-sobre-el-supuesto-cierre-de-la-escuela-generativa-construyendo-infancias\/#primaryimage","url":"https:\/\/apuntesdesanluis.com\/wp-content\/uploads\/2023\/12\/escuela-generativa.png","contentUrl":"https:\/\/apuntesdesanluis.com\/wp-content\/uploads\/2023\/12\/escuela-generativa.png","width":600,"height":318},{"@type":"BreadcrumbList","@id":"https:\/\/apuntesdesanluis.com\/index.php\/2023\/12\/20\/desmienten-falsa-noticia-sobre-el-supuesto-cierre-de-la-escuela-generativa-construyendo-infancias\/#breadcrumb","itemListElement":[{"@type":"ListItem","position":1,"name":"Inicio","item":"https:\/\/apuntesdesanluis.com\/"},{"@type":"ListItem","position":2,"name":"DESMIENTEN FALSA NOTICIA SOBRE EL SUPUESTO CIERRE DE LA ESCUELA GENERATIVA \u201cCONSTRUYENDO INFANCIAS\u201d"}]},{"@type":"WebSite","@id":"https:\/\/apuntesdesanluis.com\/#website","url":"https:\/\/apuntesdesanluis.com\/","name":"Apuntes de San Luis","description":"","publisher":{"@id":"https:\/\/apuntesdesanluis.com\/#\/schema\/person\/b55151d52296fcce64d1a72538a70b90"},"potentialAction":[{"@type":"SearchAction","target":{"@type":"EntryPoint","urlTemplate":"https:\/\/apuntesdesanluis.com\/?s={search_term_string}"},"query-input":{"@type":"PropertyValueSpecification","valueRequired":true,"valueName":"search_term_string"}}],"inLanguage":"es-AR"},{"@type":["Person","Organization"],"@id":"https:\/\/apuntesdesanluis.com\/#\/schema\/person\/b55151d52296fcce64d1a72538a70b90","name":"apuntesdesanluis.com","image":{"@type":"ImageObject","inLanguage":"es-AR","@id":"https:\/\/apuntesdesanluis.com\/#\/schema\/person\/image\/","url":"https:\/\/apuntesdesanluis.com\/wp-content\/uploads\/2023\/07\/cropped-apuntesdesanluis.png","contentUrl":"https:\/\/apuntesdesanluis.com\/wp-content\/uploads\/2023\/07\/cropped-apuntesdesanluis.png","width":450,"height":112,"caption":"apuntesdesanluis.com"},"logo":{"@id":"https:\/\/apuntesdesanluis.com\/#\/schema\/person\/image\/"},"sameAs":["https:\/\/apuntesdesanluis.com"],"url":"https:\/\/apuntesdesanluis.com\/index.php\/author\/apuntesdesanluis-com\/"}]}},"featured_image_urls":{"full":["https:\/\/apuntesdesanluis.com\/wp-content\/uploads\/2023\/12\/escuela-generativa.png",600,318,false],"thumbnail":["https:\/\/apuntesdesanluis.com\/wp-content\/uploads\/2023\/12\/escuela-generativa-150x150.png",150,150,true],"medium":["https:\/\/apuntesdesanluis.com\/wp-content\/uploads\/2023\/12\/escuela-generativa-300x159.png",300,159,true],"medium_large":["https:\/\/apuntesdesanluis.com\/wp-content\/uploads\/2023\/12\/escuela-generativa.png",600,318,false],"large":["https:\/\/apuntesdesanluis.com\/wp-content\/uploads\/2023\/12\/escuela-generativa.png",600,318,false],"1536x1536":["https:\/\/apuntesdesanluis.com\/wp-content\/uploads\/2023\/12\/escuela-generativa.png",600,318,false],"2048x2048":["https:\/\/apuntesdesanluis.com\/wp-content\/uploads\/2023\/12\/escuela-generativa.png",600,318,false],"newsever-slider-full":["https:\/\/apuntesdesanluis.com\/wp-content\/uploads\/2023\/12\/escuela-generativa.png",600,318,false],"newsever-featured":["https:\/\/apuntesdesanluis.com\/wp-content\/uploads\/2023\/12\/escuela-generativa.png",600,318,false],"newsever-medium":["https:\/\/apuntesdesanluis.com\/wp-content\/uploads\/2023\/12\/escuela-generativa.png",600,318,false]},"author_info":{"display_name":"apuntesdesanluis.com","author_link":"https:\/\/apuntesdesanluis.com\/index.php\/author\/apuntesdesanluis-com\/"},"category_info":"<a href=\"https:\/\/apuntesdesanluis.com\/index.php\/category\/ciudad-provincia\/\" rel=\"category tag\">Ciudad\/Provincia<\/a>","tag_info":"Ciudad\/Provincia","comment_count":"0","_links":{"self":[{"href":"https:\/\/apuntesdesanluis.com\/index.php\/wp-json\/wp\/v2\/posts\/8801","targetHints":{"allow":["GET"]}}],"collection":[{"href":"https:\/\/apuntesdesanluis.com\/index.php\/wp-json\/wp\/v2\/posts"}],"about":[{"href":"https:\/\/apuntesdesanluis.com\/index.php\/wp-json\/wp\/v2\/types\/post"}],"author":[{"embeddable":true,"href":"https:\/\/apuntesdesanluis.com\/index.php\/wp-json\/wp\/v2\/users\/1"}],"replies":[{"embeddable":true,"href":"https:\/\/apuntesdesanluis.com\/index.php\/wp-json\/wp\/v2\/comments?post=8801"}],"version-history":[{"count":1,"href":"https:\/\/apuntesdesanluis.com\/index.php\/wp-json\/wp\/v2\/posts\/8801\/revisions"}],"predecessor-version":[{"id":8804,"href":"https:\/\/apuntesdesanluis.com\/index.php\/wp-json\/wp\/v2\/posts\/8801\/revisions\/8804"}],"wp:featuredmedia":[{"embeddable":true,"href":"https:\/\/apuntesdesanluis.com\/index.php\/wp-json\/wp\/v2\/media\/8802"}],"wp:attachment":[{"href":"https:\/\/apuntesdesanluis.com\/index.php\/wp-json\/wp\/v2\/media?parent=8801"}],"wp:term":[{"taxonomy":"category","embeddable":true,"href":"https:\/\/apuntesdesanluis.com\/index.php\/wp-json\/wp\/v2\/categories?post=8801"},{"taxonomy":"post_tag","embeddable":true,"href":"https:\/\/apuntesdesanluis.com\/index.php\/wp-json\/wp\/v2\/tags?post=8801"}],"curies":[{"name":"wp","href":"https:\/\/api.w.org\/{rel}","templated":true}]}}