{"id":883,"date":"2023-08-01T21:25:13","date_gmt":"2023-08-02T00:25:13","guid":{"rendered":"https:\/\/apuntesdesanluis.com\/?p=883"},"modified":"2023-08-01T21:25:13","modified_gmt":"2023-08-02T00:25:13","slug":"bullrich-dijo-que-va-a-entrar-con-una-camara-al-central-a-buscar-las-reservas-y-milei-la-trato-de-bestia","status":"publish","type":"post","link":"https:\/\/apuntesdesanluis.com\/index.php\/2023\/08\/01\/bullrich-dijo-que-va-a-entrar-con-una-camara-al-central-a-buscar-las-reservas-y-milei-la-trato-de-bestia\/","title":{"rendered":"BULLRICH DIJO QUE VA A ENTRAR CON UNA C\u00c1MARA AL CENTRAL A BUSCAR LAS RESERVAS Y MILEI LA TRAT\u00d3 DE &#8220;BESTIA&#8221;"},"content":{"rendered":"<h3>En el mercado y las redes sociales se le rieron a Bullrich por creer que los d\u00f3lares est\u00e1n f\u00edsicos en el BCRA.<\/h3>\n<h3><strong>Patricia Bullrich<\/strong> volvi\u00f3 a tropezar con un tema econ\u00f3mico. Tras el traspi\u00e9 con el blindaje, ahora la candidata dijo que si llega a presidenta su primera medida va a ser entrar al Banco Central con una c\u00e1mara de televisi\u00f3n para mostrar que no hay reservas, lo que gener\u00f3 una catarata de burlas.<\/h3>\n<h3>La candidata del PRO volvi\u00f3 sobre su idea de sacar el cepo de manera inmediata en caso de que sea electa, pero nuevamente tropez\u00f3 con la cuesti\u00f3n de c\u00f3mo lo har\u00e1 sin reservas de libre disponibilidad para evitar una explosi\u00f3n econ\u00f3mica.<\/h3>\n<h3>&#8220;Nuestro equipo econ\u00f3mico va a presentar un modelo despu\u00e9s que veamos c\u00f3mo est\u00e1 el acuerdo con el Fondo, qu\u00e9 hizo Massa, qu\u00e9 te deja Massa porque lo primero que vamos a hacer es entrar con una c\u00e1mara de televisi\u00f3n al Banco Central&#8221;, afirm\u00f3 Bullrich.<\/h3>\n<h3>&#8220;A coraz\u00f3n abierto queremos decirle a la gente c\u00f3mo est\u00e1 el pa\u00eds&#8221;, insisti\u00f3 Bullrich y ampli\u00f3 sobre su idea: &#8220;Mostrar a la gente qu\u00e9 Banco Central te dejan&#8221;.<\/h3>\n<h3>&#8220;Pero no est\u00e1n las reservas ah\u00ed&#8221;, le advirtieron dos de los periodistas de La Naci\u00f3n +, advirtiendo que comet\u00eda un error. Pero Bullrich insisti\u00f3: &#8220;No est\u00e1n, no hay m\u00e1s, hay reservas negativas. Es importante que el pueblo argentino lo sepa&#8221;.<\/h3>\n<p><iframe title=\"Patricia dijo que va a entrar con una c\u00e1mara al Central a buscar las reservas\" width=\"640\" height=\"360\" src=\"https:\/\/www.youtube.com\/embed\/TqTRzHbBwmw?feature=oembed\" frameborder=\"0\" allow=\"accelerometer; autoplay; clipboard-write; encrypted-media; gyroscope; picture-in-picture; web-share\" referrerpolicy=\"strict-origin-when-cross-origin\" allowfullscreen><\/iframe><\/p>\n<h3>Los dichos se viralizaron r\u00e1pidamente y generaron una catarata de cr\u00edticas y burlas porque las reservas no est\u00e1n f\u00edsicas en la b\u00f3veda del Banco Central sino que son registros electr\u00f3nicos.<\/h3>\n<h3>El que sali\u00f3 r\u00e1pidamente a aprovecharse del nuevo tropiezo de Bullrich fue Javier Milei, que la trat\u00f3 de bestia. &#8220;Imagino que los &#8216;liberales&#8217; de copet\u00edn saldr\u00e1n a criticar tama\u00f1a bestialidad&#8230; no par\u00e1, que con los curros de la venta de patente de corso no se jode&#8230; Igual, la mayor\u00eda de los economistas son analfabetos monetarios por lo que puede que no hayan notado el punto&#8221;, se burl\u00f3 el candidato.<\/h3>\n<h3>Patricia viene de varios resbalones con el tema econ\u00f3mico, al punto que en los \u00faltimos d\u00edas en su equipo dejaron trascender que la candidata evitar\u00eda las discusiones y se concentrar\u00eda en los temas que tiene mayor soltura. Pero la idea dur\u00f3 muy poco y Bullrich volvi\u00f3 a exponerse, como la semana pasada cuando prometi\u00f3 &#8220;un blindaje&#8221; de d\u00f3lares del FMI y Horacio Rodr\u00edguez Larreta sali\u00f3 a recordarle su paso por el gobierno de De la R\u00faa.<\/h3>\n<h3>En las redes sociales la declaraci\u00f3n de Bullrich gener\u00f3 catarata de memes. Muchos usuarios se burlaron y resaltaron que la candidata cree que el Banco Central tiene una b\u00f3veda como en La Casa de Papel. Los m\u00e1s vintages recordaron la b\u00f3veda de Rico McPato.<\/h3>\n","protected":false},"excerpt":{"rendered":"<p>En el mercado y las redes sociales se le rieron a Bullrich por creer que&#8230;<\/p>\n","protected":false},"author":1,"featured_media":884,"comment_status":"closed","ping_status":"closed","sticky":false,"template":"","format":"standard","meta":{"footnotes":""},"categories":[5],"tags":[],"class_list":["post-883","post","type-post","status-publish","format-standard","has-post-thumbnail","hentry","category-nacionales-internacionales"],"yoast_head":"<!-- This site is optimized with the Yoast SEO plugin v26.1.1 - https:\/\/yoast.com\/wordpress\/plugins\/seo\/ -->\n<title>BULLRICH DIJO QUE VA A ENTRAR CON UNA C\u00c1MARA AL CENTRAL A BUSCAR LAS RESERVAS Y MILEI LA TRAT\u00d3 DE &quot;BESTIA&quot; - Apuntes de San Luis<\/title>\n<meta name=\"robots\" content=\"index, follow, max-snippet:-1, max-image-preview:large, max-video-preview:-1\" \/>\n<link rel=\"canonical\" href=\"https:\/\/apuntesdesanluis.com\/index.php\/2023\/08\/01\/bullrich-dijo-que-va-a-entrar-con-una-camara-al-central-a-buscar-las-reservas-y-milei-la-trato-de-bestia\/\" \/>\n<meta property=\"og:locale\" content=\"es_ES\" \/>\n<meta property=\"og:type\" content=\"article\" \/>\n<meta property=\"og:title\" content=\"BULLRICH DIJO QUE VA A ENTRAR CON UNA C\u00c1MARA AL CENTRAL A BUSCAR LAS RESERVAS Y MILEI LA TRAT\u00d3 DE &quot;BESTIA&quot; - Apuntes de San Luis\" \/>\n<meta property=\"og:description\" content=\"En el mercado y las redes sociales se le rieron a Bullrich por creer que...\" \/>\n<meta property=\"og:url\" content=\"https:\/\/apuntesdesanluis.com\/index.php\/2023\/08\/01\/bullrich-dijo-que-va-a-entrar-con-una-camara-al-central-a-buscar-las-reservas-y-milei-la-trato-de-bestia\/\" \/>\n<meta property=\"og:site_name\" content=\"Apuntes de San Luis\" \/>\n<meta property=\"article:published_time\" content=\"2023-08-02T00:25:13+00:00\" \/>\n<meta property=\"og:image\" content=\"https:\/\/apuntesdesanluis.com\/wp-content\/uploads\/2023\/08\/BULLRICH.png\" \/>\n\t<meta property=\"og:image:width\" content=\"907\" \/>\n\t<meta property=\"og:image:height\" content=\"594\" \/>\n\t<meta property=\"og:image:type\" content=\"image\/png\" \/>\n<meta name=\"author\" content=\"apuntesdesanluis.com\" \/>\n<meta name=\"twitter:card\" content=\"summary_large_image\" \/>\n<meta name=\"twitter:label1\" content=\"Escrito por\" \/>\n\t<meta name=\"twitter:data1\" content=\"apuntesdesanluis.com\" \/>\n\t<meta name=\"twitter:label2\" content=\"Tiempo de lectura\" \/>\n\t<meta name=\"twitter:data2\" content=\"3 minutos\" \/>\n<script type=\"application\/ld+json\" class=\"yoast-schema-graph\">{\"@context\":\"https:\/\/schema.org\",\"@graph\":[{\"@type\":\"Article\",\"@id\":\"https:\/\/apuntesdesanluis.com\/index.php\/2023\/08\/01\/bullrich-dijo-que-va-a-entrar-con-una-camara-al-central-a-buscar-las-reservas-y-milei-la-trato-de-bestia\/#article\",\"isPartOf\":{\"@id\":\"https:\/\/apuntesdesanluis.com\/index.php\/2023\/08\/01\/bullrich-dijo-que-va-a-entrar-con-una-camara-al-central-a-buscar-las-reservas-y-milei-la-trato-de-bestia\/\"},\"author\":{\"name\":\"apuntesdesanluis.com\",\"@id\":\"https:\/\/apuntesdesanluis.com\/#\/schema\/person\/b55151d52296fcce64d1a72538a70b90\"},\"headline\":\"BULLRICH DIJO QUE VA A ENTRAR CON UNA C\u00c1MARA AL CENTRAL A BUSCAR LAS RESERVAS Y MILEI LA TRAT\u00d3 DE &#8220;BESTIA&#8221;\",\"datePublished\":\"2023-08-02T00:25:13+00:00\",\"mainEntityOfPage\":{\"@id\":\"https:\/\/apuntesdesanluis.com\/index.php\/2023\/08\/01\/bullrich-dijo-que-va-a-entrar-con-una-camara-al-central-a-buscar-las-reservas-y-milei-la-trato-de-bestia\/\"},\"wordCount\":518,\"publisher\":{\"@id\":\"https:\/\/apuntesdesanluis.com\/#\/schema\/person\/b55151d52296fcce64d1a72538a70b90\"},\"image\":{\"@id\":\"https:\/\/apuntesdesanluis.com\/index.php\/2023\/08\/01\/bullrich-dijo-que-va-a-entrar-con-una-camara-al-central-a-buscar-las-reservas-y-milei-la-trato-de-bestia\/#primaryimage\"},\"thumbnailUrl\":\"https:\/\/apuntesdesanluis.com\/wp-content\/uploads\/2023\/08\/BULLRICH.png\",\"articleSection\":[\"Nacionales\/Internacionales\"],\"inLanguage\":\"es-AR\"},{\"@type\":\"WebPage\",\"@id\":\"https:\/\/apuntesdesanluis.com\/index.php\/2023\/08\/01\/bullrich-dijo-que-va-a-entrar-con-una-camara-al-central-a-buscar-las-reservas-y-milei-la-trato-de-bestia\/\",\"url\":\"https:\/\/apuntesdesanluis.com\/index.php\/2023\/08\/01\/bullrich-dijo-que-va-a-entrar-con-una-camara-al-central-a-buscar-las-reservas-y-milei-la-trato-de-bestia\/\",\"name\":\"BULLRICH DIJO QUE VA A ENTRAR CON UNA C\u00c1MARA AL CENTRAL A BUSCAR LAS RESERVAS Y MILEI LA TRAT\u00d3 DE \\\"BESTIA\\\" - Apuntes de San Luis\",\"isPartOf\":{\"@id\":\"https:\/\/apuntesdesanluis.com\/#website\"},\"primaryImageOfPage\":{\"@id\":\"https:\/\/apuntesdesanluis.com\/index.php\/2023\/08\/01\/bullrich-dijo-que-va-a-entrar-con-una-camara-al-central-a-buscar-las-reservas-y-milei-la-trato-de-bestia\/#primaryimage\"},\"image\":{\"@id\":\"https:\/\/apuntesdesanluis.com\/index.php\/2023\/08\/01\/bullrich-dijo-que-va-a-entrar-con-una-camara-al-central-a-buscar-las-reservas-y-milei-la-trato-de-bestia\/#primaryimage\"},\"thumbnailUrl\":\"https:\/\/apuntesdesanluis.com\/wp-content\/uploads\/2023\/08\/BULLRICH.png\",\"datePublished\":\"2023-08-02T00:25:13+00:00\",\"breadcrumb\":{\"@id\":\"https:\/\/apuntesdesanluis.com\/index.php\/2023\/08\/01\/bullrich-dijo-que-va-a-entrar-con-una-camara-al-central-a-buscar-las-reservas-y-milei-la-trato-de-bestia\/#breadcrumb\"},\"inLanguage\":\"es-AR\",\"potentialAction\":[{\"@type\":\"ReadAction\",\"target\":[\"https:\/\/apuntesdesanluis.com\/index.php\/2023\/08\/01\/bullrich-dijo-que-va-a-entrar-con-una-camara-al-central-a-buscar-las-reservas-y-milei-la-trato-de-bestia\/\"]}]},{\"@type\":\"ImageObject\",\"inLanguage\":\"es-AR\",\"@id\":\"https:\/\/apuntesdesanluis.com\/index.php\/2023\/08\/01\/bullrich-dijo-que-va-a-entrar-con-una-camara-al-central-a-buscar-las-reservas-y-milei-la-trato-de-bestia\/#primaryimage\",\"url\":\"https:\/\/apuntesdesanluis.com\/wp-content\/uploads\/2023\/08\/BULLRICH.png\",\"contentUrl\":\"https:\/\/apuntesdesanluis.com\/wp-content\/uploads\/2023\/08\/BULLRICH.png\",\"width\":907,\"height\":594},{\"@type\":\"BreadcrumbList\",\"@id\":\"https:\/\/apuntesdesanluis.com\/index.php\/2023\/08\/01\/bullrich-dijo-que-va-a-entrar-con-una-camara-al-central-a-buscar-las-reservas-y-milei-la-trato-de-bestia\/#breadcrumb\",\"itemListElement\":[{\"@type\":\"ListItem\",\"position\":1,\"name\":\"Inicio\",\"item\":\"https:\/\/apuntesdesanluis.com\/\"},{\"@type\":\"ListItem\",\"position\":2,\"name\":\"BULLRICH DIJO QUE VA A ENTRAR CON UNA C\u00c1MARA AL CENTRAL A BUSCAR LAS RESERVAS Y MILEI LA TRAT\u00d3 DE &#8220;BESTIA&#8221;\"}]},{\"@type\":\"WebSite\",\"@id\":\"https:\/\/apuntesdesanluis.com\/#website\",\"url\":\"https:\/\/apuntesdesanluis.com\/\",\"name\":\"Apuntes de San Luis\",\"description\":\"\",\"publisher\":{\"@id\":\"https:\/\/apuntesdesanluis.com\/#\/schema\/person\/b55151d52296fcce64d1a72538a70b90\"},\"potentialAction\":[{\"@type\":\"SearchAction\",\"target\":{\"@type\":\"EntryPoint\",\"urlTemplate\":\"https:\/\/apuntesdesanluis.com\/?s={search_term_string}\"},\"query-input\":{\"@type\":\"PropertyValueSpecification\",\"valueRequired\":true,\"valueName\":\"search_term_string\"}}],\"inLanguage\":\"es-AR\"},{\"@type\":[\"Person\",\"Organization\"],\"@id\":\"https:\/\/apuntesdesanluis.com\/#\/schema\/person\/b55151d52296fcce64d1a72538a70b90\",\"name\":\"apuntesdesanluis.com\",\"image\":{\"@type\":\"ImageObject\",\"inLanguage\":\"es-AR\",\"@id\":\"https:\/\/apuntesdesanluis.com\/#\/schema\/person\/image\/\",\"url\":\"https:\/\/apuntesdesanluis.com\/wp-content\/uploads\/2023\/07\/cropped-apuntesdesanluis.png\",\"contentUrl\":\"https:\/\/apuntesdesanluis.com\/wp-content\/uploads\/2023\/07\/cropped-apuntesdesanluis.png\",\"width\":450,\"height\":112,\"caption\":\"apuntesdesanluis.com\"},\"logo\":{\"@id\":\"https:\/\/apuntesdesanluis.com\/#\/schema\/person\/image\/\"},\"sameAs\":[\"https:\/\/apuntesdesanluis.com\"],\"url\":\"https:\/\/apuntesdesanluis.com\/index.php\/author\/apuntesdesanluis-com\/\"}]}<\/script>\n<!-- \/ Yoast SEO plugin. -->","yoast_head_json":{"title":"BULLRICH DIJO QUE VA A ENTRAR CON UNA C\u00c1MARA AL CENTRAL A BUSCAR LAS RESERVAS Y MILEI LA TRAT\u00d3 DE \"BESTIA\" - Apuntes de San Luis","robots":{"index":"index","follow":"follow","max-snippet":"max-snippet:-1","max-image-preview":"max-image-preview:large","max-video-preview":"max-video-preview:-1"},"canonical":"https:\/\/apuntesdesanluis.com\/index.php\/2023\/08\/01\/bullrich-dijo-que-va-a-entrar-con-una-camara-al-central-a-buscar-las-reservas-y-milei-la-trato-de-bestia\/","og_locale":"es_ES","og_type":"article","og_title":"BULLRICH DIJO QUE VA A ENTRAR CON UNA C\u00c1MARA AL CENTRAL A BUSCAR LAS RESERVAS Y MILEI LA TRAT\u00d3 DE \"BESTIA\" - Apuntes de San Luis","og_description":"En el mercado y las redes sociales se le rieron a Bullrich por creer que...","og_url":"https:\/\/apuntesdesanluis.com\/index.php\/2023\/08\/01\/bullrich-dijo-que-va-a-entrar-con-una-camara-al-central-a-buscar-las-reservas-y-milei-la-trato-de-bestia\/","og_site_name":"Apuntes de San Luis","article_published_time":"2023-08-02T00:25:13+00:00","og_image":[{"width":907,"height":594,"url":"https:\/\/apuntesdesanluis.com\/wp-content\/uploads\/2023\/08\/BULLRICH.png","type":"image\/png"}],"author":"apuntesdesanluis.com","twitter_card":"summary_large_image","twitter_misc":{"Escrito por":"apuntesdesanluis.com","Tiempo de lectura":"3 minutos"},"schema":{"@context":"https:\/\/schema.org","@graph":[{"@type":"Article","@id":"https:\/\/apuntesdesanluis.com\/index.php\/2023\/08\/01\/bullrich-dijo-que-va-a-entrar-con-una-camara-al-central-a-buscar-las-reservas-y-milei-la-trato-de-bestia\/#article","isPartOf":{"@id":"https:\/\/apuntesdesanluis.com\/index.php\/2023\/08\/01\/bullrich-dijo-que-va-a-entrar-con-una-camara-al-central-a-buscar-las-reservas-y-milei-la-trato-de-bestia\/"},"author":{"name":"apuntesdesanluis.com","@id":"https:\/\/apuntesdesanluis.com\/#\/schema\/person\/b55151d52296fcce64d1a72538a70b90"},"headline":"BULLRICH DIJO QUE VA A ENTRAR CON UNA C\u00c1MARA AL CENTRAL A BUSCAR LAS RESERVAS Y MILEI LA TRAT\u00d3 DE &#8220;BESTIA&#8221;","datePublished":"2023-08-02T00:25:13+00:00","mainEntityOfPage":{"@id":"https:\/\/apuntesdesanluis.com\/index.php\/2023\/08\/01\/bullrich-dijo-que-va-a-entrar-con-una-camara-al-central-a-buscar-las-reservas-y-milei-la-trato-de-bestia\/"},"wordCount":518,"publisher":{"@id":"https:\/\/apuntesdesanluis.com\/#\/schema\/person\/b55151d52296fcce64d1a72538a70b90"},"image":{"@id":"https:\/\/apuntesdesanluis.com\/index.php\/2023\/08\/01\/bullrich-dijo-que-va-a-entrar-con-una-camara-al-central-a-buscar-las-reservas-y-milei-la-trato-de-bestia\/#primaryimage"},"thumbnailUrl":"https:\/\/apuntesdesanluis.com\/wp-content\/uploads\/2023\/08\/BULLRICH.png","articleSection":["Nacionales\/Internacionales"],"inLanguage":"es-AR"},{"@type":"WebPage","@id":"https:\/\/apuntesdesanluis.com\/index.php\/2023\/08\/01\/bullrich-dijo-que-va-a-entrar-con-una-camara-al-central-a-buscar-las-reservas-y-milei-la-trato-de-bestia\/","url":"https:\/\/apuntesdesanluis.com\/index.php\/2023\/08\/01\/bullrich-dijo-que-va-a-entrar-con-una-camara-al-central-a-buscar-las-reservas-y-milei-la-trato-de-bestia\/","name":"BULLRICH DIJO QUE VA A ENTRAR CON UNA C\u00c1MARA AL CENTRAL A BUSCAR LAS RESERVAS Y MILEI LA TRAT\u00d3 DE \"BESTIA\" - Apuntes de San Luis","isPartOf":{"@id":"https:\/\/apuntesdesanluis.com\/#website"},"primaryImageOfPage":{"@id":"https:\/\/apuntesdesanluis.com\/index.php\/2023\/08\/01\/bullrich-dijo-que-va-a-entrar-con-una-camara-al-central-a-buscar-las-reservas-y-milei-la-trato-de-bestia\/#primaryimage"},"image":{"@id":"https:\/\/apuntesdesanluis.com\/index.php\/2023\/08\/01\/bullrich-dijo-que-va-a-entrar-con-una-camara-al-central-a-buscar-las-reservas-y-milei-la-trato-de-bestia\/#primaryimage"},"thumbnailUrl":"https:\/\/apuntesdesanluis.com\/wp-content\/uploads\/2023\/08\/BULLRICH.png","datePublished":"2023-08-02T00:25:13+00:00","breadcrumb":{"@id":"https:\/\/apuntesdesanluis.com\/index.php\/2023\/08\/01\/bullrich-dijo-que-va-a-entrar-con-una-camara-al-central-a-buscar-las-reservas-y-milei-la-trato-de-bestia\/#breadcrumb"},"inLanguage":"es-AR","potentialAction":[{"@type":"ReadAction","target":["https:\/\/apuntesdesanluis.com\/index.php\/2023\/08\/01\/bullrich-dijo-que-va-a-entrar-con-una-camara-al-central-a-buscar-las-reservas-y-milei-la-trato-de-bestia\/"]}]},{"@type":"ImageObject","inLanguage":"es-AR","@id":"https:\/\/apuntesdesanluis.com\/index.php\/2023\/08\/01\/bullrich-dijo-que-va-a-entrar-con-una-camara-al-central-a-buscar-las-reservas-y-milei-la-trato-de-bestia\/#primaryimage","url":"https:\/\/apuntesdesanluis.com\/wp-content\/uploads\/2023\/08\/BULLRICH.png","contentUrl":"https:\/\/apuntesdesanluis.com\/wp-content\/uploads\/2023\/08\/BULLRICH.png","width":907,"height":594},{"@type":"BreadcrumbList","@id":"https:\/\/apuntesdesanluis.com\/index.php\/2023\/08\/01\/bullrich-dijo-que-va-a-entrar-con-una-camara-al-central-a-buscar-las-reservas-y-milei-la-trato-de-bestia\/#breadcrumb","itemListElement":[{"@type":"ListItem","position":1,"name":"Inicio","item":"https:\/\/apuntesdesanluis.com\/"},{"@type":"ListItem","position":2,"name":"BULLRICH DIJO QUE VA A ENTRAR CON UNA C\u00c1MARA AL CENTRAL A BUSCAR LAS RESERVAS Y MILEI LA TRAT\u00d3 DE &#8220;BESTIA&#8221;"}]},{"@type":"WebSite","@id":"https:\/\/apuntesdesanluis.com\/#website","url":"https:\/\/apuntesdesanluis.com\/","name":"Apuntes de San Luis","description":"","publisher":{"@id":"https:\/\/apuntesdesanluis.com\/#\/schema\/person\/b55151d52296fcce64d1a72538a70b90"},"potentialAction":[{"@type":"SearchAction","target":{"@type":"EntryPoint","urlTemplate":"https:\/\/apuntesdesanluis.com\/?s={search_term_string}"},"query-input":{"@type":"PropertyValueSpecification","valueRequired":true,"valueName":"search_term_string"}}],"inLanguage":"es-AR"},{"@type":["Person","Organization"],"@id":"https:\/\/apuntesdesanluis.com\/#\/schema\/person\/b55151d52296fcce64d1a72538a70b90","name":"apuntesdesanluis.com","image":{"@type":"ImageObject","inLanguage":"es-AR","@id":"https:\/\/apuntesdesanluis.com\/#\/schema\/person\/image\/","url":"https:\/\/apuntesdesanluis.com\/wp-content\/uploads\/2023\/07\/cropped-apuntesdesanluis.png","contentUrl":"https:\/\/apuntesdesanluis.com\/wp-content\/uploads\/2023\/07\/cropped-apuntesdesanluis.png","width":450,"height":112,"caption":"apuntesdesanluis.com"},"logo":{"@id":"https:\/\/apuntesdesanluis.com\/#\/schema\/person\/image\/"},"sameAs":["https:\/\/apuntesdesanluis.com"],"url":"https:\/\/apuntesdesanluis.com\/index.php\/author\/apuntesdesanluis-com\/"}]}},"featured_image_urls":{"full":["https:\/\/apuntesdesanluis.com\/wp-content\/uploads\/2023\/08\/BULLRICH.png",907,594,false],"thumbnail":["https:\/\/apuntesdesanluis.com\/wp-content\/uploads\/2023\/08\/BULLRICH-150x150.png",150,150,true],"medium":["https:\/\/apuntesdesanluis.com\/wp-content\/uploads\/2023\/08\/BULLRICH-300x196.png",300,196,true],"medium_large":["https:\/\/apuntesdesanluis.com\/wp-content\/uploads\/2023\/08\/BULLRICH-768x503.png",640,419,true],"large":["https:\/\/apuntesdesanluis.com\/wp-content\/uploads\/2023\/08\/BULLRICH.png",640,419,false],"1536x1536":["https:\/\/apuntesdesanluis.com\/wp-content\/uploads\/2023\/08\/BULLRICH.png",907,594,false],"2048x2048":["https:\/\/apuntesdesanluis.com\/wp-content\/uploads\/2023\/08\/BULLRICH.png",907,594,false],"newsever-slider-full":["https:\/\/apuntesdesanluis.com\/wp-content\/uploads\/2023\/08\/BULLRICH.png",907,594,false],"newsever-featured":["https:\/\/apuntesdesanluis.com\/wp-content\/uploads\/2023\/08\/BULLRICH.png",907,594,false],"newsever-medium":["https:\/\/apuntesdesanluis.com\/wp-content\/uploads\/2023\/08\/BULLRICH-720x475.png",720,475,true]},"author_info":{"display_name":"apuntesdesanluis.com","author_link":"https:\/\/apuntesdesanluis.com\/index.php\/author\/apuntesdesanluis-com\/"},"category_info":"<a href=\"https:\/\/apuntesdesanluis.com\/index.php\/category\/nacionales-internacionales\/\" rel=\"category tag\">Nacionales\/Internacionales<\/a>","tag_info":"Nacionales\/Internacionales","comment_count":"0","_links":{"self":[{"href":"https:\/\/apuntesdesanluis.com\/index.php\/wp-json\/wp\/v2\/posts\/883","targetHints":{"allow":["GET"]}}],"collection":[{"href":"https:\/\/apuntesdesanluis.com\/index.php\/wp-json\/wp\/v2\/posts"}],"about":[{"href":"https:\/\/apuntesdesanluis.com\/index.php\/wp-json\/wp\/v2\/types\/post"}],"author":[{"embeddable":true,"href":"https:\/\/apuntesdesanluis.com\/index.php\/wp-json\/wp\/v2\/users\/1"}],"replies":[{"embeddable":true,"href":"https:\/\/apuntesdesanluis.com\/index.php\/wp-json\/wp\/v2\/comments?post=883"}],"version-history":[{"count":1,"href":"https:\/\/apuntesdesanluis.com\/index.php\/wp-json\/wp\/v2\/posts\/883\/revisions"}],"predecessor-version":[{"id":885,"href":"https:\/\/apuntesdesanluis.com\/index.php\/wp-json\/wp\/v2\/posts\/883\/revisions\/885"}],"wp:featuredmedia":[{"embeddable":true,"href":"https:\/\/apuntesdesanluis.com\/index.php\/wp-json\/wp\/v2\/media\/884"}],"wp:attachment":[{"href":"https:\/\/apuntesdesanluis.com\/index.php\/wp-json\/wp\/v2\/media?parent=883"}],"wp:term":[{"taxonomy":"category","embeddable":true,"href":"https:\/\/apuntesdesanluis.com\/index.php\/wp-json\/wp\/v2\/categories?post=883"},{"taxonomy":"post_tag","embeddable":true,"href":"https:\/\/apuntesdesanluis.com\/index.php\/wp-json\/wp\/v2\/tags?post=883"}],"curies":[{"name":"wp","href":"https:\/\/api.w.org\/{rel}","templated":true}]}}