{"id":8835,"date":"2023-12-21T23:52:22","date_gmt":"2023-12-22T02:52:22","guid":{"rendered":"https:\/\/apuntesdesanluis.com\/?p=8835"},"modified":"2023-12-21T23:53:08","modified_gmt":"2023-12-22T02:53:08","slug":"emotiva-entrega-de-mochilas-tecnicas-a-mas-de-100-estudiantes-de-enfermeria-de-la-unvime","status":"publish","type":"post","link":"https:\/\/apuntesdesanluis.com\/index.php\/2023\/12\/21\/emotiva-entrega-de-mochilas-tecnicas-a-mas-de-100-estudiantes-de-enfermeria-de-la-unvime\/","title":{"rendered":"EMOTIVA ENTREGA DE MOCHILAS T\u00c9CNICAS A M\u00c1S DE 100 ESTUDIANTES DE ENFERMER\u00cdA DE LA UNVIME"},"content":{"rendered":"<h3>El contenido de las mismas incluye elementos esenciales para el diagn\u00f3stico y la curaci\u00f3n de los pacientes. Se entregaron por gesti\u00f3n del Instituto Nacional de Educaci\u00f3n Tecnol\u00f3gica (INET), a trav\u00e9s del Programa Nacional de Formaci\u00f3n de Enfermer\u00eda (PRONAFE).<\/h3>\n<h3>Presidido por el Rector de la universidad, Dr. <strong>Marcelo Sosa<\/strong>, el acto se realiz\u00f3 este jueves 21 a las 10:30 h, en el Aula Magna, oportunidad en que recibieron las mochilas con equipamiento t\u00e9cnico <strong>111 estudiantes de la carrera de Enfermer\u00eda de 2\u00b0, 3\u00b0, 4\u00b0 y 5\u00b0 a\u00f1o<\/strong>, que regularizaron materias obligatorias (no electivas) durante el segundo cuatrimestre de este a\u00f1o.<\/h3>\n<h3><img fetchpriority=\"high\" decoding=\"async\" class=\"wp-image-8837 aligncenter\" src=\"https:\/\/apuntesdesanluis.com\/wp-content\/uploads\/2023\/12\/grupal-2-300x134.png\" alt=\"\" width=\"719\" height=\"321\" srcset=\"https:\/\/apuntesdesanluis.com\/wp-content\/uploads\/2023\/12\/grupal-2-300x134.png 300w, https:\/\/apuntesdesanluis.com\/wp-content\/uploads\/2023\/12\/grupal-2.png 600w\" sizes=\"(max-width: 719px) 100vw, 719px\" \/><\/h3>\n<h3>La entrega fue organizada por la Secretar\u00eda de Asuntos Estudiantiles y Bienestar Universitario, a cargo del Lic. Dami\u00e1n Riera Bauer, quien dirigi\u00e9ndose a los estudiantes resalt\u00f3 el \u201cvalor econ\u00f3mico del equipamiento que reciben hoy, para las pr\u00e1cticas y el trabajo profesional futuro, como tambi\u00e9n el valor social, por el impacto que tiene para la sociedad la funci\u00f3n que ustedes cumplen en cuanto al cuidado de la salud\u201d.<\/h3>\n<h3>El funcionario puso en valor la educaci\u00f3n y la salud p\u00fablicas, que permiten concretar estas acciones, a pesar del dif\u00edcil contexto econ\u00f3mico que atravesamos.<\/h3>\n<h3>Por su parte el Rector invit\u00f3 a una estudiante, Virginia, a que subiera al escenario para describir los distintos elementos de las mochilas, e interactu\u00f3 con los estudiantes presentes, a quienes interrog\u00f3 sobre la utilidad que brindan, entre otros aspectos.<\/h3>\n<h3><img decoding=\"async\" class=\"wp-image-8838 aligncenter\" src=\"https:\/\/apuntesdesanluis.com\/wp-content\/uploads\/2023\/12\/virginia-300x235.png\" alt=\"\" width=\"717\" height=\"562\" srcset=\"https:\/\/apuntesdesanluis.com\/wp-content\/uploads\/2023\/12\/virginia-300x235.png 300w, https:\/\/apuntesdesanluis.com\/wp-content\/uploads\/2023\/12\/virginia.png 605w\" sizes=\"(max-width: 717px) 100vw, 717px\" \/><\/h3>\n<h3>Luego comparti\u00f3 una an\u00e9cdota: \u201cEn tiempos de pandemia acompa\u00f1\u00e9 a mi madre a vacunarse. Y yo tambi\u00e9n lo hice. Me sent\u00e9 a esperar mi turno, vino una enfermera, y sin que me diera cuenta ya me hab\u00eda colocado la vacuna. Le pregunt\u00e9 si realmente me hab\u00eda vacunado, porque no sent\u00ed nada. Entonces le pregunt\u00e9 qu\u00e9 hac\u00eda, d\u00f3nde trabajaba y todo eso, y me contest\u00f3 que era enfermera recibida en la UNViMe y estaba estudiando la Licenciatura. Me puso muy contento y orgulloso. Ese es el nivel de nuestros egresados\u201d, afirm\u00f3.<\/h3>\n<h3>Finalmente expres\u00f3 su \u201cenorme felicidad por este momento, porque la universidad p\u00fablica pueda colaborar y ayudarlos\u201d, al tiempo que los felicit\u00f3 y alent\u00f3 para que contin\u00faen con su esfuerzo para convertirse en profesionales.<\/h3>\n<h3>Posteriormente se invit\u00f3 a los estudiantes a recibir su mochila, que fueron entregadas por el Rector y el titular de la SAEBU, junto con el Vicerrector Santiago Farenga, la Directora de Escuela de Ciencias de la Salud, Vanesa Cassano; la Directora del Departamento de Ciencias B\u00e1sicas, Elvira Quiroga; el Secretario Acad\u00e9mico y de Posgrado, Enrique Chiesa; las profesoras de la ECS, Paola Mu\u00f1oz y Susana Elcontar; los Consejeros Superiores y Estudiantes de Enfermer\u00eda, Virginia Toledo y Mauricio Marveggio; y la estudiante del Profesorado de Educaci\u00f3n Primaria y responsable del \u00e1rea de Promoci\u00f3n de Carreras, Romina Su\u00e1rez.<\/h3>\n<p><iframe title=\"Entrega de Mochilas T\u00e9cnicas para estudiantes de Enfermer\u00eda\" width=\"640\" height=\"360\" src=\"https:\/\/www.youtube.com\/embed\/6v3NjwjOF1Q?feature=oembed\" frameborder=\"0\" allow=\"accelerometer; autoplay; clipboard-write; encrypted-media; gyroscope; picture-in-picture; web-share\" referrerpolicy=\"strict-origin-when-cross-origin\" allowfullscreen><\/iframe><\/p>\n<h3>PRONAFE<\/h3>\n<h3>El sostenimiento de esta pol\u00edtica p\u00fablica a trav\u00e9s del PRONAFE en el tiempo, ha permitido fortalecer las trayectorias educativas, mejorar el egreso y aumentar en 100.000 nuevos enfermeros y enfermeras calificados para la fuerza de trabajo del sistema de salud de la Argentina, entre 2011 y 2022.<\/h3>\n<h3>\u00abHoy la UNViMe ratifica su compromiso de continuar fortaleciendo las trayectorias estudiantiles de todos sus alumnos, facilitando mediante diversas gestiones aquellos elementos necesarios para contribuir a m\u00e1s y mejores pr\u00e1cticas profesionalizantes, procurando la permanencia y egreso de sus estudiantes\u201d, se\u00f1al\u00f3 el rector al concluir el acto.<\/h3>\n<h3>Tambi\u00e9n agradeci\u00f3 y reconoci\u00f3 el esfuerzo \u201cde todos los actores que intervinieron en distintas etapas para poder obtener y concretar la entrega de este importante equipamiento\u201d.<\/h3>\n<h3>KIT DE ELEMENTOS<\/h3>\n<h3>Cada mochila contiene estetoscopios; un term\u00f3metro cl\u00ednico digital; un ox\u00edmetro de pulso autocontenido; una linterna cl\u00ednica; un reloj anal\u00f3gico con segundero; un lazo hemost\u00e1tico para la extracci\u00f3n de sangre; anteojos de seguridad; una tijera de Lister para cortar vendas y ropa; guantes de examinaci\u00f3n de l\u00e1tex; un descartador de agujas de bolsillo; un tensi\u00f3metro para adultos y ni\u00f1os; una cinta obst\u00e9trica; una cinta para per\u00edmetro cef\u00e1lico; una caja de curaciones completa; entre otros elementos, adem\u00e1s de la mochila misma.<\/h3>\n<h3>Todos estos elementos son de calidad, perdurables y se podr\u00e1n seguir utilizando incluso una vez terminado el estudio.<\/h3>\n<p>&nbsp;<\/p>\n<p><iframe title=\"#UNViMe Informa - Rector y Vicerector en la entrega de Mochilas T\u00e9cnicas para estudiantes de Enf.\" width=\"640\" height=\"360\" src=\"https:\/\/www.youtube.com\/embed\/ivvHfEDutvw?feature=oembed\" frameborder=\"0\" allow=\"accelerometer; autoplay; clipboard-write; encrypted-media; gyroscope; picture-in-picture; web-share\" referrerpolicy=\"strict-origin-when-cross-origin\" allowfullscreen><\/iframe><\/p>\n<p>&nbsp;<\/p>\n<p>&nbsp;<\/p>\n<p>&nbsp;<\/p>\n<p>&nbsp;<\/p>\n","protected":false},"excerpt":{"rendered":"<p>El contenido de las mismas incluye elementos esenciales para el diagn\u00f3stico y la curaci\u00f3n de&#8230;<\/p>\n","protected":false},"author":1,"featured_media":8836,"comment_status":"closed","ping_status":"closed","sticky":false,"template":"","format":"standard","meta":{"footnotes":""},"categories":[6],"tags":[],"class_list":["post-8835","post","type-post","status-publish","format-standard","has-post-thumbnail","hentry","category-ciudad-provincia"],"yoast_head":"<!-- This site is optimized with the Yoast SEO plugin v26.1.1 - https:\/\/yoast.com\/wordpress\/plugins\/seo\/ -->\n<title>EMOTIVA ENTREGA DE MOCHILAS T\u00c9CNICAS A M\u00c1S DE 100 ESTUDIANTES DE ENFERMER\u00cdA DE LA UNVIME - Apuntes de San Luis<\/title>\n<meta name=\"robots\" content=\"index, follow, max-snippet:-1, max-image-preview:large, max-video-preview:-1\" \/>\n<link rel=\"canonical\" href=\"https:\/\/apuntesdesanluis.com\/index.php\/2023\/12\/21\/emotiva-entrega-de-mochilas-tecnicas-a-mas-de-100-estudiantes-de-enfermeria-de-la-unvime\/\" \/>\n<meta property=\"og:locale\" content=\"es_ES\" \/>\n<meta property=\"og:type\" content=\"article\" \/>\n<meta property=\"og:title\" content=\"EMOTIVA ENTREGA DE MOCHILAS T\u00c9CNICAS A M\u00c1S DE 100 ESTUDIANTES DE ENFERMER\u00cdA DE LA UNVIME - Apuntes de San Luis\" \/>\n<meta property=\"og:description\" content=\"El contenido de las mismas incluye elementos esenciales para el diagn\u00f3stico y la curaci\u00f3n de...\" \/>\n<meta property=\"og:url\" content=\"https:\/\/apuntesdesanluis.com\/index.php\/2023\/12\/21\/emotiva-entrega-de-mochilas-tecnicas-a-mas-de-100-estudiantes-de-enfermeria-de-la-unvime\/\" \/>\n<meta property=\"og:site_name\" content=\"Apuntes de San Luis\" \/>\n<meta property=\"article:published_time\" content=\"2023-12-22T02:52:22+00:00\" \/>\n<meta property=\"article:modified_time\" content=\"2023-12-22T02:53:08+00:00\" \/>\n<meta property=\"og:image\" content=\"https:\/\/apuntesdesanluis.com\/wp-content\/uploads\/2023\/12\/entrega.png\" \/>\n\t<meta property=\"og:image:width\" content=\"600\" \/>\n\t<meta property=\"og:image:height\" content=\"305\" \/>\n\t<meta property=\"og:image:type\" content=\"image\/png\" \/>\n<meta name=\"author\" content=\"apuntesdesanluis.com\" \/>\n<meta name=\"twitter:card\" content=\"summary_large_image\" \/>\n<meta name=\"twitter:label1\" content=\"Escrito por\" \/>\n\t<meta name=\"twitter:data1\" content=\"apuntesdesanluis.com\" \/>\n\t<meta name=\"twitter:label2\" content=\"Tiempo de lectura\" \/>\n\t<meta name=\"twitter:data2\" content=\"4 minutos\" \/>\n<script type=\"application\/ld+json\" class=\"yoast-schema-graph\">{\"@context\":\"https:\/\/schema.org\",\"@graph\":[{\"@type\":\"Article\",\"@id\":\"https:\/\/apuntesdesanluis.com\/index.php\/2023\/12\/21\/emotiva-entrega-de-mochilas-tecnicas-a-mas-de-100-estudiantes-de-enfermeria-de-la-unvime\/#article\",\"isPartOf\":{\"@id\":\"https:\/\/apuntesdesanluis.com\/index.php\/2023\/12\/21\/emotiva-entrega-de-mochilas-tecnicas-a-mas-de-100-estudiantes-de-enfermeria-de-la-unvime\/\"},\"author\":{\"name\":\"apuntesdesanluis.com\",\"@id\":\"https:\/\/apuntesdesanluis.com\/#\/schema\/person\/b55151d52296fcce64d1a72538a70b90\"},\"headline\":\"EMOTIVA ENTREGA DE MOCHILAS T\u00c9CNICAS A M\u00c1S DE 100 ESTUDIANTES DE ENFERMER\u00cdA DE LA UNVIME\",\"datePublished\":\"2023-12-22T02:52:22+00:00\",\"dateModified\":\"2023-12-22T02:53:08+00:00\",\"mainEntityOfPage\":{\"@id\":\"https:\/\/apuntesdesanluis.com\/index.php\/2023\/12\/21\/emotiva-entrega-de-mochilas-tecnicas-a-mas-de-100-estudiantes-de-enfermeria-de-la-unvime\/\"},\"wordCount\":756,\"publisher\":{\"@id\":\"https:\/\/apuntesdesanluis.com\/#\/schema\/person\/b55151d52296fcce64d1a72538a70b90\"},\"image\":{\"@id\":\"https:\/\/apuntesdesanluis.com\/index.php\/2023\/12\/21\/emotiva-entrega-de-mochilas-tecnicas-a-mas-de-100-estudiantes-de-enfermeria-de-la-unvime\/#primaryimage\"},\"thumbnailUrl\":\"https:\/\/apuntesdesanluis.com\/wp-content\/uploads\/2023\/12\/entrega.png\",\"articleSection\":[\"Ciudad\/Provincia\"],\"inLanguage\":\"es-AR\"},{\"@type\":\"WebPage\",\"@id\":\"https:\/\/apuntesdesanluis.com\/index.php\/2023\/12\/21\/emotiva-entrega-de-mochilas-tecnicas-a-mas-de-100-estudiantes-de-enfermeria-de-la-unvime\/\",\"url\":\"https:\/\/apuntesdesanluis.com\/index.php\/2023\/12\/21\/emotiva-entrega-de-mochilas-tecnicas-a-mas-de-100-estudiantes-de-enfermeria-de-la-unvime\/\",\"name\":\"EMOTIVA ENTREGA DE MOCHILAS T\u00c9CNICAS A M\u00c1S DE 100 ESTUDIANTES DE ENFERMER\u00cdA DE LA UNVIME - Apuntes de San Luis\",\"isPartOf\":{\"@id\":\"https:\/\/apuntesdesanluis.com\/#website\"},\"primaryImageOfPage\":{\"@id\":\"https:\/\/apuntesdesanluis.com\/index.php\/2023\/12\/21\/emotiva-entrega-de-mochilas-tecnicas-a-mas-de-100-estudiantes-de-enfermeria-de-la-unvime\/#primaryimage\"},\"image\":{\"@id\":\"https:\/\/apuntesdesanluis.com\/index.php\/2023\/12\/21\/emotiva-entrega-de-mochilas-tecnicas-a-mas-de-100-estudiantes-de-enfermeria-de-la-unvime\/#primaryimage\"},\"thumbnailUrl\":\"https:\/\/apuntesdesanluis.com\/wp-content\/uploads\/2023\/12\/entrega.png\",\"datePublished\":\"2023-12-22T02:52:22+00:00\",\"dateModified\":\"2023-12-22T02:53:08+00:00\",\"breadcrumb\":{\"@id\":\"https:\/\/apuntesdesanluis.com\/index.php\/2023\/12\/21\/emotiva-entrega-de-mochilas-tecnicas-a-mas-de-100-estudiantes-de-enfermeria-de-la-unvime\/#breadcrumb\"},\"inLanguage\":\"es-AR\",\"potentialAction\":[{\"@type\":\"ReadAction\",\"target\":[\"https:\/\/apuntesdesanluis.com\/index.php\/2023\/12\/21\/emotiva-entrega-de-mochilas-tecnicas-a-mas-de-100-estudiantes-de-enfermeria-de-la-unvime\/\"]}]},{\"@type\":\"ImageObject\",\"inLanguage\":\"es-AR\",\"@id\":\"https:\/\/apuntesdesanluis.com\/index.php\/2023\/12\/21\/emotiva-entrega-de-mochilas-tecnicas-a-mas-de-100-estudiantes-de-enfermeria-de-la-unvime\/#primaryimage\",\"url\":\"https:\/\/apuntesdesanluis.com\/wp-content\/uploads\/2023\/12\/entrega.png\",\"contentUrl\":\"https:\/\/apuntesdesanluis.com\/wp-content\/uploads\/2023\/12\/entrega.png\",\"width\":600,\"height\":305},{\"@type\":\"BreadcrumbList\",\"@id\":\"https:\/\/apuntesdesanluis.com\/index.php\/2023\/12\/21\/emotiva-entrega-de-mochilas-tecnicas-a-mas-de-100-estudiantes-de-enfermeria-de-la-unvime\/#breadcrumb\",\"itemListElement\":[{\"@type\":\"ListItem\",\"position\":1,\"name\":\"Inicio\",\"item\":\"https:\/\/apuntesdesanluis.com\/\"},{\"@type\":\"ListItem\",\"position\":2,\"name\":\"EMOTIVA ENTREGA DE MOCHILAS T\u00c9CNICAS A M\u00c1S DE 100 ESTUDIANTES DE ENFERMER\u00cdA DE LA UNVIME\"}]},{\"@type\":\"WebSite\",\"@id\":\"https:\/\/apuntesdesanluis.com\/#website\",\"url\":\"https:\/\/apuntesdesanluis.com\/\",\"name\":\"Apuntes de San Luis\",\"description\":\"\",\"publisher\":{\"@id\":\"https:\/\/apuntesdesanluis.com\/#\/schema\/person\/b55151d52296fcce64d1a72538a70b90\"},\"potentialAction\":[{\"@type\":\"SearchAction\",\"target\":{\"@type\":\"EntryPoint\",\"urlTemplate\":\"https:\/\/apuntesdesanluis.com\/?s={search_term_string}\"},\"query-input\":{\"@type\":\"PropertyValueSpecification\",\"valueRequired\":true,\"valueName\":\"search_term_string\"}}],\"inLanguage\":\"es-AR\"},{\"@type\":[\"Person\",\"Organization\"],\"@id\":\"https:\/\/apuntesdesanluis.com\/#\/schema\/person\/b55151d52296fcce64d1a72538a70b90\",\"name\":\"apuntesdesanluis.com\",\"image\":{\"@type\":\"ImageObject\",\"inLanguage\":\"es-AR\",\"@id\":\"https:\/\/apuntesdesanluis.com\/#\/schema\/person\/image\/\",\"url\":\"https:\/\/apuntesdesanluis.com\/wp-content\/uploads\/2023\/07\/cropped-apuntesdesanluis.png\",\"contentUrl\":\"https:\/\/apuntesdesanluis.com\/wp-content\/uploads\/2023\/07\/cropped-apuntesdesanluis.png\",\"width\":450,\"height\":112,\"caption\":\"apuntesdesanluis.com\"},\"logo\":{\"@id\":\"https:\/\/apuntesdesanluis.com\/#\/schema\/person\/image\/\"},\"sameAs\":[\"https:\/\/apuntesdesanluis.com\"],\"url\":\"https:\/\/apuntesdesanluis.com\/index.php\/author\/apuntesdesanluis-com\/\"}]}<\/script>\n<!-- \/ Yoast SEO plugin. -->","yoast_head_json":{"title":"EMOTIVA ENTREGA DE MOCHILAS T\u00c9CNICAS A M\u00c1S DE 100 ESTUDIANTES DE ENFERMER\u00cdA DE LA UNVIME - Apuntes de San Luis","robots":{"index":"index","follow":"follow","max-snippet":"max-snippet:-1","max-image-preview":"max-image-preview:large","max-video-preview":"max-video-preview:-1"},"canonical":"https:\/\/apuntesdesanluis.com\/index.php\/2023\/12\/21\/emotiva-entrega-de-mochilas-tecnicas-a-mas-de-100-estudiantes-de-enfermeria-de-la-unvime\/","og_locale":"es_ES","og_type":"article","og_title":"EMOTIVA ENTREGA DE MOCHILAS T\u00c9CNICAS A M\u00c1S DE 100 ESTUDIANTES DE ENFERMER\u00cdA DE LA UNVIME - Apuntes de San Luis","og_description":"El contenido de las mismas incluye elementos esenciales para el diagn\u00f3stico y la curaci\u00f3n de...","og_url":"https:\/\/apuntesdesanluis.com\/index.php\/2023\/12\/21\/emotiva-entrega-de-mochilas-tecnicas-a-mas-de-100-estudiantes-de-enfermeria-de-la-unvime\/","og_site_name":"Apuntes de San Luis","article_published_time":"2023-12-22T02:52:22+00:00","article_modified_time":"2023-12-22T02:53:08+00:00","og_image":[{"width":600,"height":305,"url":"https:\/\/apuntesdesanluis.com\/wp-content\/uploads\/2023\/12\/entrega.png","type":"image\/png"}],"author":"apuntesdesanluis.com","twitter_card":"summary_large_image","twitter_misc":{"Escrito por":"apuntesdesanluis.com","Tiempo de lectura":"4 minutos"},"schema":{"@context":"https:\/\/schema.org","@graph":[{"@type":"Article","@id":"https:\/\/apuntesdesanluis.com\/index.php\/2023\/12\/21\/emotiva-entrega-de-mochilas-tecnicas-a-mas-de-100-estudiantes-de-enfermeria-de-la-unvime\/#article","isPartOf":{"@id":"https:\/\/apuntesdesanluis.com\/index.php\/2023\/12\/21\/emotiva-entrega-de-mochilas-tecnicas-a-mas-de-100-estudiantes-de-enfermeria-de-la-unvime\/"},"author":{"name":"apuntesdesanluis.com","@id":"https:\/\/apuntesdesanluis.com\/#\/schema\/person\/b55151d52296fcce64d1a72538a70b90"},"headline":"EMOTIVA ENTREGA DE MOCHILAS T\u00c9CNICAS A M\u00c1S DE 100 ESTUDIANTES DE ENFERMER\u00cdA DE LA UNVIME","datePublished":"2023-12-22T02:52:22+00:00","dateModified":"2023-12-22T02:53:08+00:00","mainEntityOfPage":{"@id":"https:\/\/apuntesdesanluis.com\/index.php\/2023\/12\/21\/emotiva-entrega-de-mochilas-tecnicas-a-mas-de-100-estudiantes-de-enfermeria-de-la-unvime\/"},"wordCount":756,"publisher":{"@id":"https:\/\/apuntesdesanluis.com\/#\/schema\/person\/b55151d52296fcce64d1a72538a70b90"},"image":{"@id":"https:\/\/apuntesdesanluis.com\/index.php\/2023\/12\/21\/emotiva-entrega-de-mochilas-tecnicas-a-mas-de-100-estudiantes-de-enfermeria-de-la-unvime\/#primaryimage"},"thumbnailUrl":"https:\/\/apuntesdesanluis.com\/wp-content\/uploads\/2023\/12\/entrega.png","articleSection":["Ciudad\/Provincia"],"inLanguage":"es-AR"},{"@type":"WebPage","@id":"https:\/\/apuntesdesanluis.com\/index.php\/2023\/12\/21\/emotiva-entrega-de-mochilas-tecnicas-a-mas-de-100-estudiantes-de-enfermeria-de-la-unvime\/","url":"https:\/\/apuntesdesanluis.com\/index.php\/2023\/12\/21\/emotiva-entrega-de-mochilas-tecnicas-a-mas-de-100-estudiantes-de-enfermeria-de-la-unvime\/","name":"EMOTIVA ENTREGA DE MOCHILAS T\u00c9CNICAS A M\u00c1S DE 100 ESTUDIANTES DE ENFERMER\u00cdA DE LA UNVIME - Apuntes de San Luis","isPartOf":{"@id":"https:\/\/apuntesdesanluis.com\/#website"},"primaryImageOfPage":{"@id":"https:\/\/apuntesdesanluis.com\/index.php\/2023\/12\/21\/emotiva-entrega-de-mochilas-tecnicas-a-mas-de-100-estudiantes-de-enfermeria-de-la-unvime\/#primaryimage"},"image":{"@id":"https:\/\/apuntesdesanluis.com\/index.php\/2023\/12\/21\/emotiva-entrega-de-mochilas-tecnicas-a-mas-de-100-estudiantes-de-enfermeria-de-la-unvime\/#primaryimage"},"thumbnailUrl":"https:\/\/apuntesdesanluis.com\/wp-content\/uploads\/2023\/12\/entrega.png","datePublished":"2023-12-22T02:52:22+00:00","dateModified":"2023-12-22T02:53:08+00:00","breadcrumb":{"@id":"https:\/\/apuntesdesanluis.com\/index.php\/2023\/12\/21\/emotiva-entrega-de-mochilas-tecnicas-a-mas-de-100-estudiantes-de-enfermeria-de-la-unvime\/#breadcrumb"},"inLanguage":"es-AR","potentialAction":[{"@type":"ReadAction","target":["https:\/\/apuntesdesanluis.com\/index.php\/2023\/12\/21\/emotiva-entrega-de-mochilas-tecnicas-a-mas-de-100-estudiantes-de-enfermeria-de-la-unvime\/"]}]},{"@type":"ImageObject","inLanguage":"es-AR","@id":"https:\/\/apuntesdesanluis.com\/index.php\/2023\/12\/21\/emotiva-entrega-de-mochilas-tecnicas-a-mas-de-100-estudiantes-de-enfermeria-de-la-unvime\/#primaryimage","url":"https:\/\/apuntesdesanluis.com\/wp-content\/uploads\/2023\/12\/entrega.png","contentUrl":"https:\/\/apuntesdesanluis.com\/wp-content\/uploads\/2023\/12\/entrega.png","width":600,"height":305},{"@type":"BreadcrumbList","@id":"https:\/\/apuntesdesanluis.com\/index.php\/2023\/12\/21\/emotiva-entrega-de-mochilas-tecnicas-a-mas-de-100-estudiantes-de-enfermeria-de-la-unvime\/#breadcrumb","itemListElement":[{"@type":"ListItem","position":1,"name":"Inicio","item":"https:\/\/apuntesdesanluis.com\/"},{"@type":"ListItem","position":2,"name":"EMOTIVA ENTREGA DE MOCHILAS T\u00c9CNICAS A M\u00c1S DE 100 ESTUDIANTES DE ENFERMER\u00cdA DE LA UNVIME"}]},{"@type":"WebSite","@id":"https:\/\/apuntesdesanluis.com\/#website","url":"https:\/\/apuntesdesanluis.com\/","name":"Apuntes de San Luis","description":"","publisher":{"@id":"https:\/\/apuntesdesanluis.com\/#\/schema\/person\/b55151d52296fcce64d1a72538a70b90"},"potentialAction":[{"@type":"SearchAction","target":{"@type":"EntryPoint","urlTemplate":"https:\/\/apuntesdesanluis.com\/?s={search_term_string}"},"query-input":{"@type":"PropertyValueSpecification","valueRequired":true,"valueName":"search_term_string"}}],"inLanguage":"es-AR"},{"@type":["Person","Organization"],"@id":"https:\/\/apuntesdesanluis.com\/#\/schema\/person\/b55151d52296fcce64d1a72538a70b90","name":"apuntesdesanluis.com","image":{"@type":"ImageObject","inLanguage":"es-AR","@id":"https:\/\/apuntesdesanluis.com\/#\/schema\/person\/image\/","url":"https:\/\/apuntesdesanluis.com\/wp-content\/uploads\/2023\/07\/cropped-apuntesdesanluis.png","contentUrl":"https:\/\/apuntesdesanluis.com\/wp-content\/uploads\/2023\/07\/cropped-apuntesdesanluis.png","width":450,"height":112,"caption":"apuntesdesanluis.com"},"logo":{"@id":"https:\/\/apuntesdesanluis.com\/#\/schema\/person\/image\/"},"sameAs":["https:\/\/apuntesdesanluis.com"],"url":"https:\/\/apuntesdesanluis.com\/index.php\/author\/apuntesdesanluis-com\/"}]}},"featured_image_urls":{"full":["https:\/\/apuntesdesanluis.com\/wp-content\/uploads\/2023\/12\/entrega.png",600,305,false],"thumbnail":["https:\/\/apuntesdesanluis.com\/wp-content\/uploads\/2023\/12\/entrega-150x150.png",150,150,true],"medium":["https:\/\/apuntesdesanluis.com\/wp-content\/uploads\/2023\/12\/entrega-300x153.png",300,153,true],"medium_large":["https:\/\/apuntesdesanluis.com\/wp-content\/uploads\/2023\/12\/entrega.png",600,305,false],"large":["https:\/\/apuntesdesanluis.com\/wp-content\/uploads\/2023\/12\/entrega.png",600,305,false],"1536x1536":["https:\/\/apuntesdesanluis.com\/wp-content\/uploads\/2023\/12\/entrega.png",600,305,false],"2048x2048":["https:\/\/apuntesdesanluis.com\/wp-content\/uploads\/2023\/12\/entrega.png",600,305,false],"newsever-slider-full":["https:\/\/apuntesdesanluis.com\/wp-content\/uploads\/2023\/12\/entrega.png",600,305,false],"newsever-featured":["https:\/\/apuntesdesanluis.com\/wp-content\/uploads\/2023\/12\/entrega.png",600,305,false],"newsever-medium":["https:\/\/apuntesdesanluis.com\/wp-content\/uploads\/2023\/12\/entrega.png",600,305,false]},"author_info":{"display_name":"apuntesdesanluis.com","author_link":"https:\/\/apuntesdesanluis.com\/index.php\/author\/apuntesdesanluis-com\/"},"category_info":"<a href=\"https:\/\/apuntesdesanluis.com\/index.php\/category\/ciudad-provincia\/\" rel=\"category tag\">Ciudad\/Provincia<\/a>","tag_info":"Ciudad\/Provincia","comment_count":"0","_links":{"self":[{"href":"https:\/\/apuntesdesanluis.com\/index.php\/wp-json\/wp\/v2\/posts\/8835","targetHints":{"allow":["GET"]}}],"collection":[{"href":"https:\/\/apuntesdesanluis.com\/index.php\/wp-json\/wp\/v2\/posts"}],"about":[{"href":"https:\/\/apuntesdesanluis.com\/index.php\/wp-json\/wp\/v2\/types\/post"}],"author":[{"embeddable":true,"href":"https:\/\/apuntesdesanluis.com\/index.php\/wp-json\/wp\/v2\/users\/1"}],"replies":[{"embeddable":true,"href":"https:\/\/apuntesdesanluis.com\/index.php\/wp-json\/wp\/v2\/comments?post=8835"}],"version-history":[{"count":2,"href":"https:\/\/apuntesdesanluis.com\/index.php\/wp-json\/wp\/v2\/posts\/8835\/revisions"}],"predecessor-version":[{"id":8840,"href":"https:\/\/apuntesdesanluis.com\/index.php\/wp-json\/wp\/v2\/posts\/8835\/revisions\/8840"}],"wp:featuredmedia":[{"embeddable":true,"href":"https:\/\/apuntesdesanluis.com\/index.php\/wp-json\/wp\/v2\/media\/8836"}],"wp:attachment":[{"href":"https:\/\/apuntesdesanluis.com\/index.php\/wp-json\/wp\/v2\/media?parent=8835"}],"wp:term":[{"taxonomy":"category","embeddable":true,"href":"https:\/\/apuntesdesanluis.com\/index.php\/wp-json\/wp\/v2\/categories?post=8835"},{"taxonomy":"post_tag","embeddable":true,"href":"https:\/\/apuntesdesanluis.com\/index.php\/wp-json\/wp\/v2\/tags?post=8835"}],"curies":[{"name":"wp","href":"https:\/\/api.w.org\/{rel}","templated":true}]}}