{"id":8841,"date":"2023-12-21T23:59:39","date_gmt":"2023-12-22T02:59:39","guid":{"rendered":"https:\/\/apuntesdesanluis.com\/?p=8841"},"modified":"2023-12-22T00:01:01","modified_gmt":"2023-12-22T03:01:01","slug":"el-gobierno-debera-cubrir-millonarios-gastos-por-el-incendio-en-la-zona-franca","status":"publish","type":"post","link":"https:\/\/apuntesdesanluis.com\/index.php\/2023\/12\/21\/el-gobierno-debera-cubrir-millonarios-gastos-por-el-incendio-en-la-zona-franca\/","title":{"rendered":"EL GOBIERNO DEBER\u00c1 CUBRIR MILLONARIOS GASTOS POR EL INCENDIO EN LA ZONA FRANCA JUSTO DARACT"},"content":{"rendered":"<h3>Se debe a la baja prima de cobertura que hab\u00eda contratado la gesti\u00f3n anterior. Las p\u00e9rdidas fueron totales y ahora los bomberos de la provincia est\u00e1n peritando el galp\u00f3n. Van a repasar las im\u00e1genes de las c\u00e1maras de seguridad. Entre los elementos que se perdieron figuran una camioneta de la AFIP y dos autoelevadores de la provincia.<\/h3>\n<h3>El incendio ocurri\u00f3 de madrugada, a las 3.30 del pasado 20 de diciembre y no dio tiempo a nada. En cuesti\u00f3n de minutos, el Galp\u00f3n 3 del predio de la Zona Franca de Justo Daract ardi\u00f3 y las llamas arrasaron con toda la mercader\u00eda que hab\u00edan almacenado algunas empresas, lista para importar.<\/h3>\n<h3>El problema para el nuevo gobierno de San Luis comenz\u00f3 cuando fueron a ver en cu\u00e1nto estaban aseguradas las cosas. All\u00ed se dieron cuenta de que la prima arreglada por la gesti\u00f3n anterior en abril de este a\u00f1o era rid\u00edcula. O sea que el dinero que despilfarraron por todos lados hasta llevar a la provincia a la quiebra no tuvo su correlato con un tr\u00e1mite fundamental, como es el de poner a resguardo la mercader\u00eda que empresas privadas le confiaron al Estado en la Zona Franca.<\/h3>\n<h3>La consecuencia es desastrosa, una m\u00e1s: el gobierno actual deber\u00e1 afrontar un gasto millonario para cubrir las p\u00e9rdidas, cuando todo se podr\u00eda haber solucionado contratando un seguro por un monto adecuado.<\/h3>\n<h3>En el galp\u00f3n se acopiaba equipamiento, mercader\u00eda y producci\u00f3n de importaciones de varias empresas, que desaparecieron con el incendio. Funcionarios de San Luis Log\u00edstica de la gesti\u00f3n anterior, como <strong>Sebasti\u00e1n Lavandeira<\/strong> y <strong>Eduardo Rivero<\/strong>, deber\u00edan responder por semejante desidia, al igual que el director de la Zona Franca hasta el 9 de diciembre, <strong>Mario Barrozo<\/strong>.<\/h3>\n<h3>El secretario de Estado de San Luis Log\u00edstica actual, <strong>Harold Bridger<\/strong>, denunci\u00f3 en la Unidad de Abordaje Fiscal de la Segunda Circunscripci\u00f3n Judicial de Villa Mercedes que el incendio gener\u00f3 una p\u00e9rdida total de lo almacenado y solicit\u00f3 una pericia a las c\u00e1maras de seguridad a fin de recabar informaci\u00f3n que permita avanzar en la investigaci\u00f3n de las causas del incendio.<\/h3>\n<h3>\u201cEl detalle grave est\u00e1 en el escaso monto de cobertura del seguro, que estaba vigente hasta abril de 2024, y hab\u00eda sido contratado por la gesti\u00f3n anterior en abril de 2023. Es tan exiguo el monto de cobertura que la provincia deber\u00e1 eventualmente afrontar el costo del total de los da\u00f1os producidos a la mercader\u00eda depositada en la zona franca para luego ser exportada. Fue destrucci\u00f3n total, inclusive tambi\u00e9n ardieron una camioneta de la AFIP y dos autoelevadores, que son propiedad de la provincia\u201d, cont\u00f3 el secretario de \u00c9tica P\u00fablica y Control de Gesti\u00f3n, <strong>Ricardo Bazla<\/strong>.<\/h3>\n<h3>\u201cLa presentaci\u00f3n que hizo Bridger fue para determinar responsabilidades en el origen del incendio y la realizaci\u00f3n de pericias, que ya estaban en marcha este jueves al mediod\u00eda a cargo de peritos de Bomberos de la provincia. El Juzgado Federal de Villa Mercedes se declar\u00f3 incompetente, entonces se encargar\u00e1 la Justicia ordinaria de la Segunda Circunscripci\u00f3n\u201d, agreg\u00f3 el funcionario.<\/h3>\n<p>&nbsp;<\/p>\n<p>&nbsp;<\/p>\n<p>&nbsp;<\/p>\n<p>&nbsp;<\/p>\n","protected":false},"excerpt":{"rendered":"<p>Se debe a la baja prima de cobertura que hab\u00eda contratado la gesti\u00f3n anterior. Las&#8230;<\/p>\n","protected":false},"author":1,"featured_media":8842,"comment_status":"closed","ping_status":"closed","sticky":false,"template":"","format":"standard","meta":{"footnotes":""},"categories":[6],"tags":[],"class_list":["post-8841","post","type-post","status-publish","format-standard","has-post-thumbnail","hentry","category-ciudad-provincia"],"yoast_head":"<!-- This site is optimized with the Yoast SEO plugin v26.1.1 - https:\/\/yoast.com\/wordpress\/plugins\/seo\/ -->\n<title>EL GOBIERNO DEBER\u00c1 CUBRIR MILLONARIOS GASTOS POR EL INCENDIO EN LA ZONA FRANCA JUSTO DARACT - Apuntes de San Luis<\/title>\n<meta name=\"robots\" content=\"index, follow, max-snippet:-1, max-image-preview:large, max-video-preview:-1\" \/>\n<link rel=\"canonical\" href=\"https:\/\/apuntesdesanluis.com\/index.php\/2023\/12\/21\/el-gobierno-debera-cubrir-millonarios-gastos-por-el-incendio-en-la-zona-franca\/\" \/>\n<meta property=\"og:locale\" content=\"es_ES\" \/>\n<meta property=\"og:type\" content=\"article\" \/>\n<meta property=\"og:title\" content=\"EL GOBIERNO DEBER\u00c1 CUBRIR MILLONARIOS GASTOS POR EL INCENDIO EN LA ZONA FRANCA JUSTO DARACT - Apuntes de San Luis\" \/>\n<meta property=\"og:description\" content=\"Se debe a la baja prima de cobertura que hab\u00eda contratado la gesti\u00f3n anterior. Las...\" \/>\n<meta property=\"og:url\" content=\"https:\/\/apuntesdesanluis.com\/index.php\/2023\/12\/21\/el-gobierno-debera-cubrir-millonarios-gastos-por-el-incendio-en-la-zona-franca\/\" \/>\n<meta property=\"og:site_name\" content=\"Apuntes de San Luis\" \/>\n<meta property=\"article:published_time\" content=\"2023-12-22T02:59:39+00:00\" \/>\n<meta property=\"article:modified_time\" content=\"2023-12-22T03:01:01+00:00\" \/>\n<meta property=\"og:image\" content=\"https:\/\/apuntesdesanluis.com\/wp-content\/uploads\/2023\/12\/incendio.png\" \/>\n\t<meta property=\"og:image:width\" content=\"700\" \/>\n\t<meta property=\"og:image:height\" content=\"442\" \/>\n\t<meta property=\"og:image:type\" content=\"image\/png\" \/>\n<meta name=\"author\" content=\"apuntesdesanluis.com\" \/>\n<meta name=\"twitter:card\" content=\"summary_large_image\" \/>\n<meta name=\"twitter:label1\" content=\"Escrito por\" \/>\n\t<meta name=\"twitter:data1\" content=\"apuntesdesanluis.com\" \/>\n\t<meta name=\"twitter:label2\" content=\"Tiempo de lectura\" \/>\n\t<meta name=\"twitter:data2\" content=\"3 minutos\" \/>\n<script type=\"application\/ld+json\" class=\"yoast-schema-graph\">{\"@context\":\"https:\/\/schema.org\",\"@graph\":[{\"@type\":\"Article\",\"@id\":\"https:\/\/apuntesdesanluis.com\/index.php\/2023\/12\/21\/el-gobierno-debera-cubrir-millonarios-gastos-por-el-incendio-en-la-zona-franca\/#article\",\"isPartOf\":{\"@id\":\"https:\/\/apuntesdesanluis.com\/index.php\/2023\/12\/21\/el-gobierno-debera-cubrir-millonarios-gastos-por-el-incendio-en-la-zona-franca\/\"},\"author\":{\"name\":\"apuntesdesanluis.com\",\"@id\":\"https:\/\/apuntesdesanluis.com\/#\/schema\/person\/b55151d52296fcce64d1a72538a70b90\"},\"headline\":\"EL GOBIERNO DEBER\u00c1 CUBRIR MILLONARIOS GASTOS POR EL INCENDIO EN LA ZONA FRANCA JUSTO DARACT\",\"datePublished\":\"2023-12-22T02:59:39+00:00\",\"dateModified\":\"2023-12-22T03:01:01+00:00\",\"mainEntityOfPage\":{\"@id\":\"https:\/\/apuntesdesanluis.com\/index.php\/2023\/12\/21\/el-gobierno-debera-cubrir-millonarios-gastos-por-el-incendio-en-la-zona-franca\/\"},\"wordCount\":555,\"publisher\":{\"@id\":\"https:\/\/apuntesdesanluis.com\/#\/schema\/person\/b55151d52296fcce64d1a72538a70b90\"},\"image\":{\"@id\":\"https:\/\/apuntesdesanluis.com\/index.php\/2023\/12\/21\/el-gobierno-debera-cubrir-millonarios-gastos-por-el-incendio-en-la-zona-franca\/#primaryimage\"},\"thumbnailUrl\":\"https:\/\/apuntesdesanluis.com\/wp-content\/uploads\/2023\/12\/incendio.png\",\"articleSection\":[\"Ciudad\/Provincia\"],\"inLanguage\":\"es-AR\"},{\"@type\":\"WebPage\",\"@id\":\"https:\/\/apuntesdesanluis.com\/index.php\/2023\/12\/21\/el-gobierno-debera-cubrir-millonarios-gastos-por-el-incendio-en-la-zona-franca\/\",\"url\":\"https:\/\/apuntesdesanluis.com\/index.php\/2023\/12\/21\/el-gobierno-debera-cubrir-millonarios-gastos-por-el-incendio-en-la-zona-franca\/\",\"name\":\"EL GOBIERNO DEBER\u00c1 CUBRIR MILLONARIOS GASTOS POR EL INCENDIO EN LA ZONA FRANCA JUSTO DARACT - Apuntes de San Luis\",\"isPartOf\":{\"@id\":\"https:\/\/apuntesdesanluis.com\/#website\"},\"primaryImageOfPage\":{\"@id\":\"https:\/\/apuntesdesanluis.com\/index.php\/2023\/12\/21\/el-gobierno-debera-cubrir-millonarios-gastos-por-el-incendio-en-la-zona-franca\/#primaryimage\"},\"image\":{\"@id\":\"https:\/\/apuntesdesanluis.com\/index.php\/2023\/12\/21\/el-gobierno-debera-cubrir-millonarios-gastos-por-el-incendio-en-la-zona-franca\/#primaryimage\"},\"thumbnailUrl\":\"https:\/\/apuntesdesanluis.com\/wp-content\/uploads\/2023\/12\/incendio.png\",\"datePublished\":\"2023-12-22T02:59:39+00:00\",\"dateModified\":\"2023-12-22T03:01:01+00:00\",\"breadcrumb\":{\"@id\":\"https:\/\/apuntesdesanluis.com\/index.php\/2023\/12\/21\/el-gobierno-debera-cubrir-millonarios-gastos-por-el-incendio-en-la-zona-franca\/#breadcrumb\"},\"inLanguage\":\"es-AR\",\"potentialAction\":[{\"@type\":\"ReadAction\",\"target\":[\"https:\/\/apuntesdesanluis.com\/index.php\/2023\/12\/21\/el-gobierno-debera-cubrir-millonarios-gastos-por-el-incendio-en-la-zona-franca\/\"]}]},{\"@type\":\"ImageObject\",\"inLanguage\":\"es-AR\",\"@id\":\"https:\/\/apuntesdesanluis.com\/index.php\/2023\/12\/21\/el-gobierno-debera-cubrir-millonarios-gastos-por-el-incendio-en-la-zona-franca\/#primaryimage\",\"url\":\"https:\/\/apuntesdesanluis.com\/wp-content\/uploads\/2023\/12\/incendio.png\",\"contentUrl\":\"https:\/\/apuntesdesanluis.com\/wp-content\/uploads\/2023\/12\/incendio.png\",\"width\":700,\"height\":442},{\"@type\":\"BreadcrumbList\",\"@id\":\"https:\/\/apuntesdesanluis.com\/index.php\/2023\/12\/21\/el-gobierno-debera-cubrir-millonarios-gastos-por-el-incendio-en-la-zona-franca\/#breadcrumb\",\"itemListElement\":[{\"@type\":\"ListItem\",\"position\":1,\"name\":\"Inicio\",\"item\":\"https:\/\/apuntesdesanluis.com\/\"},{\"@type\":\"ListItem\",\"position\":2,\"name\":\"EL GOBIERNO DEBER\u00c1 CUBRIR MILLONARIOS GASTOS POR EL INCENDIO EN LA ZONA FRANCA JUSTO DARACT\"}]},{\"@type\":\"WebSite\",\"@id\":\"https:\/\/apuntesdesanluis.com\/#website\",\"url\":\"https:\/\/apuntesdesanluis.com\/\",\"name\":\"Apuntes de San Luis\",\"description\":\"\",\"publisher\":{\"@id\":\"https:\/\/apuntesdesanluis.com\/#\/schema\/person\/b55151d52296fcce64d1a72538a70b90\"},\"potentialAction\":[{\"@type\":\"SearchAction\",\"target\":{\"@type\":\"EntryPoint\",\"urlTemplate\":\"https:\/\/apuntesdesanluis.com\/?s={search_term_string}\"},\"query-input\":{\"@type\":\"PropertyValueSpecification\",\"valueRequired\":true,\"valueName\":\"search_term_string\"}}],\"inLanguage\":\"es-AR\"},{\"@type\":[\"Person\",\"Organization\"],\"@id\":\"https:\/\/apuntesdesanluis.com\/#\/schema\/person\/b55151d52296fcce64d1a72538a70b90\",\"name\":\"apuntesdesanluis.com\",\"image\":{\"@type\":\"ImageObject\",\"inLanguage\":\"es-AR\",\"@id\":\"https:\/\/apuntesdesanluis.com\/#\/schema\/person\/image\/\",\"url\":\"https:\/\/apuntesdesanluis.com\/wp-content\/uploads\/2023\/07\/cropped-apuntesdesanluis.png\",\"contentUrl\":\"https:\/\/apuntesdesanluis.com\/wp-content\/uploads\/2023\/07\/cropped-apuntesdesanluis.png\",\"width\":450,\"height\":112,\"caption\":\"apuntesdesanluis.com\"},\"logo\":{\"@id\":\"https:\/\/apuntesdesanluis.com\/#\/schema\/person\/image\/\"},\"sameAs\":[\"https:\/\/apuntesdesanluis.com\"],\"url\":\"https:\/\/apuntesdesanluis.com\/index.php\/author\/apuntesdesanluis-com\/\"}]}<\/script>\n<!-- \/ Yoast SEO plugin. -->","yoast_head_json":{"title":"EL GOBIERNO DEBER\u00c1 CUBRIR MILLONARIOS GASTOS POR EL INCENDIO EN LA ZONA FRANCA JUSTO DARACT - Apuntes de San Luis","robots":{"index":"index","follow":"follow","max-snippet":"max-snippet:-1","max-image-preview":"max-image-preview:large","max-video-preview":"max-video-preview:-1"},"canonical":"https:\/\/apuntesdesanluis.com\/index.php\/2023\/12\/21\/el-gobierno-debera-cubrir-millonarios-gastos-por-el-incendio-en-la-zona-franca\/","og_locale":"es_ES","og_type":"article","og_title":"EL GOBIERNO DEBER\u00c1 CUBRIR MILLONARIOS GASTOS POR EL INCENDIO EN LA ZONA FRANCA JUSTO DARACT - Apuntes de San Luis","og_description":"Se debe a la baja prima de cobertura que hab\u00eda contratado la gesti\u00f3n anterior. Las...","og_url":"https:\/\/apuntesdesanluis.com\/index.php\/2023\/12\/21\/el-gobierno-debera-cubrir-millonarios-gastos-por-el-incendio-en-la-zona-franca\/","og_site_name":"Apuntes de San Luis","article_published_time":"2023-12-22T02:59:39+00:00","article_modified_time":"2023-12-22T03:01:01+00:00","og_image":[{"width":700,"height":442,"url":"https:\/\/apuntesdesanluis.com\/wp-content\/uploads\/2023\/12\/incendio.png","type":"image\/png"}],"author":"apuntesdesanluis.com","twitter_card":"summary_large_image","twitter_misc":{"Escrito por":"apuntesdesanluis.com","Tiempo de lectura":"3 minutos"},"schema":{"@context":"https:\/\/schema.org","@graph":[{"@type":"Article","@id":"https:\/\/apuntesdesanluis.com\/index.php\/2023\/12\/21\/el-gobierno-debera-cubrir-millonarios-gastos-por-el-incendio-en-la-zona-franca\/#article","isPartOf":{"@id":"https:\/\/apuntesdesanluis.com\/index.php\/2023\/12\/21\/el-gobierno-debera-cubrir-millonarios-gastos-por-el-incendio-en-la-zona-franca\/"},"author":{"name":"apuntesdesanluis.com","@id":"https:\/\/apuntesdesanluis.com\/#\/schema\/person\/b55151d52296fcce64d1a72538a70b90"},"headline":"EL GOBIERNO DEBER\u00c1 CUBRIR MILLONARIOS GASTOS POR EL INCENDIO EN LA ZONA FRANCA JUSTO DARACT","datePublished":"2023-12-22T02:59:39+00:00","dateModified":"2023-12-22T03:01:01+00:00","mainEntityOfPage":{"@id":"https:\/\/apuntesdesanluis.com\/index.php\/2023\/12\/21\/el-gobierno-debera-cubrir-millonarios-gastos-por-el-incendio-en-la-zona-franca\/"},"wordCount":555,"publisher":{"@id":"https:\/\/apuntesdesanluis.com\/#\/schema\/person\/b55151d52296fcce64d1a72538a70b90"},"image":{"@id":"https:\/\/apuntesdesanluis.com\/index.php\/2023\/12\/21\/el-gobierno-debera-cubrir-millonarios-gastos-por-el-incendio-en-la-zona-franca\/#primaryimage"},"thumbnailUrl":"https:\/\/apuntesdesanluis.com\/wp-content\/uploads\/2023\/12\/incendio.png","articleSection":["Ciudad\/Provincia"],"inLanguage":"es-AR"},{"@type":"WebPage","@id":"https:\/\/apuntesdesanluis.com\/index.php\/2023\/12\/21\/el-gobierno-debera-cubrir-millonarios-gastos-por-el-incendio-en-la-zona-franca\/","url":"https:\/\/apuntesdesanluis.com\/index.php\/2023\/12\/21\/el-gobierno-debera-cubrir-millonarios-gastos-por-el-incendio-en-la-zona-franca\/","name":"EL GOBIERNO DEBER\u00c1 CUBRIR MILLONARIOS GASTOS POR EL INCENDIO EN LA ZONA FRANCA JUSTO DARACT - Apuntes de San Luis","isPartOf":{"@id":"https:\/\/apuntesdesanluis.com\/#website"},"primaryImageOfPage":{"@id":"https:\/\/apuntesdesanluis.com\/index.php\/2023\/12\/21\/el-gobierno-debera-cubrir-millonarios-gastos-por-el-incendio-en-la-zona-franca\/#primaryimage"},"image":{"@id":"https:\/\/apuntesdesanluis.com\/index.php\/2023\/12\/21\/el-gobierno-debera-cubrir-millonarios-gastos-por-el-incendio-en-la-zona-franca\/#primaryimage"},"thumbnailUrl":"https:\/\/apuntesdesanluis.com\/wp-content\/uploads\/2023\/12\/incendio.png","datePublished":"2023-12-22T02:59:39+00:00","dateModified":"2023-12-22T03:01:01+00:00","breadcrumb":{"@id":"https:\/\/apuntesdesanluis.com\/index.php\/2023\/12\/21\/el-gobierno-debera-cubrir-millonarios-gastos-por-el-incendio-en-la-zona-franca\/#breadcrumb"},"inLanguage":"es-AR","potentialAction":[{"@type":"ReadAction","target":["https:\/\/apuntesdesanluis.com\/index.php\/2023\/12\/21\/el-gobierno-debera-cubrir-millonarios-gastos-por-el-incendio-en-la-zona-franca\/"]}]},{"@type":"ImageObject","inLanguage":"es-AR","@id":"https:\/\/apuntesdesanluis.com\/index.php\/2023\/12\/21\/el-gobierno-debera-cubrir-millonarios-gastos-por-el-incendio-en-la-zona-franca\/#primaryimage","url":"https:\/\/apuntesdesanluis.com\/wp-content\/uploads\/2023\/12\/incendio.png","contentUrl":"https:\/\/apuntesdesanluis.com\/wp-content\/uploads\/2023\/12\/incendio.png","width":700,"height":442},{"@type":"BreadcrumbList","@id":"https:\/\/apuntesdesanluis.com\/index.php\/2023\/12\/21\/el-gobierno-debera-cubrir-millonarios-gastos-por-el-incendio-en-la-zona-franca\/#breadcrumb","itemListElement":[{"@type":"ListItem","position":1,"name":"Inicio","item":"https:\/\/apuntesdesanluis.com\/"},{"@type":"ListItem","position":2,"name":"EL GOBIERNO DEBER\u00c1 CUBRIR MILLONARIOS GASTOS POR EL INCENDIO EN LA ZONA FRANCA JUSTO DARACT"}]},{"@type":"WebSite","@id":"https:\/\/apuntesdesanluis.com\/#website","url":"https:\/\/apuntesdesanluis.com\/","name":"Apuntes de San Luis","description":"","publisher":{"@id":"https:\/\/apuntesdesanluis.com\/#\/schema\/person\/b55151d52296fcce64d1a72538a70b90"},"potentialAction":[{"@type":"SearchAction","target":{"@type":"EntryPoint","urlTemplate":"https:\/\/apuntesdesanluis.com\/?s={search_term_string}"},"query-input":{"@type":"PropertyValueSpecification","valueRequired":true,"valueName":"search_term_string"}}],"inLanguage":"es-AR"},{"@type":["Person","Organization"],"@id":"https:\/\/apuntesdesanluis.com\/#\/schema\/person\/b55151d52296fcce64d1a72538a70b90","name":"apuntesdesanluis.com","image":{"@type":"ImageObject","inLanguage":"es-AR","@id":"https:\/\/apuntesdesanluis.com\/#\/schema\/person\/image\/","url":"https:\/\/apuntesdesanluis.com\/wp-content\/uploads\/2023\/07\/cropped-apuntesdesanluis.png","contentUrl":"https:\/\/apuntesdesanluis.com\/wp-content\/uploads\/2023\/07\/cropped-apuntesdesanluis.png","width":450,"height":112,"caption":"apuntesdesanluis.com"},"logo":{"@id":"https:\/\/apuntesdesanluis.com\/#\/schema\/person\/image\/"},"sameAs":["https:\/\/apuntesdesanluis.com"],"url":"https:\/\/apuntesdesanluis.com\/index.php\/author\/apuntesdesanluis-com\/"}]}},"featured_image_urls":{"full":["https:\/\/apuntesdesanluis.com\/wp-content\/uploads\/2023\/12\/incendio.png",700,442,false],"thumbnail":["https:\/\/apuntesdesanluis.com\/wp-content\/uploads\/2023\/12\/incendio-150x150.png",150,150,true],"medium":["https:\/\/apuntesdesanluis.com\/wp-content\/uploads\/2023\/12\/incendio-300x189.png",300,189,true],"medium_large":["https:\/\/apuntesdesanluis.com\/wp-content\/uploads\/2023\/12\/incendio.png",640,404,false],"large":["https:\/\/apuntesdesanluis.com\/wp-content\/uploads\/2023\/12\/incendio.png",640,404,false],"1536x1536":["https:\/\/apuntesdesanluis.com\/wp-content\/uploads\/2023\/12\/incendio.png",700,442,false],"2048x2048":["https:\/\/apuntesdesanluis.com\/wp-content\/uploads\/2023\/12\/incendio.png",700,442,false],"newsever-slider-full":["https:\/\/apuntesdesanluis.com\/wp-content\/uploads\/2023\/12\/incendio.png",700,442,false],"newsever-featured":["https:\/\/apuntesdesanluis.com\/wp-content\/uploads\/2023\/12\/incendio.png",700,442,false],"newsever-medium":["https:\/\/apuntesdesanluis.com\/wp-content\/uploads\/2023\/12\/incendio.png",700,442,false]},"author_info":{"display_name":"apuntesdesanluis.com","author_link":"https:\/\/apuntesdesanluis.com\/index.php\/author\/apuntesdesanluis-com\/"},"category_info":"<a href=\"https:\/\/apuntesdesanluis.com\/index.php\/category\/ciudad-provincia\/\" rel=\"category tag\">Ciudad\/Provincia<\/a>","tag_info":"Ciudad\/Provincia","comment_count":"0","_links":{"self":[{"href":"https:\/\/apuntesdesanluis.com\/index.php\/wp-json\/wp\/v2\/posts\/8841","targetHints":{"allow":["GET"]}}],"collection":[{"href":"https:\/\/apuntesdesanluis.com\/index.php\/wp-json\/wp\/v2\/posts"}],"about":[{"href":"https:\/\/apuntesdesanluis.com\/index.php\/wp-json\/wp\/v2\/types\/post"}],"author":[{"embeddable":true,"href":"https:\/\/apuntesdesanluis.com\/index.php\/wp-json\/wp\/v2\/users\/1"}],"replies":[{"embeddable":true,"href":"https:\/\/apuntesdesanluis.com\/index.php\/wp-json\/wp\/v2\/comments?post=8841"}],"version-history":[{"count":2,"href":"https:\/\/apuntesdesanluis.com\/index.php\/wp-json\/wp\/v2\/posts\/8841\/revisions"}],"predecessor-version":[{"id":8844,"href":"https:\/\/apuntesdesanluis.com\/index.php\/wp-json\/wp\/v2\/posts\/8841\/revisions\/8844"}],"wp:featuredmedia":[{"embeddable":true,"href":"https:\/\/apuntesdesanluis.com\/index.php\/wp-json\/wp\/v2\/media\/8842"}],"wp:attachment":[{"href":"https:\/\/apuntesdesanluis.com\/index.php\/wp-json\/wp\/v2\/media?parent=8841"}],"wp:term":[{"taxonomy":"category","embeddable":true,"href":"https:\/\/apuntesdesanluis.com\/index.php\/wp-json\/wp\/v2\/categories?post=8841"},{"taxonomy":"post_tag","embeddable":true,"href":"https:\/\/apuntesdesanluis.com\/index.php\/wp-json\/wp\/v2\/tags?post=8841"}],"curies":[{"name":"wp","href":"https:\/\/api.w.org\/{rel}","templated":true}]}}