{"id":8845,"date":"2023-12-22T00:08:56","date_gmt":"2023-12-22T03:08:56","guid":{"rendered":"https:\/\/apuntesdesanluis.com\/?p=8845"},"modified":"2023-12-22T00:08:56","modified_gmt":"2023-12-22T03:08:56","slug":"el-empresariado-apoya-las-medidas-de-milei-para-achicar-el-estado-e-impulsar-al-sector-privado","status":"publish","type":"post","link":"https:\/\/apuntesdesanluis.com\/index.php\/2023\/12\/22\/el-empresariado-apoya-las-medidas-de-milei-para-achicar-el-estado-e-impulsar-al-sector-privado\/","title":{"rendered":"EL EMPRESARIADO APOYA LAS MEDIDAS DE MILEI PARA ACHICAR EL ESTADO E IMPULSAR AL SECTOR PRIVADO"},"content":{"rendered":"<h3>La <strong>Asociaci\u00f3n Empresaria Argentina (AEA)<\/strong>, que re\u00fane a los due\u00f1os y due\u00f1as de las m\u00e1s importantes del pa\u00eds, apoyaron este jueves las medidas de <strong>Javier Milei<\/strong> para achicar el Estado y los d\u00e9ficits en las cuentas p\u00fablicas, al tiempo que recibieron positivamente los cambios del DNU para desregular la econom\u00eda que public\u00f3 el Gobierno. As\u00ed lo hizo la entidad a trav\u00e9s de un comunicado titulado \u201cUna oportunidad hist\u00f3rica\u201d.<\/h3>\n<h3>\u201cEl inicio del nuevo gobierno genera la esperanza de que nuestro pa\u00eds pueda revertir un largo per\u00edodo caracterizado por el estancamiento econ\u00f3mico, alt\u00edsimas tasas de inflaci\u00f3n, y un muy significativo aumento de la pobreza\u201d, sostuvo AEA.<\/h3>\n<h3>La entidad empresaria m\u00e1s influyente de la Argentina resalt\u00f3 lo que a su parecer son dos puntos centrales que explican el mal desempe\u00f1o en la econom\u00eda y que, a su juicio, son abordados por Milei: \u201cEl tama\u00f1o excesivo del Estado en relaci\u00f3n con el PBI, y las consecuencias muy negativas que han tenido por largas d\u00e9cadas los d\u00e9ficits en las cuentas p\u00fablicas\u201d.<\/h3>\n<h3>Por otro lado, ponderaron el mega DNU con el que el presidente busca desregular la econom\u00eda local. All\u00ed se incluyeron muchos cambios que formaban parte de la lista de reclamos de los empresarios, los cuales se profundizaron durante los \u00faltimos a\u00f1os al calor de las regulaciones que sum\u00f3 el Gobierno de Alberto Fern\u00e1ndez.<\/h3>\n<p><img fetchpriority=\"high\" decoding=\"async\" class=\"wp-image-8847 aligncenter\" src=\"https:\/\/apuntesdesanluis.com\/wp-content\/uploads\/2023\/12\/JAIME-CAMPOS-300x178.png\" alt=\"\" width=\"760\" height=\"451\" srcset=\"https:\/\/apuntesdesanluis.com\/wp-content\/uploads\/2023\/12\/JAIME-CAMPOS-300x178.png 300w, https:\/\/apuntesdesanluis.com\/wp-content\/uploads\/2023\/12\/JAIME-CAMPOS.png 600w\" sizes=\"(max-width: 760px) 100vw, 760px\" \/><\/p>\n<h4 style=\"text-align: center;\"><em>Jaime Campos fue reelegido como presidente de AEA.\u00a0<\/em><\/h4>\n<h3>\u201cTambi\u00e9n valoramos muy especialmente, que el gobierno se disponga a tomar medidas que permitan el m\u00e1s pleno desarrollo del sector privado, sometido por a\u00f1os a injerencias estatales indebidas, a controles de precios, a una elevad\u00edsima presi\u00f3n tributaria, a restricciones arbitrarias en materia de comercio exterior, y a amenazas como la Ley de Abastecimiento\u201d, apuntaron.<\/h3>\n<h3>\u201cDesde AEA estamos convencidos que la eliminaci\u00f3n de dichas anomal\u00edas y la revalorizaci\u00f3n del sector privado que propugna el gobierno, redundar\u00e1 en mayores inversiones productivas, en crecimiento del empleo y en un aumento de las exportaciones, todos ellos aspectos cruciales para volver a colocar a la Argentina en la senda del desarrollo econ\u00f3mico y social sostenido\u201d, concluy\u00f3 la entidad.<\/h3>\n<h3>Por otro lado, los socios de AEA llevaron a cabo este mi\u00e9rcoles su reuni\u00f3n de fin de a\u00f1o y asamblea anual en la reeligieron como presidente por un nuevo per\u00edodo, al licenciado <strong>Jaime Campos<\/strong>. Tambi\u00e9n reeligieron a Paolo Rocca, H\u00e9ctor Magnetto, Sebasti\u00e1n Bag\u00f3 y Alfredo Coto como Vicepresidentes, y a Marcelo Arg\u00fcelles y Mart\u00edn Migoya como Vocales. Se nomin\u00f3 tambi\u00e9n a Alberto Hojman como Tesorero.<\/h3>\n<h3>Participaron del encuentro, adem\u00e1s delos mencionados, Jaime Campos, (presidente de AEA), Luis A. Pagani (Arcor), Carlos Miguens (Grupo Miguens), Cristiano Rattazzi (Grupo M\u00f3dena), Federico Braun (La An\u00f3nima), Luis P\u00e9rez Companc (Molinos R\u00edo de la Plata), Alberto Grimoldi (Grimoldi), Alberto Hojman (BGH), Eduardo Elsztain (IRSA), Marcelo Arg\u00fcelles (Grupo Sidus), Marcos Galper\u00edn (Mercado Libre), Mar\u00eda Luisa Macchiavello (Droguer\u00eda del Sud), Charlie Blaquier (Ledesma), Mariano Bosch (Adecoagro), Claudia \u00c1lvarez Arg\u00fcelles (Arg\u00fcelles Hoteles), Mart\u00edn Brandi (PCR), Alejandro Butti (Santander), Mart\u00edn Castelli (Blue Star Group), Sergio Kaufman (Accenture), Pablo Roemmers (Roemmers), Gustavo Salinas (Toyota), Miguel Urus (PwC) y Amadeo V\u00e1zquez.<\/h3>\n<h3>EL APOYO DE LA UIA AL DNU<\/h3>\n<h3>El presidente de la Uni\u00f3n Industrial Argentina (UIA), <strong>Daniel Funes de Rioja<\/strong>, recibi\u00f3 en la sede del este jueves al secretario de Trabajo, <strong>Omar Yasin<\/strong>, para interiorizarse sobre las modificaciones que contempla el DNU del Gobierno y \u201cadecuan distintos aspectos de las nuevas realidades laborales para generar empleo de calidad, formalizado y socialmente protegido, con un horizonte de previsibilidad a las empresas, en particular las pymes\u201d.<\/h3>\n<p><img decoding=\"async\" class=\"wp-image-8846 aligncenter\" src=\"https:\/\/apuntesdesanluis.com\/wp-content\/uploads\/2023\/12\/FUNES-DE-RIOJA-300x221.png\" alt=\"\" width=\"749\" height=\"552\" srcset=\"https:\/\/apuntesdesanluis.com\/wp-content\/uploads\/2023\/12\/FUNES-DE-RIOJA-300x221.png 300w, https:\/\/apuntesdesanluis.com\/wp-content\/uploads\/2023\/12\/FUNES-DE-RIOJA.png 600w\" sizes=\"(max-width: 749px) 100vw, 749px\" \/><\/p>\n<h4 style=\"text-align: center;\"><em>El ministro de Trabajo, Omar Yasin, visit\u00f3 la UIA.<\/em><\/h4>\n<h3>\u00a0\u201cLa UIA ponder\u00f3 que las modificaciones incluidas propicien la creaci\u00f3n de empleo formal, y que garantice la provisi\u00f3n de servicios esenciales y de importancia trascendental, a la vez que sancione expresamente los bloqueos a empresas\u201d, afirmaron los industriales. Tambi\u00e9n consideraron que la nueva normativa \u201cbrinda previsibilidad y sustentabilidad a los procesos productivos y mejora las condiciones de empleabilidad y respeto a la iniciativa privada\u201d, afirmaron los industriales en un comunicado.<\/h3>\n<h3>Seg\u00fan informaron, los departamentos t\u00e9cnicos de la UIA continuar\u00e1n analizando en los pr\u00f3ximos d\u00edas las implicancias del decreto en otros aspectos, m\u00e1s all\u00e1 de lo laboral, y comunicar\u00e1n sus conclusiones.<\/h3>\n","protected":false},"excerpt":{"rendered":"<p>La Asociaci\u00f3n Empresaria Argentina (AEA), que re\u00fane a los due\u00f1os y due\u00f1as de las m\u00e1s&#8230;<\/p>\n","protected":false},"author":1,"featured_media":8848,"comment_status":"closed","ping_status":"closed","sticky":false,"template":"","format":"standard","meta":{"footnotes":""},"categories":[5],"tags":[],"class_list":["post-8845","post","type-post","status-publish","format-standard","has-post-thumbnail","hentry","category-nacionales-internacionales"],"yoast_head":"<!-- This site is optimized with the Yoast SEO plugin v26.1.1 - https:\/\/yoast.com\/wordpress\/plugins\/seo\/ -->\n<title>EL EMPRESARIADO APOYA LAS MEDIDAS DE MILEI PARA ACHICAR EL ESTADO E IMPULSAR AL SECTOR PRIVADO - Apuntes de San Luis<\/title>\n<meta name=\"robots\" content=\"index, follow, max-snippet:-1, max-image-preview:large, max-video-preview:-1\" \/>\n<link rel=\"canonical\" href=\"https:\/\/apuntesdesanluis.com\/index.php\/2023\/12\/22\/el-empresariado-apoya-las-medidas-de-milei-para-achicar-el-estado-e-impulsar-al-sector-privado\/\" \/>\n<meta property=\"og:locale\" content=\"es_ES\" \/>\n<meta property=\"og:type\" content=\"article\" \/>\n<meta property=\"og:title\" content=\"EL EMPRESARIADO APOYA LAS MEDIDAS DE MILEI PARA ACHICAR EL ESTADO E IMPULSAR AL SECTOR PRIVADO - Apuntes de San Luis\" \/>\n<meta property=\"og:description\" content=\"La Asociaci\u00f3n Empresaria Argentina (AEA), que re\u00fane a los due\u00f1os y due\u00f1as de las m\u00e1s...\" \/>\n<meta property=\"og:url\" content=\"https:\/\/apuntesdesanluis.com\/index.php\/2023\/12\/22\/el-empresariado-apoya-las-medidas-de-milei-para-achicar-el-estado-e-impulsar-al-sector-privado\/\" \/>\n<meta property=\"og:site_name\" content=\"Apuntes de San Luis\" \/>\n<meta property=\"article:published_time\" content=\"2023-12-22T03:08:56+00:00\" \/>\n<meta property=\"og:image\" content=\"https:\/\/apuntesdesanluis.com\/wp-content\/uploads\/2023\/12\/AEA.png\" \/>\n\t<meta property=\"og:image:width\" content=\"600\" \/>\n\t<meta property=\"og:image:height\" content=\"316\" \/>\n\t<meta property=\"og:image:type\" content=\"image\/png\" \/>\n<meta name=\"author\" content=\"apuntesdesanluis.com\" \/>\n<meta name=\"twitter:card\" content=\"summary_large_image\" \/>\n<meta name=\"twitter:label1\" content=\"Escrito por\" \/>\n\t<meta name=\"twitter:data1\" content=\"apuntesdesanluis.com\" \/>\n\t<meta name=\"twitter:label2\" content=\"Tiempo de lectura\" \/>\n\t<meta name=\"twitter:data2\" content=\"4 minutos\" \/>\n<script type=\"application\/ld+json\" class=\"yoast-schema-graph\">{\"@context\":\"https:\/\/schema.org\",\"@graph\":[{\"@type\":\"Article\",\"@id\":\"https:\/\/apuntesdesanluis.com\/index.php\/2023\/12\/22\/el-empresariado-apoya-las-medidas-de-milei-para-achicar-el-estado-e-impulsar-al-sector-privado\/#article\",\"isPartOf\":{\"@id\":\"https:\/\/apuntesdesanluis.com\/index.php\/2023\/12\/22\/el-empresariado-apoya-las-medidas-de-milei-para-achicar-el-estado-e-impulsar-al-sector-privado\/\"},\"author\":{\"name\":\"apuntesdesanluis.com\",\"@id\":\"https:\/\/apuntesdesanluis.com\/#\/schema\/person\/b55151d52296fcce64d1a72538a70b90\"},\"headline\":\"EL EMPRESARIADO APOYA LAS MEDIDAS DE MILEI PARA ACHICAR EL ESTADO E IMPULSAR AL SECTOR PRIVADO\",\"datePublished\":\"2023-12-22T03:08:56+00:00\",\"mainEntityOfPage\":{\"@id\":\"https:\/\/apuntesdesanluis.com\/index.php\/2023\/12\/22\/el-empresariado-apoya-las-medidas-de-milei-para-achicar-el-estado-e-impulsar-al-sector-privado\/\"},\"wordCount\":769,\"publisher\":{\"@id\":\"https:\/\/apuntesdesanluis.com\/#\/schema\/person\/b55151d52296fcce64d1a72538a70b90\"},\"image\":{\"@id\":\"https:\/\/apuntesdesanluis.com\/index.php\/2023\/12\/22\/el-empresariado-apoya-las-medidas-de-milei-para-achicar-el-estado-e-impulsar-al-sector-privado\/#primaryimage\"},\"thumbnailUrl\":\"https:\/\/apuntesdesanluis.com\/wp-content\/uploads\/2023\/12\/AEA.png\",\"articleSection\":[\"Nacionales\/Internacionales\"],\"inLanguage\":\"es-AR\"},{\"@type\":\"WebPage\",\"@id\":\"https:\/\/apuntesdesanluis.com\/index.php\/2023\/12\/22\/el-empresariado-apoya-las-medidas-de-milei-para-achicar-el-estado-e-impulsar-al-sector-privado\/\",\"url\":\"https:\/\/apuntesdesanluis.com\/index.php\/2023\/12\/22\/el-empresariado-apoya-las-medidas-de-milei-para-achicar-el-estado-e-impulsar-al-sector-privado\/\",\"name\":\"EL EMPRESARIADO APOYA LAS MEDIDAS DE MILEI PARA ACHICAR EL ESTADO E IMPULSAR AL SECTOR PRIVADO - Apuntes de San Luis\",\"isPartOf\":{\"@id\":\"https:\/\/apuntesdesanluis.com\/#website\"},\"primaryImageOfPage\":{\"@id\":\"https:\/\/apuntesdesanluis.com\/index.php\/2023\/12\/22\/el-empresariado-apoya-las-medidas-de-milei-para-achicar-el-estado-e-impulsar-al-sector-privado\/#primaryimage\"},\"image\":{\"@id\":\"https:\/\/apuntesdesanluis.com\/index.php\/2023\/12\/22\/el-empresariado-apoya-las-medidas-de-milei-para-achicar-el-estado-e-impulsar-al-sector-privado\/#primaryimage\"},\"thumbnailUrl\":\"https:\/\/apuntesdesanluis.com\/wp-content\/uploads\/2023\/12\/AEA.png\",\"datePublished\":\"2023-12-22T03:08:56+00:00\",\"breadcrumb\":{\"@id\":\"https:\/\/apuntesdesanluis.com\/index.php\/2023\/12\/22\/el-empresariado-apoya-las-medidas-de-milei-para-achicar-el-estado-e-impulsar-al-sector-privado\/#breadcrumb\"},\"inLanguage\":\"es-AR\",\"potentialAction\":[{\"@type\":\"ReadAction\",\"target\":[\"https:\/\/apuntesdesanluis.com\/index.php\/2023\/12\/22\/el-empresariado-apoya-las-medidas-de-milei-para-achicar-el-estado-e-impulsar-al-sector-privado\/\"]}]},{\"@type\":\"ImageObject\",\"inLanguage\":\"es-AR\",\"@id\":\"https:\/\/apuntesdesanluis.com\/index.php\/2023\/12\/22\/el-empresariado-apoya-las-medidas-de-milei-para-achicar-el-estado-e-impulsar-al-sector-privado\/#primaryimage\",\"url\":\"https:\/\/apuntesdesanluis.com\/wp-content\/uploads\/2023\/12\/AEA.png\",\"contentUrl\":\"https:\/\/apuntesdesanluis.com\/wp-content\/uploads\/2023\/12\/AEA.png\",\"width\":600,\"height\":316},{\"@type\":\"BreadcrumbList\",\"@id\":\"https:\/\/apuntesdesanluis.com\/index.php\/2023\/12\/22\/el-empresariado-apoya-las-medidas-de-milei-para-achicar-el-estado-e-impulsar-al-sector-privado\/#breadcrumb\",\"itemListElement\":[{\"@type\":\"ListItem\",\"position\":1,\"name\":\"Inicio\",\"item\":\"https:\/\/apuntesdesanluis.com\/\"},{\"@type\":\"ListItem\",\"position\":2,\"name\":\"EL EMPRESARIADO APOYA LAS MEDIDAS DE MILEI PARA ACHICAR EL ESTADO E IMPULSAR AL SECTOR PRIVADO\"}]},{\"@type\":\"WebSite\",\"@id\":\"https:\/\/apuntesdesanluis.com\/#website\",\"url\":\"https:\/\/apuntesdesanluis.com\/\",\"name\":\"Apuntes de San Luis\",\"description\":\"\",\"publisher\":{\"@id\":\"https:\/\/apuntesdesanluis.com\/#\/schema\/person\/b55151d52296fcce64d1a72538a70b90\"},\"potentialAction\":[{\"@type\":\"SearchAction\",\"target\":{\"@type\":\"EntryPoint\",\"urlTemplate\":\"https:\/\/apuntesdesanluis.com\/?s={search_term_string}\"},\"query-input\":{\"@type\":\"PropertyValueSpecification\",\"valueRequired\":true,\"valueName\":\"search_term_string\"}}],\"inLanguage\":\"es-AR\"},{\"@type\":[\"Person\",\"Organization\"],\"@id\":\"https:\/\/apuntesdesanluis.com\/#\/schema\/person\/b55151d52296fcce64d1a72538a70b90\",\"name\":\"apuntesdesanluis.com\",\"image\":{\"@type\":\"ImageObject\",\"inLanguage\":\"es-AR\",\"@id\":\"https:\/\/apuntesdesanluis.com\/#\/schema\/person\/image\/\",\"url\":\"https:\/\/apuntesdesanluis.com\/wp-content\/uploads\/2023\/07\/cropped-apuntesdesanluis.png\",\"contentUrl\":\"https:\/\/apuntesdesanluis.com\/wp-content\/uploads\/2023\/07\/cropped-apuntesdesanluis.png\",\"width\":450,\"height\":112,\"caption\":\"apuntesdesanluis.com\"},\"logo\":{\"@id\":\"https:\/\/apuntesdesanluis.com\/#\/schema\/person\/image\/\"},\"sameAs\":[\"https:\/\/apuntesdesanluis.com\"],\"url\":\"https:\/\/apuntesdesanluis.com\/index.php\/author\/apuntesdesanluis-com\/\"}]}<\/script>\n<!-- \/ Yoast SEO plugin. -->","yoast_head_json":{"title":"EL EMPRESARIADO APOYA LAS MEDIDAS DE MILEI PARA ACHICAR EL ESTADO E IMPULSAR AL SECTOR PRIVADO - Apuntes de San Luis","robots":{"index":"index","follow":"follow","max-snippet":"max-snippet:-1","max-image-preview":"max-image-preview:large","max-video-preview":"max-video-preview:-1"},"canonical":"https:\/\/apuntesdesanluis.com\/index.php\/2023\/12\/22\/el-empresariado-apoya-las-medidas-de-milei-para-achicar-el-estado-e-impulsar-al-sector-privado\/","og_locale":"es_ES","og_type":"article","og_title":"EL EMPRESARIADO APOYA LAS MEDIDAS DE MILEI PARA ACHICAR EL ESTADO E IMPULSAR AL SECTOR PRIVADO - Apuntes de San Luis","og_description":"La Asociaci\u00f3n Empresaria Argentina (AEA), que re\u00fane a los due\u00f1os y due\u00f1as de las m\u00e1s...","og_url":"https:\/\/apuntesdesanluis.com\/index.php\/2023\/12\/22\/el-empresariado-apoya-las-medidas-de-milei-para-achicar-el-estado-e-impulsar-al-sector-privado\/","og_site_name":"Apuntes de San Luis","article_published_time":"2023-12-22T03:08:56+00:00","og_image":[{"width":600,"height":316,"url":"https:\/\/apuntesdesanluis.com\/wp-content\/uploads\/2023\/12\/AEA.png","type":"image\/png"}],"author":"apuntesdesanluis.com","twitter_card":"summary_large_image","twitter_misc":{"Escrito por":"apuntesdesanluis.com","Tiempo de lectura":"4 minutos"},"schema":{"@context":"https:\/\/schema.org","@graph":[{"@type":"Article","@id":"https:\/\/apuntesdesanluis.com\/index.php\/2023\/12\/22\/el-empresariado-apoya-las-medidas-de-milei-para-achicar-el-estado-e-impulsar-al-sector-privado\/#article","isPartOf":{"@id":"https:\/\/apuntesdesanluis.com\/index.php\/2023\/12\/22\/el-empresariado-apoya-las-medidas-de-milei-para-achicar-el-estado-e-impulsar-al-sector-privado\/"},"author":{"name":"apuntesdesanluis.com","@id":"https:\/\/apuntesdesanluis.com\/#\/schema\/person\/b55151d52296fcce64d1a72538a70b90"},"headline":"EL EMPRESARIADO APOYA LAS MEDIDAS DE MILEI PARA ACHICAR EL ESTADO E IMPULSAR AL SECTOR PRIVADO","datePublished":"2023-12-22T03:08:56+00:00","mainEntityOfPage":{"@id":"https:\/\/apuntesdesanluis.com\/index.php\/2023\/12\/22\/el-empresariado-apoya-las-medidas-de-milei-para-achicar-el-estado-e-impulsar-al-sector-privado\/"},"wordCount":769,"publisher":{"@id":"https:\/\/apuntesdesanluis.com\/#\/schema\/person\/b55151d52296fcce64d1a72538a70b90"},"image":{"@id":"https:\/\/apuntesdesanluis.com\/index.php\/2023\/12\/22\/el-empresariado-apoya-las-medidas-de-milei-para-achicar-el-estado-e-impulsar-al-sector-privado\/#primaryimage"},"thumbnailUrl":"https:\/\/apuntesdesanluis.com\/wp-content\/uploads\/2023\/12\/AEA.png","articleSection":["Nacionales\/Internacionales"],"inLanguage":"es-AR"},{"@type":"WebPage","@id":"https:\/\/apuntesdesanluis.com\/index.php\/2023\/12\/22\/el-empresariado-apoya-las-medidas-de-milei-para-achicar-el-estado-e-impulsar-al-sector-privado\/","url":"https:\/\/apuntesdesanluis.com\/index.php\/2023\/12\/22\/el-empresariado-apoya-las-medidas-de-milei-para-achicar-el-estado-e-impulsar-al-sector-privado\/","name":"EL EMPRESARIADO APOYA LAS MEDIDAS DE MILEI PARA ACHICAR EL ESTADO E IMPULSAR AL SECTOR PRIVADO - Apuntes de San Luis","isPartOf":{"@id":"https:\/\/apuntesdesanluis.com\/#website"},"primaryImageOfPage":{"@id":"https:\/\/apuntesdesanluis.com\/index.php\/2023\/12\/22\/el-empresariado-apoya-las-medidas-de-milei-para-achicar-el-estado-e-impulsar-al-sector-privado\/#primaryimage"},"image":{"@id":"https:\/\/apuntesdesanluis.com\/index.php\/2023\/12\/22\/el-empresariado-apoya-las-medidas-de-milei-para-achicar-el-estado-e-impulsar-al-sector-privado\/#primaryimage"},"thumbnailUrl":"https:\/\/apuntesdesanluis.com\/wp-content\/uploads\/2023\/12\/AEA.png","datePublished":"2023-12-22T03:08:56+00:00","breadcrumb":{"@id":"https:\/\/apuntesdesanluis.com\/index.php\/2023\/12\/22\/el-empresariado-apoya-las-medidas-de-milei-para-achicar-el-estado-e-impulsar-al-sector-privado\/#breadcrumb"},"inLanguage":"es-AR","potentialAction":[{"@type":"ReadAction","target":["https:\/\/apuntesdesanluis.com\/index.php\/2023\/12\/22\/el-empresariado-apoya-las-medidas-de-milei-para-achicar-el-estado-e-impulsar-al-sector-privado\/"]}]},{"@type":"ImageObject","inLanguage":"es-AR","@id":"https:\/\/apuntesdesanluis.com\/index.php\/2023\/12\/22\/el-empresariado-apoya-las-medidas-de-milei-para-achicar-el-estado-e-impulsar-al-sector-privado\/#primaryimage","url":"https:\/\/apuntesdesanluis.com\/wp-content\/uploads\/2023\/12\/AEA.png","contentUrl":"https:\/\/apuntesdesanluis.com\/wp-content\/uploads\/2023\/12\/AEA.png","width":600,"height":316},{"@type":"BreadcrumbList","@id":"https:\/\/apuntesdesanluis.com\/index.php\/2023\/12\/22\/el-empresariado-apoya-las-medidas-de-milei-para-achicar-el-estado-e-impulsar-al-sector-privado\/#breadcrumb","itemListElement":[{"@type":"ListItem","position":1,"name":"Inicio","item":"https:\/\/apuntesdesanluis.com\/"},{"@type":"ListItem","position":2,"name":"EL EMPRESARIADO APOYA LAS MEDIDAS DE MILEI PARA ACHICAR EL ESTADO E IMPULSAR AL SECTOR PRIVADO"}]},{"@type":"WebSite","@id":"https:\/\/apuntesdesanluis.com\/#website","url":"https:\/\/apuntesdesanluis.com\/","name":"Apuntes de San Luis","description":"","publisher":{"@id":"https:\/\/apuntesdesanluis.com\/#\/schema\/person\/b55151d52296fcce64d1a72538a70b90"},"potentialAction":[{"@type":"SearchAction","target":{"@type":"EntryPoint","urlTemplate":"https:\/\/apuntesdesanluis.com\/?s={search_term_string}"},"query-input":{"@type":"PropertyValueSpecification","valueRequired":true,"valueName":"search_term_string"}}],"inLanguage":"es-AR"},{"@type":["Person","Organization"],"@id":"https:\/\/apuntesdesanluis.com\/#\/schema\/person\/b55151d52296fcce64d1a72538a70b90","name":"apuntesdesanluis.com","image":{"@type":"ImageObject","inLanguage":"es-AR","@id":"https:\/\/apuntesdesanluis.com\/#\/schema\/person\/image\/","url":"https:\/\/apuntesdesanluis.com\/wp-content\/uploads\/2023\/07\/cropped-apuntesdesanluis.png","contentUrl":"https:\/\/apuntesdesanluis.com\/wp-content\/uploads\/2023\/07\/cropped-apuntesdesanluis.png","width":450,"height":112,"caption":"apuntesdesanluis.com"},"logo":{"@id":"https:\/\/apuntesdesanluis.com\/#\/schema\/person\/image\/"},"sameAs":["https:\/\/apuntesdesanluis.com"],"url":"https:\/\/apuntesdesanluis.com\/index.php\/author\/apuntesdesanluis-com\/"}]}},"featured_image_urls":{"full":["https:\/\/apuntesdesanluis.com\/wp-content\/uploads\/2023\/12\/AEA.png",600,316,false],"thumbnail":["https:\/\/apuntesdesanluis.com\/wp-content\/uploads\/2023\/12\/AEA-150x150.png",150,150,true],"medium":["https:\/\/apuntesdesanluis.com\/wp-content\/uploads\/2023\/12\/AEA-300x158.png",300,158,true],"medium_large":["https:\/\/apuntesdesanluis.com\/wp-content\/uploads\/2023\/12\/AEA.png",600,316,false],"large":["https:\/\/apuntesdesanluis.com\/wp-content\/uploads\/2023\/12\/AEA.png",600,316,false],"1536x1536":["https:\/\/apuntesdesanluis.com\/wp-content\/uploads\/2023\/12\/AEA.png",600,316,false],"2048x2048":["https:\/\/apuntesdesanluis.com\/wp-content\/uploads\/2023\/12\/AEA.png",600,316,false],"newsever-slider-full":["https:\/\/apuntesdesanluis.com\/wp-content\/uploads\/2023\/12\/AEA.png",600,316,false],"newsever-featured":["https:\/\/apuntesdesanluis.com\/wp-content\/uploads\/2023\/12\/AEA.png",600,316,false],"newsever-medium":["https:\/\/apuntesdesanluis.com\/wp-content\/uploads\/2023\/12\/AEA.png",600,316,false]},"author_info":{"display_name":"apuntesdesanluis.com","author_link":"https:\/\/apuntesdesanluis.com\/index.php\/author\/apuntesdesanluis-com\/"},"category_info":"<a href=\"https:\/\/apuntesdesanluis.com\/index.php\/category\/nacionales-internacionales\/\" rel=\"category tag\">Nacionales\/Internacionales<\/a>","tag_info":"Nacionales\/Internacionales","comment_count":"0","_links":{"self":[{"href":"https:\/\/apuntesdesanluis.com\/index.php\/wp-json\/wp\/v2\/posts\/8845","targetHints":{"allow":["GET"]}}],"collection":[{"href":"https:\/\/apuntesdesanluis.com\/index.php\/wp-json\/wp\/v2\/posts"}],"about":[{"href":"https:\/\/apuntesdesanluis.com\/index.php\/wp-json\/wp\/v2\/types\/post"}],"author":[{"embeddable":true,"href":"https:\/\/apuntesdesanluis.com\/index.php\/wp-json\/wp\/v2\/users\/1"}],"replies":[{"embeddable":true,"href":"https:\/\/apuntesdesanluis.com\/index.php\/wp-json\/wp\/v2\/comments?post=8845"}],"version-history":[{"count":1,"href":"https:\/\/apuntesdesanluis.com\/index.php\/wp-json\/wp\/v2\/posts\/8845\/revisions"}],"predecessor-version":[{"id":8849,"href":"https:\/\/apuntesdesanluis.com\/index.php\/wp-json\/wp\/v2\/posts\/8845\/revisions\/8849"}],"wp:featuredmedia":[{"embeddable":true,"href":"https:\/\/apuntesdesanluis.com\/index.php\/wp-json\/wp\/v2\/media\/8848"}],"wp:attachment":[{"href":"https:\/\/apuntesdesanluis.com\/index.php\/wp-json\/wp\/v2\/media?parent=8845"}],"wp:term":[{"taxonomy":"category","embeddable":true,"href":"https:\/\/apuntesdesanluis.com\/index.php\/wp-json\/wp\/v2\/categories?post=8845"},{"taxonomy":"post_tag","embeddable":true,"href":"https:\/\/apuntesdesanluis.com\/index.php\/wp-json\/wp\/v2\/tags?post=8845"}],"curies":[{"name":"wp","href":"https:\/\/api.w.org\/{rel}","templated":true}]}}