{"id":8861,"date":"2023-12-22T00:31:50","date_gmt":"2023-12-22T03:31:50","guid":{"rendered":"https:\/\/apuntesdesanluis.com\/?p=8861"},"modified":"2023-12-22T00:46:01","modified_gmt":"2023-12-22T03:46:01","slug":"la-ucr-advirtio-que-no-acompanara-el-dnu-de-milei-y-le-pidio-que-envie-una-ley","status":"publish","type":"post","link":"https:\/\/apuntesdesanluis.com\/index.php\/2023\/12\/22\/la-ucr-advirtio-que-no-acompanara-el-dnu-de-milei-y-le-pidio-que-envie-una-ley\/","title":{"rendered":"LA UCR ADVIRTI\u00d3 QUE NO ACOMPA\u00d1AR\u00c1 EL DNU DE MILEI Y LE PIDI\u00d3 QUE ENVIE UNA LEY"},"content":{"rendered":"<h3>La Mesa Nacional de la <strong>Uni\u00f3n C\u00edvica Radical<\/strong> (UCR) que encabeza <strong>Mart\u00edn Lousteau<\/strong> rechaz\u00f3 el mega DNU del presidente <strong>Javier Milei<\/strong> y exhort\u00f3 al Gobierno a enviar al Congreso una ley para poder discutirlo.<\/h3>\n<h3>&#8220;Nuestro partido se caracteriz\u00f3 a lo largo de su historia por la defensa del sistema democr\u00e1tico y sus instituciones. Ninguna crisis se resuelve avasallando la institucionalidad democr\u00e1tica&#8221;, sostuvo la UCR.<\/h3>\n<h3>Luego de la presentaci\u00f3n del decreto que abarca distintos temas, el radicalismo expres\u00f3: &#8220;Frente a la presentaci\u00f3n del Mega DNU que, con 366 art\u00edculos deroga y modifica un sinn\u00famero de leyes y decretos, la Uni\u00f3n C\u00edvica Radical insta al Presidente a convocar a Sesiones Extraordinarias con el fin de poder analizar en detalle las distintas propuestas en el \u00e1mbito que corresponde, el Parlamento&#8221;.<\/h3>\n<h3>&#8220;Esto permitir\u00e1 debatir todas las iniciativas en profundidad y acompa\u00f1ar aquellas que sean positivas para los argentinos. Por la v\u00eda del DNU resulta imposible hacer este trabajo, porque solo se puede aprobar o rechazar en su totalidad. Y en el contenido hay cuestiones positivas, pero tambi\u00e9n otras muy preocupantes&#8221;, subray\u00f3 la c\u00fapula de la UCR.<\/h3>\n<h3>&#8220;Adem\u00e1s, la v\u00eda propuesta por el Poder Ejecutivo puede terminar en planteos de inconstitucionalidad generando m\u00e1s incertidumbre y\u00a0 complicando a\u00fan m\u00e1s la agenda del gobierno nacional&#8221;, indic\u00f3 la Mesa.<\/h3>\n<h3>En un comunicado, continu\u00f3: &#8220;No hay ninguna duda de que nuestro pa\u00eds necesita un cambio. Pero para que ese cambio sea leg\u00edtimo y duradero, debe hacerse respetando las formas establecidas en nuestro orden jur\u00eddico&#8221;.<\/h3>\n<h3>&#8220;El Poder Ejecutivo est\u00e1 a tiempo de enmendar su error enviando un proyecto de Ley espejo que pueda debatirse en el Congreso de la Naci\u00f3n, recuperando as\u00ed el camino de la normalidad, la construcci\u00f3n de confianza pol\u00edtica, los consensos y el di\u00e1logo parlamentario&#8221;, exhort\u00f3 el radicalismo.<\/h3>\n<p>&nbsp;<\/p>\n<h3><span style=\"color: #3366ff;\">NOTICIA RELACIONADA:<\/span><\/h3>\n<p>&nbsp;<\/p>\n<p><a href=\"https:\/\/apuntesdesanluis.com\/index.php\/2023\/12\/22\/que-dice-el-articulo-de-la-constitucion-nacional-que-haria-caer-el-dnu-de-milei\/\"><img fetchpriority=\"high\" decoding=\"async\" class=\"alignnone wp-image-8874\" src=\"https:\/\/apuntesdesanluis.com\/wp-content\/uploads\/2023\/12\/POSTEO-2-2-300x246.png\" alt=\"\" width=\"485\" height=\"398\" srcset=\"https:\/\/apuntesdesanluis.com\/wp-content\/uploads\/2023\/12\/POSTEO-2-2-300x246.png 300w, https:\/\/apuntesdesanluis.com\/wp-content\/uploads\/2023\/12\/POSTEO-2-2.png 639w\" sizes=\"(max-width: 485px) 100vw, 485px\" \/><\/a><\/p>\n<p>&nbsp;<\/p>\n<p>&nbsp;<\/p>\n<p>&nbsp;<\/p>\n<p>&nbsp;<\/p>\n","protected":false},"excerpt":{"rendered":"<p>La Mesa Nacional de la Uni\u00f3n C\u00edvica Radical (UCR) que encabeza Mart\u00edn Lousteau rechaz\u00f3 el&#8230;<\/p>\n","protected":false},"author":1,"featured_media":8862,"comment_status":"closed","ping_status":"closed","sticky":false,"template":"","format":"standard","meta":{"footnotes":""},"categories":[5],"tags":[],"class_list":["post-8861","post","type-post","status-publish","format-standard","has-post-thumbnail","hentry","category-nacionales-internacionales"],"yoast_head":"<!-- This site is optimized with the Yoast SEO plugin v26.1.1 - https:\/\/yoast.com\/wordpress\/plugins\/seo\/ -->\n<title>LA UCR ADVIRTI\u00d3 QUE NO ACOMPA\u00d1AR\u00c1 EL DNU DE MILEI Y LE PIDI\u00d3 QUE ENVIE UNA LEY - Apuntes de San Luis<\/title>\n<meta name=\"robots\" content=\"index, follow, max-snippet:-1, max-image-preview:large, max-video-preview:-1\" \/>\n<link rel=\"canonical\" href=\"https:\/\/apuntesdesanluis.com\/index.php\/2023\/12\/22\/la-ucr-advirtio-que-no-acompanara-el-dnu-de-milei-y-le-pidio-que-envie-una-ley\/\" \/>\n<meta property=\"og:locale\" content=\"es_ES\" \/>\n<meta property=\"og:type\" content=\"article\" \/>\n<meta property=\"og:title\" content=\"LA UCR ADVIRTI\u00d3 QUE NO ACOMPA\u00d1AR\u00c1 EL DNU DE MILEI Y LE PIDI\u00d3 QUE ENVIE UNA LEY - Apuntes de San Luis\" \/>\n<meta property=\"og:description\" content=\"La Mesa Nacional de la Uni\u00f3n C\u00edvica Radical (UCR) que encabeza Mart\u00edn Lousteau rechaz\u00f3 el...\" \/>\n<meta property=\"og:url\" content=\"https:\/\/apuntesdesanluis.com\/index.php\/2023\/12\/22\/la-ucr-advirtio-que-no-acompanara-el-dnu-de-milei-y-le-pidio-que-envie-una-ley\/\" \/>\n<meta property=\"og:site_name\" content=\"Apuntes de San Luis\" \/>\n<meta property=\"article:published_time\" content=\"2023-12-22T03:31:50+00:00\" \/>\n<meta property=\"article:modified_time\" content=\"2023-12-22T03:46:01+00:00\" \/>\n<meta property=\"og:image\" content=\"https:\/\/apuntesdesanluis.com\/wp-content\/uploads\/2023\/12\/LOSTEAU.png\" \/>\n\t<meta property=\"og:image:width\" content=\"713\" \/>\n\t<meta property=\"og:image:height\" content=\"421\" \/>\n\t<meta property=\"og:image:type\" content=\"image\/png\" \/>\n<meta name=\"author\" content=\"apuntesdesanluis.com\" \/>\n<meta name=\"twitter:card\" content=\"summary_large_image\" \/>\n<meta name=\"twitter:label1\" content=\"Escrito por\" \/>\n\t<meta name=\"twitter:data1\" content=\"apuntesdesanluis.com\" \/>\n\t<meta name=\"twitter:label2\" content=\"Tiempo de lectura\" \/>\n\t<meta name=\"twitter:data2\" content=\"2 minutos\" \/>\n<script type=\"application\/ld+json\" class=\"yoast-schema-graph\">{\"@context\":\"https:\/\/schema.org\",\"@graph\":[{\"@type\":\"Article\",\"@id\":\"https:\/\/apuntesdesanluis.com\/index.php\/2023\/12\/22\/la-ucr-advirtio-que-no-acompanara-el-dnu-de-milei-y-le-pidio-que-envie-una-ley\/#article\",\"isPartOf\":{\"@id\":\"https:\/\/apuntesdesanluis.com\/index.php\/2023\/12\/22\/la-ucr-advirtio-que-no-acompanara-el-dnu-de-milei-y-le-pidio-que-envie-una-ley\/\"},\"author\":{\"name\":\"apuntesdesanluis.com\",\"@id\":\"https:\/\/apuntesdesanluis.com\/#\/schema\/person\/b55151d52296fcce64d1a72538a70b90\"},\"headline\":\"LA UCR ADVIRTI\u00d3 QUE NO ACOMPA\u00d1AR\u00c1 EL DNU DE MILEI Y LE PIDI\u00d3 QUE ENVIE UNA LEY\",\"datePublished\":\"2023-12-22T03:31:50+00:00\",\"dateModified\":\"2023-12-22T03:46:01+00:00\",\"mainEntityOfPage\":{\"@id\":\"https:\/\/apuntesdesanluis.com\/index.php\/2023\/12\/22\/la-ucr-advirtio-que-no-acompanara-el-dnu-de-milei-y-le-pidio-que-envie-una-ley\/\"},\"wordCount\":343,\"publisher\":{\"@id\":\"https:\/\/apuntesdesanluis.com\/#\/schema\/person\/b55151d52296fcce64d1a72538a70b90\"},\"image\":{\"@id\":\"https:\/\/apuntesdesanluis.com\/index.php\/2023\/12\/22\/la-ucr-advirtio-que-no-acompanara-el-dnu-de-milei-y-le-pidio-que-envie-una-ley\/#primaryimage\"},\"thumbnailUrl\":\"https:\/\/apuntesdesanluis.com\/wp-content\/uploads\/2023\/12\/LOSTEAU.png\",\"articleSection\":[\"Nacionales\/Internacionales\"],\"inLanguage\":\"es-AR\"},{\"@type\":\"WebPage\",\"@id\":\"https:\/\/apuntesdesanluis.com\/index.php\/2023\/12\/22\/la-ucr-advirtio-que-no-acompanara-el-dnu-de-milei-y-le-pidio-que-envie-una-ley\/\",\"url\":\"https:\/\/apuntesdesanluis.com\/index.php\/2023\/12\/22\/la-ucr-advirtio-que-no-acompanara-el-dnu-de-milei-y-le-pidio-que-envie-una-ley\/\",\"name\":\"LA UCR ADVIRTI\u00d3 QUE NO ACOMPA\u00d1AR\u00c1 EL DNU DE MILEI Y LE PIDI\u00d3 QUE ENVIE UNA LEY - Apuntes de San Luis\",\"isPartOf\":{\"@id\":\"https:\/\/apuntesdesanluis.com\/#website\"},\"primaryImageOfPage\":{\"@id\":\"https:\/\/apuntesdesanluis.com\/index.php\/2023\/12\/22\/la-ucr-advirtio-que-no-acompanara-el-dnu-de-milei-y-le-pidio-que-envie-una-ley\/#primaryimage\"},\"image\":{\"@id\":\"https:\/\/apuntesdesanluis.com\/index.php\/2023\/12\/22\/la-ucr-advirtio-que-no-acompanara-el-dnu-de-milei-y-le-pidio-que-envie-una-ley\/#primaryimage\"},\"thumbnailUrl\":\"https:\/\/apuntesdesanluis.com\/wp-content\/uploads\/2023\/12\/LOSTEAU.png\",\"datePublished\":\"2023-12-22T03:31:50+00:00\",\"dateModified\":\"2023-12-22T03:46:01+00:00\",\"breadcrumb\":{\"@id\":\"https:\/\/apuntesdesanluis.com\/index.php\/2023\/12\/22\/la-ucr-advirtio-que-no-acompanara-el-dnu-de-milei-y-le-pidio-que-envie-una-ley\/#breadcrumb\"},\"inLanguage\":\"es-AR\",\"potentialAction\":[{\"@type\":\"ReadAction\",\"target\":[\"https:\/\/apuntesdesanluis.com\/index.php\/2023\/12\/22\/la-ucr-advirtio-que-no-acompanara-el-dnu-de-milei-y-le-pidio-que-envie-una-ley\/\"]}]},{\"@type\":\"ImageObject\",\"inLanguage\":\"es-AR\",\"@id\":\"https:\/\/apuntesdesanluis.com\/index.php\/2023\/12\/22\/la-ucr-advirtio-que-no-acompanara-el-dnu-de-milei-y-le-pidio-que-envie-una-ley\/#primaryimage\",\"url\":\"https:\/\/apuntesdesanluis.com\/wp-content\/uploads\/2023\/12\/LOSTEAU.png\",\"contentUrl\":\"https:\/\/apuntesdesanluis.com\/wp-content\/uploads\/2023\/12\/LOSTEAU.png\",\"width\":713,\"height\":421},{\"@type\":\"BreadcrumbList\",\"@id\":\"https:\/\/apuntesdesanluis.com\/index.php\/2023\/12\/22\/la-ucr-advirtio-que-no-acompanara-el-dnu-de-milei-y-le-pidio-que-envie-una-ley\/#breadcrumb\",\"itemListElement\":[{\"@type\":\"ListItem\",\"position\":1,\"name\":\"Inicio\",\"item\":\"https:\/\/apuntesdesanluis.com\/\"},{\"@type\":\"ListItem\",\"position\":2,\"name\":\"LA UCR ADVIRTI\u00d3 QUE NO ACOMPA\u00d1AR\u00c1 EL DNU DE MILEI Y LE PIDI\u00d3 QUE ENVIE UNA LEY\"}]},{\"@type\":\"WebSite\",\"@id\":\"https:\/\/apuntesdesanluis.com\/#website\",\"url\":\"https:\/\/apuntesdesanluis.com\/\",\"name\":\"Apuntes de San Luis\",\"description\":\"\",\"publisher\":{\"@id\":\"https:\/\/apuntesdesanluis.com\/#\/schema\/person\/b55151d52296fcce64d1a72538a70b90\"},\"potentialAction\":[{\"@type\":\"SearchAction\",\"target\":{\"@type\":\"EntryPoint\",\"urlTemplate\":\"https:\/\/apuntesdesanluis.com\/?s={search_term_string}\"},\"query-input\":{\"@type\":\"PropertyValueSpecification\",\"valueRequired\":true,\"valueName\":\"search_term_string\"}}],\"inLanguage\":\"es-AR\"},{\"@type\":[\"Person\",\"Organization\"],\"@id\":\"https:\/\/apuntesdesanluis.com\/#\/schema\/person\/b55151d52296fcce64d1a72538a70b90\",\"name\":\"apuntesdesanluis.com\",\"image\":{\"@type\":\"ImageObject\",\"inLanguage\":\"es-AR\",\"@id\":\"https:\/\/apuntesdesanluis.com\/#\/schema\/person\/image\/\",\"url\":\"https:\/\/apuntesdesanluis.com\/wp-content\/uploads\/2023\/07\/cropped-apuntesdesanluis.png\",\"contentUrl\":\"https:\/\/apuntesdesanluis.com\/wp-content\/uploads\/2023\/07\/cropped-apuntesdesanluis.png\",\"width\":450,\"height\":112,\"caption\":\"apuntesdesanluis.com\"},\"logo\":{\"@id\":\"https:\/\/apuntesdesanluis.com\/#\/schema\/person\/image\/\"},\"sameAs\":[\"https:\/\/apuntesdesanluis.com\"],\"url\":\"https:\/\/apuntesdesanluis.com\/index.php\/author\/apuntesdesanluis-com\/\"}]}<\/script>\n<!-- \/ Yoast SEO plugin. -->","yoast_head_json":{"title":"LA UCR ADVIRTI\u00d3 QUE NO ACOMPA\u00d1AR\u00c1 EL DNU DE MILEI Y LE PIDI\u00d3 QUE ENVIE UNA LEY - Apuntes de San Luis","robots":{"index":"index","follow":"follow","max-snippet":"max-snippet:-1","max-image-preview":"max-image-preview:large","max-video-preview":"max-video-preview:-1"},"canonical":"https:\/\/apuntesdesanluis.com\/index.php\/2023\/12\/22\/la-ucr-advirtio-que-no-acompanara-el-dnu-de-milei-y-le-pidio-que-envie-una-ley\/","og_locale":"es_ES","og_type":"article","og_title":"LA UCR ADVIRTI\u00d3 QUE NO ACOMPA\u00d1AR\u00c1 EL DNU DE MILEI Y LE PIDI\u00d3 QUE ENVIE UNA LEY - Apuntes de San Luis","og_description":"La Mesa Nacional de la Uni\u00f3n C\u00edvica Radical (UCR) que encabeza Mart\u00edn Lousteau rechaz\u00f3 el...","og_url":"https:\/\/apuntesdesanluis.com\/index.php\/2023\/12\/22\/la-ucr-advirtio-que-no-acompanara-el-dnu-de-milei-y-le-pidio-que-envie-una-ley\/","og_site_name":"Apuntes de San Luis","article_published_time":"2023-12-22T03:31:50+00:00","article_modified_time":"2023-12-22T03:46:01+00:00","og_image":[{"width":713,"height":421,"url":"https:\/\/apuntesdesanluis.com\/wp-content\/uploads\/2023\/12\/LOSTEAU.png","type":"image\/png"}],"author":"apuntesdesanluis.com","twitter_card":"summary_large_image","twitter_misc":{"Escrito por":"apuntesdesanluis.com","Tiempo de lectura":"2 minutos"},"schema":{"@context":"https:\/\/schema.org","@graph":[{"@type":"Article","@id":"https:\/\/apuntesdesanluis.com\/index.php\/2023\/12\/22\/la-ucr-advirtio-que-no-acompanara-el-dnu-de-milei-y-le-pidio-que-envie-una-ley\/#article","isPartOf":{"@id":"https:\/\/apuntesdesanluis.com\/index.php\/2023\/12\/22\/la-ucr-advirtio-que-no-acompanara-el-dnu-de-milei-y-le-pidio-que-envie-una-ley\/"},"author":{"name":"apuntesdesanluis.com","@id":"https:\/\/apuntesdesanluis.com\/#\/schema\/person\/b55151d52296fcce64d1a72538a70b90"},"headline":"LA UCR ADVIRTI\u00d3 QUE NO ACOMPA\u00d1AR\u00c1 EL DNU DE MILEI Y LE PIDI\u00d3 QUE ENVIE UNA LEY","datePublished":"2023-12-22T03:31:50+00:00","dateModified":"2023-12-22T03:46:01+00:00","mainEntityOfPage":{"@id":"https:\/\/apuntesdesanluis.com\/index.php\/2023\/12\/22\/la-ucr-advirtio-que-no-acompanara-el-dnu-de-milei-y-le-pidio-que-envie-una-ley\/"},"wordCount":343,"publisher":{"@id":"https:\/\/apuntesdesanluis.com\/#\/schema\/person\/b55151d52296fcce64d1a72538a70b90"},"image":{"@id":"https:\/\/apuntesdesanluis.com\/index.php\/2023\/12\/22\/la-ucr-advirtio-que-no-acompanara-el-dnu-de-milei-y-le-pidio-que-envie-una-ley\/#primaryimage"},"thumbnailUrl":"https:\/\/apuntesdesanluis.com\/wp-content\/uploads\/2023\/12\/LOSTEAU.png","articleSection":["Nacionales\/Internacionales"],"inLanguage":"es-AR"},{"@type":"WebPage","@id":"https:\/\/apuntesdesanluis.com\/index.php\/2023\/12\/22\/la-ucr-advirtio-que-no-acompanara-el-dnu-de-milei-y-le-pidio-que-envie-una-ley\/","url":"https:\/\/apuntesdesanluis.com\/index.php\/2023\/12\/22\/la-ucr-advirtio-que-no-acompanara-el-dnu-de-milei-y-le-pidio-que-envie-una-ley\/","name":"LA UCR ADVIRTI\u00d3 QUE NO ACOMPA\u00d1AR\u00c1 EL DNU DE MILEI Y LE PIDI\u00d3 QUE ENVIE UNA LEY - Apuntes de San Luis","isPartOf":{"@id":"https:\/\/apuntesdesanluis.com\/#website"},"primaryImageOfPage":{"@id":"https:\/\/apuntesdesanluis.com\/index.php\/2023\/12\/22\/la-ucr-advirtio-que-no-acompanara-el-dnu-de-milei-y-le-pidio-que-envie-una-ley\/#primaryimage"},"image":{"@id":"https:\/\/apuntesdesanluis.com\/index.php\/2023\/12\/22\/la-ucr-advirtio-que-no-acompanara-el-dnu-de-milei-y-le-pidio-que-envie-una-ley\/#primaryimage"},"thumbnailUrl":"https:\/\/apuntesdesanluis.com\/wp-content\/uploads\/2023\/12\/LOSTEAU.png","datePublished":"2023-12-22T03:31:50+00:00","dateModified":"2023-12-22T03:46:01+00:00","breadcrumb":{"@id":"https:\/\/apuntesdesanluis.com\/index.php\/2023\/12\/22\/la-ucr-advirtio-que-no-acompanara-el-dnu-de-milei-y-le-pidio-que-envie-una-ley\/#breadcrumb"},"inLanguage":"es-AR","potentialAction":[{"@type":"ReadAction","target":["https:\/\/apuntesdesanluis.com\/index.php\/2023\/12\/22\/la-ucr-advirtio-que-no-acompanara-el-dnu-de-milei-y-le-pidio-que-envie-una-ley\/"]}]},{"@type":"ImageObject","inLanguage":"es-AR","@id":"https:\/\/apuntesdesanluis.com\/index.php\/2023\/12\/22\/la-ucr-advirtio-que-no-acompanara-el-dnu-de-milei-y-le-pidio-que-envie-una-ley\/#primaryimage","url":"https:\/\/apuntesdesanluis.com\/wp-content\/uploads\/2023\/12\/LOSTEAU.png","contentUrl":"https:\/\/apuntesdesanluis.com\/wp-content\/uploads\/2023\/12\/LOSTEAU.png","width":713,"height":421},{"@type":"BreadcrumbList","@id":"https:\/\/apuntesdesanluis.com\/index.php\/2023\/12\/22\/la-ucr-advirtio-que-no-acompanara-el-dnu-de-milei-y-le-pidio-que-envie-una-ley\/#breadcrumb","itemListElement":[{"@type":"ListItem","position":1,"name":"Inicio","item":"https:\/\/apuntesdesanluis.com\/"},{"@type":"ListItem","position":2,"name":"LA UCR ADVIRTI\u00d3 QUE NO ACOMPA\u00d1AR\u00c1 EL DNU DE MILEI Y LE PIDI\u00d3 QUE ENVIE UNA LEY"}]},{"@type":"WebSite","@id":"https:\/\/apuntesdesanluis.com\/#website","url":"https:\/\/apuntesdesanluis.com\/","name":"Apuntes de San Luis","description":"","publisher":{"@id":"https:\/\/apuntesdesanluis.com\/#\/schema\/person\/b55151d52296fcce64d1a72538a70b90"},"potentialAction":[{"@type":"SearchAction","target":{"@type":"EntryPoint","urlTemplate":"https:\/\/apuntesdesanluis.com\/?s={search_term_string}"},"query-input":{"@type":"PropertyValueSpecification","valueRequired":true,"valueName":"search_term_string"}}],"inLanguage":"es-AR"},{"@type":["Person","Organization"],"@id":"https:\/\/apuntesdesanluis.com\/#\/schema\/person\/b55151d52296fcce64d1a72538a70b90","name":"apuntesdesanluis.com","image":{"@type":"ImageObject","inLanguage":"es-AR","@id":"https:\/\/apuntesdesanluis.com\/#\/schema\/person\/image\/","url":"https:\/\/apuntesdesanluis.com\/wp-content\/uploads\/2023\/07\/cropped-apuntesdesanluis.png","contentUrl":"https:\/\/apuntesdesanluis.com\/wp-content\/uploads\/2023\/07\/cropped-apuntesdesanluis.png","width":450,"height":112,"caption":"apuntesdesanluis.com"},"logo":{"@id":"https:\/\/apuntesdesanluis.com\/#\/schema\/person\/image\/"},"sameAs":["https:\/\/apuntesdesanluis.com"],"url":"https:\/\/apuntesdesanluis.com\/index.php\/author\/apuntesdesanluis-com\/"}]}},"featured_image_urls":{"full":["https:\/\/apuntesdesanluis.com\/wp-content\/uploads\/2023\/12\/LOSTEAU.png",713,421,false],"thumbnail":["https:\/\/apuntesdesanluis.com\/wp-content\/uploads\/2023\/12\/LOSTEAU-150x150.png",150,150,true],"medium":["https:\/\/apuntesdesanluis.com\/wp-content\/uploads\/2023\/12\/LOSTEAU-300x177.png",300,177,true],"medium_large":["https:\/\/apuntesdesanluis.com\/wp-content\/uploads\/2023\/12\/LOSTEAU.png",640,378,false],"large":["https:\/\/apuntesdesanluis.com\/wp-content\/uploads\/2023\/12\/LOSTEAU.png",640,378,false],"1536x1536":["https:\/\/apuntesdesanluis.com\/wp-content\/uploads\/2023\/12\/LOSTEAU.png",713,421,false],"2048x2048":["https:\/\/apuntesdesanluis.com\/wp-content\/uploads\/2023\/12\/LOSTEAU.png",713,421,false],"newsever-slider-full":["https:\/\/apuntesdesanluis.com\/wp-content\/uploads\/2023\/12\/LOSTEAU.png",713,421,false],"newsever-featured":["https:\/\/apuntesdesanluis.com\/wp-content\/uploads\/2023\/12\/LOSTEAU.png",713,421,false],"newsever-medium":["https:\/\/apuntesdesanluis.com\/wp-content\/uploads\/2023\/12\/LOSTEAU.png",713,421,false]},"author_info":{"display_name":"apuntesdesanluis.com","author_link":"https:\/\/apuntesdesanluis.com\/index.php\/author\/apuntesdesanluis-com\/"},"category_info":"<a href=\"https:\/\/apuntesdesanluis.com\/index.php\/category\/nacionales-internacionales\/\" rel=\"category tag\">Nacionales\/Internacionales<\/a>","tag_info":"Nacionales\/Internacionales","comment_count":"0","_links":{"self":[{"href":"https:\/\/apuntesdesanluis.com\/index.php\/wp-json\/wp\/v2\/posts\/8861","targetHints":{"allow":["GET"]}}],"collection":[{"href":"https:\/\/apuntesdesanluis.com\/index.php\/wp-json\/wp\/v2\/posts"}],"about":[{"href":"https:\/\/apuntesdesanluis.com\/index.php\/wp-json\/wp\/v2\/types\/post"}],"author":[{"embeddable":true,"href":"https:\/\/apuntesdesanluis.com\/index.php\/wp-json\/wp\/v2\/users\/1"}],"replies":[{"embeddable":true,"href":"https:\/\/apuntesdesanluis.com\/index.php\/wp-json\/wp\/v2\/comments?post=8861"}],"version-history":[{"count":3,"href":"https:\/\/apuntesdesanluis.com\/index.php\/wp-json\/wp\/v2\/posts\/8861\/revisions"}],"predecessor-version":[{"id":8876,"href":"https:\/\/apuntesdesanluis.com\/index.php\/wp-json\/wp\/v2\/posts\/8861\/revisions\/8876"}],"wp:featuredmedia":[{"embeddable":true,"href":"https:\/\/apuntesdesanluis.com\/index.php\/wp-json\/wp\/v2\/media\/8862"}],"wp:attachment":[{"href":"https:\/\/apuntesdesanluis.com\/index.php\/wp-json\/wp\/v2\/media?parent=8861"}],"wp:term":[{"taxonomy":"category","embeddable":true,"href":"https:\/\/apuntesdesanluis.com\/index.php\/wp-json\/wp\/v2\/categories?post=8861"},{"taxonomy":"post_tag","embeddable":true,"href":"https:\/\/apuntesdesanluis.com\/index.php\/wp-json\/wp\/v2\/tags?post=8861"}],"curies":[{"name":"wp","href":"https:\/\/api.w.org\/{rel}","templated":true}]}}