{"id":887,"date":"2023-08-01T08:24:54","date_gmt":"2023-08-01T11:24:54","guid":{"rendered":"https:\/\/apuntesdesanluis.com\/?p=887"},"modified":"2023-08-02T08:26:18","modified_gmt":"2023-08-02T11:26:18","slug":"la-federal-desbarato-una-banda-narco-y-detuvo-2-personas-en-villa-mercedes","status":"publish","type":"post","link":"https:\/\/apuntesdesanluis.com\/index.php\/2023\/08\/01\/la-federal-desbarato-una-banda-narco-y-detuvo-2-personas-en-villa-mercedes\/","title":{"rendered":"LA FEDERAL DESBARAT\u00d3 UNA BANDA NARCO Y DETUVO 2 PERSONAS EN VILLA MERCEDES"},"content":{"rendered":"<h3>La investigaci\u00f3n se inici\u00f3 a ra\u00edz de una denuncia an\u00f3nima en la que se indicaban varios puntos de venta de drogas. Intervinieron agentes de la Divisi\u00f3n Unidad Operativa Federal Villa Mercedes.<\/h3>\n<h3>Seg\u00fan se inform\u00f3, el fin de semana los uniformados realizaron tareas de campo durante varios d\u00edas para corroborar la denuncia, logrando establecer con precisi\u00f3n los puntos de venta de los estupefacientes.<\/h3>\n<h3>Con la informaci\u00f3n obtenida, el Juzgado Federal de Villa Mercedes orden\u00f3 el allanamiento de cinco domicilios.<\/h3>\n<p><img fetchpriority=\"high\" decoding=\"async\" class=\"wp-image-889 aligncenter\" src=\"https:\/\/apuntesdesanluis.com\/wp-content\/uploads\/2023\/08\/policia-federal-300x212.png\" alt=\"\" width=\"519\" height=\"367\" srcset=\"https:\/\/apuntesdesanluis.com\/wp-content\/uploads\/2023\/08\/policia-federal-300x212.png 300w, https:\/\/apuntesdesanluis.com\/wp-content\/uploads\/2023\/08\/policia-federal.png 669w\" sizes=\"(max-width: 519px) 100vw, 519px\" \/><\/p>\n<h3>Durante el procedimiento, realizado junto a personal de la Divisi\u00f3n Unidad Operativa Federal San Luis, fueron detenidos dos hombres mientras que otro fue identificado.<\/h3>\n<h3>Se secuestraron en total 105,9 gramos de coca\u00edna, 644 gramos de picadura de marihuana junto a varias semillas de la misma droga, dos balanzas de precisi\u00f3n, 194.900 pesos y varios tel\u00e9fonos celulares.<\/h3>\n<h3>Los detenidos, junto a los elementos secuestrados, quedaron a disposici\u00f3n del magistrado interventor por infracci\u00f3n a la Ley 23.737.<\/h3>\n","protected":false},"excerpt":{"rendered":"<p>La investigaci\u00f3n se inici\u00f3 a ra\u00edz de una denuncia an\u00f3nima en la que se indicaban&#8230;<\/p>\n","protected":false},"author":1,"featured_media":888,"comment_status":"closed","ping_status":"closed","sticky":false,"template":"","format":"standard","meta":{"footnotes":""},"categories":[6],"tags":[],"class_list":["post-887","post","type-post","status-publish","format-standard","has-post-thumbnail","hentry","category-ciudad-provincia"],"yoast_head":"<!-- This site is optimized with the Yoast SEO plugin v26.1.1 - https:\/\/yoast.com\/wordpress\/plugins\/seo\/ -->\n<title>LA FEDERAL DESBARAT\u00d3 UNA BANDA NARCO Y DETUVO 2 PERSONAS EN VILLA MERCEDES - Apuntes de San Luis<\/title>\n<meta name=\"robots\" content=\"index, follow, max-snippet:-1, max-image-preview:large, max-video-preview:-1\" \/>\n<link rel=\"canonical\" href=\"https:\/\/apuntesdesanluis.com\/index.php\/2023\/08\/01\/la-federal-desbarato-una-banda-narco-y-detuvo-2-personas-en-villa-mercedes\/\" \/>\n<meta property=\"og:locale\" content=\"es_ES\" \/>\n<meta property=\"og:type\" content=\"article\" \/>\n<meta property=\"og:title\" content=\"LA FEDERAL DESBARAT\u00d3 UNA BANDA NARCO Y DETUVO 2 PERSONAS EN VILLA MERCEDES - Apuntes de San Luis\" \/>\n<meta property=\"og:description\" content=\"La investigaci\u00f3n se inici\u00f3 a ra\u00edz de una denuncia an\u00f3nima en la que se indicaban...\" \/>\n<meta property=\"og:url\" content=\"https:\/\/apuntesdesanluis.com\/index.php\/2023\/08\/01\/la-federal-desbarato-una-banda-narco-y-detuvo-2-personas-en-villa-mercedes\/\" \/>\n<meta property=\"og:site_name\" content=\"Apuntes de San Luis\" \/>\n<meta property=\"article:published_time\" content=\"2023-08-01T11:24:54+00:00\" \/>\n<meta property=\"article:modified_time\" content=\"2023-08-02T11:26:18+00:00\" \/>\n<meta property=\"og:image\" content=\"https:\/\/apuntesdesanluis.com\/wp-content\/uploads\/2023\/08\/detenidos.png\" \/>\n\t<meta property=\"og:image:width\" content=\"500\" \/>\n\t<meta property=\"og:image:height\" content=\"305\" \/>\n\t<meta property=\"og:image:type\" content=\"image\/png\" \/>\n<meta name=\"author\" content=\"apuntesdesanluis.com\" \/>\n<meta name=\"twitter:card\" content=\"summary_large_image\" \/>\n<meta name=\"twitter:label1\" content=\"Escrito por\" \/>\n\t<meta name=\"twitter:data1\" content=\"apuntesdesanluis.com\" \/>\n\t<meta name=\"twitter:label2\" content=\"Tiempo de lectura\" \/>\n\t<meta name=\"twitter:data2\" content=\"1 minuto\" \/>\n<script type=\"application\/ld+json\" class=\"yoast-schema-graph\">{\"@context\":\"https:\/\/schema.org\",\"@graph\":[{\"@type\":\"Article\",\"@id\":\"https:\/\/apuntesdesanluis.com\/index.php\/2023\/08\/01\/la-federal-desbarato-una-banda-narco-y-detuvo-2-personas-en-villa-mercedes\/#article\",\"isPartOf\":{\"@id\":\"https:\/\/apuntesdesanluis.com\/index.php\/2023\/08\/01\/la-federal-desbarato-una-banda-narco-y-detuvo-2-personas-en-villa-mercedes\/\"},\"author\":{\"name\":\"apuntesdesanluis.com\",\"@id\":\"https:\/\/apuntesdesanluis.com\/#\/schema\/person\/b55151d52296fcce64d1a72538a70b90\"},\"headline\":\"LA FEDERAL DESBARAT\u00d3 UNA BANDA NARCO Y DETUVO 2 PERSONAS EN VILLA MERCEDES\",\"datePublished\":\"2023-08-01T11:24:54+00:00\",\"dateModified\":\"2023-08-02T11:26:18+00:00\",\"mainEntityOfPage\":{\"@id\":\"https:\/\/apuntesdesanluis.com\/index.php\/2023\/08\/01\/la-federal-desbarato-una-banda-narco-y-detuvo-2-personas-en-villa-mercedes\/\"},\"wordCount\":175,\"publisher\":{\"@id\":\"https:\/\/apuntesdesanluis.com\/#\/schema\/person\/b55151d52296fcce64d1a72538a70b90\"},\"image\":{\"@id\":\"https:\/\/apuntesdesanluis.com\/index.php\/2023\/08\/01\/la-federal-desbarato-una-banda-narco-y-detuvo-2-personas-en-villa-mercedes\/#primaryimage\"},\"thumbnailUrl\":\"https:\/\/apuntesdesanluis.com\/wp-content\/uploads\/2023\/08\/detenidos.png\",\"articleSection\":[\"Ciudad\/Provincia\"],\"inLanguage\":\"es-AR\"},{\"@type\":\"WebPage\",\"@id\":\"https:\/\/apuntesdesanluis.com\/index.php\/2023\/08\/01\/la-federal-desbarato-una-banda-narco-y-detuvo-2-personas-en-villa-mercedes\/\",\"url\":\"https:\/\/apuntesdesanluis.com\/index.php\/2023\/08\/01\/la-federal-desbarato-una-banda-narco-y-detuvo-2-personas-en-villa-mercedes\/\",\"name\":\"LA FEDERAL DESBARAT\u00d3 UNA BANDA NARCO Y DETUVO 2 PERSONAS EN VILLA MERCEDES - Apuntes de San Luis\",\"isPartOf\":{\"@id\":\"https:\/\/apuntesdesanluis.com\/#website\"},\"primaryImageOfPage\":{\"@id\":\"https:\/\/apuntesdesanluis.com\/index.php\/2023\/08\/01\/la-federal-desbarato-una-banda-narco-y-detuvo-2-personas-en-villa-mercedes\/#primaryimage\"},\"image\":{\"@id\":\"https:\/\/apuntesdesanluis.com\/index.php\/2023\/08\/01\/la-federal-desbarato-una-banda-narco-y-detuvo-2-personas-en-villa-mercedes\/#primaryimage\"},\"thumbnailUrl\":\"https:\/\/apuntesdesanluis.com\/wp-content\/uploads\/2023\/08\/detenidos.png\",\"datePublished\":\"2023-08-01T11:24:54+00:00\",\"dateModified\":\"2023-08-02T11:26:18+00:00\",\"breadcrumb\":{\"@id\":\"https:\/\/apuntesdesanluis.com\/index.php\/2023\/08\/01\/la-federal-desbarato-una-banda-narco-y-detuvo-2-personas-en-villa-mercedes\/#breadcrumb\"},\"inLanguage\":\"es-AR\",\"potentialAction\":[{\"@type\":\"ReadAction\",\"target\":[\"https:\/\/apuntesdesanluis.com\/index.php\/2023\/08\/01\/la-federal-desbarato-una-banda-narco-y-detuvo-2-personas-en-villa-mercedes\/\"]}]},{\"@type\":\"ImageObject\",\"inLanguage\":\"es-AR\",\"@id\":\"https:\/\/apuntesdesanluis.com\/index.php\/2023\/08\/01\/la-federal-desbarato-una-banda-narco-y-detuvo-2-personas-en-villa-mercedes\/#primaryimage\",\"url\":\"https:\/\/apuntesdesanluis.com\/wp-content\/uploads\/2023\/08\/detenidos.png\",\"contentUrl\":\"https:\/\/apuntesdesanluis.com\/wp-content\/uploads\/2023\/08\/detenidos.png\",\"width\":500,\"height\":305},{\"@type\":\"BreadcrumbList\",\"@id\":\"https:\/\/apuntesdesanluis.com\/index.php\/2023\/08\/01\/la-federal-desbarato-una-banda-narco-y-detuvo-2-personas-en-villa-mercedes\/#breadcrumb\",\"itemListElement\":[{\"@type\":\"ListItem\",\"position\":1,\"name\":\"Inicio\",\"item\":\"https:\/\/apuntesdesanluis.com\/\"},{\"@type\":\"ListItem\",\"position\":2,\"name\":\"LA FEDERAL DESBARAT\u00d3 UNA BANDA NARCO Y DETUVO 2 PERSONAS EN VILLA MERCEDES\"}]},{\"@type\":\"WebSite\",\"@id\":\"https:\/\/apuntesdesanluis.com\/#website\",\"url\":\"https:\/\/apuntesdesanluis.com\/\",\"name\":\"Apuntes de San Luis\",\"description\":\"\",\"publisher\":{\"@id\":\"https:\/\/apuntesdesanluis.com\/#\/schema\/person\/b55151d52296fcce64d1a72538a70b90\"},\"potentialAction\":[{\"@type\":\"SearchAction\",\"target\":{\"@type\":\"EntryPoint\",\"urlTemplate\":\"https:\/\/apuntesdesanluis.com\/?s={search_term_string}\"},\"query-input\":{\"@type\":\"PropertyValueSpecification\",\"valueRequired\":true,\"valueName\":\"search_term_string\"}}],\"inLanguage\":\"es-AR\"},{\"@type\":[\"Person\",\"Organization\"],\"@id\":\"https:\/\/apuntesdesanluis.com\/#\/schema\/person\/b55151d52296fcce64d1a72538a70b90\",\"name\":\"apuntesdesanluis.com\",\"image\":{\"@type\":\"ImageObject\",\"inLanguage\":\"es-AR\",\"@id\":\"https:\/\/apuntesdesanluis.com\/#\/schema\/person\/image\/\",\"url\":\"https:\/\/apuntesdesanluis.com\/wp-content\/uploads\/2023\/07\/cropped-apuntesdesanluis.png\",\"contentUrl\":\"https:\/\/apuntesdesanluis.com\/wp-content\/uploads\/2023\/07\/cropped-apuntesdesanluis.png\",\"width\":450,\"height\":112,\"caption\":\"apuntesdesanluis.com\"},\"logo\":{\"@id\":\"https:\/\/apuntesdesanluis.com\/#\/schema\/person\/image\/\"},\"sameAs\":[\"https:\/\/apuntesdesanluis.com\"],\"url\":\"https:\/\/apuntesdesanluis.com\/index.php\/author\/apuntesdesanluis-com\/\"}]}<\/script>\n<!-- \/ Yoast SEO plugin. -->","yoast_head_json":{"title":"LA FEDERAL DESBARAT\u00d3 UNA BANDA NARCO Y DETUVO 2 PERSONAS EN VILLA MERCEDES - Apuntes de San Luis","robots":{"index":"index","follow":"follow","max-snippet":"max-snippet:-1","max-image-preview":"max-image-preview:large","max-video-preview":"max-video-preview:-1"},"canonical":"https:\/\/apuntesdesanluis.com\/index.php\/2023\/08\/01\/la-federal-desbarato-una-banda-narco-y-detuvo-2-personas-en-villa-mercedes\/","og_locale":"es_ES","og_type":"article","og_title":"LA FEDERAL DESBARAT\u00d3 UNA BANDA NARCO Y DETUVO 2 PERSONAS EN VILLA MERCEDES - Apuntes de San Luis","og_description":"La investigaci\u00f3n se inici\u00f3 a ra\u00edz de una denuncia an\u00f3nima en la que se indicaban...","og_url":"https:\/\/apuntesdesanluis.com\/index.php\/2023\/08\/01\/la-federal-desbarato-una-banda-narco-y-detuvo-2-personas-en-villa-mercedes\/","og_site_name":"Apuntes de San Luis","article_published_time":"2023-08-01T11:24:54+00:00","article_modified_time":"2023-08-02T11:26:18+00:00","og_image":[{"width":500,"height":305,"url":"https:\/\/apuntesdesanluis.com\/wp-content\/uploads\/2023\/08\/detenidos.png","type":"image\/png"}],"author":"apuntesdesanluis.com","twitter_card":"summary_large_image","twitter_misc":{"Escrito por":"apuntesdesanluis.com","Tiempo de lectura":"1 minuto"},"schema":{"@context":"https:\/\/schema.org","@graph":[{"@type":"Article","@id":"https:\/\/apuntesdesanluis.com\/index.php\/2023\/08\/01\/la-federal-desbarato-una-banda-narco-y-detuvo-2-personas-en-villa-mercedes\/#article","isPartOf":{"@id":"https:\/\/apuntesdesanluis.com\/index.php\/2023\/08\/01\/la-federal-desbarato-una-banda-narco-y-detuvo-2-personas-en-villa-mercedes\/"},"author":{"name":"apuntesdesanluis.com","@id":"https:\/\/apuntesdesanluis.com\/#\/schema\/person\/b55151d52296fcce64d1a72538a70b90"},"headline":"LA FEDERAL DESBARAT\u00d3 UNA BANDA NARCO Y DETUVO 2 PERSONAS EN VILLA MERCEDES","datePublished":"2023-08-01T11:24:54+00:00","dateModified":"2023-08-02T11:26:18+00:00","mainEntityOfPage":{"@id":"https:\/\/apuntesdesanluis.com\/index.php\/2023\/08\/01\/la-federal-desbarato-una-banda-narco-y-detuvo-2-personas-en-villa-mercedes\/"},"wordCount":175,"publisher":{"@id":"https:\/\/apuntesdesanluis.com\/#\/schema\/person\/b55151d52296fcce64d1a72538a70b90"},"image":{"@id":"https:\/\/apuntesdesanluis.com\/index.php\/2023\/08\/01\/la-federal-desbarato-una-banda-narco-y-detuvo-2-personas-en-villa-mercedes\/#primaryimage"},"thumbnailUrl":"https:\/\/apuntesdesanluis.com\/wp-content\/uploads\/2023\/08\/detenidos.png","articleSection":["Ciudad\/Provincia"],"inLanguage":"es-AR"},{"@type":"WebPage","@id":"https:\/\/apuntesdesanluis.com\/index.php\/2023\/08\/01\/la-federal-desbarato-una-banda-narco-y-detuvo-2-personas-en-villa-mercedes\/","url":"https:\/\/apuntesdesanluis.com\/index.php\/2023\/08\/01\/la-federal-desbarato-una-banda-narco-y-detuvo-2-personas-en-villa-mercedes\/","name":"LA FEDERAL DESBARAT\u00d3 UNA BANDA NARCO Y DETUVO 2 PERSONAS EN VILLA MERCEDES - Apuntes de San Luis","isPartOf":{"@id":"https:\/\/apuntesdesanluis.com\/#website"},"primaryImageOfPage":{"@id":"https:\/\/apuntesdesanluis.com\/index.php\/2023\/08\/01\/la-federal-desbarato-una-banda-narco-y-detuvo-2-personas-en-villa-mercedes\/#primaryimage"},"image":{"@id":"https:\/\/apuntesdesanluis.com\/index.php\/2023\/08\/01\/la-federal-desbarato-una-banda-narco-y-detuvo-2-personas-en-villa-mercedes\/#primaryimage"},"thumbnailUrl":"https:\/\/apuntesdesanluis.com\/wp-content\/uploads\/2023\/08\/detenidos.png","datePublished":"2023-08-01T11:24:54+00:00","dateModified":"2023-08-02T11:26:18+00:00","breadcrumb":{"@id":"https:\/\/apuntesdesanluis.com\/index.php\/2023\/08\/01\/la-federal-desbarato-una-banda-narco-y-detuvo-2-personas-en-villa-mercedes\/#breadcrumb"},"inLanguage":"es-AR","potentialAction":[{"@type":"ReadAction","target":["https:\/\/apuntesdesanluis.com\/index.php\/2023\/08\/01\/la-federal-desbarato-una-banda-narco-y-detuvo-2-personas-en-villa-mercedes\/"]}]},{"@type":"ImageObject","inLanguage":"es-AR","@id":"https:\/\/apuntesdesanluis.com\/index.php\/2023\/08\/01\/la-federal-desbarato-una-banda-narco-y-detuvo-2-personas-en-villa-mercedes\/#primaryimage","url":"https:\/\/apuntesdesanluis.com\/wp-content\/uploads\/2023\/08\/detenidos.png","contentUrl":"https:\/\/apuntesdesanluis.com\/wp-content\/uploads\/2023\/08\/detenidos.png","width":500,"height":305},{"@type":"BreadcrumbList","@id":"https:\/\/apuntesdesanluis.com\/index.php\/2023\/08\/01\/la-federal-desbarato-una-banda-narco-y-detuvo-2-personas-en-villa-mercedes\/#breadcrumb","itemListElement":[{"@type":"ListItem","position":1,"name":"Inicio","item":"https:\/\/apuntesdesanluis.com\/"},{"@type":"ListItem","position":2,"name":"LA FEDERAL DESBARAT\u00d3 UNA BANDA NARCO Y DETUVO 2 PERSONAS EN VILLA MERCEDES"}]},{"@type":"WebSite","@id":"https:\/\/apuntesdesanluis.com\/#website","url":"https:\/\/apuntesdesanluis.com\/","name":"Apuntes de San Luis","description":"","publisher":{"@id":"https:\/\/apuntesdesanluis.com\/#\/schema\/person\/b55151d52296fcce64d1a72538a70b90"},"potentialAction":[{"@type":"SearchAction","target":{"@type":"EntryPoint","urlTemplate":"https:\/\/apuntesdesanluis.com\/?s={search_term_string}"},"query-input":{"@type":"PropertyValueSpecification","valueRequired":true,"valueName":"search_term_string"}}],"inLanguage":"es-AR"},{"@type":["Person","Organization"],"@id":"https:\/\/apuntesdesanluis.com\/#\/schema\/person\/b55151d52296fcce64d1a72538a70b90","name":"apuntesdesanluis.com","image":{"@type":"ImageObject","inLanguage":"es-AR","@id":"https:\/\/apuntesdesanluis.com\/#\/schema\/person\/image\/","url":"https:\/\/apuntesdesanluis.com\/wp-content\/uploads\/2023\/07\/cropped-apuntesdesanluis.png","contentUrl":"https:\/\/apuntesdesanluis.com\/wp-content\/uploads\/2023\/07\/cropped-apuntesdesanluis.png","width":450,"height":112,"caption":"apuntesdesanluis.com"},"logo":{"@id":"https:\/\/apuntesdesanluis.com\/#\/schema\/person\/image\/"},"sameAs":["https:\/\/apuntesdesanluis.com"],"url":"https:\/\/apuntesdesanluis.com\/index.php\/author\/apuntesdesanluis-com\/"}]}},"featured_image_urls":{"full":["https:\/\/apuntesdesanluis.com\/wp-content\/uploads\/2023\/08\/detenidos.png",500,305,false],"thumbnail":["https:\/\/apuntesdesanluis.com\/wp-content\/uploads\/2023\/08\/detenidos-150x150.png",150,150,true],"medium":["https:\/\/apuntesdesanluis.com\/wp-content\/uploads\/2023\/08\/detenidos-300x183.png",300,183,true],"medium_large":["https:\/\/apuntesdesanluis.com\/wp-content\/uploads\/2023\/08\/detenidos.png",500,305,false],"large":["https:\/\/apuntesdesanluis.com\/wp-content\/uploads\/2023\/08\/detenidos.png",500,305,false],"1536x1536":["https:\/\/apuntesdesanluis.com\/wp-content\/uploads\/2023\/08\/detenidos.png",500,305,false],"2048x2048":["https:\/\/apuntesdesanluis.com\/wp-content\/uploads\/2023\/08\/detenidos.png",500,305,false],"newsever-slider-full":["https:\/\/apuntesdesanluis.com\/wp-content\/uploads\/2023\/08\/detenidos.png",500,305,false],"newsever-featured":["https:\/\/apuntesdesanluis.com\/wp-content\/uploads\/2023\/08\/detenidos.png",500,305,false],"newsever-medium":["https:\/\/apuntesdesanluis.com\/wp-content\/uploads\/2023\/08\/detenidos.png",500,305,false]},"author_info":{"display_name":"apuntesdesanluis.com","author_link":"https:\/\/apuntesdesanluis.com\/index.php\/author\/apuntesdesanluis-com\/"},"category_info":"<a href=\"https:\/\/apuntesdesanluis.com\/index.php\/category\/ciudad-provincia\/\" rel=\"category tag\">Ciudad\/Provincia<\/a>","tag_info":"Ciudad\/Provincia","comment_count":"0","_links":{"self":[{"href":"https:\/\/apuntesdesanluis.com\/index.php\/wp-json\/wp\/v2\/posts\/887","targetHints":{"allow":["GET"]}}],"collection":[{"href":"https:\/\/apuntesdesanluis.com\/index.php\/wp-json\/wp\/v2\/posts"}],"about":[{"href":"https:\/\/apuntesdesanluis.com\/index.php\/wp-json\/wp\/v2\/types\/post"}],"author":[{"embeddable":true,"href":"https:\/\/apuntesdesanluis.com\/index.php\/wp-json\/wp\/v2\/users\/1"}],"replies":[{"embeddable":true,"href":"https:\/\/apuntesdesanluis.com\/index.php\/wp-json\/wp\/v2\/comments?post=887"}],"version-history":[{"count":3,"href":"https:\/\/apuntesdesanluis.com\/index.php\/wp-json\/wp\/v2\/posts\/887\/revisions"}],"predecessor-version":[{"id":892,"href":"https:\/\/apuntesdesanluis.com\/index.php\/wp-json\/wp\/v2\/posts\/887\/revisions\/892"}],"wp:featuredmedia":[{"embeddable":true,"href":"https:\/\/apuntesdesanluis.com\/index.php\/wp-json\/wp\/v2\/media\/888"}],"wp:attachment":[{"href":"https:\/\/apuntesdesanluis.com\/index.php\/wp-json\/wp\/v2\/media?parent=887"}],"wp:term":[{"taxonomy":"category","embeddable":true,"href":"https:\/\/apuntesdesanluis.com\/index.php\/wp-json\/wp\/v2\/categories?post=887"},{"taxonomy":"post_tag","embeddable":true,"href":"https:\/\/apuntesdesanluis.com\/index.php\/wp-json\/wp\/v2\/tags?post=887"}],"curies":[{"name":"wp","href":"https:\/\/api.w.org\/{rel}","templated":true}]}}