{"id":8888,"date":"2023-12-22T14:14:17","date_gmt":"2023-12-22T17:14:17","guid":{"rendered":"https:\/\/apuntesdesanluis.com\/?p=8888"},"modified":"2023-12-22T14:14:57","modified_gmt":"2023-12-22T17:14:57","slug":"al-centro-de-equinoterapia-de-la-pedrera-le-quedo-un-solo-caballo","status":"publish","type":"post","link":"https:\/\/apuntesdesanluis.com\/index.php\/2023\/12\/22\/al-centro-de-equinoterapia-de-la-pedrera-le-quedo-un-solo-caballo\/","title":{"rendered":"AL CENTRO DE EQUINOTERAPIA DE LA PEDRERA LE QUED\u00d3 UN SOLO CABALLO"},"content":{"rendered":"<h4>Desaparecieron los otros ocho que estaban en el predio, lo que perjudica seriamente la atenci\u00f3n de las aproximadamente 50 personas que en forma regular reciben terapia en el lugar.<\/h4>\n<h4>Se investigan las maniobras utilizadas por la gesti\u00f3n anterior para el vaciamiento del centro, ya que ese \u00fanico animal, adem\u00e1s, s\u00f3lo sirve para que los ni\u00f1os m\u00e1s chicos tengan el primer contacto.<\/h4>\n<h4>A lo ya informado por el gobernador <strong>Claudio Poggi<\/strong> este jueves en relaci\u00f3n a la desaparici\u00f3n de 58 caballos del Centro H\u00edpico y Escuela Provincial de Equinoterapia de Terrazas del Portezuelo, que qued\u00f3 con apenas 10 animales, se sum\u00f3 este viernes el dato de que <strong>La Pedrera<\/strong> cuenta solo con uno de los nueve originales y no est\u00e1 apto para brindar tratamiento.<\/h4>\n<h4>Este caballo se llama Vainilla, fue donado al Centro y no est\u00e1 capacitado para atender personas con discapacidad, s\u00f3lo ni\u00f1os que reci\u00e9n se inician para tomar contacto con los animales. As\u00ed que no hay equinos disponibles para atender a unos 50 usuarios que regularmente asisten al lugar para recibir terapia. Son ni\u00f1os, adultos y adultos mayores lo que se ven perjudicados por esta situaci\u00f3n. La cantidad de caballos con los que contaba el Centro era de nueve, de los cuales dos pertenec\u00edan al lugar y siete a la Polic\u00eda Montada, seg\u00fan informaci\u00f3n recabada por la Secretar\u00eda de Personas con Discapacidad.<\/h4>\n<h4>Del total, ocho caballos hab\u00edan sido trasladados a la ciudad de San Luis los primeros d\u00edas de diciembre, y cuando el personal del centro consult\u00f3 los motivos, les explicaron que era \u201cpor un tema de inventario, log\u00edstica y alimentaci\u00f3n\u201d. Lo cierto es que no se supo nada m\u00e1s del paradero de esos equinos.<\/h4>\n<h4>En cuanto a la parte de mobiliario, la que ser\u00e1 la sede de la Secretar\u00eda de Personas con Discapacidad deber\u00e1 reorganizarse porque apenas cuenta con un escritorio, una computadora, un celular y unos pocos muebles m\u00e1s en un ambiente desolador y descuidado, que da a entender que all\u00ed hab\u00eda otro de los tantos nichos de corrupci\u00f3n que dej\u00f3 el gobierno anterior.<\/h4>\n<p>&nbsp;<\/p>\n<p>&nbsp;<\/p>\n<p>&nbsp;<\/p>\n<p>&nbsp;<\/p>\n","protected":false},"excerpt":{"rendered":"<p>Desaparecieron los otros ocho que estaban en el predio, lo que perjudica seriamente la atenci\u00f3n&#8230;<\/p>\n","protected":false},"author":1,"featured_media":8889,"comment_status":"closed","ping_status":"closed","sticky":false,"template":"","format":"standard","meta":{"footnotes":""},"categories":[6],"tags":[],"class_list":["post-8888","post","type-post","status-publish","format-standard","has-post-thumbnail","hentry","category-ciudad-provincia"],"yoast_head":"<!-- This site is optimized with the Yoast SEO plugin v26.1.1 - https:\/\/yoast.com\/wordpress\/plugins\/seo\/ -->\n<title>AL CENTRO DE EQUINOTERAPIA DE LA PEDRERA LE QUED\u00d3 UN SOLO CABALLO - Apuntes de San Luis<\/title>\n<meta name=\"robots\" content=\"index, follow, max-snippet:-1, max-image-preview:large, max-video-preview:-1\" \/>\n<link rel=\"canonical\" href=\"https:\/\/apuntesdesanluis.com\/index.php\/2023\/12\/22\/al-centro-de-equinoterapia-de-la-pedrera-le-quedo-un-solo-caballo\/\" \/>\n<meta property=\"og:locale\" content=\"es_ES\" \/>\n<meta property=\"og:type\" content=\"article\" \/>\n<meta property=\"og:title\" content=\"AL CENTRO DE EQUINOTERAPIA DE LA PEDRERA LE QUED\u00d3 UN SOLO CABALLO - Apuntes de San Luis\" \/>\n<meta property=\"og:description\" content=\"Desaparecieron los otros ocho que estaban en el predio, lo que perjudica seriamente la atenci\u00f3n...\" \/>\n<meta property=\"og:url\" content=\"https:\/\/apuntesdesanluis.com\/index.php\/2023\/12\/22\/al-centro-de-equinoterapia-de-la-pedrera-le-quedo-un-solo-caballo\/\" \/>\n<meta property=\"og:site_name\" content=\"Apuntes de San Luis\" \/>\n<meta property=\"article:published_time\" content=\"2023-12-22T17:14:17+00:00\" \/>\n<meta property=\"article:modified_time\" content=\"2023-12-22T17:14:57+00:00\" \/>\n<meta property=\"og:image\" content=\"https:\/\/apuntesdesanluis.com\/wp-content\/uploads\/2023\/12\/CABALLO-LA-PEDRERA.png\" \/>\n\t<meta property=\"og:image:width\" content=\"506\" \/>\n\t<meta property=\"og:image:height\" content=\"353\" \/>\n\t<meta property=\"og:image:type\" content=\"image\/png\" \/>\n<meta name=\"author\" content=\"apuntesdesanluis.com\" \/>\n<meta name=\"twitter:card\" content=\"summary_large_image\" \/>\n<meta name=\"twitter:label1\" content=\"Escrito por\" \/>\n\t<meta name=\"twitter:data1\" content=\"apuntesdesanluis.com\" \/>\n\t<meta name=\"twitter:label2\" content=\"Tiempo de lectura\" \/>\n\t<meta name=\"twitter:data2\" content=\"2 minutos\" \/>\n<script type=\"application\/ld+json\" class=\"yoast-schema-graph\">{\"@context\":\"https:\/\/schema.org\",\"@graph\":[{\"@type\":\"Article\",\"@id\":\"https:\/\/apuntesdesanluis.com\/index.php\/2023\/12\/22\/al-centro-de-equinoterapia-de-la-pedrera-le-quedo-un-solo-caballo\/#article\",\"isPartOf\":{\"@id\":\"https:\/\/apuntesdesanluis.com\/index.php\/2023\/12\/22\/al-centro-de-equinoterapia-de-la-pedrera-le-quedo-un-solo-caballo\/\"},\"author\":{\"name\":\"apuntesdesanluis.com\",\"@id\":\"https:\/\/apuntesdesanluis.com\/#\/schema\/person\/b55151d52296fcce64d1a72538a70b90\"},\"headline\":\"AL CENTRO DE EQUINOTERAPIA DE LA PEDRERA LE QUED\u00d3 UN SOLO CABALLO\",\"datePublished\":\"2023-12-22T17:14:17+00:00\",\"dateModified\":\"2023-12-22T17:14:57+00:00\",\"mainEntityOfPage\":{\"@id\":\"https:\/\/apuntesdesanluis.com\/index.php\/2023\/12\/22\/al-centro-de-equinoterapia-de-la-pedrera-le-quedo-un-solo-caballo\/\"},\"wordCount\":377,\"publisher\":{\"@id\":\"https:\/\/apuntesdesanluis.com\/#\/schema\/person\/b55151d52296fcce64d1a72538a70b90\"},\"image\":{\"@id\":\"https:\/\/apuntesdesanluis.com\/index.php\/2023\/12\/22\/al-centro-de-equinoterapia-de-la-pedrera-le-quedo-un-solo-caballo\/#primaryimage\"},\"thumbnailUrl\":\"https:\/\/apuntesdesanluis.com\/wp-content\/uploads\/2023\/12\/CABALLO-LA-PEDRERA.png\",\"articleSection\":[\"Ciudad\/Provincia\"],\"inLanguage\":\"es-AR\"},{\"@type\":\"WebPage\",\"@id\":\"https:\/\/apuntesdesanluis.com\/index.php\/2023\/12\/22\/al-centro-de-equinoterapia-de-la-pedrera-le-quedo-un-solo-caballo\/\",\"url\":\"https:\/\/apuntesdesanluis.com\/index.php\/2023\/12\/22\/al-centro-de-equinoterapia-de-la-pedrera-le-quedo-un-solo-caballo\/\",\"name\":\"AL CENTRO DE EQUINOTERAPIA DE LA PEDRERA LE QUED\u00d3 UN SOLO CABALLO - Apuntes de San Luis\",\"isPartOf\":{\"@id\":\"https:\/\/apuntesdesanluis.com\/#website\"},\"primaryImageOfPage\":{\"@id\":\"https:\/\/apuntesdesanluis.com\/index.php\/2023\/12\/22\/al-centro-de-equinoterapia-de-la-pedrera-le-quedo-un-solo-caballo\/#primaryimage\"},\"image\":{\"@id\":\"https:\/\/apuntesdesanluis.com\/index.php\/2023\/12\/22\/al-centro-de-equinoterapia-de-la-pedrera-le-quedo-un-solo-caballo\/#primaryimage\"},\"thumbnailUrl\":\"https:\/\/apuntesdesanluis.com\/wp-content\/uploads\/2023\/12\/CABALLO-LA-PEDRERA.png\",\"datePublished\":\"2023-12-22T17:14:17+00:00\",\"dateModified\":\"2023-12-22T17:14:57+00:00\",\"breadcrumb\":{\"@id\":\"https:\/\/apuntesdesanluis.com\/index.php\/2023\/12\/22\/al-centro-de-equinoterapia-de-la-pedrera-le-quedo-un-solo-caballo\/#breadcrumb\"},\"inLanguage\":\"es-AR\",\"potentialAction\":[{\"@type\":\"ReadAction\",\"target\":[\"https:\/\/apuntesdesanluis.com\/index.php\/2023\/12\/22\/al-centro-de-equinoterapia-de-la-pedrera-le-quedo-un-solo-caballo\/\"]}]},{\"@type\":\"ImageObject\",\"inLanguage\":\"es-AR\",\"@id\":\"https:\/\/apuntesdesanluis.com\/index.php\/2023\/12\/22\/al-centro-de-equinoterapia-de-la-pedrera-le-quedo-un-solo-caballo\/#primaryimage\",\"url\":\"https:\/\/apuntesdesanluis.com\/wp-content\/uploads\/2023\/12\/CABALLO-LA-PEDRERA.png\",\"contentUrl\":\"https:\/\/apuntesdesanluis.com\/wp-content\/uploads\/2023\/12\/CABALLO-LA-PEDRERA.png\",\"width\":506,\"height\":353},{\"@type\":\"BreadcrumbList\",\"@id\":\"https:\/\/apuntesdesanluis.com\/index.php\/2023\/12\/22\/al-centro-de-equinoterapia-de-la-pedrera-le-quedo-un-solo-caballo\/#breadcrumb\",\"itemListElement\":[{\"@type\":\"ListItem\",\"position\":1,\"name\":\"Inicio\",\"item\":\"https:\/\/apuntesdesanluis.com\/\"},{\"@type\":\"ListItem\",\"position\":2,\"name\":\"AL CENTRO DE EQUINOTERAPIA DE LA PEDRERA LE QUED\u00d3 UN SOLO CABALLO\"}]},{\"@type\":\"WebSite\",\"@id\":\"https:\/\/apuntesdesanluis.com\/#website\",\"url\":\"https:\/\/apuntesdesanluis.com\/\",\"name\":\"Apuntes de San Luis\",\"description\":\"\",\"publisher\":{\"@id\":\"https:\/\/apuntesdesanluis.com\/#\/schema\/person\/b55151d52296fcce64d1a72538a70b90\"},\"potentialAction\":[{\"@type\":\"SearchAction\",\"target\":{\"@type\":\"EntryPoint\",\"urlTemplate\":\"https:\/\/apuntesdesanluis.com\/?s={search_term_string}\"},\"query-input\":{\"@type\":\"PropertyValueSpecification\",\"valueRequired\":true,\"valueName\":\"search_term_string\"}}],\"inLanguage\":\"es-AR\"},{\"@type\":[\"Person\",\"Organization\"],\"@id\":\"https:\/\/apuntesdesanluis.com\/#\/schema\/person\/b55151d52296fcce64d1a72538a70b90\",\"name\":\"apuntesdesanluis.com\",\"image\":{\"@type\":\"ImageObject\",\"inLanguage\":\"es-AR\",\"@id\":\"https:\/\/apuntesdesanluis.com\/#\/schema\/person\/image\/\",\"url\":\"https:\/\/apuntesdesanluis.com\/wp-content\/uploads\/2023\/07\/cropped-apuntesdesanluis.png\",\"contentUrl\":\"https:\/\/apuntesdesanluis.com\/wp-content\/uploads\/2023\/07\/cropped-apuntesdesanluis.png\",\"width\":450,\"height\":112,\"caption\":\"apuntesdesanluis.com\"},\"logo\":{\"@id\":\"https:\/\/apuntesdesanluis.com\/#\/schema\/person\/image\/\"},\"sameAs\":[\"https:\/\/apuntesdesanluis.com\"],\"url\":\"https:\/\/apuntesdesanluis.com\/index.php\/author\/apuntesdesanluis-com\/\"}]}<\/script>\n<!-- \/ Yoast SEO plugin. -->","yoast_head_json":{"title":"AL CENTRO DE EQUINOTERAPIA DE LA PEDRERA LE QUED\u00d3 UN SOLO CABALLO - Apuntes de San Luis","robots":{"index":"index","follow":"follow","max-snippet":"max-snippet:-1","max-image-preview":"max-image-preview:large","max-video-preview":"max-video-preview:-1"},"canonical":"https:\/\/apuntesdesanluis.com\/index.php\/2023\/12\/22\/al-centro-de-equinoterapia-de-la-pedrera-le-quedo-un-solo-caballo\/","og_locale":"es_ES","og_type":"article","og_title":"AL CENTRO DE EQUINOTERAPIA DE LA PEDRERA LE QUED\u00d3 UN SOLO CABALLO - Apuntes de San Luis","og_description":"Desaparecieron los otros ocho que estaban en el predio, lo que perjudica seriamente la atenci\u00f3n...","og_url":"https:\/\/apuntesdesanluis.com\/index.php\/2023\/12\/22\/al-centro-de-equinoterapia-de-la-pedrera-le-quedo-un-solo-caballo\/","og_site_name":"Apuntes de San Luis","article_published_time":"2023-12-22T17:14:17+00:00","article_modified_time":"2023-12-22T17:14:57+00:00","og_image":[{"width":506,"height":353,"url":"https:\/\/apuntesdesanluis.com\/wp-content\/uploads\/2023\/12\/CABALLO-LA-PEDRERA.png","type":"image\/png"}],"author":"apuntesdesanluis.com","twitter_card":"summary_large_image","twitter_misc":{"Escrito por":"apuntesdesanluis.com","Tiempo de lectura":"2 minutos"},"schema":{"@context":"https:\/\/schema.org","@graph":[{"@type":"Article","@id":"https:\/\/apuntesdesanluis.com\/index.php\/2023\/12\/22\/al-centro-de-equinoterapia-de-la-pedrera-le-quedo-un-solo-caballo\/#article","isPartOf":{"@id":"https:\/\/apuntesdesanluis.com\/index.php\/2023\/12\/22\/al-centro-de-equinoterapia-de-la-pedrera-le-quedo-un-solo-caballo\/"},"author":{"name":"apuntesdesanluis.com","@id":"https:\/\/apuntesdesanluis.com\/#\/schema\/person\/b55151d52296fcce64d1a72538a70b90"},"headline":"AL CENTRO DE EQUINOTERAPIA DE LA PEDRERA LE QUED\u00d3 UN SOLO CABALLO","datePublished":"2023-12-22T17:14:17+00:00","dateModified":"2023-12-22T17:14:57+00:00","mainEntityOfPage":{"@id":"https:\/\/apuntesdesanluis.com\/index.php\/2023\/12\/22\/al-centro-de-equinoterapia-de-la-pedrera-le-quedo-un-solo-caballo\/"},"wordCount":377,"publisher":{"@id":"https:\/\/apuntesdesanluis.com\/#\/schema\/person\/b55151d52296fcce64d1a72538a70b90"},"image":{"@id":"https:\/\/apuntesdesanluis.com\/index.php\/2023\/12\/22\/al-centro-de-equinoterapia-de-la-pedrera-le-quedo-un-solo-caballo\/#primaryimage"},"thumbnailUrl":"https:\/\/apuntesdesanluis.com\/wp-content\/uploads\/2023\/12\/CABALLO-LA-PEDRERA.png","articleSection":["Ciudad\/Provincia"],"inLanguage":"es-AR"},{"@type":"WebPage","@id":"https:\/\/apuntesdesanluis.com\/index.php\/2023\/12\/22\/al-centro-de-equinoterapia-de-la-pedrera-le-quedo-un-solo-caballo\/","url":"https:\/\/apuntesdesanluis.com\/index.php\/2023\/12\/22\/al-centro-de-equinoterapia-de-la-pedrera-le-quedo-un-solo-caballo\/","name":"AL CENTRO DE EQUINOTERAPIA DE LA PEDRERA LE QUED\u00d3 UN SOLO CABALLO - Apuntes de San Luis","isPartOf":{"@id":"https:\/\/apuntesdesanluis.com\/#website"},"primaryImageOfPage":{"@id":"https:\/\/apuntesdesanluis.com\/index.php\/2023\/12\/22\/al-centro-de-equinoterapia-de-la-pedrera-le-quedo-un-solo-caballo\/#primaryimage"},"image":{"@id":"https:\/\/apuntesdesanluis.com\/index.php\/2023\/12\/22\/al-centro-de-equinoterapia-de-la-pedrera-le-quedo-un-solo-caballo\/#primaryimage"},"thumbnailUrl":"https:\/\/apuntesdesanluis.com\/wp-content\/uploads\/2023\/12\/CABALLO-LA-PEDRERA.png","datePublished":"2023-12-22T17:14:17+00:00","dateModified":"2023-12-22T17:14:57+00:00","breadcrumb":{"@id":"https:\/\/apuntesdesanluis.com\/index.php\/2023\/12\/22\/al-centro-de-equinoterapia-de-la-pedrera-le-quedo-un-solo-caballo\/#breadcrumb"},"inLanguage":"es-AR","potentialAction":[{"@type":"ReadAction","target":["https:\/\/apuntesdesanluis.com\/index.php\/2023\/12\/22\/al-centro-de-equinoterapia-de-la-pedrera-le-quedo-un-solo-caballo\/"]}]},{"@type":"ImageObject","inLanguage":"es-AR","@id":"https:\/\/apuntesdesanluis.com\/index.php\/2023\/12\/22\/al-centro-de-equinoterapia-de-la-pedrera-le-quedo-un-solo-caballo\/#primaryimage","url":"https:\/\/apuntesdesanluis.com\/wp-content\/uploads\/2023\/12\/CABALLO-LA-PEDRERA.png","contentUrl":"https:\/\/apuntesdesanluis.com\/wp-content\/uploads\/2023\/12\/CABALLO-LA-PEDRERA.png","width":506,"height":353},{"@type":"BreadcrumbList","@id":"https:\/\/apuntesdesanluis.com\/index.php\/2023\/12\/22\/al-centro-de-equinoterapia-de-la-pedrera-le-quedo-un-solo-caballo\/#breadcrumb","itemListElement":[{"@type":"ListItem","position":1,"name":"Inicio","item":"https:\/\/apuntesdesanluis.com\/"},{"@type":"ListItem","position":2,"name":"AL CENTRO DE EQUINOTERAPIA DE LA PEDRERA LE QUED\u00d3 UN SOLO CABALLO"}]},{"@type":"WebSite","@id":"https:\/\/apuntesdesanluis.com\/#website","url":"https:\/\/apuntesdesanluis.com\/","name":"Apuntes de San Luis","description":"","publisher":{"@id":"https:\/\/apuntesdesanluis.com\/#\/schema\/person\/b55151d52296fcce64d1a72538a70b90"},"potentialAction":[{"@type":"SearchAction","target":{"@type":"EntryPoint","urlTemplate":"https:\/\/apuntesdesanluis.com\/?s={search_term_string}"},"query-input":{"@type":"PropertyValueSpecification","valueRequired":true,"valueName":"search_term_string"}}],"inLanguage":"es-AR"},{"@type":["Person","Organization"],"@id":"https:\/\/apuntesdesanluis.com\/#\/schema\/person\/b55151d52296fcce64d1a72538a70b90","name":"apuntesdesanluis.com","image":{"@type":"ImageObject","inLanguage":"es-AR","@id":"https:\/\/apuntesdesanluis.com\/#\/schema\/person\/image\/","url":"https:\/\/apuntesdesanluis.com\/wp-content\/uploads\/2023\/07\/cropped-apuntesdesanluis.png","contentUrl":"https:\/\/apuntesdesanluis.com\/wp-content\/uploads\/2023\/07\/cropped-apuntesdesanluis.png","width":450,"height":112,"caption":"apuntesdesanluis.com"},"logo":{"@id":"https:\/\/apuntesdesanluis.com\/#\/schema\/person\/image\/"},"sameAs":["https:\/\/apuntesdesanluis.com"],"url":"https:\/\/apuntesdesanluis.com\/index.php\/author\/apuntesdesanluis-com\/"}]}},"featured_image_urls":{"full":["https:\/\/apuntesdesanluis.com\/wp-content\/uploads\/2023\/12\/CABALLO-LA-PEDRERA.png",506,353,false],"thumbnail":["https:\/\/apuntesdesanluis.com\/wp-content\/uploads\/2023\/12\/CABALLO-LA-PEDRERA-150x150.png",150,150,true],"medium":["https:\/\/apuntesdesanluis.com\/wp-content\/uploads\/2023\/12\/CABALLO-LA-PEDRERA-300x209.png",300,209,true],"medium_large":["https:\/\/apuntesdesanluis.com\/wp-content\/uploads\/2023\/12\/CABALLO-LA-PEDRERA.png",506,353,false],"large":["https:\/\/apuntesdesanluis.com\/wp-content\/uploads\/2023\/12\/CABALLO-LA-PEDRERA.png",506,353,false],"1536x1536":["https:\/\/apuntesdesanluis.com\/wp-content\/uploads\/2023\/12\/CABALLO-LA-PEDRERA.png",506,353,false],"2048x2048":["https:\/\/apuntesdesanluis.com\/wp-content\/uploads\/2023\/12\/CABALLO-LA-PEDRERA.png",506,353,false],"newsever-slider-full":["https:\/\/apuntesdesanluis.com\/wp-content\/uploads\/2023\/12\/CABALLO-LA-PEDRERA.png",506,353,false],"newsever-featured":["https:\/\/apuntesdesanluis.com\/wp-content\/uploads\/2023\/12\/CABALLO-LA-PEDRERA.png",506,353,false],"newsever-medium":["https:\/\/apuntesdesanluis.com\/wp-content\/uploads\/2023\/12\/CABALLO-LA-PEDRERA.png",506,353,false]},"author_info":{"display_name":"apuntesdesanluis.com","author_link":"https:\/\/apuntesdesanluis.com\/index.php\/author\/apuntesdesanluis-com\/"},"category_info":"<a href=\"https:\/\/apuntesdesanluis.com\/index.php\/category\/ciudad-provincia\/\" rel=\"category tag\">Ciudad\/Provincia<\/a>","tag_info":"Ciudad\/Provincia","comment_count":"0","_links":{"self":[{"href":"https:\/\/apuntesdesanluis.com\/index.php\/wp-json\/wp\/v2\/posts\/8888","targetHints":{"allow":["GET"]}}],"collection":[{"href":"https:\/\/apuntesdesanluis.com\/index.php\/wp-json\/wp\/v2\/posts"}],"about":[{"href":"https:\/\/apuntesdesanluis.com\/index.php\/wp-json\/wp\/v2\/types\/post"}],"author":[{"embeddable":true,"href":"https:\/\/apuntesdesanluis.com\/index.php\/wp-json\/wp\/v2\/users\/1"}],"replies":[{"embeddable":true,"href":"https:\/\/apuntesdesanluis.com\/index.php\/wp-json\/wp\/v2\/comments?post=8888"}],"version-history":[{"count":2,"href":"https:\/\/apuntesdesanluis.com\/index.php\/wp-json\/wp\/v2\/posts\/8888\/revisions"}],"predecessor-version":[{"id":8891,"href":"https:\/\/apuntesdesanluis.com\/index.php\/wp-json\/wp\/v2\/posts\/8888\/revisions\/8891"}],"wp:featuredmedia":[{"embeddable":true,"href":"https:\/\/apuntesdesanluis.com\/index.php\/wp-json\/wp\/v2\/media\/8889"}],"wp:attachment":[{"href":"https:\/\/apuntesdesanluis.com\/index.php\/wp-json\/wp\/v2\/media?parent=8888"}],"wp:term":[{"taxonomy":"category","embeddable":true,"href":"https:\/\/apuntesdesanluis.com\/index.php\/wp-json\/wp\/v2\/categories?post=8888"},{"taxonomy":"post_tag","embeddable":true,"href":"https:\/\/apuntesdesanluis.com\/index.php\/wp-json\/wp\/v2\/tags?post=8888"}],"curies":[{"name":"wp","href":"https:\/\/api.w.org\/{rel}","templated":true}]}}